{"id":7216,"date":"2020-08-28T07:47:15","date_gmt":"2020-08-28T05:47:15","guid":{"rendered":"https:\/\/lamostradevalencia.com\/?p=7216"},"modified":"2020-08-28T07:49:29","modified_gmt":"2020-08-28T05:49:29","slug":"mostra-de-valencia-announces-their-first-films-in-competition","status":"publish","type":"post","link":"https:\/\/lamostradevalencia.com\/en\/mostra-de-valencia-announces-their-first-films-in-competition\/","title":{"rendered":"MOSTRA DE VAL\u00c8NCIA ANNOUNCES THEIR FIRST FILMS IN COMPETITION"},"content":{"rendered":"\n<p>Mostra de Val\u00e8ncia is starting to shape its Official Competition section. The festival, which will begin on 22nd October until 1st November in Valencia, Spain, is strengthening its commitment to tracking down the best cinema produced in the Mediterranean.<\/p>\n\n\n\n<p>The festival has anticipated the first films to be included in its competition section, which will be in the running for the Palmera d&#8217;Or. Six Spanish premieres that represent an overview of the different narrative and visual proposals of the cinematographic and geographical ecosystem that La Mostra encompasses. \u201cIn such a complicated year for the industry, we are extremely happy to offer the public a selection of high-level films addressing a wide variety of topics that will surely move the audience\u201d, says <strong>Eduardo Guillot<\/strong>, who is in charge of the festival\u2019s programme.\u00a0<\/p>\n\n\n\n<p>From Kosovo comes \u201cZana\u201d, the debut feature by <strong>Antoneta Kastrati<\/strong>. A new perspective at the conflict in the Balkans. The film occasionally uses elements of fantasy to reflect on the horror of war. With the protagonist played by <strong>Adriana Matoshi<\/strong>, this resounding debut by the US-based Kosovan filmmaker was chosen to represent its country at the Oscars and won the Grand Jury Prize in Los Angeles.&nbsp;<\/p>\n\n\n\n<figure class=\"wp-block-image size-large\"><img loading=\"lazy\" decoding=\"async\" width=\"1024\" height=\"576\" src=\"https:\/\/lamostradevalencia.com\/wp-content\/uploads\/2020\/08\/Zana-1024x576.jpg\" alt=\"\" class=\"wp-image-7217\" srcset=\"https:\/\/lamostradevalencia.com\/wp-content\/uploads\/2020\/08\/Zana-1024x576.jpg 1024w, https:\/\/lamostradevalencia.com\/wp-content\/uploads\/2020\/08\/Zana-300x169.jpg 300w, https:\/\/lamostradevalencia.com\/wp-content\/uploads\/2020\/08\/Zana-768x432.jpg 768w, https:\/\/lamostradevalencia.com\/wp-content\/uploads\/2020\/08\/Zana-1536x864.jpg 1536w\" sizes=\"auto, (max-width: 1024px) 100vw, 1024px\" \/><\/figure>\n\n\n\n<p>\u201cMosquito\u201d, by Portuguese director&nbsp;<strong>Jo\u00e3o Nuno Pinto<\/strong>, is inspired by real events and is set in 1917, during the First World War. Critics classify it as a mix between &#8220;Apocalypse Now&#8221;, \u201cAguirre, the Wrath of God\u201d and \u201cPaths of Glory\u201d, as it narrates a young man\u2019s journey to the heart of darkness when he enlists in the army in search of glory and comes face to face with hell in the Portuguese colonies in Africa. This film opened the last Rotterdam Festival.&nbsp;<\/p>\n\n\n\n<figure class=\"wp-block-image size-large\"><img loading=\"lazy\" decoding=\"async\" width=\"1024\" height=\"429\" src=\"https:\/\/lamostradevalencia.com\/wp-content\/uploads\/2020\/08\/mosquito_16-1024x429.jpg\" alt=\"\" class=\"wp-image-7191\" srcset=\"https:\/\/lamostradevalencia.com\/wp-content\/uploads\/2020\/08\/mosquito_16-1024x429.jpg 1024w, https:\/\/lamostradevalencia.com\/wp-content\/uploads\/2020\/08\/mosquito_16-300x126.jpg 300w, https:\/\/lamostradevalencia.com\/wp-content\/uploads\/2020\/08\/mosquito_16-768x322.jpg 768w, https:\/\/lamostradevalencia.com\/wp-content\/uploads\/2020\/08\/mosquito_16-1536x644.jpg 1536w\" sizes=\"auto, (max-width: 1024px) 100vw, 1024px\" \/><\/figure>\n\n\n\n<p>Spanish participation comes from \u201cLa Viajante\u201d, the debut film by Canarian filmmaker <strong>Miguel A. Mej\u00edas<\/strong>, who has been compared to V\u00edctor Erice, Theo Angelopoulos or Carlos Reygadas in his international career. \u201cLa Viajante\u201d is road movie starring <strong>\u00c1ngela Boix<\/strong> (&#8220;Diamond Flash&#8221;, &#8220;People in places&#8221;), which uses landscape to describe the loneliness and emptiness of the characters. It tells the story of a young photographer embarked on an existential journey and faced with unexpected situations that she documents through the images she captures with her mother&#8217;s old camera.<\/p>\n\n\n\n<figure class=\"wp-block-image size-large\"><img loading=\"lazy\" decoding=\"async\" width=\"1024\" height=\"554\" src=\"https:\/\/lamostradevalencia.com\/wp-content\/uploads\/2020\/08\/laviajante3-1024x554.jpg\" alt=\"\" class=\"wp-image-7196\" srcset=\"https:\/\/lamostradevalencia.com\/wp-content\/uploads\/2020\/08\/laviajante3-1024x554.jpg 1024w, https:\/\/lamostradevalencia.com\/wp-content\/uploads\/2020\/08\/laviajante3-300x162.jpg 300w, https:\/\/lamostradevalencia.com\/wp-content\/uploads\/2020\/08\/laviajante3-768x415.jpg 768w, https:\/\/lamostradevalencia.com\/wp-content\/uploads\/2020\/08\/laviajante3-1536x830.jpg 1536w\" sizes=\"auto, (max-width: 1024px) 100vw, 1024px\" \/><\/figure>\n\n\n\n<p>Also at Mostra de Val\u00e8ncia we can find the first fiction film produced by the Rojava Film Commune (Syria), \u201cThe End will be Spectacular\u201d, by <strong>Ersin<\/strong> <strong>\u00c7elik<\/strong>. A war film in the classic sense of the term, which recounts the hundred-day siege to which the Kurds were subjected by the Turkish army in the city of Diyarbakir in 2015. Some of the survivors of those events embody the characters, which heightens the dramatic strength of a film told through the eyes of a young Kurdish woman who returns to her place of origin.<\/p>\n\n\n\n<figure class=\"wp-block-image size-large\"><img loading=\"lazy\" decoding=\"async\" width=\"1024\" height=\"576\" src=\"https:\/\/lamostradevalencia.com\/wp-content\/uploads\/2020\/08\/theendwillbespectacular-gallery-4-1024x576.jpg\" alt=\"\" class=\"wp-image-7201\" srcset=\"https:\/\/lamostradevalencia.com\/wp-content\/uploads\/2020\/08\/theendwillbespectacular-gallery-4-1024x576.jpg 1024w, https:\/\/lamostradevalencia.com\/wp-content\/uploads\/2020\/08\/theendwillbespectacular-gallery-4-300x169.jpg 300w, https:\/\/lamostradevalencia.com\/wp-content\/uploads\/2020\/08\/theendwillbespectacular-gallery-4-768x432.jpg 768w, https:\/\/lamostradevalencia.com\/wp-content\/uploads\/2020\/08\/theendwillbespectacular-gallery-4.jpg 1500w\" sizes=\"auto, (max-width: 1024px) 100vw, 1024px\" \/><\/figure>\n\n\n\n<p><strong>Arabic perspectives<\/strong><\/p>\n\n\n\n<p>The selection\u2019s continental diversity is revealed with an Arab presence, one of the hallmarks of the festival, which will feature the latest film by the prestigious Algerian director <strong>Merzak Allouache<\/strong>, \u201cPaysages d&#8217;automne\u201d, and with \u201cBetween Heaven and Earth\u201d, by Palestinian director <strong>Najwa Najjar<\/strong>.<\/p>\n\n\n\n<p>\u201cPaysages d&#8217;automne\u201d shows the country after the Arab spring. It uses thriller ways to show Algeria at the mercy of a criminal network in which members of the main political parties, police and criminal organizations are involved. The main character is a journalist who investigates a series of murders of girls linked to a prostitution ring, and who is under strong pressure from several groups that protect the pimps responsible.<\/p>\n\n\n\n<p>As for the Palestinian film &#8220;Between Heaven and Earth&#8221;, it proposes a perspective in the political, ideological and religious complexity of current Palestine, through a couple who are getting divorced. The protagonists live in Palestine and have been married for five years, but as soon as they manage to cross an Israeli guard post, he asks to separate. From this moment on, shocking mysteries about his father&#8217;s life begin to unravel. A unique road movie, involving characters in a constant state of conflict, which won the best screenplay award at the Cairo International Film Festival and has just been shortlisted for the annual awards of the European Film Academy.<\/p>\n\n\n\n<p>This first preview of titles will be completed in the near future with the rest of the films that will participate in the festival competition.<\/p>\n\n\n\n<figure class=\"wp-block-image size-large\"><img loading=\"lazy\" decoding=\"async\" width=\"1024\" height=\"576\" src=\"https:\/\/lamostradevalencia.com\/wp-content\/uploads\/2020\/08\/between-heaven-and-earth2-1024x576.jpg\" alt=\"\" class=\"wp-image-7206\" srcset=\"https:\/\/lamostradevalencia.com\/wp-content\/uploads\/2020\/08\/between-heaven-and-earth2-1024x576.jpg 1024w, https:\/\/lamostradevalencia.com\/wp-content\/uploads\/2020\/08\/between-heaven-and-earth2-300x169.jpg 300w, https:\/\/lamostradevalencia.com\/wp-content\/uploads\/2020\/08\/between-heaven-and-earth2-768x432.jpg 768w, https:\/\/lamostradevalencia.com\/wp-content\/uploads\/2020\/08\/between-heaven-and-earth2.jpg 1280w\" sizes=\"auto, (max-width: 1024px) 100vw, 1024px\" \/><\/figure>\n","protected":false},"excerpt":{"rendered":"<p>Mostra de Val\u00e8ncia is starting to shape its Official Competition section. The festival, which will begin on 22nd October until 1st November in Valencia, Spain, [&hellip;]<\/p>\n","protected":false},"author":1,"featured_media":0,"comment_status":"open","ping_status":"open","sticky":false,"template":"","format":"standard","meta":{"_uag_custom_page_level_css":"","_jet_sm_ready_style":"","_jet_sm_style":"","_jet_sm_controls_values":"","_jet_sm_fonts_collection":"","_jet_sm_fonts_links":"","footnotes":""},"categories":[456],"tags":[],"class_list":["post-7216","post","type-post","status-publish","format-standard","hentry","category-news"],"yoast_head":"<!-- This site is optimized with the Yoast SEO plugin v27.5 - https:\/\/yoast.com\/product\/yoast-seo-wordpress\/ -->\n<title>MOSTRA DE VAL\u00c8NCIA ANNOUNCES THEIR FIRST FILMS IN COMPETITION - Mostra de Val\u00e8ncia<\/title>\n<meta name=\"robots\" content=\"index, follow, max-snippet:-1, max-image-preview:large, max-video-preview:-1\" \/>\n<link rel=\"canonical\" href=\"https:\/\/lamostradevalencia.com\/en\/mostra-de-valencia-announces-their-first-films-in-competition\/\" \/>\n<meta property=\"og:locale\" content=\"en_US\" \/>\n<meta property=\"og:type\" content=\"article\" \/>\n<meta property=\"og:title\" content=\"MOSTRA DE VAL\u00c8NCIA ANNOUNCES THEIR FIRST FILMS IN COMPETITION - Mostra de Val\u00e8ncia\" \/>\n<meta property=\"og:description\" content=\"Mostra de Val\u00e8ncia is starting to shape its Official Competition section. The festival, which will begin on 22nd October until 1st November in Valencia, Spain, [&hellip;]\" \/>\n<meta property=\"og:url\" content=\"https:\/\/lamostradevalencia.com\/en\/mostra-de-valencia-announces-their-first-films-in-competition\/\" \/>\n<meta property=\"og:site_name\" content=\"Mostra de Val\u00e8ncia\" \/>\n<meta property=\"article:published_time\" content=\"2020-08-28T05:47:15+00:00\" \/>\n<meta property=\"article:modified_time\" content=\"2020-08-28T05:49:29+00:00\" \/>\n<meta property=\"og:image\" content=\"https:\/\/lamostradevalencia.com\/wp-content\/uploads\/2020\/08\/Zana-1024x576.jpg\" \/>\n<meta name=\"author\" content=\"Mostra de Val\u00e8ncia\" \/>\n<meta name=\"twitter:card\" content=\"summary_large_image\" \/>\n<meta name=\"twitter:label1\" content=\"Written by\" \/>\n\t<meta name=\"twitter:data1\" content=\"Mostra de Val\u00e8ncia\" \/>\n\t<meta name=\"twitter:label2\" content=\"Est. reading time\" \/>\n\t<meta name=\"twitter:data2\" content=\"4 minutes\" \/>\n<script type=\"application\/ld+json\" class=\"yoast-schema-graph\">{\"@context\":\"https:\\\/\\\/schema.org\",\"@graph\":[{\"@type\":\"Article\",\"@id\":\"https:\\\/\\\/lamostradevalencia.com\\\/en\\\/mostra-de-valencia-announces-their-first-films-in-competition\\\/#article\",\"isPartOf\":{\"@id\":\"https:\\\/\\\/lamostradevalencia.com\\\/en\\\/mostra-de-valencia-announces-their-first-films-in-competition\\\/\"},\"author\":{\"name\":\"Mostra de Val\u00e8ncia\",\"@id\":\"https:\\\/\\\/lamostradevalencia.com\\\/en\\\/#\\\/schema\\\/person\\\/1dc07e4df3d6310b81d2cdf6a034070c\"},\"headline\":\"MOSTRA DE VAL\u00c8NCIA ANNOUNCES THEIR FIRST FILMS IN COMPETITION\",\"datePublished\":\"2020-08-28T05:47:15+00:00\",\"dateModified\":\"2020-08-28T05:49:29+00:00\",\"mainEntityOfPage\":{\"@id\":\"https:\\\/\\\/lamostradevalencia.com\\\/en\\\/mostra-de-valencia-announces-their-first-films-in-competition\\\/\"},\"wordCount\":732,\"commentCount\":0,\"image\":{\"@id\":\"https:\\\/\\\/lamostradevalencia.com\\\/en\\\/mostra-de-valencia-announces-their-first-films-in-competition\\\/#primaryimage\"},\"thumbnailUrl\":\"https:\\\/\\\/lamostradevalencia.com\\\/wp-content\\\/uploads\\\/2020\\\/08\\\/Zana-1024x576.jpg\",\"articleSection\":[\"News\"],\"inLanguage\":\"en-US\",\"potentialAction\":[{\"@type\":\"CommentAction\",\"name\":\"Comment\",\"target\":[\"https:\\\/\\\/lamostradevalencia.com\\\/en\\\/mostra-de-valencia-announces-their-first-films-in-competition\\\/#respond\"]}]},{\"@type\":\"WebPage\",\"@id\":\"https:\\\/\\\/lamostradevalencia.com\\\/en\\\/mostra-de-valencia-announces-their-first-films-in-competition\\\/\",\"url\":\"https:\\\/\\\/lamostradevalencia.com\\\/en\\\/mostra-de-valencia-announces-their-first-films-in-competition\\\/\",\"name\":\"MOSTRA DE VAL\u00c8NCIA ANNOUNCES THEIR FIRST FILMS IN COMPETITION - Mostra de Val\u00e8ncia\",\"isPartOf\":{\"@id\":\"https:\\\/\\\/lamostradevalencia.com\\\/en\\\/#website\"},\"primaryImageOfPage\":{\"@id\":\"https:\\\/\\\/lamostradevalencia.com\\\/en\\\/mostra-de-valencia-announces-their-first-films-in-competition\\\/#primaryimage\"},\"image\":{\"@id\":\"https:\\\/\\\/lamostradevalencia.com\\\/en\\\/mostra-de-valencia-announces-their-first-films-in-competition\\\/#primaryimage\"},\"thumbnailUrl\":\"https:\\\/\\\/lamostradevalencia.com\\\/wp-content\\\/uploads\\\/2020\\\/08\\\/Zana-1024x576.jpg\",\"datePublished\":\"2020-08-28T05:47:15+00:00\",\"dateModified\":\"2020-08-28T05:49:29+00:00\",\"author\":{\"@id\":\"https:\\\/\\\/lamostradevalencia.com\\\/en\\\/#\\\/schema\\\/person\\\/1dc07e4df3d6310b81d2cdf6a034070c\"},\"breadcrumb\":{\"@id\":\"https:\\\/\\\/lamostradevalencia.com\\\/en\\\/mostra-de-valencia-announces-their-first-films-in-competition\\\/#breadcrumb\"},\"inLanguage\":\"en-US\",\"potentialAction\":[{\"@type\":\"ReadAction\",\"target\":[\"https:\\\/\\\/lamostradevalencia.com\\\/en\\\/mostra-de-valencia-announces-their-first-films-in-competition\\\/\"]}]},{\"@type\":\"ImageObject\",\"inLanguage\":\"en-US\",\"@id\":\"https:\\\/\\\/lamostradevalencia.com\\\/en\\\/mostra-de-valencia-announces-their-first-films-in-competition\\\/#primaryimage\",\"url\":\"https:\\\/\\\/lamostradevalencia.com\\\/wp-content\\\/uploads\\\/2020\\\/08\\\/Zana-1024x576.jpg\",\"contentUrl\":\"https:\\\/\\\/lamostradevalencia.com\\\/wp-content\\\/uploads\\\/2020\\\/08\\\/Zana-1024x576.jpg\"},{\"@type\":\"BreadcrumbList\",\"@id\":\"https:\\\/\\\/lamostradevalencia.com\\\/en\\\/mostra-de-valencia-announces-their-first-films-in-competition\\\/#breadcrumb\",\"itemListElement\":[{\"@type\":\"ListItem\",\"position\":1,\"name\":\"Portada\",\"item\":\"https:\\\/\\\/lamostradevalencia.com\\\/en\\\/\"},{\"@type\":\"ListItem\",\"position\":2,\"name\":\"MOSTRA DE VAL\u00c8NCIA ANNOUNCES THEIR FIRST FILMS IN COMPETITION\"}]},{\"@type\":\"WebSite\",\"@id\":\"https:\\\/\\\/lamostradevalencia.com\\\/en\\\/#website\",\"url\":\"https:\\\/\\\/lamostradevalencia.com\\\/en\\\/\",\"name\":\"Mostra de Val\u00e8ncia\",\"description\":\"Cinema del Mediterrani\",\"potentialAction\":[{\"@type\":\"SearchAction\",\"target\":{\"@type\":\"EntryPoint\",\"urlTemplate\":\"https:\\\/\\\/lamostradevalencia.com\\\/en\\\/?s={search_term_string}\"},\"query-input\":{\"@type\":\"PropertyValueSpecification\",\"valueRequired\":true,\"valueName\":\"search_term_string\"}}],\"inLanguage\":\"en-US\"},{\"@type\":\"Person\",\"@id\":\"https:\\\/\\\/lamostradevalencia.com\\\/en\\\/#\\\/schema\\\/person\\\/1dc07e4df3d6310b81d2cdf6a034070c\",\"name\":\"Mostra de Val\u00e8ncia\",\"image\":{\"@type\":\"ImageObject\",\"inLanguage\":\"en-US\",\"@id\":\"https:\\\/\\\/secure.gravatar.com\\\/avatar\\\/ada4dfd699a9907706987adb1bb2b361c2613ccca474b49b8c648de5208e32f8?s=96&d=mm&r=g\",\"url\":\"https:\\\/\\\/secure.gravatar.com\\\/avatar\\\/ada4dfd699a9907706987adb1bb2b361c2613ccca474b49b8c648de5208e32f8?s=96&d=mm&r=g\",\"contentUrl\":\"https:\\\/\\\/secure.gravatar.com\\\/avatar\\\/ada4dfd699a9907706987adb1bb2b361c2613ccca474b49b8c648de5208e32f8?s=96&d=mm&r=g\",\"caption\":\"Mostra de Val\u00e8ncia\"}}]}<\/script>\n<!-- \/ Yoast SEO plugin. -->","yoast_head_json":{"title":"MOSTRA DE VAL\u00c8NCIA ANNOUNCES THEIR FIRST FILMS IN COMPETITION - Mostra de Val\u00e8ncia","robots":{"index":"index","follow":"follow","max-snippet":"max-snippet:-1","max-image-preview":"max-image-preview:large","max-video-preview":"max-video-preview:-1"},"canonical":"https:\/\/lamostradevalencia.com\/en\/mostra-de-valencia-announces-their-first-films-in-competition\/","og_locale":"en_US","og_type":"article","og_title":"MOSTRA DE VAL\u00c8NCIA ANNOUNCES THEIR FIRST FILMS IN COMPETITION - Mostra de Val\u00e8ncia","og_description":"Mostra de Val\u00e8ncia is starting to shape its Official Competition section. The festival, which will begin on 22nd October until 1st November in Valencia, Spain, [&hellip;]","og_url":"https:\/\/lamostradevalencia.com\/en\/mostra-de-valencia-announces-their-first-films-in-competition\/","og_site_name":"Mostra de Val\u00e8ncia","article_published_time":"2020-08-28T05:47:15+00:00","article_modified_time":"2020-08-28T05:49:29+00:00","og_image":[{"url":"https:\/\/lamostradevalencia.com\/wp-content\/uploads\/2020\/08\/Zana-1024x576.jpg","type":"","width":"","height":""}],"author":"Mostra de Val\u00e8ncia","twitter_card":"summary_large_image","twitter_misc":{"Written by":"Mostra de Val\u00e8ncia","Est. reading time":"4 minutes"},"schema":{"@context":"https:\/\/schema.org","@graph":[{"@type":"Article","@id":"https:\/\/lamostradevalencia.com\/en\/mostra-de-valencia-announces-their-first-films-in-competition\/#article","isPartOf":{"@id":"https:\/\/lamostradevalencia.com\/en\/mostra-de-valencia-announces-their-first-films-in-competition\/"},"author":{"name":"Mostra de Val\u00e8ncia","@id":"https:\/\/lamostradevalencia.com\/en\/#\/schema\/person\/1dc07e4df3d6310b81d2cdf6a034070c"},"headline":"MOSTRA DE VAL\u00c8NCIA ANNOUNCES THEIR FIRST FILMS IN COMPETITION","datePublished":"2020-08-28T05:47:15+00:00","dateModified":"2020-08-28T05:49:29+00:00","mainEntityOfPage":{"@id":"https:\/\/lamostradevalencia.com\/en\/mostra-de-valencia-announces-their-first-films-in-competition\/"},"wordCount":732,"commentCount":0,"image":{"@id":"https:\/\/lamostradevalencia.com\/en\/mostra-de-valencia-announces-their-first-films-in-competition\/#primaryimage"},"thumbnailUrl":"https:\/\/lamostradevalencia.com\/wp-content\/uploads\/2020\/08\/Zana-1024x576.jpg","articleSection":["News"],"inLanguage":"en-US","potentialAction":[{"@type":"CommentAction","name":"Comment","target":["https:\/\/lamostradevalencia.com\/en\/mostra-de-valencia-announces-their-first-films-in-competition\/#respond"]}]},{"@type":"WebPage","@id":"https:\/\/lamostradevalencia.com\/en\/mostra-de-valencia-announces-their-first-films-in-competition\/","url":"https:\/\/lamostradevalencia.com\/en\/mostra-de-valencia-announces-their-first-films-in-competition\/","name":"MOSTRA DE VAL\u00c8NCIA ANNOUNCES THEIR FIRST FILMS IN COMPETITION - Mostra de Val\u00e8ncia","isPartOf":{"@id":"https:\/\/lamostradevalencia.com\/en\/#website"},"primaryImageOfPage":{"@id":"https:\/\/lamostradevalencia.com\/en\/mostra-de-valencia-announces-their-first-films-in-competition\/#primaryimage"},"image":{"@id":"https:\/\/lamostradevalencia.com\/en\/mostra-de-valencia-announces-their-first-films-in-competition\/#primaryimage"},"thumbnailUrl":"https:\/\/lamostradevalencia.com\/wp-content\/uploads\/2020\/08\/Zana-1024x576.jpg","datePublished":"2020-08-28T05:47:15+00:00","dateModified":"2020-08-28T05:49:29+00:00","author":{"@id":"https:\/\/lamostradevalencia.com\/en\/#\/schema\/person\/1dc07e4df3d6310b81d2cdf6a034070c"},"breadcrumb":{"@id":"https:\/\/lamostradevalencia.com\/en\/mostra-de-valencia-announces-their-first-films-in-competition\/#breadcrumb"},"inLanguage":"en-US","potentialAction":[{"@type":"ReadAction","target":["https:\/\/lamostradevalencia.com\/en\/mostra-de-valencia-announces-their-first-films-in-competition\/"]}]},{"@type":"ImageObject","inLanguage":"en-US","@id":"https:\/\/lamostradevalencia.com\/en\/mostra-de-valencia-announces-their-first-films-in-competition\/#primaryimage","url":"https:\/\/lamostradevalencia.com\/wp-content\/uploads\/2020\/08\/Zana-1024x576.jpg","contentUrl":"https:\/\/lamostradevalencia.com\/wp-content\/uploads\/2020\/08\/Zana-1024x576.jpg"},{"@type":"BreadcrumbList","@id":"https:\/\/lamostradevalencia.com\/en\/mostra-de-valencia-announces-their-first-films-in-competition\/#breadcrumb","itemListElement":[{"@type":"ListItem","position":1,"name":"Portada","item":"https:\/\/lamostradevalencia.com\/en\/"},{"@type":"ListItem","position":2,"name":"MOSTRA DE VAL\u00c8NCIA ANNOUNCES THEIR FIRST FILMS IN COMPETITION"}]},{"@type":"WebSite","@id":"https:\/\/lamostradevalencia.com\/en\/#website","url":"https:\/\/lamostradevalencia.com\/en\/","name":"Mostra de Val\u00e8ncia","description":"Cinema del Mediterrani","potentialAction":[{"@type":"SearchAction","target":{"@type":"EntryPoint","urlTemplate":"https:\/\/lamostradevalencia.com\/en\/?s={search_term_string}"},"query-input":{"@type":"PropertyValueSpecification","valueRequired":true,"valueName":"search_term_string"}}],"inLanguage":"en-US"},{"@type":"Person","@id":"https:\/\/lamostradevalencia.com\/en\/#\/schema\/person\/1dc07e4df3d6310b81d2cdf6a034070c","name":"Mostra de Val\u00e8ncia","image":{"@type":"ImageObject","inLanguage":"en-US","@id":"https:\/\/secure.gravatar.com\/avatar\/ada4dfd699a9907706987adb1bb2b361c2613ccca474b49b8c648de5208e32f8?s=96&d=mm&r=g","url":"https:\/\/secure.gravatar.com\/avatar\/ada4dfd699a9907706987adb1bb2b361c2613ccca474b49b8c648de5208e32f8?s=96&d=mm&r=g","contentUrl":"https:\/\/secure.gravatar.com\/avatar\/ada4dfd699a9907706987adb1bb2b361c2613ccca474b49b8c648de5208e32f8?s=96&d=mm&r=g","caption":"Mostra de Val\u00e8ncia"}}]}},"uagb_featured_image_src":{"full":false,"thumbnail":false,"medium":false,"medium_large":false,"large":false,"1536x1536":false,"2048x2048":false,"cinerama_edge_image_square":false,"cinerama_edge_image_landscape":false,"cinerama_edge_image_portrait":false,"cinerama_edge_image_huge":false,"gform-image-choice-sm":false,"gform-image-choice-md":false,"gform-image-choice-lg":false},"uagb_author_info":{"display_name":"Mostra de Val\u00e8ncia","author_link":"https:\/\/lamostradevalencia.com\/en\/author\/mostravalencia\/"},"uagb_comment_info":0,"uagb_excerpt":"Mostra de Val\u00e8ncia is starting to shape its Official Competition section. The festival, which will begin on 22nd October until 1st November in Valencia, Spain, [&hellip;]","_links":{"self":[{"href":"https:\/\/lamostradevalencia.com\/en\/wp-json\/wp\/v2\/posts\/7216","targetHints":{"allow":["GET"]}}],"collection":[{"href":"https:\/\/lamostradevalencia.com\/en\/wp-json\/wp\/v2\/posts"}],"about":[{"href":"https:\/\/lamostradevalencia.com\/en\/wp-json\/wp\/v2\/types\/post"}],"author":[{"embeddable":true,"href":"https:\/\/lamostradevalencia.com\/en\/wp-json\/wp\/v2\/users\/1"}],"replies":[{"embeddable":true,"href":"https:\/\/lamostradevalencia.com\/en\/wp-json\/wp\/v2\/comments?post=7216"}],"version-history":[{"count":3,"href":"https:\/\/lamostradevalencia.com\/en\/wp-json\/wp\/v2\/posts\/7216\/revisions"}],"predecessor-version":[{"id":7224,"href":"https:\/\/lamostradevalencia.com\/en\/wp-json\/wp\/v2\/posts\/7216\/revisions\/7224"}],"wp:attachment":[{"href":"https:\/\/lamostradevalencia.com\/en\/wp-json\/wp\/v2\/media?parent=7216"}],"wp:term":[{"taxonomy":"category","embeddable":true,"href":"https:\/\/lamostradevalencia.com\/en\/wp-json\/wp\/v2\/categories?post=7216"},{"taxonomy":"post_tag","embeddable":true,"href":"https:\/\/lamostradevalencia.com\/en\/wp-json\/wp\/v2\/tags?post=7216"}],"curies":[{"name":"wp","href":"https:\/\/api.w.org\/{rel}","templated":true}]}}