{"id":2637,"date":"2018-11-02T13:07:48","date_gmt":"2018-11-02T11:07:48","guid":{"rendered":"https:\/\/lamostradevalencia.com\/banu-sivacis-film-gets-five-prizes\/"},"modified":"2019-02-18T14:03:40","modified_gmt":"2019-02-18T12:03:40","slug":"banu-sivacis-film-gets-five-prizes","status":"publish","type":"post","link":"https:\/\/lamostradevalencia.com\/en\/banu-sivacis-film-gets-five-prizes\/","title":{"rendered":"Banu Sivaci&#8217;s film gets five prizes"},"content":{"rendered":"<h4>The Turkish film &#8216;The Pigeon&#8217;, Golden Palm of the 33 Mostra de Val\u00e8ncia<\/h4>\n<p>The 33rd edition of Mostra de Val\u00e8ncia-Cinema del Mediterrani comes to an end. The festival has returned, after six years of absence, to expand the imaginary of the cinema of the Mediterranean basin in our country. It is back to become a new reference for lovers of both emerging and legendary cinema, with a careful and dynamic audiovisual proposal as well as a space for reflection to rethink the Mediterranean. A firm proposal to prop up again in each edition.<\/p>\n<p>The film &#8216;The pigeon&#8217; by the Turkish director Banu Sivaci has won the Golden Palm, a prize worth \u20ac 25,000. A delicate and sensitive film about a young man who exists in the limits of society and manages to find an inner strength to face those who threaten him. &#8216;The Pigeon&#8217;, which premiered at the Berlin International Film Festival in February, portrays life on the margins and points to the name of Sivaci as a director to follow.<\/p>\n<p>The jury, chaired by the producer, director and Lebanese actress Rana Salem, has considered that &#8216;The Pigeon&#8217; deserves the Golden Palm &#8220;for its ability to extract visual and sound poetry from a hostile environment where the main character has to fight to deal with to be himself and preserve his individual freedom. &#8221;<\/p>\n<p>&#8216;The Pigeon&#8217;, in addition, has managed to win the awards for Best Actor for the protagonist of the film Kemal Burak Alper; Best Screenplay, written by the director Banu Sivaci herself; Best Photography, by Arda Yildrian, and Best Soundtrack, composed by the sound artist Canset \u00d6zge Can.<\/p>\n<p>The Silver Palm has been for the first Macedonian-Greek co-production &#8220;Secret Ingredient&#8221; by director Gjorce Stavreski, winner of the award for Best Direction. In the opinion of the jury &#8220;for the originality of the subject addressed and the ability to find the best ingredients to show the reality of the ailment with a sense of humor combining comedy and drama.&#8221; The medicinal powers of marijuana are not (at all) a secret and Gjorce Stavreski puts them on the table in this curious tragicomedy.<\/p>\n<p>The Bronze Palm is for &#8216;Paper flags&#8217;, the film by the French director Nathan Ambrosioni. The young director, who is 19 years old, arrives at Mostra de Val\u00e8ncia demonstrating a solid narrative domain in this story about the complicated encounter between a brother and a sister, marked by the difficulty of reintegration after a long stay in prison. This film, in addition, has won the Best Actress award for young Parisian No\u00e9mie Merlant.<\/p>\n<p>For the jury of Mostra de Val\u00e8ncia, &#8216;Paper flags&#8217; is worthy of this Bronze Palm for &#8220;its ability to transmit emotions through resources that combine tension and tenderness, through characters capable of embodying their relationship of ambiguity, and through their generous way to lead &#8220;.<\/p>\n<p>Under the Collaboration Agreement between \u00c0 Punt M\u00e8dia and Mostra de Val\u00e8ncia, the \u00c0 Punt M\u00e8dia Award is given to \u201cthe Official Section film that best assumes the commitment to advance to equality  between men and women&#8221;. The chosen one has been &#8216;Nome di donna&#8217;, of the director Marco Tullio Giordana, from a script of Cristiana Mainardi.<\/p>\n<p>This Italian film deals with the subject of labor and sexual harassment from the perspective of women. Raised from a feminist point of view, &#8216;Nome di donna&#8217; emphasizes the need for the empowerment of victims to exercise justice in law and extends it to the rest of their environment, family, work and society. It is a firm commitment to break the silence that surrounds many cases of harassment based on silence and connivance. This award implies the acquisition of emission rights by \u00c0 Punt M\u00e8dia.<\/p>\n<p>The awards will be presented at the closing of this edition of Mostra de Val\u00e8ncia-Cinema del Mediterrani, today October 26 at 8pm at the Palau de la M\u00fasica.<\/p>\n<p>The winning films can be seen during the 27th and 28th at Babel Cinemas.<\/p>\n","protected":false},"excerpt":{"rendered":"<p>The Turkish film &#8216;The Pigeon&#8217;, Golden Palm of the 33 Mostra de Val\u00e8ncia The 33rd edition of Mostra de Val\u00e8ncia-Cinema del Mediterrani comes to an [&hellip;]<\/p>\n","protected":false},"author":1,"featured_media":2581,"comment_status":"open","ping_status":"open","sticky":false,"template":"","format":"standard","meta":{"_uag_custom_page_level_css":"","_jet_sm_ready_style":"","_jet_sm_style":"","_jet_sm_controls_values":"","_jet_sm_fonts_collection":"","_jet_sm_fonts_links":"","footnotes":""},"categories":[460],"tags":[],"class_list":["post-2637","post","type-post","status-publish","format-standard","has-post-thumbnail","hentry","category-palmares-en"],"yoast_head":"<!-- This site is optimized with the Yoast SEO plugin v27.5 - https:\/\/yoast.com\/product\/yoast-seo-wordpress\/ -->\n<title>Banu Sivaci&#039;s film gets five prizes - Mostra de Val\u00e8ncia<\/title>\n<meta name=\"robots\" content=\"index, follow, max-snippet:-1, max-image-preview:large, max-video-preview:-1\" \/>\n<link rel=\"canonical\" href=\"https:\/\/lamostradevalencia.com\/en\/banu-sivacis-film-gets-five-prizes\/\" \/>\n<meta property=\"og:locale\" content=\"en_US\" \/>\n<meta property=\"og:type\" content=\"article\" \/>\n<meta property=\"og:title\" content=\"Banu Sivaci&#039;s film gets five prizes - Mostra de Val\u00e8ncia\" \/>\n<meta property=\"og:description\" content=\"The Turkish film &#8216;The Pigeon&#8217;, Golden Palm of the 33 Mostra de Val\u00e8ncia The 33rd edition of Mostra de Val\u00e8ncia-Cinema del Mediterrani comes to an [&hellip;]\" \/>\n<meta property=\"og:url\" content=\"https:\/\/lamostradevalencia.com\/en\/banu-sivacis-film-gets-five-prizes\/\" \/>\n<meta property=\"og:site_name\" content=\"Mostra de Val\u00e8ncia\" \/>\n<meta property=\"article:published_time\" content=\"2018-11-02T11:07:48+00:00\" \/>\n<meta property=\"article:modified_time\" content=\"2019-02-18T12:03:40+00:00\" \/>\n<meta property=\"og:image\" content=\"https:\/\/lamostradevalencia.com\/wp-content\/uploads\/2019\/01\/Mostra-Vale\u0300ncia_Gala-clausura_2018_73-1-min.jpg\" \/>\n\t<meta property=\"og:image:width\" content=\"1280\" \/>\n\t<meta property=\"og:image:height\" content=\"720\" \/>\n\t<meta property=\"og:image:type\" content=\"image\/jpeg\" \/>\n<meta name=\"author\" content=\"Mostra de Val\u00e8ncia\" \/>\n<meta name=\"twitter:card\" content=\"summary_large_image\" \/>\n<meta name=\"twitter:label1\" content=\"Written by\" \/>\n\t<meta name=\"twitter:data1\" content=\"Mostra de Val\u00e8ncia\" \/>\n\t<meta name=\"twitter:label2\" content=\"Est. reading time\" \/>\n\t<meta name=\"twitter:data2\" content=\"3 minutes\" \/>\n<script type=\"application\/ld+json\" class=\"yoast-schema-graph\">{\"@context\":\"https:\\\/\\\/schema.org\",\"@graph\":[{\"@type\":\"Article\",\"@id\":\"https:\\\/\\\/lamostradevalencia.com\\\/en\\\/banu-sivacis-film-gets-five-prizes\\\/#article\",\"isPartOf\":{\"@id\":\"https:\\\/\\\/lamostradevalencia.com\\\/en\\\/banu-sivacis-film-gets-five-prizes\\\/\"},\"author\":{\"name\":\"Mostra de Val\u00e8ncia\",\"@id\":\"https:\\\/\\\/lamostradevalencia.com\\\/en\\\/#\\\/schema\\\/person\\\/1dc07e4df3d6310b81d2cdf6a034070c\"},\"headline\":\"Banu Sivaci&#8217;s film gets five prizes\",\"datePublished\":\"2018-11-02T11:07:48+00:00\",\"dateModified\":\"2019-02-18T12:03:40+00:00\",\"mainEntityOfPage\":{\"@id\":\"https:\\\/\\\/lamostradevalencia.com\\\/en\\\/banu-sivacis-film-gets-five-prizes\\\/\"},\"wordCount\":664,\"commentCount\":0,\"image\":{\"@id\":\"https:\\\/\\\/lamostradevalencia.com\\\/en\\\/banu-sivacis-film-gets-five-prizes\\\/#primaryimage\"},\"thumbnailUrl\":\"https:\\\/\\\/lamostradevalencia.com\\\/wp-content\\\/uploads\\\/2019\\\/01\\\/Mostra-Vale\u0300ncia_Gala-clausura_2018_73-1-min.jpg\",\"articleSection\":[\"Palmares\"],\"inLanguage\":\"en-US\",\"potentialAction\":[{\"@type\":\"CommentAction\",\"name\":\"Comment\",\"target\":[\"https:\\\/\\\/lamostradevalencia.com\\\/en\\\/banu-sivacis-film-gets-five-prizes\\\/#respond\"]}]},{\"@type\":\"WebPage\",\"@id\":\"https:\\\/\\\/lamostradevalencia.com\\\/en\\\/banu-sivacis-film-gets-five-prizes\\\/\",\"url\":\"https:\\\/\\\/lamostradevalencia.com\\\/en\\\/banu-sivacis-film-gets-five-prizes\\\/\",\"name\":\"Banu Sivaci's film gets five prizes - Mostra de Val\u00e8ncia\",\"isPartOf\":{\"@id\":\"https:\\\/\\\/lamostradevalencia.com\\\/en\\\/#website\"},\"primaryImageOfPage\":{\"@id\":\"https:\\\/\\\/lamostradevalencia.com\\\/en\\\/banu-sivacis-film-gets-five-prizes\\\/#primaryimage\"},\"image\":{\"@id\":\"https:\\\/\\\/lamostradevalencia.com\\\/en\\\/banu-sivacis-film-gets-five-prizes\\\/#primaryimage\"},\"thumbnailUrl\":\"https:\\\/\\\/lamostradevalencia.com\\\/wp-content\\\/uploads\\\/2019\\\/01\\\/Mostra-Vale\u0300ncia_Gala-clausura_2018_73-1-min.jpg\",\"datePublished\":\"2018-11-02T11:07:48+00:00\",\"dateModified\":\"2019-02-18T12:03:40+00:00\",\"author\":{\"@id\":\"https:\\\/\\\/lamostradevalencia.com\\\/en\\\/#\\\/schema\\\/person\\\/1dc07e4df3d6310b81d2cdf6a034070c\"},\"breadcrumb\":{\"@id\":\"https:\\\/\\\/lamostradevalencia.com\\\/en\\\/banu-sivacis-film-gets-five-prizes\\\/#breadcrumb\"},\"inLanguage\":\"en-US\",\"potentialAction\":[{\"@type\":\"ReadAction\",\"target\":[\"https:\\\/\\\/lamostradevalencia.com\\\/en\\\/banu-sivacis-film-gets-five-prizes\\\/\"]}]},{\"@type\":\"ImageObject\",\"inLanguage\":\"en-US\",\"@id\":\"https:\\\/\\\/lamostradevalencia.com\\\/en\\\/banu-sivacis-film-gets-five-prizes\\\/#primaryimage\",\"url\":\"https:\\\/\\\/lamostradevalencia.com\\\/wp-content\\\/uploads\\\/2019\\\/01\\\/Mostra-Vale\u0300ncia_Gala-clausura_2018_73-1-min.jpg\",\"contentUrl\":\"https:\\\/\\\/lamostradevalencia.com\\\/wp-content\\\/uploads\\\/2019\\\/01\\\/Mostra-Vale\u0300ncia_Gala-clausura_2018_73-1-min.jpg\",\"width\":1280,\"height\":720},{\"@type\":\"BreadcrumbList\",\"@id\":\"https:\\\/\\\/lamostradevalencia.com\\\/en\\\/banu-sivacis-film-gets-five-prizes\\\/#breadcrumb\",\"itemListElement\":[{\"@type\":\"ListItem\",\"position\":1,\"name\":\"Portada\",\"item\":\"https:\\\/\\\/lamostradevalencia.com\\\/en\\\/\"},{\"@type\":\"ListItem\",\"position\":2,\"name\":\"Banu Sivaci&#8217;s film gets five prizes\"}]},{\"@type\":\"WebSite\",\"@id\":\"https:\\\/\\\/lamostradevalencia.com\\\/en\\\/#website\",\"url\":\"https:\\\/\\\/lamostradevalencia.com\\\/en\\\/\",\"name\":\"Mostra de Val\u00e8ncia\",\"description\":\"Cinema del Mediterrani\",\"potentialAction\":[{\"@type\":\"SearchAction\",\"target\":{\"@type\":\"EntryPoint\",\"urlTemplate\":\"https:\\\/\\\/lamostradevalencia.com\\\/en\\\/?s={search_term_string}\"},\"query-input\":{\"@type\":\"PropertyValueSpecification\",\"valueRequired\":true,\"valueName\":\"search_term_string\"}}],\"inLanguage\":\"en-US\"},{\"@type\":\"Person\",\"@id\":\"https:\\\/\\\/lamostradevalencia.com\\\/en\\\/#\\\/schema\\\/person\\\/1dc07e4df3d6310b81d2cdf6a034070c\",\"name\":\"Mostra de Val\u00e8ncia\",\"image\":{\"@type\":\"ImageObject\",\"inLanguage\":\"en-US\",\"@id\":\"https:\\\/\\\/secure.gravatar.com\\\/avatar\\\/ada4dfd699a9907706987adb1bb2b361c2613ccca474b49b8c648de5208e32f8?s=96&d=mm&r=g\",\"url\":\"https:\\\/\\\/secure.gravatar.com\\\/avatar\\\/ada4dfd699a9907706987adb1bb2b361c2613ccca474b49b8c648de5208e32f8?s=96&d=mm&r=g\",\"contentUrl\":\"https:\\\/\\\/secure.gravatar.com\\\/avatar\\\/ada4dfd699a9907706987adb1bb2b361c2613ccca474b49b8c648de5208e32f8?s=96&d=mm&r=g\",\"caption\":\"Mostra de Val\u00e8ncia\"}}]}<\/script>\n<!-- \/ Yoast SEO plugin. -->","yoast_head_json":{"title":"Banu Sivaci's film gets five prizes - Mostra de Val\u00e8ncia","robots":{"index":"index","follow":"follow","max-snippet":"max-snippet:-1","max-image-preview":"max-image-preview:large","max-video-preview":"max-video-preview:-1"},"canonical":"https:\/\/lamostradevalencia.com\/en\/banu-sivacis-film-gets-five-prizes\/","og_locale":"en_US","og_type":"article","og_title":"Banu Sivaci's film gets five prizes - Mostra de Val\u00e8ncia","og_description":"The Turkish film &#8216;The Pigeon&#8217;, Golden Palm of the 33 Mostra de Val\u00e8ncia The 33rd edition of Mostra de Val\u00e8ncia-Cinema del Mediterrani comes to an [&hellip;]","og_url":"https:\/\/lamostradevalencia.com\/en\/banu-sivacis-film-gets-five-prizes\/","og_site_name":"Mostra de Val\u00e8ncia","article_published_time":"2018-11-02T11:07:48+00:00","article_modified_time":"2019-02-18T12:03:40+00:00","og_image":[{"width":1280,"height":720,"url":"https:\/\/lamostradevalencia.com\/wp-content\/uploads\/2019\/01\/Mostra-Vale\u0300ncia_Gala-clausura_2018_73-1-min.jpg","type":"image\/jpeg"}],"author":"Mostra de Val\u00e8ncia","twitter_card":"summary_large_image","twitter_misc":{"Written by":"Mostra de Val\u00e8ncia","Est. reading time":"3 minutes"},"schema":{"@context":"https:\/\/schema.org","@graph":[{"@type":"Article","@id":"https:\/\/lamostradevalencia.com\/en\/banu-sivacis-film-gets-five-prizes\/#article","isPartOf":{"@id":"https:\/\/lamostradevalencia.com\/en\/banu-sivacis-film-gets-five-prizes\/"},"author":{"name":"Mostra de Val\u00e8ncia","@id":"https:\/\/lamostradevalencia.com\/en\/#\/schema\/person\/1dc07e4df3d6310b81d2cdf6a034070c"},"headline":"Banu Sivaci&#8217;s film gets five prizes","datePublished":"2018-11-02T11:07:48+00:00","dateModified":"2019-02-18T12:03:40+00:00","mainEntityOfPage":{"@id":"https:\/\/lamostradevalencia.com\/en\/banu-sivacis-film-gets-five-prizes\/"},"wordCount":664,"commentCount":0,"image":{"@id":"https:\/\/lamostradevalencia.com\/en\/banu-sivacis-film-gets-five-prizes\/#primaryimage"},"thumbnailUrl":"https:\/\/lamostradevalencia.com\/wp-content\/uploads\/2019\/01\/Mostra-Vale\u0300ncia_Gala-clausura_2018_73-1-min.jpg","articleSection":["Palmares"],"inLanguage":"en-US","potentialAction":[{"@type":"CommentAction","name":"Comment","target":["https:\/\/lamostradevalencia.com\/en\/banu-sivacis-film-gets-five-prizes\/#respond"]}]},{"@type":"WebPage","@id":"https:\/\/lamostradevalencia.com\/en\/banu-sivacis-film-gets-five-prizes\/","url":"https:\/\/lamostradevalencia.com\/en\/banu-sivacis-film-gets-five-prizes\/","name":"Banu Sivaci's film gets five prizes - Mostra de Val\u00e8ncia","isPartOf":{"@id":"https:\/\/lamostradevalencia.com\/en\/#website"},"primaryImageOfPage":{"@id":"https:\/\/lamostradevalencia.com\/en\/banu-sivacis-film-gets-five-prizes\/#primaryimage"},"image":{"@id":"https:\/\/lamostradevalencia.com\/en\/banu-sivacis-film-gets-five-prizes\/#primaryimage"},"thumbnailUrl":"https:\/\/lamostradevalencia.com\/wp-content\/uploads\/2019\/01\/Mostra-Vale\u0300ncia_Gala-clausura_2018_73-1-min.jpg","datePublished":"2018-11-02T11:07:48+00:00","dateModified":"2019-02-18T12:03:40+00:00","author":{"@id":"https:\/\/lamostradevalencia.com\/en\/#\/schema\/person\/1dc07e4df3d6310b81d2cdf6a034070c"},"breadcrumb":{"@id":"https:\/\/lamostradevalencia.com\/en\/banu-sivacis-film-gets-five-prizes\/#breadcrumb"},"inLanguage":"en-US","potentialAction":[{"@type":"ReadAction","target":["https:\/\/lamostradevalencia.com\/en\/banu-sivacis-film-gets-five-prizes\/"]}]},{"@type":"ImageObject","inLanguage":"en-US","@id":"https:\/\/lamostradevalencia.com\/en\/banu-sivacis-film-gets-five-prizes\/#primaryimage","url":"https:\/\/lamostradevalencia.com\/wp-content\/uploads\/2019\/01\/Mostra-Vale\u0300ncia_Gala-clausura_2018_73-1-min.jpg","contentUrl":"https:\/\/lamostradevalencia.com\/wp-content\/uploads\/2019\/01\/Mostra-Vale\u0300ncia_Gala-clausura_2018_73-1-min.jpg","width":1280,"height":720},{"@type":"BreadcrumbList","@id":"https:\/\/lamostradevalencia.com\/en\/banu-sivacis-film-gets-five-prizes\/#breadcrumb","itemListElement":[{"@type":"ListItem","position":1,"name":"Portada","item":"https:\/\/lamostradevalencia.com\/en\/"},{"@type":"ListItem","position":2,"name":"Banu Sivaci&#8217;s film gets five prizes"}]},{"@type":"WebSite","@id":"https:\/\/lamostradevalencia.com\/en\/#website","url":"https:\/\/lamostradevalencia.com\/en\/","name":"Mostra de Val\u00e8ncia","description":"Cinema del Mediterrani","potentialAction":[{"@type":"SearchAction","target":{"@type":"EntryPoint","urlTemplate":"https:\/\/lamostradevalencia.com\/en\/?s={search_term_string}"},"query-input":{"@type":"PropertyValueSpecification","valueRequired":true,"valueName":"search_term_string"}}],"inLanguage":"en-US"},{"@type":"Person","@id":"https:\/\/lamostradevalencia.com\/en\/#\/schema\/person\/1dc07e4df3d6310b81d2cdf6a034070c","name":"Mostra de Val\u00e8ncia","image":{"@type":"ImageObject","inLanguage":"en-US","@id":"https:\/\/secure.gravatar.com\/avatar\/ada4dfd699a9907706987adb1bb2b361c2613ccca474b49b8c648de5208e32f8?s=96&d=mm&r=g","url":"https:\/\/secure.gravatar.com\/avatar\/ada4dfd699a9907706987adb1bb2b361c2613ccca474b49b8c648de5208e32f8?s=96&d=mm&r=g","contentUrl":"https:\/\/secure.gravatar.com\/avatar\/ada4dfd699a9907706987adb1bb2b361c2613ccca474b49b8c648de5208e32f8?s=96&d=mm&r=g","caption":"Mostra de Val\u00e8ncia"}}]}},"uagb_featured_image_src":{"full":["https:\/\/lamostradevalencia.com\/wp-content\/uploads\/2019\/01\/Mostra-Vale\u0300ncia_Gala-clausura_2018_73-1-min.jpg",1280,720,false],"thumbnail":["https:\/\/lamostradevalencia.com\/wp-content\/uploads\/2019\/01\/Mostra-Vale\u0300ncia_Gala-clausura_2018_73-1-min-150x150.jpg",150,150,true],"medium":["https:\/\/lamostradevalencia.com\/wp-content\/uploads\/2019\/01\/Mostra-Vale\u0300ncia_Gala-clausura_2018_73-1-min-300x169.jpg",300,169,true],"medium_large":["https:\/\/lamostradevalencia.com\/wp-content\/uploads\/2019\/01\/Mostra-Vale\u0300ncia_Gala-clausura_2018_73-1-min-768x432.jpg",768,432,true],"large":["https:\/\/lamostradevalencia.com\/wp-content\/uploads\/2019\/01\/Mostra-Vale\u0300ncia_Gala-clausura_2018_73-1-min-1024x576.jpg",1024,576,true],"1536x1536":["https:\/\/lamostradevalencia.com\/wp-content\/uploads\/2019\/01\/Mostra-Vale\u0300ncia_Gala-clausura_2018_73-1-min.jpg",1280,720,false],"2048x2048":["https:\/\/lamostradevalencia.com\/wp-content\/uploads\/2019\/01\/Mostra-Vale\u0300ncia_Gala-clausura_2018_73-1-min.jpg",1280,720,false],"cinerama_edge_image_square":["https:\/\/lamostradevalencia.com\/wp-content\/uploads\/2019\/01\/Mostra-Vale\u0300ncia_Gala-clausura_2018_73-1-min-550x550.jpg",550,550,true],"cinerama_edge_image_landscape":["https:\/\/lamostradevalencia.com\/wp-content\/uploads\/2019\/01\/Mostra-Vale\u0300ncia_Gala-clausura_2018_73-1-min-1100x550.jpg",1100,550,true],"cinerama_edge_image_portrait":["https:\/\/lamostradevalencia.com\/wp-content\/uploads\/2019\/01\/Mostra-Vale\u0300ncia_Gala-clausura_2018_73-1-min-550x720.jpg",550,720,true],"cinerama_edge_image_huge":["https:\/\/lamostradevalencia.com\/wp-content\/uploads\/2019\/01\/Mostra-Vale\u0300ncia_Gala-clausura_2018_73-1-min-1100x720.jpg",1100,720,true],"gform-image-choice-sm":["https:\/\/lamostradevalencia.com\/wp-content\/uploads\/2019\/01\/Mostra-Vale\u0300ncia_Gala-clausura_2018_73-1-min.jpg",300,169,false],"gform-image-choice-md":["https:\/\/lamostradevalencia.com\/wp-content\/uploads\/2019\/01\/Mostra-Vale\u0300ncia_Gala-clausura_2018_73-1-min.jpg",400,225,false],"gform-image-choice-lg":["https:\/\/lamostradevalencia.com\/wp-content\/uploads\/2019\/01\/Mostra-Vale\u0300ncia_Gala-clausura_2018_73-1-min.jpg",600,338,false]},"uagb_author_info":{"display_name":"Mostra de Val\u00e8ncia","author_link":"https:\/\/lamostradevalencia.com\/en\/author\/mostravalencia\/"},"uagb_comment_info":0,"uagb_excerpt":"The Turkish film &#8216;The Pigeon&#8217;, Golden Palm of the 33 Mostra de Val\u00e8ncia The 33rd edition of Mostra de Val\u00e8ncia-Cinema del Mediterrani comes to an [&hellip;]","_links":{"self":[{"href":"https:\/\/lamostradevalencia.com\/en\/wp-json\/wp\/v2\/posts\/2637","targetHints":{"allow":["GET"]}}],"collection":[{"href":"https:\/\/lamostradevalencia.com\/en\/wp-json\/wp\/v2\/posts"}],"about":[{"href":"https:\/\/lamostradevalencia.com\/en\/wp-json\/wp\/v2\/types\/post"}],"author":[{"embeddable":true,"href":"https:\/\/lamostradevalencia.com\/en\/wp-json\/wp\/v2\/users\/1"}],"replies":[{"embeddable":true,"href":"https:\/\/lamostradevalencia.com\/en\/wp-json\/wp\/v2\/comments?post=2637"}],"version-history":[{"count":1,"href":"https:\/\/lamostradevalencia.com\/en\/wp-json\/wp\/v2\/posts\/2637\/revisions"}],"predecessor-version":[{"id":2660,"href":"https:\/\/lamostradevalencia.com\/en\/wp-json\/wp\/v2\/posts\/2637\/revisions\/2660"}],"wp:featuredmedia":[{"embeddable":true,"href":"https:\/\/lamostradevalencia.com\/en\/wp-json\/wp\/v2\/media\/2581"}],"wp:attachment":[{"href":"https:\/\/lamostradevalencia.com\/en\/wp-json\/wp\/v2\/media?parent=2637"}],"wp:term":[{"taxonomy":"category","embeddable":true,"href":"https:\/\/lamostradevalencia.com\/en\/wp-json\/wp\/v2\/categories?post=2637"},{"taxonomy":"post_tag","embeddable":true,"href":"https:\/\/lamostradevalencia.com\/en\/wp-json\/wp\/v2\/tags?post=2637"}],"curies":[{"name":"wp","href":"https:\/\/api.w.org\/{rel}","templated":true}]}}