{"id":19402,"date":"2023-08-04T11:04:27","date_gmt":"2023-08-04T09:04:27","guid":{"rendered":"https:\/\/lamostradevalencia.com\/?p=19402"},"modified":"2023-08-04T11:04:27","modified_gmt":"2023-08-04T09:04:27","slug":"mostra-de-valencia-consolidates-its-international-co-production-forum-with-the-second-edition-of-the-event","status":"publish","type":"post","link":"https:\/\/lamostradevalencia.com\/en\/mostra-de-valencia-consolidates-its-international-co-production-forum-with-the-second-edition-of-the-event\/","title":{"rendered":"Mostra de Val\u00e8ncia consolidates its International Co-Production Forum with the second edition of the event"},"content":{"rendered":"<h5>Five creative documentaries and five fiction projects from countries in the Mediterranean basin have been selected<\/h5>\n<p>Val\u00e8ncia Film Afers, the International Co-Production Forum of La Mostra de Val\u00e8ncia, announces the projects selected to participate in its second edition, which will take place on 25 and 26 October at the Centro de Estudios Superiores Barreira Arte + Dise\u00f1o, the only venue outside Italy of the prestigious Centro Sperimentale di Cinematografia in Rome.<\/p>\n<p>Five creative documentaries and five fiction projects from countries in the Mediterranean basin such as France, Spain, Morocco, Lebanon, Croatia, Portugal and Turkey have been chosen so that their producers and directors can visit Valencia and take part in different pitching sessions and one-to-one meetings with internationally renowned professionals, with the aim of establishing links that will enable them to complete their financing and viability. The selected proposals address genres such as comedy, autofiction, drama and social issues.<\/p>\n<p><strong>&#8216;Flying Elephants&#8217;<\/strong>, directed by Mona Khaouli and produced by Easy Riders Films (France) and Madame Le Tapis (Lebanon), is a documentary about the story of an elusive Lebanese musician whose lifestyle is, in itself, a small revolution. <strong>&#8216;Grand Petit Fr\u00e8re\/Little Big Brother<\/strong>&#8216; is the first feature film by Moroccan Karima Guennouni, produced by Janaprod, a road movie in which a young woman sets out in search of her father with her autistic brother. <strong>&#8216;Right Were I Left You&#8217;<\/strong>, directed by the Turkish \u00dcmran Safter and produced by Ekim Medya, tells the heartbreaking journey of a woman who transports the body of her brother, who died by suicide, to her home town to bury him. And <strong>&#8216;Beirut, journal d&#8217;un effondrement&#8217;<\/strong>, by the French-Lebanese filmmaker Katia Jarjoura and produced by Les Films de l&#8217;Apr\u00e8s-Midi (France), shows how the explosion in the port of Beirut in 2020 disrupts the lives of a Lebanese family.<\/p>\n<p>Completing the shortlist is <strong>&#8216;Jusqu&#8217;\u00e0 l&#8217;aube\/Until Dawn&#8217;<\/strong>, produced by Ouarzazate Films, the new project by Mohamed Zineddaine, award-winning director of &#8216;La Gu\u00e9risseuse&#8217; and based on a novel by Mohamed Zefzaf, the so-called &#8220;Moroccan Dostoyevsky&#8221;.<\/p>\n<p><strong>&#8216;Penitentes&#8217;<\/strong>, directed by Diogo Pereira and produced by Bam Bam Cinema (Portugal) and Invasi\u00f3n Cine (Colombia), a documentary that portrays the collaboration between mountaineering and science through Jo\u00e3o Garc\u00eda&#8217;s expeditions to the highest mountains in the world to find crystallised ice. And <strong>&#8216;Viktorija&#8217;<\/strong>, directed by Luka Gale\u0161i\u0107 and produced by Cobra Chicks (Croatia), an acid comedy that narrates the liberation of a mature, bitter and virgin woman who is reborn to life after placing her sick mother in a nursing home.<\/p>\n<p>Two projects linked to Valencia have also been selected: <strong>&#8216;Calle de Los \u00c1ngeles&#8217;<\/strong>, an autofiction documentary that deals with the gentrification of the Cabanyal neighbourhood, directed and produced by Silvia Rey Canudo; and <strong>&#8216;Donant la nota&#8217;<\/strong>, a comedy in Valencian produced by Gaia Audiovisuals, which is the first feature film by Abdelatif Hwidar, winner of the Goya in 2008 for his short &#8216;Salvador (Historia de un milagro cotidiano)&#8217;. Also with a Spanish stamp is <strong>&#8216;\u00bfEs usted secuestrable?&#8217;<\/strong>, the first feature film by Mallorcan Charli Bujosa, produced by Mansalva Films, in which the director evokes in a very peculiar way a memory of her aunt, who was present during the hijacking of a flight between Barcelona and Palma in 1977.<\/p>\n","protected":false},"excerpt":{"rendered":"<p>Five creative documentaries and five fiction projects from countries in the Mediterranean basin have been selected Val\u00e8ncia Film Afers, the International Co-Production Forum of La [&hellip;]<\/p>\n","protected":false},"author":1,"featured_media":19396,"comment_status":"open","ping_status":"open","sticky":false,"template":"","format":"standard","meta":{"_uag_custom_page_level_css":"","_jet_sm_ready_style":"","_jet_sm_style":"","_jet_sm_controls_values":"","_jet_sm_fonts_collection":"","_jet_sm_fonts_links":"","footnotes":""},"categories":[456],"tags":[],"class_list":["post-19402","post","type-post","status-publish","format-standard","has-post-thumbnail","hentry","category-news"],"yoast_head":"<!-- This site is optimized with the Yoast SEO plugin v27.5 - https:\/\/yoast.com\/product\/yoast-seo-wordpress\/ -->\n<title>Mostra de Val\u00e8ncia consolidates its International Co-Production Forum with the second edition of the event - Mostra de Val\u00e8ncia<\/title>\n<meta name=\"robots\" content=\"index, follow, max-snippet:-1, max-image-preview:large, max-video-preview:-1\" \/>\n<link rel=\"canonical\" href=\"https:\/\/lamostradevalencia.com\/en\/mostra-de-valencia-consolidates-its-international-co-production-forum-with-the-second-edition-of-the-event\/\" \/>\n<meta property=\"og:locale\" content=\"en_US\" \/>\n<meta property=\"og:type\" content=\"article\" \/>\n<meta property=\"og:title\" content=\"Mostra de Val\u00e8ncia consolidates its International Co-Production Forum with the second edition of the event - Mostra de Val\u00e8ncia\" \/>\n<meta property=\"og:description\" content=\"Five creative documentaries and five fiction projects from countries in the Mediterranean basin have been selected Val\u00e8ncia Film Afers, the International Co-Production Forum of La [&hellip;]\" \/>\n<meta property=\"og:url\" content=\"https:\/\/lamostradevalencia.com\/en\/mostra-de-valencia-consolidates-its-international-co-production-forum-with-the-second-edition-of-the-event\/\" \/>\n<meta property=\"og:site_name\" content=\"Mostra de Val\u00e8ncia\" \/>\n<meta property=\"article:published_time\" content=\"2023-08-04T09:04:27+00:00\" \/>\n<meta property=\"og:image\" content=\"https:\/\/lamostradevalencia.com\/wp-content\/uploads\/2023\/08\/MOSTRA-DE-VALENCIA-1.png\" \/>\n\t<meta property=\"og:image:width\" content=\"1080\" \/>\n\t<meta property=\"og:image:height\" content=\"1080\" \/>\n\t<meta property=\"og:image:type\" content=\"image\/png\" \/>\n<meta name=\"author\" content=\"Mostra de Val\u00e8ncia\" \/>\n<meta name=\"twitter:card\" content=\"summary_large_image\" \/>\n<meta name=\"twitter:label1\" content=\"Written by\" \/>\n\t<meta name=\"twitter:data1\" content=\"Mostra de Val\u00e8ncia\" \/>\n\t<meta name=\"twitter:label2\" content=\"Est. reading time\" \/>\n\t<meta name=\"twitter:data2\" content=\"3 minutes\" \/>\n<script type=\"application\/ld+json\" class=\"yoast-schema-graph\">{\"@context\":\"https:\\\/\\\/schema.org\",\"@graph\":[{\"@type\":\"Article\",\"@id\":\"https:\\\/\\\/lamostradevalencia.com\\\/en\\\/mostra-de-valencia-consolidates-its-international-co-production-forum-with-the-second-edition-of-the-event\\\/#article\",\"isPartOf\":{\"@id\":\"https:\\\/\\\/lamostradevalencia.com\\\/en\\\/mostra-de-valencia-consolidates-its-international-co-production-forum-with-the-second-edition-of-the-event\\\/\"},\"author\":{\"name\":\"Mostra de Val\u00e8ncia\",\"@id\":\"https:\\\/\\\/lamostradevalencia.com\\\/en\\\/#\\\/schema\\\/person\\\/1dc07e4df3d6310b81d2cdf6a034070c\"},\"headline\":\"Mostra de Val\u00e8ncia consolidates its International Co-Production Forum with the second edition of the event\",\"datePublished\":\"2023-08-04T09:04:27+00:00\",\"mainEntityOfPage\":{\"@id\":\"https:\\\/\\\/lamostradevalencia.com\\\/en\\\/mostra-de-valencia-consolidates-its-international-co-production-forum-with-the-second-edition-of-the-event\\\/\"},\"wordCount\":560,\"commentCount\":0,\"image\":{\"@id\":\"https:\\\/\\\/lamostradevalencia.com\\\/en\\\/mostra-de-valencia-consolidates-its-international-co-production-forum-with-the-second-edition-of-the-event\\\/#primaryimage\"},\"thumbnailUrl\":\"https:\\\/\\\/lamostradevalencia.com\\\/wp-content\\\/uploads\\\/2023\\\/08\\\/MOSTRA-DE-VALENCIA-1.png\",\"articleSection\":[\"News\"],\"inLanguage\":\"en-US\",\"potentialAction\":[{\"@type\":\"CommentAction\",\"name\":\"Comment\",\"target\":[\"https:\\\/\\\/lamostradevalencia.com\\\/en\\\/mostra-de-valencia-consolidates-its-international-co-production-forum-with-the-second-edition-of-the-event\\\/#respond\"]}]},{\"@type\":\"WebPage\",\"@id\":\"https:\\\/\\\/lamostradevalencia.com\\\/en\\\/mostra-de-valencia-consolidates-its-international-co-production-forum-with-the-second-edition-of-the-event\\\/\",\"url\":\"https:\\\/\\\/lamostradevalencia.com\\\/en\\\/mostra-de-valencia-consolidates-its-international-co-production-forum-with-the-second-edition-of-the-event\\\/\",\"name\":\"Mostra de Val\u00e8ncia consolidates its International Co-Production Forum with the second edition of the event - Mostra de Val\u00e8ncia\",\"isPartOf\":{\"@id\":\"https:\\\/\\\/lamostradevalencia.com\\\/en\\\/#website\"},\"primaryImageOfPage\":{\"@id\":\"https:\\\/\\\/lamostradevalencia.com\\\/en\\\/mostra-de-valencia-consolidates-its-international-co-production-forum-with-the-second-edition-of-the-event\\\/#primaryimage\"},\"image\":{\"@id\":\"https:\\\/\\\/lamostradevalencia.com\\\/en\\\/mostra-de-valencia-consolidates-its-international-co-production-forum-with-the-second-edition-of-the-event\\\/#primaryimage\"},\"thumbnailUrl\":\"https:\\\/\\\/lamostradevalencia.com\\\/wp-content\\\/uploads\\\/2023\\\/08\\\/MOSTRA-DE-VALENCIA-1.png\",\"datePublished\":\"2023-08-04T09:04:27+00:00\",\"author\":{\"@id\":\"https:\\\/\\\/lamostradevalencia.com\\\/en\\\/#\\\/schema\\\/person\\\/1dc07e4df3d6310b81d2cdf6a034070c\"},\"breadcrumb\":{\"@id\":\"https:\\\/\\\/lamostradevalencia.com\\\/en\\\/mostra-de-valencia-consolidates-its-international-co-production-forum-with-the-second-edition-of-the-event\\\/#breadcrumb\"},\"inLanguage\":\"en-US\",\"potentialAction\":[{\"@type\":\"ReadAction\",\"target\":[\"https:\\\/\\\/lamostradevalencia.com\\\/en\\\/mostra-de-valencia-consolidates-its-international-co-production-forum-with-the-second-edition-of-the-event\\\/\"]}]},{\"@type\":\"ImageObject\",\"inLanguage\":\"en-US\",\"@id\":\"https:\\\/\\\/lamostradevalencia.com\\\/en\\\/mostra-de-valencia-consolidates-its-international-co-production-forum-with-the-second-edition-of-the-event\\\/#primaryimage\",\"url\":\"https:\\\/\\\/lamostradevalencia.com\\\/wp-content\\\/uploads\\\/2023\\\/08\\\/MOSTRA-DE-VALENCIA-1.png\",\"contentUrl\":\"https:\\\/\\\/lamostradevalencia.com\\\/wp-content\\\/uploads\\\/2023\\\/08\\\/MOSTRA-DE-VALENCIA-1.png\",\"width\":1080,\"height\":1080},{\"@type\":\"BreadcrumbList\",\"@id\":\"https:\\\/\\\/lamostradevalencia.com\\\/en\\\/mostra-de-valencia-consolidates-its-international-co-production-forum-with-the-second-edition-of-the-event\\\/#breadcrumb\",\"itemListElement\":[{\"@type\":\"ListItem\",\"position\":1,\"name\":\"Portada\",\"item\":\"https:\\\/\\\/lamostradevalencia.com\\\/en\\\/\"},{\"@type\":\"ListItem\",\"position\":2,\"name\":\"Mostra de Val\u00e8ncia consolidates its International Co-Production Forum with the second edition of the event\"}]},{\"@type\":\"WebSite\",\"@id\":\"https:\\\/\\\/lamostradevalencia.com\\\/en\\\/#website\",\"url\":\"https:\\\/\\\/lamostradevalencia.com\\\/en\\\/\",\"name\":\"Mostra de Val\u00e8ncia\",\"description\":\"Cinema del Mediterrani\",\"potentialAction\":[{\"@type\":\"SearchAction\",\"target\":{\"@type\":\"EntryPoint\",\"urlTemplate\":\"https:\\\/\\\/lamostradevalencia.com\\\/en\\\/?s={search_term_string}\"},\"query-input\":{\"@type\":\"PropertyValueSpecification\",\"valueRequired\":true,\"valueName\":\"search_term_string\"}}],\"inLanguage\":\"en-US\"},{\"@type\":\"Person\",\"@id\":\"https:\\\/\\\/lamostradevalencia.com\\\/en\\\/#\\\/schema\\\/person\\\/1dc07e4df3d6310b81d2cdf6a034070c\",\"name\":\"Mostra de Val\u00e8ncia\",\"image\":{\"@type\":\"ImageObject\",\"inLanguage\":\"en-US\",\"@id\":\"https:\\\/\\\/secure.gravatar.com\\\/avatar\\\/ada4dfd699a9907706987adb1bb2b361c2613ccca474b49b8c648de5208e32f8?s=96&d=mm&r=g\",\"url\":\"https:\\\/\\\/secure.gravatar.com\\\/avatar\\\/ada4dfd699a9907706987adb1bb2b361c2613ccca474b49b8c648de5208e32f8?s=96&d=mm&r=g\",\"contentUrl\":\"https:\\\/\\\/secure.gravatar.com\\\/avatar\\\/ada4dfd699a9907706987adb1bb2b361c2613ccca474b49b8c648de5208e32f8?s=96&d=mm&r=g\",\"caption\":\"Mostra de Val\u00e8ncia\"}}]}<\/script>\n<!-- \/ Yoast SEO plugin. -->","yoast_head_json":{"title":"Mostra de Val\u00e8ncia consolidates its International Co-Production Forum with the second edition of the event - Mostra de Val\u00e8ncia","robots":{"index":"index","follow":"follow","max-snippet":"max-snippet:-1","max-image-preview":"max-image-preview:large","max-video-preview":"max-video-preview:-1"},"canonical":"https:\/\/lamostradevalencia.com\/en\/mostra-de-valencia-consolidates-its-international-co-production-forum-with-the-second-edition-of-the-event\/","og_locale":"en_US","og_type":"article","og_title":"Mostra de Val\u00e8ncia consolidates its International Co-Production Forum with the second edition of the event - Mostra de Val\u00e8ncia","og_description":"Five creative documentaries and five fiction projects from countries in the Mediterranean basin have been selected Val\u00e8ncia Film Afers, the International Co-Production Forum of La [&hellip;]","og_url":"https:\/\/lamostradevalencia.com\/en\/mostra-de-valencia-consolidates-its-international-co-production-forum-with-the-second-edition-of-the-event\/","og_site_name":"Mostra de Val\u00e8ncia","article_published_time":"2023-08-04T09:04:27+00:00","og_image":[{"width":1080,"height":1080,"url":"https:\/\/lamostradevalencia.com\/wp-content\/uploads\/2023\/08\/MOSTRA-DE-VALENCIA-1.png","type":"image\/png"}],"author":"Mostra de Val\u00e8ncia","twitter_card":"summary_large_image","twitter_misc":{"Written by":"Mostra de Val\u00e8ncia","Est. reading time":"3 minutes"},"schema":{"@context":"https:\/\/schema.org","@graph":[{"@type":"Article","@id":"https:\/\/lamostradevalencia.com\/en\/mostra-de-valencia-consolidates-its-international-co-production-forum-with-the-second-edition-of-the-event\/#article","isPartOf":{"@id":"https:\/\/lamostradevalencia.com\/en\/mostra-de-valencia-consolidates-its-international-co-production-forum-with-the-second-edition-of-the-event\/"},"author":{"name":"Mostra de Val\u00e8ncia","@id":"https:\/\/lamostradevalencia.com\/en\/#\/schema\/person\/1dc07e4df3d6310b81d2cdf6a034070c"},"headline":"Mostra de Val\u00e8ncia consolidates its International Co-Production Forum with the second edition of the event","datePublished":"2023-08-04T09:04:27+00:00","mainEntityOfPage":{"@id":"https:\/\/lamostradevalencia.com\/en\/mostra-de-valencia-consolidates-its-international-co-production-forum-with-the-second-edition-of-the-event\/"},"wordCount":560,"commentCount":0,"image":{"@id":"https:\/\/lamostradevalencia.com\/en\/mostra-de-valencia-consolidates-its-international-co-production-forum-with-the-second-edition-of-the-event\/#primaryimage"},"thumbnailUrl":"https:\/\/lamostradevalencia.com\/wp-content\/uploads\/2023\/08\/MOSTRA-DE-VALENCIA-1.png","articleSection":["News"],"inLanguage":"en-US","potentialAction":[{"@type":"CommentAction","name":"Comment","target":["https:\/\/lamostradevalencia.com\/en\/mostra-de-valencia-consolidates-its-international-co-production-forum-with-the-second-edition-of-the-event\/#respond"]}]},{"@type":"WebPage","@id":"https:\/\/lamostradevalencia.com\/en\/mostra-de-valencia-consolidates-its-international-co-production-forum-with-the-second-edition-of-the-event\/","url":"https:\/\/lamostradevalencia.com\/en\/mostra-de-valencia-consolidates-its-international-co-production-forum-with-the-second-edition-of-the-event\/","name":"Mostra de Val\u00e8ncia consolidates its International Co-Production Forum with the second edition of the event - Mostra de Val\u00e8ncia","isPartOf":{"@id":"https:\/\/lamostradevalencia.com\/en\/#website"},"primaryImageOfPage":{"@id":"https:\/\/lamostradevalencia.com\/en\/mostra-de-valencia-consolidates-its-international-co-production-forum-with-the-second-edition-of-the-event\/#primaryimage"},"image":{"@id":"https:\/\/lamostradevalencia.com\/en\/mostra-de-valencia-consolidates-its-international-co-production-forum-with-the-second-edition-of-the-event\/#primaryimage"},"thumbnailUrl":"https:\/\/lamostradevalencia.com\/wp-content\/uploads\/2023\/08\/MOSTRA-DE-VALENCIA-1.png","datePublished":"2023-08-04T09:04:27+00:00","author":{"@id":"https:\/\/lamostradevalencia.com\/en\/#\/schema\/person\/1dc07e4df3d6310b81d2cdf6a034070c"},"breadcrumb":{"@id":"https:\/\/lamostradevalencia.com\/en\/mostra-de-valencia-consolidates-its-international-co-production-forum-with-the-second-edition-of-the-event\/#breadcrumb"},"inLanguage":"en-US","potentialAction":[{"@type":"ReadAction","target":["https:\/\/lamostradevalencia.com\/en\/mostra-de-valencia-consolidates-its-international-co-production-forum-with-the-second-edition-of-the-event\/"]}]},{"@type":"ImageObject","inLanguage":"en-US","@id":"https:\/\/lamostradevalencia.com\/en\/mostra-de-valencia-consolidates-its-international-co-production-forum-with-the-second-edition-of-the-event\/#primaryimage","url":"https:\/\/lamostradevalencia.com\/wp-content\/uploads\/2023\/08\/MOSTRA-DE-VALENCIA-1.png","contentUrl":"https:\/\/lamostradevalencia.com\/wp-content\/uploads\/2023\/08\/MOSTRA-DE-VALENCIA-1.png","width":1080,"height":1080},{"@type":"BreadcrumbList","@id":"https:\/\/lamostradevalencia.com\/en\/mostra-de-valencia-consolidates-its-international-co-production-forum-with-the-second-edition-of-the-event\/#breadcrumb","itemListElement":[{"@type":"ListItem","position":1,"name":"Portada","item":"https:\/\/lamostradevalencia.com\/en\/"},{"@type":"ListItem","position":2,"name":"Mostra de Val\u00e8ncia consolidates its International Co-Production Forum with the second edition of the event"}]},{"@type":"WebSite","@id":"https:\/\/lamostradevalencia.com\/en\/#website","url":"https:\/\/lamostradevalencia.com\/en\/","name":"Mostra de Val\u00e8ncia","description":"Cinema del Mediterrani","potentialAction":[{"@type":"SearchAction","target":{"@type":"EntryPoint","urlTemplate":"https:\/\/lamostradevalencia.com\/en\/?s={search_term_string}"},"query-input":{"@type":"PropertyValueSpecification","valueRequired":true,"valueName":"search_term_string"}}],"inLanguage":"en-US"},{"@type":"Person","@id":"https:\/\/lamostradevalencia.com\/en\/#\/schema\/person\/1dc07e4df3d6310b81d2cdf6a034070c","name":"Mostra de Val\u00e8ncia","image":{"@type":"ImageObject","inLanguage":"en-US","@id":"https:\/\/secure.gravatar.com\/avatar\/ada4dfd699a9907706987adb1bb2b361c2613ccca474b49b8c648de5208e32f8?s=96&d=mm&r=g","url":"https:\/\/secure.gravatar.com\/avatar\/ada4dfd699a9907706987adb1bb2b361c2613ccca474b49b8c648de5208e32f8?s=96&d=mm&r=g","contentUrl":"https:\/\/secure.gravatar.com\/avatar\/ada4dfd699a9907706987adb1bb2b361c2613ccca474b49b8c648de5208e32f8?s=96&d=mm&r=g","caption":"Mostra de Val\u00e8ncia"}}]}},"uagb_featured_image_src":{"full":["https:\/\/lamostradevalencia.com\/wp-content\/uploads\/2023\/08\/MOSTRA-DE-VALENCIA-1.png",1080,1080,false],"thumbnail":["https:\/\/lamostradevalencia.com\/wp-content\/uploads\/2023\/08\/MOSTRA-DE-VALENCIA-1-150x150.png",150,150,true],"medium":["https:\/\/lamostradevalencia.com\/wp-content\/uploads\/2023\/08\/MOSTRA-DE-VALENCIA-1-300x300.png",300,300,true],"medium_large":["https:\/\/lamostradevalencia.com\/wp-content\/uploads\/2023\/08\/MOSTRA-DE-VALENCIA-1-768x768.png",768,768,true],"large":["https:\/\/lamostradevalencia.com\/wp-content\/uploads\/2023\/08\/MOSTRA-DE-VALENCIA-1-1024x1024.png",1024,1024,true],"1536x1536":["https:\/\/lamostradevalencia.com\/wp-content\/uploads\/2023\/08\/MOSTRA-DE-VALENCIA-1.png",1080,1080,false],"2048x2048":["https:\/\/lamostradevalencia.com\/wp-content\/uploads\/2023\/08\/MOSTRA-DE-VALENCIA-1.png",1080,1080,false],"cinerama_edge_image_square":["https:\/\/lamostradevalencia.com\/wp-content\/uploads\/2023\/08\/MOSTRA-DE-VALENCIA-1-550x550.png",550,550,true],"cinerama_edge_image_landscape":["https:\/\/lamostradevalencia.com\/wp-content\/uploads\/2023\/08\/MOSTRA-DE-VALENCIA-1-1080x550.png",1080,550,true],"cinerama_edge_image_portrait":["https:\/\/lamostradevalencia.com\/wp-content\/uploads\/2023\/08\/MOSTRA-DE-VALENCIA-1-550x1080.png",550,1080,true],"cinerama_edge_image_huge":["https:\/\/lamostradevalencia.com\/wp-content\/uploads\/2023\/08\/MOSTRA-DE-VALENCIA-1.png",1080,1080,false],"gform-image-choice-sm":["https:\/\/lamostradevalencia.com\/wp-content\/uploads\/2023\/08\/MOSTRA-DE-VALENCIA-1.png",300,300,false],"gform-image-choice-md":["https:\/\/lamostradevalencia.com\/wp-content\/uploads\/2023\/08\/MOSTRA-DE-VALENCIA-1.png",400,400,false],"gform-image-choice-lg":["https:\/\/lamostradevalencia.com\/wp-content\/uploads\/2023\/08\/MOSTRA-DE-VALENCIA-1.png",600,600,false]},"uagb_author_info":{"display_name":"Mostra de Val\u00e8ncia","author_link":"https:\/\/lamostradevalencia.com\/en\/author\/mostravalencia\/"},"uagb_comment_info":0,"uagb_excerpt":"Five creative documentaries and five fiction projects from countries in the Mediterranean basin have been selected Val\u00e8ncia Film Afers, the International Co-Production Forum of La [&hellip;]","_links":{"self":[{"href":"https:\/\/lamostradevalencia.com\/en\/wp-json\/wp\/v2\/posts\/19402","targetHints":{"allow":["GET"]}}],"collection":[{"href":"https:\/\/lamostradevalencia.com\/en\/wp-json\/wp\/v2\/posts"}],"about":[{"href":"https:\/\/lamostradevalencia.com\/en\/wp-json\/wp\/v2\/types\/post"}],"author":[{"embeddable":true,"href":"https:\/\/lamostradevalencia.com\/en\/wp-json\/wp\/v2\/users\/1"}],"replies":[{"embeddable":true,"href":"https:\/\/lamostradevalencia.com\/en\/wp-json\/wp\/v2\/comments?post=19402"}],"version-history":[{"count":1,"href":"https:\/\/lamostradevalencia.com\/en\/wp-json\/wp\/v2\/posts\/19402\/revisions"}],"predecessor-version":[{"id":19403,"href":"https:\/\/lamostradevalencia.com\/en\/wp-json\/wp\/v2\/posts\/19402\/revisions\/19403"}],"wp:featuredmedia":[{"embeddable":true,"href":"https:\/\/lamostradevalencia.com\/en\/wp-json\/wp\/v2\/media\/19396"}],"wp:attachment":[{"href":"https:\/\/lamostradevalencia.com\/en\/wp-json\/wp\/v2\/media?parent=19402"}],"wp:term":[{"taxonomy":"category","embeddable":true,"href":"https:\/\/lamostradevalencia.com\/en\/wp-json\/wp\/v2\/categories?post=19402"},{"taxonomy":"post_tag","embeddable":true,"href":"https:\/\/lamostradevalencia.com\/en\/wp-json\/wp\/v2\/tags?post=19402"}],"curies":[{"name":"wp","href":"https:\/\/api.w.org\/{rel}","templated":true}]}}