{"id":9981,"date":"2020-11-30T15:09:40","date_gmt":"2020-11-30T13:09:40","guid":{"rendered":"https:\/\/lamostradevalencia.com\/?p=9981"},"modified":"2020-11-30T15:10:02","modified_gmt":"2020-11-30T13:10:02","slug":"berlanga-protagonista-de-les-projeccions-per-a-estudiants-de-la-mostra","status":"publish","type":"post","link":"https:\/\/lamostradevalencia.com\/ca\/berlanga-protagonista-de-les-projeccions-per-a-estudiants-de-la-mostra\/","title":{"rendered":"BERLANGA, PROTAGONISTA DE LES PROJECCIONS PER A ESTUDIANTS DE LA MOSTRA"},"content":{"rendered":"\n<p><strong>La 36a Mostra de Val\u00e8ncia-Cinema del Mediterrani, que se celebrar\u00e0 del 15 al 24 d&#8217;octubre de 2021, s&#8217;unix a les celebracions per l&#8217;Any Berlanga i dedica al genial mestre la seua secci\u00f3 La Mostra dels Instituts.\u00a0 En la seua edici\u00f3 del pr\u00f2xim any, el festival ha pres la decisi\u00f3 que les projeccions matinals concertades amb centres d&#8217;ensenyament estiguen protagonitzades per pel\u00b7l\u00edcules del director valenci\u00e0 com ara &#8220;La vaquilla&#8221;, &#8220;Los jueves, milagro&#8221; o &#8220;Calabuch&#8221;, entre d\u2019altres.\u00a0<\/strong><\/p>\n\n\n\n<p>A l\u2019igual que en anys anteriors, les sessions aniran acompanyades d&#8217;una guia did\u00e0ctica que contextualitzar\u00e0 cada t\u00edtol i proposar\u00e0 temes de debat a l&#8217;aula al voltant de la figura de Berlanga, el context social de les pel\u00b7l\u00edcules i els temes m\u00e9s importants que aborden.<\/p>\n\n\n\n<figure class=\"wp-block-image size-large\"><img loading=\"lazy\" decoding=\"async\" width=\"1024\" height=\"704\" src=\"https:\/\/lamostradevalencia.com\/wp-content\/uploads\/2020\/11\/Berlanga-y-Rafael-Azcona-1024x704.jpg\" alt=\"\" class=\"wp-image-9971\" srcset=\"https:\/\/lamostradevalencia.com\/wp-content\/uploads\/2020\/11\/Berlanga-y-Rafael-Azcona-1024x704.jpg 1024w, https:\/\/lamostradevalencia.com\/wp-content\/uploads\/2020\/11\/Berlanga-y-Rafael-Azcona-300x206.jpg 300w, https:\/\/lamostradevalencia.com\/wp-content\/uploads\/2020\/11\/Berlanga-y-Rafael-Azcona-768x528.jpg 768w, https:\/\/lamostradevalencia.com\/wp-content\/uploads\/2020\/11\/Berlanga-y-Rafael-Azcona-1536x1056.jpg 1536w, https:\/\/lamostradevalencia.com\/wp-content\/uploads\/2020\/11\/Berlanga-y-Rafael-Azcona.jpg 1611w\" sizes=\"auto, (max-width: 1024px) 100vw, 1024px\" \/><figcaption><strong>Foto Garc\u00eda Poveda<\/strong><\/figcaption><\/figure>\n\n\n\n<p>&#8220;Mostra de Val\u00e8ncia sempre ha tingut molt present entre els seus objectius el de la creaci\u00f3 de nous p\u00fablics a trav\u00e9s del treball en col\u00b7laboraci\u00f3 amb els centres d&#8217;ensenyament, i creiem que l&#8217;Any Berlanga \u00e9s una excel\u00b7lent oportunitat perqu\u00e8 joves valencians i valencianes accedisquen per primera vegada a l&#8217;obra del nostre cineasta m\u00e9s universal&#8221;, ha declarat Gloria Tello, Regidora de Patrimoni i Recursos Culturals.<\/p>\n\n\n\n<p>El festival espera aix\u00ed en 2021 poder comptar de nou amb la pres\u00e8ncia d&#8217;estudiants a les sales. Este any, a causa de les restriccions derivades de la pand\u00e8mia, La Mostra dels Instituts ha pres el format online, proposant una s\u00e8rie de trobades via streaming, encara actives, en les quals l&#8217;equip del festival impartix una s\u00e8rie de xarrades als estudiants sobre els nous models de consum audiovisual.<\/p>\n\n\n\n<p><strong>Berlanga i Mostra de Val\u00e8ncia, una llarga relaci\u00f3<\/strong><\/p>\n\n\n\n<p>Luis Garc\u00eda Berlanga ha sigut una refer\u00e8ncia en la hist\u00f2ria de la Mostra de Val\u00e8ncia des de la seua primera edici\u00f3, en 1980. El festival li va dedicar una retrospectiva i va organitzar diverses taules redones al voltant de la seua obra, en les quals van participar, entre d\u2019altres,<strong> Carles Mira, Francesc Betriu, Jos\u00e9 Luis L\u00f3pez V\u00e1zquez, Ricardo Mu\u00f1oz Suay o Manuel Aleixandre.<\/strong> Les trobades van ser recollides en dos llibres, que la Mostra va reeditar en un sol volum en 1999.\u00a0<\/p>\n\n\n\n<p>Posteriorment, en 2002, el Museu de la Ciutat va acollir una exposici\u00f3 coprodu\u00efda per Mostra de Val\u00e8ncia i el C\u00edrculo de Bellas Artes de Madrid. I en 2009, quan es va celebrar la 30a edici\u00f3, el cartell del festival va lluir el rostre de Berlanga, en un disseny de Francis Montesinos basat en una il\u00b7lustraci\u00f3 de Guillermina Royo-Villanova. A m\u00e9s, es va projectar un cicle homenatge al director i es va publicar el llibre &#8220;Visca Berlanga!&#8221;, coordinat per Luis Alegre.<\/p>\n\n\n\n<figure class=\"wp-block-image size-large\"><img loading=\"lazy\" decoding=\"async\" width=\"1024\" height=\"650\" src=\"https:\/\/lamostradevalencia.com\/wp-content\/uploads\/2020\/11\/Juan-Diego-Concha-Velasco-y-Berlanga-1024x650.jpg\" alt=\"\" class=\"wp-image-9976\" srcset=\"https:\/\/lamostradevalencia.com\/wp-content\/uploads\/2020\/11\/Juan-Diego-Concha-Velasco-y-Berlanga-1024x650.jpg 1024w, https:\/\/lamostradevalencia.com\/wp-content\/uploads\/2020\/11\/Juan-Diego-Concha-Velasco-y-Berlanga-300x190.jpg 300w, https:\/\/lamostradevalencia.com\/wp-content\/uploads\/2020\/11\/Juan-Diego-Concha-Velasco-y-Berlanga-768x487.jpg 768w, https:\/\/lamostradevalencia.com\/wp-content\/uploads\/2020\/11\/Juan-Diego-Concha-Velasco-y-Berlanga-1536x974.jpg 1536w, https:\/\/lamostradevalencia.com\/wp-content\/uploads\/2020\/11\/Juan-Diego-Concha-Velasco-y-Berlanga.jpg 1750w\" sizes=\"auto, (max-width: 1024px) 100vw, 1024px\" \/><figcaption><strong>Foto Garc\u00eda Poveda<\/strong><\/figcaption><\/figure>\n","protected":false},"excerpt":{"rendered":"<p>La 36a Mostra de Val\u00e8ncia-Cinema del Mediterrani, que se celebrar\u00e0 del 15 al 24 d&#8217;octubre de 2021, s&#8217;unix a les celebracions per l&#8217;Any Berlanga i [&hellip;]<\/p>\n","protected":false},"author":1,"featured_media":0,"comment_status":"open","ping_status":"open","sticky":false,"template":"","format":"standard","meta":{"_uag_custom_page_level_css":"","_jet_sm_ready_style":"","_jet_sm_style":"","_jet_sm_controls_values":"","_jet_sm_fonts_collection":"","_jet_sm_fonts_links":"","footnotes":""},"categories":[455],"tags":[],"class_list":["post-9981","post","type-post","status-publish","format-standard","hentry","category-noticies"],"yoast_head":"<!-- This site is optimized with the Yoast SEO plugin v27.5 - https:\/\/yoast.com\/product\/yoast-seo-wordpress\/ -->\n<title>BERLANGA, PROTAGONISTA DE LES PROJECCIONS PER A ESTUDIANTS DE LA MOSTRA - Mostra de Val\u00e8ncia<\/title>\n<meta name=\"robots\" content=\"index, follow, max-snippet:-1, max-image-preview:large, max-video-preview:-1\" \/>\n<link rel=\"canonical\" href=\"https:\/\/lamostradevalencia.com\/ca\/berlanga-protagonista-de-les-projeccions-per-a-estudiants-de-la-mostra\/\" \/>\n<meta property=\"og:locale\" content=\"ca_ES\" \/>\n<meta property=\"og:type\" content=\"article\" \/>\n<meta property=\"og:title\" content=\"BERLANGA, PROTAGONISTA DE LES PROJECCIONS PER A ESTUDIANTS DE LA MOSTRA - Mostra de Val\u00e8ncia\" \/>\n<meta property=\"og:description\" content=\"La 36a Mostra de Val\u00e8ncia-Cinema del Mediterrani, que se celebrar\u00e0 del 15 al 24 d&#8217;octubre de 2021, s&#8217;unix a les celebracions per l&#8217;Any Berlanga i [&hellip;]\" \/>\n<meta property=\"og:url\" content=\"https:\/\/lamostradevalencia.com\/ca\/berlanga-protagonista-de-les-projeccions-per-a-estudiants-de-la-mostra\/\" \/>\n<meta property=\"og:site_name\" content=\"Mostra de Val\u00e8ncia\" \/>\n<meta property=\"article:published_time\" content=\"2020-11-30T13:09:40+00:00\" \/>\n<meta property=\"article:modified_time\" content=\"2020-11-30T13:10:02+00:00\" \/>\n<meta property=\"og:image\" content=\"https:\/\/lamostradevalencia.com\/wp-content\/uploads\/2020\/11\/Berlanga-y-Rafael-Azcona-1024x704.jpg\" \/>\n<meta name=\"author\" content=\"Mostra de Val\u00e8ncia\" \/>\n<meta name=\"twitter:card\" content=\"summary_large_image\" \/>\n<meta name=\"twitter:label1\" content=\"Escrit per\" \/>\n\t<meta name=\"twitter:data1\" content=\"Mostra de Val\u00e8ncia\" \/>\n\t<meta name=\"twitter:label2\" content=\"Temps estimat de lectura\" \/>\n\t<meta name=\"twitter:data2\" content=\"2 minuts\" \/>\n<script type=\"application\/ld+json\" class=\"yoast-schema-graph\">{\"@context\":\"https:\\\/\\\/schema.org\",\"@graph\":[{\"@type\":\"Article\",\"@id\":\"https:\\\/\\\/lamostradevalencia.com\\\/ca\\\/berlanga-protagonista-de-les-projeccions-per-a-estudiants-de-la-mostra\\\/#article\",\"isPartOf\":{\"@id\":\"https:\\\/\\\/lamostradevalencia.com\\\/ca\\\/berlanga-protagonista-de-les-projeccions-per-a-estudiants-de-la-mostra\\\/\"},\"author\":{\"name\":\"Mostra de Val\u00e8ncia\",\"@id\":\"https:\\\/\\\/lamostradevalencia.com\\\/ca\\\/#\\\/schema\\\/person\\\/1dc07e4df3d6310b81d2cdf6a034070c\"},\"headline\":\"BERLANGA, PROTAGONISTA DE LES PROJECCIONS PER A ESTUDIANTS DE LA MOSTRA\",\"datePublished\":\"2020-11-30T13:09:40+00:00\",\"dateModified\":\"2020-11-30T13:10:02+00:00\",\"mainEntityOfPage\":{\"@id\":\"https:\\\/\\\/lamostradevalencia.com\\\/ca\\\/berlanga-protagonista-de-les-projeccions-per-a-estudiants-de-la-mostra\\\/\"},\"wordCount\":476,\"commentCount\":0,\"image\":{\"@id\":\"https:\\\/\\\/lamostradevalencia.com\\\/ca\\\/berlanga-protagonista-de-les-projeccions-per-a-estudiants-de-la-mostra\\\/#primaryimage\"},\"thumbnailUrl\":\"https:\\\/\\\/lamostradevalencia.com\\\/wp-content\\\/uploads\\\/2020\\\/11\\\/Berlanga-y-Rafael-Azcona-1024x704.jpg\",\"articleSection\":[\"Noticies\"],\"inLanguage\":\"ca\",\"potentialAction\":[{\"@type\":\"CommentAction\",\"name\":\"Comment\",\"target\":[\"https:\\\/\\\/lamostradevalencia.com\\\/ca\\\/berlanga-protagonista-de-les-projeccions-per-a-estudiants-de-la-mostra\\\/#respond\"]}]},{\"@type\":\"WebPage\",\"@id\":\"https:\\\/\\\/lamostradevalencia.com\\\/ca\\\/berlanga-protagonista-de-les-projeccions-per-a-estudiants-de-la-mostra\\\/\",\"url\":\"https:\\\/\\\/lamostradevalencia.com\\\/ca\\\/berlanga-protagonista-de-les-projeccions-per-a-estudiants-de-la-mostra\\\/\",\"name\":\"BERLANGA, PROTAGONISTA DE LES PROJECCIONS PER A ESTUDIANTS DE LA MOSTRA - Mostra de Val\u00e8ncia\",\"isPartOf\":{\"@id\":\"https:\\\/\\\/lamostradevalencia.com\\\/ca\\\/#website\"},\"primaryImageOfPage\":{\"@id\":\"https:\\\/\\\/lamostradevalencia.com\\\/ca\\\/berlanga-protagonista-de-les-projeccions-per-a-estudiants-de-la-mostra\\\/#primaryimage\"},\"image\":{\"@id\":\"https:\\\/\\\/lamostradevalencia.com\\\/ca\\\/berlanga-protagonista-de-les-projeccions-per-a-estudiants-de-la-mostra\\\/#primaryimage\"},\"thumbnailUrl\":\"https:\\\/\\\/lamostradevalencia.com\\\/wp-content\\\/uploads\\\/2020\\\/11\\\/Berlanga-y-Rafael-Azcona-1024x704.jpg\",\"datePublished\":\"2020-11-30T13:09:40+00:00\",\"dateModified\":\"2020-11-30T13:10:02+00:00\",\"author\":{\"@id\":\"https:\\\/\\\/lamostradevalencia.com\\\/ca\\\/#\\\/schema\\\/person\\\/1dc07e4df3d6310b81d2cdf6a034070c\"},\"breadcrumb\":{\"@id\":\"https:\\\/\\\/lamostradevalencia.com\\\/ca\\\/berlanga-protagonista-de-les-projeccions-per-a-estudiants-de-la-mostra\\\/#breadcrumb\"},\"inLanguage\":\"ca\",\"potentialAction\":[{\"@type\":\"ReadAction\",\"target\":[\"https:\\\/\\\/lamostradevalencia.com\\\/ca\\\/berlanga-protagonista-de-les-projeccions-per-a-estudiants-de-la-mostra\\\/\"]}]},{\"@type\":\"ImageObject\",\"inLanguage\":\"ca\",\"@id\":\"https:\\\/\\\/lamostradevalencia.com\\\/ca\\\/berlanga-protagonista-de-les-projeccions-per-a-estudiants-de-la-mostra\\\/#primaryimage\",\"url\":\"https:\\\/\\\/lamostradevalencia.com\\\/wp-content\\\/uploads\\\/2020\\\/11\\\/Berlanga-y-Rafael-Azcona-1024x704.jpg\",\"contentUrl\":\"https:\\\/\\\/lamostradevalencia.com\\\/wp-content\\\/uploads\\\/2020\\\/11\\\/Berlanga-y-Rafael-Azcona-1024x704.jpg\"},{\"@type\":\"BreadcrumbList\",\"@id\":\"https:\\\/\\\/lamostradevalencia.com\\\/ca\\\/berlanga-protagonista-de-les-projeccions-per-a-estudiants-de-la-mostra\\\/#breadcrumb\",\"itemListElement\":[{\"@type\":\"ListItem\",\"position\":1,\"name\":\"Portada\",\"item\":\"https:\\\/\\\/lamostradevalencia.com\\\/ca\\\/\"},{\"@type\":\"ListItem\",\"position\":2,\"name\":\"BERLANGA, PROTAGONISTA DE LES PROJECCIONS PER A ESTUDIANTS DE LA MOSTRA\"}]},{\"@type\":\"WebSite\",\"@id\":\"https:\\\/\\\/lamostradevalencia.com\\\/ca\\\/#website\",\"url\":\"https:\\\/\\\/lamostradevalencia.com\\\/ca\\\/\",\"name\":\"Mostra de Val\u00e8ncia\",\"description\":\"Cinema del Mediterrani\",\"potentialAction\":[{\"@type\":\"SearchAction\",\"target\":{\"@type\":\"EntryPoint\",\"urlTemplate\":\"https:\\\/\\\/lamostradevalencia.com\\\/ca\\\/?s={search_term_string}\"},\"query-input\":{\"@type\":\"PropertyValueSpecification\",\"valueRequired\":true,\"valueName\":\"search_term_string\"}}],\"inLanguage\":\"ca\"},{\"@type\":\"Person\",\"@id\":\"https:\\\/\\\/lamostradevalencia.com\\\/ca\\\/#\\\/schema\\\/person\\\/1dc07e4df3d6310b81d2cdf6a034070c\",\"name\":\"Mostra de Val\u00e8ncia\",\"image\":{\"@type\":\"ImageObject\",\"inLanguage\":\"ca\",\"@id\":\"https:\\\/\\\/secure.gravatar.com\\\/avatar\\\/ada4dfd699a9907706987adb1bb2b361c2613ccca474b49b8c648de5208e32f8?s=96&d=mm&r=g\",\"url\":\"https:\\\/\\\/secure.gravatar.com\\\/avatar\\\/ada4dfd699a9907706987adb1bb2b361c2613ccca474b49b8c648de5208e32f8?s=96&d=mm&r=g\",\"contentUrl\":\"https:\\\/\\\/secure.gravatar.com\\\/avatar\\\/ada4dfd699a9907706987adb1bb2b361c2613ccca474b49b8c648de5208e32f8?s=96&d=mm&r=g\",\"caption\":\"Mostra de Val\u00e8ncia\"}}]}<\/script>\n<!-- \/ Yoast SEO plugin. -->","yoast_head_json":{"title":"BERLANGA, PROTAGONISTA DE LES PROJECCIONS PER A ESTUDIANTS DE LA MOSTRA - Mostra de Val\u00e8ncia","robots":{"index":"index","follow":"follow","max-snippet":"max-snippet:-1","max-image-preview":"max-image-preview:large","max-video-preview":"max-video-preview:-1"},"canonical":"https:\/\/lamostradevalencia.com\/ca\/berlanga-protagonista-de-les-projeccions-per-a-estudiants-de-la-mostra\/","og_locale":"ca_ES","og_type":"article","og_title":"BERLANGA, PROTAGONISTA DE LES PROJECCIONS PER A ESTUDIANTS DE LA MOSTRA - Mostra de Val\u00e8ncia","og_description":"La 36a Mostra de Val\u00e8ncia-Cinema del Mediterrani, que se celebrar\u00e0 del 15 al 24 d&#8217;octubre de 2021, s&#8217;unix a les celebracions per l&#8217;Any Berlanga i [&hellip;]","og_url":"https:\/\/lamostradevalencia.com\/ca\/berlanga-protagonista-de-les-projeccions-per-a-estudiants-de-la-mostra\/","og_site_name":"Mostra de Val\u00e8ncia","article_published_time":"2020-11-30T13:09:40+00:00","article_modified_time":"2020-11-30T13:10:02+00:00","og_image":[{"url":"https:\/\/lamostradevalencia.com\/wp-content\/uploads\/2020\/11\/Berlanga-y-Rafael-Azcona-1024x704.jpg","type":"","width":"","height":""}],"author":"Mostra de Val\u00e8ncia","twitter_card":"summary_large_image","twitter_misc":{"Escrit per":"Mostra de Val\u00e8ncia","Temps estimat de lectura":"2 minuts"},"schema":{"@context":"https:\/\/schema.org","@graph":[{"@type":"Article","@id":"https:\/\/lamostradevalencia.com\/ca\/berlanga-protagonista-de-les-projeccions-per-a-estudiants-de-la-mostra\/#article","isPartOf":{"@id":"https:\/\/lamostradevalencia.com\/ca\/berlanga-protagonista-de-les-projeccions-per-a-estudiants-de-la-mostra\/"},"author":{"name":"Mostra de Val\u00e8ncia","@id":"https:\/\/lamostradevalencia.com\/ca\/#\/schema\/person\/1dc07e4df3d6310b81d2cdf6a034070c"},"headline":"BERLANGA, PROTAGONISTA DE LES PROJECCIONS PER A ESTUDIANTS DE LA MOSTRA","datePublished":"2020-11-30T13:09:40+00:00","dateModified":"2020-11-30T13:10:02+00:00","mainEntityOfPage":{"@id":"https:\/\/lamostradevalencia.com\/ca\/berlanga-protagonista-de-les-projeccions-per-a-estudiants-de-la-mostra\/"},"wordCount":476,"commentCount":0,"image":{"@id":"https:\/\/lamostradevalencia.com\/ca\/berlanga-protagonista-de-les-projeccions-per-a-estudiants-de-la-mostra\/#primaryimage"},"thumbnailUrl":"https:\/\/lamostradevalencia.com\/wp-content\/uploads\/2020\/11\/Berlanga-y-Rafael-Azcona-1024x704.jpg","articleSection":["Noticies"],"inLanguage":"ca","potentialAction":[{"@type":"CommentAction","name":"Comment","target":["https:\/\/lamostradevalencia.com\/ca\/berlanga-protagonista-de-les-projeccions-per-a-estudiants-de-la-mostra\/#respond"]}]},{"@type":"WebPage","@id":"https:\/\/lamostradevalencia.com\/ca\/berlanga-protagonista-de-les-projeccions-per-a-estudiants-de-la-mostra\/","url":"https:\/\/lamostradevalencia.com\/ca\/berlanga-protagonista-de-les-projeccions-per-a-estudiants-de-la-mostra\/","name":"BERLANGA, PROTAGONISTA DE LES PROJECCIONS PER A ESTUDIANTS DE LA MOSTRA - Mostra de Val\u00e8ncia","isPartOf":{"@id":"https:\/\/lamostradevalencia.com\/ca\/#website"},"primaryImageOfPage":{"@id":"https:\/\/lamostradevalencia.com\/ca\/berlanga-protagonista-de-les-projeccions-per-a-estudiants-de-la-mostra\/#primaryimage"},"image":{"@id":"https:\/\/lamostradevalencia.com\/ca\/berlanga-protagonista-de-les-projeccions-per-a-estudiants-de-la-mostra\/#primaryimage"},"thumbnailUrl":"https:\/\/lamostradevalencia.com\/wp-content\/uploads\/2020\/11\/Berlanga-y-Rafael-Azcona-1024x704.jpg","datePublished":"2020-11-30T13:09:40+00:00","dateModified":"2020-11-30T13:10:02+00:00","author":{"@id":"https:\/\/lamostradevalencia.com\/ca\/#\/schema\/person\/1dc07e4df3d6310b81d2cdf6a034070c"},"breadcrumb":{"@id":"https:\/\/lamostradevalencia.com\/ca\/berlanga-protagonista-de-les-projeccions-per-a-estudiants-de-la-mostra\/#breadcrumb"},"inLanguage":"ca","potentialAction":[{"@type":"ReadAction","target":["https:\/\/lamostradevalencia.com\/ca\/berlanga-protagonista-de-les-projeccions-per-a-estudiants-de-la-mostra\/"]}]},{"@type":"ImageObject","inLanguage":"ca","@id":"https:\/\/lamostradevalencia.com\/ca\/berlanga-protagonista-de-les-projeccions-per-a-estudiants-de-la-mostra\/#primaryimage","url":"https:\/\/lamostradevalencia.com\/wp-content\/uploads\/2020\/11\/Berlanga-y-Rafael-Azcona-1024x704.jpg","contentUrl":"https:\/\/lamostradevalencia.com\/wp-content\/uploads\/2020\/11\/Berlanga-y-Rafael-Azcona-1024x704.jpg"},{"@type":"BreadcrumbList","@id":"https:\/\/lamostradevalencia.com\/ca\/berlanga-protagonista-de-les-projeccions-per-a-estudiants-de-la-mostra\/#breadcrumb","itemListElement":[{"@type":"ListItem","position":1,"name":"Portada","item":"https:\/\/lamostradevalencia.com\/ca\/"},{"@type":"ListItem","position":2,"name":"BERLANGA, PROTAGONISTA DE LES PROJECCIONS PER A ESTUDIANTS DE LA MOSTRA"}]},{"@type":"WebSite","@id":"https:\/\/lamostradevalencia.com\/ca\/#website","url":"https:\/\/lamostradevalencia.com\/ca\/","name":"Mostra de Val\u00e8ncia","description":"Cinema del Mediterrani","potentialAction":[{"@type":"SearchAction","target":{"@type":"EntryPoint","urlTemplate":"https:\/\/lamostradevalencia.com\/ca\/?s={search_term_string}"},"query-input":{"@type":"PropertyValueSpecification","valueRequired":true,"valueName":"search_term_string"}}],"inLanguage":"ca"},{"@type":"Person","@id":"https:\/\/lamostradevalencia.com\/ca\/#\/schema\/person\/1dc07e4df3d6310b81d2cdf6a034070c","name":"Mostra de Val\u00e8ncia","image":{"@type":"ImageObject","inLanguage":"ca","@id":"https:\/\/secure.gravatar.com\/avatar\/ada4dfd699a9907706987adb1bb2b361c2613ccca474b49b8c648de5208e32f8?s=96&d=mm&r=g","url":"https:\/\/secure.gravatar.com\/avatar\/ada4dfd699a9907706987adb1bb2b361c2613ccca474b49b8c648de5208e32f8?s=96&d=mm&r=g","contentUrl":"https:\/\/secure.gravatar.com\/avatar\/ada4dfd699a9907706987adb1bb2b361c2613ccca474b49b8c648de5208e32f8?s=96&d=mm&r=g","caption":"Mostra de Val\u00e8ncia"}}]}},"uagb_featured_image_src":{"full":false,"thumbnail":false,"medium":false,"medium_large":false,"large":false,"1536x1536":false,"2048x2048":false,"cinerama_edge_image_square":false,"cinerama_edge_image_landscape":false,"cinerama_edge_image_portrait":false,"cinerama_edge_image_huge":false,"gform-image-choice-sm":false,"gform-image-choice-md":false,"gform-image-choice-lg":false},"uagb_author_info":{"display_name":"Mostra de Val\u00e8ncia","author_link":"https:\/\/lamostradevalencia.com\/ca\/author\/mostravalencia\/"},"uagb_comment_info":0,"uagb_excerpt":"La 36a Mostra de Val\u00e8ncia-Cinema del Mediterrani, que se celebrar\u00e0 del 15 al 24 d&#8217;octubre de 2021, s&#8217;unix a les celebracions per l&#8217;Any Berlanga i [&hellip;]","_links":{"self":[{"href":"https:\/\/lamostradevalencia.com\/ca\/wp-json\/wp\/v2\/posts\/9981","targetHints":{"allow":["GET"]}}],"collection":[{"href":"https:\/\/lamostradevalencia.com\/ca\/wp-json\/wp\/v2\/posts"}],"about":[{"href":"https:\/\/lamostradevalencia.com\/ca\/wp-json\/wp\/v2\/types\/post"}],"author":[{"embeddable":true,"href":"https:\/\/lamostradevalencia.com\/ca\/wp-json\/wp\/v2\/users\/1"}],"replies":[{"embeddable":true,"href":"https:\/\/lamostradevalencia.com\/ca\/wp-json\/wp\/v2\/comments?post=9981"}],"version-history":[{"count":1,"href":"https:\/\/lamostradevalencia.com\/ca\/wp-json\/wp\/v2\/posts\/9981\/revisions"}],"predecessor-version":[{"id":9982,"href":"https:\/\/lamostradevalencia.com\/ca\/wp-json\/wp\/v2\/posts\/9981\/revisions\/9982"}],"wp:attachment":[{"href":"https:\/\/lamostradevalencia.com\/ca\/wp-json\/wp\/v2\/media?parent=9981"}],"wp:term":[{"taxonomy":"category","embeddable":true,"href":"https:\/\/lamostradevalencia.com\/ca\/wp-json\/wp\/v2\/categories?post=9981"},{"taxonomy":"post_tag","embeddable":true,"href":"https:\/\/lamostradevalencia.com\/ca\/wp-json\/wp\/v2\/tags?post=9981"}],"curies":[{"name":"wp","href":"https:\/\/api.w.org\/{rel}","templated":true}]}}