{"id":9904,"date":"2020-11-06T17:52:50","date_gmt":"2020-11-06T15:52:50","guid":{"rendered":"https:\/\/lamostradevalencia.com\/?p=9904"},"modified":"2020-11-06T17:52:52","modified_gmt":"2020-11-06T15:52:52","slug":"la-mostra-envia-dos-pel%c2%b7licules-valencianes-als-estats-units","status":"publish","type":"post","link":"https:\/\/lamostradevalencia.com\/ca\/la-mostra-envia-dos-pel%c2%b7licules-valencianes-als-estats-units\/","title":{"rendered":"LA MOSTRA ENVIA DOS PEL\u00b7L\u00cdCULES VALENCIANES ALS ESTATS UNITS"},"content":{"rendered":"\n<p>Una col\u00b7laboraci\u00f3 entre la Mostra de Val\u00e8ncia i l&#8217;Albuquerque Latino Film Festival permetr\u00e0 a les pel\u00b7l\u00edcules valencianes \u201cCamagroga\u201d i \u201cZer\u00f8\u201d tindre este mes la seua estrena als Estats Units. El certamen nord-americ\u00e0, que se celebra entre el 19 i el 21 de novembre, est\u00e0 organitzat per l&#8217;Institut Cervantes d&#8217;Albuquerque (Nou M\u00e8xic), i \u00e9s un projecte que t\u00e9 com a principal objectiu propiciar l&#8217;intercanvi cultural i ling\u00fc\u00edstic, aix\u00ed com la promoci\u00f3 de la creaci\u00f3 audiovisual en espanyol i lleng\u00fces cooficials i la difusi\u00f3 de la cultura dels pa\u00efsos hispanoparlants.<\/p>\n\n\n\n<p>El documental \u201cCamagroga\u201d, d&#8217;Alfonso Amador, es va estrenar a Espanya el passat octubre, com a part de la Secci\u00f3 Informativa de Mostra de Val\u00e8ncia 2020, i \u00e9s un retrat \u00edntim d&#8217;una fam\u00edlia de llauradors que es dedica al cultiu de la xufa en un moment hist\u00f2ric en qu\u00e8 l&#8217;horta valenciana sembla abocada a una lenta per\u00f2 inexorable desaparici\u00f3. Un film \u201csobre la transmissi\u00f3 de coneixement\u201d, segons paraules del seu director.<\/p>\n\n\n\n<figure class=\"wp-block-image size-large\"><img loading=\"lazy\" decoding=\"async\" width=\"1024\" height=\"540\" src=\"https:\/\/lamostradevalencia.com\/wp-content\/uploads\/2020\/09\/Camagroga-1-1024x540.jpg\" alt=\"\" class=\"wp-image-8014\" srcset=\"https:\/\/lamostradevalencia.com\/wp-content\/uploads\/2020\/09\/Camagroga-1-1024x540.jpg 1024w, https:\/\/lamostradevalencia.com\/wp-content\/uploads\/2020\/09\/Camagroga-1-300x158.jpg 300w, https:\/\/lamostradevalencia.com\/wp-content\/uploads\/2020\/09\/Camagroga-1-768x405.jpg 768w, https:\/\/lamostradevalencia.com\/wp-content\/uploads\/2020\/09\/Camagroga-1-1536x810.jpg 1536w\" sizes=\"auto, (max-width: 1024px) 100vw, 1024px\" \/><\/figure>\n\n\n\n<p>Per part seua, \u201cZer\u00f8\u201d \u00e9s el primer llarg de ficci\u00f3 d&#8217;I\u00f1aki S\u00e1nchez Arrieta, i va formar part de la Secci\u00f3 Oficial a competici\u00f3 en Mostra de Val\u00e8ncia 2019. Un intens drama de parella que no es resol fins als minuts finals i que ha perm\u00e9s al seu director encarar la realitzaci\u00f3 de \u201cLodo\u201d, la seua segona pel\u00b7l\u00edcula, protagonitzada per Ra\u00fal Ar\u00e9valo i Paz Vega i actualment en fase de rodatge.<\/p>\n\n\n\n<figure class=\"wp-block-image size-large\"><img loading=\"lazy\" decoding=\"async\" width=\"1024\" height=\"430\" src=\"https:\/\/lamostradevalencia.com\/wp-content\/uploads\/2020\/11\/Zero-1024x430.jpg\" alt=\"\" class=\"wp-image-9894\" srcset=\"https:\/\/lamostradevalencia.com\/wp-content\/uploads\/2020\/11\/Zero-1024x430.jpg 1024w, https:\/\/lamostradevalencia.com\/wp-content\/uploads\/2020\/11\/Zero-300x126.jpg 300w, https:\/\/lamostradevalencia.com\/wp-content\/uploads\/2020\/11\/Zero-768x322.jpg 768w, https:\/\/lamostradevalencia.com\/wp-content\/uploads\/2020\/11\/Zero-1536x644.jpg 1536w\" sizes=\"auto, (max-width: 1024px) 100vw, 1024px\" \/><\/figure>\n\n\n\n<p>Al marge de les projeccions, l&#8217;Albuquerque Latino Film Festival organitza una xarrada mitjan\u00e7ant zoom que tindr\u00e0 lloc el 19 de novembre, a les 20h (hora espanyola). Estar\u00e0 moderada per Silvia Grijalba, directora de l&#8217;Institut Cervantes, i comptar\u00e0 amb la participaci\u00f3 d&#8217;Eduardo Guillot, director art\u00edstic de Mostra de Val\u00e8ncia, aix\u00ed com dels realitzadors Alfonso Amador i Andrea Jaurrieta. La trobada plantejar\u00e0 una reflexi\u00f3 sobre l&#8217;actual moment del cinema valenci\u00e0 i els festivals internacionals.<\/p>\n\n\n\n<p>La 35a Mostra de Val\u00e8ncia va tancar la seua edici\u00f3 presencial el passat 1 de novembre, per\u00f2 els seus ressons van m\u00e9s enll\u00e0 dels deu dies de projeccions i activitats concentrats a les sales. La masterclass de Marina Abramovic, per exemple, ha sobrepassat ja els 8.500 visionats en YouTube, mentre que l&#8217;\u00e8xit de l&#8217;exposici\u00f3 \u201cCinema a la m\u00e0\u201d, en la Galeria del Tossal, ha obligat a prorrogar l&#8217;activitat fins al 6 de gener de 2021.<\/p>\n\n\n\n<figure class=\"wp-block-image size-large\"><img loading=\"lazy\" decoding=\"async\" width=\"1024\" height=\"683\" src=\"https:\/\/lamostradevalencia.com\/wp-content\/uploads\/2020\/10\/Expo-Mostra-Valencia-2-1024x683.jpg\" alt=\"\" class=\"wp-image-9525\" srcset=\"https:\/\/lamostradevalencia.com\/wp-content\/uploads\/2020\/10\/Expo-Mostra-Valencia-2-1024x683.jpg 1024w, https:\/\/lamostradevalencia.com\/wp-content\/uploads\/2020\/10\/Expo-Mostra-Valencia-2-300x200.jpg 300w, https:\/\/lamostradevalencia.com\/wp-content\/uploads\/2020\/10\/Expo-Mostra-Valencia-2-768x512.jpg 768w, https:\/\/lamostradevalencia.com\/wp-content\/uploads\/2020\/10\/Expo-Mostra-Valencia-2-1536x1024.jpg 1536w\" sizes=\"auto, (max-width: 1024px) 100vw, 1024px\" \/><\/figure>\n","protected":false},"excerpt":{"rendered":"<p>Una col\u00b7laboraci\u00f3 entre la Mostra de Val\u00e8ncia i l&#8217;Albuquerque Latino Film Festival permetr\u00e0 a les pel\u00b7l\u00edcules valencianes \u201cCamagroga\u201d i \u201cZer\u00f8\u201d tindre este mes la seua [&hellip;]<\/p>\n","protected":false},"author":1,"featured_media":0,"comment_status":"open","ping_status":"open","sticky":false,"template":"","format":"standard","meta":{"_uag_custom_page_level_css":"","_jet_sm_ready_style":"","_jet_sm_style":"","_jet_sm_controls_values":"","_jet_sm_fonts_collection":"","_jet_sm_fonts_links":"","footnotes":""},"categories":[455],"tags":[],"class_list":["post-9904","post","type-post","status-publish","format-standard","hentry","category-noticies"],"yoast_head":"<!-- This site is optimized with the Yoast SEO plugin v27.5 - https:\/\/yoast.com\/product\/yoast-seo-wordpress\/ -->\n<title>LA MOSTRA ENVIA DOS PEL\u00b7L\u00cdCULES VALENCIANES ALS ESTATS UNITS - Mostra de Val\u00e8ncia<\/title>\n<meta name=\"robots\" content=\"index, follow, max-snippet:-1, max-image-preview:large, max-video-preview:-1\" \/>\n<link rel=\"canonical\" href=\"https:\/\/lamostradevalencia.com\/ca\/la-mostra-envia-dos-pel%c2%b7licules-valencianes-als-estats-units\/\" \/>\n<meta property=\"og:locale\" content=\"ca_ES\" \/>\n<meta property=\"og:type\" content=\"article\" \/>\n<meta property=\"og:title\" content=\"LA MOSTRA ENVIA DOS PEL\u00b7L\u00cdCULES VALENCIANES ALS ESTATS UNITS - Mostra de Val\u00e8ncia\" \/>\n<meta property=\"og:description\" content=\"Una col\u00b7laboraci\u00f3 entre la Mostra de Val\u00e8ncia i l&#8217;Albuquerque Latino Film Festival permetr\u00e0 a les pel\u00b7l\u00edcules valencianes \u201cCamagroga\u201d i \u201cZer\u00f8\u201d tindre este mes la seua [&hellip;]\" \/>\n<meta property=\"og:url\" content=\"https:\/\/lamostradevalencia.com\/ca\/la-mostra-envia-dos-pel%c2%b7licules-valencianes-als-estats-units\/\" \/>\n<meta property=\"og:site_name\" content=\"Mostra de Val\u00e8ncia\" \/>\n<meta property=\"article:published_time\" content=\"2020-11-06T15:52:50+00:00\" \/>\n<meta property=\"article:modified_time\" content=\"2020-11-06T15:52:52+00:00\" \/>\n<meta property=\"og:image\" content=\"https:\/\/lamostradevalencia.com\/wp-content\/uploads\/2020\/09\/Camagroga-1-1024x540.jpg\" \/>\n<meta name=\"author\" content=\"Mostra de Val\u00e8ncia\" \/>\n<meta name=\"twitter:card\" content=\"summary_large_image\" \/>\n<meta name=\"twitter:label1\" content=\"Escrit per\" \/>\n\t<meta name=\"twitter:data1\" content=\"Mostra de Val\u00e8ncia\" \/>\n\t<meta name=\"twitter:label2\" content=\"Temps estimat de lectura\" \/>\n\t<meta name=\"twitter:data2\" content=\"2 minuts\" \/>\n<script type=\"application\/ld+json\" class=\"yoast-schema-graph\">{\"@context\":\"https:\\\/\\\/schema.org\",\"@graph\":[{\"@type\":\"Article\",\"@id\":\"https:\\\/\\\/lamostradevalencia.com\\\/ca\\\/la-mostra-envia-dos-pel%c2%b7licules-valencianes-als-estats-units\\\/#article\",\"isPartOf\":{\"@id\":\"https:\\\/\\\/lamostradevalencia.com\\\/ca\\\/la-mostra-envia-dos-pel%c2%b7licules-valencianes-als-estats-units\\\/\"},\"author\":{\"name\":\"Mostra de Val\u00e8ncia\",\"@id\":\"https:\\\/\\\/lamostradevalencia.com\\\/ca\\\/#\\\/schema\\\/person\\\/1dc07e4df3d6310b81d2cdf6a034070c\"},\"headline\":\"LA MOSTRA ENVIA DOS PEL\u00b7L\u00cdCULES VALENCIANES ALS ESTATS UNITS\",\"datePublished\":\"2020-11-06T15:52:50+00:00\",\"dateModified\":\"2020-11-06T15:52:52+00:00\",\"mainEntityOfPage\":{\"@id\":\"https:\\\/\\\/lamostradevalencia.com\\\/ca\\\/la-mostra-envia-dos-pel%c2%b7licules-valencianes-als-estats-units\\\/\"},\"wordCount\":416,\"commentCount\":0,\"image\":{\"@id\":\"https:\\\/\\\/lamostradevalencia.com\\\/ca\\\/la-mostra-envia-dos-pel%c2%b7licules-valencianes-als-estats-units\\\/#primaryimage\"},\"thumbnailUrl\":\"https:\\\/\\\/lamostradevalencia.com\\\/wp-content\\\/uploads\\\/2020\\\/09\\\/Camagroga-1-1024x540.jpg\",\"articleSection\":[\"Noticies\"],\"inLanguage\":\"ca\",\"potentialAction\":[{\"@type\":\"CommentAction\",\"name\":\"Comment\",\"target\":[\"https:\\\/\\\/lamostradevalencia.com\\\/ca\\\/la-mostra-envia-dos-pel%c2%b7licules-valencianes-als-estats-units\\\/#respond\"]}]},{\"@type\":\"WebPage\",\"@id\":\"https:\\\/\\\/lamostradevalencia.com\\\/ca\\\/la-mostra-envia-dos-pel%c2%b7licules-valencianes-als-estats-units\\\/\",\"url\":\"https:\\\/\\\/lamostradevalencia.com\\\/ca\\\/la-mostra-envia-dos-pel%c2%b7licules-valencianes-als-estats-units\\\/\",\"name\":\"LA MOSTRA ENVIA DOS PEL\u00b7L\u00cdCULES VALENCIANES ALS ESTATS UNITS - Mostra de Val\u00e8ncia\",\"isPartOf\":{\"@id\":\"https:\\\/\\\/lamostradevalencia.com\\\/ca\\\/#website\"},\"primaryImageOfPage\":{\"@id\":\"https:\\\/\\\/lamostradevalencia.com\\\/ca\\\/la-mostra-envia-dos-pel%c2%b7licules-valencianes-als-estats-units\\\/#primaryimage\"},\"image\":{\"@id\":\"https:\\\/\\\/lamostradevalencia.com\\\/ca\\\/la-mostra-envia-dos-pel%c2%b7licules-valencianes-als-estats-units\\\/#primaryimage\"},\"thumbnailUrl\":\"https:\\\/\\\/lamostradevalencia.com\\\/wp-content\\\/uploads\\\/2020\\\/09\\\/Camagroga-1-1024x540.jpg\",\"datePublished\":\"2020-11-06T15:52:50+00:00\",\"dateModified\":\"2020-11-06T15:52:52+00:00\",\"author\":{\"@id\":\"https:\\\/\\\/lamostradevalencia.com\\\/ca\\\/#\\\/schema\\\/person\\\/1dc07e4df3d6310b81d2cdf6a034070c\"},\"breadcrumb\":{\"@id\":\"https:\\\/\\\/lamostradevalencia.com\\\/ca\\\/la-mostra-envia-dos-pel%c2%b7licules-valencianes-als-estats-units\\\/#breadcrumb\"},\"inLanguage\":\"ca\",\"potentialAction\":[{\"@type\":\"ReadAction\",\"target\":[\"https:\\\/\\\/lamostradevalencia.com\\\/ca\\\/la-mostra-envia-dos-pel%c2%b7licules-valencianes-als-estats-units\\\/\"]}]},{\"@type\":\"ImageObject\",\"inLanguage\":\"ca\",\"@id\":\"https:\\\/\\\/lamostradevalencia.com\\\/ca\\\/la-mostra-envia-dos-pel%c2%b7licules-valencianes-als-estats-units\\\/#primaryimage\",\"url\":\"https:\\\/\\\/lamostradevalencia.com\\\/wp-content\\\/uploads\\\/2020\\\/09\\\/Camagroga-1-1024x540.jpg\",\"contentUrl\":\"https:\\\/\\\/lamostradevalencia.com\\\/wp-content\\\/uploads\\\/2020\\\/09\\\/Camagroga-1-1024x540.jpg\"},{\"@type\":\"BreadcrumbList\",\"@id\":\"https:\\\/\\\/lamostradevalencia.com\\\/ca\\\/la-mostra-envia-dos-pel%c2%b7licules-valencianes-als-estats-units\\\/#breadcrumb\",\"itemListElement\":[{\"@type\":\"ListItem\",\"position\":1,\"name\":\"Portada\",\"item\":\"https:\\\/\\\/lamostradevalencia.com\\\/ca\\\/\"},{\"@type\":\"ListItem\",\"position\":2,\"name\":\"LA MOSTRA ENVIA DOS PEL\u00b7L\u00cdCULES VALENCIANES ALS ESTATS UNITS\"}]},{\"@type\":\"WebSite\",\"@id\":\"https:\\\/\\\/lamostradevalencia.com\\\/ca\\\/#website\",\"url\":\"https:\\\/\\\/lamostradevalencia.com\\\/ca\\\/\",\"name\":\"Mostra de Val\u00e8ncia\",\"description\":\"Cinema del Mediterrani\",\"potentialAction\":[{\"@type\":\"SearchAction\",\"target\":{\"@type\":\"EntryPoint\",\"urlTemplate\":\"https:\\\/\\\/lamostradevalencia.com\\\/ca\\\/?s={search_term_string}\"},\"query-input\":{\"@type\":\"PropertyValueSpecification\",\"valueRequired\":true,\"valueName\":\"search_term_string\"}}],\"inLanguage\":\"ca\"},{\"@type\":\"Person\",\"@id\":\"https:\\\/\\\/lamostradevalencia.com\\\/ca\\\/#\\\/schema\\\/person\\\/1dc07e4df3d6310b81d2cdf6a034070c\",\"name\":\"Mostra de Val\u00e8ncia\",\"image\":{\"@type\":\"ImageObject\",\"inLanguage\":\"ca\",\"@id\":\"https:\\\/\\\/secure.gravatar.com\\\/avatar\\\/ada4dfd699a9907706987adb1bb2b361c2613ccca474b49b8c648de5208e32f8?s=96&d=mm&r=g\",\"url\":\"https:\\\/\\\/secure.gravatar.com\\\/avatar\\\/ada4dfd699a9907706987adb1bb2b361c2613ccca474b49b8c648de5208e32f8?s=96&d=mm&r=g\",\"contentUrl\":\"https:\\\/\\\/secure.gravatar.com\\\/avatar\\\/ada4dfd699a9907706987adb1bb2b361c2613ccca474b49b8c648de5208e32f8?s=96&d=mm&r=g\",\"caption\":\"Mostra de Val\u00e8ncia\"}}]}<\/script>\n<!-- \/ Yoast SEO plugin. -->","yoast_head_json":{"title":"LA MOSTRA ENVIA DOS PEL\u00b7L\u00cdCULES VALENCIANES ALS ESTATS UNITS - Mostra de Val\u00e8ncia","robots":{"index":"index","follow":"follow","max-snippet":"max-snippet:-1","max-image-preview":"max-image-preview:large","max-video-preview":"max-video-preview:-1"},"canonical":"https:\/\/lamostradevalencia.com\/ca\/la-mostra-envia-dos-pel%c2%b7licules-valencianes-als-estats-units\/","og_locale":"ca_ES","og_type":"article","og_title":"LA MOSTRA ENVIA DOS PEL\u00b7L\u00cdCULES VALENCIANES ALS ESTATS UNITS - Mostra de Val\u00e8ncia","og_description":"Una col\u00b7laboraci\u00f3 entre la Mostra de Val\u00e8ncia i l&#8217;Albuquerque Latino Film Festival permetr\u00e0 a les pel\u00b7l\u00edcules valencianes \u201cCamagroga\u201d i \u201cZer\u00f8\u201d tindre este mes la seua [&hellip;]","og_url":"https:\/\/lamostradevalencia.com\/ca\/la-mostra-envia-dos-pel%c2%b7licules-valencianes-als-estats-units\/","og_site_name":"Mostra de Val\u00e8ncia","article_published_time":"2020-11-06T15:52:50+00:00","article_modified_time":"2020-11-06T15:52:52+00:00","og_image":[{"url":"https:\/\/lamostradevalencia.com\/wp-content\/uploads\/2020\/09\/Camagroga-1-1024x540.jpg","type":"","width":"","height":""}],"author":"Mostra de Val\u00e8ncia","twitter_card":"summary_large_image","twitter_misc":{"Escrit per":"Mostra de Val\u00e8ncia","Temps estimat de lectura":"2 minuts"},"schema":{"@context":"https:\/\/schema.org","@graph":[{"@type":"Article","@id":"https:\/\/lamostradevalencia.com\/ca\/la-mostra-envia-dos-pel%c2%b7licules-valencianes-als-estats-units\/#article","isPartOf":{"@id":"https:\/\/lamostradevalencia.com\/ca\/la-mostra-envia-dos-pel%c2%b7licules-valencianes-als-estats-units\/"},"author":{"name":"Mostra de Val\u00e8ncia","@id":"https:\/\/lamostradevalencia.com\/ca\/#\/schema\/person\/1dc07e4df3d6310b81d2cdf6a034070c"},"headline":"LA MOSTRA ENVIA DOS PEL\u00b7L\u00cdCULES VALENCIANES ALS ESTATS UNITS","datePublished":"2020-11-06T15:52:50+00:00","dateModified":"2020-11-06T15:52:52+00:00","mainEntityOfPage":{"@id":"https:\/\/lamostradevalencia.com\/ca\/la-mostra-envia-dos-pel%c2%b7licules-valencianes-als-estats-units\/"},"wordCount":416,"commentCount":0,"image":{"@id":"https:\/\/lamostradevalencia.com\/ca\/la-mostra-envia-dos-pel%c2%b7licules-valencianes-als-estats-units\/#primaryimage"},"thumbnailUrl":"https:\/\/lamostradevalencia.com\/wp-content\/uploads\/2020\/09\/Camagroga-1-1024x540.jpg","articleSection":["Noticies"],"inLanguage":"ca","potentialAction":[{"@type":"CommentAction","name":"Comment","target":["https:\/\/lamostradevalencia.com\/ca\/la-mostra-envia-dos-pel%c2%b7licules-valencianes-als-estats-units\/#respond"]}]},{"@type":"WebPage","@id":"https:\/\/lamostradevalencia.com\/ca\/la-mostra-envia-dos-pel%c2%b7licules-valencianes-als-estats-units\/","url":"https:\/\/lamostradevalencia.com\/ca\/la-mostra-envia-dos-pel%c2%b7licules-valencianes-als-estats-units\/","name":"LA MOSTRA ENVIA DOS PEL\u00b7L\u00cdCULES VALENCIANES ALS ESTATS UNITS - Mostra de Val\u00e8ncia","isPartOf":{"@id":"https:\/\/lamostradevalencia.com\/ca\/#website"},"primaryImageOfPage":{"@id":"https:\/\/lamostradevalencia.com\/ca\/la-mostra-envia-dos-pel%c2%b7licules-valencianes-als-estats-units\/#primaryimage"},"image":{"@id":"https:\/\/lamostradevalencia.com\/ca\/la-mostra-envia-dos-pel%c2%b7licules-valencianes-als-estats-units\/#primaryimage"},"thumbnailUrl":"https:\/\/lamostradevalencia.com\/wp-content\/uploads\/2020\/09\/Camagroga-1-1024x540.jpg","datePublished":"2020-11-06T15:52:50+00:00","dateModified":"2020-11-06T15:52:52+00:00","author":{"@id":"https:\/\/lamostradevalencia.com\/ca\/#\/schema\/person\/1dc07e4df3d6310b81d2cdf6a034070c"},"breadcrumb":{"@id":"https:\/\/lamostradevalencia.com\/ca\/la-mostra-envia-dos-pel%c2%b7licules-valencianes-als-estats-units\/#breadcrumb"},"inLanguage":"ca","potentialAction":[{"@type":"ReadAction","target":["https:\/\/lamostradevalencia.com\/ca\/la-mostra-envia-dos-pel%c2%b7licules-valencianes-als-estats-units\/"]}]},{"@type":"ImageObject","inLanguage":"ca","@id":"https:\/\/lamostradevalencia.com\/ca\/la-mostra-envia-dos-pel%c2%b7licules-valencianes-als-estats-units\/#primaryimage","url":"https:\/\/lamostradevalencia.com\/wp-content\/uploads\/2020\/09\/Camagroga-1-1024x540.jpg","contentUrl":"https:\/\/lamostradevalencia.com\/wp-content\/uploads\/2020\/09\/Camagroga-1-1024x540.jpg"},{"@type":"BreadcrumbList","@id":"https:\/\/lamostradevalencia.com\/ca\/la-mostra-envia-dos-pel%c2%b7licules-valencianes-als-estats-units\/#breadcrumb","itemListElement":[{"@type":"ListItem","position":1,"name":"Portada","item":"https:\/\/lamostradevalencia.com\/ca\/"},{"@type":"ListItem","position":2,"name":"LA MOSTRA ENVIA DOS PEL\u00b7L\u00cdCULES VALENCIANES ALS ESTATS UNITS"}]},{"@type":"WebSite","@id":"https:\/\/lamostradevalencia.com\/ca\/#website","url":"https:\/\/lamostradevalencia.com\/ca\/","name":"Mostra de Val\u00e8ncia","description":"Cinema del Mediterrani","potentialAction":[{"@type":"SearchAction","target":{"@type":"EntryPoint","urlTemplate":"https:\/\/lamostradevalencia.com\/ca\/?s={search_term_string}"},"query-input":{"@type":"PropertyValueSpecification","valueRequired":true,"valueName":"search_term_string"}}],"inLanguage":"ca"},{"@type":"Person","@id":"https:\/\/lamostradevalencia.com\/ca\/#\/schema\/person\/1dc07e4df3d6310b81d2cdf6a034070c","name":"Mostra de Val\u00e8ncia","image":{"@type":"ImageObject","inLanguage":"ca","@id":"https:\/\/secure.gravatar.com\/avatar\/ada4dfd699a9907706987adb1bb2b361c2613ccca474b49b8c648de5208e32f8?s=96&d=mm&r=g","url":"https:\/\/secure.gravatar.com\/avatar\/ada4dfd699a9907706987adb1bb2b361c2613ccca474b49b8c648de5208e32f8?s=96&d=mm&r=g","contentUrl":"https:\/\/secure.gravatar.com\/avatar\/ada4dfd699a9907706987adb1bb2b361c2613ccca474b49b8c648de5208e32f8?s=96&d=mm&r=g","caption":"Mostra de Val\u00e8ncia"}}]}},"uagb_featured_image_src":{"full":false,"thumbnail":false,"medium":false,"medium_large":false,"large":false,"1536x1536":false,"2048x2048":false,"cinerama_edge_image_square":false,"cinerama_edge_image_landscape":false,"cinerama_edge_image_portrait":false,"cinerama_edge_image_huge":false,"gform-image-choice-sm":false,"gform-image-choice-md":false,"gform-image-choice-lg":false},"uagb_author_info":{"display_name":"Mostra de Val\u00e8ncia","author_link":"https:\/\/lamostradevalencia.com\/ca\/author\/mostravalencia\/"},"uagb_comment_info":0,"uagb_excerpt":"Una col\u00b7laboraci\u00f3 entre la Mostra de Val\u00e8ncia i l&#8217;Albuquerque Latino Film Festival permetr\u00e0 a les pel\u00b7l\u00edcules valencianes \u201cCamagroga\u201d i \u201cZer\u00f8\u201d tindre este mes la seua [&hellip;]","_links":{"self":[{"href":"https:\/\/lamostradevalencia.com\/ca\/wp-json\/wp\/v2\/posts\/9904","targetHints":{"allow":["GET"]}}],"collection":[{"href":"https:\/\/lamostradevalencia.com\/ca\/wp-json\/wp\/v2\/posts"}],"about":[{"href":"https:\/\/lamostradevalencia.com\/ca\/wp-json\/wp\/v2\/types\/post"}],"author":[{"embeddable":true,"href":"https:\/\/lamostradevalencia.com\/ca\/wp-json\/wp\/v2\/users\/1"}],"replies":[{"embeddable":true,"href":"https:\/\/lamostradevalencia.com\/ca\/wp-json\/wp\/v2\/comments?post=9904"}],"version-history":[{"count":1,"href":"https:\/\/lamostradevalencia.com\/ca\/wp-json\/wp\/v2\/posts\/9904\/revisions"}],"predecessor-version":[{"id":9905,"href":"https:\/\/lamostradevalencia.com\/ca\/wp-json\/wp\/v2\/posts\/9904\/revisions\/9905"}],"wp:attachment":[{"href":"https:\/\/lamostradevalencia.com\/ca\/wp-json\/wp\/v2\/media?parent=9904"}],"wp:term":[{"taxonomy":"category","embeddable":true,"href":"https:\/\/lamostradevalencia.com\/ca\/wp-json\/wp\/v2\/categories?post=9904"},{"taxonomy":"post_tag","embeddable":true,"href":"https:\/\/lamostradevalencia.com\/ca\/wp-json\/wp\/v2\/tags?post=9904"}],"curies":[{"name":"wp","href":"https:\/\/api.w.org\/{rel}","templated":true}]}}