{"id":9688,"date":"2020-10-20T18:15:27","date_gmt":"2020-10-20T16:15:27","guid":{"rendered":"https:\/\/lamostradevalencia.com\/?p=9688"},"modified":"2020-10-20T18:15:29","modified_gmt":"2020-10-20T16:15:29","slug":"mariano-barroso-i-felix-viscarret-compartixen-la-seua-mirada-sobre-el-conflicte-basc-en-la-mostra-de-valencia","status":"publish","type":"post","link":"https:\/\/lamostradevalencia.com\/ca\/mariano-barroso-i-felix-viscarret-compartixen-la-seua-mirada-sobre-el-conflicte-basc-en-la-mostra-de-valencia\/","title":{"rendered":"Mariano Barroso i F\u00e9lix Viscarret compartixen la seua mirada sobre el conflicte basc en la Mostra de Val\u00e8ncia"},"content":{"rendered":"\n<p>El panorama audiovisual est\u00e0 vivint una eclosi\u00f3 de propostes, tant en ficci\u00f3 com en format documental, que fan la vista arrere i analitzen la hist\u00f2ria de la banda terrorista ETA en la dist\u00e0ncia. En l&#8217;\u00faltim any s&#8217;han estrenat m\u00e9s de quatre projectes diferents intentant entendre la hist\u00f2ria recent del Pa\u00eds Basc.<\/p>\n\n\n\n<p>En la seua 35a edici\u00f3, Mostra de Val\u00e8ncia presenta el cicle &#8220;Mirades al voltant del conflicte basc&#8221;, una selecci\u00f3 de pel\u00b7l\u00edcules que han abordat la viol\u00e8ncia terrorista. Una proposta fonamental per a comprendre la hist\u00f2ria m\u00e9s recent del nostre pa\u00eds, en un moment en qu\u00e8 el tema torna a estar en primera l\u00ednia d&#8217;actualitat.\u00a0<\/p>\n\n\n\n<figure class=\"wp-block-image size-large\"><img loading=\"lazy\" decoding=\"async\" width=\"1024\" height=\"683\" src=\"https:\/\/lamostradevalencia.com\/wp-content\/uploads\/2020\/10\/La-li\u0301nea-invisible-1024x683.jpg\" alt=\"\" class=\"wp-image-9099\" srcset=\"https:\/\/lamostradevalencia.com\/wp-content\/uploads\/2020\/10\/La-li\u0301nea-invisible-1024x683.jpg 1024w, https:\/\/lamostradevalencia.com\/wp-content\/uploads\/2020\/10\/La-li\u0301nea-invisible-300x200.jpg 300w, https:\/\/lamostradevalencia.com\/wp-content\/uploads\/2020\/10\/La-li\u0301nea-invisible-768x512.jpg 768w, https:\/\/lamostradevalencia.com\/wp-content\/uploads\/2020\/10\/La-li\u0301nea-invisible-1536x1024.jpg 1536w, https:\/\/lamostradevalencia.com\/wp-content\/uploads\/2020\/10\/La-li\u0301nea-invisible.jpg 1800w\" sizes=\"auto, (max-width: 1024px) 100vw, 1024px\" \/><\/figure>\n\n\n\n<p>A prop\u00f2sit del cicle que projecta el festival, Mariano Barroso (director de &#8220;La l\u00ednia invisible&#8221;) i F\u00e9lix Viscarret (codirector de la s\u00e8rie &#8220;Patria&#8221;) dialogaran, dissabte que ve 24 d&#8217;octubre a les 19h en la Fundaci\u00f3 Bancaixa, sobre la manera en qu\u00e8 l&#8217;audiovisual s&#8217;ha acostat al conflicte basc i sobre la seua aproximaci\u00f3 personal al tema al voltant de q\u00fcestions com ara la posada en escena o les decisions narratives. Modera la trobada la periodista valenciana Lola Ba\u00f1\u00f3n.<\/p>\n\n\n\n<p>Mariano Barroso, president de l\u2019Acad\u00e8mia de les Arts i les Ci\u00e8ncies Cinematogr\u00e0fiques d\u2019Espanya, va dirigir &#8220;La l\u00ednia invisible&#8221;, que relata els mesos de maniobres en la clandestinitat de Txabi Etxebarrieta, primer assass\u00ed d&#8217;ETA, i el seu germ\u00e0 per a fer-se amb el control de la banda i dirigir-la cap a la lluita armada.&nbsp;<\/p>\n\n\n\n<p>D\u2019una altra banda, F\u00e9lix Viscarret ha dirigit la primera meitat de &#8220;Patria&#8221; per a HBO. Una s\u00e8rie que adapta la novel\u00b7la de Fernando Aramburu sobre l&#8217;impacte d&#8217;ETA en la societat. Conta la hist\u00f2ria de dos dones, i les seues fam\u00edlies, a les quals el terrorisme d&#8217;ETA els ha canviat la vida. Per\u00f2 no, no \u00e9s la hist\u00f2ria de dos personatges i fam\u00edlies enfrontades, sin\u00f3 el reflex de trenta anys del conflicte basc i el seu impacte en la gent comuna.<\/p>\n\n\n\n<p>Despr\u00e9s del rodatge de la s\u00e8rie, el cineasta navarr\u00e9s est\u00e0 embarcat en el rodatge de &#8220;Una vida no tan simple&#8221;, retrat d&#8217;una &#8220;crisi generacional&#8221; en la qual sotsobren un grup de personatges incapa\u00e7os de tirar avant.<\/p>\n\n\n\n<figure class=\"wp-block-image size-large\"><img loading=\"lazy\" decoding=\"async\" width=\"1024\" height=\"576\" src=\"https:\/\/lamostradevalencia.com\/wp-content\/uploads\/2020\/10\/La-linea-invisible-1024x576.jpg\" alt=\"\" class=\"wp-image-9282\" srcset=\"https:\/\/lamostradevalencia.com\/wp-content\/uploads\/2020\/10\/La-linea-invisible-1024x576.jpg 1024w, https:\/\/lamostradevalencia.com\/wp-content\/uploads\/2020\/10\/La-linea-invisible-300x169.jpg 300w, https:\/\/lamostradevalencia.com\/wp-content\/uploads\/2020\/10\/La-linea-invisible-768x432.jpg 768w, https:\/\/lamostradevalencia.com\/wp-content\/uploads\/2020\/10\/La-linea-invisible.jpg 1200w\" sizes=\"auto, (max-width: 1024px) 100vw, 1024px\" \/><\/figure>\n","protected":false},"excerpt":{"rendered":"<p>El panorama audiovisual est\u00e0 vivint una eclosi\u00f3 de propostes, tant en ficci\u00f3 com en format documental, que fan la vista arrere i analitzen la hist\u00f2ria [&hellip;]<\/p>\n","protected":false},"author":1,"featured_media":9683,"comment_status":"open","ping_status":"open","sticky":false,"template":"","format":"standard","meta":{"_uag_custom_page_level_css":"","_jet_sm_ready_style":"","_jet_sm_style":"","_jet_sm_controls_values":"","_jet_sm_fonts_collection":"","_jet_sm_fonts_links":"","footnotes":""},"categories":[455],"tags":[],"class_list":["post-9688","post","type-post","status-publish","format-standard","has-post-thumbnail","hentry","category-noticies"],"yoast_head":"<!-- This site is optimized with the Yoast SEO plugin v27.5 - https:\/\/yoast.com\/product\/yoast-seo-wordpress\/ -->\n<title>Mariano Barroso i F\u00e9lix Viscarret compartixen la seua mirada sobre el conflicte basc en la Mostra de Val\u00e8ncia - Mostra de Val\u00e8ncia<\/title>\n<meta name=\"robots\" content=\"index, follow, max-snippet:-1, max-image-preview:large, max-video-preview:-1\" \/>\n<link rel=\"canonical\" href=\"https:\/\/lamostradevalencia.com\/ca\/mariano-barroso-i-felix-viscarret-compartixen-la-seua-mirada-sobre-el-conflicte-basc-en-la-mostra-de-valencia\/\" \/>\n<meta property=\"og:locale\" content=\"ca_ES\" \/>\n<meta property=\"og:type\" content=\"article\" \/>\n<meta property=\"og:title\" content=\"Mariano Barroso i F\u00e9lix Viscarret compartixen la seua mirada sobre el conflicte basc en la Mostra de Val\u00e8ncia - Mostra de Val\u00e8ncia\" \/>\n<meta property=\"og:description\" content=\"El panorama audiovisual est\u00e0 vivint una eclosi\u00f3 de propostes, tant en ficci\u00f3 com en format documental, que fan la vista arrere i analitzen la hist\u00f2ria [&hellip;]\" \/>\n<meta property=\"og:url\" content=\"https:\/\/lamostradevalencia.com\/ca\/mariano-barroso-i-felix-viscarret-compartixen-la-seua-mirada-sobre-el-conflicte-basc-en-la-mostra-de-valencia\/\" \/>\n<meta property=\"og:site_name\" content=\"Mostra de Val\u00e8ncia\" \/>\n<meta property=\"article:published_time\" content=\"2020-10-20T16:15:27+00:00\" \/>\n<meta property=\"article:modified_time\" content=\"2020-10-20T16:15:29+00:00\" \/>\n<meta property=\"og:image\" content=\"https:\/\/lamostradevalencia.com\/wp-content\/uploads\/2020\/10\/la-patria-de-hbo-atrapa-emociona-y-remueve-como-la-novela-de-fernando-aramburu.jpg\" \/>\n\t<meta property=\"og:image:width\" content=\"1600\" \/>\n\t<meta property=\"og:image:height\" content=\"900\" \/>\n\t<meta property=\"og:image:type\" content=\"image\/jpeg\" \/>\n<meta name=\"author\" content=\"Mostra de Val\u00e8ncia\" \/>\n<meta name=\"twitter:card\" content=\"summary_large_image\" \/>\n<meta name=\"twitter:label1\" content=\"Escrit per\" \/>\n\t<meta name=\"twitter:data1\" content=\"Mostra de Val\u00e8ncia\" \/>\n\t<meta name=\"twitter:label2\" content=\"Temps estimat de lectura\" \/>\n\t<meta name=\"twitter:data2\" content=\"2 minuts\" \/>\n<script type=\"application\/ld+json\" class=\"yoast-schema-graph\">{\"@context\":\"https:\\\/\\\/schema.org\",\"@graph\":[{\"@type\":\"Article\",\"@id\":\"https:\\\/\\\/lamostradevalencia.com\\\/ca\\\/mariano-barroso-i-felix-viscarret-compartixen-la-seua-mirada-sobre-el-conflicte-basc-en-la-mostra-de-valencia\\\/#article\",\"isPartOf\":{\"@id\":\"https:\\\/\\\/lamostradevalencia.com\\\/ca\\\/mariano-barroso-i-felix-viscarret-compartixen-la-seua-mirada-sobre-el-conflicte-basc-en-la-mostra-de-valencia\\\/\"},\"author\":{\"name\":\"Mostra de Val\u00e8ncia\",\"@id\":\"https:\\\/\\\/lamostradevalencia.com\\\/ca\\\/#\\\/schema\\\/person\\\/1dc07e4df3d6310b81d2cdf6a034070c\"},\"headline\":\"Mariano Barroso i F\u00e9lix Viscarret compartixen la seua mirada sobre el conflicte basc en la Mostra de Val\u00e8ncia\",\"datePublished\":\"2020-10-20T16:15:27+00:00\",\"dateModified\":\"2020-10-20T16:15:29+00:00\",\"mainEntityOfPage\":{\"@id\":\"https:\\\/\\\/lamostradevalencia.com\\\/ca\\\/mariano-barroso-i-felix-viscarret-compartixen-la-seua-mirada-sobre-el-conflicte-basc-en-la-mostra-de-valencia\\\/\"},\"wordCount\":419,\"commentCount\":0,\"image\":{\"@id\":\"https:\\\/\\\/lamostradevalencia.com\\\/ca\\\/mariano-barroso-i-felix-viscarret-compartixen-la-seua-mirada-sobre-el-conflicte-basc-en-la-mostra-de-valencia\\\/#primaryimage\"},\"thumbnailUrl\":\"https:\\\/\\\/lamostradevalencia.com\\\/wp-content\\\/uploads\\\/2020\\\/10\\\/la-patria-de-hbo-atrapa-emociona-y-remueve-como-la-novela-de-fernando-aramburu.jpg\",\"articleSection\":[\"Noticies\"],\"inLanguage\":\"ca\",\"potentialAction\":[{\"@type\":\"CommentAction\",\"name\":\"Comment\",\"target\":[\"https:\\\/\\\/lamostradevalencia.com\\\/ca\\\/mariano-barroso-i-felix-viscarret-compartixen-la-seua-mirada-sobre-el-conflicte-basc-en-la-mostra-de-valencia\\\/#respond\"]}]},{\"@type\":\"WebPage\",\"@id\":\"https:\\\/\\\/lamostradevalencia.com\\\/ca\\\/mariano-barroso-i-felix-viscarret-compartixen-la-seua-mirada-sobre-el-conflicte-basc-en-la-mostra-de-valencia\\\/\",\"url\":\"https:\\\/\\\/lamostradevalencia.com\\\/ca\\\/mariano-barroso-i-felix-viscarret-compartixen-la-seua-mirada-sobre-el-conflicte-basc-en-la-mostra-de-valencia\\\/\",\"name\":\"Mariano Barroso i F\u00e9lix Viscarret compartixen la seua mirada sobre el conflicte basc en la Mostra de Val\u00e8ncia - Mostra de Val\u00e8ncia\",\"isPartOf\":{\"@id\":\"https:\\\/\\\/lamostradevalencia.com\\\/ca\\\/#website\"},\"primaryImageOfPage\":{\"@id\":\"https:\\\/\\\/lamostradevalencia.com\\\/ca\\\/mariano-barroso-i-felix-viscarret-compartixen-la-seua-mirada-sobre-el-conflicte-basc-en-la-mostra-de-valencia\\\/#primaryimage\"},\"image\":{\"@id\":\"https:\\\/\\\/lamostradevalencia.com\\\/ca\\\/mariano-barroso-i-felix-viscarret-compartixen-la-seua-mirada-sobre-el-conflicte-basc-en-la-mostra-de-valencia\\\/#primaryimage\"},\"thumbnailUrl\":\"https:\\\/\\\/lamostradevalencia.com\\\/wp-content\\\/uploads\\\/2020\\\/10\\\/la-patria-de-hbo-atrapa-emociona-y-remueve-como-la-novela-de-fernando-aramburu.jpg\",\"datePublished\":\"2020-10-20T16:15:27+00:00\",\"dateModified\":\"2020-10-20T16:15:29+00:00\",\"author\":{\"@id\":\"https:\\\/\\\/lamostradevalencia.com\\\/ca\\\/#\\\/schema\\\/person\\\/1dc07e4df3d6310b81d2cdf6a034070c\"},\"breadcrumb\":{\"@id\":\"https:\\\/\\\/lamostradevalencia.com\\\/ca\\\/mariano-barroso-i-felix-viscarret-compartixen-la-seua-mirada-sobre-el-conflicte-basc-en-la-mostra-de-valencia\\\/#breadcrumb\"},\"inLanguage\":\"ca\",\"potentialAction\":[{\"@type\":\"ReadAction\",\"target\":[\"https:\\\/\\\/lamostradevalencia.com\\\/ca\\\/mariano-barroso-i-felix-viscarret-compartixen-la-seua-mirada-sobre-el-conflicte-basc-en-la-mostra-de-valencia\\\/\"]}]},{\"@type\":\"ImageObject\",\"inLanguage\":\"ca\",\"@id\":\"https:\\\/\\\/lamostradevalencia.com\\\/ca\\\/mariano-barroso-i-felix-viscarret-compartixen-la-seua-mirada-sobre-el-conflicte-basc-en-la-mostra-de-valencia\\\/#primaryimage\",\"url\":\"https:\\\/\\\/lamostradevalencia.com\\\/wp-content\\\/uploads\\\/2020\\\/10\\\/la-patria-de-hbo-atrapa-emociona-y-remueve-como-la-novela-de-fernando-aramburu.jpg\",\"contentUrl\":\"https:\\\/\\\/lamostradevalencia.com\\\/wp-content\\\/uploads\\\/2020\\\/10\\\/la-patria-de-hbo-atrapa-emociona-y-remueve-como-la-novela-de-fernando-aramburu.jpg\",\"width\":1600,\"height\":900},{\"@type\":\"BreadcrumbList\",\"@id\":\"https:\\\/\\\/lamostradevalencia.com\\\/ca\\\/mariano-barroso-i-felix-viscarret-compartixen-la-seua-mirada-sobre-el-conflicte-basc-en-la-mostra-de-valencia\\\/#breadcrumb\",\"itemListElement\":[{\"@type\":\"ListItem\",\"position\":1,\"name\":\"Portada\",\"item\":\"https:\\\/\\\/lamostradevalencia.com\\\/ca\\\/\"},{\"@type\":\"ListItem\",\"position\":2,\"name\":\"Mariano Barroso i F\u00e9lix Viscarret compartixen la seua mirada sobre el conflicte basc en la Mostra de Val\u00e8ncia\"}]},{\"@type\":\"WebSite\",\"@id\":\"https:\\\/\\\/lamostradevalencia.com\\\/ca\\\/#website\",\"url\":\"https:\\\/\\\/lamostradevalencia.com\\\/ca\\\/\",\"name\":\"Mostra de Val\u00e8ncia\",\"description\":\"Cinema del Mediterrani\",\"potentialAction\":[{\"@type\":\"SearchAction\",\"target\":{\"@type\":\"EntryPoint\",\"urlTemplate\":\"https:\\\/\\\/lamostradevalencia.com\\\/ca\\\/?s={search_term_string}\"},\"query-input\":{\"@type\":\"PropertyValueSpecification\",\"valueRequired\":true,\"valueName\":\"search_term_string\"}}],\"inLanguage\":\"ca\"},{\"@type\":\"Person\",\"@id\":\"https:\\\/\\\/lamostradevalencia.com\\\/ca\\\/#\\\/schema\\\/person\\\/1dc07e4df3d6310b81d2cdf6a034070c\",\"name\":\"Mostra de Val\u00e8ncia\",\"image\":{\"@type\":\"ImageObject\",\"inLanguage\":\"ca\",\"@id\":\"https:\\\/\\\/secure.gravatar.com\\\/avatar\\\/ada4dfd699a9907706987adb1bb2b361c2613ccca474b49b8c648de5208e32f8?s=96&d=mm&r=g\",\"url\":\"https:\\\/\\\/secure.gravatar.com\\\/avatar\\\/ada4dfd699a9907706987adb1bb2b361c2613ccca474b49b8c648de5208e32f8?s=96&d=mm&r=g\",\"contentUrl\":\"https:\\\/\\\/secure.gravatar.com\\\/avatar\\\/ada4dfd699a9907706987adb1bb2b361c2613ccca474b49b8c648de5208e32f8?s=96&d=mm&r=g\",\"caption\":\"Mostra de Val\u00e8ncia\"}}]}<\/script>\n<!-- \/ Yoast SEO plugin. -->","yoast_head_json":{"title":"Mariano Barroso i F\u00e9lix Viscarret compartixen la seua mirada sobre el conflicte basc en la Mostra de Val\u00e8ncia - Mostra de Val\u00e8ncia","robots":{"index":"index","follow":"follow","max-snippet":"max-snippet:-1","max-image-preview":"max-image-preview:large","max-video-preview":"max-video-preview:-1"},"canonical":"https:\/\/lamostradevalencia.com\/ca\/mariano-barroso-i-felix-viscarret-compartixen-la-seua-mirada-sobre-el-conflicte-basc-en-la-mostra-de-valencia\/","og_locale":"ca_ES","og_type":"article","og_title":"Mariano Barroso i F\u00e9lix Viscarret compartixen la seua mirada sobre el conflicte basc en la Mostra de Val\u00e8ncia - Mostra de Val\u00e8ncia","og_description":"El panorama audiovisual est\u00e0 vivint una eclosi\u00f3 de propostes, tant en ficci\u00f3 com en format documental, que fan la vista arrere i analitzen la hist\u00f2ria [&hellip;]","og_url":"https:\/\/lamostradevalencia.com\/ca\/mariano-barroso-i-felix-viscarret-compartixen-la-seua-mirada-sobre-el-conflicte-basc-en-la-mostra-de-valencia\/","og_site_name":"Mostra de Val\u00e8ncia","article_published_time":"2020-10-20T16:15:27+00:00","article_modified_time":"2020-10-20T16:15:29+00:00","og_image":[{"width":1600,"height":900,"url":"https:\/\/lamostradevalencia.com\/wp-content\/uploads\/2020\/10\/la-patria-de-hbo-atrapa-emociona-y-remueve-como-la-novela-de-fernando-aramburu.jpg","type":"image\/jpeg"}],"author":"Mostra de Val\u00e8ncia","twitter_card":"summary_large_image","twitter_misc":{"Escrit per":"Mostra de Val\u00e8ncia","Temps estimat de lectura":"2 minuts"},"schema":{"@context":"https:\/\/schema.org","@graph":[{"@type":"Article","@id":"https:\/\/lamostradevalencia.com\/ca\/mariano-barroso-i-felix-viscarret-compartixen-la-seua-mirada-sobre-el-conflicte-basc-en-la-mostra-de-valencia\/#article","isPartOf":{"@id":"https:\/\/lamostradevalencia.com\/ca\/mariano-barroso-i-felix-viscarret-compartixen-la-seua-mirada-sobre-el-conflicte-basc-en-la-mostra-de-valencia\/"},"author":{"name":"Mostra de Val\u00e8ncia","@id":"https:\/\/lamostradevalencia.com\/ca\/#\/schema\/person\/1dc07e4df3d6310b81d2cdf6a034070c"},"headline":"Mariano Barroso i F\u00e9lix Viscarret compartixen la seua mirada sobre el conflicte basc en la Mostra de Val\u00e8ncia","datePublished":"2020-10-20T16:15:27+00:00","dateModified":"2020-10-20T16:15:29+00:00","mainEntityOfPage":{"@id":"https:\/\/lamostradevalencia.com\/ca\/mariano-barroso-i-felix-viscarret-compartixen-la-seua-mirada-sobre-el-conflicte-basc-en-la-mostra-de-valencia\/"},"wordCount":419,"commentCount":0,"image":{"@id":"https:\/\/lamostradevalencia.com\/ca\/mariano-barroso-i-felix-viscarret-compartixen-la-seua-mirada-sobre-el-conflicte-basc-en-la-mostra-de-valencia\/#primaryimage"},"thumbnailUrl":"https:\/\/lamostradevalencia.com\/wp-content\/uploads\/2020\/10\/la-patria-de-hbo-atrapa-emociona-y-remueve-como-la-novela-de-fernando-aramburu.jpg","articleSection":["Noticies"],"inLanguage":"ca","potentialAction":[{"@type":"CommentAction","name":"Comment","target":["https:\/\/lamostradevalencia.com\/ca\/mariano-barroso-i-felix-viscarret-compartixen-la-seua-mirada-sobre-el-conflicte-basc-en-la-mostra-de-valencia\/#respond"]}]},{"@type":"WebPage","@id":"https:\/\/lamostradevalencia.com\/ca\/mariano-barroso-i-felix-viscarret-compartixen-la-seua-mirada-sobre-el-conflicte-basc-en-la-mostra-de-valencia\/","url":"https:\/\/lamostradevalencia.com\/ca\/mariano-barroso-i-felix-viscarret-compartixen-la-seua-mirada-sobre-el-conflicte-basc-en-la-mostra-de-valencia\/","name":"Mariano Barroso i F\u00e9lix Viscarret compartixen la seua mirada sobre el conflicte basc en la Mostra de Val\u00e8ncia - Mostra de Val\u00e8ncia","isPartOf":{"@id":"https:\/\/lamostradevalencia.com\/ca\/#website"},"primaryImageOfPage":{"@id":"https:\/\/lamostradevalencia.com\/ca\/mariano-barroso-i-felix-viscarret-compartixen-la-seua-mirada-sobre-el-conflicte-basc-en-la-mostra-de-valencia\/#primaryimage"},"image":{"@id":"https:\/\/lamostradevalencia.com\/ca\/mariano-barroso-i-felix-viscarret-compartixen-la-seua-mirada-sobre-el-conflicte-basc-en-la-mostra-de-valencia\/#primaryimage"},"thumbnailUrl":"https:\/\/lamostradevalencia.com\/wp-content\/uploads\/2020\/10\/la-patria-de-hbo-atrapa-emociona-y-remueve-como-la-novela-de-fernando-aramburu.jpg","datePublished":"2020-10-20T16:15:27+00:00","dateModified":"2020-10-20T16:15:29+00:00","author":{"@id":"https:\/\/lamostradevalencia.com\/ca\/#\/schema\/person\/1dc07e4df3d6310b81d2cdf6a034070c"},"breadcrumb":{"@id":"https:\/\/lamostradevalencia.com\/ca\/mariano-barroso-i-felix-viscarret-compartixen-la-seua-mirada-sobre-el-conflicte-basc-en-la-mostra-de-valencia\/#breadcrumb"},"inLanguage":"ca","potentialAction":[{"@type":"ReadAction","target":["https:\/\/lamostradevalencia.com\/ca\/mariano-barroso-i-felix-viscarret-compartixen-la-seua-mirada-sobre-el-conflicte-basc-en-la-mostra-de-valencia\/"]}]},{"@type":"ImageObject","inLanguage":"ca","@id":"https:\/\/lamostradevalencia.com\/ca\/mariano-barroso-i-felix-viscarret-compartixen-la-seua-mirada-sobre-el-conflicte-basc-en-la-mostra-de-valencia\/#primaryimage","url":"https:\/\/lamostradevalencia.com\/wp-content\/uploads\/2020\/10\/la-patria-de-hbo-atrapa-emociona-y-remueve-como-la-novela-de-fernando-aramburu.jpg","contentUrl":"https:\/\/lamostradevalencia.com\/wp-content\/uploads\/2020\/10\/la-patria-de-hbo-atrapa-emociona-y-remueve-como-la-novela-de-fernando-aramburu.jpg","width":1600,"height":900},{"@type":"BreadcrumbList","@id":"https:\/\/lamostradevalencia.com\/ca\/mariano-barroso-i-felix-viscarret-compartixen-la-seua-mirada-sobre-el-conflicte-basc-en-la-mostra-de-valencia\/#breadcrumb","itemListElement":[{"@type":"ListItem","position":1,"name":"Portada","item":"https:\/\/lamostradevalencia.com\/ca\/"},{"@type":"ListItem","position":2,"name":"Mariano Barroso i F\u00e9lix Viscarret compartixen la seua mirada sobre el conflicte basc en la Mostra de Val\u00e8ncia"}]},{"@type":"WebSite","@id":"https:\/\/lamostradevalencia.com\/ca\/#website","url":"https:\/\/lamostradevalencia.com\/ca\/","name":"Mostra de Val\u00e8ncia","description":"Cinema del Mediterrani","potentialAction":[{"@type":"SearchAction","target":{"@type":"EntryPoint","urlTemplate":"https:\/\/lamostradevalencia.com\/ca\/?s={search_term_string}"},"query-input":{"@type":"PropertyValueSpecification","valueRequired":true,"valueName":"search_term_string"}}],"inLanguage":"ca"},{"@type":"Person","@id":"https:\/\/lamostradevalencia.com\/ca\/#\/schema\/person\/1dc07e4df3d6310b81d2cdf6a034070c","name":"Mostra de Val\u00e8ncia","image":{"@type":"ImageObject","inLanguage":"ca","@id":"https:\/\/secure.gravatar.com\/avatar\/ada4dfd699a9907706987adb1bb2b361c2613ccca474b49b8c648de5208e32f8?s=96&d=mm&r=g","url":"https:\/\/secure.gravatar.com\/avatar\/ada4dfd699a9907706987adb1bb2b361c2613ccca474b49b8c648de5208e32f8?s=96&d=mm&r=g","contentUrl":"https:\/\/secure.gravatar.com\/avatar\/ada4dfd699a9907706987adb1bb2b361c2613ccca474b49b8c648de5208e32f8?s=96&d=mm&r=g","caption":"Mostra de Val\u00e8ncia"}}]}},"uagb_featured_image_src":{"full":["https:\/\/lamostradevalencia.com\/wp-content\/uploads\/2020\/10\/la-patria-de-hbo-atrapa-emociona-y-remueve-como-la-novela-de-fernando-aramburu.jpg",1600,900,false],"thumbnail":["https:\/\/lamostradevalencia.com\/wp-content\/uploads\/2020\/10\/la-patria-de-hbo-atrapa-emociona-y-remueve-como-la-novela-de-fernando-aramburu-150x150.jpg",150,150,true],"medium":["https:\/\/lamostradevalencia.com\/wp-content\/uploads\/2020\/10\/la-patria-de-hbo-atrapa-emociona-y-remueve-como-la-novela-de-fernando-aramburu-300x169.jpg",300,169,true],"medium_large":["https:\/\/lamostradevalencia.com\/wp-content\/uploads\/2020\/10\/la-patria-de-hbo-atrapa-emociona-y-remueve-como-la-novela-de-fernando-aramburu-768x432.jpg",768,432,true],"large":["https:\/\/lamostradevalencia.com\/wp-content\/uploads\/2020\/10\/la-patria-de-hbo-atrapa-emociona-y-remueve-como-la-novela-de-fernando-aramburu-1024x576.jpg",1024,576,true],"1536x1536":["https:\/\/lamostradevalencia.com\/wp-content\/uploads\/2020\/10\/la-patria-de-hbo-atrapa-emociona-y-remueve-como-la-novela-de-fernando-aramburu-1536x864.jpg",1536,864,true],"2048x2048":["https:\/\/lamostradevalencia.com\/wp-content\/uploads\/2020\/10\/la-patria-de-hbo-atrapa-emociona-y-remueve-como-la-novela-de-fernando-aramburu.jpg",1600,900,false],"cinerama_edge_image_square":["https:\/\/lamostradevalencia.com\/wp-content\/uploads\/2020\/10\/la-patria-de-hbo-atrapa-emociona-y-remueve-como-la-novela-de-fernando-aramburu-550x550.jpg",550,550,true],"cinerama_edge_image_landscape":["https:\/\/lamostradevalencia.com\/wp-content\/uploads\/2020\/10\/la-patria-de-hbo-atrapa-emociona-y-remueve-como-la-novela-de-fernando-aramburu-1100x550.jpg",1100,550,true],"cinerama_edge_image_portrait":["https:\/\/lamostradevalencia.com\/wp-content\/uploads\/2020\/10\/la-patria-de-hbo-atrapa-emociona-y-remueve-como-la-novela-de-fernando-aramburu-550x900.jpg",550,900,true],"cinerama_edge_image_huge":["https:\/\/lamostradevalencia.com\/wp-content\/uploads\/2020\/10\/la-patria-de-hbo-atrapa-emociona-y-remueve-como-la-novela-de-fernando-aramburu-1100x900.jpg",1100,900,true],"gform-image-choice-sm":["https:\/\/lamostradevalencia.com\/wp-content\/uploads\/2020\/10\/la-patria-de-hbo-atrapa-emociona-y-remueve-como-la-novela-de-fernando-aramburu.jpg",300,169,false],"gform-image-choice-md":["https:\/\/lamostradevalencia.com\/wp-content\/uploads\/2020\/10\/la-patria-de-hbo-atrapa-emociona-y-remueve-como-la-novela-de-fernando-aramburu.jpg",400,225,false],"gform-image-choice-lg":["https:\/\/lamostradevalencia.com\/wp-content\/uploads\/2020\/10\/la-patria-de-hbo-atrapa-emociona-y-remueve-como-la-novela-de-fernando-aramburu.jpg",600,338,false]},"uagb_author_info":{"display_name":"Mostra de Val\u00e8ncia","author_link":"https:\/\/lamostradevalencia.com\/ca\/author\/mostravalencia\/"},"uagb_comment_info":0,"uagb_excerpt":"El panorama audiovisual est\u00e0 vivint una eclosi\u00f3 de propostes, tant en ficci\u00f3 com en format documental, que fan la vista arrere i analitzen la hist\u00f2ria [&hellip;]","_links":{"self":[{"href":"https:\/\/lamostradevalencia.com\/ca\/wp-json\/wp\/v2\/posts\/9688","targetHints":{"allow":["GET"]}}],"collection":[{"href":"https:\/\/lamostradevalencia.com\/ca\/wp-json\/wp\/v2\/posts"}],"about":[{"href":"https:\/\/lamostradevalencia.com\/ca\/wp-json\/wp\/v2\/types\/post"}],"author":[{"embeddable":true,"href":"https:\/\/lamostradevalencia.com\/ca\/wp-json\/wp\/v2\/users\/1"}],"replies":[{"embeddable":true,"href":"https:\/\/lamostradevalencia.com\/ca\/wp-json\/wp\/v2\/comments?post=9688"}],"version-history":[{"count":1,"href":"https:\/\/lamostradevalencia.com\/ca\/wp-json\/wp\/v2\/posts\/9688\/revisions"}],"predecessor-version":[{"id":9689,"href":"https:\/\/lamostradevalencia.com\/ca\/wp-json\/wp\/v2\/posts\/9688\/revisions\/9689"}],"wp:featuredmedia":[{"embeddable":true,"href":"https:\/\/lamostradevalencia.com\/ca\/wp-json\/wp\/v2\/media\/9683"}],"wp:attachment":[{"href":"https:\/\/lamostradevalencia.com\/ca\/wp-json\/wp\/v2\/media?parent=9688"}],"wp:term":[{"taxonomy":"category","embeddable":true,"href":"https:\/\/lamostradevalencia.com\/ca\/wp-json\/wp\/v2\/categories?post=9688"},{"taxonomy":"post_tag","embeddable":true,"href":"https:\/\/lamostradevalencia.com\/ca\/wp-json\/wp\/v2\/tags?post=9688"}],"curies":[{"name":"wp","href":"https:\/\/api.w.org\/{rel}","templated":true}]}}