{"id":9104,"date":"2020-10-09T09:05:19","date_gmt":"2020-10-09T07:05:19","guid":{"rendered":"https:\/\/lamostradevalencia.com\/?p=9104"},"modified":"2020-10-09T09:07:52","modified_gmt":"2020-10-09T07:07:52","slug":"la-mostra-reflexiona-sobre-el-conflicte-basc","status":"publish","type":"post","link":"https:\/\/lamostradevalencia.com\/ca\/la-mostra-reflexiona-sobre-el-conflicte-basc\/","title":{"rendered":"La Mostra reflexiona sobre el conflicte basc"},"content":{"rendered":"\n<p>En la 35a edici\u00f3, que se celebra del 22 d&#8217;octubre a l&#8217;1 de novembre, Mostra de Val\u00e8ncia presenta el cicle &#8220;Mirades al voltant del conflicte basc&#8221;, una selecci\u00f3 de pel\u00b7l\u00edcules espanyoles que han abordat la viol\u00e8ncia terrorista. Una proposta fonamental per a entendre la hist\u00f2ria m\u00e9s recent del nostre pa\u00eds, en un moment en qu\u00e8 el tema torna a estar en primera l\u00ednia d&#8217;actualitat amb motiu de la reeixida estrena de s\u00e8ries com s\u00f3n &#8220;La l\u00ednea invisible&#8221; (Movistar+), dirigida per <strong>Mariano Barroso<\/strong>, o &#8220;Patria&#8221; (HBO), adaptaci\u00f3 del <em>best-seller<\/em> de <strong>Fernando Aramburu<\/strong>.<\/p>\n\n\n\n<figure class=\"wp-block-image size-large\"><img loading=\"lazy\" decoding=\"async\" width=\"1024\" height=\"576\" src=\"https:\/\/lamostradevalencia.com\/wp-content\/uploads\/2020\/10\/trailer-linea-invisible-1586096403914-1024x576.jpg\" alt=\"\" class=\"wp-image-9062\" srcset=\"https:\/\/lamostradevalencia.com\/wp-content\/uploads\/2020\/10\/trailer-linea-invisible-1586096403914-1024x576.jpg 1024w, https:\/\/lamostradevalencia.com\/wp-content\/uploads\/2020\/10\/trailer-linea-invisible-1586096403914-300x169.jpg 300w, https:\/\/lamostradevalencia.com\/wp-content\/uploads\/2020\/10\/trailer-linea-invisible-1586096403914-768x432.jpg 768w, https:\/\/lamostradevalencia.com\/wp-content\/uploads\/2020\/10\/trailer-linea-invisible-1586096403914.jpg 1200w\" sizes=\"auto, (max-width: 1024px) 100vw, 1024px\" \/><\/figure>\n\n\n\n<p>El 3 de maig de 2018, la banda armada m\u00e9s longeva de l&#8217;Estat espanyol anunciava la seua dissoluci\u00f3. Quedaven arrere sis d\u00e8cades de lluita per la independ\u00e8ncia d&#8217;Euskal Herria amb la viol\u00e8ncia com a sistema. &#8220;\u00c9s un bon moment per a reflexionar sobre com s&#8217;ha aproximat l&#8217;audiovisual a un tema que abasta ja m\u00e9s de quaranta t\u00edtols, entre el documental, la ficci\u00f3 i la s\u00e8rie televisiva&#8221;, comenta <strong>Eduardo Guillot<\/strong>, responsable de programaci\u00f3 del festival. \u201cUna filmografia tan \u00e0mplia i variada posa de manifest el grau de maduresa aconseguit per la societat espanyola\u201d, afig.<\/p>\n\n\n\n<figure class=\"wp-block-image size-large\"><img loading=\"lazy\" decoding=\"async\" width=\"1024\" height=\"576\" src=\"https:\/\/lamostradevalencia.com\/wp-content\/uploads\/2020\/10\/operacion-ogro-22719-1024x576.jpg\" alt=\"\" class=\"wp-image-9067\" srcset=\"https:\/\/lamostradevalencia.com\/wp-content\/uploads\/2020\/10\/operacion-ogro-22719-1024x576.jpg 1024w, https:\/\/lamostradevalencia.com\/wp-content\/uploads\/2020\/10\/operacion-ogro-22719-300x169.jpg 300w, https:\/\/lamostradevalencia.com\/wp-content\/uploads\/2020\/10\/operacion-ogro-22719-768x432.jpg 768w, https:\/\/lamostradevalencia.com\/wp-content\/uploads\/2020\/10\/operacion-ogro-22719.jpg 1200w\" sizes=\"auto, (max-width: 1024px) 100vw, 1024px\" \/><\/figure>\n\n\n\n<p>Un cicle que va de la recreaci\u00f3 de l&#8217;assassinat de Carrero Blanco en \u2018Operaci\u00f3n ogro\u2019 (<strong>Gillo Pontecorvo<\/strong>, 1979) fins a la proposta tragic\u00f2mica de \u2018Negociador\u2019 (<strong>Borja Cobeaga<\/strong>, 2015) amb <strong>Ram\u00f3n Barea<\/strong> en la pell d&#8217;un pol\u00edtic basc que exercix d&#8217;interlocutor del Govern central en les trobades amb la banda terrorista ETA, tot passant per la dolorosa hist\u00f2ria d&#8217;amor entre un terrorista i una drogoaddicta en &#8216;D\u00edas contados&#8217; (<strong>Imanol Uribe<\/strong>, 1994).<\/p>\n\n\n\n<figure class=\"wp-block-image size-large\"><img loading=\"lazy\" decoding=\"async\" width=\"1024\" height=\"533\" src=\"https:\/\/lamostradevalencia.com\/wp-content\/uploads\/2020\/10\/Negociador-1-1024x533.jpg\" alt=\"\" class=\"wp-image-9072\" srcset=\"https:\/\/lamostradevalencia.com\/wp-content\/uploads\/2020\/10\/Negociador-1-1024x533.jpg 1024w, https:\/\/lamostradevalencia.com\/wp-content\/uploads\/2020\/10\/Negociador-1-300x156.jpg 300w, https:\/\/lamostradevalencia.com\/wp-content\/uploads\/2020\/10\/Negociador-1-768x400.jpg 768w, https:\/\/lamostradevalencia.com\/wp-content\/uploads\/2020\/10\/Negociador-1.jpg 1440w\" sizes=\"auto, (max-width: 1024px) 100vw, 1024px\" \/><\/figure>\n\n\n\n<p>&#8220;Mirades al voltant del conflicte basc&#8221; ajusta el retrovisor de la Hist\u00f2ria i oferix alguns dels t\u00edtols m\u00e9s significatius que reflexionen sobre el passat recent. Precisament Uribe ha sigut un dels qui millor ha retratat esta etapa, en altres cintes com ara &#8216;La muerte de Mikel&#8217; (1983), un valent retrat dels problemes socials, sexuals i econ\u00f2mics que s&#8217;ocultaven sota l&#8217;amena\u00e7a terrorista.<\/p>\n\n\n\n<figure class=\"wp-block-image size-large\"><img loading=\"lazy\" decoding=\"async\" width=\"1024\" height=\"576\" src=\"https:\/\/lamostradevalencia.com\/wp-content\/uploads\/2020\/10\/La-muerte-de-Mikel-1-1024x576.jpg\" alt=\"\" class=\"wp-image-9077\" srcset=\"https:\/\/lamostradevalencia.com\/wp-content\/uploads\/2020\/10\/La-muerte-de-Mikel-1-1024x576.jpg 1024w, https:\/\/lamostradevalencia.com\/wp-content\/uploads\/2020\/10\/La-muerte-de-Mikel-1-300x169.jpg 300w, https:\/\/lamostradevalencia.com\/wp-content\/uploads\/2020\/10\/La-muerte-de-Mikel-1-768x432.jpg 768w, https:\/\/lamostradevalencia.com\/wp-content\/uploads\/2020\/10\/La-muerte-de-Mikel-1.jpg 1280w\" sizes=\"auto, (max-width: 1024px) 100vw, 1024px\" \/><\/figure>\n\n\n\n<p><strong>Unax Ugalde<\/strong> lidera el repartiment de \u2018Lasa i Zabala\u2019 (<strong>Pablo Malo<\/strong>, 2014), un potent thriller pol\u00edtic l&#8217;argument del qual est\u00e0 basat en el sumari judicial del &#8216;Cas Lasa i Zabala&#8217;, que va ser el primer acte terrorista realitzat pels GAL. Dos gu\u00e0rdies civils van segrestar dos membres d&#8217;ETA i els van portar al palau de La Cumbre, a Sant Sebasti\u00e0, on els van torturar i van interrogar. M\u00e9s tard, els van assassinar i van enterrar en una localitat d&#8217;Alacant, i les seues restes van ser descobertes en 1985.<\/p>\n\n\n\n<figure class=\"wp-block-image size-large\"><img loading=\"lazy\" decoding=\"async\" width=\"1024\" height=\"576\" src=\"https:\/\/lamostradevalencia.com\/wp-content\/uploads\/2020\/10\/MV5BZGQwMTE3YjctOWEwNS00NTA4LTg1YTUtMTRiMDBiYzE3YzQ5XkEyXkFqcGdeQXVyMzUxMzEwODA@._V1_-1024x576.jpg\" alt=\"\" class=\"wp-image-9087\" srcset=\"https:\/\/lamostradevalencia.com\/wp-content\/uploads\/2020\/10\/MV5BZGQwMTE3YjctOWEwNS00NTA4LTg1YTUtMTRiMDBiYzE3YzQ5XkEyXkFqcGdeQXVyMzUxMzEwODA@._V1_-1024x576.jpg 1024w, https:\/\/lamostradevalencia.com\/wp-content\/uploads\/2020\/10\/MV5BZGQwMTE3YjctOWEwNS00NTA4LTg1YTUtMTRiMDBiYzE3YzQ5XkEyXkFqcGdeQXVyMzUxMzEwODA@._V1_-300x169.jpg 300w, https:\/\/lamostradevalencia.com\/wp-content\/uploads\/2020\/10\/MV5BZGQwMTE3YjctOWEwNS00NTA4LTg1YTUtMTRiMDBiYzE3YzQ5XkEyXkFqcGdeQXVyMzUxMzEwODA@._V1_-768x432.jpg 768w, https:\/\/lamostradevalencia.com\/wp-content\/uploads\/2020\/10\/MV5BZGQwMTE3YjctOWEwNS00NTA4LTg1YTUtMTRiMDBiYzE3YzQ5XkEyXkFqcGdeQXVyMzUxMzEwODA@._V1_.jpg 1313w\" sizes=\"auto, (max-width: 1024px) 100vw, 1024px\" \/><\/figure>\n\n\n\n<p>\u2018Mudar la piel\u2019 (<strong>Ana Schulz<\/strong> i <strong>Crist\u00f3bal Fern\u00e1ndez<\/strong>, 2018) \u00e9s un original documental que penetra en el conflicte basc partint d&#8217;una hist\u00f2ria d&#8217;espionatge i amistat que desemboca en l&#8217;esfera pol\u00edtica i social. Els ecos del cinema d&#8217;espies, fins i tot del cine negre, sobrevolen en tot moment una obra tremendament auda\u00e7, que trenca les barreres entre ficci\u00f3 i documental de manera sorprenent.<\/p>\n\n\n\n<figure class=\"wp-block-image size-large\"><img loading=\"lazy\" decoding=\"async\" width=\"1024\" height=\"576\" src=\"https:\/\/lamostradevalencia.com\/wp-content\/uploads\/2020\/10\/mudar-la-piel-1538405051-1024x576.jpg\" alt=\"\" class=\"wp-image-9092\" srcset=\"https:\/\/lamostradevalencia.com\/wp-content\/uploads\/2020\/10\/mudar-la-piel-1538405051-1024x576.jpg 1024w, https:\/\/lamostradevalencia.com\/wp-content\/uploads\/2020\/10\/mudar-la-piel-1538405051-300x169.jpg 300w, https:\/\/lamostradevalencia.com\/wp-content\/uploads\/2020\/10\/mudar-la-piel-1538405051-768x432.jpg 768w, https:\/\/lamostradevalencia.com\/wp-content\/uploads\/2020\/10\/mudar-la-piel-1538405051.jpg 1200w\" sizes=\"auto, (max-width: 1024px) 100vw, 1024px\" \/><\/figure>\n\n\n\n<p>El cicle de Mostra de Val\u00e8ncia &#8220;Mirades al voltant del conflicte basc&#8221; tamb\u00e9 exhibir\u00e0 el primer cap\u00edtol de &#8220;La l\u00ednea invisible&#8221;, dirigida per <strong>Mariano Barroso<\/strong>. La s\u00e8rie abasta el per\u00edode compr\u00e9s entre la fundaci\u00f3 d&#8217;ETA fins a l&#8217;assassinat de Melit\u00f3n Manzanas, inspector cap de la brigada pol\u00edtic-criminal i un dels majors torturadors de l&#8217;era franquista.&nbsp;<\/p>\n\n\n\n<figure class=\"wp-block-image size-large\"><img loading=\"lazy\" decoding=\"async\" width=\"1024\" height=\"683\" src=\"https:\/\/lamostradevalencia.com\/wp-content\/uploads\/2020\/10\/La-li\u0301nea-invisible-1024x683.jpg\" alt=\"\" class=\"wp-image-9097\" srcset=\"https:\/\/lamostradevalencia.com\/wp-content\/uploads\/2020\/10\/La-li\u0301nea-invisible-1024x683.jpg 1024w, https:\/\/lamostradevalencia.com\/wp-content\/uploads\/2020\/10\/La-li\u0301nea-invisible-300x200.jpg 300w, https:\/\/lamostradevalencia.com\/wp-content\/uploads\/2020\/10\/La-li\u0301nea-invisible-768x512.jpg 768w, https:\/\/lamostradevalencia.com\/wp-content\/uploads\/2020\/10\/La-li\u0301nea-invisible-1536x1024.jpg 1536w, https:\/\/lamostradevalencia.com\/wp-content\/uploads\/2020\/10\/La-li\u0301nea-invisible.jpg 1800w\" sizes=\"auto, (max-width: 1024px) 100vw, 1024px\" \/><\/figure>\n","protected":false},"excerpt":{"rendered":"<p>En la 35a edici\u00f3, que se celebra del 22 d&#8217;octubre a l&#8217;1 de novembre, Mostra de Val\u00e8ncia presenta el cicle &#8220;Mirades al voltant del conflicte [&hellip;]<\/p>\n","protected":false},"author":1,"featured_media":0,"comment_status":"open","ping_status":"open","sticky":false,"template":"","format":"standard","meta":{"_uag_custom_page_level_css":"","_jet_sm_ready_style":"","_jet_sm_style":"","_jet_sm_controls_values":"","_jet_sm_fonts_collection":"","_jet_sm_fonts_links":"","footnotes":""},"categories":[455],"tags":[],"class_list":["post-9104","post","type-post","status-publish","format-standard","hentry","category-noticies"],"yoast_head":"<!-- This site is optimized with the Yoast SEO plugin v27.5 - https:\/\/yoast.com\/product\/yoast-seo-wordpress\/ -->\n<title>La Mostra reflexiona sobre el conflicte basc - Mostra de Val\u00e8ncia<\/title>\n<meta name=\"robots\" content=\"index, follow, max-snippet:-1, max-image-preview:large, max-video-preview:-1\" \/>\n<link rel=\"canonical\" href=\"https:\/\/lamostradevalencia.com\/ca\/la-mostra-reflexiona-sobre-el-conflicte-basc\/\" \/>\n<meta property=\"og:locale\" content=\"ca_ES\" \/>\n<meta property=\"og:type\" content=\"article\" \/>\n<meta property=\"og:title\" content=\"La Mostra reflexiona sobre el conflicte basc - Mostra de Val\u00e8ncia\" \/>\n<meta property=\"og:description\" content=\"En la 35a edici\u00f3, que se celebra del 22 d&#8217;octubre a l&#8217;1 de novembre, Mostra de Val\u00e8ncia presenta el cicle &#8220;Mirades al voltant del conflicte [&hellip;]\" \/>\n<meta property=\"og:url\" content=\"https:\/\/lamostradevalencia.com\/ca\/la-mostra-reflexiona-sobre-el-conflicte-basc\/\" \/>\n<meta property=\"og:site_name\" content=\"Mostra de Val\u00e8ncia\" \/>\n<meta property=\"article:published_time\" content=\"2020-10-09T07:05:19+00:00\" \/>\n<meta property=\"article:modified_time\" content=\"2020-10-09T07:07:52+00:00\" \/>\n<meta property=\"og:image\" content=\"https:\/\/lamostradevalencia.com\/wp-content\/uploads\/2020\/10\/trailer-linea-invisible-1586096403914-1024x576.jpg\" \/>\n<meta name=\"author\" content=\"Mostra de Val\u00e8ncia\" \/>\n<meta name=\"twitter:card\" content=\"summary_large_image\" \/>\n<meta name=\"twitter:label1\" content=\"Escrit per\" \/>\n\t<meta name=\"twitter:data1\" content=\"Mostra de Val\u00e8ncia\" \/>\n\t<meta name=\"twitter:label2\" content=\"Temps estimat de lectura\" \/>\n\t<meta name=\"twitter:data2\" content=\"3 minuts\" \/>\n<script type=\"application\/ld+json\" class=\"yoast-schema-graph\">{\"@context\":\"https:\\\/\\\/schema.org\",\"@graph\":[{\"@type\":\"Article\",\"@id\":\"https:\\\/\\\/lamostradevalencia.com\\\/ca\\\/la-mostra-reflexiona-sobre-el-conflicte-basc\\\/#article\",\"isPartOf\":{\"@id\":\"https:\\\/\\\/lamostradevalencia.com\\\/ca\\\/la-mostra-reflexiona-sobre-el-conflicte-basc\\\/\"},\"author\":{\"name\":\"Mostra de Val\u00e8ncia\",\"@id\":\"https:\\\/\\\/lamostradevalencia.com\\\/ca\\\/#\\\/schema\\\/person\\\/1dc07e4df3d6310b81d2cdf6a034070c\"},\"headline\":\"La Mostra reflexiona sobre el conflicte basc\",\"datePublished\":\"2020-10-09T07:05:19+00:00\",\"dateModified\":\"2020-10-09T07:07:52+00:00\",\"mainEntityOfPage\":{\"@id\":\"https:\\\/\\\/lamostradevalencia.com\\\/ca\\\/la-mostra-reflexiona-sobre-el-conflicte-basc\\\/\"},\"wordCount\":584,\"commentCount\":0,\"image\":{\"@id\":\"https:\\\/\\\/lamostradevalencia.com\\\/ca\\\/la-mostra-reflexiona-sobre-el-conflicte-basc\\\/#primaryimage\"},\"thumbnailUrl\":\"https:\\\/\\\/lamostradevalencia.com\\\/wp-content\\\/uploads\\\/2020\\\/10\\\/trailer-linea-invisible-1586096403914-1024x576.jpg\",\"articleSection\":[\"Noticies\"],\"inLanguage\":\"ca\",\"potentialAction\":[{\"@type\":\"CommentAction\",\"name\":\"Comment\",\"target\":[\"https:\\\/\\\/lamostradevalencia.com\\\/ca\\\/la-mostra-reflexiona-sobre-el-conflicte-basc\\\/#respond\"]}]},{\"@type\":\"WebPage\",\"@id\":\"https:\\\/\\\/lamostradevalencia.com\\\/ca\\\/la-mostra-reflexiona-sobre-el-conflicte-basc\\\/\",\"url\":\"https:\\\/\\\/lamostradevalencia.com\\\/ca\\\/la-mostra-reflexiona-sobre-el-conflicte-basc\\\/\",\"name\":\"La Mostra reflexiona sobre el conflicte basc - Mostra de Val\u00e8ncia\",\"isPartOf\":{\"@id\":\"https:\\\/\\\/lamostradevalencia.com\\\/ca\\\/#website\"},\"primaryImageOfPage\":{\"@id\":\"https:\\\/\\\/lamostradevalencia.com\\\/ca\\\/la-mostra-reflexiona-sobre-el-conflicte-basc\\\/#primaryimage\"},\"image\":{\"@id\":\"https:\\\/\\\/lamostradevalencia.com\\\/ca\\\/la-mostra-reflexiona-sobre-el-conflicte-basc\\\/#primaryimage\"},\"thumbnailUrl\":\"https:\\\/\\\/lamostradevalencia.com\\\/wp-content\\\/uploads\\\/2020\\\/10\\\/trailer-linea-invisible-1586096403914-1024x576.jpg\",\"datePublished\":\"2020-10-09T07:05:19+00:00\",\"dateModified\":\"2020-10-09T07:07:52+00:00\",\"author\":{\"@id\":\"https:\\\/\\\/lamostradevalencia.com\\\/ca\\\/#\\\/schema\\\/person\\\/1dc07e4df3d6310b81d2cdf6a034070c\"},\"breadcrumb\":{\"@id\":\"https:\\\/\\\/lamostradevalencia.com\\\/ca\\\/la-mostra-reflexiona-sobre-el-conflicte-basc\\\/#breadcrumb\"},\"inLanguage\":\"ca\",\"potentialAction\":[{\"@type\":\"ReadAction\",\"target\":[\"https:\\\/\\\/lamostradevalencia.com\\\/ca\\\/la-mostra-reflexiona-sobre-el-conflicte-basc\\\/\"]}]},{\"@type\":\"ImageObject\",\"inLanguage\":\"ca\",\"@id\":\"https:\\\/\\\/lamostradevalencia.com\\\/ca\\\/la-mostra-reflexiona-sobre-el-conflicte-basc\\\/#primaryimage\",\"url\":\"https:\\\/\\\/lamostradevalencia.com\\\/wp-content\\\/uploads\\\/2020\\\/10\\\/trailer-linea-invisible-1586096403914-1024x576.jpg\",\"contentUrl\":\"https:\\\/\\\/lamostradevalencia.com\\\/wp-content\\\/uploads\\\/2020\\\/10\\\/trailer-linea-invisible-1586096403914-1024x576.jpg\"},{\"@type\":\"BreadcrumbList\",\"@id\":\"https:\\\/\\\/lamostradevalencia.com\\\/ca\\\/la-mostra-reflexiona-sobre-el-conflicte-basc\\\/#breadcrumb\",\"itemListElement\":[{\"@type\":\"ListItem\",\"position\":1,\"name\":\"Portada\",\"item\":\"https:\\\/\\\/lamostradevalencia.com\\\/ca\\\/\"},{\"@type\":\"ListItem\",\"position\":2,\"name\":\"La Mostra reflexiona sobre el conflicte basc\"}]},{\"@type\":\"WebSite\",\"@id\":\"https:\\\/\\\/lamostradevalencia.com\\\/ca\\\/#website\",\"url\":\"https:\\\/\\\/lamostradevalencia.com\\\/ca\\\/\",\"name\":\"Mostra de Val\u00e8ncia\",\"description\":\"Cinema del Mediterrani\",\"potentialAction\":[{\"@type\":\"SearchAction\",\"target\":{\"@type\":\"EntryPoint\",\"urlTemplate\":\"https:\\\/\\\/lamostradevalencia.com\\\/ca\\\/?s={search_term_string}\"},\"query-input\":{\"@type\":\"PropertyValueSpecification\",\"valueRequired\":true,\"valueName\":\"search_term_string\"}}],\"inLanguage\":\"ca\"},{\"@type\":\"Person\",\"@id\":\"https:\\\/\\\/lamostradevalencia.com\\\/ca\\\/#\\\/schema\\\/person\\\/1dc07e4df3d6310b81d2cdf6a034070c\",\"name\":\"Mostra de Val\u00e8ncia\",\"image\":{\"@type\":\"ImageObject\",\"inLanguage\":\"ca\",\"@id\":\"https:\\\/\\\/secure.gravatar.com\\\/avatar\\\/ada4dfd699a9907706987adb1bb2b361c2613ccca474b49b8c648de5208e32f8?s=96&d=mm&r=g\",\"url\":\"https:\\\/\\\/secure.gravatar.com\\\/avatar\\\/ada4dfd699a9907706987adb1bb2b361c2613ccca474b49b8c648de5208e32f8?s=96&d=mm&r=g\",\"contentUrl\":\"https:\\\/\\\/secure.gravatar.com\\\/avatar\\\/ada4dfd699a9907706987adb1bb2b361c2613ccca474b49b8c648de5208e32f8?s=96&d=mm&r=g\",\"caption\":\"Mostra de Val\u00e8ncia\"}}]}<\/script>\n<!-- \/ Yoast SEO plugin. -->","yoast_head_json":{"title":"La Mostra reflexiona sobre el conflicte basc - Mostra de Val\u00e8ncia","robots":{"index":"index","follow":"follow","max-snippet":"max-snippet:-1","max-image-preview":"max-image-preview:large","max-video-preview":"max-video-preview:-1"},"canonical":"https:\/\/lamostradevalencia.com\/ca\/la-mostra-reflexiona-sobre-el-conflicte-basc\/","og_locale":"ca_ES","og_type":"article","og_title":"La Mostra reflexiona sobre el conflicte basc - Mostra de Val\u00e8ncia","og_description":"En la 35a edici\u00f3, que se celebra del 22 d&#8217;octubre a l&#8217;1 de novembre, Mostra de Val\u00e8ncia presenta el cicle &#8220;Mirades al voltant del conflicte [&hellip;]","og_url":"https:\/\/lamostradevalencia.com\/ca\/la-mostra-reflexiona-sobre-el-conflicte-basc\/","og_site_name":"Mostra de Val\u00e8ncia","article_published_time":"2020-10-09T07:05:19+00:00","article_modified_time":"2020-10-09T07:07:52+00:00","og_image":[{"url":"https:\/\/lamostradevalencia.com\/wp-content\/uploads\/2020\/10\/trailer-linea-invisible-1586096403914-1024x576.jpg","type":"","width":"","height":""}],"author":"Mostra de Val\u00e8ncia","twitter_card":"summary_large_image","twitter_misc":{"Escrit per":"Mostra de Val\u00e8ncia","Temps estimat de lectura":"3 minuts"},"schema":{"@context":"https:\/\/schema.org","@graph":[{"@type":"Article","@id":"https:\/\/lamostradevalencia.com\/ca\/la-mostra-reflexiona-sobre-el-conflicte-basc\/#article","isPartOf":{"@id":"https:\/\/lamostradevalencia.com\/ca\/la-mostra-reflexiona-sobre-el-conflicte-basc\/"},"author":{"name":"Mostra de Val\u00e8ncia","@id":"https:\/\/lamostradevalencia.com\/ca\/#\/schema\/person\/1dc07e4df3d6310b81d2cdf6a034070c"},"headline":"La Mostra reflexiona sobre el conflicte basc","datePublished":"2020-10-09T07:05:19+00:00","dateModified":"2020-10-09T07:07:52+00:00","mainEntityOfPage":{"@id":"https:\/\/lamostradevalencia.com\/ca\/la-mostra-reflexiona-sobre-el-conflicte-basc\/"},"wordCount":584,"commentCount":0,"image":{"@id":"https:\/\/lamostradevalencia.com\/ca\/la-mostra-reflexiona-sobre-el-conflicte-basc\/#primaryimage"},"thumbnailUrl":"https:\/\/lamostradevalencia.com\/wp-content\/uploads\/2020\/10\/trailer-linea-invisible-1586096403914-1024x576.jpg","articleSection":["Noticies"],"inLanguage":"ca","potentialAction":[{"@type":"CommentAction","name":"Comment","target":["https:\/\/lamostradevalencia.com\/ca\/la-mostra-reflexiona-sobre-el-conflicte-basc\/#respond"]}]},{"@type":"WebPage","@id":"https:\/\/lamostradevalencia.com\/ca\/la-mostra-reflexiona-sobre-el-conflicte-basc\/","url":"https:\/\/lamostradevalencia.com\/ca\/la-mostra-reflexiona-sobre-el-conflicte-basc\/","name":"La Mostra reflexiona sobre el conflicte basc - Mostra de Val\u00e8ncia","isPartOf":{"@id":"https:\/\/lamostradevalencia.com\/ca\/#website"},"primaryImageOfPage":{"@id":"https:\/\/lamostradevalencia.com\/ca\/la-mostra-reflexiona-sobre-el-conflicte-basc\/#primaryimage"},"image":{"@id":"https:\/\/lamostradevalencia.com\/ca\/la-mostra-reflexiona-sobre-el-conflicte-basc\/#primaryimage"},"thumbnailUrl":"https:\/\/lamostradevalencia.com\/wp-content\/uploads\/2020\/10\/trailer-linea-invisible-1586096403914-1024x576.jpg","datePublished":"2020-10-09T07:05:19+00:00","dateModified":"2020-10-09T07:07:52+00:00","author":{"@id":"https:\/\/lamostradevalencia.com\/ca\/#\/schema\/person\/1dc07e4df3d6310b81d2cdf6a034070c"},"breadcrumb":{"@id":"https:\/\/lamostradevalencia.com\/ca\/la-mostra-reflexiona-sobre-el-conflicte-basc\/#breadcrumb"},"inLanguage":"ca","potentialAction":[{"@type":"ReadAction","target":["https:\/\/lamostradevalencia.com\/ca\/la-mostra-reflexiona-sobre-el-conflicte-basc\/"]}]},{"@type":"ImageObject","inLanguage":"ca","@id":"https:\/\/lamostradevalencia.com\/ca\/la-mostra-reflexiona-sobre-el-conflicte-basc\/#primaryimage","url":"https:\/\/lamostradevalencia.com\/wp-content\/uploads\/2020\/10\/trailer-linea-invisible-1586096403914-1024x576.jpg","contentUrl":"https:\/\/lamostradevalencia.com\/wp-content\/uploads\/2020\/10\/trailer-linea-invisible-1586096403914-1024x576.jpg"},{"@type":"BreadcrumbList","@id":"https:\/\/lamostradevalencia.com\/ca\/la-mostra-reflexiona-sobre-el-conflicte-basc\/#breadcrumb","itemListElement":[{"@type":"ListItem","position":1,"name":"Portada","item":"https:\/\/lamostradevalencia.com\/ca\/"},{"@type":"ListItem","position":2,"name":"La Mostra reflexiona sobre el conflicte basc"}]},{"@type":"WebSite","@id":"https:\/\/lamostradevalencia.com\/ca\/#website","url":"https:\/\/lamostradevalencia.com\/ca\/","name":"Mostra de Val\u00e8ncia","description":"Cinema del Mediterrani","potentialAction":[{"@type":"SearchAction","target":{"@type":"EntryPoint","urlTemplate":"https:\/\/lamostradevalencia.com\/ca\/?s={search_term_string}"},"query-input":{"@type":"PropertyValueSpecification","valueRequired":true,"valueName":"search_term_string"}}],"inLanguage":"ca"},{"@type":"Person","@id":"https:\/\/lamostradevalencia.com\/ca\/#\/schema\/person\/1dc07e4df3d6310b81d2cdf6a034070c","name":"Mostra de Val\u00e8ncia","image":{"@type":"ImageObject","inLanguage":"ca","@id":"https:\/\/secure.gravatar.com\/avatar\/ada4dfd699a9907706987adb1bb2b361c2613ccca474b49b8c648de5208e32f8?s=96&d=mm&r=g","url":"https:\/\/secure.gravatar.com\/avatar\/ada4dfd699a9907706987adb1bb2b361c2613ccca474b49b8c648de5208e32f8?s=96&d=mm&r=g","contentUrl":"https:\/\/secure.gravatar.com\/avatar\/ada4dfd699a9907706987adb1bb2b361c2613ccca474b49b8c648de5208e32f8?s=96&d=mm&r=g","caption":"Mostra de Val\u00e8ncia"}}]}},"uagb_featured_image_src":{"full":false,"thumbnail":false,"medium":false,"medium_large":false,"large":false,"1536x1536":false,"2048x2048":false,"cinerama_edge_image_square":false,"cinerama_edge_image_landscape":false,"cinerama_edge_image_portrait":false,"cinerama_edge_image_huge":false,"gform-image-choice-sm":false,"gform-image-choice-md":false,"gform-image-choice-lg":false},"uagb_author_info":{"display_name":"Mostra de Val\u00e8ncia","author_link":"https:\/\/lamostradevalencia.com\/ca\/author\/mostravalencia\/"},"uagb_comment_info":0,"uagb_excerpt":"En la 35a edici\u00f3, que se celebra del 22 d&#8217;octubre a l&#8217;1 de novembre, Mostra de Val\u00e8ncia presenta el cicle &#8220;Mirades al voltant del conflicte [&hellip;]","_links":{"self":[{"href":"https:\/\/lamostradevalencia.com\/ca\/wp-json\/wp\/v2\/posts\/9104","targetHints":{"allow":["GET"]}}],"collection":[{"href":"https:\/\/lamostradevalencia.com\/ca\/wp-json\/wp\/v2\/posts"}],"about":[{"href":"https:\/\/lamostradevalencia.com\/ca\/wp-json\/wp\/v2\/types\/post"}],"author":[{"embeddable":true,"href":"https:\/\/lamostradevalencia.com\/ca\/wp-json\/wp\/v2\/users\/1"}],"replies":[{"embeddable":true,"href":"https:\/\/lamostradevalencia.com\/ca\/wp-json\/wp\/v2\/comments?post=9104"}],"version-history":[{"count":2,"href":"https:\/\/lamostradevalencia.com\/ca\/wp-json\/wp\/v2\/posts\/9104\/revisions"}],"predecessor-version":[{"id":9106,"href":"https:\/\/lamostradevalencia.com\/ca\/wp-json\/wp\/v2\/posts\/9104\/revisions\/9106"}],"wp:attachment":[{"href":"https:\/\/lamostradevalencia.com\/ca\/wp-json\/wp\/v2\/media?parent=9104"}],"wp:term":[{"taxonomy":"category","embeddable":true,"href":"https:\/\/lamostradevalencia.com\/ca\/wp-json\/wp\/v2\/categories?post=9104"},{"taxonomy":"post_tag","embeddable":true,"href":"https:\/\/lamostradevalencia.com\/ca\/wp-json\/wp\/v2\/tags?post=9104"}],"curies":[{"name":"wp","href":"https:\/\/api.w.org\/{rel}","templated":true}]}}