{"id":7775,"date":"2020-09-28T16:22:55","date_gmt":"2020-09-28T14:22:55","guid":{"rendered":"https:\/\/lamostradevalencia.com\/?p=7775"},"modified":"2020-09-28T17:20:48","modified_gmt":"2020-09-28T15:20:48","slug":"7775","status":"publish","type":"post","link":"https:\/\/lamostradevalencia.com\/ca\/7775\/","title":{"rendered":"La Mostra apuja l&#8217;aposta pel cinema valenci\u00e0"},"content":{"rendered":"<p>La 35a Mostra de Val\u00e8ncia-Cinema del Mediterrani, que se celebrar\u00e0 en els cines Babel i la Filmoteca entre el 22 d\u2019octubre i l\u20191 de novembre apuntala la producci\u00f3 cinematogr\u00e0fica local. Deu t\u00edtols de ficci\u00f3 i no ficci\u00f3, firmats tant per cineastes de llarga traject\u00f2ria com debutants, i repartits entre la Secci\u00f3 Informativa i els passes especials, conformen la participaci\u00f3 valenciana en l\u2019edici\u00f3 2020 del festival.<\/p>\r\n<!-- \/wp:post-content -->\r\n\r\n<!-- wp:paragraph -->\r\n<p>\u201cLa Mostra mant\u00e9 un any m\u00e9s la seua aposta decidida per convertir-se tamb\u00e9 en una finestra internacional per a la difusi\u00f3 del cine valenci\u00e0\u201d, afirma <strong>Gloria Tello<\/strong>, Regidora de Patrimoni i Recursos Culturals.<\/p>\r\n<!-- \/wp:paragraph -->\r\n\r\n<!-- wp:paragraph -->\r\n<p>Entre les cintes seleccionades destaca el documental &#8220;La receta del equilibrio&#8221;, protagonitzat pel prestigi\u00f3s cuiner<strong> Ricard Camarena<\/strong>\u00a0i la seua parella,\u00a0<strong>Mari Carmen Ba\u00f1uls<\/strong>. La pel\u00b7l\u00edcula narra el retorn i la posada en marxa de tots els restaurants regentats per ells dos despr\u00e9s del confinament produ\u00eft per la pand\u00e8mia de la covid-19.<\/p>\r\n<!-- \/wp:paragraph -->\r\n\r\n<!-- wp:paragraph -->\r\n<p>Amb este punt de partida, el director i guionista, \u00d3scar Bern\u00e0cer, relata quatre dies fren\u00e8tics, des del moment en qu\u00e8 Ricard i Mari Carmen comuniquen a la plantilla el seu desig de tornar a obrir les portes, fins que es produ\u00efx l&#8217;anhelat retrobament amb la clientela. Ser\u00e0 l&#8217;estrena a Val\u00e8ncia del film, despr\u00e9s del seu exit\u00f3s pas per la secci\u00f3 Culinary Zinema del Festival de Sant Sebasti\u00e0.<\/p>\r\n<!-- \/wp:paragraph -->\r\n\r\n<!-- wp:image {\"id\":7733,\"sizeSlug\":\"large\"} -->\r\n<figure class=\"wp-block-image size-large\"><img loading=\"lazy\" decoding=\"async\" width=\"1024\" height=\"428\" class=\"wp-image-7733\" src=\"https:\/\/lamostradevalencia.com\/wp-content\/uploads\/2020\/09\/Foto_3_LARECETADELEQUILIBRIO-1024x428.jpg\" alt=\"\" srcset=\"https:\/\/lamostradevalencia.com\/wp-content\/uploads\/2020\/09\/Foto_3_LARECETADELEQUILIBRIO-1024x428.jpg 1024w, https:\/\/lamostradevalencia.com\/wp-content\/uploads\/2020\/09\/Foto_3_LARECETADELEQUILIBRIO-300x125.jpg 300w, https:\/\/lamostradevalencia.com\/wp-content\/uploads\/2020\/09\/Foto_3_LARECETADELEQUILIBRIO-768x321.jpg 768w, https:\/\/lamostradevalencia.com\/wp-content\/uploads\/2020\/09\/Foto_3_LARECETADELEQUILIBRIO-1536x642.jpg 1536w, https:\/\/lamostradevalencia.com\/wp-content\/uploads\/2020\/09\/Foto_3_LARECETADELEQUILIBRIO.jpg 1920w\" sizes=\"auto, (max-width: 1024px) 100vw, 1024px\" \/><\/figure>\r\n<!-- \/wp:image -->\r\n\r\n<!-- wp:paragraph -->\r\n<p>Com ja va fer a &#8220;Matar el rei&#8221;, <strong>Vicent Monson\u00eds<\/strong> torna a portar a la pantalla una obra teatral de l&#8217;autor valenci\u00e0 <strong>Chema Carde\u00f1a<\/strong>. En este cas es tracta de &#8220;L&#8217;estada&#8221;, que en la seua versi\u00f3 cinematogr\u00e0fica es convertix en &#8220;Un cercle en l&#8217;aigua&#8221;. Un intens thriller hist\u00f2ric que t\u00e9 com a protagonistes dos grans figures de la literatura anglesa: Christopher Marlowe i William Shakespeare.<\/p>\r\n<!-- \/wp:paragraph -->\r\n\r\n<!-- wp:paragraph -->\r\n<p>La pel\u00b7l\u00edcula est\u00e0 protagonitzada per <strong>Ra\u00fal Navarro<\/strong> i <strong>Ricardo S\u00e1iz<\/strong>, amb les col\u00b7laboracions especials d&#8217;<strong>Iris Lezcano<\/strong>, <strong>Jordi Ballester<\/strong> i <strong>Enric Juezas<\/strong>, i la seua banda sonora compta amb m\u00fasica original del mestre <strong>Carles Magraner<\/strong> i composicions del per\u00edode shakespeari\u00e0 interpretades per <strong>Capella de Ministrers<\/strong>.<\/p>\r\n<!-- \/wp:paragraph -->\r\n\r\n<!-- wp:image {\"id\":7738,\"sizeSlug\":\"large\"} -->\r\n<figure class=\"wp-block-image size-large\"><img loading=\"lazy\" decoding=\"async\" width=\"1024\" height=\"427\" class=\"wp-image-7738\" src=\"https:\/\/lamostradevalencia.com\/wp-content\/uploads\/2020\/09\/EL_CERCLE_STILL_04-1024x427.jpg\" alt=\"\" srcset=\"https:\/\/lamostradevalencia.com\/wp-content\/uploads\/2020\/09\/EL_CERCLE_STILL_04-1024x427.jpg 1024w, https:\/\/lamostradevalencia.com\/wp-content\/uploads\/2020\/09\/EL_CERCLE_STILL_04-300x125.jpg 300w, https:\/\/lamostradevalencia.com\/wp-content\/uploads\/2020\/09\/EL_CERCLE_STILL_04-768x320.jpg 768w, https:\/\/lamostradevalencia.com\/wp-content\/uploads\/2020\/09\/EL_CERCLE_STILL_04-1536x641.jpg 1536w\" sizes=\"auto, (max-width: 1024px) 100vw, 1024px\" \/><\/figure>\r\n<!-- \/wp:image -->\r\n\r\n<!-- wp:paragraph -->\r\n<p>Mostra de Val\u00e8ncia acollir\u00e0 tamb\u00e9 l&#8217;estrena absoluta de &#8220;La \u00faltima cena&#8221;, una at\u00edpica proposta creada i desenvolupada per <strong>Mar\u00eda S. Torregrosa<\/strong> i <strong>Toni Agust\u00ed <\/strong>que compta amb la realitzaci\u00f3 d&#8217;<strong>Andrea Jaurrieta, <\/strong>nominada al Goya per &#8220;Ana de d\u00eda&#8221;. Un interessant experiment cinematogr\u00e0fic, dut a terme en un sol dia per un grup de t\u00e8cnics i actors, que es reunix per rodar un sopar d&#8217;amics en temps real. Els actors tan sols disposaven d&#8217;una breu descripci\u00f3 dels seus personatges, i es van deixar portar per un joc d&#8217;improvisaci\u00f3 que adapta i actualitza de manera original els preceptes del Cinema Dogma dan\u00e9s.<\/p>\r\n<!-- \/wp:paragraph -->\r\n\r\n<!-- wp:image {\"id\":7743,\"sizeSlug\":\"large\"} -->\r\n<figure class=\"wp-block-image size-large\"><img loading=\"lazy\" decoding=\"async\" width=\"1024\" height=\"554\" class=\"wp-image-7743\" src=\"https:\/\/lamostradevalencia.com\/wp-content\/uploads\/2020\/09\/laultimacena-1024x554.jpg\" alt=\"\" srcset=\"https:\/\/lamostradevalencia.com\/wp-content\/uploads\/2020\/09\/laultimacena-1024x554.jpg 1024w, https:\/\/lamostradevalencia.com\/wp-content\/uploads\/2020\/09\/laultimacena-300x162.jpg 300w, https:\/\/lamostradevalencia.com\/wp-content\/uploads\/2020\/09\/laultimacena-768x415.jpg 768w, https:\/\/lamostradevalencia.com\/wp-content\/uploads\/2020\/09\/laultimacena-1536x830.jpg 1536w, https:\/\/lamostradevalencia.com\/wp-content\/uploads\/2020\/09\/laultimacena.jpg 1920w\" sizes=\"auto, (max-width: 1024px) 100vw, 1024px\" \/><\/figure>\r\n<!-- \/wp:image -->\r\n\r\n<!-- wp:paragraph -->\r\n<p>La figura del pintor i il\u00b7lustrador valenci\u00e0 Josep Segrelles \u00e9s una de les m\u00e9s influents per a desenes d&#8217;artistes contemporanis. Les seues m\u00e9s de cinc mil obres han atorgat universalitat al seu treball, que ja en els anys vint i trenta de segle XX va aconseguir el reconeixement internacional. Ara salta a la pantalla de la m\u00e0 d&#8217;<strong>Ignacio Estrela<\/strong>, al documental &#8220;Segrelles, il\u00b7lustrador universal&#8221;, un projecte que compta amb la col\u00b7laboraci\u00f3 de <strong>Guillermo del Toro<\/strong> i que es veur\u00e0 per primera vegada a Val\u00e8ncia, despr\u00e9s del seu pas pel Festival de Sitges.<\/p>\r\n<!-- \/wp:paragraph -->\r\n\r\n<!-- wp:image {\"id\":7748,\"sizeSlug\":\"large\"} -->\r\n<figure class=\"wp-block-image size-large\"><img loading=\"lazy\" decoding=\"async\" width=\"1024\" height=\"575\" class=\"wp-image-7748\" src=\"https:\/\/lamostradevalencia.com\/wp-content\/uploads\/2020\/09\/Guillermo-del-Toro-Segrelles-1024x575.jpeg\" alt=\"\" srcset=\"https:\/\/lamostradevalencia.com\/wp-content\/uploads\/2020\/09\/Guillermo-del-Toro-Segrelles-1024x575.jpeg 1024w, https:\/\/lamostradevalencia.com\/wp-content\/uploads\/2020\/09\/Guillermo-del-Toro-Segrelles-300x168.jpeg 300w, https:\/\/lamostradevalencia.com\/wp-content\/uploads\/2020\/09\/Guillermo-del-Toro-Segrelles-768x431.jpeg 768w, https:\/\/lamostradevalencia.com\/wp-content\/uploads\/2020\/09\/Guillermo-del-Toro-Segrelles-1536x862.jpeg 1536w\" sizes=\"auto, (max-width: 1024px) 100vw, 1024px\" \/><\/figure>\r\n<!-- \/wp:image -->\r\n\r\n<!-- wp:paragraph -->\r\n<p>El realitzador <strong>Pablo Peris<\/strong> torna a la Mostra despr\u00e9s de projectar al festival el seu pol\u00e8mic documental &#8220;Cinema i utopia&#8221; (2018), on removia el debat historiogr\u00e0fic sobre l&#8217;audiovisual local. I ho fa amb la presentaci\u00f3 mundial de &#8220;La benvinguda&#8221;, un llargmetratge de ficci\u00f3 que q\u00fcestiona les idees preconcebudes sobre la fam\u00edlia i els seus arquetips. Una pel\u00b7l\u00edcula de baix pressupost que trau molt de partit dels seus recursos i apuntala la traject\u00f2ria del jove cineasta.<\/p>\r\n<!-- \/wp:paragraph -->\r\n\r\n<!-- wp:image {\"id\":7753,\"sizeSlug\":\"large\"} -->\r\n<figure class=\"wp-block-image size-large\"><img loading=\"lazy\" decoding=\"async\" width=\"1024\" height=\"426\" class=\"wp-image-7753\" src=\"https:\/\/lamostradevalencia.com\/wp-content\/uploads\/2020\/09\/Labenvinguda-1024x426.jpg\" alt=\"\" srcset=\"https:\/\/lamostradevalencia.com\/wp-content\/uploads\/2020\/09\/Labenvinguda-1024x426.jpg 1024w, https:\/\/lamostradevalencia.com\/wp-content\/uploads\/2020\/09\/Labenvinguda-300x125.jpg 300w, https:\/\/lamostradevalencia.com\/wp-content\/uploads\/2020\/09\/Labenvinguda-768x320.jpg 768w, https:\/\/lamostradevalencia.com\/wp-content\/uploads\/2020\/09\/Labenvinguda-1536x639.jpg 1536w\" sizes=\"auto, (max-width: 1024px) 100vw, 1024px\" \/><\/figure>\r\n<!-- \/wp:image -->\r\n\r\n<!-- wp:paragraph -->\r\n<p>A m\u00e9s, es podr\u00e0 veure tamb\u00e9 &#8220;La desvida&#8221;, \u00f2pera prima <strong>d&#8217;Agust\u00edn Rubio Alcover<\/strong>, una producci\u00f3 rodada \u00edntegrament en angl\u00e9s ia\u00a0 base d&#8217;elaborats plans-seq\u00fc\u00e8ncia que introdu\u00efx elements de tall fant\u00e0stic en un drama de parella, i es presentar\u00e0 per primera vegada davant el p\u00fablic &#8220;Swing, la vida d&#8217;un secret&#8221;, el debut de l&#8217;experimentat curtmetratgista <strong>Miguel \u00c1ngel Font Bisier<\/strong>, que reunix un grapat de coneguts actors valencians (<strong>Jaime Pujol, Cristina Perales, Paula Braguinsky<\/strong>) en una com\u00e8dia amb puntuals derives cap al drama.<\/p>\r\n<!-- \/wp:paragraph -->\r\n\r\n<!-- wp:image {\"id\":7758,\"sizeSlug\":\"large\"} -->\r\n<figure class=\"wp-block-image size-large\"><img loading=\"lazy\" decoding=\"async\" width=\"1024\" height=\"640\" class=\"wp-image-7758\" src=\"https:\/\/lamostradevalencia.com\/wp-content\/uploads\/2020\/09\/Non-living_04-1024x640.jpg\" alt=\"\" srcset=\"https:\/\/lamostradevalencia.com\/wp-content\/uploads\/2020\/09\/Non-living_04-1024x640.jpg 1024w, https:\/\/lamostradevalencia.com\/wp-content\/uploads\/2020\/09\/Non-living_04-300x188.jpg 300w, https:\/\/lamostradevalencia.com\/wp-content\/uploads\/2020\/09\/Non-living_04-768x480.jpg 768w, https:\/\/lamostradevalencia.com\/wp-content\/uploads\/2020\/09\/Non-living_04.jpg 1440w\" sizes=\"auto, (max-width: 1024px) 100vw, 1024px\" \/><\/figure>\r\n<!-- \/wp:image -->\r\n\r\n<!-- wp:paragraph -->\r\n<p>Estos t\u00edtols, la majoria dels quals han comptat amb el suport de l&#8217;IVC i d&#8217;\u00c0 Punt, se sumen a les dos pel\u00b7l\u00edcules valencianes de la Secci\u00f3 Informativa anunciades pr\u00e8viament: &#8220;Coses a fer abans de morir&#8221; (Miguel Llorens i Cristina Fern\u00e1ndez) i &#8221; Camagroga &#8220;(Alfonso Amador), ia la cinta que inaugurar\u00e0 el festival, que s&#8217;anunciar\u00e0 pr\u00f2ximament.<\/p>\r\n<!-- \/wp:paragraph -->\r\n\r\n<!-- wp:image {\"id\":7763,\"sizeSlug\":\"large\"} -->\r\n<figure class=\"wp-block-image size-large\"><img loading=\"lazy\" decoding=\"async\" width=\"1024\" height=\"576\" class=\"wp-image-7763\" src=\"https:\/\/lamostradevalencia.com\/wp-content\/uploads\/2020\/09\/COSESAFERABANSDEMORIR02-1024x576.jpg\" alt=\"\" srcset=\"https:\/\/lamostradevalencia.com\/wp-content\/uploads\/2020\/09\/COSESAFERABANSDEMORIR02-1024x576.jpg 1024w, https:\/\/lamostradevalencia.com\/wp-content\/uploads\/2020\/09\/COSESAFERABANSDEMORIR02-300x169.jpg 300w, https:\/\/lamostradevalencia.com\/wp-content\/uploads\/2020\/09\/COSESAFERABANSDEMORIR02-768x432.jpg 768w, https:\/\/lamostradevalencia.com\/wp-content\/uploads\/2020\/09\/COSESAFERABANSDEMORIR02.jpg 1080w\" sizes=\"auto, (max-width: 1024px) 100vw, 1024px\" \/><\/figure>","protected":false},"excerpt":{"rendered":"<p>La 35a Mostra de Val\u00e8ncia-Cinema del Mediterrani, que se celebrar\u00e0 en els cines Babel i la Filmoteca entre el 22 d\u2019octubre i l\u20191 de novembre [&hellip;]<\/p>\n","protected":false},"author":1,"featured_media":0,"comment_status":"open","ping_status":"open","sticky":false,"template":"","format":"standard","meta":{"_uag_custom_page_level_css":"","_jet_sm_ready_style":"","_jet_sm_style":"","_jet_sm_controls_values":"","_jet_sm_fonts_collection":"","_jet_sm_fonts_links":"","footnotes":""},"categories":[455],"tags":[],"class_list":["post-7775","post","type-post","status-publish","format-standard","hentry","category-noticies"],"yoast_head":"<!-- This site is optimized with the Yoast SEO plugin v27.5 - https:\/\/yoast.com\/product\/yoast-seo-wordpress\/ -->\n<title>La Mostra apuja l&#039;aposta pel cinema valenci\u00e0 - Mostra de Val\u00e8ncia<\/title>\n<meta name=\"robots\" content=\"index, follow, max-snippet:-1, max-image-preview:large, max-video-preview:-1\" \/>\n<link rel=\"canonical\" href=\"https:\/\/lamostradevalencia.com\/ca\/7775\/\" \/>\n<meta property=\"og:locale\" content=\"ca_ES\" \/>\n<meta property=\"og:type\" content=\"article\" \/>\n<meta property=\"og:title\" content=\"La Mostra apuja l&#039;aposta pel cinema valenci\u00e0 - Mostra de Val\u00e8ncia\" \/>\n<meta property=\"og:description\" content=\"La 35a Mostra de Val\u00e8ncia-Cinema del Mediterrani, que se celebrar\u00e0 en els cines Babel i la Filmoteca entre el 22 d\u2019octubre i l\u20191 de novembre [&hellip;]\" \/>\n<meta property=\"og:url\" content=\"https:\/\/lamostradevalencia.com\/ca\/7775\/\" \/>\n<meta property=\"og:site_name\" content=\"Mostra de Val\u00e8ncia\" \/>\n<meta property=\"article:published_time\" content=\"2020-09-28T14:22:55+00:00\" \/>\n<meta property=\"article:modified_time\" content=\"2020-09-28T15:20:48+00:00\" \/>\n<meta property=\"og:image\" content=\"https:\/\/lamostradevalencia.com\/wp-content\/uploads\/2020\/09\/Foto_3_LARECETADELEQUILIBRIO-1024x428.jpg\" \/>\n<meta name=\"author\" content=\"Mostra de Val\u00e8ncia\" \/>\n<meta name=\"twitter:card\" content=\"summary_large_image\" \/>\n<meta name=\"twitter:label1\" content=\"Escrit per\" \/>\n\t<meta name=\"twitter:data1\" content=\"Mostra de Val\u00e8ncia\" \/>\n\t<meta name=\"twitter:label2\" content=\"Temps estimat de lectura\" \/>\n\t<meta name=\"twitter:data2\" content=\"4 minuts\" \/>\n<script type=\"application\/ld+json\" class=\"yoast-schema-graph\">{\"@context\":\"https:\\\/\\\/schema.org\",\"@graph\":[{\"@type\":\"Article\",\"@id\":\"https:\\\/\\\/lamostradevalencia.com\\\/ca\\\/7775\\\/#article\",\"isPartOf\":{\"@id\":\"https:\\\/\\\/lamostradevalencia.com\\\/ca\\\/7775\\\/\"},\"author\":{\"name\":\"Mostra de Val\u00e8ncia\",\"@id\":\"https:\\\/\\\/lamostradevalencia.com\\\/ca\\\/#\\\/schema\\\/person\\\/1dc07e4df3d6310b81d2cdf6a034070c\"},\"headline\":\"La Mostra apuja l&#8217;aposta pel cinema valenci\u00e0\",\"datePublished\":\"2020-09-28T14:22:55+00:00\",\"dateModified\":\"2020-09-28T15:20:48+00:00\",\"mainEntityOfPage\":{\"@id\":\"https:\\\/\\\/lamostradevalencia.com\\\/ca\\\/7775\\\/\"},\"wordCount\":819,\"commentCount\":0,\"image\":{\"@id\":\"https:\\\/\\\/lamostradevalencia.com\\\/ca\\\/7775\\\/#primaryimage\"},\"thumbnailUrl\":\"https:\\\/\\\/lamostradevalencia.com\\\/wp-content\\\/uploads\\\/2020\\\/09\\\/Foto_3_LARECETADELEQUILIBRIO-1024x428.jpg\",\"articleSection\":[\"Noticies\"],\"inLanguage\":\"ca\",\"potentialAction\":[{\"@type\":\"CommentAction\",\"name\":\"Comment\",\"target\":[\"https:\\\/\\\/lamostradevalencia.com\\\/ca\\\/7775\\\/#respond\"]}]},{\"@type\":\"WebPage\",\"@id\":\"https:\\\/\\\/lamostradevalencia.com\\\/ca\\\/7775\\\/\",\"url\":\"https:\\\/\\\/lamostradevalencia.com\\\/ca\\\/7775\\\/\",\"name\":\"La Mostra apuja l'aposta pel cinema valenci\u00e0 - Mostra de Val\u00e8ncia\",\"isPartOf\":{\"@id\":\"https:\\\/\\\/lamostradevalencia.com\\\/ca\\\/#website\"},\"primaryImageOfPage\":{\"@id\":\"https:\\\/\\\/lamostradevalencia.com\\\/ca\\\/7775\\\/#primaryimage\"},\"image\":{\"@id\":\"https:\\\/\\\/lamostradevalencia.com\\\/ca\\\/7775\\\/#primaryimage\"},\"thumbnailUrl\":\"https:\\\/\\\/lamostradevalencia.com\\\/wp-content\\\/uploads\\\/2020\\\/09\\\/Foto_3_LARECETADELEQUILIBRIO-1024x428.jpg\",\"datePublished\":\"2020-09-28T14:22:55+00:00\",\"dateModified\":\"2020-09-28T15:20:48+00:00\",\"author\":{\"@id\":\"https:\\\/\\\/lamostradevalencia.com\\\/ca\\\/#\\\/schema\\\/person\\\/1dc07e4df3d6310b81d2cdf6a034070c\"},\"breadcrumb\":{\"@id\":\"https:\\\/\\\/lamostradevalencia.com\\\/ca\\\/7775\\\/#breadcrumb\"},\"inLanguage\":\"ca\",\"potentialAction\":[{\"@type\":\"ReadAction\",\"target\":[\"https:\\\/\\\/lamostradevalencia.com\\\/ca\\\/7775\\\/\"]}]},{\"@type\":\"ImageObject\",\"inLanguage\":\"ca\",\"@id\":\"https:\\\/\\\/lamostradevalencia.com\\\/ca\\\/7775\\\/#primaryimage\",\"url\":\"https:\\\/\\\/lamostradevalencia.com\\\/wp-content\\\/uploads\\\/2020\\\/09\\\/Foto_3_LARECETADELEQUILIBRIO-1024x428.jpg\",\"contentUrl\":\"https:\\\/\\\/lamostradevalencia.com\\\/wp-content\\\/uploads\\\/2020\\\/09\\\/Foto_3_LARECETADELEQUILIBRIO-1024x428.jpg\"},{\"@type\":\"BreadcrumbList\",\"@id\":\"https:\\\/\\\/lamostradevalencia.com\\\/ca\\\/7775\\\/#breadcrumb\",\"itemListElement\":[{\"@type\":\"ListItem\",\"position\":1,\"name\":\"Portada\",\"item\":\"https:\\\/\\\/lamostradevalencia.com\\\/ca\\\/\"},{\"@type\":\"ListItem\",\"position\":2,\"name\":\"La Mostra apuja l&#8217;aposta pel cinema valenci\u00e0\"}]},{\"@type\":\"WebSite\",\"@id\":\"https:\\\/\\\/lamostradevalencia.com\\\/ca\\\/#website\",\"url\":\"https:\\\/\\\/lamostradevalencia.com\\\/ca\\\/\",\"name\":\"Mostra de Val\u00e8ncia\",\"description\":\"Cinema del Mediterrani\",\"potentialAction\":[{\"@type\":\"SearchAction\",\"target\":{\"@type\":\"EntryPoint\",\"urlTemplate\":\"https:\\\/\\\/lamostradevalencia.com\\\/ca\\\/?s={search_term_string}\"},\"query-input\":{\"@type\":\"PropertyValueSpecification\",\"valueRequired\":true,\"valueName\":\"search_term_string\"}}],\"inLanguage\":\"ca\"},{\"@type\":\"Person\",\"@id\":\"https:\\\/\\\/lamostradevalencia.com\\\/ca\\\/#\\\/schema\\\/person\\\/1dc07e4df3d6310b81d2cdf6a034070c\",\"name\":\"Mostra de Val\u00e8ncia\",\"image\":{\"@type\":\"ImageObject\",\"inLanguage\":\"ca\",\"@id\":\"https:\\\/\\\/secure.gravatar.com\\\/avatar\\\/ada4dfd699a9907706987adb1bb2b361c2613ccca474b49b8c648de5208e32f8?s=96&d=mm&r=g\",\"url\":\"https:\\\/\\\/secure.gravatar.com\\\/avatar\\\/ada4dfd699a9907706987adb1bb2b361c2613ccca474b49b8c648de5208e32f8?s=96&d=mm&r=g\",\"contentUrl\":\"https:\\\/\\\/secure.gravatar.com\\\/avatar\\\/ada4dfd699a9907706987adb1bb2b361c2613ccca474b49b8c648de5208e32f8?s=96&d=mm&r=g\",\"caption\":\"Mostra de Val\u00e8ncia\"}}]}<\/script>\n<!-- \/ Yoast SEO plugin. -->","yoast_head_json":{"title":"La Mostra apuja l'aposta pel cinema valenci\u00e0 - Mostra de Val\u00e8ncia","robots":{"index":"index","follow":"follow","max-snippet":"max-snippet:-1","max-image-preview":"max-image-preview:large","max-video-preview":"max-video-preview:-1"},"canonical":"https:\/\/lamostradevalencia.com\/ca\/7775\/","og_locale":"ca_ES","og_type":"article","og_title":"La Mostra apuja l'aposta pel cinema valenci\u00e0 - Mostra de Val\u00e8ncia","og_description":"La 35a Mostra de Val\u00e8ncia-Cinema del Mediterrani, que se celebrar\u00e0 en els cines Babel i la Filmoteca entre el 22 d\u2019octubre i l\u20191 de novembre [&hellip;]","og_url":"https:\/\/lamostradevalencia.com\/ca\/7775\/","og_site_name":"Mostra de Val\u00e8ncia","article_published_time":"2020-09-28T14:22:55+00:00","article_modified_time":"2020-09-28T15:20:48+00:00","og_image":[{"url":"https:\/\/lamostradevalencia.com\/wp-content\/uploads\/2020\/09\/Foto_3_LARECETADELEQUILIBRIO-1024x428.jpg","type":"","width":"","height":""}],"author":"Mostra de Val\u00e8ncia","twitter_card":"summary_large_image","twitter_misc":{"Escrit per":"Mostra de Val\u00e8ncia","Temps estimat de lectura":"4 minuts"},"schema":{"@context":"https:\/\/schema.org","@graph":[{"@type":"Article","@id":"https:\/\/lamostradevalencia.com\/ca\/7775\/#article","isPartOf":{"@id":"https:\/\/lamostradevalencia.com\/ca\/7775\/"},"author":{"name":"Mostra de Val\u00e8ncia","@id":"https:\/\/lamostradevalencia.com\/ca\/#\/schema\/person\/1dc07e4df3d6310b81d2cdf6a034070c"},"headline":"La Mostra apuja l&#8217;aposta pel cinema valenci\u00e0","datePublished":"2020-09-28T14:22:55+00:00","dateModified":"2020-09-28T15:20:48+00:00","mainEntityOfPage":{"@id":"https:\/\/lamostradevalencia.com\/ca\/7775\/"},"wordCount":819,"commentCount":0,"image":{"@id":"https:\/\/lamostradevalencia.com\/ca\/7775\/#primaryimage"},"thumbnailUrl":"https:\/\/lamostradevalencia.com\/wp-content\/uploads\/2020\/09\/Foto_3_LARECETADELEQUILIBRIO-1024x428.jpg","articleSection":["Noticies"],"inLanguage":"ca","potentialAction":[{"@type":"CommentAction","name":"Comment","target":["https:\/\/lamostradevalencia.com\/ca\/7775\/#respond"]}]},{"@type":"WebPage","@id":"https:\/\/lamostradevalencia.com\/ca\/7775\/","url":"https:\/\/lamostradevalencia.com\/ca\/7775\/","name":"La Mostra apuja l'aposta pel cinema valenci\u00e0 - Mostra de Val\u00e8ncia","isPartOf":{"@id":"https:\/\/lamostradevalencia.com\/ca\/#website"},"primaryImageOfPage":{"@id":"https:\/\/lamostradevalencia.com\/ca\/7775\/#primaryimage"},"image":{"@id":"https:\/\/lamostradevalencia.com\/ca\/7775\/#primaryimage"},"thumbnailUrl":"https:\/\/lamostradevalencia.com\/wp-content\/uploads\/2020\/09\/Foto_3_LARECETADELEQUILIBRIO-1024x428.jpg","datePublished":"2020-09-28T14:22:55+00:00","dateModified":"2020-09-28T15:20:48+00:00","author":{"@id":"https:\/\/lamostradevalencia.com\/ca\/#\/schema\/person\/1dc07e4df3d6310b81d2cdf6a034070c"},"breadcrumb":{"@id":"https:\/\/lamostradevalencia.com\/ca\/7775\/#breadcrumb"},"inLanguage":"ca","potentialAction":[{"@type":"ReadAction","target":["https:\/\/lamostradevalencia.com\/ca\/7775\/"]}]},{"@type":"ImageObject","inLanguage":"ca","@id":"https:\/\/lamostradevalencia.com\/ca\/7775\/#primaryimage","url":"https:\/\/lamostradevalencia.com\/wp-content\/uploads\/2020\/09\/Foto_3_LARECETADELEQUILIBRIO-1024x428.jpg","contentUrl":"https:\/\/lamostradevalencia.com\/wp-content\/uploads\/2020\/09\/Foto_3_LARECETADELEQUILIBRIO-1024x428.jpg"},{"@type":"BreadcrumbList","@id":"https:\/\/lamostradevalencia.com\/ca\/7775\/#breadcrumb","itemListElement":[{"@type":"ListItem","position":1,"name":"Portada","item":"https:\/\/lamostradevalencia.com\/ca\/"},{"@type":"ListItem","position":2,"name":"La Mostra apuja l&#8217;aposta pel cinema valenci\u00e0"}]},{"@type":"WebSite","@id":"https:\/\/lamostradevalencia.com\/ca\/#website","url":"https:\/\/lamostradevalencia.com\/ca\/","name":"Mostra de Val\u00e8ncia","description":"Cinema del Mediterrani","potentialAction":[{"@type":"SearchAction","target":{"@type":"EntryPoint","urlTemplate":"https:\/\/lamostradevalencia.com\/ca\/?s={search_term_string}"},"query-input":{"@type":"PropertyValueSpecification","valueRequired":true,"valueName":"search_term_string"}}],"inLanguage":"ca"},{"@type":"Person","@id":"https:\/\/lamostradevalencia.com\/ca\/#\/schema\/person\/1dc07e4df3d6310b81d2cdf6a034070c","name":"Mostra de Val\u00e8ncia","image":{"@type":"ImageObject","inLanguage":"ca","@id":"https:\/\/secure.gravatar.com\/avatar\/ada4dfd699a9907706987adb1bb2b361c2613ccca474b49b8c648de5208e32f8?s=96&d=mm&r=g","url":"https:\/\/secure.gravatar.com\/avatar\/ada4dfd699a9907706987adb1bb2b361c2613ccca474b49b8c648de5208e32f8?s=96&d=mm&r=g","contentUrl":"https:\/\/secure.gravatar.com\/avatar\/ada4dfd699a9907706987adb1bb2b361c2613ccca474b49b8c648de5208e32f8?s=96&d=mm&r=g","caption":"Mostra de Val\u00e8ncia"}}]}},"uagb_featured_image_src":{"full":false,"thumbnail":false,"medium":false,"medium_large":false,"large":false,"1536x1536":false,"2048x2048":false,"cinerama_edge_image_square":false,"cinerama_edge_image_landscape":false,"cinerama_edge_image_portrait":false,"cinerama_edge_image_huge":false,"gform-image-choice-sm":false,"gform-image-choice-md":false,"gform-image-choice-lg":false},"uagb_author_info":{"display_name":"Mostra de Val\u00e8ncia","author_link":"https:\/\/lamostradevalencia.com\/ca\/author\/mostravalencia\/"},"uagb_comment_info":0,"uagb_excerpt":"La 35a Mostra de Val\u00e8ncia-Cinema del Mediterrani, que se celebrar\u00e0 en els cines Babel i la Filmoteca entre el 22 d\u2019octubre i l\u20191 de novembre [&hellip;]","_links":{"self":[{"href":"https:\/\/lamostradevalencia.com\/ca\/wp-json\/wp\/v2\/posts\/7775","targetHints":{"allow":["GET"]}}],"collection":[{"href":"https:\/\/lamostradevalencia.com\/ca\/wp-json\/wp\/v2\/posts"}],"about":[{"href":"https:\/\/lamostradevalencia.com\/ca\/wp-json\/wp\/v2\/types\/post"}],"author":[{"embeddable":true,"href":"https:\/\/lamostradevalencia.com\/ca\/wp-json\/wp\/v2\/users\/1"}],"replies":[{"embeddable":true,"href":"https:\/\/lamostradevalencia.com\/ca\/wp-json\/wp\/v2\/comments?post=7775"}],"version-history":[{"count":4,"href":"https:\/\/lamostradevalencia.com\/ca\/wp-json\/wp\/v2\/posts\/7775\/revisions"}],"predecessor-version":[{"id":7782,"href":"https:\/\/lamostradevalencia.com\/ca\/wp-json\/wp\/v2\/posts\/7775\/revisions\/7782"}],"wp:attachment":[{"href":"https:\/\/lamostradevalencia.com\/ca\/wp-json\/wp\/v2\/media?parent=7775"}],"wp:term":[{"taxonomy":"category","embeddable":true,"href":"https:\/\/lamostradevalencia.com\/ca\/wp-json\/wp\/v2\/categories?post=7775"},{"taxonomy":"post_tag","embeddable":true,"href":"https:\/\/lamostradevalencia.com\/ca\/wp-json\/wp\/v2\/tags?post=7775"}],"curies":[{"name":"wp","href":"https:\/\/api.w.org\/{rel}","templated":true}]}}