{"id":7721,"date":"2020-09-23T19:52:07","date_gmt":"2020-09-23T17:52:07","guid":{"rendered":"https:\/\/lamostradevalencia.com\/?p=7721"},"modified":"2020-09-23T20:18:37","modified_gmt":"2020-09-23T18:18:37","slug":"mostra-de-valencia-completa-la-seccio-a-concurs-amb-altres-cinc-estrenes-a-espanya","status":"publish","type":"post","link":"https:\/\/lamostradevalencia.com\/ca\/mostra-de-valencia-completa-la-seccio-a-concurs-amb-altres-cinc-estrenes-a-espanya\/","title":{"rendered":"Mostra de Val\u00e8ncia completa la secci\u00f3 a concurs amb altres cinc estrenes a Espanya."},"content":{"rendered":"<p><strong>La 35a Mostra de Val\u00e8ncia-Cinema del Mediterrani, que se celebrar\u00e0 als cines Babel i la Filmoteca entre el 22 d&#8217;octubre i l&#8217;1 de novembre, ha completat la llista de pel\u00b7l\u00edcules que optaran a les Palmeres d&#8217;Or, Plata i Bronze en la seua edici\u00f3 d&#8217;enguany, en la qual el festival ha batut el seu propi r\u00e8cord d&#8217;inscripcions, en rebre m\u00e9s de 750 t\u00edtols.<\/strong><\/p>\r\n<!-- \/wp:post-content -->\r\n\r\n<!-- wp:paragraph -->\r\n<p><span style=\"font-weight: 400;\">Entre els films confirmats, tots ells d&#8217;estrena a Espanya, destaca &#8220;Favolacce&#8221;, cinta italiana dirigida pels germans <\/span><b>Fabio i Damiano D&#8217;Innocenzo<\/b><span style=\"font-weight: 400;\"> que va obtindre el Premi al Millor Gui\u00f3 en la Berlinale i que oferix una mirada particularment \u00e0cida sobre les relacions entre pares i fills en les fam\u00edlies suburbanes de classe mitjana. <\/span> <img loading=\"lazy\" decoding=\"async\" src=\"https:\/\/ci4.googleusercontent.com\/proxy\/mEhbWtMi2S-a4sOVmoLQlTdc1y_mHvkm4TRxJHL0I-BxMyVLT2lGxHfE2C5GV2xGVsC3IcaCUArS2n-V5h0vfjKpfQd-hFfT8tgCNv5BHvOJGErySESU7uh9KsaXuldq-NS_laDjTNnRbzQB-KtFBZZrLf5cY0Xxkpg6Ow=s0-d-e1-ft#https:\/\/mcusercontent.com\/9480d0257e141b80c7464b1c0\/_compresseds\/bb0e4a94-9b82-4978-942b-fced46c7ae1e.jpg\" width=\"900\" height=\"600\" \/><\/p>\r\n<p><span style=\"font-weight: 400;\">Tamb\u00e9 &#8220;Kala Azar&#8221;, l&#8217;\u00f2pera prima de l&#8217;artista grega <\/span><b>Janis Rafa<\/b><span style=\"font-weight: 400;\">, premiada a Rotterdam i Hong Kong. Un film que explora la fina l\u00ednia que separa la vida de la mort, les connexions entre \u00e9ssers humans i animals i la fragilitat de l&#8217;amor.<\/span><\/p>\r\n<p><img loading=\"lazy\" decoding=\"async\" src=\"https:\/\/ci6.googleusercontent.com\/proxy\/Q9knuGymYYbI3OhBmHQK7HVqEljwpav24RJSujrP7IUVMsdBTi-LISz6DnEOXYEl0QkYTpwPXEcuQpFJtM58LmdlfwBwCKp7kSJCe7UpB9LV7LaMOZE6wkvuuGFrfpucbi09Y72VxlXhTR6Db6U1MJFuiVBXOA=s0-d-e1-ft#https:\/\/mcusercontent.com\/9480d0257e141b80c7464b1c0\/images\/a176917f-e6a3-408b-bcec-e9c1d730f3c9.jpg\" width=\"900\" height=\"455\" \/><\/p>\r\n<!-- \/wp:paragraph -->\r\n\r\n<!-- wp:paragraph -->\r\n<p><span style=\"font-weight: 400;\">&#8220;Willow&#8221; \u00e9s l&#8217;\u00faltima pel\u00b7l\u00edcula del macedoni <\/span><b>Milcho Manchevski<\/b><span style=\"font-weight: 400;\">, que va irrompre en el panorama internacional amb l&#8217;aclamada &#8220;Antes de la lluvia&#8221;, amb la qual va aconseguir una nominaci\u00f3 a l&#8217;Oscar. En esta ocasi\u00f3, se servix de tres hist\u00f2ries interconnectades protagonitzades per dones per a plantejar una profunda reflexi\u00f3 sobre el control dels seus cossos, la tradici\u00f3, la lleialtat, la crian\u00e7a i l&#8217;adopci\u00f3.<\/span><\/p>\r\n<!-- \/wp:paragraph -->\r\n\r\n<!-- wp:image -->\r\n<figure class=\"wp-block-image\"><img decoding=\"async\" src=\"https:\/\/ci5.googleusercontent.com\/proxy\/QPmcA6U4vsY-s_-zG9P5DOiXJsd4-1pQHl1fvQUbZ53Rw6A1ZgT5ZMLBSebyfVvf2p5dZFgyBvstUBvds095DALkqadFKxzcFs56eEtBTXcUlXDe9tMtewQMnFZM4g3uozlgxeWROfftFgOlmUkiWZuIP_VxWA=s0-d-e1-ft#https:\/\/mcusercontent.com\/9480d0257e141b80c7464b1c0\/images\/a5515b92-ef6f-4cdc-93fa-4927dd103e12.jpg\" alt=\"\" \/><\/figure>\r\n<!-- \/wp:image -->\r\n\r\n<!-- wp:paragraph -->\r\n<p><span style=\"font-weight: 400;\">Tamb\u00e9 s\u00f3n dones els personatges centrals de &#8220;Luxor&#8221; i &#8220;Tereza37&#8221;. La primera \u00e9s una producci\u00f3 eg\u00edpcia amb participaci\u00f3 brit\u00e0nica dirigida per <\/span><b>Zeina Durra<\/b><span style=\"font-weight: 400;\">, que va tindre la seua estrena mundial en Sundance i est\u00e0 protagonitzada per <\/span><b>Andrea Riseborough<\/b><span style=\"font-weight: 400;\"> (&#8220;Mandy&#8221;, &#8220;Birdman&#8221;), qui dona vida a una arque\u00f2loga que cau sedu\u00efda davant els misteris de la monumental ciutat a la vora del Nil. <\/span><\/p>\r\n<!-- \/wp:paragraph -->\r\n\r\n<!-- wp:image -->\r\n<figure class=\"wp-block-image\"><img decoding=\"async\" src=\"https:\/\/ci3.googleusercontent.com\/proxy\/VZvksOmV0luJheI20TdzWznh1a1ZH7n22PwJ6lhaQ6B4QYw7fFgBcK2MsyUcaAhXm1TGn0anH0AV_tiRSZheuxltM2ccV-SAbjdrp1jCKj8dmSN4O8Mv4Er0vK94lLW1vHBPoYKb6dK9r6b25pDFBfyWrG1byQ=s0-d-e1-ft#https:\/\/mcusercontent.com\/9480d0257e141b80c7464b1c0\/images\/92958098-c3db-40dc-9d7a-15c8ce0583ad.jpg\" alt=\"\" \/><\/figure>\r\n<!-- \/wp:image -->\r\n\r\n<!-- wp:paragraph -->\r\n<p><span style=\"font-weight: 400;\">Quant a &#8220;Tereza37&#8221;, es tracta d&#8217;una cinta croata dirigida per <\/span><b>Danilo Serbedzija<\/b><span style=\"font-weight: 400;\">, on destaca poderosament la pres\u00e8ncia de l&#8217;actriu <\/span><b>Lana Baric,<\/b><span style=\"font-weight: 400;\"> no nom\u00e9s per la seua convincent interpretaci\u00f3 del personatge principal, una dona marcada per haver patit diversos avortaments, sin\u00f3 perqu\u00e8 a m\u00e9s \u00e9s l&#8217;autora del gui\u00f3.<\/span><\/p>\r\n<!-- \/wp:paragraph -->\r\n\r\n<!-- wp:image -->\r\n<figure class=\"wp-block-image\"><img decoding=\"async\" src=\"https:\/\/ci5.googleusercontent.com\/proxy\/JWm5-SfGo1VcD6FXT52698o4rxTQPlOWKvYWl3U1zOFFYpHJCtNagK3CzqTnHdvwvg9K0LIqAKT_3wWz-xkBUIx2ztF_Nfo7l6xYQ9SVfiNIDb6TR2R1gMFxLptUmfSUj7ElUXbsSUdiHCkQBoPdbXGlzK5mNw=s0-d-e1-ft#https:\/\/mcusercontent.com\/9480d0257e141b80c7464b1c0\/images\/0f666875-f560-46b9-a69d-e207643490ed.jpg\" alt=\"\" \/><\/figure>\r\n<!-- \/wp:image -->\r\n\r\n<!-- wp:paragraph -->\r\n<p><span style=\"font-weight: 400;\">Les cinc pel\u00b7l\u00edcules se sumen a les ja anunciades amb anterioritat: l&#8217;albanokosovar &#8220;Zana&#8221;(<\/span><b>Antoneta Kastrati<\/b><span style=\"font-weight: 400;\">), l&#8217;algeriana &#8220;Paysages d&#8217;automne&#8221; (<\/span><b>Merzak Allouache<\/b><span style=\"font-weight: 400;\">), la palestina &#8220;Between Heaven and Earth&#8221; (<\/span><b>Najwa Najjar<\/b><span style=\"font-weight: 400;\">), la siriana &#8220;The End Will be Spectacular&#8221; (<\/span><b>Ersin \u00c7elik<\/b><span style=\"font-weight: 400;\">),\u00a0 la espanyola &#8220;La viajante&#8221; de <\/span><b>Miguel A. Mej\u00edas<\/b><span style=\"font-weight: 400;\"> i la portuguesa &#8220;Mosquit&#8221; (<\/span><b>Jo\u00e3o Nuno Pinto<\/b><span style=\"font-weight: 400;\">). En paraules d&#8217;Eduardo Guillot, responsable de programaci\u00f3, &#8220;es tracta de la millor selecci\u00f3 de films a concurs des que l&#8217;Ajuntament de la ciutat va apostar per recuperar el festival, en 2018, producte de la gradual consolidaci\u00f3 de la Mostra a nivell internacional&#8221;.<\/span><\/p>\r\n<!-- \/wp:paragraph -->\r\n\r\n<!-- wp:paragraph -->\r\n<p><span style=\"font-weight: 400;\">M\u00e9s novetats<\/span><\/p>\r\n<!-- \/wp:paragraph -->\r\n\r\n<!-- wp:paragraph -->\r\n<p><span style=\"font-weight: 400;\">Al marge de la secci\u00f3 a competici\u00f3, es completa tamb\u00e9 la Secci\u00f3 Informativa, amb altres dos t\u00edtols d&#8217;estrena a Espanya. D&#8217;una banda, &#8220;The Women in Block J&#8221;, segon treball del marroqu\u00ed <\/span><b>Mohamed Nadif<\/b><span style=\"font-weight: 400;\">, que s&#8217;introdu\u00efx entre els murs d&#8217;una instituci\u00f3 psiqui\u00e0trica femenina del seu pa\u00eds per a contar una hist\u00f2ria de sororidad i companyonia entre tres pacients i una de les metgesses de la instituci\u00f3.<\/span><\/p>\r\n<p>&nbsp;<\/p>\r\n<p><img loading=\"lazy\" decoding=\"async\" src=\"https:\/\/ci6.googleusercontent.com\/proxy\/TiPoCVAL0wQ2laiDfa8XoEaAYSZXpwNuq_VUt2vehCPNsApfHwh_PDp0ywGwu3sgFS4gKEYcsVKagxPLJiXTIWNEAV18-fRChOn0h2-vUHlPIeAKgKNkYMb8Px-nXP2bAF4bHnfows7pJR4-BFSPNpU3uOo-xw=s0-d-e1-ft#https:\/\/mcusercontent.com\/9480d0257e141b80c7464b1c0\/images\/47d9ceb4-fb60-4b18-b748-40da27e09def.png\" width=\"900\" height=\"387\" \/><\/p>\r\n<p><span style=\"font-weight: 400;\">Per un altre, la s\u00e8rbia &#8220;My Morning Laughter&#8221;, de <\/span><b>Marko Djordjevic<\/b><span style=\"font-weight: 400;\">, una tragicom\u00e8dia que acaba de guanyar el Premi a Millor Pel\u00b7l\u00edcula a K\u00edev i tracta sobre un home adult que ha viscut massa temps sota les ales dels seus pares i s&#8217;enfronta amb vergonya a la p\u00e8rdua de la seua virginitat. Llum i so naturals, c\u00e0mera fixa i espais redu\u00efts transmeten el neguit del protagonista a trav\u00e9s de les imatges.<\/span><\/p>\r\n<p><img loading=\"lazy\" decoding=\"async\" src=\"https:\/\/ci3.googleusercontent.com\/proxy\/b3kO5ovXiA6Eqa5AW3VBqpYIM4HqGHXLYNy-LGqtjkWF6sDS1E43382d8RwvlVOn2RGmGGRKrB2I6m5c3DqT1_n8KMl9Bn4PE9pTj4LLrTap1q1FyHSF70w_gobY7p07FqKTVcSayF6rw4hfS-M70pVxs-KbmQ=s0-d-e1-ft#https:\/\/mcusercontent.com\/9480d0257e141b80c7464b1c0\/images\/52e82037-7edc-457d-862a-dcf8f28148ff.jpg\" width=\"900\" height=\"506\" \/><\/p>\r\n<p><span style=\"font-weight: 400;\">A m\u00e9s, i dins del cicle &#8220;Les batalles d&#8217;Alg\u00e8ria&#8221;, el festival rescata per al p\u00fablic valenci\u00e0 dos valuoses pel\u00b7l\u00edcules recents que han passat de manera molt fuga\u00e7 per les pantalles: La premiada &#8220;Abou Leila&#8221;, que va suposar la revelaci\u00f3 internacional del realitzador <\/span><b>Amin Sidi-Boum\u00e9di\u00e8ne<\/b><span style=\"font-weight: 400;\">, i &#8220;Papicha, sue\u00f1os de libertad&#8221;, de la directora <\/span><b>Mounia Meddour<\/b><span style=\"font-weight: 400;\">, guanyadora de dos Premis C\u00e9sar a Fran\u00e7a.<\/span><\/p>","protected":false},"excerpt":{"rendered":"<p>La 35a Mostra de Val\u00e8ncia-Cinema del Mediterrani, que se celebrar\u00e0 als cines Babel i la Filmoteca entre el 22 d&#8217;octubre i l&#8217;1 de novembre, ha [&hellip;]<\/p>\n","protected":false},"author":1,"featured_media":7718,"comment_status":"open","ping_status":"open","sticky":false,"template":"","format":"standard","meta":{"_uag_custom_page_level_css":"","_jet_sm_ready_style":"","_jet_sm_style":"","_jet_sm_controls_values":"","_jet_sm_fonts_collection":"","_jet_sm_fonts_links":"","footnotes":""},"categories":[455],"tags":[1575],"class_list":["post-7721","post","type-post","status-publish","format-standard","has-post-thumbnail","hentry","category-noticies","tag-mediterrani"],"yoast_head":"<!-- This site is optimized with the Yoast SEO plugin v27.5 - https:\/\/yoast.com\/product\/yoast-seo-wordpress\/ -->\n<title>Mostra de Val\u00e8ncia completa la secci\u00f3 a concurs amb altres cinc estrenes a Espanya. - Mostra de Val\u00e8ncia<\/title>\n<meta name=\"robots\" content=\"index, follow, max-snippet:-1, max-image-preview:large, max-video-preview:-1\" \/>\n<link rel=\"canonical\" href=\"https:\/\/lamostradevalencia.com\/ca\/mostra-de-valencia-completa-la-seccio-a-concurs-amb-altres-cinc-estrenes-a-espanya\/\" \/>\n<meta property=\"og:locale\" content=\"ca_ES\" \/>\n<meta property=\"og:type\" content=\"article\" \/>\n<meta property=\"og:title\" content=\"Mostra de Val\u00e8ncia completa la secci\u00f3 a concurs amb altres cinc estrenes a Espanya. - Mostra de Val\u00e8ncia\" \/>\n<meta property=\"og:description\" content=\"La 35a Mostra de Val\u00e8ncia-Cinema del Mediterrani, que se celebrar\u00e0 als cines Babel i la Filmoteca entre el 22 d&#8217;octubre i l&#8217;1 de novembre, ha [&hellip;]\" \/>\n<meta property=\"og:url\" content=\"https:\/\/lamostradevalencia.com\/ca\/mostra-de-valencia-completa-la-seccio-a-concurs-amb-altres-cinc-estrenes-a-espanya\/\" \/>\n<meta property=\"og:site_name\" content=\"Mostra de Val\u00e8ncia\" \/>\n<meta property=\"article:published_time\" content=\"2020-09-23T17:52:07+00:00\" \/>\n<meta property=\"article:modified_time\" content=\"2020-09-23T18:18:37+00:00\" \/>\n<meta property=\"og:image\" content=\"https:\/\/lamostradevalencia.com\/wp-content\/uploads\/2020\/09\/unnamed-1.jpg\" \/>\n\t<meta property=\"og:image:width\" content=\"900\" \/>\n\t<meta property=\"og:image:height\" content=\"600\" \/>\n\t<meta property=\"og:image:type\" content=\"image\/jpeg\" \/>\n<meta name=\"author\" content=\"Mostra de Val\u00e8ncia\" \/>\n<meta name=\"twitter:card\" content=\"summary_large_image\" \/>\n<meta name=\"twitter:label1\" content=\"Escrit per\" \/>\n\t<meta name=\"twitter:data1\" content=\"Mostra de Val\u00e8ncia\" \/>\n\t<meta name=\"twitter:label2\" content=\"Temps estimat de lectura\" \/>\n\t<meta name=\"twitter:data2\" content=\"3 minuts\" \/>\n<script type=\"application\/ld+json\" class=\"yoast-schema-graph\">{\"@context\":\"https:\\\/\\\/schema.org\",\"@graph\":[{\"@type\":\"Article\",\"@id\":\"https:\\\/\\\/lamostradevalencia.com\\\/ca\\\/mostra-de-valencia-completa-la-seccio-a-concurs-amb-altres-cinc-estrenes-a-espanya\\\/#article\",\"isPartOf\":{\"@id\":\"https:\\\/\\\/lamostradevalencia.com\\\/ca\\\/mostra-de-valencia-completa-la-seccio-a-concurs-amb-altres-cinc-estrenes-a-espanya\\\/\"},\"author\":{\"name\":\"Mostra de Val\u00e8ncia\",\"@id\":\"https:\\\/\\\/lamostradevalencia.com\\\/ca\\\/#\\\/schema\\\/person\\\/1dc07e4df3d6310b81d2cdf6a034070c\"},\"headline\":\"Mostra de Val\u00e8ncia completa la secci\u00f3 a concurs amb altres cinc estrenes a Espanya.\",\"datePublished\":\"2020-09-23T17:52:07+00:00\",\"dateModified\":\"2020-09-23T18:18:37+00:00\",\"mainEntityOfPage\":{\"@id\":\"https:\\\/\\\/lamostradevalencia.com\\\/ca\\\/mostra-de-valencia-completa-la-seccio-a-concurs-amb-altres-cinc-estrenes-a-espanya\\\/\"},\"wordCount\":708,\"commentCount\":0,\"image\":{\"@id\":\"https:\\\/\\\/lamostradevalencia.com\\\/ca\\\/mostra-de-valencia-completa-la-seccio-a-concurs-amb-altres-cinc-estrenes-a-espanya\\\/#primaryimage\"},\"thumbnailUrl\":\"https:\\\/\\\/lamostradevalencia.com\\\/wp-content\\\/uploads\\\/2020\\\/09\\\/unnamed-1.jpg\",\"keywords\":[\"Mediterrani\"],\"articleSection\":[\"Noticies\"],\"inLanguage\":\"ca\",\"potentialAction\":[{\"@type\":\"CommentAction\",\"name\":\"Comment\",\"target\":[\"https:\\\/\\\/lamostradevalencia.com\\\/ca\\\/mostra-de-valencia-completa-la-seccio-a-concurs-amb-altres-cinc-estrenes-a-espanya\\\/#respond\"]}]},{\"@type\":\"WebPage\",\"@id\":\"https:\\\/\\\/lamostradevalencia.com\\\/ca\\\/mostra-de-valencia-completa-la-seccio-a-concurs-amb-altres-cinc-estrenes-a-espanya\\\/\",\"url\":\"https:\\\/\\\/lamostradevalencia.com\\\/ca\\\/mostra-de-valencia-completa-la-seccio-a-concurs-amb-altres-cinc-estrenes-a-espanya\\\/\",\"name\":\"Mostra de Val\u00e8ncia completa la secci\u00f3 a concurs amb altres cinc estrenes a Espanya. - Mostra de Val\u00e8ncia\",\"isPartOf\":{\"@id\":\"https:\\\/\\\/lamostradevalencia.com\\\/ca\\\/#website\"},\"primaryImageOfPage\":{\"@id\":\"https:\\\/\\\/lamostradevalencia.com\\\/ca\\\/mostra-de-valencia-completa-la-seccio-a-concurs-amb-altres-cinc-estrenes-a-espanya\\\/#primaryimage\"},\"image\":{\"@id\":\"https:\\\/\\\/lamostradevalencia.com\\\/ca\\\/mostra-de-valencia-completa-la-seccio-a-concurs-amb-altres-cinc-estrenes-a-espanya\\\/#primaryimage\"},\"thumbnailUrl\":\"https:\\\/\\\/lamostradevalencia.com\\\/wp-content\\\/uploads\\\/2020\\\/09\\\/unnamed-1.jpg\",\"datePublished\":\"2020-09-23T17:52:07+00:00\",\"dateModified\":\"2020-09-23T18:18:37+00:00\",\"author\":{\"@id\":\"https:\\\/\\\/lamostradevalencia.com\\\/ca\\\/#\\\/schema\\\/person\\\/1dc07e4df3d6310b81d2cdf6a034070c\"},\"breadcrumb\":{\"@id\":\"https:\\\/\\\/lamostradevalencia.com\\\/ca\\\/mostra-de-valencia-completa-la-seccio-a-concurs-amb-altres-cinc-estrenes-a-espanya\\\/#breadcrumb\"},\"inLanguage\":\"ca\",\"potentialAction\":[{\"@type\":\"ReadAction\",\"target\":[\"https:\\\/\\\/lamostradevalencia.com\\\/ca\\\/mostra-de-valencia-completa-la-seccio-a-concurs-amb-altres-cinc-estrenes-a-espanya\\\/\"]}]},{\"@type\":\"ImageObject\",\"inLanguage\":\"ca\",\"@id\":\"https:\\\/\\\/lamostradevalencia.com\\\/ca\\\/mostra-de-valencia-completa-la-seccio-a-concurs-amb-altres-cinc-estrenes-a-espanya\\\/#primaryimage\",\"url\":\"https:\\\/\\\/lamostradevalencia.com\\\/wp-content\\\/uploads\\\/2020\\\/09\\\/unnamed-1.jpg\",\"contentUrl\":\"https:\\\/\\\/lamostradevalencia.com\\\/wp-content\\\/uploads\\\/2020\\\/09\\\/unnamed-1.jpg\",\"width\":900,\"height\":600},{\"@type\":\"BreadcrumbList\",\"@id\":\"https:\\\/\\\/lamostradevalencia.com\\\/ca\\\/mostra-de-valencia-completa-la-seccio-a-concurs-amb-altres-cinc-estrenes-a-espanya\\\/#breadcrumb\",\"itemListElement\":[{\"@type\":\"ListItem\",\"position\":1,\"name\":\"Portada\",\"item\":\"https:\\\/\\\/lamostradevalencia.com\\\/ca\\\/\"},{\"@type\":\"ListItem\",\"position\":2,\"name\":\"Mostra de Val\u00e8ncia completa la secci\u00f3 a concurs amb altres cinc estrenes a Espanya.\"}]},{\"@type\":\"WebSite\",\"@id\":\"https:\\\/\\\/lamostradevalencia.com\\\/ca\\\/#website\",\"url\":\"https:\\\/\\\/lamostradevalencia.com\\\/ca\\\/\",\"name\":\"Mostra de Val\u00e8ncia\",\"description\":\"Cinema del Mediterrani\",\"potentialAction\":[{\"@type\":\"SearchAction\",\"target\":{\"@type\":\"EntryPoint\",\"urlTemplate\":\"https:\\\/\\\/lamostradevalencia.com\\\/ca\\\/?s={search_term_string}\"},\"query-input\":{\"@type\":\"PropertyValueSpecification\",\"valueRequired\":true,\"valueName\":\"search_term_string\"}}],\"inLanguage\":\"ca\"},{\"@type\":\"Person\",\"@id\":\"https:\\\/\\\/lamostradevalencia.com\\\/ca\\\/#\\\/schema\\\/person\\\/1dc07e4df3d6310b81d2cdf6a034070c\",\"name\":\"Mostra de Val\u00e8ncia\",\"image\":{\"@type\":\"ImageObject\",\"inLanguage\":\"ca\",\"@id\":\"https:\\\/\\\/secure.gravatar.com\\\/avatar\\\/ada4dfd699a9907706987adb1bb2b361c2613ccca474b49b8c648de5208e32f8?s=96&d=mm&r=g\",\"url\":\"https:\\\/\\\/secure.gravatar.com\\\/avatar\\\/ada4dfd699a9907706987adb1bb2b361c2613ccca474b49b8c648de5208e32f8?s=96&d=mm&r=g\",\"contentUrl\":\"https:\\\/\\\/secure.gravatar.com\\\/avatar\\\/ada4dfd699a9907706987adb1bb2b361c2613ccca474b49b8c648de5208e32f8?s=96&d=mm&r=g\",\"caption\":\"Mostra de Val\u00e8ncia\"}}]}<\/script>\n<!-- \/ Yoast SEO plugin. -->","yoast_head_json":{"title":"Mostra de Val\u00e8ncia completa la secci\u00f3 a concurs amb altres cinc estrenes a Espanya. - Mostra de Val\u00e8ncia","robots":{"index":"index","follow":"follow","max-snippet":"max-snippet:-1","max-image-preview":"max-image-preview:large","max-video-preview":"max-video-preview:-1"},"canonical":"https:\/\/lamostradevalencia.com\/ca\/mostra-de-valencia-completa-la-seccio-a-concurs-amb-altres-cinc-estrenes-a-espanya\/","og_locale":"ca_ES","og_type":"article","og_title":"Mostra de Val\u00e8ncia completa la secci\u00f3 a concurs amb altres cinc estrenes a Espanya. - Mostra de Val\u00e8ncia","og_description":"La 35a Mostra de Val\u00e8ncia-Cinema del Mediterrani, que se celebrar\u00e0 als cines Babel i la Filmoteca entre el 22 d&#8217;octubre i l&#8217;1 de novembre, ha [&hellip;]","og_url":"https:\/\/lamostradevalencia.com\/ca\/mostra-de-valencia-completa-la-seccio-a-concurs-amb-altres-cinc-estrenes-a-espanya\/","og_site_name":"Mostra de Val\u00e8ncia","article_published_time":"2020-09-23T17:52:07+00:00","article_modified_time":"2020-09-23T18:18:37+00:00","og_image":[{"width":900,"height":600,"url":"https:\/\/lamostradevalencia.com\/wp-content\/uploads\/2020\/09\/unnamed-1.jpg","type":"image\/jpeg"}],"author":"Mostra de Val\u00e8ncia","twitter_card":"summary_large_image","twitter_misc":{"Escrit per":"Mostra de Val\u00e8ncia","Temps estimat de lectura":"3 minuts"},"schema":{"@context":"https:\/\/schema.org","@graph":[{"@type":"Article","@id":"https:\/\/lamostradevalencia.com\/ca\/mostra-de-valencia-completa-la-seccio-a-concurs-amb-altres-cinc-estrenes-a-espanya\/#article","isPartOf":{"@id":"https:\/\/lamostradevalencia.com\/ca\/mostra-de-valencia-completa-la-seccio-a-concurs-amb-altres-cinc-estrenes-a-espanya\/"},"author":{"name":"Mostra de Val\u00e8ncia","@id":"https:\/\/lamostradevalencia.com\/ca\/#\/schema\/person\/1dc07e4df3d6310b81d2cdf6a034070c"},"headline":"Mostra de Val\u00e8ncia completa la secci\u00f3 a concurs amb altres cinc estrenes a Espanya.","datePublished":"2020-09-23T17:52:07+00:00","dateModified":"2020-09-23T18:18:37+00:00","mainEntityOfPage":{"@id":"https:\/\/lamostradevalencia.com\/ca\/mostra-de-valencia-completa-la-seccio-a-concurs-amb-altres-cinc-estrenes-a-espanya\/"},"wordCount":708,"commentCount":0,"image":{"@id":"https:\/\/lamostradevalencia.com\/ca\/mostra-de-valencia-completa-la-seccio-a-concurs-amb-altres-cinc-estrenes-a-espanya\/#primaryimage"},"thumbnailUrl":"https:\/\/lamostradevalencia.com\/wp-content\/uploads\/2020\/09\/unnamed-1.jpg","keywords":["Mediterrani"],"articleSection":["Noticies"],"inLanguage":"ca","potentialAction":[{"@type":"CommentAction","name":"Comment","target":["https:\/\/lamostradevalencia.com\/ca\/mostra-de-valencia-completa-la-seccio-a-concurs-amb-altres-cinc-estrenes-a-espanya\/#respond"]}]},{"@type":"WebPage","@id":"https:\/\/lamostradevalencia.com\/ca\/mostra-de-valencia-completa-la-seccio-a-concurs-amb-altres-cinc-estrenes-a-espanya\/","url":"https:\/\/lamostradevalencia.com\/ca\/mostra-de-valencia-completa-la-seccio-a-concurs-amb-altres-cinc-estrenes-a-espanya\/","name":"Mostra de Val\u00e8ncia completa la secci\u00f3 a concurs amb altres cinc estrenes a Espanya. - Mostra de Val\u00e8ncia","isPartOf":{"@id":"https:\/\/lamostradevalencia.com\/ca\/#website"},"primaryImageOfPage":{"@id":"https:\/\/lamostradevalencia.com\/ca\/mostra-de-valencia-completa-la-seccio-a-concurs-amb-altres-cinc-estrenes-a-espanya\/#primaryimage"},"image":{"@id":"https:\/\/lamostradevalencia.com\/ca\/mostra-de-valencia-completa-la-seccio-a-concurs-amb-altres-cinc-estrenes-a-espanya\/#primaryimage"},"thumbnailUrl":"https:\/\/lamostradevalencia.com\/wp-content\/uploads\/2020\/09\/unnamed-1.jpg","datePublished":"2020-09-23T17:52:07+00:00","dateModified":"2020-09-23T18:18:37+00:00","author":{"@id":"https:\/\/lamostradevalencia.com\/ca\/#\/schema\/person\/1dc07e4df3d6310b81d2cdf6a034070c"},"breadcrumb":{"@id":"https:\/\/lamostradevalencia.com\/ca\/mostra-de-valencia-completa-la-seccio-a-concurs-amb-altres-cinc-estrenes-a-espanya\/#breadcrumb"},"inLanguage":"ca","potentialAction":[{"@type":"ReadAction","target":["https:\/\/lamostradevalencia.com\/ca\/mostra-de-valencia-completa-la-seccio-a-concurs-amb-altres-cinc-estrenes-a-espanya\/"]}]},{"@type":"ImageObject","inLanguage":"ca","@id":"https:\/\/lamostradevalencia.com\/ca\/mostra-de-valencia-completa-la-seccio-a-concurs-amb-altres-cinc-estrenes-a-espanya\/#primaryimage","url":"https:\/\/lamostradevalencia.com\/wp-content\/uploads\/2020\/09\/unnamed-1.jpg","contentUrl":"https:\/\/lamostradevalencia.com\/wp-content\/uploads\/2020\/09\/unnamed-1.jpg","width":900,"height":600},{"@type":"BreadcrumbList","@id":"https:\/\/lamostradevalencia.com\/ca\/mostra-de-valencia-completa-la-seccio-a-concurs-amb-altres-cinc-estrenes-a-espanya\/#breadcrumb","itemListElement":[{"@type":"ListItem","position":1,"name":"Portada","item":"https:\/\/lamostradevalencia.com\/ca\/"},{"@type":"ListItem","position":2,"name":"Mostra de Val\u00e8ncia completa la secci\u00f3 a concurs amb altres cinc estrenes a Espanya."}]},{"@type":"WebSite","@id":"https:\/\/lamostradevalencia.com\/ca\/#website","url":"https:\/\/lamostradevalencia.com\/ca\/","name":"Mostra de Val\u00e8ncia","description":"Cinema del Mediterrani","potentialAction":[{"@type":"SearchAction","target":{"@type":"EntryPoint","urlTemplate":"https:\/\/lamostradevalencia.com\/ca\/?s={search_term_string}"},"query-input":{"@type":"PropertyValueSpecification","valueRequired":true,"valueName":"search_term_string"}}],"inLanguage":"ca"},{"@type":"Person","@id":"https:\/\/lamostradevalencia.com\/ca\/#\/schema\/person\/1dc07e4df3d6310b81d2cdf6a034070c","name":"Mostra de Val\u00e8ncia","image":{"@type":"ImageObject","inLanguage":"ca","@id":"https:\/\/secure.gravatar.com\/avatar\/ada4dfd699a9907706987adb1bb2b361c2613ccca474b49b8c648de5208e32f8?s=96&d=mm&r=g","url":"https:\/\/secure.gravatar.com\/avatar\/ada4dfd699a9907706987adb1bb2b361c2613ccca474b49b8c648de5208e32f8?s=96&d=mm&r=g","contentUrl":"https:\/\/secure.gravatar.com\/avatar\/ada4dfd699a9907706987adb1bb2b361c2613ccca474b49b8c648de5208e32f8?s=96&d=mm&r=g","caption":"Mostra de Val\u00e8ncia"}}]}},"uagb_featured_image_src":{"full":["https:\/\/lamostradevalencia.com\/wp-content\/uploads\/2020\/09\/unnamed-1.jpg",900,600,false],"thumbnail":["https:\/\/lamostradevalencia.com\/wp-content\/uploads\/2020\/09\/unnamed-1-150x150.jpg",150,150,true],"medium":["https:\/\/lamostradevalencia.com\/wp-content\/uploads\/2020\/09\/unnamed-1-300x200.jpg",300,200,true],"medium_large":["https:\/\/lamostradevalencia.com\/wp-content\/uploads\/2020\/09\/unnamed-1-768x512.jpg",768,512,true],"large":["https:\/\/lamostradevalencia.com\/wp-content\/uploads\/2020\/09\/unnamed-1.jpg",900,600,false],"1536x1536":["https:\/\/lamostradevalencia.com\/wp-content\/uploads\/2020\/09\/unnamed-1.jpg",900,600,false],"2048x2048":["https:\/\/lamostradevalencia.com\/wp-content\/uploads\/2020\/09\/unnamed-1.jpg",900,600,false],"cinerama_edge_image_square":["https:\/\/lamostradevalencia.com\/wp-content\/uploads\/2020\/09\/unnamed-1-550x550.jpg",550,550,true],"cinerama_edge_image_landscape":["https:\/\/lamostradevalencia.com\/wp-content\/uploads\/2020\/09\/unnamed-1-900x550.jpg",900,550,true],"cinerama_edge_image_portrait":["https:\/\/lamostradevalencia.com\/wp-content\/uploads\/2020\/09\/unnamed-1-550x600.jpg",550,600,true],"cinerama_edge_image_huge":["https:\/\/lamostradevalencia.com\/wp-content\/uploads\/2020\/09\/unnamed-1.jpg",900,600,false],"gform-image-choice-sm":["https:\/\/lamostradevalencia.com\/wp-content\/uploads\/2020\/09\/unnamed-1.jpg",300,200,false],"gform-image-choice-md":["https:\/\/lamostradevalencia.com\/wp-content\/uploads\/2020\/09\/unnamed-1.jpg",400,267,false],"gform-image-choice-lg":["https:\/\/lamostradevalencia.com\/wp-content\/uploads\/2020\/09\/unnamed-1.jpg",600,400,false]},"uagb_author_info":{"display_name":"Mostra de Val\u00e8ncia","author_link":"https:\/\/lamostradevalencia.com\/ca\/author\/mostravalencia\/"},"uagb_comment_info":0,"uagb_excerpt":"La 35a Mostra de Val\u00e8ncia-Cinema del Mediterrani, que se celebrar\u00e0 als cines Babel i la Filmoteca entre el 22 d&#8217;octubre i l&#8217;1 de novembre, ha [&hellip;]","_links":{"self":[{"href":"https:\/\/lamostradevalencia.com\/ca\/wp-json\/wp\/v2\/posts\/7721","targetHints":{"allow":["GET"]}}],"collection":[{"href":"https:\/\/lamostradevalencia.com\/ca\/wp-json\/wp\/v2\/posts"}],"about":[{"href":"https:\/\/lamostradevalencia.com\/ca\/wp-json\/wp\/v2\/types\/post"}],"author":[{"embeddable":true,"href":"https:\/\/lamostradevalencia.com\/ca\/wp-json\/wp\/v2\/users\/1"}],"replies":[{"embeddable":true,"href":"https:\/\/lamostradevalencia.com\/ca\/wp-json\/wp\/v2\/comments?post=7721"}],"version-history":[{"count":4,"href":"https:\/\/lamostradevalencia.com\/ca\/wp-json\/wp\/v2\/posts\/7721\/revisions"}],"predecessor-version":[{"id":7729,"href":"https:\/\/lamostradevalencia.com\/ca\/wp-json\/wp\/v2\/posts\/7721\/revisions\/7729"}],"wp:featuredmedia":[{"embeddable":true,"href":"https:\/\/lamostradevalencia.com\/ca\/wp-json\/wp\/v2\/media\/7718"}],"wp:attachment":[{"href":"https:\/\/lamostradevalencia.com\/ca\/wp-json\/wp\/v2\/media?parent=7721"}],"wp:term":[{"taxonomy":"category","embeddable":true,"href":"https:\/\/lamostradevalencia.com\/ca\/wp-json\/wp\/v2\/categories?post=7721"},{"taxonomy":"post_tag","embeddable":true,"href":"https:\/\/lamostradevalencia.com\/ca\/wp-json\/wp\/v2\/tags?post=7721"}],"curies":[{"name":"wp","href":"https:\/\/api.w.org\/{rel}","templated":true}]}}