{"id":7297,"date":"2020-09-10T16:04:00","date_gmt":"2020-09-10T14:04:00","guid":{"rendered":"https:\/\/lamostradevalencia.com\/?p=7297"},"modified":"2020-09-10T16:04:00","modified_gmt":"2020-09-10T14:04:00","slug":"mostra-de-valencia-desvela-su-seccio-informativa","status":"publish","type":"post","link":"https:\/\/lamostradevalencia.com\/ca\/mostra-de-valencia-desvela-su-seccio-informativa\/","title":{"rendered":"Mostra de Val\u00e8ncia desvela su Secci\u00f3 Informativa"},"content":{"rendered":"<p>El festival Mostra de Val\u00e8ncia-Cinema del Mediterrani, que se celebra del 22 d\u2019octubre a l\u20191 de novembre, avan\u00e7a algunes de les pel\u00b7l\u00edcules que integraran la Secci\u00f3 Informativa de la 35a edici\u00f3. Una selecci\u00f3 que aposta per la diversitat de pa\u00efsos de l\u2019arc mediterrani (Fran\u00e7a, Gr\u00e8cia, Espanya, Cro\u00e0cia, L\u00edban, Tun\u00edsia) i que destaca perqu\u00e8 la gran majoria dels t\u00edtols es veuran per primera vegada a territori espanyol.\u00a0<\/p>\n<p>\u201cLa diversitat i la multiculturalitat s\u00f3n notes caracter\u00edstiques de Mostra de Val\u00e8ncia, i les pel\u00b7l\u00edcules d\u2019esta secci\u00f3 ens permetran descobrir un any m\u00e9s la varietat i la qualitat del cinema que es fa a la Mediterr\u00e0nia\u201d, afirma Gloria Tello, regidora de Patrimoni i Recursos culturals.<\/p>\n<p>A la secci\u00f3 Informativa sobre\u00efx la representaci\u00f3 valenciana, amb tres destacats noms propis:\u00a0<strong>Alfonso Amador<\/strong>,\u00a0<strong>Miguel Llorens<\/strong>\u00a0i\u00a0<strong>Cristina Fern\u00e1ndez.<\/strong>\u00a0La Mostra estrenar\u00e0 \u201cCoses a Fer Abans de morir\u201d, \u00f2pera prima de dos reconeguts professionals locals: el director de fotografia\u00a0<strong>Miguel Llorens<\/strong>\u00a0i l\u2019actriu i guionista\u00a0<strong>Cristina Fern\u00e1ndez<\/strong>. Una pel\u00b7l\u00edcula coral, que compta amb un repartiment encap\u00e7alat per\u00a0<strong>Sergi Caballero, Maria Almud\u00e9ver, Mireia P\u00e9rez, Manuel Maestro<\/strong>\u00a0i\u00a0<strong>Oriol Tarras\u00f3n,<\/strong>\u00a0entre d\u2019altres, i que aposta per les emocions dels personatges per explicar una hist\u00f2ria d\u2019amistat i deutes pendents en la qual ressonen ecos de grans cl\u00e0ssics com ara \u201cLos amigos de Peter\u201d.<\/p>\n<figure class=\"wp-block-image size-large\"><img loading=\"lazy\" decoding=\"async\" width=\"1024\" height=\"539\" class=\"wp-image-7248\" src=\"https:\/\/lamostradevalencia.com\/wp-content\/uploads\/2020\/09\/COSESAFERABANSDEMORIR05-1024x539.jpg\" sizes=\"auto, (max-width: 1024px) 100vw, 1024px\" srcset=\"https:\/\/lamostradevalencia.com\/wp-content\/uploads\/2020\/09\/COSESAFERABANSDEMORIR05-1024x539.jpg 1024w, https:\/\/lamostradevalencia.com\/wp-content\/uploads\/2020\/09\/COSESAFERABANSDEMORIR05-300x158.jpg 300w, https:\/\/lamostradevalencia.com\/wp-content\/uploads\/2020\/09\/COSESAFERABANSDEMORIR05-768x405.jpg 768w, https:\/\/lamostradevalencia.com\/wp-content\/uploads\/2020\/09\/COSESAFERABANSDEMORIR05.jpg 1080w\" alt=\"\" \/><\/figure>\n<p>Per la seua banda,\u00a0<strong>Alfonso Amador<\/strong>\u00a0presenta el documental \u201cCamagroga\u201d, que va tindre l\u2019estrena mundial al Festival de Sheffield i \u00e9s el fruit d\u2019un any i mig de treball, durant el qual el director valenci\u00e0 va estar treballant al costat d\u2019una fam\u00edlia de cultivadors de xufa d\u2019Alboraia. La seua intenci\u00f3 era filmar les cares, les mans i el maneig de les eines de conreu, per\u00f2 va descobrir que estava certificant el \u2018fi d\u2019una ra\u00e7a\u2019, que retratava un m\u00f3n que s\u2019acaba, i aix\u00f2 fa que la pel\u00b7l\u00edcula es convertisca en un gest pol\u00edtic.<\/p>\n<figure class=\"wp-block-image size-large\"><img loading=\"lazy\" decoding=\"async\" width=\"900\" height=\"630\" class=\"wp-image-7253\" src=\"https:\/\/lamostradevalencia.com\/wp-content\/uploads\/2020\/09\/camagroga-e1599743654308.jpg\" alt=\"\" \/><\/figure>\n<p>La llegend\u00e0ria actriu\u00a0<strong>Catherine Deneuve<\/strong>\u00a0\u00e9s la principal protagonista de \u201cHappy Birthday\u201d, l\u2019\u00faltima pel\u00b7l\u00edcula del llorejat director franc\u00e9s\u00a0<strong>C\u00e9dric Kahn<\/strong>, en la qual una matriarca francesa reunix tota la prole en la seua festa d\u2019aniversari; a partir de la celebraci\u00f3 col\u00b7lectiva se succe\u00efxen una infinitat de situacions entre la tendresa, l\u2019humor i la malenconia. Un film in\u00e8dit a Espanya, que convida a con\u00e9ixer a una extravagant fam\u00edlia en qu\u00e8 l\u2019audi\u00e8ncia es podr\u00e0 recon\u00e8ixer f\u00e0cilment.<\/p>\n<figure class=\"wp-block-image size-large\"><img loading=\"lazy\" decoding=\"async\" width=\"1024\" height=\"576\" class=\"wp-image-7258\" src=\"https:\/\/lamostradevalencia.com\/wp-content\/uploads\/2020\/09\/Happy-Birthday-1024x576.jpg\" alt=\"\" \/><\/figure>\n<p>Directament des de la secci\u00f3 Panorama de Berl\u00edn viatja a la Mostra \u201cMare\u201d, tercer llarg de la directora\u00a0<strong>Andrea \u0160taka<\/strong>, el retrat d\u2019una dona amb una organitzada vida familiar i sentimental que es capgira quan coneix un home nouvingut a la xicoteta ciutat on viu.\u00a0<strong>Marija \u0160kari\u010di\u0107,<\/strong>\u00a0la protagonista, acaba de guanyar el premi a la millor actriu al festival de Sarajevo per la seua magn\u00edfica interpretaci\u00f3 en el film.<\/p>\n<figure class=\"wp-block-image size-large\"><img loading=\"lazy\" decoding=\"async\" width=\"1024\" height=\"624\" class=\"wp-image-7263\" src=\"https:\/\/lamostradevalencia.com\/wp-content\/uploads\/2020\/09\/Mare-1-1024x624.jpg\" alt=\"\" \/><\/figure>\n<p>Fruit de la coproducci\u00f3 entre el L\u00edban i Tun\u00edsia, i tamb\u00e9 amb car\u00e0cter d\u2019estrena, arriba \u201cState of Agitation\u201d, intel\u00b7ligent com\u00e8dia d\u2019<strong>Elie Khalif\u00e9<\/strong>, qui es transforma en una mena d\u2019Elia Suleiman liban\u00e9s per posar-se en la pell d\u2019un atribulat cineasta incapa\u00e7 de fer front a un bloqueig creatiu. Els seus personatges, com escapats d\u2019una obra de Pirandello, acaben per eixir-li al pas i demanar-li explicacions, mentre\u00a0<strong>Khalif\u00e9<\/strong>\u00a0tracta d\u2019eludir els constrenyiments del seu productor i de trobar sentit a la hist\u00f2ria que desitja contar. Una xicoteta joia a descobrir, procedent d\u2019un pa\u00eds que necessita m\u00e9s que mai l\u2019humor per a enfrontar-se als dif\u00edcils moments que travessa.<\/p>\n<figure class=\"wp-block-image size-large\"><img loading=\"lazy\" decoding=\"async\" width=\"900\" height=\"507\" class=\"wp-image-7268\" src=\"https:\/\/lamostradevalencia.com\/wp-content\/uploads\/2020\/09\/State-of-Agitation-e1599743886154.jpg\" alt=\"\" \/><\/figure>\n<p>Documental? Ficci\u00f3? Assaig? Costa etiquetar \u201cBirds (or how to be one)\u201d, l\u2019\u00faltima com\u00e8dia de\u00a0<strong>Babis Makridis<\/strong>,\u00a0<em>enfant terrible\u00a0<\/em>del nou cinema grec que s\u2019inspira en \u201cLas aves\u201d, la s\u00e0tira d\u2019Arist\u00f2fanes sobre l\u2019imperialisme, per a desplegar la seua mirada cr\u00edtica sobre el delirant m\u00f3n actual. Una altra estrena a Espanya, que es planteja com un aut\u00e8ntic viatge visual, basat en el desig de llibertat, i que explora els murs i convencions socials que la humanitat s\u2019imposa en la seva recerca.<\/p>\n<figure class=\"wp-block-image size-large\"><img loading=\"lazy\" decoding=\"async\" width=\"1024\" height=\"541\" class=\"wp-image-7273\" src=\"https:\/\/lamostradevalencia.com\/wp-content\/uploads\/2020\/09\/BIRDS-still-2-1024x541.jpg\" alt=\"\" \/><\/figure>\n<p>Tamb\u00e9 ostenta la condici\u00f3 d\u2019in\u00e8dita a Espanya la coproducci\u00f3 franco-belga \u201cWorking Girls\u201d, que suposa el debut com a directora de l\u2019actriu (i guionista)\u00a0<strong>Anne Paulicevich<\/strong>, que forma t\u00e0ndem amb\u00a0<strong>Fr\u00e9d\u00e9ric Fonteyne<\/strong>\u00a0(\u201cUna relaci\u00f3n privada\u201d). Una hist\u00f2ria de sororitat i suport mutu que se sustenta en el gran treball interpretatiu de\u00a0<strong>Sara Forestier, Annabelle Lengronne<\/strong>\u00a0i\u00a0<strong>No\u00e9mie Lvovsky<\/strong>, i que narra la vida quotidiana, amb alegries i tristeses, de tres prostitutes que treballen en un bordell al costat de la frontera belga.<\/p>\n<figure class=\"wp-block-image size-large\"><img loading=\"lazy\" decoding=\"async\" width=\"1024\" height=\"617\" class=\"wp-image-7278\" src=\"https:\/\/lamostradevalencia.com\/wp-content\/uploads\/2020\/09\/Working-Girls-1024x617.jpg\" alt=\"\" \/><\/figure>\n<p>A m\u00e9s, es podr\u00e0 veure per primera vegada a Val\u00e8ncia \u201cL\u00faa Vermella\u201d, l\u2019\u00faltima pel\u00b7l\u00edcula de\u00a0<strong>Lois Pati\u00f1o<\/strong>, un dels noms m\u00e9s destacats del Novo Cinema Galego, que va tindre la seua estrena a Berl\u00edn i acaba de rebre encesos i justificats elogis de la cr\u00edtica al seu pas per M\u00e0laga. Se situa en un poble costaner gallec on el temps sembla haver-se aturat i les persones romanen paralitzades; all\u00e0 arriben tres dones en busca del Rubio, un mariner que ha desaparegut misteriosament al mar. Les ombres de Melville o Lovecraft planegen sobre les bell\u00edssimes imatges del film.<\/p>\n<figure class=\"wp-block-image size-large\"><img loading=\"lazy\" decoding=\"async\" width=\"1024\" height=\"751\" class=\"wp-image-7283\" src=\"https:\/\/lamostradevalencia.com\/wp-content\/uploads\/2020\/09\/Lua-Vermella-1024x751.jpg\" alt=\"\" \/><\/figure>\n<p>Este primer avan\u00e7ament de t\u00edtols es completar\u00e0 en pr\u00f2ximes dates amb la resta de films que es projectaran a la Secci\u00f3 Informativa del festival.<\/p>\n","protected":false},"excerpt":{"rendered":"<p>El festival Mostra de Val\u00e8ncia-Cinema del Mediterrani, que se celebra del 22 d\u2019octubre a l\u20191 de novembre, avan\u00e7a algunes de les pel\u00b7l\u00edcules que integraran la [&hellip;]<\/p>\n","protected":false},"author":1,"featured_media":0,"comment_status":"open","ping_status":"open","sticky":false,"template":"","format":"standard","meta":{"_uag_custom_page_level_css":"","_jet_sm_ready_style":"","_jet_sm_style":"","_jet_sm_controls_values":"","_jet_sm_fonts_collection":"","_jet_sm_fonts_links":"","footnotes":""},"categories":[455],"tags":[1575,1944,1945],"class_list":["post-7297","post","type-post","status-publish","format-standard","hentry","category-noticies","tag-mediterrani","tag-nuevo-cine-ca","tag-seccion-informativa-ca"],"yoast_head":"<!-- This site is optimized with the Yoast SEO plugin v27.5 - https:\/\/yoast.com\/product\/yoast-seo-wordpress\/ -->\n<title>Mostra de Val\u00e8ncia desvela su Secci\u00f3 Informativa - Mostra de Val\u00e8ncia<\/title>\n<meta name=\"robots\" content=\"index, follow, max-snippet:-1, max-image-preview:large, max-video-preview:-1\" \/>\n<link rel=\"canonical\" href=\"https:\/\/lamostradevalencia.com\/ca\/mostra-de-valencia-desvela-su-seccio-informativa\/\" \/>\n<meta property=\"og:locale\" content=\"ca_ES\" \/>\n<meta property=\"og:type\" content=\"article\" \/>\n<meta property=\"og:title\" content=\"Mostra de Val\u00e8ncia desvela su Secci\u00f3 Informativa - Mostra de Val\u00e8ncia\" \/>\n<meta property=\"og:description\" content=\"El festival Mostra de Val\u00e8ncia-Cinema del Mediterrani, que se celebra del 22 d\u2019octubre a l\u20191 de novembre, avan\u00e7a algunes de les pel\u00b7l\u00edcules que integraran la [&hellip;]\" \/>\n<meta property=\"og:url\" content=\"https:\/\/lamostradevalencia.com\/ca\/mostra-de-valencia-desvela-su-seccio-informativa\/\" \/>\n<meta property=\"og:site_name\" content=\"Mostra de Val\u00e8ncia\" \/>\n<meta property=\"article:published_time\" content=\"2020-09-10T14:04:00+00:00\" \/>\n<meta property=\"og:image\" content=\"https:\/\/lamostradevalencia.com\/wp-content\/uploads\/2020\/09\/COSESAFERABANSDEMORIR05-1024x539.jpg\" \/>\n<meta name=\"author\" content=\"Mostra de Val\u00e8ncia\" \/>\n<meta name=\"twitter:card\" content=\"summary_large_image\" \/>\n<meta name=\"twitter:label1\" content=\"Escrit per\" \/>\n\t<meta name=\"twitter:data1\" content=\"Mostra de Val\u00e8ncia\" \/>\n\t<meta name=\"twitter:label2\" content=\"Temps estimat de lectura\" \/>\n\t<meta name=\"twitter:data2\" content=\"5 minuts\" \/>\n<script type=\"application\/ld+json\" class=\"yoast-schema-graph\">{\"@context\":\"https:\\\/\\\/schema.org\",\"@graph\":[{\"@type\":\"Article\",\"@id\":\"https:\\\/\\\/lamostradevalencia.com\\\/ca\\\/mostra-de-valencia-desvela-su-seccio-informativa\\\/#article\",\"isPartOf\":{\"@id\":\"https:\\\/\\\/lamostradevalencia.com\\\/ca\\\/mostra-de-valencia-desvela-su-seccio-informativa\\\/\"},\"author\":{\"name\":\"Mostra de Val\u00e8ncia\",\"@id\":\"https:\\\/\\\/lamostradevalencia.com\\\/ca\\\/#\\\/schema\\\/person\\\/1dc07e4df3d6310b81d2cdf6a034070c\"},\"headline\":\"Mostra de Val\u00e8ncia desvela su Secci\u00f3 Informativa\",\"datePublished\":\"2020-09-10T14:04:00+00:00\",\"mainEntityOfPage\":{\"@id\":\"https:\\\/\\\/lamostradevalencia.com\\\/ca\\\/mostra-de-valencia-desvela-su-seccio-informativa\\\/\"},\"wordCount\":962,\"commentCount\":0,\"image\":{\"@id\":\"https:\\\/\\\/lamostradevalencia.com\\\/ca\\\/mostra-de-valencia-desvela-su-seccio-informativa\\\/#primaryimage\"},\"thumbnailUrl\":\"https:\\\/\\\/lamostradevalencia.com\\\/wp-content\\\/uploads\\\/2020\\\/09\\\/COSESAFERABANSDEMORIR05-1024x539.jpg\",\"keywords\":[\"Mediterrani\",\"nuevo cine\",\"Secci\u00f3n Informativa\"],\"articleSection\":[\"Noticies\"],\"inLanguage\":\"ca\",\"potentialAction\":[{\"@type\":\"CommentAction\",\"name\":\"Comment\",\"target\":[\"https:\\\/\\\/lamostradevalencia.com\\\/ca\\\/mostra-de-valencia-desvela-su-seccio-informativa\\\/#respond\"]}]},{\"@type\":\"WebPage\",\"@id\":\"https:\\\/\\\/lamostradevalencia.com\\\/ca\\\/mostra-de-valencia-desvela-su-seccio-informativa\\\/\",\"url\":\"https:\\\/\\\/lamostradevalencia.com\\\/ca\\\/mostra-de-valencia-desvela-su-seccio-informativa\\\/\",\"name\":\"Mostra de Val\u00e8ncia desvela su Secci\u00f3 Informativa - Mostra de Val\u00e8ncia\",\"isPartOf\":{\"@id\":\"https:\\\/\\\/lamostradevalencia.com\\\/ca\\\/#website\"},\"primaryImageOfPage\":{\"@id\":\"https:\\\/\\\/lamostradevalencia.com\\\/ca\\\/mostra-de-valencia-desvela-su-seccio-informativa\\\/#primaryimage\"},\"image\":{\"@id\":\"https:\\\/\\\/lamostradevalencia.com\\\/ca\\\/mostra-de-valencia-desvela-su-seccio-informativa\\\/#primaryimage\"},\"thumbnailUrl\":\"https:\\\/\\\/lamostradevalencia.com\\\/wp-content\\\/uploads\\\/2020\\\/09\\\/COSESAFERABANSDEMORIR05-1024x539.jpg\",\"datePublished\":\"2020-09-10T14:04:00+00:00\",\"author\":{\"@id\":\"https:\\\/\\\/lamostradevalencia.com\\\/ca\\\/#\\\/schema\\\/person\\\/1dc07e4df3d6310b81d2cdf6a034070c\"},\"breadcrumb\":{\"@id\":\"https:\\\/\\\/lamostradevalencia.com\\\/ca\\\/mostra-de-valencia-desvela-su-seccio-informativa\\\/#breadcrumb\"},\"inLanguage\":\"ca\",\"potentialAction\":[{\"@type\":\"ReadAction\",\"target\":[\"https:\\\/\\\/lamostradevalencia.com\\\/ca\\\/mostra-de-valencia-desvela-su-seccio-informativa\\\/\"]}]},{\"@type\":\"ImageObject\",\"inLanguage\":\"ca\",\"@id\":\"https:\\\/\\\/lamostradevalencia.com\\\/ca\\\/mostra-de-valencia-desvela-su-seccio-informativa\\\/#primaryimage\",\"url\":\"https:\\\/\\\/lamostradevalencia.com\\\/wp-content\\\/uploads\\\/2020\\\/09\\\/COSESAFERABANSDEMORIR05-1024x539.jpg\",\"contentUrl\":\"https:\\\/\\\/lamostradevalencia.com\\\/wp-content\\\/uploads\\\/2020\\\/09\\\/COSESAFERABANSDEMORIR05-1024x539.jpg\"},{\"@type\":\"BreadcrumbList\",\"@id\":\"https:\\\/\\\/lamostradevalencia.com\\\/ca\\\/mostra-de-valencia-desvela-su-seccio-informativa\\\/#breadcrumb\",\"itemListElement\":[{\"@type\":\"ListItem\",\"position\":1,\"name\":\"Portada\",\"item\":\"https:\\\/\\\/lamostradevalencia.com\\\/ca\\\/\"},{\"@type\":\"ListItem\",\"position\":2,\"name\":\"Mostra de Val\u00e8ncia desvela su Secci\u00f3 Informativa\"}]},{\"@type\":\"WebSite\",\"@id\":\"https:\\\/\\\/lamostradevalencia.com\\\/ca\\\/#website\",\"url\":\"https:\\\/\\\/lamostradevalencia.com\\\/ca\\\/\",\"name\":\"Mostra de Val\u00e8ncia\",\"description\":\"Cinema del Mediterrani\",\"potentialAction\":[{\"@type\":\"SearchAction\",\"target\":{\"@type\":\"EntryPoint\",\"urlTemplate\":\"https:\\\/\\\/lamostradevalencia.com\\\/ca\\\/?s={search_term_string}\"},\"query-input\":{\"@type\":\"PropertyValueSpecification\",\"valueRequired\":true,\"valueName\":\"search_term_string\"}}],\"inLanguage\":\"ca\"},{\"@type\":\"Person\",\"@id\":\"https:\\\/\\\/lamostradevalencia.com\\\/ca\\\/#\\\/schema\\\/person\\\/1dc07e4df3d6310b81d2cdf6a034070c\",\"name\":\"Mostra de Val\u00e8ncia\",\"image\":{\"@type\":\"ImageObject\",\"inLanguage\":\"ca\",\"@id\":\"https:\\\/\\\/secure.gravatar.com\\\/avatar\\\/ada4dfd699a9907706987adb1bb2b361c2613ccca474b49b8c648de5208e32f8?s=96&d=mm&r=g\",\"url\":\"https:\\\/\\\/secure.gravatar.com\\\/avatar\\\/ada4dfd699a9907706987adb1bb2b361c2613ccca474b49b8c648de5208e32f8?s=96&d=mm&r=g\",\"contentUrl\":\"https:\\\/\\\/secure.gravatar.com\\\/avatar\\\/ada4dfd699a9907706987adb1bb2b361c2613ccca474b49b8c648de5208e32f8?s=96&d=mm&r=g\",\"caption\":\"Mostra de Val\u00e8ncia\"}}]}<\/script>\n<!-- \/ Yoast SEO plugin. -->","yoast_head_json":{"title":"Mostra de Val\u00e8ncia desvela su Secci\u00f3 Informativa - Mostra de Val\u00e8ncia","robots":{"index":"index","follow":"follow","max-snippet":"max-snippet:-1","max-image-preview":"max-image-preview:large","max-video-preview":"max-video-preview:-1"},"canonical":"https:\/\/lamostradevalencia.com\/ca\/mostra-de-valencia-desvela-su-seccio-informativa\/","og_locale":"ca_ES","og_type":"article","og_title":"Mostra de Val\u00e8ncia desvela su Secci\u00f3 Informativa - Mostra de Val\u00e8ncia","og_description":"El festival Mostra de Val\u00e8ncia-Cinema del Mediterrani, que se celebra del 22 d\u2019octubre a l\u20191 de novembre, avan\u00e7a algunes de les pel\u00b7l\u00edcules que integraran la [&hellip;]","og_url":"https:\/\/lamostradevalencia.com\/ca\/mostra-de-valencia-desvela-su-seccio-informativa\/","og_site_name":"Mostra de Val\u00e8ncia","article_published_time":"2020-09-10T14:04:00+00:00","og_image":[{"url":"https:\/\/lamostradevalencia.com\/wp-content\/uploads\/2020\/09\/COSESAFERABANSDEMORIR05-1024x539.jpg","type":"","width":"","height":""}],"author":"Mostra de Val\u00e8ncia","twitter_card":"summary_large_image","twitter_misc":{"Escrit per":"Mostra de Val\u00e8ncia","Temps estimat de lectura":"5 minuts"},"schema":{"@context":"https:\/\/schema.org","@graph":[{"@type":"Article","@id":"https:\/\/lamostradevalencia.com\/ca\/mostra-de-valencia-desvela-su-seccio-informativa\/#article","isPartOf":{"@id":"https:\/\/lamostradevalencia.com\/ca\/mostra-de-valencia-desvela-su-seccio-informativa\/"},"author":{"name":"Mostra de Val\u00e8ncia","@id":"https:\/\/lamostradevalencia.com\/ca\/#\/schema\/person\/1dc07e4df3d6310b81d2cdf6a034070c"},"headline":"Mostra de Val\u00e8ncia desvela su Secci\u00f3 Informativa","datePublished":"2020-09-10T14:04:00+00:00","mainEntityOfPage":{"@id":"https:\/\/lamostradevalencia.com\/ca\/mostra-de-valencia-desvela-su-seccio-informativa\/"},"wordCount":962,"commentCount":0,"image":{"@id":"https:\/\/lamostradevalencia.com\/ca\/mostra-de-valencia-desvela-su-seccio-informativa\/#primaryimage"},"thumbnailUrl":"https:\/\/lamostradevalencia.com\/wp-content\/uploads\/2020\/09\/COSESAFERABANSDEMORIR05-1024x539.jpg","keywords":["Mediterrani","nuevo cine","Secci\u00f3n Informativa"],"articleSection":["Noticies"],"inLanguage":"ca","potentialAction":[{"@type":"CommentAction","name":"Comment","target":["https:\/\/lamostradevalencia.com\/ca\/mostra-de-valencia-desvela-su-seccio-informativa\/#respond"]}]},{"@type":"WebPage","@id":"https:\/\/lamostradevalencia.com\/ca\/mostra-de-valencia-desvela-su-seccio-informativa\/","url":"https:\/\/lamostradevalencia.com\/ca\/mostra-de-valencia-desvela-su-seccio-informativa\/","name":"Mostra de Val\u00e8ncia desvela su Secci\u00f3 Informativa - Mostra de Val\u00e8ncia","isPartOf":{"@id":"https:\/\/lamostradevalencia.com\/ca\/#website"},"primaryImageOfPage":{"@id":"https:\/\/lamostradevalencia.com\/ca\/mostra-de-valencia-desvela-su-seccio-informativa\/#primaryimage"},"image":{"@id":"https:\/\/lamostradevalencia.com\/ca\/mostra-de-valencia-desvela-su-seccio-informativa\/#primaryimage"},"thumbnailUrl":"https:\/\/lamostradevalencia.com\/wp-content\/uploads\/2020\/09\/COSESAFERABANSDEMORIR05-1024x539.jpg","datePublished":"2020-09-10T14:04:00+00:00","author":{"@id":"https:\/\/lamostradevalencia.com\/ca\/#\/schema\/person\/1dc07e4df3d6310b81d2cdf6a034070c"},"breadcrumb":{"@id":"https:\/\/lamostradevalencia.com\/ca\/mostra-de-valencia-desvela-su-seccio-informativa\/#breadcrumb"},"inLanguage":"ca","potentialAction":[{"@type":"ReadAction","target":["https:\/\/lamostradevalencia.com\/ca\/mostra-de-valencia-desvela-su-seccio-informativa\/"]}]},{"@type":"ImageObject","inLanguage":"ca","@id":"https:\/\/lamostradevalencia.com\/ca\/mostra-de-valencia-desvela-su-seccio-informativa\/#primaryimage","url":"https:\/\/lamostradevalencia.com\/wp-content\/uploads\/2020\/09\/COSESAFERABANSDEMORIR05-1024x539.jpg","contentUrl":"https:\/\/lamostradevalencia.com\/wp-content\/uploads\/2020\/09\/COSESAFERABANSDEMORIR05-1024x539.jpg"},{"@type":"BreadcrumbList","@id":"https:\/\/lamostradevalencia.com\/ca\/mostra-de-valencia-desvela-su-seccio-informativa\/#breadcrumb","itemListElement":[{"@type":"ListItem","position":1,"name":"Portada","item":"https:\/\/lamostradevalencia.com\/ca\/"},{"@type":"ListItem","position":2,"name":"Mostra de Val\u00e8ncia desvela su Secci\u00f3 Informativa"}]},{"@type":"WebSite","@id":"https:\/\/lamostradevalencia.com\/ca\/#website","url":"https:\/\/lamostradevalencia.com\/ca\/","name":"Mostra de Val\u00e8ncia","description":"Cinema del Mediterrani","potentialAction":[{"@type":"SearchAction","target":{"@type":"EntryPoint","urlTemplate":"https:\/\/lamostradevalencia.com\/ca\/?s={search_term_string}"},"query-input":{"@type":"PropertyValueSpecification","valueRequired":true,"valueName":"search_term_string"}}],"inLanguage":"ca"},{"@type":"Person","@id":"https:\/\/lamostradevalencia.com\/ca\/#\/schema\/person\/1dc07e4df3d6310b81d2cdf6a034070c","name":"Mostra de Val\u00e8ncia","image":{"@type":"ImageObject","inLanguage":"ca","@id":"https:\/\/secure.gravatar.com\/avatar\/ada4dfd699a9907706987adb1bb2b361c2613ccca474b49b8c648de5208e32f8?s=96&d=mm&r=g","url":"https:\/\/secure.gravatar.com\/avatar\/ada4dfd699a9907706987adb1bb2b361c2613ccca474b49b8c648de5208e32f8?s=96&d=mm&r=g","contentUrl":"https:\/\/secure.gravatar.com\/avatar\/ada4dfd699a9907706987adb1bb2b361c2613ccca474b49b8c648de5208e32f8?s=96&d=mm&r=g","caption":"Mostra de Val\u00e8ncia"}}]}},"uagb_featured_image_src":{"full":false,"thumbnail":false,"medium":false,"medium_large":false,"large":false,"1536x1536":false,"2048x2048":false,"cinerama_edge_image_square":false,"cinerama_edge_image_landscape":false,"cinerama_edge_image_portrait":false,"cinerama_edge_image_huge":false,"gform-image-choice-sm":false,"gform-image-choice-md":false,"gform-image-choice-lg":false},"uagb_author_info":{"display_name":"Mostra de Val\u00e8ncia","author_link":"https:\/\/lamostradevalencia.com\/ca\/author\/mostravalencia\/"},"uagb_comment_info":0,"uagb_excerpt":"El festival Mostra de Val\u00e8ncia-Cinema del Mediterrani, que se celebra del 22 d\u2019octubre a l\u20191 de novembre, avan\u00e7a algunes de les pel\u00b7l\u00edcules que integraran la [&hellip;]","_links":{"self":[{"href":"https:\/\/lamostradevalencia.com\/ca\/wp-json\/wp\/v2\/posts\/7297","targetHints":{"allow":["GET"]}}],"collection":[{"href":"https:\/\/lamostradevalencia.com\/ca\/wp-json\/wp\/v2\/posts"}],"about":[{"href":"https:\/\/lamostradevalencia.com\/ca\/wp-json\/wp\/v2\/types\/post"}],"author":[{"embeddable":true,"href":"https:\/\/lamostradevalencia.com\/ca\/wp-json\/wp\/v2\/users\/1"}],"replies":[{"embeddable":true,"href":"https:\/\/lamostradevalencia.com\/ca\/wp-json\/wp\/v2\/comments?post=7297"}],"version-history":[{"count":1,"href":"https:\/\/lamostradevalencia.com\/ca\/wp-json\/wp\/v2\/posts\/7297\/revisions"}],"predecessor-version":[{"id":7303,"href":"https:\/\/lamostradevalencia.com\/ca\/wp-json\/wp\/v2\/posts\/7297\/revisions\/7303"}],"wp:attachment":[{"href":"https:\/\/lamostradevalencia.com\/ca\/wp-json\/wp\/v2\/media?parent=7297"}],"wp:term":[{"taxonomy":"category","embeddable":true,"href":"https:\/\/lamostradevalencia.com\/ca\/wp-json\/wp\/v2\/categories?post=7297"},{"taxonomy":"post_tag","embeddable":true,"href":"https:\/\/lamostradevalencia.com\/ca\/wp-json\/wp\/v2\/tags?post=7297"}],"curies":[{"name":"wp","href":"https:\/\/api.w.org\/{rel}","templated":true}]}}