{"id":7230,"date":"2020-09-03T16:22:37","date_gmt":"2020-09-03T14:22:37","guid":{"rendered":"https:\/\/lamostradevalencia.com\/?p=7230"},"modified":"2020-09-03T16:25:32","modified_gmt":"2020-09-03T14:25:32","slug":"sobri-la-convocatoria-de-patrocinis-de-la-mostra","status":"publish","type":"post","link":"https:\/\/lamostradevalencia.com\/ca\/sobri-la-convocatoria-de-patrocinis-de-la-mostra\/","title":{"rendered":"S\u2019OBRI LA CONVOCAT\u00d2RIA DE PATROCINIS DE LA MOSTRA"},"content":{"rendered":"\n<p class=\"has-medium-font-size\"><strong>Del divendres 4 al dilluns 14 de setembre es poden enviar les propostes a administracio@lamostradevalencia.com<\/strong><\/p>\n\n\n\n<h4 class=\"wp-block-heading\">Condicions per als patrocinis privats de la 35a Mostra de Val\u00e8ncia-Cinema del Mediterrani.<\/h4>\n\n\n\n<p class=\"has-medium-font-size\"><strong>1-Consideraci\u00f3 de patrocinis<\/strong><\/p>\n\n\n\n<p>Tindran la consideraci\u00f3 de patrocinis les aportacions en met\u00e0l\u00b7lic o esp\u00e8cie (segons especificacions) per part del sector privat per a la realitzaci\u00f3 de les activitats que es programen dins del marc de la 35a edici\u00f3 del festival Mostra de Val\u00e8ncia-Cinema del Mediterrani, que se celebrar\u00e0 del 22 d&#8217;octubre a l&#8217;1 de novembre de 2020.<\/p>\n\n\n\n<p>El patrocini revestir\u00e0 la modalitat de contracte de patrocini publicitari.<\/p>\n\n\n\n<p class=\"has-medium-font-size\"><strong>2-Condici\u00f3 de patrocinadores<\/strong><\/p>\n\n\n\n<p>Podran tindre la condici\u00f3 de patrocinadores les persones jur\u00eddiques sotmeses al dret privat, que tinguen plena capacitat d&#8217;obrar i no estiguen incurses en cap de les prohibicions per a contractar establides en la Llei. Per a acreditar, entre altres, este \u00faltim extrem, la inst\u00e0ncia integrar\u00e0 una declaraci\u00f3 responsable de la persona sol\u00b7licitant relativa als punts seg\u00fcents:<\/p>\n\n\n\n<p>\u2022&nbsp;&nbsp;&nbsp;&nbsp;&nbsp;&nbsp;&nbsp;&nbsp;&nbsp; No trobar-se compresa, o que l&#8217;empresa a la qual representa com a administrador\/a o representant no es trobe compresa, en cap de les prohibicions i incompatibilitat per a contractar regulades en l&#8217;article 71 de la Llei de Contractes del Sector P\u00fablic.<\/p>\n\n\n\n<p>\u2022&nbsp;&nbsp;&nbsp;&nbsp;&nbsp;&nbsp;&nbsp;&nbsp;&nbsp; No vulnera la normativa fiscal emparant-se en els denominats paradisos fiscals a fi d&#8217;eludir les seues obligacions i la seua responsabilitat davant les autoritats espanyoles. En el cas que esta sol\u00b7licitud fora subscrita per apoderats\/des de la mercantil, declaren que es troben vigents en l&#8217;actualitat.<\/p>\n\n\n\n<p>\u2022&nbsp;&nbsp;&nbsp;&nbsp;&nbsp;&nbsp;&nbsp;&nbsp;&nbsp; Estar al corrent de les seues obligacions tribut\u00e0ries amb Hisenda i amb la Seguretat Social.<\/p>\n\n\n\n<p>\u2022&nbsp;&nbsp;&nbsp;&nbsp;&nbsp;&nbsp;&nbsp;&nbsp;&nbsp; Que l&#8217;empresa a la qual representa, si es tracta d&#8217;una empresa estrangera, se sotmetr\u00e0 a la jurisdicci\u00f3 dels jutjats i tribunals espanyols de qualsevol ordre per a totes les incid\u00e8ncies que, de manera directa o indirecta puguen sorgir.<\/p>\n\n\n\n<p>\u2022&nbsp;&nbsp;&nbsp;&nbsp;&nbsp;&nbsp;&nbsp;&nbsp;&nbsp; Per a qualsevol controv\u00e8rsia que puga presentar-se com a conseq\u00fc\u00e8ncia del contingut o interpretaci\u00f3 del present document i la seua execuci\u00f3, totes dos parts acorden expressament sotmetre&#8217;s als Jutjats i Tribunals de Val\u00e8ncia capital.<\/p>\n\n\n\n<p class=\"has-medium-font-size\"><strong>3- Objecte del patrocini<\/strong><\/p>\n\n\n\n<p>Realitzaci\u00f3 de les activitats de la 35a Mostra de Val\u00e8ncia-Cinema del Mediterrani, que se celebrar\u00e0 del 22 d&#8217;octubre a l&#8217;1 de novembre de 2020. Les persones jur\u00eddiques interessades podran conc\u00f3rrer a tots o a alguns tipus d&#8217;aportacions.<\/p>\n\n\n\n<p>Cal destacar que, segons les dades proporcionades per l&#8217;ag\u00e8ncia de seguiment de premsa Kantar sobre la 34a Mostra de Val\u00e8ncia-Cinema del Mediterrani, celebrada en 2019, es van recollir m\u00e9s de 460 aparicions en premsa (digital i paper), amb un volum de valoraci\u00f3 econ\u00f2mica de 1,92 milions d&#8217;euros i 186 milions de contactes.<\/p>\n\n\n\n<p class=\"has-normal-font-size\"><strong>3.1. Patrocini de la programaci\u00f3 general de la 35a Mostra de Val\u00e8ncia-Cinema del Mediterrani.<\/strong> Les aportacions podran cobrir la totalitat o part de l&#8217;activitat patrocinada i procedir de diverses patrocinadores.<\/p>\n\n\n\n<p><strong>&#8211; Tipus d&#8217;aportaci\u00f3:<\/strong> Monet\u00e0ria.<\/p>\n\n\n\n<p><strong>&#8211; Aportaci\u00f3 m\u00ednima:<\/strong> 5.000\u20ac.<\/p>\n\n\n\n<p><strong>&#8211; Contraprestacions:<\/strong><\/p>\n\n\n\n<p>Visibilitat mitjan\u00e7ant la inclusi\u00f3 de logotip en els materials informatius i publicitaris de la 35a Mostra de Val\u00e8ncia-Cinema del Mediterrani.<\/p>\n\n\n\n<p>Visibilitat mitjan\u00e7ant la inclusi\u00f3 de logotip en la web oficial de Mostra de Val\u00e8ncia-Cinema del Mediterrani.<\/p>\n\n\n\n<p>Publicitat en el programa de la 35a Mostra de Val\u00e8ncia-Cinema del Mediterrani.<\/p>\n\n\n\n<p>Visibilitat mitjan\u00e7ant inclusi\u00f3 de logotip en el <em>photocall<\/em> del festival durant els 10 dies que es desenvolupa.<\/p>\n\n\n\n<p>Notorietat mitjan\u00e7ant esment directe en les cerim\u00f2nies d&#8217;inauguraci\u00f3 i clausura del festival.<\/p>\n\n\n\n<p class=\"has-normal-font-size\"><strong>3.2. Patrocini del servei de trasllat de les persones convidades a la 35a Mostra de Val\u00e8ncia-Cinema del Mediterrani.<\/strong> Les aportacions hauran de cobrir la totalitat de l&#8217;activitat patrocinada.<\/p>\n\n\n\n<p><strong>&#8211; Tipus d&#8217;aportaci\u00f3:<\/strong> En esp\u00e8cie.<\/p>\n\n\n\n<p><strong>&#8211; Aportaci\u00f3:<\/strong><\/p>\n\n\n\n<p>3 vehicles tipus turisme amb xofer a jornada completa, del 22 al 31 d&#8217;octubre de 2020<\/p>\n\n\n\n<p>1 vehicle tipus turisme amb xofer a jornada completa els dies 21 d&#8217;octubre i 1 de novembre de 2020.<\/p>\n\n\n\n<p>El servei haur\u00e0 d&#8217;incloure totes les despeses derivades de combustible, aix\u00ed com del condicionament i\/o manteniment dels vehicles.<\/p>\n\n\n\n<p><strong>-Contraprestacions:<\/strong><\/p>\n\n\n\n<p>Visibilitat mitjan\u00e7ant la inclusi\u00f3 de logotip en els materials informatius i publicitaris de la 35a Mostra de Val\u00e8ncia-Cinema del Mediterrani.<\/p>\n\n\n\n<p>Visibilitat mitjan\u00e7ant la inclusi\u00f3 de logotip en la web oficial de Mostra de Val\u00e8ncia-Cinema del Mediterrani.<\/p>\n\n\n\n<p>Publicitat en el programa de la 35a Mostra de Val\u00e8ncia-Cinema del Mediterrani.<\/p>\n\n\n\n<p>Visibilitat mitjan\u00e7ant inclusi\u00f3 de logotip en el <em>photocall<\/em> del festival durant els 10 dies que es desenvolupa.<\/p>\n\n\n\n<p>Notorietat mitjan\u00e7ant esment directe en les cerim\u00f2nies d&#8217;inauguraci\u00f3 i clausura del festival.<\/p>\n\n\n\n<p class=\"has-normal-font-size\"><strong>3.3. Patrocini del servei d&#8217;estilisme per a les gales de la 35a Mostra de Val\u00e8ncia-Cinema del Mediterrani.<\/strong> Les aportacions hauran de cobrir la totalitat de l&#8217;activitat patrocinada.<\/p>\n\n\n\n<p><strong>&#8211; Tipus d&#8217;aportaci\u00f3:<\/strong> En esp\u00e8cie.<\/p>\n\n\n\n<p><strong>&#8211; Aportaci\u00f3:<\/strong><\/p>\n\n\n\n<p>Servei de perruqueria i maquillatge de gala per a dos persones en els actes del 22 d&#8217;octubre i del 30 d&#8217;octubre de 2020. El servei ha d&#8217;incloure tot el material necessari per a la seua realitzaci\u00f3 aix\u00ed com el despla\u00e7ament al lloc designat per l&#8217;organitzaci\u00f3 per al seu acompliment a la ciutat de Val\u00e8ncia.<\/p>\n\n\n\n<p><strong>&#8211; Contraprestacions:<\/strong><\/p>\n\n\n\n<p>Notorietat mitjan\u00e7ant esment directe en les cerim\u00f2nies d&#8217;inauguraci\u00f3 i clausura del festival.<\/p>\n\n\n\n<p>Notorietat mitjan\u00e7ant esment en xarxes socials, inclosa la publicaci\u00f3 d&#8217;una <em>story<\/em> en Instagram.<\/p>\n\n\n\n<p>Visibilitat mitjan\u00e7ant la inclusi\u00f3 de logotip en la web oficial de Mostra de Val\u00e8ncia-Cinema del Mediterrani.<\/p>\n\n\n\n<p class=\"has-normal-font-size\"><strong>3.4. Patrocini del servei de vestuari per a les gales de la 35a Mostra de Val\u00e8ncia-Cinema del Mediterrani.<\/strong> Les aportacions hauran de cobrir la totalitat de l&#8217;activitat patrocinada.<\/p>\n\n\n\n<p><strong>Tipus d&#8217;aportaci\u00f3:<\/strong> En esp\u00e8cie.<\/p>\n\n\n\n<p><strong>Aportaci\u00f3:<\/strong><\/p>\n\n\n\n<p>Cessi\u00f3 de vestuari de gala per a dues persones en els actes del 22 d&#8217;octubre i del 30 d&#8217;octubre de 2020. El servei ha d&#8217;incloure les proves pr\u00e8vies que siguen necess\u00e0ries aix\u00ed com el trasllat i recollida del material en el lloc designat per l&#8217;organitzaci\u00f3 a la ciutat de Val\u00e8ncia.<\/p>\n\n\n\n<p><strong>&#8211; Contraprestacions:<\/strong><\/p>\n\n\n\n<p>Notorietat mitjan\u00e7ant esment directe en les cerim\u00f2nies d&#8217;inauguraci\u00f3 i clausura del festival.<\/p>\n\n\n\n<p>Notorietat mitjan\u00e7ant esment en xarxes socials, inclosa la publicaci\u00f3 d&#8217;una <em>story <\/em>en Instagram.<\/p>\n\n\n\n<p>Visibilitat mitjan\u00e7ant la inclusi\u00f3 de logotip en la web oficial de Mostra de Val\u00e8ncia-Cinema del Mediterrani.<\/p>\n\n\n\n<p class=\"has-medium-font-size\"><strong>4- Procediment<\/strong><\/p>\n\n\n\n<p>Mostra de Val\u00e8ncia i Iniciatives Audiovisuals notificar\u00e0 l&#8217;acceptaci\u00f3 o denegaci\u00f3 de la proposta per a ser patrocinadora. En el cas de les aportacions en esp\u00e8cie (punts 3.2, 3.3 i 3.4 del document), se seleccionaran les propostes segons ordre de presentaci\u00f3. Mostra de Val\u00e8ncia i Iniciatives Audiovisuals es reserva el dret de no acceptar patrocini per raons d&#8217;inter\u00e9s p\u00fablic. Queden expressament excloses les propostes de patrocini de car\u00e0cter partidista o aquelles que promoguen el consum de drogues, o tinguen un contingut violent, sexista, xen\u00f2fob, o contra els valors democr\u00e0tics. En tot cas els anuncis han d&#8217;ajustar-se al que es disposa en la Llei 34\/1988, general de publicitat, il\u00b7l\u00edcita i enganyosa i qualsevol altra normativa municipal.<\/p>\n\n\n\n<p class=\"has-medium-font-size\"><strong>5- Termini i forma de presentaci\u00f3 de la sol\u00b7licitud<\/strong><\/p>\n\n\n\n<p>Les entitats interessades disposen d&#8217;un termini m\u00e0xim de set dies h\u00e0bils des de l&#8217;endem\u00e0 de la publicaci\u00f3 en la p\u00e0gina web de Mostra de Val\u00e8ncia-Cinema del Mediterrani, <strong>www.lamostradevalencia.com<\/strong>, per a presentar les seues sol\u00b7licituds.<\/p>\n\n\n\n<p>Les sol\u00b7licituds han de dirigir-se a l&#8217;adre\u00e7a de correu electr\u00f2nic <strong>administracio@lamostradevalencia.com,<\/strong> mostrant el seu inter\u00e9s a participar en el patrocini que es desitge i especificant l&#8217;aportaci\u00f3 a realitzar.<\/p>\n","protected":false},"excerpt":{"rendered":"<p>Del divendres 4 al dilluns 14 de setembre es poden enviar les propostes a administracio@lamostradevalencia.com Condicions per als patrocinis privats de la 35a Mostra de [&hellip;]<\/p>\n","protected":false},"author":1,"featured_media":2771,"comment_status":"open","ping_status":"open","sticky":false,"template":"","format":"standard","meta":{"_uag_custom_page_level_css":"","_jet_sm_ready_style":"","_jet_sm_style":"","_jet_sm_controls_values":"","_jet_sm_fonts_collection":"","_jet_sm_fonts_links":"","footnotes":""},"categories":[455],"tags":[],"class_list":["post-7230","post","type-post","status-publish","format-standard","has-post-thumbnail","hentry","category-noticies"],"yoast_head":"<!-- This site is optimized with the Yoast SEO plugin v27.5 - https:\/\/yoast.com\/product\/yoast-seo-wordpress\/ -->\n<title>S\u2019OBRI LA CONVOCAT\u00d2RIA DE PATROCINIS DE LA MOSTRA - Mostra de Val\u00e8ncia<\/title>\n<meta name=\"robots\" content=\"index, follow, max-snippet:-1, max-image-preview:large, max-video-preview:-1\" \/>\n<link rel=\"canonical\" href=\"https:\/\/lamostradevalencia.com\/ca\/sobri-la-convocatoria-de-patrocinis-de-la-mostra\/\" \/>\n<meta property=\"og:locale\" content=\"ca_ES\" \/>\n<meta property=\"og:type\" content=\"article\" \/>\n<meta property=\"og:title\" content=\"S\u2019OBRI LA CONVOCAT\u00d2RIA DE PATROCINIS DE LA MOSTRA - Mostra de Val\u00e8ncia\" \/>\n<meta property=\"og:description\" content=\"Del divendres 4 al dilluns 14 de setembre es poden enviar les propostes a administracio@lamostradevalencia.com Condicions per als patrocinis privats de la 35a Mostra de [&hellip;]\" \/>\n<meta property=\"og:url\" content=\"https:\/\/lamostradevalencia.com\/ca\/sobri-la-convocatoria-de-patrocinis-de-la-mostra\/\" \/>\n<meta property=\"og:site_name\" content=\"Mostra de Val\u00e8ncia\" \/>\n<meta property=\"article:published_time\" content=\"2020-09-03T14:22:37+00:00\" \/>\n<meta property=\"article:modified_time\" content=\"2020-09-03T14:25:32+00:00\" \/>\n<meta property=\"og:image\" content=\"https:\/\/lamostradevalencia.com\/wp-content\/uploads\/2019\/05\/mostra-valencia-llamada-proyecto-1.png\" \/>\n\t<meta property=\"og:image:width\" content=\"1920\" \/>\n\t<meta property=\"og:image:height\" content=\"1048\" \/>\n\t<meta property=\"og:image:type\" content=\"image\/png\" \/>\n<meta name=\"author\" content=\"Mostra de Val\u00e8ncia\" \/>\n<meta name=\"twitter:card\" content=\"summary_large_image\" \/>\n<meta name=\"twitter:label1\" content=\"Escrit per\" \/>\n\t<meta name=\"twitter:data1\" content=\"Mostra de Val\u00e8ncia\" \/>\n\t<meta name=\"twitter:label2\" content=\"Temps estimat de lectura\" \/>\n\t<meta name=\"twitter:data2\" content=\"6 minuts\" \/>\n<script type=\"application\/ld+json\" class=\"yoast-schema-graph\">{\"@context\":\"https:\\\/\\\/schema.org\",\"@graph\":[{\"@type\":\"Article\",\"@id\":\"https:\\\/\\\/lamostradevalencia.com\\\/ca\\\/sobri-la-convocatoria-de-patrocinis-de-la-mostra\\\/#article\",\"isPartOf\":{\"@id\":\"https:\\\/\\\/lamostradevalencia.com\\\/ca\\\/sobri-la-convocatoria-de-patrocinis-de-la-mostra\\\/\"},\"author\":{\"name\":\"Mostra de Val\u00e8ncia\",\"@id\":\"https:\\\/\\\/lamostradevalencia.com\\\/ca\\\/#\\\/schema\\\/person\\\/1dc07e4df3d6310b81d2cdf6a034070c\"},\"headline\":\"S\u2019OBRI LA CONVOCAT\u00d2RIA DE PATROCINIS DE LA MOSTRA\",\"datePublished\":\"2020-09-03T14:22:37+00:00\",\"dateModified\":\"2020-09-03T14:25:32+00:00\",\"mainEntityOfPage\":{\"@id\":\"https:\\\/\\\/lamostradevalencia.com\\\/ca\\\/sobri-la-convocatoria-de-patrocinis-de-la-mostra\\\/\"},\"wordCount\":1304,\"commentCount\":0,\"image\":{\"@id\":\"https:\\\/\\\/lamostradevalencia.com\\\/ca\\\/sobri-la-convocatoria-de-patrocinis-de-la-mostra\\\/#primaryimage\"},\"thumbnailUrl\":\"https:\\\/\\\/lamostradevalencia.com\\\/wp-content\\\/uploads\\\/2019\\\/05\\\/mostra-valencia-llamada-proyecto-1.png\",\"articleSection\":[\"Noticies\"],\"inLanguage\":\"ca\",\"potentialAction\":[{\"@type\":\"CommentAction\",\"name\":\"Comment\",\"target\":[\"https:\\\/\\\/lamostradevalencia.com\\\/ca\\\/sobri-la-convocatoria-de-patrocinis-de-la-mostra\\\/#respond\"]}]},{\"@type\":\"WebPage\",\"@id\":\"https:\\\/\\\/lamostradevalencia.com\\\/ca\\\/sobri-la-convocatoria-de-patrocinis-de-la-mostra\\\/\",\"url\":\"https:\\\/\\\/lamostradevalencia.com\\\/ca\\\/sobri-la-convocatoria-de-patrocinis-de-la-mostra\\\/\",\"name\":\"S\u2019OBRI LA CONVOCAT\u00d2RIA DE PATROCINIS DE LA MOSTRA - Mostra de Val\u00e8ncia\",\"isPartOf\":{\"@id\":\"https:\\\/\\\/lamostradevalencia.com\\\/ca\\\/#website\"},\"primaryImageOfPage\":{\"@id\":\"https:\\\/\\\/lamostradevalencia.com\\\/ca\\\/sobri-la-convocatoria-de-patrocinis-de-la-mostra\\\/#primaryimage\"},\"image\":{\"@id\":\"https:\\\/\\\/lamostradevalencia.com\\\/ca\\\/sobri-la-convocatoria-de-patrocinis-de-la-mostra\\\/#primaryimage\"},\"thumbnailUrl\":\"https:\\\/\\\/lamostradevalencia.com\\\/wp-content\\\/uploads\\\/2019\\\/05\\\/mostra-valencia-llamada-proyecto-1.png\",\"datePublished\":\"2020-09-03T14:22:37+00:00\",\"dateModified\":\"2020-09-03T14:25:32+00:00\",\"author\":{\"@id\":\"https:\\\/\\\/lamostradevalencia.com\\\/ca\\\/#\\\/schema\\\/person\\\/1dc07e4df3d6310b81d2cdf6a034070c\"},\"breadcrumb\":{\"@id\":\"https:\\\/\\\/lamostradevalencia.com\\\/ca\\\/sobri-la-convocatoria-de-patrocinis-de-la-mostra\\\/#breadcrumb\"},\"inLanguage\":\"ca\",\"potentialAction\":[{\"@type\":\"ReadAction\",\"target\":[\"https:\\\/\\\/lamostradevalencia.com\\\/ca\\\/sobri-la-convocatoria-de-patrocinis-de-la-mostra\\\/\"]}]},{\"@type\":\"ImageObject\",\"inLanguage\":\"ca\",\"@id\":\"https:\\\/\\\/lamostradevalencia.com\\\/ca\\\/sobri-la-convocatoria-de-patrocinis-de-la-mostra\\\/#primaryimage\",\"url\":\"https:\\\/\\\/lamostradevalencia.com\\\/wp-content\\\/uploads\\\/2019\\\/05\\\/mostra-valencia-llamada-proyecto-1.png\",\"contentUrl\":\"https:\\\/\\\/lamostradevalencia.com\\\/wp-content\\\/uploads\\\/2019\\\/05\\\/mostra-valencia-llamada-proyecto-1.png\",\"width\":1920,\"height\":1048},{\"@type\":\"BreadcrumbList\",\"@id\":\"https:\\\/\\\/lamostradevalencia.com\\\/ca\\\/sobri-la-convocatoria-de-patrocinis-de-la-mostra\\\/#breadcrumb\",\"itemListElement\":[{\"@type\":\"ListItem\",\"position\":1,\"name\":\"Portada\",\"item\":\"https:\\\/\\\/lamostradevalencia.com\\\/ca\\\/\"},{\"@type\":\"ListItem\",\"position\":2,\"name\":\"S\u2019OBRI LA CONVOCAT\u00d2RIA DE PATROCINIS DE LA MOSTRA\"}]},{\"@type\":\"WebSite\",\"@id\":\"https:\\\/\\\/lamostradevalencia.com\\\/ca\\\/#website\",\"url\":\"https:\\\/\\\/lamostradevalencia.com\\\/ca\\\/\",\"name\":\"Mostra de Val\u00e8ncia\",\"description\":\"Cinema del Mediterrani\",\"potentialAction\":[{\"@type\":\"SearchAction\",\"target\":{\"@type\":\"EntryPoint\",\"urlTemplate\":\"https:\\\/\\\/lamostradevalencia.com\\\/ca\\\/?s={search_term_string}\"},\"query-input\":{\"@type\":\"PropertyValueSpecification\",\"valueRequired\":true,\"valueName\":\"search_term_string\"}}],\"inLanguage\":\"ca\"},{\"@type\":\"Person\",\"@id\":\"https:\\\/\\\/lamostradevalencia.com\\\/ca\\\/#\\\/schema\\\/person\\\/1dc07e4df3d6310b81d2cdf6a034070c\",\"name\":\"Mostra de Val\u00e8ncia\",\"image\":{\"@type\":\"ImageObject\",\"inLanguage\":\"ca\",\"@id\":\"https:\\\/\\\/secure.gravatar.com\\\/avatar\\\/ada4dfd699a9907706987adb1bb2b361c2613ccca474b49b8c648de5208e32f8?s=96&d=mm&r=g\",\"url\":\"https:\\\/\\\/secure.gravatar.com\\\/avatar\\\/ada4dfd699a9907706987adb1bb2b361c2613ccca474b49b8c648de5208e32f8?s=96&d=mm&r=g\",\"contentUrl\":\"https:\\\/\\\/secure.gravatar.com\\\/avatar\\\/ada4dfd699a9907706987adb1bb2b361c2613ccca474b49b8c648de5208e32f8?s=96&d=mm&r=g\",\"caption\":\"Mostra de Val\u00e8ncia\"}}]}<\/script>\n<!-- \/ Yoast SEO plugin. -->","yoast_head_json":{"title":"S\u2019OBRI LA CONVOCAT\u00d2RIA DE PATROCINIS DE LA MOSTRA - Mostra de Val\u00e8ncia","robots":{"index":"index","follow":"follow","max-snippet":"max-snippet:-1","max-image-preview":"max-image-preview:large","max-video-preview":"max-video-preview:-1"},"canonical":"https:\/\/lamostradevalencia.com\/ca\/sobri-la-convocatoria-de-patrocinis-de-la-mostra\/","og_locale":"ca_ES","og_type":"article","og_title":"S\u2019OBRI LA CONVOCAT\u00d2RIA DE PATROCINIS DE LA MOSTRA - Mostra de Val\u00e8ncia","og_description":"Del divendres 4 al dilluns 14 de setembre es poden enviar les propostes a administracio@lamostradevalencia.com Condicions per als patrocinis privats de la 35a Mostra de [&hellip;]","og_url":"https:\/\/lamostradevalencia.com\/ca\/sobri-la-convocatoria-de-patrocinis-de-la-mostra\/","og_site_name":"Mostra de Val\u00e8ncia","article_published_time":"2020-09-03T14:22:37+00:00","article_modified_time":"2020-09-03T14:25:32+00:00","og_image":[{"width":1920,"height":1048,"url":"https:\/\/lamostradevalencia.com\/wp-content\/uploads\/2019\/05\/mostra-valencia-llamada-proyecto-1.png","type":"image\/png"}],"author":"Mostra de Val\u00e8ncia","twitter_card":"summary_large_image","twitter_misc":{"Escrit per":"Mostra de Val\u00e8ncia","Temps estimat de lectura":"6 minuts"},"schema":{"@context":"https:\/\/schema.org","@graph":[{"@type":"Article","@id":"https:\/\/lamostradevalencia.com\/ca\/sobri-la-convocatoria-de-patrocinis-de-la-mostra\/#article","isPartOf":{"@id":"https:\/\/lamostradevalencia.com\/ca\/sobri-la-convocatoria-de-patrocinis-de-la-mostra\/"},"author":{"name":"Mostra de Val\u00e8ncia","@id":"https:\/\/lamostradevalencia.com\/ca\/#\/schema\/person\/1dc07e4df3d6310b81d2cdf6a034070c"},"headline":"S\u2019OBRI LA CONVOCAT\u00d2RIA DE PATROCINIS DE LA MOSTRA","datePublished":"2020-09-03T14:22:37+00:00","dateModified":"2020-09-03T14:25:32+00:00","mainEntityOfPage":{"@id":"https:\/\/lamostradevalencia.com\/ca\/sobri-la-convocatoria-de-patrocinis-de-la-mostra\/"},"wordCount":1304,"commentCount":0,"image":{"@id":"https:\/\/lamostradevalencia.com\/ca\/sobri-la-convocatoria-de-patrocinis-de-la-mostra\/#primaryimage"},"thumbnailUrl":"https:\/\/lamostradevalencia.com\/wp-content\/uploads\/2019\/05\/mostra-valencia-llamada-proyecto-1.png","articleSection":["Noticies"],"inLanguage":"ca","potentialAction":[{"@type":"CommentAction","name":"Comment","target":["https:\/\/lamostradevalencia.com\/ca\/sobri-la-convocatoria-de-patrocinis-de-la-mostra\/#respond"]}]},{"@type":"WebPage","@id":"https:\/\/lamostradevalencia.com\/ca\/sobri-la-convocatoria-de-patrocinis-de-la-mostra\/","url":"https:\/\/lamostradevalencia.com\/ca\/sobri-la-convocatoria-de-patrocinis-de-la-mostra\/","name":"S\u2019OBRI LA CONVOCAT\u00d2RIA DE PATROCINIS DE LA MOSTRA - Mostra de Val\u00e8ncia","isPartOf":{"@id":"https:\/\/lamostradevalencia.com\/ca\/#website"},"primaryImageOfPage":{"@id":"https:\/\/lamostradevalencia.com\/ca\/sobri-la-convocatoria-de-patrocinis-de-la-mostra\/#primaryimage"},"image":{"@id":"https:\/\/lamostradevalencia.com\/ca\/sobri-la-convocatoria-de-patrocinis-de-la-mostra\/#primaryimage"},"thumbnailUrl":"https:\/\/lamostradevalencia.com\/wp-content\/uploads\/2019\/05\/mostra-valencia-llamada-proyecto-1.png","datePublished":"2020-09-03T14:22:37+00:00","dateModified":"2020-09-03T14:25:32+00:00","author":{"@id":"https:\/\/lamostradevalencia.com\/ca\/#\/schema\/person\/1dc07e4df3d6310b81d2cdf6a034070c"},"breadcrumb":{"@id":"https:\/\/lamostradevalencia.com\/ca\/sobri-la-convocatoria-de-patrocinis-de-la-mostra\/#breadcrumb"},"inLanguage":"ca","potentialAction":[{"@type":"ReadAction","target":["https:\/\/lamostradevalencia.com\/ca\/sobri-la-convocatoria-de-patrocinis-de-la-mostra\/"]}]},{"@type":"ImageObject","inLanguage":"ca","@id":"https:\/\/lamostradevalencia.com\/ca\/sobri-la-convocatoria-de-patrocinis-de-la-mostra\/#primaryimage","url":"https:\/\/lamostradevalencia.com\/wp-content\/uploads\/2019\/05\/mostra-valencia-llamada-proyecto-1.png","contentUrl":"https:\/\/lamostradevalencia.com\/wp-content\/uploads\/2019\/05\/mostra-valencia-llamada-proyecto-1.png","width":1920,"height":1048},{"@type":"BreadcrumbList","@id":"https:\/\/lamostradevalencia.com\/ca\/sobri-la-convocatoria-de-patrocinis-de-la-mostra\/#breadcrumb","itemListElement":[{"@type":"ListItem","position":1,"name":"Portada","item":"https:\/\/lamostradevalencia.com\/ca\/"},{"@type":"ListItem","position":2,"name":"S\u2019OBRI LA CONVOCAT\u00d2RIA DE PATROCINIS DE LA MOSTRA"}]},{"@type":"WebSite","@id":"https:\/\/lamostradevalencia.com\/ca\/#website","url":"https:\/\/lamostradevalencia.com\/ca\/","name":"Mostra de Val\u00e8ncia","description":"Cinema del Mediterrani","potentialAction":[{"@type":"SearchAction","target":{"@type":"EntryPoint","urlTemplate":"https:\/\/lamostradevalencia.com\/ca\/?s={search_term_string}"},"query-input":{"@type":"PropertyValueSpecification","valueRequired":true,"valueName":"search_term_string"}}],"inLanguage":"ca"},{"@type":"Person","@id":"https:\/\/lamostradevalencia.com\/ca\/#\/schema\/person\/1dc07e4df3d6310b81d2cdf6a034070c","name":"Mostra de Val\u00e8ncia","image":{"@type":"ImageObject","inLanguage":"ca","@id":"https:\/\/secure.gravatar.com\/avatar\/ada4dfd699a9907706987adb1bb2b361c2613ccca474b49b8c648de5208e32f8?s=96&d=mm&r=g","url":"https:\/\/secure.gravatar.com\/avatar\/ada4dfd699a9907706987adb1bb2b361c2613ccca474b49b8c648de5208e32f8?s=96&d=mm&r=g","contentUrl":"https:\/\/secure.gravatar.com\/avatar\/ada4dfd699a9907706987adb1bb2b361c2613ccca474b49b8c648de5208e32f8?s=96&d=mm&r=g","caption":"Mostra de Val\u00e8ncia"}}]}},"uagb_featured_image_src":{"full":["https:\/\/lamostradevalencia.com\/wp-content\/uploads\/2019\/05\/mostra-valencia-llamada-proyecto-1.png",1920,1048,false],"thumbnail":["https:\/\/lamostradevalencia.com\/wp-content\/uploads\/2019\/05\/mostra-valencia-llamada-proyecto-1-150x150.png",150,150,true],"medium":["https:\/\/lamostradevalencia.com\/wp-content\/uploads\/2019\/05\/mostra-valencia-llamada-proyecto-1-300x164.png",300,164,true],"medium_large":["https:\/\/lamostradevalencia.com\/wp-content\/uploads\/2019\/05\/mostra-valencia-llamada-proyecto-1-768x419.png",768,419,true],"large":["https:\/\/lamostradevalencia.com\/wp-content\/uploads\/2019\/05\/mostra-valencia-llamada-proyecto-1-1024x559.png",1024,559,true],"1536x1536":["https:\/\/lamostradevalencia.com\/wp-content\/uploads\/2019\/05\/mostra-valencia-llamada-proyecto-1.png",1536,838,false],"2048x2048":["https:\/\/lamostradevalencia.com\/wp-content\/uploads\/2019\/05\/mostra-valencia-llamada-proyecto-1.png",1920,1048,false],"cinerama_edge_image_square":["https:\/\/lamostradevalencia.com\/wp-content\/uploads\/2019\/05\/mostra-valencia-llamada-proyecto-1-550x550.png",550,550,true],"cinerama_edge_image_landscape":["https:\/\/lamostradevalencia.com\/wp-content\/uploads\/2019\/05\/mostra-valencia-llamada-proyecto-1-1100x550.png",1100,550,true],"cinerama_edge_image_portrait":["https:\/\/lamostradevalencia.com\/wp-content\/uploads\/2019\/05\/mostra-valencia-llamada-proyecto-1-550x1048.png",550,1048,true],"cinerama_edge_image_huge":["https:\/\/lamostradevalencia.com\/wp-content\/uploads\/2019\/05\/mostra-valencia-llamada-proyecto-1-1100x1048.png",1100,1048,true],"gform-image-choice-sm":["https:\/\/lamostradevalencia.com\/wp-content\/uploads\/2019\/05\/mostra-valencia-llamada-proyecto-1.png",300,164,false],"gform-image-choice-md":["https:\/\/lamostradevalencia.com\/wp-content\/uploads\/2019\/05\/mostra-valencia-llamada-proyecto-1.png",400,218,false],"gform-image-choice-lg":["https:\/\/lamostradevalencia.com\/wp-content\/uploads\/2019\/05\/mostra-valencia-llamada-proyecto-1.png",600,328,false]},"uagb_author_info":{"display_name":"Mostra de Val\u00e8ncia","author_link":"https:\/\/lamostradevalencia.com\/ca\/author\/mostravalencia\/"},"uagb_comment_info":0,"uagb_excerpt":"Del divendres 4 al dilluns 14 de setembre es poden enviar les propostes a administracio@lamostradevalencia.com Condicions per als patrocinis privats de la 35a Mostra de [&hellip;]","_links":{"self":[{"href":"https:\/\/lamostradevalencia.com\/ca\/wp-json\/wp\/v2\/posts\/7230","targetHints":{"allow":["GET"]}}],"collection":[{"href":"https:\/\/lamostradevalencia.com\/ca\/wp-json\/wp\/v2\/posts"}],"about":[{"href":"https:\/\/lamostradevalencia.com\/ca\/wp-json\/wp\/v2\/types\/post"}],"author":[{"embeddable":true,"href":"https:\/\/lamostradevalencia.com\/ca\/wp-json\/wp\/v2\/users\/1"}],"replies":[{"embeddable":true,"href":"https:\/\/lamostradevalencia.com\/ca\/wp-json\/wp\/v2\/comments?post=7230"}],"version-history":[{"count":4,"href":"https:\/\/lamostradevalencia.com\/ca\/wp-json\/wp\/v2\/posts\/7230\/revisions"}],"predecessor-version":[{"id":7244,"href":"https:\/\/lamostradevalencia.com\/ca\/wp-json\/wp\/v2\/posts\/7230\/revisions\/7244"}],"wp:featuredmedia":[{"embeddable":true,"href":"https:\/\/lamostradevalencia.com\/ca\/wp-json\/wp\/v2\/media\/2771"}],"wp:attachment":[{"href":"https:\/\/lamostradevalencia.com\/ca\/wp-json\/wp\/v2\/media?parent=7230"}],"wp:term":[{"taxonomy":"category","embeddable":true,"href":"https:\/\/lamostradevalencia.com\/ca\/wp-json\/wp\/v2\/categories?post=7230"},{"taxonomy":"post_tag","embeddable":true,"href":"https:\/\/lamostradevalencia.com\/ca\/wp-json\/wp\/v2\/tags?post=7230"}],"curies":[{"name":"wp","href":"https:\/\/api.w.org\/{rel}","templated":true}]}}