{"id":7214,"date":"2020-08-27T08:10:43","date_gmt":"2020-08-27T06:10:43","guid":{"rendered":"https:\/\/lamostradevalencia.com\/?p=7214"},"modified":"2020-08-27T08:10:45","modified_gmt":"2020-08-27T06:10:45","slug":"la-mostra-de-valencia-anuncia-els-seus-primers-films-en-competicio","status":"publish","type":"post","link":"https:\/\/lamostradevalencia.com\/ca\/la-mostra-de-valencia-anuncia-els-seus-primers-films-en-competicio\/","title":{"rendered":"La Mostra de Val\u00e8ncia anuncia els seus primers films en competici\u00f3"},"content":{"rendered":"\n<p>Mostra de Val\u00e8ncia comen\u00e7a a donar forma a la seua Secci\u00f3 Oficial a competici\u00f3. El festival, que arranca el 22 d&#8217;octubre i se celebrar\u00e0 fins a l&#8217;1 de novembre, consolida l&#8217;aposta per actuar com a rastrejador del millor cinema produ\u00eft als pa\u00efsos de la conca del Mediterrani. El festival avan\u00e7a les primeres incorporacions de la seua secci\u00f3 a concurs, que optaran a la Palmera d&#8217;Or.<\/p>\n\n\n\n<p> Sis estrenes absolutes a Espanya, que representen una panor\u00e0mica de les diferents propostes narratives i visuals de l&#8217;ecosistema cinematogr\u00e0fic i geogr\u00e0fic que abasta la Mostra. &#8220;En un any tan complicat per al sector, estem molt contents de poder oferir al p\u00fablic una selecci\u00f3 de t\u00edtols d&#8217;alt nivell, que aborden temes molt diversos i no deixaran indiferent a ning\u00fa&#8221;, assegura <strong>Eduardo Guillot<\/strong>, responsable de programaci\u00f3 del festival.<\/p>\n\n\n\n<p>Des de Kosovo arriba &#8220;Zana&#8221;, \u00f2pera prima d&#8217;<strong>Antoneta Kastrati.<\/strong> Una mirada nova sobre el conflicte dels Balcans, que recorre de manera puntual a l&#8217;element fant\u00e0stic per a reflexionar sobre l&#8217;horror de la guerra. Amb una impressionant <strong>Adriana Matoshi<\/strong> com a protagonista, el rotund debut de la realitzadora kosovar establida als Estats Units va ser seleccionat per a representar al seu pa\u00eds en els Oscar i va obtindre el Gran Premi del Jurat a Los Angeles.<\/p>\n\n\n\n<figure class=\"wp-block-image size-large\"><img loading=\"lazy\" decoding=\"async\" width=\"1024\" height=\"576\" src=\"https:\/\/lamostradevalencia.com\/wp-content\/uploads\/2020\/08\/Zana1-1024x576.jpg\" alt=\"\" class=\"wp-image-7185\" srcset=\"https:\/\/lamostradevalencia.com\/wp-content\/uploads\/2020\/08\/Zana1-1024x576.jpg 1024w, https:\/\/lamostradevalencia.com\/wp-content\/uploads\/2020\/08\/Zana1-300x169.jpg 300w, https:\/\/lamostradevalencia.com\/wp-content\/uploads\/2020\/08\/Zana1-768x432.jpg 768w, https:\/\/lamostradevalencia.com\/wp-content\/uploads\/2020\/08\/Zana1-1536x864.jpg 1536w\" sizes=\"auto, (max-width: 1024px) 100vw, 1024px\" \/><\/figure>\n\n\n\n<p>&#8220;Mosquito&#8221;, del director lusit\u00e0 <strong>Jo\u00e3o Nuno Pinto<\/strong>, s&#8217;inspira en fets reals i est\u00e0 ambientada en 1917, durant la Primera Guerra Mundial. La cr\u00edtica l&#8217;ha qualificada com una mescla entre &#8220;Apocalypse Now&#8221;, &#8220;Aguirre, la c\u00f3lera de Dios&#8221; i &#8220;Senderos de gloria&#8221;, ja que narra el viatge al cor de les tenebres d&#8217;un jove que s&#8217;allista en l&#8217;ex\u00e8rcit a la recerca de gl\u00f2ria i es troba amb l&#8217;infern de les col\u00f2nies portugueses a \u00c0frica. Va ser la pel\u00b7l\u00edcula inaugural de l&#8217;\u00faltim Festival de Rotterdam.&nbsp;<\/p>\n\n\n\n<figure class=\"wp-block-image size-large\"><img loading=\"lazy\" decoding=\"async\" width=\"1024\" height=\"429\" src=\"https:\/\/lamostradevalencia.com\/wp-content\/uploads\/2020\/08\/mosquito_16-1024x429.jpg\" alt=\"\" class=\"wp-image-7190\" srcset=\"https:\/\/lamostradevalencia.com\/wp-content\/uploads\/2020\/08\/mosquito_16-1024x429.jpg 1024w, https:\/\/lamostradevalencia.com\/wp-content\/uploads\/2020\/08\/mosquito_16-300x126.jpg 300w, https:\/\/lamostradevalencia.com\/wp-content\/uploads\/2020\/08\/mosquito_16-768x322.jpg 768w, https:\/\/lamostradevalencia.com\/wp-content\/uploads\/2020\/08\/mosquito_16-1536x644.jpg 1536w\" sizes=\"auto, (max-width: 1024px) 100vw, 1024px\" \/><\/figure>\n\n\n\n<p>La participaci\u00f3 espanyola arriba de la m\u00e0 de &#8220;La viajante&#8221;, debut del cineasta canari <strong>Miguel A. Mej\u00edas<\/strong>, que en el seu recorregut internacional ha suscitat comparacions amb V\u00edctor Erice, Theo Angelopoulos o Carlos Reygadas. Una <em>road movie<\/em> interior, protagonitzada per <strong>\u00c1ngela Boix<\/strong> (&#8220;Diamond Flaix&#8221;, &#8220;Gente en sitios&#8221;), que se servix del paisatge per a descriure la soledat i el buit dels personatges. Conta la hist\u00f2ria d&#8217;una jove fot\u00f2grafa embarcada en una fugida existencial i enfrontada a situacions inesperades que documenta a trav\u00e9s de les imatges que capta amb l&#8217;antiga c\u00e0mera de la seua mare.&nbsp;&nbsp;<\/p>\n\n\n\n<figure class=\"wp-block-image size-large\"><img loading=\"lazy\" decoding=\"async\" width=\"1024\" height=\"554\" src=\"https:\/\/lamostradevalencia.com\/wp-content\/uploads\/2020\/08\/laviajante3-1024x554.jpg\" alt=\"\" class=\"wp-image-7195\" srcset=\"https:\/\/lamostradevalencia.com\/wp-content\/uploads\/2020\/08\/laviajante3-1024x554.jpg 1024w, https:\/\/lamostradevalencia.com\/wp-content\/uploads\/2020\/08\/laviajante3-300x162.jpg 300w, https:\/\/lamostradevalencia.com\/wp-content\/uploads\/2020\/08\/laviajante3-768x415.jpg 768w, https:\/\/lamostradevalencia.com\/wp-content\/uploads\/2020\/08\/laviajante3-1536x830.jpg 1536w\" sizes=\"auto, (max-width: 1024px) 100vw, 1024px\" \/><\/figure>\n\n\n\n<p>Tamb\u00e9 podr\u00e0 veure&#8217;s en la Mostra de Val\u00e8ncia el primer film de ficci\u00f3 produ\u00eft per la Comuna de Cinema de Rojava (S\u00edria), &#8220;The End will be Spectacular&#8221;, de <strong>Ersin \u00c7elik<\/strong>. Una pel\u00b7l\u00edcula b\u00e8l\u00b7lica en el sentit cl\u00e0ssic del terme, que relata el setge de cent dies al qual van ser sotmesos els kurds per part de l&#8217;ex\u00e8rcit turc a la ciutat de Diyarbakir en 2015. Alguns dels supervivents d&#8217;aquells fets encarnen als personatges, la qual cosa augmenta la for\u00e7a dram\u00e0tica d&#8217;una pel\u00b7l\u00edcula narrada a trav\u00e9s dels ulls d&#8217;una jove kurda que torna al seu lloc d&#8217;origen.<\/p>\n\n\n\n<figure class=\"wp-block-image size-large\"><img loading=\"lazy\" decoding=\"async\" width=\"1024\" height=\"576\" src=\"https:\/\/lamostradevalencia.com\/wp-content\/uploads\/2020\/08\/theendwillbespectacular-gallery-4-1024x576.jpg\" alt=\"\" class=\"wp-image-7200\" srcset=\"https:\/\/lamostradevalencia.com\/wp-content\/uploads\/2020\/08\/theendwillbespectacular-gallery-4-1024x576.jpg 1024w, https:\/\/lamostradevalencia.com\/wp-content\/uploads\/2020\/08\/theendwillbespectacular-gallery-4-300x169.jpg 300w, https:\/\/lamostradevalencia.com\/wp-content\/uploads\/2020\/08\/theendwillbespectacular-gallery-4-768x432.jpg 768w, https:\/\/lamostradevalencia.com\/wp-content\/uploads\/2020\/08\/theendwillbespectacular-gallery-4.jpg 1500w\" sizes=\"auto, (max-width: 1024px) 100vw, 1024px\" \/><\/figure>\n\n\n\n<p><strong>Mirades \u00e0rabs<\/strong><\/p>\n\n\n\n<p>La diversitat continental de la selecci\u00f3 es posa de manifest a trav\u00e9s de la pres\u00e8ncia \u00e0rab, un dels senyals d&#8217;identitat del festival, que comptar\u00e0 amb l&#8217;\u00faltima pel\u00b7l\u00edcula del prestigi\u00f3s director algeri\u00e0 <strong>Merzak Allouache<\/strong>, &#8220;Paysages d&#8217;automne&#8221;, i amb &#8220;Between Heaven and Earth&#8221;, de la directora palestina <strong>Najwa Najjar.<\/strong><\/p>\n\n\n\n<p>&#8220;Paysages d&#8217;automne&#8221; suposa un complement perfecte del cicle &#8216;Les batalles d&#8217;Alg\u00e8ria&#8217;, ja que \u00e9s un retrat del pa\u00eds despr\u00e9s de les primaveres \u00e0rabs. Utilitza maneres de <em>thriller<\/em> per a mostrar una Alg\u00e8ria a la merc\u00e9 d&#8217;una xarxa criminal en la qual estan involucrats membres dels principals partits pol\u00edtics, policies i organitzacions criminals. El personatge principal \u00e9s una periodista que investiga una s\u00e8rie d&#8217;assassinats de xiquetes vinculades a una xarxa de prostituci\u00f3, i que patix la forta pressi\u00f3 de diversos grups que protegixen als proxenetes responsables.<\/p>\n\n\n\n<p>Pel que fa a la palestina &#8220;Between Heaven and Earth&#8221;, proposa una mirada sense maniqueismes a la complexitat pol\u00edtica, ideol\u00f2gica i religiosa de la Palestina actual, a trav\u00e9s d&#8217;una parella en proc\u00e9s de divorci. Els protagonistes viuen en territori palest\u00ed i porten cinc anys casats, per\u00f2 quan aconseguixen creuar un lloc de gu\u00e0rdia israeli\u00e0, ell demana la separaci\u00f3. A partir d&#8217;este moment, comencen a revelar-se impactants misteris sobre la vida del seu pare. Una singular pel\u00b7l\u00edcula de carretera, poblada per personatges en permanent estat de bloqueig, que va guanyar el premi al millor gui\u00f3 en el Festival del Caire i que acaba de ser preseleccionada per als guardons anuals de l&#8217;Acad\u00e8mia del Cinema Europeu.<\/p>\n\n\n\n<p>Este primer avan\u00e7ament de t\u00edtols es completar\u00e0 en dates pr\u00f2ximes amb la resta de films que participaran en la competici\u00f3 del festival.<\/p>\n\n\n\n<figure class=\"wp-block-image size-large\"><img loading=\"lazy\" decoding=\"async\" width=\"1024\" height=\"576\" src=\"https:\/\/lamostradevalencia.com\/wp-content\/uploads\/2020\/08\/between-heaven-and-earth2-1024x576.jpg\" alt=\"\" class=\"wp-image-7205\" srcset=\"https:\/\/lamostradevalencia.com\/wp-content\/uploads\/2020\/08\/between-heaven-and-earth2-1024x576.jpg 1024w, https:\/\/lamostradevalencia.com\/wp-content\/uploads\/2020\/08\/between-heaven-and-earth2-300x169.jpg 300w, https:\/\/lamostradevalencia.com\/wp-content\/uploads\/2020\/08\/between-heaven-and-earth2-768x432.jpg 768w, https:\/\/lamostradevalencia.com\/wp-content\/uploads\/2020\/08\/between-heaven-and-earth2.jpg 1280w\" sizes=\"auto, (max-width: 1024px) 100vw, 1024px\" \/><\/figure>\n","protected":false},"excerpt":{"rendered":"<p>Mostra de Val\u00e8ncia comen\u00e7a a donar forma a la seua Secci\u00f3 Oficial a competici\u00f3. El festival, que arranca el 22 d&#8217;octubre i se celebrar\u00e0 fins [&hellip;]<\/p>\n","protected":false},"author":1,"featured_media":0,"comment_status":"open","ping_status":"open","sticky":false,"template":"","format":"standard","meta":{"_uag_custom_page_level_css":"","_jet_sm_ready_style":"","_jet_sm_style":"","_jet_sm_controls_values":"","_jet_sm_fonts_collection":"","_jet_sm_fonts_links":"","footnotes":""},"categories":[455],"tags":[],"class_list":["post-7214","post","type-post","status-publish","format-standard","hentry","category-noticies"],"yoast_head":"<!-- This site is optimized with the Yoast SEO plugin v27.5 - https:\/\/yoast.com\/product\/yoast-seo-wordpress\/ -->\n<title>La Mostra de Val\u00e8ncia anuncia els seus primers films en competici\u00f3 - Mostra de Val\u00e8ncia<\/title>\n<meta name=\"robots\" content=\"index, follow, max-snippet:-1, max-image-preview:large, max-video-preview:-1\" \/>\n<link rel=\"canonical\" href=\"https:\/\/lamostradevalencia.com\/ca\/la-mostra-de-valencia-anuncia-els-seus-primers-films-en-competicio\/\" \/>\n<meta property=\"og:locale\" content=\"ca_ES\" \/>\n<meta property=\"og:type\" content=\"article\" \/>\n<meta property=\"og:title\" content=\"La Mostra de Val\u00e8ncia anuncia els seus primers films en competici\u00f3 - Mostra de Val\u00e8ncia\" \/>\n<meta property=\"og:description\" content=\"Mostra de Val\u00e8ncia comen\u00e7a a donar forma a la seua Secci\u00f3 Oficial a competici\u00f3. El festival, que arranca el 22 d&#8217;octubre i se celebrar\u00e0 fins [&hellip;]\" \/>\n<meta property=\"og:url\" content=\"https:\/\/lamostradevalencia.com\/ca\/la-mostra-de-valencia-anuncia-els-seus-primers-films-en-competicio\/\" \/>\n<meta property=\"og:site_name\" content=\"Mostra de Val\u00e8ncia\" \/>\n<meta property=\"article:published_time\" content=\"2020-08-27T06:10:43+00:00\" \/>\n<meta property=\"article:modified_time\" content=\"2020-08-27T06:10:45+00:00\" \/>\n<meta property=\"og:image\" content=\"https:\/\/lamostradevalencia.com\/wp-content\/uploads\/2020\/08\/Zana1-1024x576.jpg\" \/>\n<meta name=\"author\" content=\"Mostra de Val\u00e8ncia\" \/>\n<meta name=\"twitter:card\" content=\"summary_large_image\" \/>\n<meta name=\"twitter:label1\" content=\"Escrit per\" \/>\n\t<meta name=\"twitter:data1\" content=\"Mostra de Val\u00e8ncia\" \/>\n\t<meta name=\"twitter:label2\" content=\"Temps estimat de lectura\" \/>\n\t<meta name=\"twitter:data2\" content=\"4 minuts\" \/>\n<script type=\"application\/ld+json\" class=\"yoast-schema-graph\">{\"@context\":\"https:\\\/\\\/schema.org\",\"@graph\":[{\"@type\":\"Article\",\"@id\":\"https:\\\/\\\/lamostradevalencia.com\\\/ca\\\/la-mostra-de-valencia-anuncia-els-seus-primers-films-en-competicio\\\/#article\",\"isPartOf\":{\"@id\":\"https:\\\/\\\/lamostradevalencia.com\\\/ca\\\/la-mostra-de-valencia-anuncia-els-seus-primers-films-en-competicio\\\/\"},\"author\":{\"name\":\"Mostra de Val\u00e8ncia\",\"@id\":\"https:\\\/\\\/lamostradevalencia.com\\\/ca\\\/#\\\/schema\\\/person\\\/1dc07e4df3d6310b81d2cdf6a034070c\"},\"headline\":\"La Mostra de Val\u00e8ncia anuncia els seus primers films en competici\u00f3\",\"datePublished\":\"2020-08-27T06:10:43+00:00\",\"dateModified\":\"2020-08-27T06:10:45+00:00\",\"mainEntityOfPage\":{\"@id\":\"https:\\\/\\\/lamostradevalencia.com\\\/ca\\\/la-mostra-de-valencia-anuncia-els-seus-primers-films-en-competicio\\\/\"},\"wordCount\":855,\"commentCount\":0,\"image\":{\"@id\":\"https:\\\/\\\/lamostradevalencia.com\\\/ca\\\/la-mostra-de-valencia-anuncia-els-seus-primers-films-en-competicio\\\/#primaryimage\"},\"thumbnailUrl\":\"https:\\\/\\\/lamostradevalencia.com\\\/wp-content\\\/uploads\\\/2020\\\/08\\\/Zana1-1024x576.jpg\",\"articleSection\":[\"Noticies\"],\"inLanguage\":\"ca\",\"potentialAction\":[{\"@type\":\"CommentAction\",\"name\":\"Comment\",\"target\":[\"https:\\\/\\\/lamostradevalencia.com\\\/ca\\\/la-mostra-de-valencia-anuncia-els-seus-primers-films-en-competicio\\\/#respond\"]}]},{\"@type\":\"WebPage\",\"@id\":\"https:\\\/\\\/lamostradevalencia.com\\\/ca\\\/la-mostra-de-valencia-anuncia-els-seus-primers-films-en-competicio\\\/\",\"url\":\"https:\\\/\\\/lamostradevalencia.com\\\/ca\\\/la-mostra-de-valencia-anuncia-els-seus-primers-films-en-competicio\\\/\",\"name\":\"La Mostra de Val\u00e8ncia anuncia els seus primers films en competici\u00f3 - Mostra de Val\u00e8ncia\",\"isPartOf\":{\"@id\":\"https:\\\/\\\/lamostradevalencia.com\\\/ca\\\/#website\"},\"primaryImageOfPage\":{\"@id\":\"https:\\\/\\\/lamostradevalencia.com\\\/ca\\\/la-mostra-de-valencia-anuncia-els-seus-primers-films-en-competicio\\\/#primaryimage\"},\"image\":{\"@id\":\"https:\\\/\\\/lamostradevalencia.com\\\/ca\\\/la-mostra-de-valencia-anuncia-els-seus-primers-films-en-competicio\\\/#primaryimage\"},\"thumbnailUrl\":\"https:\\\/\\\/lamostradevalencia.com\\\/wp-content\\\/uploads\\\/2020\\\/08\\\/Zana1-1024x576.jpg\",\"datePublished\":\"2020-08-27T06:10:43+00:00\",\"dateModified\":\"2020-08-27T06:10:45+00:00\",\"author\":{\"@id\":\"https:\\\/\\\/lamostradevalencia.com\\\/ca\\\/#\\\/schema\\\/person\\\/1dc07e4df3d6310b81d2cdf6a034070c\"},\"breadcrumb\":{\"@id\":\"https:\\\/\\\/lamostradevalencia.com\\\/ca\\\/la-mostra-de-valencia-anuncia-els-seus-primers-films-en-competicio\\\/#breadcrumb\"},\"inLanguage\":\"ca\",\"potentialAction\":[{\"@type\":\"ReadAction\",\"target\":[\"https:\\\/\\\/lamostradevalencia.com\\\/ca\\\/la-mostra-de-valencia-anuncia-els-seus-primers-films-en-competicio\\\/\"]}]},{\"@type\":\"ImageObject\",\"inLanguage\":\"ca\",\"@id\":\"https:\\\/\\\/lamostradevalencia.com\\\/ca\\\/la-mostra-de-valencia-anuncia-els-seus-primers-films-en-competicio\\\/#primaryimage\",\"url\":\"https:\\\/\\\/lamostradevalencia.com\\\/wp-content\\\/uploads\\\/2020\\\/08\\\/Zana1-1024x576.jpg\",\"contentUrl\":\"https:\\\/\\\/lamostradevalencia.com\\\/wp-content\\\/uploads\\\/2020\\\/08\\\/Zana1-1024x576.jpg\"},{\"@type\":\"BreadcrumbList\",\"@id\":\"https:\\\/\\\/lamostradevalencia.com\\\/ca\\\/la-mostra-de-valencia-anuncia-els-seus-primers-films-en-competicio\\\/#breadcrumb\",\"itemListElement\":[{\"@type\":\"ListItem\",\"position\":1,\"name\":\"Portada\",\"item\":\"https:\\\/\\\/lamostradevalencia.com\\\/ca\\\/\"},{\"@type\":\"ListItem\",\"position\":2,\"name\":\"La Mostra de Val\u00e8ncia anuncia els seus primers films en competici\u00f3\"}]},{\"@type\":\"WebSite\",\"@id\":\"https:\\\/\\\/lamostradevalencia.com\\\/ca\\\/#website\",\"url\":\"https:\\\/\\\/lamostradevalencia.com\\\/ca\\\/\",\"name\":\"Mostra de Val\u00e8ncia\",\"description\":\"Cinema del Mediterrani\",\"potentialAction\":[{\"@type\":\"SearchAction\",\"target\":{\"@type\":\"EntryPoint\",\"urlTemplate\":\"https:\\\/\\\/lamostradevalencia.com\\\/ca\\\/?s={search_term_string}\"},\"query-input\":{\"@type\":\"PropertyValueSpecification\",\"valueRequired\":true,\"valueName\":\"search_term_string\"}}],\"inLanguage\":\"ca\"},{\"@type\":\"Person\",\"@id\":\"https:\\\/\\\/lamostradevalencia.com\\\/ca\\\/#\\\/schema\\\/person\\\/1dc07e4df3d6310b81d2cdf6a034070c\",\"name\":\"Mostra de Val\u00e8ncia\",\"image\":{\"@type\":\"ImageObject\",\"inLanguage\":\"ca\",\"@id\":\"https:\\\/\\\/secure.gravatar.com\\\/avatar\\\/ada4dfd699a9907706987adb1bb2b361c2613ccca474b49b8c648de5208e32f8?s=96&d=mm&r=g\",\"url\":\"https:\\\/\\\/secure.gravatar.com\\\/avatar\\\/ada4dfd699a9907706987adb1bb2b361c2613ccca474b49b8c648de5208e32f8?s=96&d=mm&r=g\",\"contentUrl\":\"https:\\\/\\\/secure.gravatar.com\\\/avatar\\\/ada4dfd699a9907706987adb1bb2b361c2613ccca474b49b8c648de5208e32f8?s=96&d=mm&r=g\",\"caption\":\"Mostra de Val\u00e8ncia\"}}]}<\/script>\n<!-- \/ Yoast SEO plugin. -->","yoast_head_json":{"title":"La Mostra de Val\u00e8ncia anuncia els seus primers films en competici\u00f3 - Mostra de Val\u00e8ncia","robots":{"index":"index","follow":"follow","max-snippet":"max-snippet:-1","max-image-preview":"max-image-preview:large","max-video-preview":"max-video-preview:-1"},"canonical":"https:\/\/lamostradevalencia.com\/ca\/la-mostra-de-valencia-anuncia-els-seus-primers-films-en-competicio\/","og_locale":"ca_ES","og_type":"article","og_title":"La Mostra de Val\u00e8ncia anuncia els seus primers films en competici\u00f3 - Mostra de Val\u00e8ncia","og_description":"Mostra de Val\u00e8ncia comen\u00e7a a donar forma a la seua Secci\u00f3 Oficial a competici\u00f3. El festival, que arranca el 22 d&#8217;octubre i se celebrar\u00e0 fins [&hellip;]","og_url":"https:\/\/lamostradevalencia.com\/ca\/la-mostra-de-valencia-anuncia-els-seus-primers-films-en-competicio\/","og_site_name":"Mostra de Val\u00e8ncia","article_published_time":"2020-08-27T06:10:43+00:00","article_modified_time":"2020-08-27T06:10:45+00:00","og_image":[{"url":"https:\/\/lamostradevalencia.com\/wp-content\/uploads\/2020\/08\/Zana1-1024x576.jpg","type":"","width":"","height":""}],"author":"Mostra de Val\u00e8ncia","twitter_card":"summary_large_image","twitter_misc":{"Escrit per":"Mostra de Val\u00e8ncia","Temps estimat de lectura":"4 minuts"},"schema":{"@context":"https:\/\/schema.org","@graph":[{"@type":"Article","@id":"https:\/\/lamostradevalencia.com\/ca\/la-mostra-de-valencia-anuncia-els-seus-primers-films-en-competicio\/#article","isPartOf":{"@id":"https:\/\/lamostradevalencia.com\/ca\/la-mostra-de-valencia-anuncia-els-seus-primers-films-en-competicio\/"},"author":{"name":"Mostra de Val\u00e8ncia","@id":"https:\/\/lamostradevalencia.com\/ca\/#\/schema\/person\/1dc07e4df3d6310b81d2cdf6a034070c"},"headline":"La Mostra de Val\u00e8ncia anuncia els seus primers films en competici\u00f3","datePublished":"2020-08-27T06:10:43+00:00","dateModified":"2020-08-27T06:10:45+00:00","mainEntityOfPage":{"@id":"https:\/\/lamostradevalencia.com\/ca\/la-mostra-de-valencia-anuncia-els-seus-primers-films-en-competicio\/"},"wordCount":855,"commentCount":0,"image":{"@id":"https:\/\/lamostradevalencia.com\/ca\/la-mostra-de-valencia-anuncia-els-seus-primers-films-en-competicio\/#primaryimage"},"thumbnailUrl":"https:\/\/lamostradevalencia.com\/wp-content\/uploads\/2020\/08\/Zana1-1024x576.jpg","articleSection":["Noticies"],"inLanguage":"ca","potentialAction":[{"@type":"CommentAction","name":"Comment","target":["https:\/\/lamostradevalencia.com\/ca\/la-mostra-de-valencia-anuncia-els-seus-primers-films-en-competicio\/#respond"]}]},{"@type":"WebPage","@id":"https:\/\/lamostradevalencia.com\/ca\/la-mostra-de-valencia-anuncia-els-seus-primers-films-en-competicio\/","url":"https:\/\/lamostradevalencia.com\/ca\/la-mostra-de-valencia-anuncia-els-seus-primers-films-en-competicio\/","name":"La Mostra de Val\u00e8ncia anuncia els seus primers films en competici\u00f3 - Mostra de Val\u00e8ncia","isPartOf":{"@id":"https:\/\/lamostradevalencia.com\/ca\/#website"},"primaryImageOfPage":{"@id":"https:\/\/lamostradevalencia.com\/ca\/la-mostra-de-valencia-anuncia-els-seus-primers-films-en-competicio\/#primaryimage"},"image":{"@id":"https:\/\/lamostradevalencia.com\/ca\/la-mostra-de-valencia-anuncia-els-seus-primers-films-en-competicio\/#primaryimage"},"thumbnailUrl":"https:\/\/lamostradevalencia.com\/wp-content\/uploads\/2020\/08\/Zana1-1024x576.jpg","datePublished":"2020-08-27T06:10:43+00:00","dateModified":"2020-08-27T06:10:45+00:00","author":{"@id":"https:\/\/lamostradevalencia.com\/ca\/#\/schema\/person\/1dc07e4df3d6310b81d2cdf6a034070c"},"breadcrumb":{"@id":"https:\/\/lamostradevalencia.com\/ca\/la-mostra-de-valencia-anuncia-els-seus-primers-films-en-competicio\/#breadcrumb"},"inLanguage":"ca","potentialAction":[{"@type":"ReadAction","target":["https:\/\/lamostradevalencia.com\/ca\/la-mostra-de-valencia-anuncia-els-seus-primers-films-en-competicio\/"]}]},{"@type":"ImageObject","inLanguage":"ca","@id":"https:\/\/lamostradevalencia.com\/ca\/la-mostra-de-valencia-anuncia-els-seus-primers-films-en-competicio\/#primaryimage","url":"https:\/\/lamostradevalencia.com\/wp-content\/uploads\/2020\/08\/Zana1-1024x576.jpg","contentUrl":"https:\/\/lamostradevalencia.com\/wp-content\/uploads\/2020\/08\/Zana1-1024x576.jpg"},{"@type":"BreadcrumbList","@id":"https:\/\/lamostradevalencia.com\/ca\/la-mostra-de-valencia-anuncia-els-seus-primers-films-en-competicio\/#breadcrumb","itemListElement":[{"@type":"ListItem","position":1,"name":"Portada","item":"https:\/\/lamostradevalencia.com\/ca\/"},{"@type":"ListItem","position":2,"name":"La Mostra de Val\u00e8ncia anuncia els seus primers films en competici\u00f3"}]},{"@type":"WebSite","@id":"https:\/\/lamostradevalencia.com\/ca\/#website","url":"https:\/\/lamostradevalencia.com\/ca\/","name":"Mostra de Val\u00e8ncia","description":"Cinema del Mediterrani","potentialAction":[{"@type":"SearchAction","target":{"@type":"EntryPoint","urlTemplate":"https:\/\/lamostradevalencia.com\/ca\/?s={search_term_string}"},"query-input":{"@type":"PropertyValueSpecification","valueRequired":true,"valueName":"search_term_string"}}],"inLanguage":"ca"},{"@type":"Person","@id":"https:\/\/lamostradevalencia.com\/ca\/#\/schema\/person\/1dc07e4df3d6310b81d2cdf6a034070c","name":"Mostra de Val\u00e8ncia","image":{"@type":"ImageObject","inLanguage":"ca","@id":"https:\/\/secure.gravatar.com\/avatar\/ada4dfd699a9907706987adb1bb2b361c2613ccca474b49b8c648de5208e32f8?s=96&d=mm&r=g","url":"https:\/\/secure.gravatar.com\/avatar\/ada4dfd699a9907706987adb1bb2b361c2613ccca474b49b8c648de5208e32f8?s=96&d=mm&r=g","contentUrl":"https:\/\/secure.gravatar.com\/avatar\/ada4dfd699a9907706987adb1bb2b361c2613ccca474b49b8c648de5208e32f8?s=96&d=mm&r=g","caption":"Mostra de Val\u00e8ncia"}}]}},"uagb_featured_image_src":{"full":false,"thumbnail":false,"medium":false,"medium_large":false,"large":false,"1536x1536":false,"2048x2048":false,"cinerama_edge_image_square":false,"cinerama_edge_image_landscape":false,"cinerama_edge_image_portrait":false,"cinerama_edge_image_huge":false,"gform-image-choice-sm":false,"gform-image-choice-md":false,"gform-image-choice-lg":false},"uagb_author_info":{"display_name":"Mostra de Val\u00e8ncia","author_link":"https:\/\/lamostradevalencia.com\/ca\/author\/mostravalencia\/"},"uagb_comment_info":0,"uagb_excerpt":"Mostra de Val\u00e8ncia comen\u00e7a a donar forma a la seua Secci\u00f3 Oficial a competici\u00f3. El festival, que arranca el 22 d&#8217;octubre i se celebrar\u00e0 fins [&hellip;]","_links":{"self":[{"href":"https:\/\/lamostradevalencia.com\/ca\/wp-json\/wp\/v2\/posts\/7214","targetHints":{"allow":["GET"]}}],"collection":[{"href":"https:\/\/lamostradevalencia.com\/ca\/wp-json\/wp\/v2\/posts"}],"about":[{"href":"https:\/\/lamostradevalencia.com\/ca\/wp-json\/wp\/v2\/types\/post"}],"author":[{"embeddable":true,"href":"https:\/\/lamostradevalencia.com\/ca\/wp-json\/wp\/v2\/users\/1"}],"replies":[{"embeddable":true,"href":"https:\/\/lamostradevalencia.com\/ca\/wp-json\/wp\/v2\/comments?post=7214"}],"version-history":[{"count":1,"href":"https:\/\/lamostradevalencia.com\/ca\/wp-json\/wp\/v2\/posts\/7214\/revisions"}],"predecessor-version":[{"id":7215,"href":"https:\/\/lamostradevalencia.com\/ca\/wp-json\/wp\/v2\/posts\/7214\/revisions\/7215"}],"wp:attachment":[{"href":"https:\/\/lamostradevalencia.com\/ca\/wp-json\/wp\/v2\/media?parent=7214"}],"wp:term":[{"taxonomy":"category","embeddable":true,"href":"https:\/\/lamostradevalencia.com\/ca\/wp-json\/wp\/v2\/categories?post=7214"},{"taxonomy":"post_tag","embeddable":true,"href":"https:\/\/lamostradevalencia.com\/ca\/wp-json\/wp\/v2\/tags?post=7214"}],"curies":[{"name":"wp","href":"https:\/\/api.w.org\/{rel}","templated":true}]}}