{"id":7178,"date":"2020-08-14T08:42:55","date_gmt":"2020-08-14T06:42:55","guid":{"rendered":"https:\/\/lamostradevalencia.com\/?p=7178"},"modified":"2020-08-19T08:10:07","modified_gmt":"2020-08-19T06:10:07","slug":"el-nou-cinema-algeria-alca-el-seu-crit-de-protesta-en-mostra-de-valencia","status":"publish","type":"post","link":"https:\/\/lamostradevalencia.com\/ca\/el-nou-cinema-algeria-alca-el-seu-crit-de-protesta-en-mostra-de-valencia\/","title":{"rendered":"El nou cinema algeri\u00e0 al\u00e7a el seu crit de protesta en Mostra de Val\u00e8ncia"},"content":{"rendered":"\n<p><strong>&#8220;<\/strong><strong>Que es vagen tots&#8221;. Despr\u00e9s d&#8217;aconseguir en 2019 la dimissi\u00f3 del president Buteflika, a Alg\u00e8ria continuen les protestes perqu\u00e8 l&#8217;actual aparell governamental abandone el poder. \u00c9s el Hirak (moviment, en \u00e0rab), una ona pac\u00edfica que ha pres els carrers i de la qual formen part cineastes i documentalistes del pa\u00eds, que estan retratant en les seues obres el que succeeix al seu voltant. El cinema \u00e9s una eina que pot donar una lli\u00e7\u00f3 precisa sobre la xacra de la corrupci\u00f3 i la desigualtat, aconseguint que el seu crit arribe a un p\u00fablic m\u00e9s nombr\u00f3s.<\/strong><\/p>\n\n\n\n<p>El&nbsp;festival Mostra de Val\u00e8ncia-Cinema del Mediterrani,del 22 d&#8217;octubre a l&#8217;1 de novembre del 2020, proposa amb el cicle &#8220;Les batalles d&#8217;Alg\u00e8ria&#8221; fixar la mirada en un pa\u00eds en plena ebullici\u00f3, el cinema de la qual crida a l&#8217;acci\u00f3 pol\u00edtica. <\/p>\n\n\n\n<p>&#8220;Si en anys anteriors vam posar el focus sobre la nova ficci\u00f3 palestina o les cineastes eg\u00edpcies contempor\u00e0nies, aquesta vegada prenem el pols a la situaci\u00f3 actual a Alg\u00e8ria, a trav\u00e9s d&#8217;una s\u00e8rie de t\u00edtols de producci\u00f3 recent que demostren una vegada m\u00e9s el comprom\u00eds de la Mostra amb el cinema dels pa\u00efsos \u00e0rabs&#8221;, subratlla&nbsp;<strong>Eduardo Guillot<\/strong>, director art\u00edstic del festival.<\/p>\n\n\n\n<p><strong>Estrenes a Espanya<\/strong><\/p>\n\n\n\n<p>L&#8217;anomenada \u201cRevoluci\u00f3 dels somriures\u201d va alterar Alg\u00e8ria de tal manera que el cineasta&nbsp;<strong>Karim A\u00efnouz&nbsp;<\/strong>va abandonar la seua idea de realitzar una pel\u00b7l\u00edcula sobre el seu pare per a eixir als carrers i documentar les protestes no violentes. All\u00ed va trobar a&nbsp;<strong>Nardjes Asli<\/strong>, artivista que lluita per fer sentir la seua veu a trav\u00e9s de la resist\u00e8ncia creativa.&nbsp;<\/p>\n\n\n\n<p>La c\u00e0mera d&#8217;un tel\u00e8fon intel\u00b7ligent eludeix les prohibici\u00f3 de filmar les manifestacions i l&#8217;acompanya pels carrers el 8 de mar\u00e7 de 2019, Dia Internacional de la Dona, mentre camina i canta amb els altres manifestants, endinsant-nos de manera immersiva en l&#8217;experi\u00e8ncia de compartir la jornada amb ella.&nbsp;L&#8217;impactant resultat porta per t\u00edtol \u201cNardjes A. A Day in the Life of an Algerian Protester\u201d. <\/p>\n\n\n\n<p>La pel\u00b7l\u00edcula va tindre la seua estrena mundial en la Berlinale 2020, l&#8217;\u00faltim festival internacional que es va celebrar amb normalitat abans de la pand\u00e8mia mundial, i es veur\u00e0&nbsp; per primera vegada a Espanya en el marc de la Mostra de Val\u00e8ncia.<\/p>\n\n\n\n<figure class=\"wp-block-image size-large\"><img loading=\"lazy\" decoding=\"async\" width=\"960\" height=\"960\" src=\"https:\/\/lamostradevalencia.com\/wp-content\/uploads\/2020\/08\/Nardjes-A-2.jpg\" alt=\"\" class=\"wp-image-7152\" srcset=\"https:\/\/lamostradevalencia.com\/wp-content\/uploads\/2020\/08\/Nardjes-A-2.jpg 960w, https:\/\/lamostradevalencia.com\/wp-content\/uploads\/2020\/08\/Nardjes-A-2-300x300.jpg 300w, https:\/\/lamostradevalencia.com\/wp-content\/uploads\/2020\/08\/Nardjes-A-2-150x150.jpg 150w, https:\/\/lamostradevalencia.com\/wp-content\/uploads\/2020\/08\/Nardjes-A-2-768x768.jpg 768w, https:\/\/lamostradevalencia.com\/wp-content\/uploads\/2020\/08\/Nardjes-A-2-550x550.jpg 550w\" sizes=\"auto, (max-width: 960px) 100vw, 960px\" \/><\/figure>\n\n\n\n<p>No \u00e9s l&#8217;\u00fanica estrena del cicle, ja que tampoc ha sigut projectada al nostre pa\u00eds \u201cLet Them All Go\u201d, on la cineasta algeri\u00e0-canadenc&nbsp;<strong>Sara Nacer<\/strong>&nbsp;ens condueix fins als or\u00edgens de l&#8217;hist\u00f2ric moviment de resposta popular. A m\u00e9s de mostrar imatges de les protestes, el film contextualitza la revoluci\u00f3 a nivell social i pol\u00edtic donant la paraula a diferents activistes i ciutadans, descobrint a l&#8217;espectador a una generaci\u00f3 que vol construir el seu pa\u00eds d&#8217;una altra manera.<\/p>\n\n\n\n<figure class=\"wp-block-image size-large\"><img loading=\"lazy\" decoding=\"async\" width=\"780\" height=\"438\" src=\"https:\/\/lamostradevalencia.com\/wp-content\/uploads\/2020\/08\/795279283_780x439.jpg\" alt=\"\" class=\"wp-image-7157\" srcset=\"https:\/\/lamostradevalencia.com\/wp-content\/uploads\/2020\/08\/795279283_780x439.jpg 780w, https:\/\/lamostradevalencia.com\/wp-content\/uploads\/2020\/08\/795279283_780x439-300x168.jpg 300w, https:\/\/lamostradevalencia.com\/wp-content\/uploads\/2020\/08\/795279283_780x439-768x431.jpg 768w\" sizes=\"auto, (max-width: 780px) 100vw, 780px\" \/><\/figure>\n\n\n\n<p>A m\u00e9s, el cicle inclou t\u00edtols com \u201cLes Bienheureux\u201d, \u00f2pera prima de la cineasta\u00a0<strong>Sofia Djama<\/strong>, que va formar part del jurat de Mostra de Val\u00e8ncia en 2019 i que proposa un retrat inquietant dels algerians que viuen els efectes de la guerra civil, mostrant com el conflicte b\u00e8l\u00b7lic ha transformat les expectatives o fins i tot influenciat les prioritats d&#8217;un poble inert i bloquejat hui dia.<\/p>\n\n\n\n<figure class=\"wp-block-image size-large\"><img loading=\"lazy\" decoding=\"async\" width=\"1024\" height=\"552\" src=\"https:\/\/lamostradevalencia.com\/wp-content\/uploads\/2020\/08\/bienheureux1-1024x552.jpg\" alt=\"\" class=\"wp-image-7162\" srcset=\"https:\/\/lamostradevalencia.com\/wp-content\/uploads\/2020\/08\/bienheureux1-1024x552.jpg 1024w, https:\/\/lamostradevalencia.com\/wp-content\/uploads\/2020\/08\/bienheureux1-300x162.jpg 300w, https:\/\/lamostradevalencia.com\/wp-content\/uploads\/2020\/08\/bienheureux1-768x414.jpg 768w, https:\/\/lamostradevalencia.com\/wp-content\/uploads\/2020\/08\/bienheureux1-1536x828.jpg 1536w, https:\/\/lamostradevalencia.com\/wp-content\/uploads\/2020\/08\/bienheureux1.jpg 1600w\" sizes=\"auto, (max-width: 1024px) 100vw, 1024px\" \/><\/figure>\n\n\n\n<p>Tamb\u00e9 &#8220;En attendant les hirondelles&#8221;, del realitzador&nbsp;<strong>Karim Moussaoui,<\/strong>&nbsp;que se centra en tres hist\u00f2ries protagonitzades per un nou-ric, una jove i un neur\u00f2leg molt ambici\u00f3s, que serveixen per a reflexionar sobre el passat i el present d&#8217;Alg\u00e8ria. Tres territoris, tres generacions i tres classes socials diferents per a abordar la hist\u00f2ria actual d&#8217;Alg\u00e8ri<\/p>\n\n\n\n<figure class=\"wp-block-image size-large\"><img loading=\"lazy\" decoding=\"async\" width=\"1024\" height=\"617\" src=\"https:\/\/lamostradevalencia.com\/wp-content\/uploads\/2020\/08\/lasgolondrinas-1024x617.jpg\" alt=\"\" class=\"wp-image-7167\" srcset=\"https:\/\/lamostradevalencia.com\/wp-content\/uploads\/2020\/08\/lasgolondrinas-1024x617.jpg 1024w, https:\/\/lamostradevalencia.com\/wp-content\/uploads\/2020\/08\/lasgolondrinas-300x181.jpg 300w, https:\/\/lamostradevalencia.com\/wp-content\/uploads\/2020\/08\/lasgolondrinas-768x463.jpg 768w, https:\/\/lamostradevalencia.com\/wp-content\/uploads\/2020\/08\/lasgolondrinas-1536x925.jpg 1536w, https:\/\/lamostradevalencia.com\/wp-content\/uploads\/2020\/08\/lasgolondrinas.jpg 1600w\" sizes=\"auto, (max-width: 1024px) 100vw, 1024px\" \/><figcaption>Photos : Hichem Merouche &#8211; a movie produced by PROLEGOMENES and LES FILMS PELLEAS &#8211; Algeria\/France &#8211; 2016<\/figcaption><\/figure>\n\n\n\n<p><strong>Un rescat&nbsp;necessari<\/strong><\/p>\n\n\n\n<p>A m\u00e9s, el cicle tamb\u00e9 tirar\u00e0 la vista arrere per a posar en context la hist\u00f2ria recent d&#8217;Alg\u00e8ria i recuperar\u00e0 la versi\u00f3 restaurada de \u201cLa batalla d&#8217;Alger\u201d, obra mestra del director itali\u00e0&nbsp;<strong>Gillo Pontecorvo<\/strong>, que va aconseguir amb ella tres nominacions als Oscar i el Lle\u00f3 d&#8217;Or en la Mostra de Ven\u00e8cia.&nbsp; <\/p>\n\n\n\n<p>Suposa el millor document f\u00edlmic sobre la guerra d&#8217;Alg\u00e8ria i la culminaci\u00f3 de la seua independ\u00e8ncia de Fran\u00e7a, posant aix\u00ed fi a la fase colonial de la seua hist\u00f2ria. Un film d&#8217;impactant vig\u00e8ncia, rodat \u00edntegrament a Alg\u00e8ria i protagonitzat per&nbsp;<strong>Yacef Saadi<\/strong>, personatge fonamental en la mobilitzaci\u00f3 algeriana revolucion\u00e0ria.&nbsp;<\/p>\n\n\n\n<p>La pel\u00b7l\u00edcula compta amb banda sonora de&nbsp;<strong>Ennio Morricone<\/strong>&nbsp;i va ser rodada en 1966, per\u00f2 va estar prohibida a Fran\u00e7a fins a 1971, mentre que a Espanya va ser censurada pel llavors ministre&nbsp;<strong>Manuel Fraga i<\/strong>&nbsp;no va arribar als cinemes fins a 1978. Hui \u00e9s considerada un cl\u00e0ssic del cinema pol\u00edtic.<\/p>\n\n\n\n<figure class=\"wp-block-image size-large\"><img loading=\"lazy\" decoding=\"async\" width=\"1024\" height=\"640\" src=\"https:\/\/lamostradevalencia.com\/wp-content\/uploads\/2020\/08\/la-battaglia-di-algeri-original-1024x640.jpg\" alt=\"\" class=\"wp-image-7172\" srcset=\"https:\/\/lamostradevalencia.com\/wp-content\/uploads\/2020\/08\/la-battaglia-di-algeri-original-1024x640.jpg 1024w, https:\/\/lamostradevalencia.com\/wp-content\/uploads\/2020\/08\/la-battaglia-di-algeri-original-300x188.jpg 300w, https:\/\/lamostradevalencia.com\/wp-content\/uploads\/2020\/08\/la-battaglia-di-algeri-original-768x480.jpg 768w, https:\/\/lamostradevalencia.com\/wp-content\/uploads\/2020\/08\/la-battaglia-di-algeri-original-1536x960.jpg 1536w, https:\/\/lamostradevalencia.com\/wp-content\/uploads\/2020\/08\/la-battaglia-di-algeri-original.jpg 1600w\" sizes=\"auto, (max-width: 1024px) 100vw, 1024px\" \/><\/figure>\n","protected":false},"excerpt":{"rendered":"<p>&#8220;Que es vagen tots&#8221;. Despr\u00e9s d&#8217;aconseguir en 2019 la dimissi\u00f3 del president Buteflika, a Alg\u00e8ria continuen les protestes perqu\u00e8 l&#8217;actual aparell governamental abandone el poder. [&hellip;]<\/p>\n","protected":false},"author":1,"featured_media":0,"comment_status":"open","ping_status":"open","sticky":false,"template":"","format":"standard","meta":{"_uag_custom_page_level_css":"","_jet_sm_ready_style":"","_jet_sm_style":"","_jet_sm_controls_values":"","_jet_sm_fonts_collection":"","_jet_sm_fonts_links":"","footnotes":""},"categories":[455],"tags":[1939,1940,1941],"class_list":["post-7178","post","type-post","status-publish","format-standard","hentry","category-noticies","tag-algeria","tag-nou-cinema","tag-protestes"],"yoast_head":"<!-- This site is optimized with the Yoast SEO plugin v27.5 - https:\/\/yoast.com\/product\/yoast-seo-wordpress\/ -->\n<title>El nou cinema algeri\u00e0 al\u00e7a el seu crit de protesta en Mostra de Val\u00e8ncia - Mostra de Val\u00e8ncia<\/title>\n<meta name=\"robots\" content=\"index, follow, max-snippet:-1, max-image-preview:large, max-video-preview:-1\" \/>\n<link rel=\"canonical\" href=\"https:\/\/lamostradevalencia.com\/ca\/el-nou-cinema-algeria-alca-el-seu-crit-de-protesta-en-mostra-de-valencia\/\" \/>\n<meta property=\"og:locale\" content=\"ca_ES\" \/>\n<meta property=\"og:type\" content=\"article\" \/>\n<meta property=\"og:title\" content=\"El nou cinema algeri\u00e0 al\u00e7a el seu crit de protesta en Mostra de Val\u00e8ncia - Mostra de Val\u00e8ncia\" \/>\n<meta property=\"og:description\" content=\"&#8220;Que es vagen tots&#8221;. Despr\u00e9s d&#8217;aconseguir en 2019 la dimissi\u00f3 del president Buteflika, a Alg\u00e8ria continuen les protestes perqu\u00e8 l&#8217;actual aparell governamental abandone el poder. [&hellip;]\" \/>\n<meta property=\"og:url\" content=\"https:\/\/lamostradevalencia.com\/ca\/el-nou-cinema-algeria-alca-el-seu-crit-de-protesta-en-mostra-de-valencia\/\" \/>\n<meta property=\"og:site_name\" content=\"Mostra de Val\u00e8ncia\" \/>\n<meta property=\"article:published_time\" content=\"2020-08-14T06:42:55+00:00\" \/>\n<meta property=\"article:modified_time\" content=\"2020-08-19T06:10:07+00:00\" \/>\n<meta property=\"og:image\" content=\"https:\/\/lamostradevalencia.com\/wp-content\/uploads\/2020\/08\/Nardjes-A-2.jpg\" \/>\n<meta name=\"author\" content=\"Mostra de Val\u00e8ncia\" \/>\n<meta name=\"twitter:card\" content=\"summary_large_image\" \/>\n<meta name=\"twitter:label1\" content=\"Escrit per\" \/>\n\t<meta name=\"twitter:data1\" content=\"Mostra de Val\u00e8ncia\" \/>\n\t<meta name=\"twitter:label2\" content=\"Temps estimat de lectura\" \/>\n\t<meta name=\"twitter:data2\" content=\"4 minuts\" \/>\n<script type=\"application\/ld+json\" class=\"yoast-schema-graph\">{\"@context\":\"https:\\\/\\\/schema.org\",\"@graph\":[{\"@type\":\"Article\",\"@id\":\"https:\\\/\\\/lamostradevalencia.com\\\/ca\\\/el-nou-cinema-algeria-alca-el-seu-crit-de-protesta-en-mostra-de-valencia\\\/#article\",\"isPartOf\":{\"@id\":\"https:\\\/\\\/lamostradevalencia.com\\\/ca\\\/el-nou-cinema-algeria-alca-el-seu-crit-de-protesta-en-mostra-de-valencia\\\/\"},\"author\":{\"name\":\"Mostra de Val\u00e8ncia\",\"@id\":\"https:\\\/\\\/lamostradevalencia.com\\\/ca\\\/#\\\/schema\\\/person\\\/1dc07e4df3d6310b81d2cdf6a034070c\"},\"headline\":\"El nou cinema algeri\u00e0 al\u00e7a el seu crit de protesta en Mostra de Val\u00e8ncia\",\"datePublished\":\"2020-08-14T06:42:55+00:00\",\"dateModified\":\"2020-08-19T06:10:07+00:00\",\"mainEntityOfPage\":{\"@id\":\"https:\\\/\\\/lamostradevalencia.com\\\/ca\\\/el-nou-cinema-algeria-alca-el-seu-crit-de-protesta-en-mostra-de-valencia\\\/\"},\"wordCount\":858,\"commentCount\":0,\"image\":{\"@id\":\"https:\\\/\\\/lamostradevalencia.com\\\/ca\\\/el-nou-cinema-algeria-alca-el-seu-crit-de-protesta-en-mostra-de-valencia\\\/#primaryimage\"},\"thumbnailUrl\":\"https:\\\/\\\/lamostradevalencia.com\\\/wp-content\\\/uploads\\\/2020\\\/08\\\/Nardjes-A-2.jpg\",\"keywords\":[\"Alg\u00e8ria\",\"nou cinema\",\"protestes\"],\"articleSection\":[\"Noticies\"],\"inLanguage\":\"ca\",\"potentialAction\":[{\"@type\":\"CommentAction\",\"name\":\"Comment\",\"target\":[\"https:\\\/\\\/lamostradevalencia.com\\\/ca\\\/el-nou-cinema-algeria-alca-el-seu-crit-de-protesta-en-mostra-de-valencia\\\/#respond\"]}]},{\"@type\":\"WebPage\",\"@id\":\"https:\\\/\\\/lamostradevalencia.com\\\/ca\\\/el-nou-cinema-algeria-alca-el-seu-crit-de-protesta-en-mostra-de-valencia\\\/\",\"url\":\"https:\\\/\\\/lamostradevalencia.com\\\/ca\\\/el-nou-cinema-algeria-alca-el-seu-crit-de-protesta-en-mostra-de-valencia\\\/\",\"name\":\"El nou cinema algeri\u00e0 al\u00e7a el seu crit de protesta en Mostra de Val\u00e8ncia - Mostra de Val\u00e8ncia\",\"isPartOf\":{\"@id\":\"https:\\\/\\\/lamostradevalencia.com\\\/ca\\\/#website\"},\"primaryImageOfPage\":{\"@id\":\"https:\\\/\\\/lamostradevalencia.com\\\/ca\\\/el-nou-cinema-algeria-alca-el-seu-crit-de-protesta-en-mostra-de-valencia\\\/#primaryimage\"},\"image\":{\"@id\":\"https:\\\/\\\/lamostradevalencia.com\\\/ca\\\/el-nou-cinema-algeria-alca-el-seu-crit-de-protesta-en-mostra-de-valencia\\\/#primaryimage\"},\"thumbnailUrl\":\"https:\\\/\\\/lamostradevalencia.com\\\/wp-content\\\/uploads\\\/2020\\\/08\\\/Nardjes-A-2.jpg\",\"datePublished\":\"2020-08-14T06:42:55+00:00\",\"dateModified\":\"2020-08-19T06:10:07+00:00\",\"author\":{\"@id\":\"https:\\\/\\\/lamostradevalencia.com\\\/ca\\\/#\\\/schema\\\/person\\\/1dc07e4df3d6310b81d2cdf6a034070c\"},\"breadcrumb\":{\"@id\":\"https:\\\/\\\/lamostradevalencia.com\\\/ca\\\/el-nou-cinema-algeria-alca-el-seu-crit-de-protesta-en-mostra-de-valencia\\\/#breadcrumb\"},\"inLanguage\":\"ca\",\"potentialAction\":[{\"@type\":\"ReadAction\",\"target\":[\"https:\\\/\\\/lamostradevalencia.com\\\/ca\\\/el-nou-cinema-algeria-alca-el-seu-crit-de-protesta-en-mostra-de-valencia\\\/\"]}]},{\"@type\":\"ImageObject\",\"inLanguage\":\"ca\",\"@id\":\"https:\\\/\\\/lamostradevalencia.com\\\/ca\\\/el-nou-cinema-algeria-alca-el-seu-crit-de-protesta-en-mostra-de-valencia\\\/#primaryimage\",\"url\":\"https:\\\/\\\/lamostradevalencia.com\\\/wp-content\\\/uploads\\\/2020\\\/08\\\/Nardjes-A-2.jpg\",\"contentUrl\":\"https:\\\/\\\/lamostradevalencia.com\\\/wp-content\\\/uploads\\\/2020\\\/08\\\/Nardjes-A-2.jpg\"},{\"@type\":\"BreadcrumbList\",\"@id\":\"https:\\\/\\\/lamostradevalencia.com\\\/ca\\\/el-nou-cinema-algeria-alca-el-seu-crit-de-protesta-en-mostra-de-valencia\\\/#breadcrumb\",\"itemListElement\":[{\"@type\":\"ListItem\",\"position\":1,\"name\":\"Portada\",\"item\":\"https:\\\/\\\/lamostradevalencia.com\\\/ca\\\/\"},{\"@type\":\"ListItem\",\"position\":2,\"name\":\"El nou cinema algeri\u00e0 al\u00e7a el seu crit de protesta en Mostra de Val\u00e8ncia\"}]},{\"@type\":\"WebSite\",\"@id\":\"https:\\\/\\\/lamostradevalencia.com\\\/ca\\\/#website\",\"url\":\"https:\\\/\\\/lamostradevalencia.com\\\/ca\\\/\",\"name\":\"Mostra de Val\u00e8ncia\",\"description\":\"Cinema del Mediterrani\",\"potentialAction\":[{\"@type\":\"SearchAction\",\"target\":{\"@type\":\"EntryPoint\",\"urlTemplate\":\"https:\\\/\\\/lamostradevalencia.com\\\/ca\\\/?s={search_term_string}\"},\"query-input\":{\"@type\":\"PropertyValueSpecification\",\"valueRequired\":true,\"valueName\":\"search_term_string\"}}],\"inLanguage\":\"ca\"},{\"@type\":\"Person\",\"@id\":\"https:\\\/\\\/lamostradevalencia.com\\\/ca\\\/#\\\/schema\\\/person\\\/1dc07e4df3d6310b81d2cdf6a034070c\",\"name\":\"Mostra de Val\u00e8ncia\",\"image\":{\"@type\":\"ImageObject\",\"inLanguage\":\"ca\",\"@id\":\"https:\\\/\\\/secure.gravatar.com\\\/avatar\\\/ada4dfd699a9907706987adb1bb2b361c2613ccca474b49b8c648de5208e32f8?s=96&d=mm&r=g\",\"url\":\"https:\\\/\\\/secure.gravatar.com\\\/avatar\\\/ada4dfd699a9907706987adb1bb2b361c2613ccca474b49b8c648de5208e32f8?s=96&d=mm&r=g\",\"contentUrl\":\"https:\\\/\\\/secure.gravatar.com\\\/avatar\\\/ada4dfd699a9907706987adb1bb2b361c2613ccca474b49b8c648de5208e32f8?s=96&d=mm&r=g\",\"caption\":\"Mostra de Val\u00e8ncia\"}}]}<\/script>\n<!-- \/ Yoast SEO plugin. -->","yoast_head_json":{"title":"El nou cinema algeri\u00e0 al\u00e7a el seu crit de protesta en Mostra de Val\u00e8ncia - Mostra de Val\u00e8ncia","robots":{"index":"index","follow":"follow","max-snippet":"max-snippet:-1","max-image-preview":"max-image-preview:large","max-video-preview":"max-video-preview:-1"},"canonical":"https:\/\/lamostradevalencia.com\/ca\/el-nou-cinema-algeria-alca-el-seu-crit-de-protesta-en-mostra-de-valencia\/","og_locale":"ca_ES","og_type":"article","og_title":"El nou cinema algeri\u00e0 al\u00e7a el seu crit de protesta en Mostra de Val\u00e8ncia - Mostra de Val\u00e8ncia","og_description":"&#8220;Que es vagen tots&#8221;. Despr\u00e9s d&#8217;aconseguir en 2019 la dimissi\u00f3 del president Buteflika, a Alg\u00e8ria continuen les protestes perqu\u00e8 l&#8217;actual aparell governamental abandone el poder. [&hellip;]","og_url":"https:\/\/lamostradevalencia.com\/ca\/el-nou-cinema-algeria-alca-el-seu-crit-de-protesta-en-mostra-de-valencia\/","og_site_name":"Mostra de Val\u00e8ncia","article_published_time":"2020-08-14T06:42:55+00:00","article_modified_time":"2020-08-19T06:10:07+00:00","og_image":[{"url":"https:\/\/lamostradevalencia.com\/wp-content\/uploads\/2020\/08\/Nardjes-A-2.jpg","type":"","width":"","height":""}],"author":"Mostra de Val\u00e8ncia","twitter_card":"summary_large_image","twitter_misc":{"Escrit per":"Mostra de Val\u00e8ncia","Temps estimat de lectura":"4 minuts"},"schema":{"@context":"https:\/\/schema.org","@graph":[{"@type":"Article","@id":"https:\/\/lamostradevalencia.com\/ca\/el-nou-cinema-algeria-alca-el-seu-crit-de-protesta-en-mostra-de-valencia\/#article","isPartOf":{"@id":"https:\/\/lamostradevalencia.com\/ca\/el-nou-cinema-algeria-alca-el-seu-crit-de-protesta-en-mostra-de-valencia\/"},"author":{"name":"Mostra de Val\u00e8ncia","@id":"https:\/\/lamostradevalencia.com\/ca\/#\/schema\/person\/1dc07e4df3d6310b81d2cdf6a034070c"},"headline":"El nou cinema algeri\u00e0 al\u00e7a el seu crit de protesta en Mostra de Val\u00e8ncia","datePublished":"2020-08-14T06:42:55+00:00","dateModified":"2020-08-19T06:10:07+00:00","mainEntityOfPage":{"@id":"https:\/\/lamostradevalencia.com\/ca\/el-nou-cinema-algeria-alca-el-seu-crit-de-protesta-en-mostra-de-valencia\/"},"wordCount":858,"commentCount":0,"image":{"@id":"https:\/\/lamostradevalencia.com\/ca\/el-nou-cinema-algeria-alca-el-seu-crit-de-protesta-en-mostra-de-valencia\/#primaryimage"},"thumbnailUrl":"https:\/\/lamostradevalencia.com\/wp-content\/uploads\/2020\/08\/Nardjes-A-2.jpg","keywords":["Alg\u00e8ria","nou cinema","protestes"],"articleSection":["Noticies"],"inLanguage":"ca","potentialAction":[{"@type":"CommentAction","name":"Comment","target":["https:\/\/lamostradevalencia.com\/ca\/el-nou-cinema-algeria-alca-el-seu-crit-de-protesta-en-mostra-de-valencia\/#respond"]}]},{"@type":"WebPage","@id":"https:\/\/lamostradevalencia.com\/ca\/el-nou-cinema-algeria-alca-el-seu-crit-de-protesta-en-mostra-de-valencia\/","url":"https:\/\/lamostradevalencia.com\/ca\/el-nou-cinema-algeria-alca-el-seu-crit-de-protesta-en-mostra-de-valencia\/","name":"El nou cinema algeri\u00e0 al\u00e7a el seu crit de protesta en Mostra de Val\u00e8ncia - Mostra de Val\u00e8ncia","isPartOf":{"@id":"https:\/\/lamostradevalencia.com\/ca\/#website"},"primaryImageOfPage":{"@id":"https:\/\/lamostradevalencia.com\/ca\/el-nou-cinema-algeria-alca-el-seu-crit-de-protesta-en-mostra-de-valencia\/#primaryimage"},"image":{"@id":"https:\/\/lamostradevalencia.com\/ca\/el-nou-cinema-algeria-alca-el-seu-crit-de-protesta-en-mostra-de-valencia\/#primaryimage"},"thumbnailUrl":"https:\/\/lamostradevalencia.com\/wp-content\/uploads\/2020\/08\/Nardjes-A-2.jpg","datePublished":"2020-08-14T06:42:55+00:00","dateModified":"2020-08-19T06:10:07+00:00","author":{"@id":"https:\/\/lamostradevalencia.com\/ca\/#\/schema\/person\/1dc07e4df3d6310b81d2cdf6a034070c"},"breadcrumb":{"@id":"https:\/\/lamostradevalencia.com\/ca\/el-nou-cinema-algeria-alca-el-seu-crit-de-protesta-en-mostra-de-valencia\/#breadcrumb"},"inLanguage":"ca","potentialAction":[{"@type":"ReadAction","target":["https:\/\/lamostradevalencia.com\/ca\/el-nou-cinema-algeria-alca-el-seu-crit-de-protesta-en-mostra-de-valencia\/"]}]},{"@type":"ImageObject","inLanguage":"ca","@id":"https:\/\/lamostradevalencia.com\/ca\/el-nou-cinema-algeria-alca-el-seu-crit-de-protesta-en-mostra-de-valencia\/#primaryimage","url":"https:\/\/lamostradevalencia.com\/wp-content\/uploads\/2020\/08\/Nardjes-A-2.jpg","contentUrl":"https:\/\/lamostradevalencia.com\/wp-content\/uploads\/2020\/08\/Nardjes-A-2.jpg"},{"@type":"BreadcrumbList","@id":"https:\/\/lamostradevalencia.com\/ca\/el-nou-cinema-algeria-alca-el-seu-crit-de-protesta-en-mostra-de-valencia\/#breadcrumb","itemListElement":[{"@type":"ListItem","position":1,"name":"Portada","item":"https:\/\/lamostradevalencia.com\/ca\/"},{"@type":"ListItem","position":2,"name":"El nou cinema algeri\u00e0 al\u00e7a el seu crit de protesta en Mostra de Val\u00e8ncia"}]},{"@type":"WebSite","@id":"https:\/\/lamostradevalencia.com\/ca\/#website","url":"https:\/\/lamostradevalencia.com\/ca\/","name":"Mostra de Val\u00e8ncia","description":"Cinema del Mediterrani","potentialAction":[{"@type":"SearchAction","target":{"@type":"EntryPoint","urlTemplate":"https:\/\/lamostradevalencia.com\/ca\/?s={search_term_string}"},"query-input":{"@type":"PropertyValueSpecification","valueRequired":true,"valueName":"search_term_string"}}],"inLanguage":"ca"},{"@type":"Person","@id":"https:\/\/lamostradevalencia.com\/ca\/#\/schema\/person\/1dc07e4df3d6310b81d2cdf6a034070c","name":"Mostra de Val\u00e8ncia","image":{"@type":"ImageObject","inLanguage":"ca","@id":"https:\/\/secure.gravatar.com\/avatar\/ada4dfd699a9907706987adb1bb2b361c2613ccca474b49b8c648de5208e32f8?s=96&d=mm&r=g","url":"https:\/\/secure.gravatar.com\/avatar\/ada4dfd699a9907706987adb1bb2b361c2613ccca474b49b8c648de5208e32f8?s=96&d=mm&r=g","contentUrl":"https:\/\/secure.gravatar.com\/avatar\/ada4dfd699a9907706987adb1bb2b361c2613ccca474b49b8c648de5208e32f8?s=96&d=mm&r=g","caption":"Mostra de Val\u00e8ncia"}}]}},"uagb_featured_image_src":{"full":false,"thumbnail":false,"medium":false,"medium_large":false,"large":false,"1536x1536":false,"2048x2048":false,"cinerama_edge_image_square":false,"cinerama_edge_image_landscape":false,"cinerama_edge_image_portrait":false,"cinerama_edge_image_huge":false,"gform-image-choice-sm":false,"gform-image-choice-md":false,"gform-image-choice-lg":false},"uagb_author_info":{"display_name":"Mostra de Val\u00e8ncia","author_link":"https:\/\/lamostradevalencia.com\/ca\/author\/mostravalencia\/"},"uagb_comment_info":0,"uagb_excerpt":"&#8220;Que es vagen tots&#8221;. Despr\u00e9s d&#8217;aconseguir en 2019 la dimissi\u00f3 del president Buteflika, a Alg\u00e8ria continuen les protestes perqu\u00e8 l&#8217;actual aparell governamental abandone el poder. [&hellip;]","_links":{"self":[{"href":"https:\/\/lamostradevalencia.com\/ca\/wp-json\/wp\/v2\/posts\/7178","targetHints":{"allow":["GET"]}}],"collection":[{"href":"https:\/\/lamostradevalencia.com\/ca\/wp-json\/wp\/v2\/posts"}],"about":[{"href":"https:\/\/lamostradevalencia.com\/ca\/wp-json\/wp\/v2\/types\/post"}],"author":[{"embeddable":true,"href":"https:\/\/lamostradevalencia.com\/ca\/wp-json\/wp\/v2\/users\/1"}],"replies":[{"embeddable":true,"href":"https:\/\/lamostradevalencia.com\/ca\/wp-json\/wp\/v2\/comments?post=7178"}],"version-history":[{"count":3,"href":"https:\/\/lamostradevalencia.com\/ca\/wp-json\/wp\/v2\/posts\/7178\/revisions"}],"predecessor-version":[{"id":7181,"href":"https:\/\/lamostradevalencia.com\/ca\/wp-json\/wp\/v2\/posts\/7178\/revisions\/7181"}],"wp:attachment":[{"href":"https:\/\/lamostradevalencia.com\/ca\/wp-json\/wp\/v2\/media?parent=7178"}],"wp:term":[{"taxonomy":"category","embeddable":true,"href":"https:\/\/lamostradevalencia.com\/ca\/wp-json\/wp\/v2\/categories?post=7178"},{"taxonomy":"post_tag","embeddable":true,"href":"https:\/\/lamostradevalencia.com\/ca\/wp-json\/wp\/v2\/tags?post=7178"}],"curies":[{"name":"wp","href":"https:\/\/api.w.org\/{rel}","templated":true}]}}