{"id":7114,"date":"2020-06-12T10:39:42","date_gmt":"2020-06-12T08:39:42","guid":{"rendered":"https:\/\/lamostradevalencia.com\/vicent-ramon-dissenyara-la-imatge-de-la-35-mostra-de-valencia\/"},"modified":"2020-06-12T10:54:04","modified_gmt":"2020-06-12T08:54:04","slug":"vicent-ramon-dissenyara-la-imatge-de-la-35-mostra-de-valencia","status":"publish","type":"post","link":"https:\/\/lamostradevalencia.com\/ca\/vicent-ramon-dissenyara-la-imatge-de-la-35-mostra-de-valencia\/","title":{"rendered":"VICENT RAMON DISSENYAR\u00c0 LA IMATGE DE LA 35 MOSTRA DE VAL\u00c8NCIA"},"content":{"rendered":"\n<p>M\u00e9s de 90 candidatures s\u2019han presentat al proc\u00e9s de selecci\u00f3 d\u2019on ha eixit guanyador el bocairent\u00ed. <\/p>\n\n\n\n<p>La 35a edici\u00f3 de la Mostra de Val\u00e8ncia-Cinema del Mediterrani, que se celebrar\u00e0 del 22 d\u2019octubre a l\u20191 de novembre, ja t\u00e9 el nom propi de qui firmar\u00e0 el seu cartell. El dissenyador i il\u00b7lustrador Vicent Ramon ha sigut triat a trav\u00e9s d\u2019un procediment de crida a projecte on es presentaren m\u00e9s de 90 candidatures, amb una important representaci\u00f3 de fora del territori valenci\u00e0. \u201cLa comunicaci\u00f3 creativa \u00e9s essencial en tota iniciativa cultural. En esta crida a projecte hem pogut triar entre un gran ventall de professionals per a crear una imatge potent i inoblidable per a la pr\u00f2xima edici\u00f3 del festival\u201d, ha destacat Gloria Tello, presidenta de l\u2019organisme Mostra de Val\u00e8ncia i Iniciatives Audiovisuals.<\/p>\n\n\n\n<p>La crida a projecte de la 35a Mostra de Val\u00e8ncia ha comptat amb el suport de l\u2019Associaci\u00f3 de Dissenyadors de la Comunitat Valenciana (ADCV), l\u2019Associaci\u00f3 de Professionals de la Il\u00b7lustraci\u00f3 Valenciana (APIV) i l\u2019Associaci\u00f3 d\u2019Empreses de Comunicaci\u00f3 Publicit\u00e0ria de la Comunitat Valenciana (ComunitAD), que han participat tamb\u00e9 en la selecci\u00f3 de la proposta guanyadora. Les persones o ag\u00e8ncies interessades a participar havien de presentar un dossier de treballs ja realitzats, aix\u00ed com el curr\u00edculum o resum de la traject\u00f2ria professional. <\/p>\n\n\n\n<p>\u201cLa campanya gr\u00e0fica de la 35a Mostra \u00e9s un projecte que emprenc amb molta il\u00b7lusi\u00f3, \u00e9s un treball molt bonic i interessant per a qualsevol creatiu ja que t\u00e9 molta visibilitat\u201d, assegura Vicent Ramon, guanyador de la crida. \u201cAl mateix temps pense que \u00e9s un gran repte personal i una responsabilitat poder estar a l&#8217;altura dels grans dissenyadors que m&#8217;han precedit\u201d.<\/p>\n\n\n\n<p>TRAJECT\u00d2RIA PROFESSIONAL<\/p>\n\n\n\n<p>Vicent Ramon Pascual (Bocairent, la Vall d\u2019Albaida) desenvolupa la seua activitat principalment en projectes de comunicaci\u00f3, disseny de cartells, editorial, identitat corporativa i il\u00b7lustraci\u00f3 gr\u00e0fica per a \u00e0mbits culturals. Ha realitzat treballs per a institucions com ara el Patronat Provincial de Turisme de Val\u00e8ncia, la Generalitat Valenciana, la Diputaci\u00f3 de Castell\u00f3 i els Ajuntaments de Val\u00e8ncia, Alacant i Bocairent.<\/p>\n\n\n\n<p>Entre la seua obra destaquen el cartell de Falles de Val\u00e8ncia 2015, la imatge per al Dia Oficial de la Prov\u00edncia de Castell\u00f3 2017, diverses campanyes de comunicaci\u00f3 de la Fira de les Comarques, les Fogueres de Sant Joan i el 600 aniversari de la mort de Sant Vicent Ferrer, aix\u00ed com el cartell de la Lectura Col\u00b7lectiva del Tirant Lo Blanc 2018 o el de la Cavalcada de Reis Mags d&#8217;Alcoi 2017.<\/p>\n\n\n\n<p>Alguns dels seus treballs han sigut seleccionats en les Biennals del cartell de M\u00e8xic i Bol\u00edvia i el seu palmar\u00e9s suma m\u00e9s d\u2019un centenar de guardons, entre ells el premi en el concurs de disseny gr\u00e0fic de l&#8217;institut de Cultura Juan Gil-Albert (Diputaci\u00f3 d&#8217;Alacant). <\/p>\n\n\n\n<p>L\u2019obra de Vicent Ramon apareix tamb\u00e9 a publicacions especialitzades com ara la revista Experimenta i DissenyCV, aix\u00ed com a diferents publicacions de l&#8217;editorial Index Book.<\/p>\n\n\n\n<figure class=\"wp-block-image size-large\"><img loading=\"lazy\" decoding=\"async\" width=\"1024\" height=\"515\" src=\"https:\/\/lamostradevalencia.com\/wp-content\/uploads\/2020\/06\/carteles-vicent-ramon-1024x515.jpg\" alt=\"\" class=\"wp-image-7107\" srcset=\"https:\/\/lamostradevalencia.com\/wp-content\/uploads\/2020\/06\/carteles-vicent-ramon-1024x515.jpg 1024w, https:\/\/lamostradevalencia.com\/wp-content\/uploads\/2020\/06\/carteles-vicent-ramon-300x151.jpg 300w, https:\/\/lamostradevalencia.com\/wp-content\/uploads\/2020\/06\/carteles-vicent-ramon-768x386.jpg 768w, https:\/\/lamostradevalencia.com\/wp-content\/uploads\/2020\/06\/carteles-vicent-ramon.jpg 1280w\" sizes=\"auto, (max-width: 1024px) 100vw, 1024px\" \/><\/figure>\n","protected":false},"excerpt":{"rendered":"<p>M\u00e9s de 90 candidatures s\u2019han presentat al proc\u00e9s de selecci\u00f3 d\u2019on ha eixit guanyador el bocairent\u00ed. La 35a edici\u00f3 de la Mostra de Val\u00e8ncia-Cinema del [&hellip;]<\/p>\n","protected":false},"author":1,"featured_media":7104,"comment_status":"open","ping_status":"open","sticky":false,"template":"","format":"standard","meta":{"_uag_custom_page_level_css":"","_jet_sm_ready_style":"","_jet_sm_style":"","_jet_sm_controls_values":"","_jet_sm_fonts_collection":"","_jet_sm_fonts_links":"","footnotes":""},"categories":[455],"tags":[1935,1936,1934,1038,1937],"class_list":["post-7114","post","type-post","status-publish","format-standard","has-post-thumbnail","hentry","category-noticies","tag-diseno-ca","tag-documental-ca","tag-ilustracion-ca","tag-mostra-de-valencia-ca","tag-vicent-ramon-ca"],"yoast_head":"<!-- This site is optimized with the Yoast SEO plugin v27.5 - https:\/\/yoast.com\/product\/yoast-seo-wordpress\/ -->\n<title>VICENT RAMON DISSENYAR\u00c0 LA IMATGE DE LA 35 MOSTRA DE VAL\u00c8NCIA - Mostra de Val\u00e8ncia<\/title>\n<meta name=\"description\" content=\"El dissenyador proposa una imatge carregada de simbolisme\" \/>\n<meta name=\"robots\" content=\"index, follow, max-snippet:-1, max-image-preview:large, max-video-preview:-1\" \/>\n<link rel=\"canonical\" href=\"https:\/\/lamostradevalencia.com\/ca\/vicent-ramon-dissenyara-la-imatge-de-la-35-mostra-de-valencia\/\" \/>\n<meta property=\"og:locale\" content=\"ca_ES\" \/>\n<meta property=\"og:type\" content=\"article\" \/>\n<meta property=\"og:title\" content=\"VICENT RAMON DISSENYAR\u00c0 LA IMATGE DE LA 35 MOSTRA DE VAL\u00c8NCIA - Mostra de Val\u00e8ncia\" \/>\n<meta property=\"og:description\" content=\"El dissenyador proposa una imatge carregada de simbolisme\" \/>\n<meta property=\"og:url\" content=\"https:\/\/lamostradevalencia.com\/ca\/vicent-ramon-dissenyara-la-imatge-de-la-35-mostra-de-valencia\/\" \/>\n<meta property=\"og:site_name\" content=\"Mostra de Val\u00e8ncia\" \/>\n<meta property=\"article:published_time\" content=\"2020-06-12T08:39:42+00:00\" \/>\n<meta property=\"article:modified_time\" content=\"2020-06-12T08:54:04+00:00\" \/>\n<meta property=\"og:image\" content=\"https:\/\/lamostradevalencia.com\/wp-content\/uploads\/2020\/06\/vicent-ramon-e1591952031637.jpg\" \/>\n\t<meta property=\"og:image:width\" content=\"1292\" \/>\n\t<meta property=\"og:image:height\" content=\"649\" \/>\n\t<meta property=\"og:image:type\" content=\"image\/jpeg\" \/>\n<meta name=\"author\" content=\"Mostra de Val\u00e8ncia\" \/>\n<meta name=\"twitter:card\" content=\"summary_large_image\" \/>\n<meta name=\"twitter:label1\" content=\"Escrit per\" \/>\n\t<meta name=\"twitter:data1\" content=\"Mostra de Val\u00e8ncia\" \/>\n\t<meta name=\"twitter:label2\" content=\"Temps estimat de lectura\" \/>\n\t<meta name=\"twitter:data2\" content=\"3 minuts\" \/>\n<script type=\"application\/ld+json\" class=\"yoast-schema-graph\">{\"@context\":\"https:\\\/\\\/schema.org\",\"@graph\":[{\"@type\":\"Article\",\"@id\":\"https:\\\/\\\/lamostradevalencia.com\\\/ca\\\/vicent-ramon-dissenyara-la-imatge-de-la-35-mostra-de-valencia\\\/#article\",\"isPartOf\":{\"@id\":\"https:\\\/\\\/lamostradevalencia.com\\\/ca\\\/vicent-ramon-dissenyara-la-imatge-de-la-35-mostra-de-valencia\\\/\"},\"author\":{\"name\":\"Mostra de Val\u00e8ncia\",\"@id\":\"https:\\\/\\\/lamostradevalencia.com\\\/ca\\\/#\\\/schema\\\/person\\\/1dc07e4df3d6310b81d2cdf6a034070c\"},\"headline\":\"VICENT RAMON DISSENYAR\u00c0 LA IMATGE DE LA 35 MOSTRA DE VAL\u00c8NCIA\",\"datePublished\":\"2020-06-12T08:39:42+00:00\",\"dateModified\":\"2020-06-12T08:54:04+00:00\",\"mainEntityOfPage\":{\"@id\":\"https:\\\/\\\/lamostradevalencia.com\\\/ca\\\/vicent-ramon-dissenyara-la-imatge-de-la-35-mostra-de-valencia\\\/\"},\"wordCount\":525,\"commentCount\":0,\"image\":{\"@id\":\"https:\\\/\\\/lamostradevalencia.com\\\/ca\\\/vicent-ramon-dissenyara-la-imatge-de-la-35-mostra-de-valencia\\\/#primaryimage\"},\"thumbnailUrl\":\"https:\\\/\\\/lamostradevalencia.com\\\/wp-content\\\/uploads\\\/2020\\\/06\\\/vicent-ramon-e1591952031637.jpg\",\"keywords\":[\"Dise\u00f1o\",\"Documental\",\"Ilustraci\u00f3n\",\"Mostra de Val\u00e8ncia\",\"Vicent Ramon\"],\"articleSection\":[\"Noticies\"],\"inLanguage\":\"ca\",\"potentialAction\":[{\"@type\":\"CommentAction\",\"name\":\"Comment\",\"target\":[\"https:\\\/\\\/lamostradevalencia.com\\\/ca\\\/vicent-ramon-dissenyara-la-imatge-de-la-35-mostra-de-valencia\\\/#respond\"]}]},{\"@type\":\"WebPage\",\"@id\":\"https:\\\/\\\/lamostradevalencia.com\\\/ca\\\/vicent-ramon-dissenyara-la-imatge-de-la-35-mostra-de-valencia\\\/\",\"url\":\"https:\\\/\\\/lamostradevalencia.com\\\/ca\\\/vicent-ramon-dissenyara-la-imatge-de-la-35-mostra-de-valencia\\\/\",\"name\":\"VICENT RAMON DISSENYAR\u00c0 LA IMATGE DE LA 35 MOSTRA DE VAL\u00c8NCIA - Mostra de Val\u00e8ncia\",\"isPartOf\":{\"@id\":\"https:\\\/\\\/lamostradevalencia.com\\\/ca\\\/#website\"},\"primaryImageOfPage\":{\"@id\":\"https:\\\/\\\/lamostradevalencia.com\\\/ca\\\/vicent-ramon-dissenyara-la-imatge-de-la-35-mostra-de-valencia\\\/#primaryimage\"},\"image\":{\"@id\":\"https:\\\/\\\/lamostradevalencia.com\\\/ca\\\/vicent-ramon-dissenyara-la-imatge-de-la-35-mostra-de-valencia\\\/#primaryimage\"},\"thumbnailUrl\":\"https:\\\/\\\/lamostradevalencia.com\\\/wp-content\\\/uploads\\\/2020\\\/06\\\/vicent-ramon-e1591952031637.jpg\",\"datePublished\":\"2020-06-12T08:39:42+00:00\",\"dateModified\":\"2020-06-12T08:54:04+00:00\",\"author\":{\"@id\":\"https:\\\/\\\/lamostradevalencia.com\\\/ca\\\/#\\\/schema\\\/person\\\/1dc07e4df3d6310b81d2cdf6a034070c\"},\"description\":\"El dissenyador proposa una imatge carregada de simbolisme\",\"breadcrumb\":{\"@id\":\"https:\\\/\\\/lamostradevalencia.com\\\/ca\\\/vicent-ramon-dissenyara-la-imatge-de-la-35-mostra-de-valencia\\\/#breadcrumb\"},\"inLanguage\":\"ca\",\"potentialAction\":[{\"@type\":\"ReadAction\",\"target\":[\"https:\\\/\\\/lamostradevalencia.com\\\/ca\\\/vicent-ramon-dissenyara-la-imatge-de-la-35-mostra-de-valencia\\\/\"]}]},{\"@type\":\"ImageObject\",\"inLanguage\":\"ca\",\"@id\":\"https:\\\/\\\/lamostradevalencia.com\\\/ca\\\/vicent-ramon-dissenyara-la-imatge-de-la-35-mostra-de-valencia\\\/#primaryimage\",\"url\":\"https:\\\/\\\/lamostradevalencia.com\\\/wp-content\\\/uploads\\\/2020\\\/06\\\/vicent-ramon-e1591952031637.jpg\",\"contentUrl\":\"https:\\\/\\\/lamostradevalencia.com\\\/wp-content\\\/uploads\\\/2020\\\/06\\\/vicent-ramon-e1591952031637.jpg\",\"width\":1292,\"height\":649},{\"@type\":\"BreadcrumbList\",\"@id\":\"https:\\\/\\\/lamostradevalencia.com\\\/ca\\\/vicent-ramon-dissenyara-la-imatge-de-la-35-mostra-de-valencia\\\/#breadcrumb\",\"itemListElement\":[{\"@type\":\"ListItem\",\"position\":1,\"name\":\"Portada\",\"item\":\"https:\\\/\\\/lamostradevalencia.com\\\/ca\\\/\"},{\"@type\":\"ListItem\",\"position\":2,\"name\":\"VICENT RAMON DISSENYAR\u00c0 LA IMATGE DE LA 35 MOSTRA DE VAL\u00c8NCIA\"}]},{\"@type\":\"WebSite\",\"@id\":\"https:\\\/\\\/lamostradevalencia.com\\\/ca\\\/#website\",\"url\":\"https:\\\/\\\/lamostradevalencia.com\\\/ca\\\/\",\"name\":\"Mostra de Val\u00e8ncia\",\"description\":\"Cinema del Mediterrani\",\"potentialAction\":[{\"@type\":\"SearchAction\",\"target\":{\"@type\":\"EntryPoint\",\"urlTemplate\":\"https:\\\/\\\/lamostradevalencia.com\\\/ca\\\/?s={search_term_string}\"},\"query-input\":{\"@type\":\"PropertyValueSpecification\",\"valueRequired\":true,\"valueName\":\"search_term_string\"}}],\"inLanguage\":\"ca\"},{\"@type\":\"Person\",\"@id\":\"https:\\\/\\\/lamostradevalencia.com\\\/ca\\\/#\\\/schema\\\/person\\\/1dc07e4df3d6310b81d2cdf6a034070c\",\"name\":\"Mostra de Val\u00e8ncia\",\"image\":{\"@type\":\"ImageObject\",\"inLanguage\":\"ca\",\"@id\":\"https:\\\/\\\/secure.gravatar.com\\\/avatar\\\/ada4dfd699a9907706987adb1bb2b361c2613ccca474b49b8c648de5208e32f8?s=96&d=mm&r=g\",\"url\":\"https:\\\/\\\/secure.gravatar.com\\\/avatar\\\/ada4dfd699a9907706987adb1bb2b361c2613ccca474b49b8c648de5208e32f8?s=96&d=mm&r=g\",\"contentUrl\":\"https:\\\/\\\/secure.gravatar.com\\\/avatar\\\/ada4dfd699a9907706987adb1bb2b361c2613ccca474b49b8c648de5208e32f8?s=96&d=mm&r=g\",\"caption\":\"Mostra de Val\u00e8ncia\"}}]}<\/script>\n<!-- \/ Yoast SEO plugin. -->","yoast_head_json":{"title":"VICENT RAMON DISSENYAR\u00c0 LA IMATGE DE LA 35 MOSTRA DE VAL\u00c8NCIA - Mostra de Val\u00e8ncia","description":"El dissenyador proposa una imatge carregada de simbolisme","robots":{"index":"index","follow":"follow","max-snippet":"max-snippet:-1","max-image-preview":"max-image-preview:large","max-video-preview":"max-video-preview:-1"},"canonical":"https:\/\/lamostradevalencia.com\/ca\/vicent-ramon-dissenyara-la-imatge-de-la-35-mostra-de-valencia\/","og_locale":"ca_ES","og_type":"article","og_title":"VICENT RAMON DISSENYAR\u00c0 LA IMATGE DE LA 35 MOSTRA DE VAL\u00c8NCIA - Mostra de Val\u00e8ncia","og_description":"El dissenyador proposa una imatge carregada de simbolisme","og_url":"https:\/\/lamostradevalencia.com\/ca\/vicent-ramon-dissenyara-la-imatge-de-la-35-mostra-de-valencia\/","og_site_name":"Mostra de Val\u00e8ncia","article_published_time":"2020-06-12T08:39:42+00:00","article_modified_time":"2020-06-12T08:54:04+00:00","og_image":[{"width":1292,"height":649,"url":"https:\/\/lamostradevalencia.com\/wp-content\/uploads\/2020\/06\/vicent-ramon-e1591952031637.jpg","type":"image\/jpeg"}],"author":"Mostra de Val\u00e8ncia","twitter_card":"summary_large_image","twitter_misc":{"Escrit per":"Mostra de Val\u00e8ncia","Temps estimat de lectura":"3 minuts"},"schema":{"@context":"https:\/\/schema.org","@graph":[{"@type":"Article","@id":"https:\/\/lamostradevalencia.com\/ca\/vicent-ramon-dissenyara-la-imatge-de-la-35-mostra-de-valencia\/#article","isPartOf":{"@id":"https:\/\/lamostradevalencia.com\/ca\/vicent-ramon-dissenyara-la-imatge-de-la-35-mostra-de-valencia\/"},"author":{"name":"Mostra de Val\u00e8ncia","@id":"https:\/\/lamostradevalencia.com\/ca\/#\/schema\/person\/1dc07e4df3d6310b81d2cdf6a034070c"},"headline":"VICENT RAMON DISSENYAR\u00c0 LA IMATGE DE LA 35 MOSTRA DE VAL\u00c8NCIA","datePublished":"2020-06-12T08:39:42+00:00","dateModified":"2020-06-12T08:54:04+00:00","mainEntityOfPage":{"@id":"https:\/\/lamostradevalencia.com\/ca\/vicent-ramon-dissenyara-la-imatge-de-la-35-mostra-de-valencia\/"},"wordCount":525,"commentCount":0,"image":{"@id":"https:\/\/lamostradevalencia.com\/ca\/vicent-ramon-dissenyara-la-imatge-de-la-35-mostra-de-valencia\/#primaryimage"},"thumbnailUrl":"https:\/\/lamostradevalencia.com\/wp-content\/uploads\/2020\/06\/vicent-ramon-e1591952031637.jpg","keywords":["Dise\u00f1o","Documental","Ilustraci\u00f3n","Mostra de Val\u00e8ncia","Vicent Ramon"],"articleSection":["Noticies"],"inLanguage":"ca","potentialAction":[{"@type":"CommentAction","name":"Comment","target":["https:\/\/lamostradevalencia.com\/ca\/vicent-ramon-dissenyara-la-imatge-de-la-35-mostra-de-valencia\/#respond"]}]},{"@type":"WebPage","@id":"https:\/\/lamostradevalencia.com\/ca\/vicent-ramon-dissenyara-la-imatge-de-la-35-mostra-de-valencia\/","url":"https:\/\/lamostradevalencia.com\/ca\/vicent-ramon-dissenyara-la-imatge-de-la-35-mostra-de-valencia\/","name":"VICENT RAMON DISSENYAR\u00c0 LA IMATGE DE LA 35 MOSTRA DE VAL\u00c8NCIA - Mostra de Val\u00e8ncia","isPartOf":{"@id":"https:\/\/lamostradevalencia.com\/ca\/#website"},"primaryImageOfPage":{"@id":"https:\/\/lamostradevalencia.com\/ca\/vicent-ramon-dissenyara-la-imatge-de-la-35-mostra-de-valencia\/#primaryimage"},"image":{"@id":"https:\/\/lamostradevalencia.com\/ca\/vicent-ramon-dissenyara-la-imatge-de-la-35-mostra-de-valencia\/#primaryimage"},"thumbnailUrl":"https:\/\/lamostradevalencia.com\/wp-content\/uploads\/2020\/06\/vicent-ramon-e1591952031637.jpg","datePublished":"2020-06-12T08:39:42+00:00","dateModified":"2020-06-12T08:54:04+00:00","author":{"@id":"https:\/\/lamostradevalencia.com\/ca\/#\/schema\/person\/1dc07e4df3d6310b81d2cdf6a034070c"},"description":"El dissenyador proposa una imatge carregada de simbolisme","breadcrumb":{"@id":"https:\/\/lamostradevalencia.com\/ca\/vicent-ramon-dissenyara-la-imatge-de-la-35-mostra-de-valencia\/#breadcrumb"},"inLanguage":"ca","potentialAction":[{"@type":"ReadAction","target":["https:\/\/lamostradevalencia.com\/ca\/vicent-ramon-dissenyara-la-imatge-de-la-35-mostra-de-valencia\/"]}]},{"@type":"ImageObject","inLanguage":"ca","@id":"https:\/\/lamostradevalencia.com\/ca\/vicent-ramon-dissenyara-la-imatge-de-la-35-mostra-de-valencia\/#primaryimage","url":"https:\/\/lamostradevalencia.com\/wp-content\/uploads\/2020\/06\/vicent-ramon-e1591952031637.jpg","contentUrl":"https:\/\/lamostradevalencia.com\/wp-content\/uploads\/2020\/06\/vicent-ramon-e1591952031637.jpg","width":1292,"height":649},{"@type":"BreadcrumbList","@id":"https:\/\/lamostradevalencia.com\/ca\/vicent-ramon-dissenyara-la-imatge-de-la-35-mostra-de-valencia\/#breadcrumb","itemListElement":[{"@type":"ListItem","position":1,"name":"Portada","item":"https:\/\/lamostradevalencia.com\/ca\/"},{"@type":"ListItem","position":2,"name":"VICENT RAMON DISSENYAR\u00c0 LA IMATGE DE LA 35 MOSTRA DE VAL\u00c8NCIA"}]},{"@type":"WebSite","@id":"https:\/\/lamostradevalencia.com\/ca\/#website","url":"https:\/\/lamostradevalencia.com\/ca\/","name":"Mostra de Val\u00e8ncia","description":"Cinema del Mediterrani","potentialAction":[{"@type":"SearchAction","target":{"@type":"EntryPoint","urlTemplate":"https:\/\/lamostradevalencia.com\/ca\/?s={search_term_string}"},"query-input":{"@type":"PropertyValueSpecification","valueRequired":true,"valueName":"search_term_string"}}],"inLanguage":"ca"},{"@type":"Person","@id":"https:\/\/lamostradevalencia.com\/ca\/#\/schema\/person\/1dc07e4df3d6310b81d2cdf6a034070c","name":"Mostra de Val\u00e8ncia","image":{"@type":"ImageObject","inLanguage":"ca","@id":"https:\/\/secure.gravatar.com\/avatar\/ada4dfd699a9907706987adb1bb2b361c2613ccca474b49b8c648de5208e32f8?s=96&d=mm&r=g","url":"https:\/\/secure.gravatar.com\/avatar\/ada4dfd699a9907706987adb1bb2b361c2613ccca474b49b8c648de5208e32f8?s=96&d=mm&r=g","contentUrl":"https:\/\/secure.gravatar.com\/avatar\/ada4dfd699a9907706987adb1bb2b361c2613ccca474b49b8c648de5208e32f8?s=96&d=mm&r=g","caption":"Mostra de Val\u00e8ncia"}}]}},"uagb_featured_image_src":{"full":["https:\/\/lamostradevalencia.com\/wp-content\/uploads\/2020\/06\/vicent-ramon-e1591952031637.jpg",1292,649,false],"thumbnail":["https:\/\/lamostradevalencia.com\/wp-content\/uploads\/2020\/06\/vicent-ramon-e1591952031637-150x150.jpg",150,150,true],"medium":["https:\/\/lamostradevalencia.com\/wp-content\/uploads\/2020\/06\/vicent-ramon-e1591952031637-300x151.jpg",300,151,true],"medium_large":["https:\/\/lamostradevalencia.com\/wp-content\/uploads\/2020\/06\/vicent-ramon-e1591952031637-768x386.jpg",768,386,true],"large":["https:\/\/lamostradevalencia.com\/wp-content\/uploads\/2020\/06\/vicent-ramon-e1591952031637-1024x514.jpg",1024,514,true],"1536x1536":["https:\/\/lamostradevalencia.com\/wp-content\/uploads\/2020\/06\/vicent-ramon-e1591952031637.jpg",1292,649,false],"2048x2048":["https:\/\/lamostradevalencia.com\/wp-content\/uploads\/2020\/06\/vicent-ramon-e1591952031637.jpg",1292,649,false],"cinerama_edge_image_square":["https:\/\/lamostradevalencia.com\/wp-content\/uploads\/2020\/06\/vicent-ramon-e1591952031637-550x550.jpg",550,550,true],"cinerama_edge_image_landscape":["https:\/\/lamostradevalencia.com\/wp-content\/uploads\/2020\/06\/vicent-ramon-e1591952031637-1100x550.jpg",1100,550,true],"cinerama_edge_image_portrait":["https:\/\/lamostradevalencia.com\/wp-content\/uploads\/2020\/06\/vicent-ramon-e1591952031637-550x649.jpg",550,649,true],"cinerama_edge_image_huge":["https:\/\/lamostradevalencia.com\/wp-content\/uploads\/2020\/06\/vicent-ramon-e1591952031637-1100x649.jpg",1100,649,true],"gform-image-choice-sm":["https:\/\/lamostradevalencia.com\/wp-content\/uploads\/2020\/06\/vicent-ramon-e1591952031637.jpg",300,151,false],"gform-image-choice-md":["https:\/\/lamostradevalencia.com\/wp-content\/uploads\/2020\/06\/vicent-ramon-e1591952031637.jpg",400,201,false],"gform-image-choice-lg":["https:\/\/lamostradevalencia.com\/wp-content\/uploads\/2020\/06\/vicent-ramon-e1591952031637.jpg",600,301,false]},"uagb_author_info":{"display_name":"Mostra de Val\u00e8ncia","author_link":"https:\/\/lamostradevalencia.com\/ca\/author\/mostravalencia\/"},"uagb_comment_info":0,"uagb_excerpt":"M\u00e9s de 90 candidatures s\u2019han presentat al proc\u00e9s de selecci\u00f3 d\u2019on ha eixit guanyador el bocairent\u00ed. La 35a edici\u00f3 de la Mostra de Val\u00e8ncia-Cinema del [&hellip;]","_links":{"self":[{"href":"https:\/\/lamostradevalencia.com\/ca\/wp-json\/wp\/v2\/posts\/7114","targetHints":{"allow":["GET"]}}],"collection":[{"href":"https:\/\/lamostradevalencia.com\/ca\/wp-json\/wp\/v2\/posts"}],"about":[{"href":"https:\/\/lamostradevalencia.com\/ca\/wp-json\/wp\/v2\/types\/post"}],"author":[{"embeddable":true,"href":"https:\/\/lamostradevalencia.com\/ca\/wp-json\/wp\/v2\/users\/1"}],"replies":[{"embeddable":true,"href":"https:\/\/lamostradevalencia.com\/ca\/wp-json\/wp\/v2\/comments?post=7114"}],"version-history":[{"count":2,"href":"https:\/\/lamostradevalencia.com\/ca\/wp-json\/wp\/v2\/posts\/7114\/revisions"}],"predecessor-version":[{"id":7116,"href":"https:\/\/lamostradevalencia.com\/ca\/wp-json\/wp\/v2\/posts\/7114\/revisions\/7116"}],"wp:featuredmedia":[{"embeddable":true,"href":"https:\/\/lamostradevalencia.com\/ca\/wp-json\/wp\/v2\/media\/7104"}],"wp:attachment":[{"href":"https:\/\/lamostradevalencia.com\/ca\/wp-json\/wp\/v2\/media?parent=7114"}],"wp:term":[{"taxonomy":"category","embeddable":true,"href":"https:\/\/lamostradevalencia.com\/ca\/wp-json\/wp\/v2\/categories?post=7114"},{"taxonomy":"post_tag","embeddable":true,"href":"https:\/\/lamostradevalencia.com\/ca\/wp-json\/wp\/v2\/tags?post=7114"}],"curies":[{"name":"wp","href":"https:\/\/api.w.org\/{rel}","templated":true}]}}