{"id":4894,"date":"2020-01-09T17:31:51","date_gmt":"2020-01-09T15:31:51","guid":{"rendered":"https:\/\/lamostradevalencia.com\/?p=4894"},"modified":"2020-01-09T17:53:32","modified_gmt":"2020-01-09T15:53:32","slug":"mostra-de-valencia-apuja-laposta-per-laudiovisual-mediterrani","status":"publish","type":"post","link":"https:\/\/lamostradevalencia.com\/ca\/mostra-de-valencia-apuja-laposta-per-laudiovisual-mediterrani\/","title":{"rendered":"MOSTRA DE VAL\u00c8NCIA APUJA L&#8217;APOSTA PER L\u2019AUDIOVISUAL MEDITERRANI"},"content":{"rendered":"\n<p><strong>El festival s&#8217;unix a COPEAM, organitzaci\u00f3 internacional que promou la circulaci\u00f3 de les obres audiovisuals en la regi\u00f3\r\n\r\n<\/strong><\/p>\n\n\n\n<p>El passat 2 de desembre, la Conf\u00e9rence Permanent de l&#8217;Audiovisuel Mediterran\u00e9en (COPEAM), en l&#8217;\u00faltima reuni\u00f3 del seu Comit\u00e9 Directiu, va acceptar formalment i per unanimitat l&#8217;admissi\u00f3 com a membre de Mostra de Val\u00e8ncia-Cinema de l&#8217;Mediterrani. COPEAM \u00e9s una associaci\u00f3 sense \u00e0nim de lucre dedicada a la promoci\u00f3 del di\u00e0leg i la integraci\u00f3 cultural a la regi\u00f3 mediterr\u00e0nia, a trav\u00e9s de la participaci\u00f3 dels principals actors del sector audiovisual, entre els quals es troben mitjans de comunicaci\u00f3 de 26 pa\u00efsos de la zona, associacions professionals i culturals, institucions d&#8217;educaci\u00f3 superior i estructures d&#8217;especialitzaci\u00f3, productors independents i autoritats locals d&#8217;Europa, els Balcans, el nord d&#8217;\u00c0frica i Orient Mitj\u00e0. &#8220;Vull expressar la meua satisfacci\u00f3 personal per esta decisi\u00f3, que crec servir\u00e0 per establir una llarga i fruct\u00edfera col\u00b7laboraci\u00f3&#8221;, va assenyalar Claudio Cappon, Secretari General de COPEAM.\r\nL&#8217;activitat de la Comissi\u00f3 de Cinema, Festivals i Cultura t\u00e9 com a fi afavorir la producci\u00f3 i la circulaci\u00f3 de les obres audiovisuals a la regi\u00f3 mediterr\u00e0nia. El seu objectiu b\u00e0sic \u00e9s fomentar la creativitat, especialment dels joves talents, a trav\u00e9s de la creaci\u00f3 de xarxes entre els principals actors del mercat audiovisual euromediterrani: productors, festivals, distribu\u00efdors i canals de televisi\u00f3. Per a la Mostra es tracta d&#8217; &#8220;un pas m\u00e9s en la seua voluntat de visibilitzar el festival fora d&#8217;Espanya i d&#8217;establir lla\u00e7os amb entitats i institucions de l&#8217;\u00e0mbit mediterrani que permeten posicionar Val\u00e8ncia al mapa audiovisual internacional &#8220;, segons la regidora de Cultura, Gloria Tello.\r\nAmb l&#8217;objectiu d&#8217;establir una xarxa d&#8217;intercanvi i suport a favor dels festivals cinematogr\u00e0fics de la Mediterr\u00e0nia, COPEAM organitzar\u00e0 la seua pr\u00f2xima reuni\u00f3 professional en abril de 2020 a la seu operativa de Roma, en les oficines de la RAI. L&#8217;Associaci\u00f3 est\u00e0 compromesa en el camp de la capacitaci\u00f3 i s&#8217;adre\u00e7a a joves professionals dels mitjans de comunicaci\u00f3 de les dos riberes de la Mediterr\u00e0nia; coordina diverses coproduccions internacionals de r\u00e0dio i televisi\u00f3; porta a terme accions en favor de la salvaguarda i promoci\u00f3 del patrimoni audiovisual euromediterrani; organitza seminaris i confer\u00e8ncies professionals sobre temes d&#8217;actualitat per al sector dels mitjans de comunicaci\u00f3, aix\u00ed com campanyes i iniciatives de sensibilitzaci\u00f3 en els mitjans de comunicaci\u00f3 en col\u00b7laboraci\u00f3 amb organismes internacionals sobre q\u00fcestions globals rellevants com ara el medi ambient, la migraci\u00f3, la joventut o la igualtat de g\u00e8nere; i col\u00b7labora amb la Uni\u00f3 Europea de Radiodifusi\u00f3 EBU-Uni\u00f3 Europea i la Uni\u00f3 de Radiodifusi\u00f3 ASBU-Estats \u00c0rabs en activitats de cooperaci\u00f3 entre Europa i el m\u00f3n \u00e0rab.<\/p>\n","protected":false},"excerpt":{"rendered":"<p>El festival s&#8217;unix a COPEAM, organitzaci\u00f3 internacional que promou la circulaci\u00f3 de les obres audiovisuals en la regi\u00f3<\/p>\n","protected":false},"author":1,"featured_media":4900,"comment_status":"open","ping_status":"open","sticky":false,"template":"","format":"standard","meta":{"_uag_custom_page_level_css":"","_jet_sm_ready_style":"","_jet_sm_style":"","_jet_sm_controls_values":"","_jet_sm_fonts_collection":"","_jet_sm_fonts_links":"","footnotes":""},"categories":[455],"tags":[1572,1575,464],"class_list":["post-4894","post","type-post","status-publish","format-standard","has-post-thumbnail","hentry","category-noticies","tag-copeam","tag-mediterrani","tag-mostra-de-valencia"],"yoast_head":"<!-- This site is optimized with the Yoast SEO plugin v27.5 - https:\/\/yoast.com\/product\/yoast-seo-wordpress\/ -->\n<title>MOSTRA DE VAL\u00c8NCIA APUJA L&#039;APOSTA PER L\u2019AUDIOVISUAL MEDITERRANI<\/title>\n<meta name=\"description\" content=\"El festival es convertix en membre de COPEAM\" \/>\n<meta name=\"robots\" content=\"index, follow, max-snippet:-1, max-image-preview:large, max-video-preview:-1\" \/>\n<link rel=\"canonical\" href=\"https:\/\/lamostradevalencia.com\/ca\/mostra-de-valencia-apuja-laposta-per-laudiovisual-mediterrani\/\" \/>\n<meta property=\"og:locale\" content=\"ca_ES\" \/>\n<meta property=\"og:type\" content=\"article\" \/>\n<meta property=\"og:title\" content=\"MOSTRA DE VAL\u00c8NCIA APUJA L&#039;APOSTA PER L\u2019AUDIOVISUAL MEDITERRANI\" \/>\n<meta property=\"og:description\" content=\"El festival es convertix en membre de COPEAM\" \/>\n<meta property=\"og:url\" content=\"https:\/\/lamostradevalencia.com\/ca\/mostra-de-valencia-apuja-laposta-per-laudiovisual-mediterrani\/\" \/>\n<meta property=\"og:site_name\" content=\"Mostra de Val\u00e8ncia\" \/>\n<meta property=\"article:published_time\" content=\"2020-01-09T15:31:51+00:00\" \/>\n<meta property=\"article:modified_time\" content=\"2020-01-09T15:53:32+00:00\" \/>\n<meta property=\"og:image\" content=\"https:\/\/lamostradevalencia.com\/wp-content\/uploads\/2020\/01\/Captura-de-pantalla-2020-01-09-a-las-16.41.07.png\" \/>\n\t<meta property=\"og:image:width\" content=\"639\" \/>\n\t<meta property=\"og:image:height\" content=\"409\" \/>\n\t<meta property=\"og:image:type\" content=\"image\/png\" \/>\n<meta name=\"author\" content=\"Mostra de Val\u00e8ncia\" \/>\n<meta name=\"twitter:card\" content=\"summary_large_image\" \/>\n<meta name=\"twitter:label1\" content=\"Escrit per\" \/>\n\t<meta name=\"twitter:data1\" content=\"Mostra de Val\u00e8ncia\" \/>\n\t<meta name=\"twitter:label2\" content=\"Temps estimat de lectura\" \/>\n\t<meta name=\"twitter:data2\" content=\"2 minuts\" \/>\n<script type=\"application\/ld+json\" class=\"yoast-schema-graph\">{\"@context\":\"https:\\\/\\\/schema.org\",\"@graph\":[{\"@type\":\"Article\",\"@id\":\"https:\\\/\\\/lamostradevalencia.com\\\/ca\\\/mostra-de-valencia-apuja-laposta-per-laudiovisual-mediterrani\\\/#article\",\"isPartOf\":{\"@id\":\"https:\\\/\\\/lamostradevalencia.com\\\/ca\\\/mostra-de-valencia-apuja-laposta-per-laudiovisual-mediterrani\\\/\"},\"author\":{\"name\":\"Mostra de Val\u00e8ncia\",\"@id\":\"https:\\\/\\\/lamostradevalencia.com\\\/ca\\\/#\\\/schema\\\/person\\\/1dc07e4df3d6310b81d2cdf6a034070c\"},\"headline\":\"MOSTRA DE VAL\u00c8NCIA APUJA L&#8217;APOSTA PER L\u2019AUDIOVISUAL MEDITERRANI\",\"datePublished\":\"2020-01-09T15:31:51+00:00\",\"dateModified\":\"2020-01-09T15:53:32+00:00\",\"mainEntityOfPage\":{\"@id\":\"https:\\\/\\\/lamostradevalencia.com\\\/ca\\\/mostra-de-valencia-apuja-laposta-per-laudiovisual-mediterrani\\\/\"},\"wordCount\":476,\"commentCount\":0,\"image\":{\"@id\":\"https:\\\/\\\/lamostradevalencia.com\\\/ca\\\/mostra-de-valencia-apuja-laposta-per-laudiovisual-mediterrani\\\/#primaryimage\"},\"thumbnailUrl\":\"https:\\\/\\\/lamostradevalencia.com\\\/wp-content\\\/uploads\\\/2020\\\/01\\\/Captura-de-pantalla-2020-01-09-a-las-16.41.07.png\",\"keywords\":[\"COPEAM\",\"Mediterrani\",\"Mostra de Val\u00e8ncia\"],\"articleSection\":[\"Noticies\"],\"inLanguage\":\"ca\",\"potentialAction\":[{\"@type\":\"CommentAction\",\"name\":\"Comment\",\"target\":[\"https:\\\/\\\/lamostradevalencia.com\\\/ca\\\/mostra-de-valencia-apuja-laposta-per-laudiovisual-mediterrani\\\/#respond\"]}]},{\"@type\":\"WebPage\",\"@id\":\"https:\\\/\\\/lamostradevalencia.com\\\/ca\\\/mostra-de-valencia-apuja-laposta-per-laudiovisual-mediterrani\\\/\",\"url\":\"https:\\\/\\\/lamostradevalencia.com\\\/ca\\\/mostra-de-valencia-apuja-laposta-per-laudiovisual-mediterrani\\\/\",\"name\":\"MOSTRA DE VAL\u00c8NCIA APUJA L'APOSTA PER L\u2019AUDIOVISUAL MEDITERRANI\",\"isPartOf\":{\"@id\":\"https:\\\/\\\/lamostradevalencia.com\\\/ca\\\/#website\"},\"primaryImageOfPage\":{\"@id\":\"https:\\\/\\\/lamostradevalencia.com\\\/ca\\\/mostra-de-valencia-apuja-laposta-per-laudiovisual-mediterrani\\\/#primaryimage\"},\"image\":{\"@id\":\"https:\\\/\\\/lamostradevalencia.com\\\/ca\\\/mostra-de-valencia-apuja-laposta-per-laudiovisual-mediterrani\\\/#primaryimage\"},\"thumbnailUrl\":\"https:\\\/\\\/lamostradevalencia.com\\\/wp-content\\\/uploads\\\/2020\\\/01\\\/Captura-de-pantalla-2020-01-09-a-las-16.41.07.png\",\"datePublished\":\"2020-01-09T15:31:51+00:00\",\"dateModified\":\"2020-01-09T15:53:32+00:00\",\"author\":{\"@id\":\"https:\\\/\\\/lamostradevalencia.com\\\/ca\\\/#\\\/schema\\\/person\\\/1dc07e4df3d6310b81d2cdf6a034070c\"},\"description\":\"El festival es convertix en membre de COPEAM\",\"breadcrumb\":{\"@id\":\"https:\\\/\\\/lamostradevalencia.com\\\/ca\\\/mostra-de-valencia-apuja-laposta-per-laudiovisual-mediterrani\\\/#breadcrumb\"},\"inLanguage\":\"ca\",\"potentialAction\":[{\"@type\":\"ReadAction\",\"target\":[\"https:\\\/\\\/lamostradevalencia.com\\\/ca\\\/mostra-de-valencia-apuja-laposta-per-laudiovisual-mediterrani\\\/\"]}]},{\"@type\":\"ImageObject\",\"inLanguage\":\"ca\",\"@id\":\"https:\\\/\\\/lamostradevalencia.com\\\/ca\\\/mostra-de-valencia-apuja-laposta-per-laudiovisual-mediterrani\\\/#primaryimage\",\"url\":\"https:\\\/\\\/lamostradevalencia.com\\\/wp-content\\\/uploads\\\/2020\\\/01\\\/Captura-de-pantalla-2020-01-09-a-las-16.41.07.png\",\"contentUrl\":\"https:\\\/\\\/lamostradevalencia.com\\\/wp-content\\\/uploads\\\/2020\\\/01\\\/Captura-de-pantalla-2020-01-09-a-las-16.41.07.png\",\"width\":639,\"height\":409,\"caption\":\"Copeam\"},{\"@type\":\"BreadcrumbList\",\"@id\":\"https:\\\/\\\/lamostradevalencia.com\\\/ca\\\/mostra-de-valencia-apuja-laposta-per-laudiovisual-mediterrani\\\/#breadcrumb\",\"itemListElement\":[{\"@type\":\"ListItem\",\"position\":1,\"name\":\"Portada\",\"item\":\"https:\\\/\\\/lamostradevalencia.com\\\/ca\\\/\"},{\"@type\":\"ListItem\",\"position\":2,\"name\":\"MOSTRA DE VAL\u00c8NCIA APUJA L&#8217;APOSTA PER L\u2019AUDIOVISUAL MEDITERRANI\"}]},{\"@type\":\"WebSite\",\"@id\":\"https:\\\/\\\/lamostradevalencia.com\\\/ca\\\/#website\",\"url\":\"https:\\\/\\\/lamostradevalencia.com\\\/ca\\\/\",\"name\":\"Mostra de Val\u00e8ncia\",\"description\":\"Cinema del Mediterrani\",\"potentialAction\":[{\"@type\":\"SearchAction\",\"target\":{\"@type\":\"EntryPoint\",\"urlTemplate\":\"https:\\\/\\\/lamostradevalencia.com\\\/ca\\\/?s={search_term_string}\"},\"query-input\":{\"@type\":\"PropertyValueSpecification\",\"valueRequired\":true,\"valueName\":\"search_term_string\"}}],\"inLanguage\":\"ca\"},{\"@type\":\"Person\",\"@id\":\"https:\\\/\\\/lamostradevalencia.com\\\/ca\\\/#\\\/schema\\\/person\\\/1dc07e4df3d6310b81d2cdf6a034070c\",\"name\":\"Mostra de Val\u00e8ncia\",\"image\":{\"@type\":\"ImageObject\",\"inLanguage\":\"ca\",\"@id\":\"https:\\\/\\\/secure.gravatar.com\\\/avatar\\\/ada4dfd699a9907706987adb1bb2b361c2613ccca474b49b8c648de5208e32f8?s=96&d=mm&r=g\",\"url\":\"https:\\\/\\\/secure.gravatar.com\\\/avatar\\\/ada4dfd699a9907706987adb1bb2b361c2613ccca474b49b8c648de5208e32f8?s=96&d=mm&r=g\",\"contentUrl\":\"https:\\\/\\\/secure.gravatar.com\\\/avatar\\\/ada4dfd699a9907706987adb1bb2b361c2613ccca474b49b8c648de5208e32f8?s=96&d=mm&r=g\",\"caption\":\"Mostra de Val\u00e8ncia\"}}]}<\/script>\n<!-- \/ Yoast SEO plugin. -->","yoast_head_json":{"title":"MOSTRA DE VAL\u00c8NCIA APUJA L'APOSTA PER L\u2019AUDIOVISUAL MEDITERRANI","description":"El festival es convertix en membre de COPEAM","robots":{"index":"index","follow":"follow","max-snippet":"max-snippet:-1","max-image-preview":"max-image-preview:large","max-video-preview":"max-video-preview:-1"},"canonical":"https:\/\/lamostradevalencia.com\/ca\/mostra-de-valencia-apuja-laposta-per-laudiovisual-mediterrani\/","og_locale":"ca_ES","og_type":"article","og_title":"MOSTRA DE VAL\u00c8NCIA APUJA L'APOSTA PER L\u2019AUDIOVISUAL MEDITERRANI","og_description":"El festival es convertix en membre de COPEAM","og_url":"https:\/\/lamostradevalencia.com\/ca\/mostra-de-valencia-apuja-laposta-per-laudiovisual-mediterrani\/","og_site_name":"Mostra de Val\u00e8ncia","article_published_time":"2020-01-09T15:31:51+00:00","article_modified_time":"2020-01-09T15:53:32+00:00","og_image":[{"width":639,"height":409,"url":"https:\/\/lamostradevalencia.com\/wp-content\/uploads\/2020\/01\/Captura-de-pantalla-2020-01-09-a-las-16.41.07.png","type":"image\/png"}],"author":"Mostra de Val\u00e8ncia","twitter_card":"summary_large_image","twitter_misc":{"Escrit per":"Mostra de Val\u00e8ncia","Temps estimat de lectura":"2 minuts"},"schema":{"@context":"https:\/\/schema.org","@graph":[{"@type":"Article","@id":"https:\/\/lamostradevalencia.com\/ca\/mostra-de-valencia-apuja-laposta-per-laudiovisual-mediterrani\/#article","isPartOf":{"@id":"https:\/\/lamostradevalencia.com\/ca\/mostra-de-valencia-apuja-laposta-per-laudiovisual-mediterrani\/"},"author":{"name":"Mostra de Val\u00e8ncia","@id":"https:\/\/lamostradevalencia.com\/ca\/#\/schema\/person\/1dc07e4df3d6310b81d2cdf6a034070c"},"headline":"MOSTRA DE VAL\u00c8NCIA APUJA L&#8217;APOSTA PER L\u2019AUDIOVISUAL MEDITERRANI","datePublished":"2020-01-09T15:31:51+00:00","dateModified":"2020-01-09T15:53:32+00:00","mainEntityOfPage":{"@id":"https:\/\/lamostradevalencia.com\/ca\/mostra-de-valencia-apuja-laposta-per-laudiovisual-mediterrani\/"},"wordCount":476,"commentCount":0,"image":{"@id":"https:\/\/lamostradevalencia.com\/ca\/mostra-de-valencia-apuja-laposta-per-laudiovisual-mediterrani\/#primaryimage"},"thumbnailUrl":"https:\/\/lamostradevalencia.com\/wp-content\/uploads\/2020\/01\/Captura-de-pantalla-2020-01-09-a-las-16.41.07.png","keywords":["COPEAM","Mediterrani","Mostra de Val\u00e8ncia"],"articleSection":["Noticies"],"inLanguage":"ca","potentialAction":[{"@type":"CommentAction","name":"Comment","target":["https:\/\/lamostradevalencia.com\/ca\/mostra-de-valencia-apuja-laposta-per-laudiovisual-mediterrani\/#respond"]}]},{"@type":"WebPage","@id":"https:\/\/lamostradevalencia.com\/ca\/mostra-de-valencia-apuja-laposta-per-laudiovisual-mediterrani\/","url":"https:\/\/lamostradevalencia.com\/ca\/mostra-de-valencia-apuja-laposta-per-laudiovisual-mediterrani\/","name":"MOSTRA DE VAL\u00c8NCIA APUJA L'APOSTA PER L\u2019AUDIOVISUAL MEDITERRANI","isPartOf":{"@id":"https:\/\/lamostradevalencia.com\/ca\/#website"},"primaryImageOfPage":{"@id":"https:\/\/lamostradevalencia.com\/ca\/mostra-de-valencia-apuja-laposta-per-laudiovisual-mediterrani\/#primaryimage"},"image":{"@id":"https:\/\/lamostradevalencia.com\/ca\/mostra-de-valencia-apuja-laposta-per-laudiovisual-mediterrani\/#primaryimage"},"thumbnailUrl":"https:\/\/lamostradevalencia.com\/wp-content\/uploads\/2020\/01\/Captura-de-pantalla-2020-01-09-a-las-16.41.07.png","datePublished":"2020-01-09T15:31:51+00:00","dateModified":"2020-01-09T15:53:32+00:00","author":{"@id":"https:\/\/lamostradevalencia.com\/ca\/#\/schema\/person\/1dc07e4df3d6310b81d2cdf6a034070c"},"description":"El festival es convertix en membre de COPEAM","breadcrumb":{"@id":"https:\/\/lamostradevalencia.com\/ca\/mostra-de-valencia-apuja-laposta-per-laudiovisual-mediterrani\/#breadcrumb"},"inLanguage":"ca","potentialAction":[{"@type":"ReadAction","target":["https:\/\/lamostradevalencia.com\/ca\/mostra-de-valencia-apuja-laposta-per-laudiovisual-mediterrani\/"]}]},{"@type":"ImageObject","inLanguage":"ca","@id":"https:\/\/lamostradevalencia.com\/ca\/mostra-de-valencia-apuja-laposta-per-laudiovisual-mediterrani\/#primaryimage","url":"https:\/\/lamostradevalencia.com\/wp-content\/uploads\/2020\/01\/Captura-de-pantalla-2020-01-09-a-las-16.41.07.png","contentUrl":"https:\/\/lamostradevalencia.com\/wp-content\/uploads\/2020\/01\/Captura-de-pantalla-2020-01-09-a-las-16.41.07.png","width":639,"height":409,"caption":"Copeam"},{"@type":"BreadcrumbList","@id":"https:\/\/lamostradevalencia.com\/ca\/mostra-de-valencia-apuja-laposta-per-laudiovisual-mediterrani\/#breadcrumb","itemListElement":[{"@type":"ListItem","position":1,"name":"Portada","item":"https:\/\/lamostradevalencia.com\/ca\/"},{"@type":"ListItem","position":2,"name":"MOSTRA DE VAL\u00c8NCIA APUJA L&#8217;APOSTA PER L\u2019AUDIOVISUAL MEDITERRANI"}]},{"@type":"WebSite","@id":"https:\/\/lamostradevalencia.com\/ca\/#website","url":"https:\/\/lamostradevalencia.com\/ca\/","name":"Mostra de Val\u00e8ncia","description":"Cinema del Mediterrani","potentialAction":[{"@type":"SearchAction","target":{"@type":"EntryPoint","urlTemplate":"https:\/\/lamostradevalencia.com\/ca\/?s={search_term_string}"},"query-input":{"@type":"PropertyValueSpecification","valueRequired":true,"valueName":"search_term_string"}}],"inLanguage":"ca"},{"@type":"Person","@id":"https:\/\/lamostradevalencia.com\/ca\/#\/schema\/person\/1dc07e4df3d6310b81d2cdf6a034070c","name":"Mostra de Val\u00e8ncia","image":{"@type":"ImageObject","inLanguage":"ca","@id":"https:\/\/secure.gravatar.com\/avatar\/ada4dfd699a9907706987adb1bb2b361c2613ccca474b49b8c648de5208e32f8?s=96&d=mm&r=g","url":"https:\/\/secure.gravatar.com\/avatar\/ada4dfd699a9907706987adb1bb2b361c2613ccca474b49b8c648de5208e32f8?s=96&d=mm&r=g","contentUrl":"https:\/\/secure.gravatar.com\/avatar\/ada4dfd699a9907706987adb1bb2b361c2613ccca474b49b8c648de5208e32f8?s=96&d=mm&r=g","caption":"Mostra de Val\u00e8ncia"}}]}},"uagb_featured_image_src":{"full":["https:\/\/lamostradevalencia.com\/wp-content\/uploads\/2020\/01\/Captura-de-pantalla-2020-01-09-a-las-16.41.07.png",639,409,false],"thumbnail":["https:\/\/lamostradevalencia.com\/wp-content\/uploads\/2020\/01\/Captura-de-pantalla-2020-01-09-a-las-16.41.07-150x150.png",150,150,true],"medium":["https:\/\/lamostradevalencia.com\/wp-content\/uploads\/2020\/01\/Captura-de-pantalla-2020-01-09-a-las-16.41.07-300x192.png",300,192,true],"medium_large":["https:\/\/lamostradevalencia.com\/wp-content\/uploads\/2020\/01\/Captura-de-pantalla-2020-01-09-a-las-16.41.07.png",639,409,false],"large":["https:\/\/lamostradevalencia.com\/wp-content\/uploads\/2020\/01\/Captura-de-pantalla-2020-01-09-a-las-16.41.07.png",639,409,false],"1536x1536":["https:\/\/lamostradevalencia.com\/wp-content\/uploads\/2020\/01\/Captura-de-pantalla-2020-01-09-a-las-16.41.07.png",639,409,false],"2048x2048":["https:\/\/lamostradevalencia.com\/wp-content\/uploads\/2020\/01\/Captura-de-pantalla-2020-01-09-a-las-16.41.07.png",639,409,false],"cinerama_edge_image_square":["https:\/\/lamostradevalencia.com\/wp-content\/uploads\/2020\/01\/Captura-de-pantalla-2020-01-09-a-las-16.41.07-550x409.png",550,409,true],"cinerama_edge_image_landscape":["https:\/\/lamostradevalencia.com\/wp-content\/uploads\/2020\/01\/Captura-de-pantalla-2020-01-09-a-las-16.41.07.png",639,409,false],"cinerama_edge_image_portrait":["https:\/\/lamostradevalencia.com\/wp-content\/uploads\/2020\/01\/Captura-de-pantalla-2020-01-09-a-las-16.41.07-550x409.png",550,409,true],"cinerama_edge_image_huge":["https:\/\/lamostradevalencia.com\/wp-content\/uploads\/2020\/01\/Captura-de-pantalla-2020-01-09-a-las-16.41.07.png",639,409,false],"gform-image-choice-sm":["https:\/\/lamostradevalencia.com\/wp-content\/uploads\/2020\/01\/Captura-de-pantalla-2020-01-09-a-las-16.41.07.png",300,192,false],"gform-image-choice-md":["https:\/\/lamostradevalencia.com\/wp-content\/uploads\/2020\/01\/Captura-de-pantalla-2020-01-09-a-las-16.41.07.png",400,256,false],"gform-image-choice-lg":["https:\/\/lamostradevalencia.com\/wp-content\/uploads\/2020\/01\/Captura-de-pantalla-2020-01-09-a-las-16.41.07.png",600,384,false]},"uagb_author_info":{"display_name":"Mostra de Val\u00e8ncia","author_link":"https:\/\/lamostradevalencia.com\/ca\/author\/mostravalencia\/"},"uagb_comment_info":0,"uagb_excerpt":"El festival s'unix a COPEAM, organitzaci\u00f3 internacional que promou la circulaci\u00f3 de les obres audiovisuals en la regi\u00f3","_links":{"self":[{"href":"https:\/\/lamostradevalencia.com\/ca\/wp-json\/wp\/v2\/posts\/4894","targetHints":{"allow":["GET"]}}],"collection":[{"href":"https:\/\/lamostradevalencia.com\/ca\/wp-json\/wp\/v2\/posts"}],"about":[{"href":"https:\/\/lamostradevalencia.com\/ca\/wp-json\/wp\/v2\/types\/post"}],"author":[{"embeddable":true,"href":"https:\/\/lamostradevalencia.com\/ca\/wp-json\/wp\/v2\/users\/1"}],"replies":[{"embeddable":true,"href":"https:\/\/lamostradevalencia.com\/ca\/wp-json\/wp\/v2\/comments?post=4894"}],"version-history":[{"count":3,"href":"https:\/\/lamostradevalencia.com\/ca\/wp-json\/wp\/v2\/posts\/4894\/revisions"}],"predecessor-version":[{"id":4904,"href":"https:\/\/lamostradevalencia.com\/ca\/wp-json\/wp\/v2\/posts\/4894\/revisions\/4904"}],"wp:featuredmedia":[{"embeddable":true,"href":"https:\/\/lamostradevalencia.com\/ca\/wp-json\/wp\/v2\/media\/4900"}],"wp:attachment":[{"href":"https:\/\/lamostradevalencia.com\/ca\/wp-json\/wp\/v2\/media?parent=4894"}],"wp:term":[{"taxonomy":"category","embeddable":true,"href":"https:\/\/lamostradevalencia.com\/ca\/wp-json\/wp\/v2\/categories?post=4894"},{"taxonomy":"post_tag","embeddable":true,"href":"https:\/\/lamostradevalencia.com\/ca\/wp-json\/wp\/v2\/tags?post=4894"}],"curies":[{"name":"wp","href":"https:\/\/api.w.org\/{rel}","templated":true}]}}