{"id":4736,"date":"2019-11-02T11:43:04","date_gmt":"2019-11-02T09:43:04","guid":{"rendered":"https:\/\/lamostradevalencia.com\/la-pellicula-turca-the-announcement-palmera-dor-de-la-34a-mostra-de-valencia\/"},"modified":"2019-11-02T11:46:14","modified_gmt":"2019-11-02T09:46:14","slug":"la-pellicula-turca-the-announcement-palmera-dor-de-la-34a-mostra-de-valencia","status":"publish","type":"post","link":"https:\/\/lamostradevalencia.com\/ca\/la-pellicula-turca-the-announcement-palmera-dor-de-la-34a-mostra-de-valencia\/","title":{"rendered":"La pel\u00b7l\u00edcula turca &#8216;The Announcement&#8217;, Palmera d&#8217;Or de la 34a Mostra de Val\u00e8ncia"},"content":{"rendered":"\n<p><span id=\"m_1419996897820736604gmail-docs-internal-guid-639cc6e9-7fff-0915-f687-19f441122ffc\">La 34a edici\u00f3 de Mostra de Val\u00e8ncia\u2013Cinema del Mediterrani arriba a la seua fi. Un festival que va tornar en 2018 amb l&#8217;objectiu d&#8217;amplificar el nou cinema fet als pa\u00efsos de la conca del Mediterrani, on en els \u00faltims anys s&#8217;ha produ\u00eft una revoluci\u00f3 cultural audiovisual els ecos de la qual ressonen a tot el m\u00f3n.\u00a0<\/span><\/p>\n\n<p><span id=\"m_1419996897820736604gmail-docs-internal-guid-639cc6e9-7fff-0915-f687-19f441122ffc\">I va tornar convertit en tot un nou referent per als amants del cinema tant emergent com llegendari, amb una proposta audiovisual cuidada i din\u00e0mica aix\u00ed com un espai de reflexi\u00f3 per a repensar el Mediterrani. I amb una proposta tan ferma com la que es vol apuntalar de nou en cada edici\u00f3.<\/span><\/p>\n\n<p><p dir=\"ltr\">La pel\u00b7l\u00edcula &#8216;The Announcement&#8217; del director turc Mahmut Fazil Coskun, s&#8217;ha al\u00e7at amb la Palmera d\u00b4Or, premi dotat amb 25.000\u20ac. Una brillant com\u00e8dia sarc\u00e0stica sobre un intent fallit de colp militar a Turquia, amb un humor \u00e0cid en el deixant dels treballs de Aki Kaurism\u00e4ki i els germans Coen.<\/p><\/p>\n\n<p><p dir=\"ltr\">El jurat, presidit per la directora de fotografia francesa Marie Spencer, ha considerat que &#8216;The Announcement&#8217; mereix la Palmera d&#8217;Or per &#8220;la visi\u00f3 i l&#8217;habilitat del seu director i per la perfecta execuci\u00f3 de tots els seus departaments aix\u00ed com per escollir un estil c\u00f2mic i absurd per explicar una hist\u00f2ria atrevida i oportuna&#8221;. &#8216;The Announcement&#8217; a m\u00e9s, ha aconseguit al\u00e7ar-se amb els premis a Millor Gui\u00f3, escrit pel propi director Mahmut Fazil Coskun i Ercan Kesa; i Millor Fotografia, de Krum Rodr\u00edguez.<\/p><\/p>\n\n<p><p dir=\"ltr\">La Palmera de Plata, dotada amb 10.000\u20ac, ha sigut per a &#8220;The\u00a0 Day I Lost my Shadow&#8221;, de la directora siriana Soudade Kaadan. \u00c9s un relat amb tocs de realisme m\u00e0gic ambientada a S\u00edria l&#8217;any 2012. En opini\u00f3 del jurat &#8220;Per crear una pel\u00b7l\u00edcula que posseeix una cinem\u00e0tica elegant i po\u00e8tica que posa el focus sobre l&#8217;agonia de la gent en una part del m\u00f3n on les vides humanes perillen a causa d&#8217;una guerra horrible&#8221;.<\/p><\/p>\n\n<p><p dir=\"ltr\">La Palmera de Bronze, dotada amb 5.000\u20ac,\u00a0 \u00e9s per a la producci\u00f3 francesa &#8216;Sympathy for the Devil&#8217;. El potent deb\u00fat de Guillaume de Fontenay. Una hist\u00f2ria basada en fets reals, que ens porta a primera l\u00ednia de foc informativa de la guerra dels Balcans. En 1992, en ple conflicte, el periodista franc\u00e9s Paul Marchand cobreix el setge de Sarajevo. La seua actitud provocadora l&#8217;enfronta amb militars, tropes de Nacions Unides i fins i tot amb els propis companys.<\/p>&#13;\n\u00a0<\/p>\n\n<p><span id=\"m_1419996897820736604gmail-docs-internal-guid-639cc6e9-7fff-0915-f687-19f441122ffc\">Per al jurat de Mostra de Val\u00e8ncia, &#8216;Sympathy for the Devil&#8217; \u00e9s mereixedora d&#8217;aquesta Palmera de Bronze per &#8220;contar una hist\u00f2ria sobre l&#8217;interminable lletjor de la ind\u00fastria de la guerra i pel seu retrat d&#8217;un car\u00e0cter \u00fanic, el viatge del qual representa el complex dilema \u00e8tic que afronta un corresponsal de guerra: \u00e9sser nom\u00e9s un testimoni o implicar-se en el conflicte&#8221;.<\/span><\/p>\n\n<p><p dir=\"ltr\">A m\u00e9s, el jurat ha concedit els seg\u00fcents premis: Millor direcci\u00f3 per a la documentalista italiana Michela Occhipinti per &#8216;Flesh Out&#8217;; Millor Interpretaci\u00f3 Masculina per a Ahmed Hafiene per &#8216;Fatwa&#8217;; Millor Interpretaci\u00f3 femenina per a Emilie Pipponier per &#8216;Alice&#8217; i Millor banda sonora per a Marius Leftarache per &#8216;A Shelter Among the Clouds&#8217;.<\/p>&#13;\n\u00a0<\/p>\n\n<p><p dir=\"ltr\">En virtut del Conveni de col\u00b7laboraci\u00f3 entre \u00c0 Punt i Mostra de Val\u00e8ncia es concedeix el premi \u00c0 Punt, a la pel\u00b7l\u00edcula de la secci\u00f3 oficial &#8220;que millor promoga els valors d&#8217;integraci\u00f3 social, civisme, cooperaci\u00f3 i pau, des del respecte a la diversitat de social, de g\u00e8nere, cultural i geogr\u00e0fica&#8221;. La triada ha sigut &#8216;Fatwa&#8221;, de Mahmoud Ben Mahmoud.<\/p>&#13;\n\u00a0<\/p>\n\n<p><span id=\"m_1419996897820736604gmail-docs-internal-guid-639cc6e9-7fff-0915-f687-19f441122ffc\">\u00c0 Punt valora especialment en &#8216;Fatwa&#8217; la capacitat del seu director per a retratar les diferents sensibilitats isl\u00e0miques que conviuen a Tun\u00edsia despr\u00e9s de la primavera \u00e0rab i els canvis socials que se&#8217;n deriven. Igualment, el film radiografia l&#8217;impacte que els processos de radicalitzaci\u00f3 religiosa tenen en les relacions individuals i posa la mirada sobre el paper de la dona en un entorn que li \u00e9s estructuralment desfavorable. Aquest premi porta impl\u00edcita l&#8217;adquisici\u00f3 dels drets d&#8217;emissi\u00f3 per part d&#8217;\u00c0 Punt M\u00e8dia.<\/span><\/p>\n\n<p>Els Premis del Palmar\u00e9s s&#8217;entregaran en la clausura d&#8217;aquesta edici\u00f3 de Mostra de Val\u00e8ncia\u2013Cinema del Mediterrani, hui 1 de novembre a les 19h en el Teatre Principal de Val\u00e8ncia. Les pel\u00b7l\u00edcules guanyadores es podran veure aquest cap de setmana als Cines Babel.<\/p>\n","protected":false},"excerpt":{"rendered":"<p>La 34a edici\u00f3 de Mostra de Val\u00e8ncia\u2013Cinema del Mediterrani arriba a la seua fi. Un festival que va tornar en 2018 amb l&#8217;objectiu d&#8217;amplificar el [&hellip;]<\/p>\n","protected":false},"author":1,"featured_media":4733,"comment_status":"open","ping_status":"open","sticky":false,"template":"","format":"standard","meta":{"_uag_custom_page_level_css":"","_jet_sm_ready_style":"","_jet_sm_style":"","_jet_sm_controls_values":"","_jet_sm_fonts_collection":"","_jet_sm_fonts_links":"","footnotes":""},"categories":[459],"tags":[],"class_list":["post-4736","post","type-post","status-publish","format-standard","has-post-thumbnail","hentry","category-palmares-ca"],"yoast_head":"<!-- This site is optimized with the Yoast SEO plugin v27.5 - https:\/\/yoast.com\/product\/yoast-seo-wordpress\/ -->\n<title>La pel\u00b7l\u00edcula turca &#039;The Announcement&#039;, Palmera d&#039;Or de la 34a Mostra de Val\u00e8ncia<\/title>\n<meta name=\"description\" content=\"La com\u00e8dia sarc\u00e0stica de Mahmut Fazil Coskun s&#039;al\u00e7a amb tres premis\" \/>\n<meta name=\"robots\" content=\"index, follow, max-snippet:-1, max-image-preview:large, max-video-preview:-1\" \/>\n<link rel=\"canonical\" href=\"https:\/\/lamostradevalencia.com\/ca\/la-pellicula-turca-the-announcement-palmera-dor-de-la-34a-mostra-de-valencia\/\" \/>\n<meta property=\"og:locale\" content=\"ca_ES\" \/>\n<meta property=\"og:type\" content=\"article\" \/>\n<meta property=\"og:title\" content=\"La pel\u00b7l\u00edcula turca &#039;The Announcement&#039;, Palmera d&#039;Or de la 34a Mostra de Val\u00e8ncia\" \/>\n<meta property=\"og:description\" content=\"La com\u00e8dia sarc\u00e0stica de Mahmut Fazil Coskun s&#039;al\u00e7a amb tres premis\" \/>\n<meta property=\"og:url\" content=\"https:\/\/lamostradevalencia.com\/ca\/la-pellicula-turca-the-announcement-palmera-dor-de-la-34a-mostra-de-valencia\/\" \/>\n<meta property=\"og:site_name\" content=\"Mostra de Val\u00e8ncia\" \/>\n<meta property=\"article:published_time\" content=\"2019-11-02T09:43:04+00:00\" \/>\n<meta property=\"article:modified_time\" content=\"2019-11-02T09:46:14+00:00\" \/>\n<meta property=\"og:image\" content=\"https:\/\/lamostradevalencia.com\/wp-content\/uploads\/2019\/11\/IMG_20191101_195935.jpg\" \/>\n\t<meta property=\"og:image:width\" content=\"1420\" \/>\n\t<meta property=\"og:image:height\" content=\"958\" \/>\n\t<meta property=\"og:image:type\" content=\"image\/jpeg\" \/>\n<meta name=\"author\" content=\"Mostra de Val\u00e8ncia\" \/>\n<meta name=\"twitter:card\" content=\"summary_large_image\" \/>\n<meta name=\"twitter:label1\" content=\"Escrit per\" \/>\n\t<meta name=\"twitter:data1\" content=\"Mostra de Val\u00e8ncia\" \/>\n\t<meta name=\"twitter:label2\" content=\"Temps estimat de lectura\" \/>\n\t<meta name=\"twitter:data2\" content=\"4 minuts\" \/>\n<script type=\"application\/ld+json\" class=\"yoast-schema-graph\">{\"@context\":\"https:\\\/\\\/schema.org\",\"@graph\":[{\"@type\":\"Article\",\"@id\":\"https:\\\/\\\/lamostradevalencia.com\\\/ca\\\/la-pellicula-turca-the-announcement-palmera-dor-de-la-34a-mostra-de-valencia\\\/#article\",\"isPartOf\":{\"@id\":\"https:\\\/\\\/lamostradevalencia.com\\\/ca\\\/la-pellicula-turca-the-announcement-palmera-dor-de-la-34a-mostra-de-valencia\\\/\"},\"author\":{\"name\":\"Mostra de Val\u00e8ncia\",\"@id\":\"https:\\\/\\\/lamostradevalencia.com\\\/ca\\\/#\\\/schema\\\/person\\\/1dc07e4df3d6310b81d2cdf6a034070c\"},\"headline\":\"La pel\u00b7l\u00edcula turca &#8216;The Announcement&#8217;, Palmera d&#8217;Or de la 34a Mostra de Val\u00e8ncia\",\"datePublished\":\"2019-11-02T09:43:04+00:00\",\"dateModified\":\"2019-11-02T09:46:14+00:00\",\"mainEntityOfPage\":{\"@id\":\"https:\\\/\\\/lamostradevalencia.com\\\/ca\\\/la-pellicula-turca-the-announcement-palmera-dor-de-la-34a-mostra-de-valencia\\\/\"},\"wordCount\":770,\"commentCount\":0,\"image\":{\"@id\":\"https:\\\/\\\/lamostradevalencia.com\\\/ca\\\/la-pellicula-turca-the-announcement-palmera-dor-de-la-34a-mostra-de-valencia\\\/#primaryimage\"},\"thumbnailUrl\":\"https:\\\/\\\/lamostradevalencia.com\\\/wp-content\\\/uploads\\\/2019\\\/11\\\/IMG_20191101_195935.jpg\",\"articleSection\":[\"Palmar\u00e9s\"],\"inLanguage\":\"ca\",\"potentialAction\":[{\"@type\":\"CommentAction\",\"name\":\"Comment\",\"target\":[\"https:\\\/\\\/lamostradevalencia.com\\\/ca\\\/la-pellicula-turca-the-announcement-palmera-dor-de-la-34a-mostra-de-valencia\\\/#respond\"]}]},{\"@type\":\"WebPage\",\"@id\":\"https:\\\/\\\/lamostradevalencia.com\\\/ca\\\/la-pellicula-turca-the-announcement-palmera-dor-de-la-34a-mostra-de-valencia\\\/\",\"url\":\"https:\\\/\\\/lamostradevalencia.com\\\/ca\\\/la-pellicula-turca-the-announcement-palmera-dor-de-la-34a-mostra-de-valencia\\\/\",\"name\":\"La pel\u00b7l\u00edcula turca 'The Announcement', Palmera d'Or de la 34a Mostra de Val\u00e8ncia\",\"isPartOf\":{\"@id\":\"https:\\\/\\\/lamostradevalencia.com\\\/ca\\\/#website\"},\"primaryImageOfPage\":{\"@id\":\"https:\\\/\\\/lamostradevalencia.com\\\/ca\\\/la-pellicula-turca-the-announcement-palmera-dor-de-la-34a-mostra-de-valencia\\\/#primaryimage\"},\"image\":{\"@id\":\"https:\\\/\\\/lamostradevalencia.com\\\/ca\\\/la-pellicula-turca-the-announcement-palmera-dor-de-la-34a-mostra-de-valencia\\\/#primaryimage\"},\"thumbnailUrl\":\"https:\\\/\\\/lamostradevalencia.com\\\/wp-content\\\/uploads\\\/2019\\\/11\\\/IMG_20191101_195935.jpg\",\"datePublished\":\"2019-11-02T09:43:04+00:00\",\"dateModified\":\"2019-11-02T09:46:14+00:00\",\"author\":{\"@id\":\"https:\\\/\\\/lamostradevalencia.com\\\/ca\\\/#\\\/schema\\\/person\\\/1dc07e4df3d6310b81d2cdf6a034070c\"},\"description\":\"La com\u00e8dia sarc\u00e0stica de Mahmut Fazil Coskun s'al\u00e7a amb tres premis\",\"breadcrumb\":{\"@id\":\"https:\\\/\\\/lamostradevalencia.com\\\/ca\\\/la-pellicula-turca-the-announcement-palmera-dor-de-la-34a-mostra-de-valencia\\\/#breadcrumb\"},\"inLanguage\":\"ca\",\"potentialAction\":[{\"@type\":\"ReadAction\",\"target\":[\"https:\\\/\\\/lamostradevalencia.com\\\/ca\\\/la-pellicula-turca-the-announcement-palmera-dor-de-la-34a-mostra-de-valencia\\\/\"]}]},{\"@type\":\"ImageObject\",\"inLanguage\":\"ca\",\"@id\":\"https:\\\/\\\/lamostradevalencia.com\\\/ca\\\/la-pellicula-turca-the-announcement-palmera-dor-de-la-34a-mostra-de-valencia\\\/#primaryimage\",\"url\":\"https:\\\/\\\/lamostradevalencia.com\\\/wp-content\\\/uploads\\\/2019\\\/11\\\/IMG_20191101_195935.jpg\",\"contentUrl\":\"https:\\\/\\\/lamostradevalencia.com\\\/wp-content\\\/uploads\\\/2019\\\/11\\\/IMG_20191101_195935.jpg\",\"width\":1420,\"height\":958,\"caption\":\"Premiados\"},{\"@type\":\"BreadcrumbList\",\"@id\":\"https:\\\/\\\/lamostradevalencia.com\\\/ca\\\/la-pellicula-turca-the-announcement-palmera-dor-de-la-34a-mostra-de-valencia\\\/#breadcrumb\",\"itemListElement\":[{\"@type\":\"ListItem\",\"position\":1,\"name\":\"Portada\",\"item\":\"https:\\\/\\\/lamostradevalencia.com\\\/ca\\\/\"},{\"@type\":\"ListItem\",\"position\":2,\"name\":\"La pel\u00b7l\u00edcula turca &#8216;The Announcement&#8217;, Palmera d&#8217;Or de la 34a Mostra de Val\u00e8ncia\"}]},{\"@type\":\"WebSite\",\"@id\":\"https:\\\/\\\/lamostradevalencia.com\\\/ca\\\/#website\",\"url\":\"https:\\\/\\\/lamostradevalencia.com\\\/ca\\\/\",\"name\":\"Mostra de Val\u00e8ncia\",\"description\":\"Cinema del Mediterrani\",\"potentialAction\":[{\"@type\":\"SearchAction\",\"target\":{\"@type\":\"EntryPoint\",\"urlTemplate\":\"https:\\\/\\\/lamostradevalencia.com\\\/ca\\\/?s={search_term_string}\"},\"query-input\":{\"@type\":\"PropertyValueSpecification\",\"valueRequired\":true,\"valueName\":\"search_term_string\"}}],\"inLanguage\":\"ca\"},{\"@type\":\"Person\",\"@id\":\"https:\\\/\\\/lamostradevalencia.com\\\/ca\\\/#\\\/schema\\\/person\\\/1dc07e4df3d6310b81d2cdf6a034070c\",\"name\":\"Mostra de Val\u00e8ncia\",\"image\":{\"@type\":\"ImageObject\",\"inLanguage\":\"ca\",\"@id\":\"https:\\\/\\\/secure.gravatar.com\\\/avatar\\\/ada4dfd699a9907706987adb1bb2b361c2613ccca474b49b8c648de5208e32f8?s=96&d=mm&r=g\",\"url\":\"https:\\\/\\\/secure.gravatar.com\\\/avatar\\\/ada4dfd699a9907706987adb1bb2b361c2613ccca474b49b8c648de5208e32f8?s=96&d=mm&r=g\",\"contentUrl\":\"https:\\\/\\\/secure.gravatar.com\\\/avatar\\\/ada4dfd699a9907706987adb1bb2b361c2613ccca474b49b8c648de5208e32f8?s=96&d=mm&r=g\",\"caption\":\"Mostra de Val\u00e8ncia\"}}]}<\/script>\n<!-- \/ Yoast SEO plugin. -->","yoast_head_json":{"title":"La pel\u00b7l\u00edcula turca 'The Announcement', Palmera d'Or de la 34a Mostra de Val\u00e8ncia","description":"La com\u00e8dia sarc\u00e0stica de Mahmut Fazil Coskun s'al\u00e7a amb tres premis","robots":{"index":"index","follow":"follow","max-snippet":"max-snippet:-1","max-image-preview":"max-image-preview:large","max-video-preview":"max-video-preview:-1"},"canonical":"https:\/\/lamostradevalencia.com\/ca\/la-pellicula-turca-the-announcement-palmera-dor-de-la-34a-mostra-de-valencia\/","og_locale":"ca_ES","og_type":"article","og_title":"La pel\u00b7l\u00edcula turca 'The Announcement', Palmera d'Or de la 34a Mostra de Val\u00e8ncia","og_description":"La com\u00e8dia sarc\u00e0stica de Mahmut Fazil Coskun s'al\u00e7a amb tres premis","og_url":"https:\/\/lamostradevalencia.com\/ca\/la-pellicula-turca-the-announcement-palmera-dor-de-la-34a-mostra-de-valencia\/","og_site_name":"Mostra de Val\u00e8ncia","article_published_time":"2019-11-02T09:43:04+00:00","article_modified_time":"2019-11-02T09:46:14+00:00","og_image":[{"width":1420,"height":958,"url":"https:\/\/lamostradevalencia.com\/wp-content\/uploads\/2019\/11\/IMG_20191101_195935.jpg","type":"image\/jpeg"}],"author":"Mostra de Val\u00e8ncia","twitter_card":"summary_large_image","twitter_misc":{"Escrit per":"Mostra de Val\u00e8ncia","Temps estimat de lectura":"4 minuts"},"schema":{"@context":"https:\/\/schema.org","@graph":[{"@type":"Article","@id":"https:\/\/lamostradevalencia.com\/ca\/la-pellicula-turca-the-announcement-palmera-dor-de-la-34a-mostra-de-valencia\/#article","isPartOf":{"@id":"https:\/\/lamostradevalencia.com\/ca\/la-pellicula-turca-the-announcement-palmera-dor-de-la-34a-mostra-de-valencia\/"},"author":{"name":"Mostra de Val\u00e8ncia","@id":"https:\/\/lamostradevalencia.com\/ca\/#\/schema\/person\/1dc07e4df3d6310b81d2cdf6a034070c"},"headline":"La pel\u00b7l\u00edcula turca &#8216;The Announcement&#8217;, Palmera d&#8217;Or de la 34a Mostra de Val\u00e8ncia","datePublished":"2019-11-02T09:43:04+00:00","dateModified":"2019-11-02T09:46:14+00:00","mainEntityOfPage":{"@id":"https:\/\/lamostradevalencia.com\/ca\/la-pellicula-turca-the-announcement-palmera-dor-de-la-34a-mostra-de-valencia\/"},"wordCount":770,"commentCount":0,"image":{"@id":"https:\/\/lamostradevalencia.com\/ca\/la-pellicula-turca-the-announcement-palmera-dor-de-la-34a-mostra-de-valencia\/#primaryimage"},"thumbnailUrl":"https:\/\/lamostradevalencia.com\/wp-content\/uploads\/2019\/11\/IMG_20191101_195935.jpg","articleSection":["Palmar\u00e9s"],"inLanguage":"ca","potentialAction":[{"@type":"CommentAction","name":"Comment","target":["https:\/\/lamostradevalencia.com\/ca\/la-pellicula-turca-the-announcement-palmera-dor-de-la-34a-mostra-de-valencia\/#respond"]}]},{"@type":"WebPage","@id":"https:\/\/lamostradevalencia.com\/ca\/la-pellicula-turca-the-announcement-palmera-dor-de-la-34a-mostra-de-valencia\/","url":"https:\/\/lamostradevalencia.com\/ca\/la-pellicula-turca-the-announcement-palmera-dor-de-la-34a-mostra-de-valencia\/","name":"La pel\u00b7l\u00edcula turca 'The Announcement', Palmera d'Or de la 34a Mostra de Val\u00e8ncia","isPartOf":{"@id":"https:\/\/lamostradevalencia.com\/ca\/#website"},"primaryImageOfPage":{"@id":"https:\/\/lamostradevalencia.com\/ca\/la-pellicula-turca-the-announcement-palmera-dor-de-la-34a-mostra-de-valencia\/#primaryimage"},"image":{"@id":"https:\/\/lamostradevalencia.com\/ca\/la-pellicula-turca-the-announcement-palmera-dor-de-la-34a-mostra-de-valencia\/#primaryimage"},"thumbnailUrl":"https:\/\/lamostradevalencia.com\/wp-content\/uploads\/2019\/11\/IMG_20191101_195935.jpg","datePublished":"2019-11-02T09:43:04+00:00","dateModified":"2019-11-02T09:46:14+00:00","author":{"@id":"https:\/\/lamostradevalencia.com\/ca\/#\/schema\/person\/1dc07e4df3d6310b81d2cdf6a034070c"},"description":"La com\u00e8dia sarc\u00e0stica de Mahmut Fazil Coskun s'al\u00e7a amb tres premis","breadcrumb":{"@id":"https:\/\/lamostradevalencia.com\/ca\/la-pellicula-turca-the-announcement-palmera-dor-de-la-34a-mostra-de-valencia\/#breadcrumb"},"inLanguage":"ca","potentialAction":[{"@type":"ReadAction","target":["https:\/\/lamostradevalencia.com\/ca\/la-pellicula-turca-the-announcement-palmera-dor-de-la-34a-mostra-de-valencia\/"]}]},{"@type":"ImageObject","inLanguage":"ca","@id":"https:\/\/lamostradevalencia.com\/ca\/la-pellicula-turca-the-announcement-palmera-dor-de-la-34a-mostra-de-valencia\/#primaryimage","url":"https:\/\/lamostradevalencia.com\/wp-content\/uploads\/2019\/11\/IMG_20191101_195935.jpg","contentUrl":"https:\/\/lamostradevalencia.com\/wp-content\/uploads\/2019\/11\/IMG_20191101_195935.jpg","width":1420,"height":958,"caption":"Premiados"},{"@type":"BreadcrumbList","@id":"https:\/\/lamostradevalencia.com\/ca\/la-pellicula-turca-the-announcement-palmera-dor-de-la-34a-mostra-de-valencia\/#breadcrumb","itemListElement":[{"@type":"ListItem","position":1,"name":"Portada","item":"https:\/\/lamostradevalencia.com\/ca\/"},{"@type":"ListItem","position":2,"name":"La pel\u00b7l\u00edcula turca &#8216;The Announcement&#8217;, Palmera d&#8217;Or de la 34a Mostra de Val\u00e8ncia"}]},{"@type":"WebSite","@id":"https:\/\/lamostradevalencia.com\/ca\/#website","url":"https:\/\/lamostradevalencia.com\/ca\/","name":"Mostra de Val\u00e8ncia","description":"Cinema del Mediterrani","potentialAction":[{"@type":"SearchAction","target":{"@type":"EntryPoint","urlTemplate":"https:\/\/lamostradevalencia.com\/ca\/?s={search_term_string}"},"query-input":{"@type":"PropertyValueSpecification","valueRequired":true,"valueName":"search_term_string"}}],"inLanguage":"ca"},{"@type":"Person","@id":"https:\/\/lamostradevalencia.com\/ca\/#\/schema\/person\/1dc07e4df3d6310b81d2cdf6a034070c","name":"Mostra de Val\u00e8ncia","image":{"@type":"ImageObject","inLanguage":"ca","@id":"https:\/\/secure.gravatar.com\/avatar\/ada4dfd699a9907706987adb1bb2b361c2613ccca474b49b8c648de5208e32f8?s=96&d=mm&r=g","url":"https:\/\/secure.gravatar.com\/avatar\/ada4dfd699a9907706987adb1bb2b361c2613ccca474b49b8c648de5208e32f8?s=96&d=mm&r=g","contentUrl":"https:\/\/secure.gravatar.com\/avatar\/ada4dfd699a9907706987adb1bb2b361c2613ccca474b49b8c648de5208e32f8?s=96&d=mm&r=g","caption":"Mostra de Val\u00e8ncia"}}]}},"uagb_featured_image_src":{"full":["https:\/\/lamostradevalencia.com\/wp-content\/uploads\/2019\/11\/IMG_20191101_195935.jpg",1420,958,false],"thumbnail":["https:\/\/lamostradevalencia.com\/wp-content\/uploads\/2019\/11\/IMG_20191101_195935-150x150.jpg",150,150,true],"medium":["https:\/\/lamostradevalencia.com\/wp-content\/uploads\/2019\/11\/IMG_20191101_195935-300x202.jpg",300,202,true],"medium_large":["https:\/\/lamostradevalencia.com\/wp-content\/uploads\/2019\/11\/IMG_20191101_195935-768x518.jpg",768,518,true],"large":["https:\/\/lamostradevalencia.com\/wp-content\/uploads\/2019\/11\/IMG_20191101_195935-1024x691.jpg",1024,691,true],"1536x1536":["https:\/\/lamostradevalencia.com\/wp-content\/uploads\/2019\/11\/IMG_20191101_195935.jpg",1420,958,false],"2048x2048":["https:\/\/lamostradevalencia.com\/wp-content\/uploads\/2019\/11\/IMG_20191101_195935.jpg",1420,958,false],"cinerama_edge_image_square":["https:\/\/lamostradevalencia.com\/wp-content\/uploads\/2019\/11\/IMG_20191101_195935-550x550.jpg",550,550,true],"cinerama_edge_image_landscape":["https:\/\/lamostradevalencia.com\/wp-content\/uploads\/2019\/11\/IMG_20191101_195935-1100x550.jpg",1100,550,true],"cinerama_edge_image_portrait":["https:\/\/lamostradevalencia.com\/wp-content\/uploads\/2019\/11\/IMG_20191101_195935-550x958.jpg",550,958,true],"cinerama_edge_image_huge":["https:\/\/lamostradevalencia.com\/wp-content\/uploads\/2019\/11\/IMG_20191101_195935-1100x958.jpg",1100,958,true],"gform-image-choice-sm":["https:\/\/lamostradevalencia.com\/wp-content\/uploads\/2019\/11\/IMG_20191101_195935.jpg",300,202,false],"gform-image-choice-md":["https:\/\/lamostradevalencia.com\/wp-content\/uploads\/2019\/11\/IMG_20191101_195935.jpg",400,270,false],"gform-image-choice-lg":["https:\/\/lamostradevalencia.com\/wp-content\/uploads\/2019\/11\/IMG_20191101_195935.jpg",600,405,false]},"uagb_author_info":{"display_name":"Mostra de Val\u00e8ncia","author_link":"https:\/\/lamostradevalencia.com\/ca\/author\/mostravalencia\/"},"uagb_comment_info":0,"uagb_excerpt":"La 34a edici\u00f3 de Mostra de Val\u00e8ncia\u2013Cinema del Mediterrani arriba a la seua fi. Un festival que va tornar en 2018 amb l&#8217;objectiu d&#8217;amplificar el [&hellip;]","_links":{"self":[{"href":"https:\/\/lamostradevalencia.com\/ca\/wp-json\/wp\/v2\/posts\/4736","targetHints":{"allow":["GET"]}}],"collection":[{"href":"https:\/\/lamostradevalencia.com\/ca\/wp-json\/wp\/v2\/posts"}],"about":[{"href":"https:\/\/lamostradevalencia.com\/ca\/wp-json\/wp\/v2\/types\/post"}],"author":[{"embeddable":true,"href":"https:\/\/lamostradevalencia.com\/ca\/wp-json\/wp\/v2\/users\/1"}],"replies":[{"embeddable":true,"href":"https:\/\/lamostradevalencia.com\/ca\/wp-json\/wp\/v2\/comments?post=4736"}],"version-history":[{"count":1,"href":"https:\/\/lamostradevalencia.com\/ca\/wp-json\/wp\/v2\/posts\/4736\/revisions"}],"predecessor-version":[{"id":4737,"href":"https:\/\/lamostradevalencia.com\/ca\/wp-json\/wp\/v2\/posts\/4736\/revisions\/4737"}],"wp:featuredmedia":[{"embeddable":true,"href":"https:\/\/lamostradevalencia.com\/ca\/wp-json\/wp\/v2\/media\/4733"}],"wp:attachment":[{"href":"https:\/\/lamostradevalencia.com\/ca\/wp-json\/wp\/v2\/media?parent=4736"}],"wp:term":[{"taxonomy":"category","embeddable":true,"href":"https:\/\/lamostradevalencia.com\/ca\/wp-json\/wp\/v2\/categories?post=4736"},{"taxonomy":"post_tag","embeddable":true,"href":"https:\/\/lamostradevalencia.com\/ca\/wp-json\/wp\/v2\/tags?post=4736"}],"curies":[{"name":"wp","href":"https:\/\/api.w.org\/{rel}","templated":true}]}}