{"id":4729,"date":"2019-11-01T03:34:14","date_gmt":"2019-11-01T01:34:14","guid":{"rendered":"https:\/\/lamostradevalencia.com\/full-de-ruta-divendres-1\/"},"modified":"2019-11-01T03:37:03","modified_gmt":"2019-11-01T01:37:03","slug":"full-de-ruta-divendres-1","status":"publish","type":"post","link":"https:\/\/lamostradevalencia.com\/ca\/full-de-ruta-divendres-1\/","title":{"rendered":"FULL DE RUTA. DIVENDRES 1."},"content":{"rendered":"\n<p>La cloenda \u00e9s l&#8217;activitat destacada del dia. La gala se celebrar\u00e0 en el Teatre Principal i en ella es donaran a con\u00e8ixer els premis de la Secci\u00f3 Oficial a Competici\u00f3. A m\u00e9s, Ferzan Ozpetek rebr\u00e0 la Palmera d&#8217;Honor del festival i es projectar\u00e0 la pel\u00b7l\u00edcula POETAS DEL CIELO, un documental del mexic\u00e0 Emilio Maill\u00e9 que proposa un recorregut de llarg a llarg del planeta a fi d\u2019indagar en la relaci\u00f3 de la pirot\u00e8cnia amb diferents pa\u00efsos i cultures, centrant-se en els creadors m\u00e9s rellevants d&#8217;aquest art i en el seu proc\u00e9s creatiu i emotiu. Un film que ens transporta de manera inconscient cap a una reflexi\u00f3 sobre la vida i que establix un paral\u00b7lelisme entre el cel i la pantalla de cinema, amb els focs artificials cobrant el m\u00e0xim protagonisme de les imatges. El vincle de Val\u00e8ncia amb la pirot\u00e8cnia converteix la ciutat en una de les escales del film, que ofereix una mirada sobre les Falles i la masclet\u00e0 com mai abans s&#8217;havia vist.<\/p>\n\n<figure class=\"wp-block-image\"><img loading=\"lazy\" decoding=\"async\" width=\"1024\" height=\"640\" src=\"https:\/\/lamostradevalencia.com\/wp-content\/uploads\/2019\/10\/Poetas-del-Cielo-1024x640.jpg\" alt=\"\" class=\"wp-image-3699\" srcset=\"https:\/\/lamostradevalencia.com\/wp-content\/uploads\/2019\/10\/Poetas-del-Cielo-1024x640.jpg 1024w, https:\/\/lamostradevalencia.com\/wp-content\/uploads\/2019\/10\/Poetas-del-Cielo-300x187.jpg 300w, https:\/\/lamostradevalencia.com\/wp-content\/uploads\/2019\/10\/Poetas-del-Cielo-768x480.jpg 768w, https:\/\/lamostradevalencia.com\/wp-content\/uploads\/2019\/10\/Poetas-del-Cielo.jpg 1140w\" sizes=\"auto, (max-width: 1024px) 100vw, 1024px\" \/><figcaption>Poetas del Cielo<\/figcaption><\/figure>\n<p>Encara que la competici\u00f3 internacional roman en el punt mort de con\u00e8ixer els t\u00edtols premiats, que es projectaran durant el cap de setmana, el festival no descansa. Prova d&#8217;aix\u00f2 \u00e9s que oferix la possibilitat de rescatar alguns t\u00edtols del cicle dedicat a l&#8217;edat d&#8217;or de la com\u00e8dia italiana, com ara PAJARITOS Y PAJARRACOS, LA MARCHA SOBRE ROMA, SEDUCIDA Y ABANDONADA, LA ESCAPADA o RUFUF\u00da DA EL GOLPE. De la mateixa manera, tamb\u00e9 \u00e9s possible redescobrir la primera pel\u00b7l\u00edcula de Toni Canet, AMANECE COMO PUEDAS (BENIFOTREM).<\/p>\n\n<p>I els qui hagen seguit la retrospectiva centrada en les directores eg\u00edpcies contempor\u00e0nies tenen l&#8217;oportunitat d&#8217;acostar-se a WOMEN WHO LOVED CINEMA, un magn\u00edfic documental en el qual Marianne Khoury es capbussa en els arxius f\u00edlmics del seu pa\u00eds per a establir un cens de les dones que van canviar la ind\u00fastria del cinema egipci en els anys vint i trenta del segle XX. Sense elles, hauria sigut impossible l&#8217;exist\u00e8ncia de les quals han visitat la Mostra enguany.<\/p>\n\n<figure class=\"wp-block-image\"><img loading=\"lazy\" decoding=\"async\" width=\"1024\" height=\"662\" src=\"https:\/\/lamostradevalencia.com\/wp-content\/uploads\/2019\/10\/El-juego-de-Ripley-1024x662.jpg\" alt=\"\" class=\"wp-image-3629\" srcset=\"https:\/\/lamostradevalencia.com\/wp-content\/uploads\/2019\/10\/El-juego-de-Ripley-1024x662.jpg 1024w, https:\/\/lamostradevalencia.com\/wp-content\/uploads\/2019\/10\/El-juego-de-Ripley-300x194.jpg 300w, https:\/\/lamostradevalencia.com\/wp-content\/uploads\/2019\/10\/El-juego-de-Ripley-768x497.jpg 768w, https:\/\/lamostradevalencia.com\/wp-content\/uploads\/2019\/10\/El-juego-de-Ripley.jpg 1546w\" sizes=\"auto, (max-width: 1024px) 100vw, 1024px\" \/><figcaption>El juego de Ripley<\/figcaption><\/figure>\n<p>La raci\u00f3 habitual de Liliana Cavani en la Filmoteca inclou EL JUEGO DE RIPLEY, adaptaci\u00f3 de la novel\u00b7la hom\u00f2nima de Patricia Highsmith protagonitzada per un exquisit John Malkovich. Va ser l&#8217;\u00faltima pel\u00b7l\u00edcula de la directora per a la gran pantalla, i va ser aclamada per cr\u00edtica i p\u00fablic en la seua estrena mundial, que va tindre lloc en el Festival de Ven\u00e8cia.<\/p>\n\n<p>Bon dia tamb\u00e9 per a completar la filmografia de Ferzan Ozpetek, amb fins a quatre projeccions de les seues pel\u00b7l\u00edcules, entre les quals hi ha alguns t\u00edtols que mai van arribar a les sales comercials espanyoles: ISTANBUL KIRMIZISI, UN GIORNO PERFETTO, TENGO ALGO QUE DECIROS i CUORE SACRO.<\/p>\n\n<p>I, per a completar el men\u00fa de hui, tres pel\u00b7l\u00edcules de la Secci\u00f3 Informativa amb suficients atractius com per a apostar per elles. El m\u00e9s important, que es tracta d&#8217;estrenes a Espanya i que \u00e9s molt possible que no hi haja m\u00e9s oportunitats per a veure-les. \u00c9s el cas de DIAMOND DUST, un film que recorre les \u00faltimes d\u00e8cades d&#8217;hist\u00f2ria eg\u00edpcia a trav\u00e9s d&#8217;una absorbent hist\u00f2ria d&#8217;intriga i que dirigix amb notable estil Marwan Hamed, conegut per la seua adaptaci\u00f3 del reeixit best seller mundial \u2018El edificio Yacobi\u00e1n\u2019 (2006). Tampoc ser\u00e0 f\u00e0cil accedir despr\u00e9s de la Mostra a MAR, l&#8217;\u00faltima pel\u00b7l\u00edcula de la portuguesa Margarida Gil, que proposa un viatge de connotacions simb\u00f2liques per un Mediterrani esguitat de conflictes socials i pol\u00edtics. Maria de Medeiros \u00e9s un dels principals reclams del film. Finalment, la francesa HEAD ABOVE WATER, on destaca tamb\u00e9 l&#8217;actriu protagonista, Diane Rouxel, en un tour de force interpretatiu en el qual encarna a una dona amb discapacitat funcional. No \u00e9s poc, i cal aprofitar que estem en la recta final i que \u00e9s festiu. Toca traure el m\u00e0xim partit a les \u00faltimes hores de la Mostra 2019.<\/p>\n\n<figure class=\"wp-block-image\"><img loading=\"lazy\" decoding=\"async\" width=\"1024\" height=\"749\" src=\"https:\/\/lamostradevalencia.com\/wp-content\/uploads\/2019\/10\/Head-Above-Water-1024x749.jpg\" alt=\"\" class=\"wp-image-3898\" srcset=\"https:\/\/lamostradevalencia.com\/wp-content\/uploads\/2019\/10\/Head-Above-Water-1024x749.jpg 1024w, https:\/\/lamostradevalencia.com\/wp-content\/uploads\/2019\/10\/Head-Above-Water-300x220.jpg 300w, https:\/\/lamostradevalencia.com\/wp-content\/uploads\/2019\/10\/Head-Above-Water-768x562.jpg 768w, https:\/\/lamostradevalencia.com\/wp-content\/uploads\/2019\/10\/Head-Above-Water.jpg 1200w\" sizes=\"auto, (max-width: 1024px) 100vw, 1024px\" \/><figcaption>Head Above Water<\/figcaption><\/figure>\n<p>Informaci\u00f3 addicional sobre horaris, sales i venda d&#8217;entrades anticipades en la nostra web: <a href=\"https:\/\/lamostradevalencia.com\/\">www.lamostradevalencia.com<\/a><\/p>\n","protected":false},"excerpt":{"rendered":"<p>La cloenda \u00e9s l&#8217;activitat destacada del dia. La gala se celebrar\u00e0 en el Teatre Principal i en ella es donaran a con\u00e8ixer els premis de [&hellip;]<\/p>\n","protected":false},"author":1,"featured_media":4726,"comment_status":"open","ping_status":"open","sticky":false,"template":"","format":"standard","meta":{"_uag_custom_page_level_css":"","_jet_sm_ready_style":"","_jet_sm_style":"","_jet_sm_controls_values":"","_jet_sm_fonts_collection":"","_jet_sm_fonts_links":"","footnotes":""},"categories":[455],"tags":[],"class_list":["post-4729","post","type-post","status-publish","format-standard","has-post-thumbnail","hentry","category-noticies"],"yoast_head":"<!-- This site is optimized with the Yoast SEO plugin v27.5 - https:\/\/yoast.com\/product\/yoast-seo-wordpress\/ -->\n<title>FULL DE RUTA. DIVENDRES 1.<\/title>\n<meta name=\"description\" content=\"Mostra de Val\u00e8ncia - Cinema del Mediterrani\" \/>\n<meta name=\"robots\" content=\"index, follow, max-snippet:-1, max-image-preview:large, max-video-preview:-1\" \/>\n<link rel=\"canonical\" href=\"https:\/\/lamostradevalencia.com\/ca\/full-de-ruta-divendres-1\/\" \/>\n<meta property=\"og:locale\" content=\"ca_ES\" \/>\n<meta property=\"og:type\" content=\"article\" \/>\n<meta property=\"og:title\" content=\"FULL DE RUTA. DIVENDRES 1.\" \/>\n<meta property=\"og:description\" content=\"Mostra de Val\u00e8ncia - Cinema del Mediterrani\" \/>\n<meta property=\"og:url\" content=\"https:\/\/lamostradevalencia.com\/ca\/full-de-ruta-divendres-1\/\" \/>\n<meta property=\"og:site_name\" content=\"Mostra de Val\u00e8ncia\" \/>\n<meta property=\"article:published_time\" content=\"2019-11-01T01:34:14+00:00\" \/>\n<meta property=\"article:modified_time\" content=\"2019-11-01T01:37:03+00:00\" \/>\n<meta property=\"og:image\" content=\"https:\/\/lamostradevalencia.com\/wp-content\/uploads\/2019\/11\/Poetas.jpg\" \/>\n\t<meta property=\"og:image:width\" content=\"1100\" \/>\n\t<meta property=\"og:image:height\" content=\"600\" \/>\n\t<meta property=\"og:image:type\" content=\"image\/jpeg\" \/>\n<meta name=\"author\" content=\"Mostra de Val\u00e8ncia\" \/>\n<meta name=\"twitter:card\" content=\"summary_large_image\" \/>\n<meta name=\"twitter:label1\" content=\"Escrit per\" \/>\n\t<meta name=\"twitter:data1\" content=\"Mostra de Val\u00e8ncia\" \/>\n\t<meta name=\"twitter:label2\" content=\"Temps estimat de lectura\" \/>\n\t<meta name=\"twitter:data2\" content=\"4 minuts\" \/>\n<script type=\"application\/ld+json\" class=\"yoast-schema-graph\">{\"@context\":\"https:\\\/\\\/schema.org\",\"@graph\":[{\"@type\":\"Article\",\"@id\":\"https:\\\/\\\/lamostradevalencia.com\\\/ca\\\/full-de-ruta-divendres-1\\\/#article\",\"isPartOf\":{\"@id\":\"https:\\\/\\\/lamostradevalencia.com\\\/ca\\\/full-de-ruta-divendres-1\\\/\"},\"author\":{\"name\":\"Mostra de Val\u00e8ncia\",\"@id\":\"https:\\\/\\\/lamostradevalencia.com\\\/ca\\\/#\\\/schema\\\/person\\\/1dc07e4df3d6310b81d2cdf6a034070c\"},\"headline\":\"FULL DE RUTA. DIVENDRES 1.\",\"datePublished\":\"2019-11-01T01:34:14+00:00\",\"dateModified\":\"2019-11-01T01:37:03+00:00\",\"mainEntityOfPage\":{\"@id\":\"https:\\\/\\\/lamostradevalencia.com\\\/ca\\\/full-de-ruta-divendres-1\\\/\"},\"wordCount\":726,\"commentCount\":0,\"image\":{\"@id\":\"https:\\\/\\\/lamostradevalencia.com\\\/ca\\\/full-de-ruta-divendres-1\\\/#primaryimage\"},\"thumbnailUrl\":\"https:\\\/\\\/lamostradevalencia.com\\\/wp-content\\\/uploads\\\/2019\\\/11\\\/Poetas.jpg\",\"articleSection\":[\"Noticies\"],\"inLanguage\":\"ca\",\"potentialAction\":[{\"@type\":\"CommentAction\",\"name\":\"Comment\",\"target\":[\"https:\\\/\\\/lamostradevalencia.com\\\/ca\\\/full-de-ruta-divendres-1\\\/#respond\"]}]},{\"@type\":\"WebPage\",\"@id\":\"https:\\\/\\\/lamostradevalencia.com\\\/ca\\\/full-de-ruta-divendres-1\\\/\",\"url\":\"https:\\\/\\\/lamostradevalencia.com\\\/ca\\\/full-de-ruta-divendres-1\\\/\",\"name\":\"FULL DE RUTA. DIVENDRES 1.\",\"isPartOf\":{\"@id\":\"https:\\\/\\\/lamostradevalencia.com\\\/ca\\\/#website\"},\"primaryImageOfPage\":{\"@id\":\"https:\\\/\\\/lamostradevalencia.com\\\/ca\\\/full-de-ruta-divendres-1\\\/#primaryimage\"},\"image\":{\"@id\":\"https:\\\/\\\/lamostradevalencia.com\\\/ca\\\/full-de-ruta-divendres-1\\\/#primaryimage\"},\"thumbnailUrl\":\"https:\\\/\\\/lamostradevalencia.com\\\/wp-content\\\/uploads\\\/2019\\\/11\\\/Poetas.jpg\",\"datePublished\":\"2019-11-01T01:34:14+00:00\",\"dateModified\":\"2019-11-01T01:37:03+00:00\",\"author\":{\"@id\":\"https:\\\/\\\/lamostradevalencia.com\\\/ca\\\/#\\\/schema\\\/person\\\/1dc07e4df3d6310b81d2cdf6a034070c\"},\"description\":\"Mostra de Val\u00e8ncia - Cinema del Mediterrani\",\"breadcrumb\":{\"@id\":\"https:\\\/\\\/lamostradevalencia.com\\\/ca\\\/full-de-ruta-divendres-1\\\/#breadcrumb\"},\"inLanguage\":\"ca\",\"potentialAction\":[{\"@type\":\"ReadAction\",\"target\":[\"https:\\\/\\\/lamostradevalencia.com\\\/ca\\\/full-de-ruta-divendres-1\\\/\"]}]},{\"@type\":\"ImageObject\",\"inLanguage\":\"ca\",\"@id\":\"https:\\\/\\\/lamostradevalencia.com\\\/ca\\\/full-de-ruta-divendres-1\\\/#primaryimage\",\"url\":\"https:\\\/\\\/lamostradevalencia.com\\\/wp-content\\\/uploads\\\/2019\\\/11\\\/Poetas.jpg\",\"contentUrl\":\"https:\\\/\\\/lamostradevalencia.com\\\/wp-content\\\/uploads\\\/2019\\\/11\\\/Poetas.jpg\",\"width\":1100,\"height\":600},{\"@type\":\"BreadcrumbList\",\"@id\":\"https:\\\/\\\/lamostradevalencia.com\\\/ca\\\/full-de-ruta-divendres-1\\\/#breadcrumb\",\"itemListElement\":[{\"@type\":\"ListItem\",\"position\":1,\"name\":\"Portada\",\"item\":\"https:\\\/\\\/lamostradevalencia.com\\\/ca\\\/\"},{\"@type\":\"ListItem\",\"position\":2,\"name\":\"FULL DE RUTA. DIVENDRES 1.\"}]},{\"@type\":\"WebSite\",\"@id\":\"https:\\\/\\\/lamostradevalencia.com\\\/ca\\\/#website\",\"url\":\"https:\\\/\\\/lamostradevalencia.com\\\/ca\\\/\",\"name\":\"Mostra de Val\u00e8ncia\",\"description\":\"Cinema del Mediterrani\",\"potentialAction\":[{\"@type\":\"SearchAction\",\"target\":{\"@type\":\"EntryPoint\",\"urlTemplate\":\"https:\\\/\\\/lamostradevalencia.com\\\/ca\\\/?s={search_term_string}\"},\"query-input\":{\"@type\":\"PropertyValueSpecification\",\"valueRequired\":true,\"valueName\":\"search_term_string\"}}],\"inLanguage\":\"ca\"},{\"@type\":\"Person\",\"@id\":\"https:\\\/\\\/lamostradevalencia.com\\\/ca\\\/#\\\/schema\\\/person\\\/1dc07e4df3d6310b81d2cdf6a034070c\",\"name\":\"Mostra de Val\u00e8ncia\",\"image\":{\"@type\":\"ImageObject\",\"inLanguage\":\"ca\",\"@id\":\"https:\\\/\\\/secure.gravatar.com\\\/avatar\\\/ada4dfd699a9907706987adb1bb2b361c2613ccca474b49b8c648de5208e32f8?s=96&d=mm&r=g\",\"url\":\"https:\\\/\\\/secure.gravatar.com\\\/avatar\\\/ada4dfd699a9907706987adb1bb2b361c2613ccca474b49b8c648de5208e32f8?s=96&d=mm&r=g\",\"contentUrl\":\"https:\\\/\\\/secure.gravatar.com\\\/avatar\\\/ada4dfd699a9907706987adb1bb2b361c2613ccca474b49b8c648de5208e32f8?s=96&d=mm&r=g\",\"caption\":\"Mostra de Val\u00e8ncia\"}}]}<\/script>\n<!-- \/ Yoast SEO plugin. -->","yoast_head_json":{"title":"FULL DE RUTA. DIVENDRES 1.","description":"Mostra de Val\u00e8ncia - Cinema del Mediterrani","robots":{"index":"index","follow":"follow","max-snippet":"max-snippet:-1","max-image-preview":"max-image-preview:large","max-video-preview":"max-video-preview:-1"},"canonical":"https:\/\/lamostradevalencia.com\/ca\/full-de-ruta-divendres-1\/","og_locale":"ca_ES","og_type":"article","og_title":"FULL DE RUTA. DIVENDRES 1.","og_description":"Mostra de Val\u00e8ncia - Cinema del Mediterrani","og_url":"https:\/\/lamostradevalencia.com\/ca\/full-de-ruta-divendres-1\/","og_site_name":"Mostra de Val\u00e8ncia","article_published_time":"2019-11-01T01:34:14+00:00","article_modified_time":"2019-11-01T01:37:03+00:00","og_image":[{"width":1100,"height":600,"url":"https:\/\/lamostradevalencia.com\/wp-content\/uploads\/2019\/11\/Poetas.jpg","type":"image\/jpeg"}],"author":"Mostra de Val\u00e8ncia","twitter_card":"summary_large_image","twitter_misc":{"Escrit per":"Mostra de Val\u00e8ncia","Temps estimat de lectura":"4 minuts"},"schema":{"@context":"https:\/\/schema.org","@graph":[{"@type":"Article","@id":"https:\/\/lamostradevalencia.com\/ca\/full-de-ruta-divendres-1\/#article","isPartOf":{"@id":"https:\/\/lamostradevalencia.com\/ca\/full-de-ruta-divendres-1\/"},"author":{"name":"Mostra de Val\u00e8ncia","@id":"https:\/\/lamostradevalencia.com\/ca\/#\/schema\/person\/1dc07e4df3d6310b81d2cdf6a034070c"},"headline":"FULL DE RUTA. DIVENDRES 1.","datePublished":"2019-11-01T01:34:14+00:00","dateModified":"2019-11-01T01:37:03+00:00","mainEntityOfPage":{"@id":"https:\/\/lamostradevalencia.com\/ca\/full-de-ruta-divendres-1\/"},"wordCount":726,"commentCount":0,"image":{"@id":"https:\/\/lamostradevalencia.com\/ca\/full-de-ruta-divendres-1\/#primaryimage"},"thumbnailUrl":"https:\/\/lamostradevalencia.com\/wp-content\/uploads\/2019\/11\/Poetas.jpg","articleSection":["Noticies"],"inLanguage":"ca","potentialAction":[{"@type":"CommentAction","name":"Comment","target":["https:\/\/lamostradevalencia.com\/ca\/full-de-ruta-divendres-1\/#respond"]}]},{"@type":"WebPage","@id":"https:\/\/lamostradevalencia.com\/ca\/full-de-ruta-divendres-1\/","url":"https:\/\/lamostradevalencia.com\/ca\/full-de-ruta-divendres-1\/","name":"FULL DE RUTA. DIVENDRES 1.","isPartOf":{"@id":"https:\/\/lamostradevalencia.com\/ca\/#website"},"primaryImageOfPage":{"@id":"https:\/\/lamostradevalencia.com\/ca\/full-de-ruta-divendres-1\/#primaryimage"},"image":{"@id":"https:\/\/lamostradevalencia.com\/ca\/full-de-ruta-divendres-1\/#primaryimage"},"thumbnailUrl":"https:\/\/lamostradevalencia.com\/wp-content\/uploads\/2019\/11\/Poetas.jpg","datePublished":"2019-11-01T01:34:14+00:00","dateModified":"2019-11-01T01:37:03+00:00","author":{"@id":"https:\/\/lamostradevalencia.com\/ca\/#\/schema\/person\/1dc07e4df3d6310b81d2cdf6a034070c"},"description":"Mostra de Val\u00e8ncia - Cinema del Mediterrani","breadcrumb":{"@id":"https:\/\/lamostradevalencia.com\/ca\/full-de-ruta-divendres-1\/#breadcrumb"},"inLanguage":"ca","potentialAction":[{"@type":"ReadAction","target":["https:\/\/lamostradevalencia.com\/ca\/full-de-ruta-divendres-1\/"]}]},{"@type":"ImageObject","inLanguage":"ca","@id":"https:\/\/lamostradevalencia.com\/ca\/full-de-ruta-divendres-1\/#primaryimage","url":"https:\/\/lamostradevalencia.com\/wp-content\/uploads\/2019\/11\/Poetas.jpg","contentUrl":"https:\/\/lamostradevalencia.com\/wp-content\/uploads\/2019\/11\/Poetas.jpg","width":1100,"height":600},{"@type":"BreadcrumbList","@id":"https:\/\/lamostradevalencia.com\/ca\/full-de-ruta-divendres-1\/#breadcrumb","itemListElement":[{"@type":"ListItem","position":1,"name":"Portada","item":"https:\/\/lamostradevalencia.com\/ca\/"},{"@type":"ListItem","position":2,"name":"FULL DE RUTA. DIVENDRES 1."}]},{"@type":"WebSite","@id":"https:\/\/lamostradevalencia.com\/ca\/#website","url":"https:\/\/lamostradevalencia.com\/ca\/","name":"Mostra de Val\u00e8ncia","description":"Cinema del Mediterrani","potentialAction":[{"@type":"SearchAction","target":{"@type":"EntryPoint","urlTemplate":"https:\/\/lamostradevalencia.com\/ca\/?s={search_term_string}"},"query-input":{"@type":"PropertyValueSpecification","valueRequired":true,"valueName":"search_term_string"}}],"inLanguage":"ca"},{"@type":"Person","@id":"https:\/\/lamostradevalencia.com\/ca\/#\/schema\/person\/1dc07e4df3d6310b81d2cdf6a034070c","name":"Mostra de Val\u00e8ncia","image":{"@type":"ImageObject","inLanguage":"ca","@id":"https:\/\/secure.gravatar.com\/avatar\/ada4dfd699a9907706987adb1bb2b361c2613ccca474b49b8c648de5208e32f8?s=96&d=mm&r=g","url":"https:\/\/secure.gravatar.com\/avatar\/ada4dfd699a9907706987adb1bb2b361c2613ccca474b49b8c648de5208e32f8?s=96&d=mm&r=g","contentUrl":"https:\/\/secure.gravatar.com\/avatar\/ada4dfd699a9907706987adb1bb2b361c2613ccca474b49b8c648de5208e32f8?s=96&d=mm&r=g","caption":"Mostra de Val\u00e8ncia"}}]}},"uagb_featured_image_src":{"full":["https:\/\/lamostradevalencia.com\/wp-content\/uploads\/2019\/11\/Poetas.jpg",1100,600,false],"thumbnail":["https:\/\/lamostradevalencia.com\/wp-content\/uploads\/2019\/11\/Poetas-150x150.jpg",150,150,true],"medium":["https:\/\/lamostradevalencia.com\/wp-content\/uploads\/2019\/11\/Poetas-300x164.jpg",300,164,true],"medium_large":["https:\/\/lamostradevalencia.com\/wp-content\/uploads\/2019\/11\/Poetas-768x419.jpg",768,419,true],"large":["https:\/\/lamostradevalencia.com\/wp-content\/uploads\/2019\/11\/Poetas-1024x559.jpg",1024,559,true],"1536x1536":["https:\/\/lamostradevalencia.com\/wp-content\/uploads\/2019\/11\/Poetas.jpg",1100,600,false],"2048x2048":["https:\/\/lamostradevalencia.com\/wp-content\/uploads\/2019\/11\/Poetas.jpg",1100,600,false],"cinerama_edge_image_square":["https:\/\/lamostradevalencia.com\/wp-content\/uploads\/2019\/11\/Poetas-550x550.jpg",550,550,true],"cinerama_edge_image_landscape":["https:\/\/lamostradevalencia.com\/wp-content\/uploads\/2019\/11\/Poetas-1100x550.jpg",1100,550,true],"cinerama_edge_image_portrait":["https:\/\/lamostradevalencia.com\/wp-content\/uploads\/2019\/11\/Poetas-550x600.jpg",550,600,true],"cinerama_edge_image_huge":["https:\/\/lamostradevalencia.com\/wp-content\/uploads\/2019\/11\/Poetas-1100x600.jpg",1100,600,true],"gform-image-choice-sm":["https:\/\/lamostradevalencia.com\/wp-content\/uploads\/2019\/11\/Poetas.jpg",300,164,false],"gform-image-choice-md":["https:\/\/lamostradevalencia.com\/wp-content\/uploads\/2019\/11\/Poetas.jpg",400,218,false],"gform-image-choice-lg":["https:\/\/lamostradevalencia.com\/wp-content\/uploads\/2019\/11\/Poetas.jpg",600,327,false]},"uagb_author_info":{"display_name":"Mostra de Val\u00e8ncia","author_link":"https:\/\/lamostradevalencia.com\/ca\/author\/mostravalencia\/"},"uagb_comment_info":0,"uagb_excerpt":"La cloenda \u00e9s l&#8217;activitat destacada del dia. La gala se celebrar\u00e0 en el Teatre Principal i en ella es donaran a con\u00e8ixer els premis de [&hellip;]","_links":{"self":[{"href":"https:\/\/lamostradevalencia.com\/ca\/wp-json\/wp\/v2\/posts\/4729","targetHints":{"allow":["GET"]}}],"collection":[{"href":"https:\/\/lamostradevalencia.com\/ca\/wp-json\/wp\/v2\/posts"}],"about":[{"href":"https:\/\/lamostradevalencia.com\/ca\/wp-json\/wp\/v2\/types\/post"}],"author":[{"embeddable":true,"href":"https:\/\/lamostradevalencia.com\/ca\/wp-json\/wp\/v2\/users\/1"}],"replies":[{"embeddable":true,"href":"https:\/\/lamostradevalencia.com\/ca\/wp-json\/wp\/v2\/comments?post=4729"}],"version-history":[{"count":1,"href":"https:\/\/lamostradevalencia.com\/ca\/wp-json\/wp\/v2\/posts\/4729\/revisions"}],"predecessor-version":[{"id":4730,"href":"https:\/\/lamostradevalencia.com\/ca\/wp-json\/wp\/v2\/posts\/4729\/revisions\/4730"}],"wp:featuredmedia":[{"embeddable":true,"href":"https:\/\/lamostradevalencia.com\/ca\/wp-json\/wp\/v2\/media\/4726"}],"wp:attachment":[{"href":"https:\/\/lamostradevalencia.com\/ca\/wp-json\/wp\/v2\/media?parent=4729"}],"wp:term":[{"taxonomy":"category","embeddable":true,"href":"https:\/\/lamostradevalencia.com\/ca\/wp-json\/wp\/v2\/categories?post=4729"},{"taxonomy":"post_tag","embeddable":true,"href":"https:\/\/lamostradevalencia.com\/ca\/wp-json\/wp\/v2\/tags?post=4729"}],"curies":[{"name":"wp","href":"https:\/\/api.w.org\/{rel}","templated":true}]}}