{"id":4714,"date":"2019-10-30T02:07:10","date_gmt":"2019-10-30T00:07:10","guid":{"rendered":"https:\/\/lamostradevalencia.com\/full-de-ruta-dimecres-30\/"},"modified":"2019-10-30T02:10:03","modified_gmt":"2019-10-30T00:10:03","slug":"full-de-ruta-dimecres-30","status":"publish","type":"post","link":"https:\/\/lamostradevalencia.com\/ca\/full-de-ruta-dimecres-30\/","title":{"rendered":"FULL DE RUTA. DIMECRES 30."},"content":{"rendered":"\n<p>L&#8217;\u00faltima jornada d&#8217;estrenes de la Secci\u00f3 Oficial a Competici\u00f3 suposa tamb\u00e9 \u00e9s la posada de llarg de ZER\u00d8, opera prima del valenci\u00e0 I\u00f1aki S\u00e1nchez Arrieta i \u00fanic t\u00edtol espanyol a concurs. Una hist\u00f2ria intricada, que es diria inspirada per \u2018La noche boca arriba\u2019, de Julio Cort\u00e1zar, i que presenta a dos personatges tan desorientats com ho est\u00e0 l&#8217;espectador fins que, a poc a poc, va completant el trencaclosques argumental. Un debut amb el qual I\u00f1aki S\u00e1nchez fa el salt a la direcci\u00f3 despr\u00e9s de treballar amb cineastes com Benito Zambrano, Sigfrid Monle\u00f3n, Vicente Villanueva, Bel\u00e9n Mac\u00edas o Miguel \u00c1ngel Vivas. El duo actoral format per N\u00faria Herrero i Juan Blanco s&#8217;encarrega de mantenir la pel\u00b7l\u00edcula en constant tensi\u00f3. <\/p>\n\n<p>Tancant la competici\u00f3, es presenta BETWEEN TWO SEAS, film egipci d&#8217;Anas Tolba que introduir\u00e0 el seu productor, Abdulrahman El-Garawany. Es va presentar a nivell mundial en el Women\u2019s International Film Festival d&#8217;Assuan, on va guanyar el guard\u00f3 a la millor direcci\u00f3, i al juny va obtindre els premis a millor pel\u00b7l\u00edcula i millor gui\u00f3 en el de Brooklyn, on va commoure profundament aquesta hist\u00f2ria d&#8217;una mare que lluita pels drets de la seua filla. La pel\u00b7l\u00edcula aborda q\u00fcestions socials relacionades amb el paper de la dona en el m\u00f3n \u00e0rab, especialment en zones rurals i marginals. El gui\u00f3 porta la signatura de Mariam Naoum, tamb\u00e9 autora de \u2018One-Zero\u2019 (2009), programada aquest mateix any en la secci\u00f3 \u2018La revoluci\u00f3 de la dona al cinema egipci\u2019.<\/p>\n\n<figure class=\"wp-block-image\"><img loading=\"lazy\" decoding=\"async\" width=\"1024\" height=\"684\" src=\"https:\/\/lamostradevalencia.com\/wp-content\/uploads\/2019\/10\/Between-Two-Seas-1024x684.jpg\" alt=\"\" class=\"wp-image-3981\" srcset=\"https:\/\/lamostradevalencia.com\/wp-content\/uploads\/2019\/10\/Between-Two-Seas-1024x684.jpg 1024w, https:\/\/lamostradevalencia.com\/wp-content\/uploads\/2019\/10\/Between-Two-Seas-300x200.jpg 300w, https:\/\/lamostradevalencia.com\/wp-content\/uploads\/2019\/10\/Between-Two-Seas-768x513.jpg 768w, https:\/\/lamostradevalencia.com\/wp-content\/uploads\/2019\/10\/Between-Two-Seas.jpg 1334w\" sizes=\"auto, (max-width: 1024px) 100vw, 1024px\" \/><figcaption>Between Two Seas<\/figcaption><\/figure>\n<p>El protagonisme valenci\u00e0 no decau, perqu\u00e8 el festival acull l&#8217;estrena de DANZANTES, un documental \u201cpanor\u00e0mic, un men\u00fa degustaci\u00f3 de la dansa en totes les seues expressions\u201d, segons paraules del seu director, Juan Vicente Chuli\u00e1, que va tindre clar des del principi \u201cque havia de ser una pel\u00b7l\u00edcula inclusiva, que mostrara la diversitat d&#8217;estils i les diferents aplicacions que t\u00e9 la dansa, i encara m\u00e9s: que es gravara en diferents pa\u00efsos, per a oferir una mostra el m\u00e9s diversa i extensa possible\u201d. Ell mateix, al costat de la ballarina Anouscka Brodacz i el compositor Antonio Lioci \u2018Globster\u2019, presentar\u00e0 el film al p\u00fablic, amb el qual mantindr\u00e0 un col\u00b7loqui despr\u00e9s de la projecci\u00f3.<\/p>\n\n<p>En la Secci\u00f3 Informativa destaca el primera passe de ARE YOU GLAD I\u2019M HERE, no nom\u00e9s perqu\u00e8 es tracta del primer llarg de la directora libano-americana Noor Gharzeddine, ni pels premis que ha obtingut en Napa Valley, N\u00e0pols o Brooklyn, sin\u00f3 perqu\u00e8 planteja una situaci\u00f3 at\u00edpica: La relaci\u00f3 que s&#8217;estableix entre una professora nord-americana assentada a Beirut i la seua ve\u00efna, una mare de fam\u00edlia sotmesa pel seu marit, deriva en un thriller amb cad\u00e0ver pel mig i resoluci\u00f3 que no conv\u00e9 avan\u00e7ar, pel seu tarann\u00e0 inequ\u00edvocament transgressor.<\/p>\n\n<figure class=\"wp-block-image\"><img loading=\"lazy\" decoding=\"async\" width=\"1024\" height=\"463\" src=\"https:\/\/lamostradevalencia.com\/wp-content\/uploads\/2019\/10\/Danzantes-1024x463.jpg\" alt=\"\" class=\"wp-image-3704\" srcset=\"https:\/\/lamostradevalencia.com\/wp-content\/uploads\/2019\/10\/Danzantes-1024x463.jpg 1024w, https:\/\/lamostradevalencia.com\/wp-content\/uploads\/2019\/10\/Danzantes-300x136.jpg 300w, https:\/\/lamostradevalencia.com\/wp-content\/uploads\/2019\/10\/Danzantes-768x347.jpg 768w, https:\/\/lamostradevalencia.com\/wp-content\/uploads\/2019\/10\/Danzantes.jpg 1280w\" sizes=\"auto, (max-width: 1024px) 100vw, 1024px\" \/><figcaption>Danzantes<\/figcaption><\/figure>\n<p>Tamb\u00e9 arriba el moment de clavar la dent a l&#8217;obra mestra de Guy Debord. Adaptaci\u00f3 lliure del seu llibre hom\u00f2nim, LA SOCIEDAD DEL ESPECT\u00c1CULO \u00e9s un assaig cinematogr\u00e0fic a base de material d&#8217;arxiu que alterna extractes de diverses obres llegits pel propi Debord. Cinema de combat, contracorrent, que busca provocar a l&#8217;espectador i no deixar-li indiferent, que q\u00fcestiona els c\u00e0nons narratius convencionals i es pregunta pel mitj\u00e0 com a manera d&#8217;expressi\u00f3. Pura avantguarda audiovisual al servei de les idees situacionistes, que quatre d\u00e8cades despr\u00e9s conserva tot el seu poder revulsiu.<\/p>\n\n<p>A m\u00e9s, es poden ca\u00e7ar encara els \u00faltims passes de A SHELTER AMONG THE CLOUDS i FLESH OUT, totes dues en Secci\u00f3 Oficial; la raci\u00f3 di\u00e0ria de Liliana Cavani en La Filmoteca; alguns dels t\u00edtols emblem\u00e0tics de Ferzan Ozpetek, com ara EL HADA IGNORANTE o LA VENTANA DE ENFRENTE; el segon passe de ZERO IMPUNITY; tres nous t\u00edtols de directores eg\u00edpcies; com\u00e8dies italianes com la magistral LA ESCAPADA, amb Vittorio Gassman i Jean-Louis Trintignant\u2026 L&#8217;oferta \u00e9s tan \u00e0mplia com els gustos de cada espectador.&#13;\n&#13;\nInformaci\u00f3 addicional sobre horaris, sales i venda d&#8217;entrades anticipades en la nostra web: <a href=\"https:\/\/lamostradevalencia.com\/\">www.lamostradevalencia.com<\/a><\/p>\n","protected":false},"excerpt":{"rendered":"<p>L&#8217;\u00faltima jornada d&#8217;estrenes de la Secci\u00f3 Oficial a Competici\u00f3 suposa tamb\u00e9 \u00e9s la posada de llarg de ZER\u00d8, opera prima del valenci\u00e0 I\u00f1aki S\u00e1nchez Arrieta [&hellip;]<\/p>\n","protected":false},"author":1,"featured_media":3944,"comment_status":"open","ping_status":"open","sticky":false,"template":"","format":"standard","meta":{"_uag_custom_page_level_css":"","_jet_sm_ready_style":"","_jet_sm_style":"","_jet_sm_controls_values":"","_jet_sm_fonts_collection":"","_jet_sm_fonts_links":"","footnotes":""},"categories":[455],"tags":[],"class_list":["post-4714","post","type-post","status-publish","format-standard","has-post-thumbnail","hentry","category-noticies"],"yoast_head":"<!-- This site is optimized with the Yoast SEO plugin v27.5 - https:\/\/yoast.com\/product\/yoast-seo-wordpress\/ -->\n<title>FULL DE RUTA. DIMECRES 30.<\/title>\n<meta name=\"description\" content=\"Mostra de Val\u00e8ncia - Cinema del Mediterrani\" \/>\n<meta name=\"robots\" content=\"index, follow, max-snippet:-1, max-image-preview:large, max-video-preview:-1\" \/>\n<link rel=\"canonical\" href=\"https:\/\/lamostradevalencia.com\/ca\/full-de-ruta-dimecres-30\/\" \/>\n<meta property=\"og:locale\" content=\"ca_ES\" \/>\n<meta property=\"og:type\" content=\"article\" \/>\n<meta property=\"og:title\" content=\"FULL DE RUTA. DIMECRES 30.\" \/>\n<meta property=\"og:description\" content=\"Mostra de Val\u00e8ncia - Cinema del Mediterrani\" \/>\n<meta property=\"og:url\" content=\"https:\/\/lamostradevalencia.com\/ca\/full-de-ruta-dimecres-30\/\" \/>\n<meta property=\"og:site_name\" content=\"Mostra de Val\u00e8ncia\" \/>\n<meta property=\"article:published_time\" content=\"2019-10-30T00:07:10+00:00\" \/>\n<meta property=\"article:modified_time\" content=\"2019-10-30T00:10:03+00:00\" \/>\n<meta property=\"og:image\" content=\"https:\/\/lamostradevalencia.com\/wp-content\/uploads\/2019\/10\/Zero.jpg\" \/>\n\t<meta property=\"og:image:width\" content=\"3444\" \/>\n\t<meta property=\"og:image:height\" content=\"1459\" \/>\n\t<meta property=\"og:image:type\" content=\"image\/jpeg\" \/>\n<meta name=\"author\" content=\"Mostra de Val\u00e8ncia\" \/>\n<meta name=\"twitter:card\" content=\"summary_large_image\" \/>\n<meta name=\"twitter:label1\" content=\"Escrit per\" \/>\n\t<meta name=\"twitter:data1\" content=\"Mostra de Val\u00e8ncia\" \/>\n\t<meta name=\"twitter:label2\" content=\"Temps estimat de lectura\" \/>\n\t<meta name=\"twitter:data2\" content=\"3 minuts\" \/>\n<script type=\"application\/ld+json\" class=\"yoast-schema-graph\">{\"@context\":\"https:\\\/\\\/schema.org\",\"@graph\":[{\"@type\":\"Article\",\"@id\":\"https:\\\/\\\/lamostradevalencia.com\\\/ca\\\/full-de-ruta-dimecres-30\\\/#article\",\"isPartOf\":{\"@id\":\"https:\\\/\\\/lamostradevalencia.com\\\/ca\\\/full-de-ruta-dimecres-30\\\/\"},\"author\":{\"name\":\"Mostra de Val\u00e8ncia\",\"@id\":\"https:\\\/\\\/lamostradevalencia.com\\\/ca\\\/#\\\/schema\\\/person\\\/1dc07e4df3d6310b81d2cdf6a034070c\"},\"headline\":\"FULL DE RUTA. DIMECRES 30.\",\"datePublished\":\"2019-10-30T00:07:10+00:00\",\"dateModified\":\"2019-10-30T00:10:03+00:00\",\"mainEntityOfPage\":{\"@id\":\"https:\\\/\\\/lamostradevalencia.com\\\/ca\\\/full-de-ruta-dimecres-30\\\/\"},\"wordCount\":709,\"commentCount\":0,\"image\":{\"@id\":\"https:\\\/\\\/lamostradevalencia.com\\\/ca\\\/full-de-ruta-dimecres-30\\\/#primaryimage\"},\"thumbnailUrl\":\"https:\\\/\\\/lamostradevalencia.com\\\/wp-content\\\/uploads\\\/2019\\\/10\\\/Zero.jpg\",\"articleSection\":[\"Noticies\"],\"inLanguage\":\"ca\",\"potentialAction\":[{\"@type\":\"CommentAction\",\"name\":\"Comment\",\"target\":[\"https:\\\/\\\/lamostradevalencia.com\\\/ca\\\/full-de-ruta-dimecres-30\\\/#respond\"]}]},{\"@type\":\"WebPage\",\"@id\":\"https:\\\/\\\/lamostradevalencia.com\\\/ca\\\/full-de-ruta-dimecres-30\\\/\",\"url\":\"https:\\\/\\\/lamostradevalencia.com\\\/ca\\\/full-de-ruta-dimecres-30\\\/\",\"name\":\"FULL DE RUTA. DIMECRES 30.\",\"isPartOf\":{\"@id\":\"https:\\\/\\\/lamostradevalencia.com\\\/ca\\\/#website\"},\"primaryImageOfPage\":{\"@id\":\"https:\\\/\\\/lamostradevalencia.com\\\/ca\\\/full-de-ruta-dimecres-30\\\/#primaryimage\"},\"image\":{\"@id\":\"https:\\\/\\\/lamostradevalencia.com\\\/ca\\\/full-de-ruta-dimecres-30\\\/#primaryimage\"},\"thumbnailUrl\":\"https:\\\/\\\/lamostradevalencia.com\\\/wp-content\\\/uploads\\\/2019\\\/10\\\/Zero.jpg\",\"datePublished\":\"2019-10-30T00:07:10+00:00\",\"dateModified\":\"2019-10-30T00:10:03+00:00\",\"author\":{\"@id\":\"https:\\\/\\\/lamostradevalencia.com\\\/ca\\\/#\\\/schema\\\/person\\\/1dc07e4df3d6310b81d2cdf6a034070c\"},\"description\":\"Mostra de Val\u00e8ncia - Cinema del Mediterrani\",\"breadcrumb\":{\"@id\":\"https:\\\/\\\/lamostradevalencia.com\\\/ca\\\/full-de-ruta-dimecres-30\\\/#breadcrumb\"},\"inLanguage\":\"ca\",\"potentialAction\":[{\"@type\":\"ReadAction\",\"target\":[\"https:\\\/\\\/lamostradevalencia.com\\\/ca\\\/full-de-ruta-dimecres-30\\\/\"]}]},{\"@type\":\"ImageObject\",\"inLanguage\":\"ca\",\"@id\":\"https:\\\/\\\/lamostradevalencia.com\\\/ca\\\/full-de-ruta-dimecres-30\\\/#primaryimage\",\"url\":\"https:\\\/\\\/lamostradevalencia.com\\\/wp-content\\\/uploads\\\/2019\\\/10\\\/Zero.jpg\",\"contentUrl\":\"https:\\\/\\\/lamostradevalencia.com\\\/wp-content\\\/uploads\\\/2019\\\/10\\\/Zero.jpg\",\"width\":3444,\"height\":1459,\"caption\":\"Zer\u00f8\"},{\"@type\":\"BreadcrumbList\",\"@id\":\"https:\\\/\\\/lamostradevalencia.com\\\/ca\\\/full-de-ruta-dimecres-30\\\/#breadcrumb\",\"itemListElement\":[{\"@type\":\"ListItem\",\"position\":1,\"name\":\"Portada\",\"item\":\"https:\\\/\\\/lamostradevalencia.com\\\/ca\\\/\"},{\"@type\":\"ListItem\",\"position\":2,\"name\":\"FULL DE RUTA. DIMECRES 30.\"}]},{\"@type\":\"WebSite\",\"@id\":\"https:\\\/\\\/lamostradevalencia.com\\\/ca\\\/#website\",\"url\":\"https:\\\/\\\/lamostradevalencia.com\\\/ca\\\/\",\"name\":\"Mostra de Val\u00e8ncia\",\"description\":\"Cinema del Mediterrani\",\"potentialAction\":[{\"@type\":\"SearchAction\",\"target\":{\"@type\":\"EntryPoint\",\"urlTemplate\":\"https:\\\/\\\/lamostradevalencia.com\\\/ca\\\/?s={search_term_string}\"},\"query-input\":{\"@type\":\"PropertyValueSpecification\",\"valueRequired\":true,\"valueName\":\"search_term_string\"}}],\"inLanguage\":\"ca\"},{\"@type\":\"Person\",\"@id\":\"https:\\\/\\\/lamostradevalencia.com\\\/ca\\\/#\\\/schema\\\/person\\\/1dc07e4df3d6310b81d2cdf6a034070c\",\"name\":\"Mostra de Val\u00e8ncia\",\"image\":{\"@type\":\"ImageObject\",\"inLanguage\":\"ca\",\"@id\":\"https:\\\/\\\/secure.gravatar.com\\\/avatar\\\/ada4dfd699a9907706987adb1bb2b361c2613ccca474b49b8c648de5208e32f8?s=96&d=mm&r=g\",\"url\":\"https:\\\/\\\/secure.gravatar.com\\\/avatar\\\/ada4dfd699a9907706987adb1bb2b361c2613ccca474b49b8c648de5208e32f8?s=96&d=mm&r=g\",\"contentUrl\":\"https:\\\/\\\/secure.gravatar.com\\\/avatar\\\/ada4dfd699a9907706987adb1bb2b361c2613ccca474b49b8c648de5208e32f8?s=96&d=mm&r=g\",\"caption\":\"Mostra de Val\u00e8ncia\"}}]}<\/script>\n<!-- \/ Yoast SEO plugin. -->","yoast_head_json":{"title":"FULL DE RUTA. DIMECRES 30.","description":"Mostra de Val\u00e8ncia - Cinema del Mediterrani","robots":{"index":"index","follow":"follow","max-snippet":"max-snippet:-1","max-image-preview":"max-image-preview:large","max-video-preview":"max-video-preview:-1"},"canonical":"https:\/\/lamostradevalencia.com\/ca\/full-de-ruta-dimecres-30\/","og_locale":"ca_ES","og_type":"article","og_title":"FULL DE RUTA. DIMECRES 30.","og_description":"Mostra de Val\u00e8ncia - Cinema del Mediterrani","og_url":"https:\/\/lamostradevalencia.com\/ca\/full-de-ruta-dimecres-30\/","og_site_name":"Mostra de Val\u00e8ncia","article_published_time":"2019-10-30T00:07:10+00:00","article_modified_time":"2019-10-30T00:10:03+00:00","og_image":[{"width":3444,"height":1459,"url":"https:\/\/lamostradevalencia.com\/wp-content\/uploads\/2019\/10\/Zero.jpg","type":"image\/jpeg"}],"author":"Mostra de Val\u00e8ncia","twitter_card":"summary_large_image","twitter_misc":{"Escrit per":"Mostra de Val\u00e8ncia","Temps estimat de lectura":"3 minuts"},"schema":{"@context":"https:\/\/schema.org","@graph":[{"@type":"Article","@id":"https:\/\/lamostradevalencia.com\/ca\/full-de-ruta-dimecres-30\/#article","isPartOf":{"@id":"https:\/\/lamostradevalencia.com\/ca\/full-de-ruta-dimecres-30\/"},"author":{"name":"Mostra de Val\u00e8ncia","@id":"https:\/\/lamostradevalencia.com\/ca\/#\/schema\/person\/1dc07e4df3d6310b81d2cdf6a034070c"},"headline":"FULL DE RUTA. DIMECRES 30.","datePublished":"2019-10-30T00:07:10+00:00","dateModified":"2019-10-30T00:10:03+00:00","mainEntityOfPage":{"@id":"https:\/\/lamostradevalencia.com\/ca\/full-de-ruta-dimecres-30\/"},"wordCount":709,"commentCount":0,"image":{"@id":"https:\/\/lamostradevalencia.com\/ca\/full-de-ruta-dimecres-30\/#primaryimage"},"thumbnailUrl":"https:\/\/lamostradevalencia.com\/wp-content\/uploads\/2019\/10\/Zero.jpg","articleSection":["Noticies"],"inLanguage":"ca","potentialAction":[{"@type":"CommentAction","name":"Comment","target":["https:\/\/lamostradevalencia.com\/ca\/full-de-ruta-dimecres-30\/#respond"]}]},{"@type":"WebPage","@id":"https:\/\/lamostradevalencia.com\/ca\/full-de-ruta-dimecres-30\/","url":"https:\/\/lamostradevalencia.com\/ca\/full-de-ruta-dimecres-30\/","name":"FULL DE RUTA. DIMECRES 30.","isPartOf":{"@id":"https:\/\/lamostradevalencia.com\/ca\/#website"},"primaryImageOfPage":{"@id":"https:\/\/lamostradevalencia.com\/ca\/full-de-ruta-dimecres-30\/#primaryimage"},"image":{"@id":"https:\/\/lamostradevalencia.com\/ca\/full-de-ruta-dimecres-30\/#primaryimage"},"thumbnailUrl":"https:\/\/lamostradevalencia.com\/wp-content\/uploads\/2019\/10\/Zero.jpg","datePublished":"2019-10-30T00:07:10+00:00","dateModified":"2019-10-30T00:10:03+00:00","author":{"@id":"https:\/\/lamostradevalencia.com\/ca\/#\/schema\/person\/1dc07e4df3d6310b81d2cdf6a034070c"},"description":"Mostra de Val\u00e8ncia - Cinema del Mediterrani","breadcrumb":{"@id":"https:\/\/lamostradevalencia.com\/ca\/full-de-ruta-dimecres-30\/#breadcrumb"},"inLanguage":"ca","potentialAction":[{"@type":"ReadAction","target":["https:\/\/lamostradevalencia.com\/ca\/full-de-ruta-dimecres-30\/"]}]},{"@type":"ImageObject","inLanguage":"ca","@id":"https:\/\/lamostradevalencia.com\/ca\/full-de-ruta-dimecres-30\/#primaryimage","url":"https:\/\/lamostradevalencia.com\/wp-content\/uploads\/2019\/10\/Zero.jpg","contentUrl":"https:\/\/lamostradevalencia.com\/wp-content\/uploads\/2019\/10\/Zero.jpg","width":3444,"height":1459,"caption":"Zer\u00f8"},{"@type":"BreadcrumbList","@id":"https:\/\/lamostradevalencia.com\/ca\/full-de-ruta-dimecres-30\/#breadcrumb","itemListElement":[{"@type":"ListItem","position":1,"name":"Portada","item":"https:\/\/lamostradevalencia.com\/ca\/"},{"@type":"ListItem","position":2,"name":"FULL DE RUTA. DIMECRES 30."}]},{"@type":"WebSite","@id":"https:\/\/lamostradevalencia.com\/ca\/#website","url":"https:\/\/lamostradevalencia.com\/ca\/","name":"Mostra de Val\u00e8ncia","description":"Cinema del Mediterrani","potentialAction":[{"@type":"SearchAction","target":{"@type":"EntryPoint","urlTemplate":"https:\/\/lamostradevalencia.com\/ca\/?s={search_term_string}"},"query-input":{"@type":"PropertyValueSpecification","valueRequired":true,"valueName":"search_term_string"}}],"inLanguage":"ca"},{"@type":"Person","@id":"https:\/\/lamostradevalencia.com\/ca\/#\/schema\/person\/1dc07e4df3d6310b81d2cdf6a034070c","name":"Mostra de Val\u00e8ncia","image":{"@type":"ImageObject","inLanguage":"ca","@id":"https:\/\/secure.gravatar.com\/avatar\/ada4dfd699a9907706987adb1bb2b361c2613ccca474b49b8c648de5208e32f8?s=96&d=mm&r=g","url":"https:\/\/secure.gravatar.com\/avatar\/ada4dfd699a9907706987adb1bb2b361c2613ccca474b49b8c648de5208e32f8?s=96&d=mm&r=g","contentUrl":"https:\/\/secure.gravatar.com\/avatar\/ada4dfd699a9907706987adb1bb2b361c2613ccca474b49b8c648de5208e32f8?s=96&d=mm&r=g","caption":"Mostra de Val\u00e8ncia"}}]}},"uagb_featured_image_src":{"full":["https:\/\/lamostradevalencia.com\/wp-content\/uploads\/2019\/10\/Zero.jpg",3444,1459,false],"thumbnail":["https:\/\/lamostradevalencia.com\/wp-content\/uploads\/2019\/10\/Zero-150x150.jpg",150,150,true],"medium":["https:\/\/lamostradevalencia.com\/wp-content\/uploads\/2019\/10\/Zero-300x127.jpg",300,127,true],"medium_large":["https:\/\/lamostradevalencia.com\/wp-content\/uploads\/2019\/10\/Zero-768x325.jpg",768,325,true],"large":["https:\/\/lamostradevalencia.com\/wp-content\/uploads\/2019\/10\/Zero-1024x434.jpg",1024,434,true],"1536x1536":["https:\/\/lamostradevalencia.com\/wp-content\/uploads\/2019\/10\/Zero.jpg",1536,651,false],"2048x2048":["https:\/\/lamostradevalencia.com\/wp-content\/uploads\/2019\/10\/Zero.jpg",2048,868,false],"cinerama_edge_image_square":["https:\/\/lamostradevalencia.com\/wp-content\/uploads\/2019\/10\/Zero-550x550.jpg",550,550,true],"cinerama_edge_image_landscape":["https:\/\/lamostradevalencia.com\/wp-content\/uploads\/2019\/10\/Zero-1100x550.jpg",1100,550,true],"cinerama_edge_image_portrait":["https:\/\/lamostradevalencia.com\/wp-content\/uploads\/2019\/10\/Zero-550x1100.jpg",550,1100,true],"cinerama_edge_image_huge":["https:\/\/lamostradevalencia.com\/wp-content\/uploads\/2019\/10\/Zero-1100x1100.jpg",1100,1100,true],"gform-image-choice-sm":["https:\/\/lamostradevalencia.com\/wp-content\/uploads\/2019\/10\/Zero.jpg",300,127,false],"gform-image-choice-md":["https:\/\/lamostradevalencia.com\/wp-content\/uploads\/2019\/10\/Zero.jpg",400,169,false],"gform-image-choice-lg":["https:\/\/lamostradevalencia.com\/wp-content\/uploads\/2019\/10\/Zero.jpg",600,254,false]},"uagb_author_info":{"display_name":"Mostra de Val\u00e8ncia","author_link":"https:\/\/lamostradevalencia.com\/ca\/author\/mostravalencia\/"},"uagb_comment_info":0,"uagb_excerpt":"L&#8217;\u00faltima jornada d&#8217;estrenes de la Secci\u00f3 Oficial a Competici\u00f3 suposa tamb\u00e9 \u00e9s la posada de llarg de ZER\u00d8, opera prima del valenci\u00e0 I\u00f1aki S\u00e1nchez Arrieta [&hellip;]","_links":{"self":[{"href":"https:\/\/lamostradevalencia.com\/ca\/wp-json\/wp\/v2\/posts\/4714","targetHints":{"allow":["GET"]}}],"collection":[{"href":"https:\/\/lamostradevalencia.com\/ca\/wp-json\/wp\/v2\/posts"}],"about":[{"href":"https:\/\/lamostradevalencia.com\/ca\/wp-json\/wp\/v2\/types\/post"}],"author":[{"embeddable":true,"href":"https:\/\/lamostradevalencia.com\/ca\/wp-json\/wp\/v2\/users\/1"}],"replies":[{"embeddable":true,"href":"https:\/\/lamostradevalencia.com\/ca\/wp-json\/wp\/v2\/comments?post=4714"}],"version-history":[{"count":1,"href":"https:\/\/lamostradevalencia.com\/ca\/wp-json\/wp\/v2\/posts\/4714\/revisions"}],"predecessor-version":[{"id":4715,"href":"https:\/\/lamostradevalencia.com\/ca\/wp-json\/wp\/v2\/posts\/4714\/revisions\/4715"}],"wp:featuredmedia":[{"embeddable":true,"href":"https:\/\/lamostradevalencia.com\/ca\/wp-json\/wp\/v2\/media\/3944"}],"wp:attachment":[{"href":"https:\/\/lamostradevalencia.com\/ca\/wp-json\/wp\/v2\/media?parent=4714"}],"wp:term":[{"taxonomy":"category","embeddable":true,"href":"https:\/\/lamostradevalencia.com\/ca\/wp-json\/wp\/v2\/categories?post=4714"},{"taxonomy":"post_tag","embeddable":true,"href":"https:\/\/lamostradevalencia.com\/ca\/wp-json\/wp\/v2\/tags?post=4714"}],"curies":[{"name":"wp","href":"https:\/\/api.w.org\/{rel}","templated":true}]}}