{"id":4708,"date":"2019-10-29T02:19:11","date_gmt":"2019-10-29T00:19:11","guid":{"rendered":"https:\/\/lamostradevalencia.com\/full-de-ruta-dimarts-29\/"},"modified":"2019-10-29T02:22:01","modified_gmt":"2019-10-29T00:22:01","slug":"full-de-ruta-dimarts-29","status":"publish","type":"post","link":"https:\/\/lamostradevalencia.com\/ca\/full-de-ruta-dimarts-29\/","title":{"rendered":"FULL DE RUTA. DIMARTS 29."},"content":{"rendered":"\n<p>La Secci\u00f3 Oficial no baixa el ritme. La proposta per a hui \u00e9s, novament, de les que val la pena tindre en compte. Comen\u00e7a amb FLESH OUT, primera pel\u00b7l\u00edcula de ficci\u00f3 de la italiana Michela Occhipinti, a qui se li nota, molt i per a b\u00e9, una s\u00f2lida formaci\u00f3 en terreny documental. Sens dubte, \u00e9s el background ideal per a aproximar-se a una hist\u00f2ria tan terrible com desconeguda per al p\u00fablic occidental: La tradici\u00f3 mauritana que obliga a engreixar per la for\u00e7a a les dones compromeses en matrimoni. Estrenada mundialment en la secci\u00f3 Panorama del Festival de Berl\u00edn, despr\u00e9s ha passat per altres cert\u00e0mens de prestigi, com el de Tribeca. La seua directora assistir\u00e0 a la projecci\u00f3 per a compartir amb el p\u00fablic l&#8217;experi\u00e8ncia que ha suposat portar a la pantalla aquesta colpidora hist\u00f2ria.<\/p>\n\n<figure class=\"wp-block-image\"><img loading=\"lazy\" decoding=\"async\" width=\"1024\" height=\"551\" src=\"https:\/\/lamostradevalencia.com\/wp-content\/uploads\/2019\/10\/Flesh-Out-1024x551.jpg\" alt=\"\" class=\"wp-image-3969\" srcset=\"https:\/\/lamostradevalencia.com\/wp-content\/uploads\/2019\/10\/Flesh-Out-1024x551.jpg 1024w, https:\/\/lamostradevalencia.com\/wp-content\/uploads\/2019\/10\/Flesh-Out-300x162.jpg 300w, https:\/\/lamostradevalencia.com\/wp-content\/uploads\/2019\/10\/Flesh-Out-768x414.jpg 768w\" sizes=\"auto, (max-width: 1024px) 100vw, 1024px\" \/><figcaption>Flesh Out<\/figcaption><\/figure>\n<p>Tamb\u00e9 l&#8217;albanesa A SHELTER AMONG THE CLOUDS aborda tradicions seculars. En aquest cas, religioses. El director Robert Budina utilitza l&#8217;an\u00e8cdota argumental (el descobriment que l&#8217;antiga mesquita d&#8217;un poble va ser abans una esgl\u00e9sia cat\u00f2lica) per a articular un intel\u00b7ligent discurs en contra dels fonamentalismes, que es beneficia de l&#8217;extraordin\u00e0ria fotografia del roman\u00e9s Marius Panduru (habitual de Corneliu Porumboiu o Radu Jude) i del gran treball interpretatiu d&#8217;Arben Bajraktaraj, conegut per la seua pres\u00e8ncia en les pel\u00b7l\u00edcules de la saga Harry Potter i en la producci\u00f3 valenciana \u2018El desentierro\u2019. Tots dos, actor i director, donaran suport al passe amb la seua pres\u00e8ncia i abundaran en el recorregut internacional d&#8217;un film que ha guanyat premis a Pristina, La Valeta i Calif\u00f2rnia.<\/p>\n\n<figure class=\"wp-block-image\"><img loading=\"lazy\" decoding=\"async\" width=\"1024\" height=\"429\" src=\"https:\/\/lamostradevalencia.com\/wp-content\/uploads\/2019\/10\/A-Shelter-Among-The-Clouds-1024x429.jpg\" alt=\"\" class=\"wp-image-3951\" srcset=\"https:\/\/lamostradevalencia.com\/wp-content\/uploads\/2019\/10\/A-Shelter-Among-The-Clouds-1024x429.jpg 1024w, https:\/\/lamostradevalencia.com\/wp-content\/uploads\/2019\/10\/A-Shelter-Among-The-Clouds-300x126.jpg 300w, https:\/\/lamostradevalencia.com\/wp-content\/uploads\/2019\/10\/A-Shelter-Among-The-Clouds-768x322.jpg 768w, https:\/\/lamostradevalencia.com\/wp-content\/uploads\/2019\/10\/A-Shelter-Among-The-Clouds.jpg 1920w\" sizes=\"auto, (max-width: 1024px) 100vw, 1024px\" \/><figcaption>A Shelter Among The Clouds<\/figcaption><\/figure>\n<p>I mentre unes pel\u00b7l\u00edcules prolonguen el seu idil\u00b7li amb els festivals de tot el m\u00f3n, unes altres inicien la seua marxa. \u00c9s el cas de JALAS, un migmetratge documental valenci\u00e0 que t\u00e9 hui la seua estrena mundial en el marc de la Mostra i que conta la vida quotidiana de tres adolescents palestines residents a Jerusalem, Haifa i Cisjord\u00e0nia. No es coneixen entre elles, per\u00f2 la dist\u00e0ncia que les separa no \u00e9s l&#8217;impediment: El principal obstacle \u00e9s l&#8217;ocupaci\u00f3 que viu el seu pa\u00eds des de fa ja m\u00e9s de 70 anys. La seua directora, Olga Arias, i una \u00e0mplia representaci\u00f3 de l&#8217;equip de la pel\u00b7l\u00edcula presentaran un treball d&#8217;alt valor emocional, rodat en mode guerrilla, que al\u00e7a la veu per a denunciar la situaci\u00f3 que viuen milers de persones en Palestina. Una de les cites m\u00e9s especials d&#8217;aquesta edici\u00f3 de la Mostra.<\/p>\n\n<p>Per\u00f2, clar, no l&#8217;\u00fanica. Perqu\u00e8 hui es pot gaudir tamb\u00e9 del primer passe de ZERO IMPUNITY, un documental que forma part d&#8217;un ambici\u00f3s projecte transm\u00e8dia que denuncia els abusos sexuals que es produeixen en els conflictes armats. Al seu activisme i milit\u00e0ncia s&#8217;uneix una afortunada decisi\u00f3 formal, ja que la pel\u00b7l\u00edcula combina la imatge real amb l&#8217;animaci\u00f3, aconseguint arribar al cor del p\u00fablic sense la necessitat de rec\u00f3rrer a imatges sensacionalistes. El productor de la pel\u00b7l\u00edcula, Fran\u00e7ois Le Gall, parlar\u00e0 amb els assistents sobre l&#8217;elaboraci\u00f3 del film i les accions associades a les projeccions organitzades en diversos pa\u00efsos. <\/p>\n\n<figure class=\"wp-block-image\"><img loading=\"lazy\" decoding=\"async\" width=\"1024\" height=\"576\" src=\"https:\/\/lamostradevalencia.com\/wp-content\/uploads\/2019\/10\/Zero-Impunity-1024x576.jpg\" alt=\"\" class=\"wp-image-3842\" srcset=\"https:\/\/lamostradevalencia.com\/wp-content\/uploads\/2019\/10\/Zero-Impunity-1024x576.jpg 1024w, https:\/\/lamostradevalencia.com\/wp-content\/uploads\/2019\/10\/Zero-Impunity-300x169.jpg 300w, https:\/\/lamostradevalencia.com\/wp-content\/uploads\/2019\/10\/Zero-Impunity-768x432.jpg 768w, https:\/\/lamostradevalencia.com\/wp-content\/uploads\/2019\/10\/Zero-Impunity.jpg 1200w\" sizes=\"auto, (max-width: 1024px) 100vw, 1024px\" \/><figcaption>Zero Impunity<\/figcaption><\/figure>\n<p>A m\u00e9s, la SGAE acull un concert de FREE TOWN en homenatge a Toni Canet que promet moments molt emotius, ja que Jes\u00fas Salvador \u2018Chapi\u2019, un dels components del duo, \u00e9s tamb\u00e9 autor de la banda sonora de CAL\u00c7 BLANCA, NEGRO CARB\u00d3N, la pel\u00b7l\u00edcula p\u00f2stuma de Canet, que es va projectar en la inauguraci\u00f3 de la Mostra. Una elegia a base de vibr\u00e1fono, percussi\u00f3 i marimba que recordar\u00e0 la figura d&#8217;un cineasta molt volgut a Val\u00e8ncia.<\/p>\n\n<p>I, com \u00e9s habitual, els segons (i \u00faltims) passes de dues pel\u00b7l\u00edcules de Secci\u00f3 Oficial, A HERDADE i THE ANNOUNCEMENT, en tots dos casos amb pres\u00e8ncia dels autors; la raci\u00f3 de cl\u00e0ssics de l&#8217;humor italians, entre els quals destaca RUFUF\u00da, una indiscutible obra mestra; les pel\u00b7l\u00edcules de Liliana Cavani en La Filmoteca, tres t\u00edtols seleccionats de Ferzan Ozpetek, l&#8217;\u00faltima oportunitat de veure FREEDOM FIELDS i el llargmetratge MAFAK, de Bassam Jarbawi, pertanyent a la Secci\u00f3 Informativa. Un altre t\u00edtol amb extens recorregut internacional (el Caire, Ven\u00e8cia, Montpeller, Malm\u00f6) que reflexiona sobre la situaci\u00f3 en Palestina. En l&#8217;equador de la seua programaci\u00f3, el festival no baixa la gu\u00e0rdia.<\/p>\n\n<p>Informaci\u00f3 addicional sobre horaris, sales i venda d&#8217;entrades anticipades en la nostra web: <a href=\"https:\/\/lamostradevalencia.com\/\">www.lamostradevalencia.com<\/a><\/p>\n\n<div class=\"wp-block-image\"><figure class=\"aligncenter\"><img loading=\"lazy\" decoding=\"async\" width=\"637\" height=\"1024\" src=\"https:\/\/lamostradevalencia.com\/wp-content\/uploads\/2019\/10\/Concert-Free-Town-637x1024.jpeg\" alt=\"\" class=\"wp-image-4704\" srcset=\"https:\/\/lamostradevalencia.com\/wp-content\/uploads\/2019\/10\/Concert-Free-Town-637x1024.jpeg 637w, https:\/\/lamostradevalencia.com\/wp-content\/uploads\/2019\/10\/Concert-Free-Town-187x300.jpeg 187w, https:\/\/lamostradevalencia.com\/wp-content\/uploads\/2019\/10\/Concert-Free-Town-768x1235.jpeg 768w, https:\/\/lamostradevalencia.com\/wp-content\/uploads\/2019\/10\/Concert-Free-Town.jpeg 995w\" sizes=\"auto, (max-width: 637px) 100vw, 637px\" \/><figcaption>Concert Free Town<\/figcaption><\/figure><\/div>\n","protected":false},"excerpt":{"rendered":"<p>La Secci\u00f3 Oficial no baixa el ritme. La proposta per a hui \u00e9s, novament, de les que val la pena tindre en compte. Comen\u00e7a amb [&hellip;]<\/p>\n","protected":false},"author":1,"featured_media":3719,"comment_status":"open","ping_status":"open","sticky":false,"template":"","format":"standard","meta":{"_uag_custom_page_level_css":"","_jet_sm_ready_style":"","_jet_sm_style":"","_jet_sm_controls_values":"","_jet_sm_fonts_collection":"","_jet_sm_fonts_links":"","footnotes":""},"categories":[455],"tags":[],"class_list":["post-4708","post","type-post","status-publish","format-standard","has-post-thumbnail","hentry","category-noticies"],"yoast_head":"<!-- This site is optimized with the Yoast SEO plugin v27.5 - https:\/\/yoast.com\/product\/yoast-seo-wordpress\/ -->\n<title>FULL DE RUTA. DIMARTS 29.<\/title>\n<meta name=\"description\" content=\"Mostra de Val\u00e8ncia - Cinema del Mediterrani\" \/>\n<meta name=\"robots\" content=\"index, follow, max-snippet:-1, max-image-preview:large, max-video-preview:-1\" \/>\n<link rel=\"canonical\" href=\"https:\/\/lamostradevalencia.com\/ca\/full-de-ruta-dimarts-29\/\" \/>\n<meta property=\"og:locale\" content=\"ca_ES\" \/>\n<meta property=\"og:type\" content=\"article\" \/>\n<meta property=\"og:title\" content=\"FULL DE RUTA. DIMARTS 29.\" \/>\n<meta property=\"og:description\" content=\"Mostra de Val\u00e8ncia - Cinema del Mediterrani\" \/>\n<meta property=\"og:url\" content=\"https:\/\/lamostradevalencia.com\/ca\/full-de-ruta-dimarts-29\/\" \/>\n<meta property=\"og:site_name\" content=\"Mostra de Val\u00e8ncia\" \/>\n<meta property=\"article:published_time\" content=\"2019-10-29T00:19:11+00:00\" \/>\n<meta property=\"article:modified_time\" content=\"2019-10-29T00:22:01+00:00\" \/>\n<meta property=\"og:image\" content=\"https:\/\/lamostradevalencia.com\/wp-content\/uploads\/2019\/10\/Jalas-1024x576.png\" \/>\n\t<meta property=\"og:image:width\" content=\"1024\" \/>\n\t<meta property=\"og:image:height\" content=\"576\" \/>\n\t<meta property=\"og:image:type\" content=\"image\/png\" \/>\n<meta name=\"author\" content=\"Mostra de Val\u00e8ncia\" \/>\n<meta name=\"twitter:card\" content=\"summary_large_image\" \/>\n<meta name=\"twitter:label1\" content=\"Escrit per\" \/>\n\t<meta name=\"twitter:data1\" content=\"Mostra de Val\u00e8ncia\" \/>\n\t<meta name=\"twitter:label2\" content=\"Temps estimat de lectura\" \/>\n\t<meta name=\"twitter:data2\" content=\"4 minuts\" \/>\n<script type=\"application\/ld+json\" class=\"yoast-schema-graph\">{\"@context\":\"https:\\\/\\\/schema.org\",\"@graph\":[{\"@type\":\"Article\",\"@id\":\"https:\\\/\\\/lamostradevalencia.com\\\/ca\\\/full-de-ruta-dimarts-29\\\/#article\",\"isPartOf\":{\"@id\":\"https:\\\/\\\/lamostradevalencia.com\\\/ca\\\/full-de-ruta-dimarts-29\\\/\"},\"author\":{\"name\":\"Mostra de Val\u00e8ncia\",\"@id\":\"https:\\\/\\\/lamostradevalencia.com\\\/ca\\\/#\\\/schema\\\/person\\\/1dc07e4df3d6310b81d2cdf6a034070c\"},\"headline\":\"FULL DE RUTA. DIMARTS 29.\",\"datePublished\":\"2019-10-29T00:19:11+00:00\",\"dateModified\":\"2019-10-29T00:22:01+00:00\",\"mainEntityOfPage\":{\"@id\":\"https:\\\/\\\/lamostradevalencia.com\\\/ca\\\/full-de-ruta-dimarts-29\\\/\"},\"wordCount\":795,\"commentCount\":0,\"image\":{\"@id\":\"https:\\\/\\\/lamostradevalencia.com\\\/ca\\\/full-de-ruta-dimarts-29\\\/#primaryimage\"},\"thumbnailUrl\":\"https:\\\/\\\/lamostradevalencia.com\\\/wp-content\\\/uploads\\\/2019\\\/10\\\/Jalas.png\",\"articleSection\":[\"Noticies\"],\"inLanguage\":\"ca\",\"potentialAction\":[{\"@type\":\"CommentAction\",\"name\":\"Comment\",\"target\":[\"https:\\\/\\\/lamostradevalencia.com\\\/ca\\\/full-de-ruta-dimarts-29\\\/#respond\"]}]},{\"@type\":\"WebPage\",\"@id\":\"https:\\\/\\\/lamostradevalencia.com\\\/ca\\\/full-de-ruta-dimarts-29\\\/\",\"url\":\"https:\\\/\\\/lamostradevalencia.com\\\/ca\\\/full-de-ruta-dimarts-29\\\/\",\"name\":\"FULL DE RUTA. DIMARTS 29.\",\"isPartOf\":{\"@id\":\"https:\\\/\\\/lamostradevalencia.com\\\/ca\\\/#website\"},\"primaryImageOfPage\":{\"@id\":\"https:\\\/\\\/lamostradevalencia.com\\\/ca\\\/full-de-ruta-dimarts-29\\\/#primaryimage\"},\"image\":{\"@id\":\"https:\\\/\\\/lamostradevalencia.com\\\/ca\\\/full-de-ruta-dimarts-29\\\/#primaryimage\"},\"thumbnailUrl\":\"https:\\\/\\\/lamostradevalencia.com\\\/wp-content\\\/uploads\\\/2019\\\/10\\\/Jalas.png\",\"datePublished\":\"2019-10-29T00:19:11+00:00\",\"dateModified\":\"2019-10-29T00:22:01+00:00\",\"author\":{\"@id\":\"https:\\\/\\\/lamostradevalencia.com\\\/ca\\\/#\\\/schema\\\/person\\\/1dc07e4df3d6310b81d2cdf6a034070c\"},\"description\":\"Mostra de Val\u00e8ncia - Cinema del Mediterrani\",\"breadcrumb\":{\"@id\":\"https:\\\/\\\/lamostradevalencia.com\\\/ca\\\/full-de-ruta-dimarts-29\\\/#breadcrumb\"},\"inLanguage\":\"ca\",\"potentialAction\":[{\"@type\":\"ReadAction\",\"target\":[\"https:\\\/\\\/lamostradevalencia.com\\\/ca\\\/full-de-ruta-dimarts-29\\\/\"]}]},{\"@type\":\"ImageObject\",\"inLanguage\":\"ca\",\"@id\":\"https:\\\/\\\/lamostradevalencia.com\\\/ca\\\/full-de-ruta-dimarts-29\\\/#primaryimage\",\"url\":\"https:\\\/\\\/lamostradevalencia.com\\\/wp-content\\\/uploads\\\/2019\\\/10\\\/Jalas.png\",\"contentUrl\":\"https:\\\/\\\/lamostradevalencia.com\\\/wp-content\\\/uploads\\\/2019\\\/10\\\/Jalas.png\",\"width\":1900,\"height\":1069,\"caption\":\"Jalas\"},{\"@type\":\"BreadcrumbList\",\"@id\":\"https:\\\/\\\/lamostradevalencia.com\\\/ca\\\/full-de-ruta-dimarts-29\\\/#breadcrumb\",\"itemListElement\":[{\"@type\":\"ListItem\",\"position\":1,\"name\":\"Portada\",\"item\":\"https:\\\/\\\/lamostradevalencia.com\\\/ca\\\/\"},{\"@type\":\"ListItem\",\"position\":2,\"name\":\"FULL DE RUTA. DIMARTS 29.\"}]},{\"@type\":\"WebSite\",\"@id\":\"https:\\\/\\\/lamostradevalencia.com\\\/ca\\\/#website\",\"url\":\"https:\\\/\\\/lamostradevalencia.com\\\/ca\\\/\",\"name\":\"Mostra de Val\u00e8ncia\",\"description\":\"Cinema del Mediterrani\",\"potentialAction\":[{\"@type\":\"SearchAction\",\"target\":{\"@type\":\"EntryPoint\",\"urlTemplate\":\"https:\\\/\\\/lamostradevalencia.com\\\/ca\\\/?s={search_term_string}\"},\"query-input\":{\"@type\":\"PropertyValueSpecification\",\"valueRequired\":true,\"valueName\":\"search_term_string\"}}],\"inLanguage\":\"ca\"},{\"@type\":\"Person\",\"@id\":\"https:\\\/\\\/lamostradevalencia.com\\\/ca\\\/#\\\/schema\\\/person\\\/1dc07e4df3d6310b81d2cdf6a034070c\",\"name\":\"Mostra de Val\u00e8ncia\",\"image\":{\"@type\":\"ImageObject\",\"inLanguage\":\"ca\",\"@id\":\"https:\\\/\\\/secure.gravatar.com\\\/avatar\\\/ada4dfd699a9907706987adb1bb2b361c2613ccca474b49b8c648de5208e32f8?s=96&d=mm&r=g\",\"url\":\"https:\\\/\\\/secure.gravatar.com\\\/avatar\\\/ada4dfd699a9907706987adb1bb2b361c2613ccca474b49b8c648de5208e32f8?s=96&d=mm&r=g\",\"contentUrl\":\"https:\\\/\\\/secure.gravatar.com\\\/avatar\\\/ada4dfd699a9907706987adb1bb2b361c2613ccca474b49b8c648de5208e32f8?s=96&d=mm&r=g\",\"caption\":\"Mostra de Val\u00e8ncia\"}}]}<\/script>\n<!-- \/ Yoast SEO plugin. -->","yoast_head_json":{"title":"FULL DE RUTA. DIMARTS 29.","description":"Mostra de Val\u00e8ncia - Cinema del Mediterrani","robots":{"index":"index","follow":"follow","max-snippet":"max-snippet:-1","max-image-preview":"max-image-preview:large","max-video-preview":"max-video-preview:-1"},"canonical":"https:\/\/lamostradevalencia.com\/ca\/full-de-ruta-dimarts-29\/","og_locale":"ca_ES","og_type":"article","og_title":"FULL DE RUTA. DIMARTS 29.","og_description":"Mostra de Val\u00e8ncia - Cinema del Mediterrani","og_url":"https:\/\/lamostradevalencia.com\/ca\/full-de-ruta-dimarts-29\/","og_site_name":"Mostra de Val\u00e8ncia","article_published_time":"2019-10-29T00:19:11+00:00","article_modified_time":"2019-10-29T00:22:01+00:00","og_image":[{"width":1024,"height":576,"url":"https:\/\/lamostradevalencia.com\/wp-content\/uploads\/2019\/10\/Jalas-1024x576.png","type":"image\/png"}],"author":"Mostra de Val\u00e8ncia","twitter_card":"summary_large_image","twitter_misc":{"Escrit per":"Mostra de Val\u00e8ncia","Temps estimat de lectura":"4 minuts"},"schema":{"@context":"https:\/\/schema.org","@graph":[{"@type":"Article","@id":"https:\/\/lamostradevalencia.com\/ca\/full-de-ruta-dimarts-29\/#article","isPartOf":{"@id":"https:\/\/lamostradevalencia.com\/ca\/full-de-ruta-dimarts-29\/"},"author":{"name":"Mostra de Val\u00e8ncia","@id":"https:\/\/lamostradevalencia.com\/ca\/#\/schema\/person\/1dc07e4df3d6310b81d2cdf6a034070c"},"headline":"FULL DE RUTA. DIMARTS 29.","datePublished":"2019-10-29T00:19:11+00:00","dateModified":"2019-10-29T00:22:01+00:00","mainEntityOfPage":{"@id":"https:\/\/lamostradevalencia.com\/ca\/full-de-ruta-dimarts-29\/"},"wordCount":795,"commentCount":0,"image":{"@id":"https:\/\/lamostradevalencia.com\/ca\/full-de-ruta-dimarts-29\/#primaryimage"},"thumbnailUrl":"https:\/\/lamostradevalencia.com\/wp-content\/uploads\/2019\/10\/Jalas.png","articleSection":["Noticies"],"inLanguage":"ca","potentialAction":[{"@type":"CommentAction","name":"Comment","target":["https:\/\/lamostradevalencia.com\/ca\/full-de-ruta-dimarts-29\/#respond"]}]},{"@type":"WebPage","@id":"https:\/\/lamostradevalencia.com\/ca\/full-de-ruta-dimarts-29\/","url":"https:\/\/lamostradevalencia.com\/ca\/full-de-ruta-dimarts-29\/","name":"FULL DE RUTA. DIMARTS 29.","isPartOf":{"@id":"https:\/\/lamostradevalencia.com\/ca\/#website"},"primaryImageOfPage":{"@id":"https:\/\/lamostradevalencia.com\/ca\/full-de-ruta-dimarts-29\/#primaryimage"},"image":{"@id":"https:\/\/lamostradevalencia.com\/ca\/full-de-ruta-dimarts-29\/#primaryimage"},"thumbnailUrl":"https:\/\/lamostradevalencia.com\/wp-content\/uploads\/2019\/10\/Jalas.png","datePublished":"2019-10-29T00:19:11+00:00","dateModified":"2019-10-29T00:22:01+00:00","author":{"@id":"https:\/\/lamostradevalencia.com\/ca\/#\/schema\/person\/1dc07e4df3d6310b81d2cdf6a034070c"},"description":"Mostra de Val\u00e8ncia - Cinema del Mediterrani","breadcrumb":{"@id":"https:\/\/lamostradevalencia.com\/ca\/full-de-ruta-dimarts-29\/#breadcrumb"},"inLanguage":"ca","potentialAction":[{"@type":"ReadAction","target":["https:\/\/lamostradevalencia.com\/ca\/full-de-ruta-dimarts-29\/"]}]},{"@type":"ImageObject","inLanguage":"ca","@id":"https:\/\/lamostradevalencia.com\/ca\/full-de-ruta-dimarts-29\/#primaryimage","url":"https:\/\/lamostradevalencia.com\/wp-content\/uploads\/2019\/10\/Jalas.png","contentUrl":"https:\/\/lamostradevalencia.com\/wp-content\/uploads\/2019\/10\/Jalas.png","width":1900,"height":1069,"caption":"Jalas"},{"@type":"BreadcrumbList","@id":"https:\/\/lamostradevalencia.com\/ca\/full-de-ruta-dimarts-29\/#breadcrumb","itemListElement":[{"@type":"ListItem","position":1,"name":"Portada","item":"https:\/\/lamostradevalencia.com\/ca\/"},{"@type":"ListItem","position":2,"name":"FULL DE RUTA. DIMARTS 29."}]},{"@type":"WebSite","@id":"https:\/\/lamostradevalencia.com\/ca\/#website","url":"https:\/\/lamostradevalencia.com\/ca\/","name":"Mostra de Val\u00e8ncia","description":"Cinema del Mediterrani","potentialAction":[{"@type":"SearchAction","target":{"@type":"EntryPoint","urlTemplate":"https:\/\/lamostradevalencia.com\/ca\/?s={search_term_string}"},"query-input":{"@type":"PropertyValueSpecification","valueRequired":true,"valueName":"search_term_string"}}],"inLanguage":"ca"},{"@type":"Person","@id":"https:\/\/lamostradevalencia.com\/ca\/#\/schema\/person\/1dc07e4df3d6310b81d2cdf6a034070c","name":"Mostra de Val\u00e8ncia","image":{"@type":"ImageObject","inLanguage":"ca","@id":"https:\/\/secure.gravatar.com\/avatar\/ada4dfd699a9907706987adb1bb2b361c2613ccca474b49b8c648de5208e32f8?s=96&d=mm&r=g","url":"https:\/\/secure.gravatar.com\/avatar\/ada4dfd699a9907706987adb1bb2b361c2613ccca474b49b8c648de5208e32f8?s=96&d=mm&r=g","contentUrl":"https:\/\/secure.gravatar.com\/avatar\/ada4dfd699a9907706987adb1bb2b361c2613ccca474b49b8c648de5208e32f8?s=96&d=mm&r=g","caption":"Mostra de Val\u00e8ncia"}}]}},"uagb_featured_image_src":{"full":["https:\/\/lamostradevalencia.com\/wp-content\/uploads\/2019\/10\/Jalas.png",1900,1069,false],"thumbnail":["https:\/\/lamostradevalencia.com\/wp-content\/uploads\/2019\/10\/Jalas-150x150.png",150,150,true],"medium":["https:\/\/lamostradevalencia.com\/wp-content\/uploads\/2019\/10\/Jalas-300x169.png",300,169,true],"medium_large":["https:\/\/lamostradevalencia.com\/wp-content\/uploads\/2019\/10\/Jalas-768x432.png",768,432,true],"large":["https:\/\/lamostradevalencia.com\/wp-content\/uploads\/2019\/10\/Jalas-1024x576.png",1024,576,true],"1536x1536":["https:\/\/lamostradevalencia.com\/wp-content\/uploads\/2019\/10\/Jalas.png",1536,864,false],"2048x2048":["https:\/\/lamostradevalencia.com\/wp-content\/uploads\/2019\/10\/Jalas.png",1900,1069,false],"cinerama_edge_image_square":["https:\/\/lamostradevalencia.com\/wp-content\/uploads\/2019\/10\/Jalas-550x550.png",550,550,true],"cinerama_edge_image_landscape":["https:\/\/lamostradevalencia.com\/wp-content\/uploads\/2019\/10\/Jalas-1100x550.png",1100,550,true],"cinerama_edge_image_portrait":["https:\/\/lamostradevalencia.com\/wp-content\/uploads\/2019\/10\/Jalas-550x1069.png",550,1069,true],"cinerama_edge_image_huge":["https:\/\/lamostradevalencia.com\/wp-content\/uploads\/2019\/10\/Jalas-1100x1069.png",1100,1069,true],"gform-image-choice-sm":["https:\/\/lamostradevalencia.com\/wp-content\/uploads\/2019\/10\/Jalas.png",300,169,false],"gform-image-choice-md":["https:\/\/lamostradevalencia.com\/wp-content\/uploads\/2019\/10\/Jalas.png",400,225,false],"gform-image-choice-lg":["https:\/\/lamostradevalencia.com\/wp-content\/uploads\/2019\/10\/Jalas.png",600,338,false]},"uagb_author_info":{"display_name":"Mostra de Val\u00e8ncia","author_link":"https:\/\/lamostradevalencia.com\/ca\/author\/mostravalencia\/"},"uagb_comment_info":0,"uagb_excerpt":"La Secci\u00f3 Oficial no baixa el ritme. La proposta per a hui \u00e9s, novament, de les que val la pena tindre en compte. Comen\u00e7a amb [&hellip;]","_links":{"self":[{"href":"https:\/\/lamostradevalencia.com\/ca\/wp-json\/wp\/v2\/posts\/4708","targetHints":{"allow":["GET"]}}],"collection":[{"href":"https:\/\/lamostradevalencia.com\/ca\/wp-json\/wp\/v2\/posts"}],"about":[{"href":"https:\/\/lamostradevalencia.com\/ca\/wp-json\/wp\/v2\/types\/post"}],"author":[{"embeddable":true,"href":"https:\/\/lamostradevalencia.com\/ca\/wp-json\/wp\/v2\/users\/1"}],"replies":[{"embeddable":true,"href":"https:\/\/lamostradevalencia.com\/ca\/wp-json\/wp\/v2\/comments?post=4708"}],"version-history":[{"count":1,"href":"https:\/\/lamostradevalencia.com\/ca\/wp-json\/wp\/v2\/posts\/4708\/revisions"}],"predecessor-version":[{"id":4709,"href":"https:\/\/lamostradevalencia.com\/ca\/wp-json\/wp\/v2\/posts\/4708\/revisions\/4709"}],"wp:featuredmedia":[{"embeddable":true,"href":"https:\/\/lamostradevalencia.com\/ca\/wp-json\/wp\/v2\/media\/3719"}],"wp:attachment":[{"href":"https:\/\/lamostradevalencia.com\/ca\/wp-json\/wp\/v2\/media?parent=4708"}],"wp:term":[{"taxonomy":"category","embeddable":true,"href":"https:\/\/lamostradevalencia.com\/ca\/wp-json\/wp\/v2\/categories?post=4708"},{"taxonomy":"post_tag","embeddable":true,"href":"https:\/\/lamostradevalencia.com\/ca\/wp-json\/wp\/v2\/tags?post=4708"}],"curies":[{"name":"wp","href":"https:\/\/api.w.org\/{rel}","templated":true}]}}