{"id":4700,"date":"2019-10-28T02:49:42","date_gmt":"2019-10-28T00:49:42","guid":{"rendered":"https:\/\/lamostradevalencia.com\/full-de-ruta-dilluns-28\/"},"modified":"2019-10-28T02:55:50","modified_gmt":"2019-10-28T00:55:50","slug":"full-de-ruta-dilluns-28","status":"publish","type":"post","link":"https:\/\/lamostradevalencia.com\/ca\/full-de-ruta-dilluns-28\/","title":{"rendered":"FULL DE RUTA. DILLUNS 28."},"content":{"rendered":"\n<p>La Secci\u00f3 Oficial segueix vent en popa en l&#8217;inici de la setmana amb un t\u00edtol que arriba a Val\u00e8ncia despr\u00e9s d&#8217;al\u00e7ar-se amb el Premi Especial del Jurat en la secci\u00f3 Orizzonti del Festival de Ven\u00e8cia. \u00c9s el m\u00e9s important, per\u00f2 no l&#8217;\u00fanic dels nombrosos guardons que ha arreplegat THE ANNOUNCEMENT, film turc dirigit per Mahmut Fazil Coskun que alguns han definit com slow comedy per la seua narrativa pausada i sense estrid\u00e8ncies, que subratlla l&#8217;absurd de la hist\u00f2ria que compta: la d&#8217;un comando militar que pret\u00e9n donar un colp d&#8217;estat, per\u00f2 que es troba amb els m\u00e9s rocambolescos impediments log\u00edstics per a aconseguir-lo. No ha faltat qui ha comparat el seu humor amb el d&#8217;Aki Kaurism\u00e4ki o els germans Coen, referents que parlen per si sols de les virtuts de la pel\u00b7l\u00edcula.<\/p>\n\n<p>No es queda arrere A HERDADE, l&#8217;\u00faltim treball de Tiago Guedes, que despr\u00e9s de passar per Toronto i Ven\u00e8cia ha sigut seleccionada per Portugal per a competir en els Oscars i els Goya. Motius li sobren. Aquesta hist\u00f2ria \u00e8pica, filmada amb una eleg\u00e0ncia de tall cl\u00e0ssic que remet a Visconti o al Hollywood dels cinquanta, est\u00e0 produ\u00efda per Paulo Branco, un dels mites del cinema lusit\u00e0 (ha treballat amb Wim Wenders, David Cronenberg o Manoel de Oliveira, entre molts altres) i muntada per Roberto Perpignani (habitual de Bertolucci), i compta la hist\u00f2ria d&#8217;una rica fam\u00edlia rural al llarg de diverses d\u00e8cades. El seu director mantindr\u00e0 un col\u00b7loqui amb els assistents despr\u00e9s de la projecci\u00f3.<\/p>\n\n<figure class=\"wp-block-image\"><img loading=\"lazy\" decoding=\"async\" width=\"1024\" height=\"429\" src=\"https:\/\/lamostradevalencia.com\/wp-content\/uploads\/2019\/10\/A-Herdade-1024x429.jpg\" alt=\"\" class=\"wp-image-3985\" srcset=\"https:\/\/lamostradevalencia.com\/wp-content\/uploads\/2019\/10\/A-Herdade-1024x429.jpg 1024w, https:\/\/lamostradevalencia.com\/wp-content\/uploads\/2019\/10\/A-Herdade-300x126.jpg 300w, https:\/\/lamostradevalencia.com\/wp-content\/uploads\/2019\/10\/A-Herdade-768x322.jpg 768w\" sizes=\"auto, (max-width: 1024px) 100vw, 1024px\" \/><figcaption>A Herdade<\/figcaption><\/figure>\n<p>En Secci\u00f3 Informativa tenim una cita obligat\u00f2ria. Despr\u00e9s de passar per la secci\u00f3 Nous Directors del Festival de Sant Sebasti\u00e0, s&#8217;estrena en la Mostra LA INNOC\u00c8NCIA, el debut de la valenciana Luc\u00eda Alemany. Una hist\u00f2ria de tints autobiogr\u00e0fics, que viatja fins a la seua adolesc\u00e8ncia en la localitat de Traiguera, i que planteja interessants dilemes morals. Ser\u00e0 passe \u00fanic i comptar\u00e0 amb la pres\u00e8ncia de la directora, de Carmen Arrufat (protagonista del film) i de gran part de l&#8217;equip que va fer possible que aquesta hist\u00f2ria tan personal arribara a bon port.<\/p>\n\n<p>I si parlem de cinema valenci\u00e0, passem d&#8217;un talent emergent a un nom amb una traject\u00f2ria ja consolidada. Pedro P\u00e9rez Rosado \u00e9s un dels veterans del cinema local, i al llarg de la seua carrera ha passat amb les seues pel\u00b7l\u00edcules per festivals com Berl\u00edn o Sant Sebasti\u00e0. Aquesta vegada, la Mostra \u00e9s el marc en qu\u00e8 es produir\u00e0 l&#8217;estrena mundial del seu m\u00e9s recent treball: UNA DONA AMB UNES ALES TREMENDES, rodada \u00edntegrament en valenci\u00e0 i sostinguda per les interpretacions de Juli Mira i Victoria Salvador, una parella a la darreria de la vida que passa revista a la seua relaci\u00f3. Cineasta i actors participaran en una trobada amb els assistents despr\u00e9s de la projecci\u00f3. <\/p>\n\n<figure class=\"wp-block-image\"><img loading=\"lazy\" decoding=\"async\" width=\"1024\" height=\"561\" src=\"https:\/\/lamostradevalencia.com\/wp-content\/uploads\/2019\/10\/Una-dona-mab-unes-ales-tremendes-1024x561.jpg\" alt=\"\" class=\"wp-image-4431\" srcset=\"https:\/\/lamostradevalencia.com\/wp-content\/uploads\/2019\/10\/Una-dona-mab-unes-ales-tremendes-1024x561.jpg 1024w, https:\/\/lamostradevalencia.com\/wp-content\/uploads\/2019\/10\/Una-dona-mab-unes-ales-tremendes-300x164.jpg 300w, https:\/\/lamostradevalencia.com\/wp-content\/uploads\/2019\/10\/Una-dona-mab-unes-ales-tremendes-768x421.jpg 768w, https:\/\/lamostradevalencia.com\/wp-content\/uploads\/2019\/10\/Una-dona-mab-unes-ales-tremendes.jpg 1181w\" sizes=\"auto, (max-width: 1024px) 100vw, 1024px\" \/><figcaption>Una dona amb unes ales tremendes<\/figcaption><\/figure>\n<p>I sense abandonar la Secci\u00f3 Informativa, un altre parell de destacades. D&#8217;una banda, HEAD ABOVE WATER, on la directora francesa Margaux Bonhomme retrata amb inusitat realisme la conviv\u00e8ncia familiar amb una persona amb diversitat funcional (atenci\u00f3 a la maj\u00fascula interpretaci\u00f3 de Diane Rouxel). I per un altre, FREEDOM FIELDS, el primer llargmetratge en la hist\u00f2ria del cinema libi dirigit per una dona. Un notable documental que compta els esfor\u00e7os d&#8217;un grup de dones per posar en marxa un equip de futbol en un pa\u00eds on els ressons euf\u00f2rics per la Primavera \u00c0rab comencen a apagar-se i en el qual han d&#8217;enfrontar-se al fonamentalisme i el masclisme. <\/p>\n\n<p>Hui \u00e9s tamb\u00e9 el dia que se celebra la jornada acad\u00e8mica de la Mostra dedicada a l&#8217;heterodoxa faceta com a cineasta del fil\u00f2sof franc\u00e9s Guy Debord, pare del Situacionisme i autor de \u2018La societat de l&#8217;espectacle\u2019, un text m\u00e9s vigent que mai. Ser\u00e0 en el Sal\u00f3 de Graus de la Facultat de Filologia, Traducci\u00f3 i Comunicaci\u00f3, est\u00e0 organitzat pel professor Manuel de la Fuente i comptar\u00e0 amb la participaci\u00f3 de destacats especialistes en l&#8217;obra de Debord.<\/p>\n\n<figure class=\"wp-block-image\"><img loading=\"lazy\" decoding=\"async\" width=\"1024\" height=\"561\" src=\"https:\/\/lamostradevalencia.com\/wp-content\/uploads\/2019\/10\/Refutation-1024x561.jpg\" alt=\"\" class=\"wp-image-3564\" srcset=\"https:\/\/lamostradevalencia.com\/wp-content\/uploads\/2019\/10\/Refutation-1024x561.jpg 1024w, https:\/\/lamostradevalencia.com\/wp-content\/uploads\/2019\/10\/Refutation-300x164.jpg 300w, https:\/\/lamostradevalencia.com\/wp-content\/uploads\/2019\/10\/Refutation-768x421.jpg 768w, https:\/\/lamostradevalencia.com\/wp-content\/uploads\/2019\/10\/Refutation.jpg 1777w\" sizes=\"auto, (max-width: 1024px) 100vw, 1024px\" \/><\/figure>\n<p>A m\u00e9s, el segon i \u00faltim passe de dues pel\u00b7l\u00edcules en competici\u00f3, TU M\u00c9RITES UN AMOUR i ALICE, en tots dos casos amb pres\u00e8ncia dels seus autors. Les pel\u00b7l\u00edcules de Liliana Cavani en La Filmoteca. La possibilitat de veure en ordre la \u2018trilogia optimista\u2019 de Dino Risi, meravell\u00f3s retrat social de la It\u00e0lia de finals dels anys 50 a trav\u00e9s de tres t\u00edtols imprescindibles: POVERI MA BELLI, GUAPAS, PERO POBRES i POBRE Y MILLONARIO. Sense oblidar altres cl\u00e0ssics de la com\u00e8dia italiana, diversos films de Ferzan Ozpetek o la raci\u00f3 di\u00e0ria de directores eg\u00edpcies. El dilluns es fa menys costera amunt quan es pot gaudir de bones pel\u00b7l\u00edcules.<\/p>\n\n<p>Informaci\u00f3 addicional sobre horaris, sales i venda d&#8217;entrades anticipades en la nostra web: <a href=\"http:\/\/www.lamostradevalencia.com\">www.lamostradevalencia.com <\/a><\/p>\n","protected":false},"excerpt":{"rendered":"<p>La Secci\u00f3 Oficial segueix vent en popa en l&#8217;inici de la setmana amb un t\u00edtol que arriba a Val\u00e8ncia despr\u00e9s d&#8217;al\u00e7ar-se amb el Premi Especial [&hellip;]<\/p>\n","protected":false},"author":1,"featured_media":4190,"comment_status":"open","ping_status":"open","sticky":false,"template":"","format":"standard","meta":{"_uag_custom_page_level_css":"","_jet_sm_ready_style":"","_jet_sm_style":"","_jet_sm_controls_values":"","_jet_sm_fonts_collection":"","_jet_sm_fonts_links":"","footnotes":""},"categories":[455],"tags":[],"class_list":["post-4700","post","type-post","status-publish","format-standard","has-post-thumbnail","hentry","category-noticies"],"yoast_head":"<!-- This site is optimized with the Yoast SEO plugin v27.5 - https:\/\/yoast.com\/product\/yoast-seo-wordpress\/ -->\n<title>FULL DE RUTA. DILLUNS 28.<\/title>\n<meta name=\"description\" content=\"Mostra de Val\u00e8ncia - Cinema del Mediterrani\" \/>\n<meta name=\"robots\" content=\"index, follow, max-snippet:-1, max-image-preview:large, max-video-preview:-1\" \/>\n<link rel=\"canonical\" href=\"https:\/\/lamostradevalencia.com\/ca\/full-de-ruta-dilluns-28\/\" \/>\n<meta property=\"og:locale\" content=\"ca_ES\" \/>\n<meta property=\"og:type\" content=\"article\" \/>\n<meta property=\"og:title\" content=\"FULL DE RUTA. DILLUNS 28.\" \/>\n<meta property=\"og:description\" content=\"Mostra de Val\u00e8ncia - Cinema del Mediterrani\" \/>\n<meta property=\"og:url\" content=\"https:\/\/lamostradevalencia.com\/ca\/full-de-ruta-dilluns-28\/\" \/>\n<meta property=\"og:site_name\" content=\"Mostra de Val\u00e8ncia\" \/>\n<meta property=\"article:published_time\" content=\"2019-10-28T00:49:42+00:00\" \/>\n<meta property=\"article:modified_time\" content=\"2019-10-28T00:55:50+00:00\" \/>\n<meta property=\"og:image\" content=\"https:\/\/lamostradevalencia.com\/wp-content\/uploads\/2019\/10\/La-inocencia-1.jpg\" \/>\n\t<meta property=\"og:image:width\" content=\"1600\" \/>\n\t<meta property=\"og:image:height\" content=\"900\" \/>\n\t<meta property=\"og:image:type\" content=\"image\/jpeg\" \/>\n<meta name=\"author\" content=\"Mostra de Val\u00e8ncia\" \/>\n<meta name=\"twitter:card\" content=\"summary_large_image\" \/>\n<meta name=\"twitter:label1\" content=\"Escrit per\" \/>\n\t<meta name=\"twitter:data1\" content=\"Mostra de Val\u00e8ncia\" \/>\n\t<meta name=\"twitter:label2\" content=\"Temps estimat de lectura\" \/>\n\t<meta name=\"twitter:data2\" content=\"4 minuts\" \/>\n<script type=\"application\/ld+json\" class=\"yoast-schema-graph\">{\"@context\":\"https:\\\/\\\/schema.org\",\"@graph\":[{\"@type\":\"Article\",\"@id\":\"https:\\\/\\\/lamostradevalencia.com\\\/ca\\\/full-de-ruta-dilluns-28\\\/#article\",\"isPartOf\":{\"@id\":\"https:\\\/\\\/lamostradevalencia.com\\\/ca\\\/full-de-ruta-dilluns-28\\\/\"},\"author\":{\"name\":\"Mostra de Val\u00e8ncia\",\"@id\":\"https:\\\/\\\/lamostradevalencia.com\\\/ca\\\/#\\\/schema\\\/person\\\/1dc07e4df3d6310b81d2cdf6a034070c\"},\"headline\":\"FULL DE RUTA. DILLUNS 28.\",\"datePublished\":\"2019-10-28T00:49:42+00:00\",\"dateModified\":\"2019-10-28T00:55:50+00:00\",\"mainEntityOfPage\":{\"@id\":\"https:\\\/\\\/lamostradevalencia.com\\\/ca\\\/full-de-ruta-dilluns-28\\\/\"},\"wordCount\":859,\"commentCount\":0,\"image\":{\"@id\":\"https:\\\/\\\/lamostradevalencia.com\\\/ca\\\/full-de-ruta-dilluns-28\\\/#primaryimage\"},\"thumbnailUrl\":\"https:\\\/\\\/lamostradevalencia.com\\\/wp-content\\\/uploads\\\/2019\\\/10\\\/La-inocencia-1.jpg\",\"articleSection\":[\"Noticies\"],\"inLanguage\":\"ca\",\"potentialAction\":[{\"@type\":\"CommentAction\",\"name\":\"Comment\",\"target\":[\"https:\\\/\\\/lamostradevalencia.com\\\/ca\\\/full-de-ruta-dilluns-28\\\/#respond\"]}]},{\"@type\":\"WebPage\",\"@id\":\"https:\\\/\\\/lamostradevalencia.com\\\/ca\\\/full-de-ruta-dilluns-28\\\/\",\"url\":\"https:\\\/\\\/lamostradevalencia.com\\\/ca\\\/full-de-ruta-dilluns-28\\\/\",\"name\":\"FULL DE RUTA. DILLUNS 28.\",\"isPartOf\":{\"@id\":\"https:\\\/\\\/lamostradevalencia.com\\\/ca\\\/#website\"},\"primaryImageOfPage\":{\"@id\":\"https:\\\/\\\/lamostradevalencia.com\\\/ca\\\/full-de-ruta-dilluns-28\\\/#primaryimage\"},\"image\":{\"@id\":\"https:\\\/\\\/lamostradevalencia.com\\\/ca\\\/full-de-ruta-dilluns-28\\\/#primaryimage\"},\"thumbnailUrl\":\"https:\\\/\\\/lamostradevalencia.com\\\/wp-content\\\/uploads\\\/2019\\\/10\\\/La-inocencia-1.jpg\",\"datePublished\":\"2019-10-28T00:49:42+00:00\",\"dateModified\":\"2019-10-28T00:55:50+00:00\",\"author\":{\"@id\":\"https:\\\/\\\/lamostradevalencia.com\\\/ca\\\/#\\\/schema\\\/person\\\/1dc07e4df3d6310b81d2cdf6a034070c\"},\"description\":\"Mostra de Val\u00e8ncia - Cinema del Mediterrani\",\"breadcrumb\":{\"@id\":\"https:\\\/\\\/lamostradevalencia.com\\\/ca\\\/full-de-ruta-dilluns-28\\\/#breadcrumb\"},\"inLanguage\":\"ca\",\"potentialAction\":[{\"@type\":\"ReadAction\",\"target\":[\"https:\\\/\\\/lamostradevalencia.com\\\/ca\\\/full-de-ruta-dilluns-28\\\/\"]}]},{\"@type\":\"ImageObject\",\"inLanguage\":\"ca\",\"@id\":\"https:\\\/\\\/lamostradevalencia.com\\\/ca\\\/full-de-ruta-dilluns-28\\\/#primaryimage\",\"url\":\"https:\\\/\\\/lamostradevalencia.com\\\/wp-content\\\/uploads\\\/2019\\\/10\\\/La-inocencia-1.jpg\",\"contentUrl\":\"https:\\\/\\\/lamostradevalencia.com\\\/wp-content\\\/uploads\\\/2019\\\/10\\\/La-inocencia-1.jpg\",\"width\":1600,\"height\":900,\"caption\":\"La inocencia\"},{\"@type\":\"BreadcrumbList\",\"@id\":\"https:\\\/\\\/lamostradevalencia.com\\\/ca\\\/full-de-ruta-dilluns-28\\\/#breadcrumb\",\"itemListElement\":[{\"@type\":\"ListItem\",\"position\":1,\"name\":\"Portada\",\"item\":\"https:\\\/\\\/lamostradevalencia.com\\\/ca\\\/\"},{\"@type\":\"ListItem\",\"position\":2,\"name\":\"FULL DE RUTA. DILLUNS 28.\"}]},{\"@type\":\"WebSite\",\"@id\":\"https:\\\/\\\/lamostradevalencia.com\\\/ca\\\/#website\",\"url\":\"https:\\\/\\\/lamostradevalencia.com\\\/ca\\\/\",\"name\":\"Mostra de Val\u00e8ncia\",\"description\":\"Cinema del Mediterrani\",\"potentialAction\":[{\"@type\":\"SearchAction\",\"target\":{\"@type\":\"EntryPoint\",\"urlTemplate\":\"https:\\\/\\\/lamostradevalencia.com\\\/ca\\\/?s={search_term_string}\"},\"query-input\":{\"@type\":\"PropertyValueSpecification\",\"valueRequired\":true,\"valueName\":\"search_term_string\"}}],\"inLanguage\":\"ca\"},{\"@type\":\"Person\",\"@id\":\"https:\\\/\\\/lamostradevalencia.com\\\/ca\\\/#\\\/schema\\\/person\\\/1dc07e4df3d6310b81d2cdf6a034070c\",\"name\":\"Mostra de Val\u00e8ncia\",\"image\":{\"@type\":\"ImageObject\",\"inLanguage\":\"ca\",\"@id\":\"https:\\\/\\\/secure.gravatar.com\\\/avatar\\\/ada4dfd699a9907706987adb1bb2b361c2613ccca474b49b8c648de5208e32f8?s=96&d=mm&r=g\",\"url\":\"https:\\\/\\\/secure.gravatar.com\\\/avatar\\\/ada4dfd699a9907706987adb1bb2b361c2613ccca474b49b8c648de5208e32f8?s=96&d=mm&r=g\",\"contentUrl\":\"https:\\\/\\\/secure.gravatar.com\\\/avatar\\\/ada4dfd699a9907706987adb1bb2b361c2613ccca474b49b8c648de5208e32f8?s=96&d=mm&r=g\",\"caption\":\"Mostra de Val\u00e8ncia\"}}]}<\/script>\n<!-- \/ Yoast SEO plugin. -->","yoast_head_json":{"title":"FULL DE RUTA. DILLUNS 28.","description":"Mostra de Val\u00e8ncia - Cinema del Mediterrani","robots":{"index":"index","follow":"follow","max-snippet":"max-snippet:-1","max-image-preview":"max-image-preview:large","max-video-preview":"max-video-preview:-1"},"canonical":"https:\/\/lamostradevalencia.com\/ca\/full-de-ruta-dilluns-28\/","og_locale":"ca_ES","og_type":"article","og_title":"FULL DE RUTA. DILLUNS 28.","og_description":"Mostra de Val\u00e8ncia - Cinema del Mediterrani","og_url":"https:\/\/lamostradevalencia.com\/ca\/full-de-ruta-dilluns-28\/","og_site_name":"Mostra de Val\u00e8ncia","article_published_time":"2019-10-28T00:49:42+00:00","article_modified_time":"2019-10-28T00:55:50+00:00","og_image":[{"width":1600,"height":900,"url":"https:\/\/lamostradevalencia.com\/wp-content\/uploads\/2019\/10\/La-inocencia-1.jpg","type":"image\/jpeg"}],"author":"Mostra de Val\u00e8ncia","twitter_card":"summary_large_image","twitter_misc":{"Escrit per":"Mostra de Val\u00e8ncia","Temps estimat de lectura":"4 minuts"},"schema":{"@context":"https:\/\/schema.org","@graph":[{"@type":"Article","@id":"https:\/\/lamostradevalencia.com\/ca\/full-de-ruta-dilluns-28\/#article","isPartOf":{"@id":"https:\/\/lamostradevalencia.com\/ca\/full-de-ruta-dilluns-28\/"},"author":{"name":"Mostra de Val\u00e8ncia","@id":"https:\/\/lamostradevalencia.com\/ca\/#\/schema\/person\/1dc07e4df3d6310b81d2cdf6a034070c"},"headline":"FULL DE RUTA. DILLUNS 28.","datePublished":"2019-10-28T00:49:42+00:00","dateModified":"2019-10-28T00:55:50+00:00","mainEntityOfPage":{"@id":"https:\/\/lamostradevalencia.com\/ca\/full-de-ruta-dilluns-28\/"},"wordCount":859,"commentCount":0,"image":{"@id":"https:\/\/lamostradevalencia.com\/ca\/full-de-ruta-dilluns-28\/#primaryimage"},"thumbnailUrl":"https:\/\/lamostradevalencia.com\/wp-content\/uploads\/2019\/10\/La-inocencia-1.jpg","articleSection":["Noticies"],"inLanguage":"ca","potentialAction":[{"@type":"CommentAction","name":"Comment","target":["https:\/\/lamostradevalencia.com\/ca\/full-de-ruta-dilluns-28\/#respond"]}]},{"@type":"WebPage","@id":"https:\/\/lamostradevalencia.com\/ca\/full-de-ruta-dilluns-28\/","url":"https:\/\/lamostradevalencia.com\/ca\/full-de-ruta-dilluns-28\/","name":"FULL DE RUTA. DILLUNS 28.","isPartOf":{"@id":"https:\/\/lamostradevalencia.com\/ca\/#website"},"primaryImageOfPage":{"@id":"https:\/\/lamostradevalencia.com\/ca\/full-de-ruta-dilluns-28\/#primaryimage"},"image":{"@id":"https:\/\/lamostradevalencia.com\/ca\/full-de-ruta-dilluns-28\/#primaryimage"},"thumbnailUrl":"https:\/\/lamostradevalencia.com\/wp-content\/uploads\/2019\/10\/La-inocencia-1.jpg","datePublished":"2019-10-28T00:49:42+00:00","dateModified":"2019-10-28T00:55:50+00:00","author":{"@id":"https:\/\/lamostradevalencia.com\/ca\/#\/schema\/person\/1dc07e4df3d6310b81d2cdf6a034070c"},"description":"Mostra de Val\u00e8ncia - Cinema del Mediterrani","breadcrumb":{"@id":"https:\/\/lamostradevalencia.com\/ca\/full-de-ruta-dilluns-28\/#breadcrumb"},"inLanguage":"ca","potentialAction":[{"@type":"ReadAction","target":["https:\/\/lamostradevalencia.com\/ca\/full-de-ruta-dilluns-28\/"]}]},{"@type":"ImageObject","inLanguage":"ca","@id":"https:\/\/lamostradevalencia.com\/ca\/full-de-ruta-dilluns-28\/#primaryimage","url":"https:\/\/lamostradevalencia.com\/wp-content\/uploads\/2019\/10\/La-inocencia-1.jpg","contentUrl":"https:\/\/lamostradevalencia.com\/wp-content\/uploads\/2019\/10\/La-inocencia-1.jpg","width":1600,"height":900,"caption":"La inocencia"},{"@type":"BreadcrumbList","@id":"https:\/\/lamostradevalencia.com\/ca\/full-de-ruta-dilluns-28\/#breadcrumb","itemListElement":[{"@type":"ListItem","position":1,"name":"Portada","item":"https:\/\/lamostradevalencia.com\/ca\/"},{"@type":"ListItem","position":2,"name":"FULL DE RUTA. DILLUNS 28."}]},{"@type":"WebSite","@id":"https:\/\/lamostradevalencia.com\/ca\/#website","url":"https:\/\/lamostradevalencia.com\/ca\/","name":"Mostra de Val\u00e8ncia","description":"Cinema del Mediterrani","potentialAction":[{"@type":"SearchAction","target":{"@type":"EntryPoint","urlTemplate":"https:\/\/lamostradevalencia.com\/ca\/?s={search_term_string}"},"query-input":{"@type":"PropertyValueSpecification","valueRequired":true,"valueName":"search_term_string"}}],"inLanguage":"ca"},{"@type":"Person","@id":"https:\/\/lamostradevalencia.com\/ca\/#\/schema\/person\/1dc07e4df3d6310b81d2cdf6a034070c","name":"Mostra de Val\u00e8ncia","image":{"@type":"ImageObject","inLanguage":"ca","@id":"https:\/\/secure.gravatar.com\/avatar\/ada4dfd699a9907706987adb1bb2b361c2613ccca474b49b8c648de5208e32f8?s=96&d=mm&r=g","url":"https:\/\/secure.gravatar.com\/avatar\/ada4dfd699a9907706987adb1bb2b361c2613ccca474b49b8c648de5208e32f8?s=96&d=mm&r=g","contentUrl":"https:\/\/secure.gravatar.com\/avatar\/ada4dfd699a9907706987adb1bb2b361c2613ccca474b49b8c648de5208e32f8?s=96&d=mm&r=g","caption":"Mostra de Val\u00e8ncia"}}]}},"uagb_featured_image_src":{"full":["https:\/\/lamostradevalencia.com\/wp-content\/uploads\/2019\/10\/La-inocencia-1.jpg",1600,900,false],"thumbnail":["https:\/\/lamostradevalencia.com\/wp-content\/uploads\/2019\/10\/La-inocencia-1-150x150.jpg",150,150,true],"medium":["https:\/\/lamostradevalencia.com\/wp-content\/uploads\/2019\/10\/La-inocencia-1-300x169.jpg",300,169,true],"medium_large":["https:\/\/lamostradevalencia.com\/wp-content\/uploads\/2019\/10\/La-inocencia-1-768x432.jpg",768,432,true],"large":["https:\/\/lamostradevalencia.com\/wp-content\/uploads\/2019\/10\/La-inocencia-1-1024x576.jpg",1024,576,true],"1536x1536":["https:\/\/lamostradevalencia.com\/wp-content\/uploads\/2019\/10\/La-inocencia-1.jpg",1536,864,false],"2048x2048":["https:\/\/lamostradevalencia.com\/wp-content\/uploads\/2019\/10\/La-inocencia-1.jpg",1600,900,false],"cinerama_edge_image_square":["https:\/\/lamostradevalencia.com\/wp-content\/uploads\/2019\/10\/La-inocencia-1-550x550.jpg",550,550,true],"cinerama_edge_image_landscape":["https:\/\/lamostradevalencia.com\/wp-content\/uploads\/2019\/10\/La-inocencia-1-1100x550.jpg",1100,550,true],"cinerama_edge_image_portrait":["https:\/\/lamostradevalencia.com\/wp-content\/uploads\/2019\/10\/La-inocencia-1-550x900.jpg",550,900,true],"cinerama_edge_image_huge":["https:\/\/lamostradevalencia.com\/wp-content\/uploads\/2019\/10\/La-inocencia-1-1100x900.jpg",1100,900,true],"gform-image-choice-sm":["https:\/\/lamostradevalencia.com\/wp-content\/uploads\/2019\/10\/La-inocencia-1.jpg",300,169,false],"gform-image-choice-md":["https:\/\/lamostradevalencia.com\/wp-content\/uploads\/2019\/10\/La-inocencia-1.jpg",400,225,false],"gform-image-choice-lg":["https:\/\/lamostradevalencia.com\/wp-content\/uploads\/2019\/10\/La-inocencia-1.jpg",600,338,false]},"uagb_author_info":{"display_name":"Mostra de Val\u00e8ncia","author_link":"https:\/\/lamostradevalencia.com\/ca\/author\/mostravalencia\/"},"uagb_comment_info":0,"uagb_excerpt":"La Secci\u00f3 Oficial segueix vent en popa en l&#8217;inici de la setmana amb un t\u00edtol que arriba a Val\u00e8ncia despr\u00e9s d&#8217;al\u00e7ar-se amb el Premi Especial [&hellip;]","_links":{"self":[{"href":"https:\/\/lamostradevalencia.com\/ca\/wp-json\/wp\/v2\/posts\/4700","targetHints":{"allow":["GET"]}}],"collection":[{"href":"https:\/\/lamostradevalencia.com\/ca\/wp-json\/wp\/v2\/posts"}],"about":[{"href":"https:\/\/lamostradevalencia.com\/ca\/wp-json\/wp\/v2\/types\/post"}],"author":[{"embeddable":true,"href":"https:\/\/lamostradevalencia.com\/ca\/wp-json\/wp\/v2\/users\/1"}],"replies":[{"embeddable":true,"href":"https:\/\/lamostradevalencia.com\/ca\/wp-json\/wp\/v2\/comments?post=4700"}],"version-history":[{"count":1,"href":"https:\/\/lamostradevalencia.com\/ca\/wp-json\/wp\/v2\/posts\/4700\/revisions"}],"predecessor-version":[{"id":4701,"href":"https:\/\/lamostradevalencia.com\/ca\/wp-json\/wp\/v2\/posts\/4700\/revisions\/4701"}],"wp:featuredmedia":[{"embeddable":true,"href":"https:\/\/lamostradevalencia.com\/ca\/wp-json\/wp\/v2\/media\/4190"}],"wp:attachment":[{"href":"https:\/\/lamostradevalencia.com\/ca\/wp-json\/wp\/v2\/media?parent=4700"}],"wp:term":[{"taxonomy":"category","embeddable":true,"href":"https:\/\/lamostradevalencia.com\/ca\/wp-json\/wp\/v2\/categories?post=4700"},{"taxonomy":"post_tag","embeddable":true,"href":"https:\/\/lamostradevalencia.com\/ca\/wp-json\/wp\/v2\/tags?post=4700"}],"curies":[{"name":"wp","href":"https:\/\/api.w.org\/{rel}","templated":true}]}}