{"id":4669,"date":"2019-10-24T23:45:52","date_gmt":"2019-10-24T21:45:52","guid":{"rendered":"https:\/\/lamostradevalencia.com\/full-de-ruta-divendres-25\/"},"modified":"2019-10-24T23:49:11","modified_gmt":"2019-10-24T21:49:11","slug":"full-de-ruta-divendres-25","status":"publish","type":"post","link":"https:\/\/lamostradevalencia.com\/ca\/full-de-ruta-divendres-25\/","title":{"rendered":"FULL DE RUTA. DIVENDRES 25."},"content":{"rendered":"\n<p>Hui comencen les projeccions de la Secci\u00f3 Oficial a Competici\u00f3. I ho fan en gran. Per a obrir boca, SYMPATHY FOR THE DEVIL, l&#8217;apassionant debut de Guillaume de Fontenay. Una pel\u00b7l\u00edcula que tot comen\u00e7ar la seua marxa per festivals va arrasar en St. Jean de Llum (Fran\u00e7a), on va aconseguir el premi a millor pel\u00b7l\u00edcula i el de millor actor (Niels Schneider), a m\u00e9s dels que concedix el p\u00fablic i el jurat jove. La pel\u00b7l\u00edcula es basa en el llibre hom\u00f2nim de Paul Marchand, un reporter de guerra franc\u00e9s mort en 2009 que va ser un periodista de ra\u00e7a, a la recerca de la not\u00edcia a costa d&#8217;arriscar la seua pr\u00f2pia vida i d&#8217;enfrontar-se amb els seus companys de professi\u00f3. El film se centra en la seua cobertura del setge de Sarajevo, en plena Guerra dels Balcans, i deixa sense al\u00e9. Tant com el final de FATWA, la segona pel\u00b7l\u00edcula a competici\u00f3 del dia. Es tracta de l&#8217;\u00faltim treball de Mahmoud Ben Mahmoud, un dels grans directors de la hist\u00f2ria del cinema tunisi\u00e0, que aquesta vegada aborda una hist\u00f2ria de gran tensi\u00f3 en la qual es posiciona obertament contra el fonamentalisme religi\u00f3s, i que ha guanyat premis per tot el m\u00f3n. El m\u00e9s recent, l&#8217;obtingut en Malm\u00f6 (Su\u00e8cia) per al seu protagonista, l&#8217;actor Ahmed Afiene. Per\u00f2 abans ja havia sigut guardonada la seua companya, Ghalia Benali, en el Festival de Cin\u00e9ma \u00c9crans Noirs (Fran\u00e7a), i la pr\u00f2pia pel\u00b7l\u00edcula havia obtingut distincions al Caire i Cartago. En tots dos casos, els directors assistiran als passes i participaran en un col\u00b7loqui amb el p\u00fablic.<\/p>\n\n<figure class=\"wp-block-image\"><img loading=\"lazy\" decoding=\"async\" width=\"839\" height=\"476\" src=\"https:\/\/lamostradevalencia.com\/wp-content\/uploads\/2019\/10\/Sympathy-for-the-Devil.png\" alt=\"\" class=\"wp-image-3960\" srcset=\"https:\/\/lamostradevalencia.com\/wp-content\/uploads\/2019\/10\/Sympathy-for-the-Devil.png 839w, https:\/\/lamostradevalencia.com\/wp-content\/uploads\/2019\/10\/Sympathy-for-the-Devil-300x170.png 300w, https:\/\/lamostradevalencia.com\/wp-content\/uploads\/2019\/10\/Sympathy-for-the-Devil-768x436.png 768w\" sizes=\"auto, (max-width: 839px) 100vw, 839px\" \/><figcaption>Sympathy for the Devil<\/figcaption><\/figure>\n<p>Al marge de la competici\u00f3, en el programa de hui destaca per damunt de tot la masterclass de Liliana Cavani. La cineasta italiana, que rep enguany la Palmera d&#8217;Honor de la Mostra de Val\u00e8ncia pel conjunt de tota la seua carrera, passar\u00e0 primer per la Filmoteca per a presentar EL PORTERO DE NOCHE, la seua pel\u00b7l\u00edcula m\u00e9s emblem\u00e0tica, i posteriorment acudir\u00e0 a Fundaci\u00f3 Bancaixa per a mantenir una xarrada amb el periodista itali\u00e0 Massimo Lechi, que ser\u00e0 l&#8217;encarregat de repassar amb ella una traject\u00f2ria tan extensa com farcida de t\u00edtols pol\u00e8mics, que han contribu\u00eft a cimentar la seua fama de directora rebel, compromesa i sempre a contra corrent.<\/p>\n\n<figure class=\"wp-block-image\"><img loading=\"lazy\" decoding=\"async\" width=\"1024\" height=\"673\" src=\"https:\/\/lamostradevalencia.com\/wp-content\/uploads\/2019\/09\/Apertura-1024x673.jpg\" alt=\"\" class=\"wp-image-3226\" srcset=\"https:\/\/lamostradevalencia.com\/wp-content\/uploads\/2019\/09\/Apertura-1024x673.jpg 1024w, https:\/\/lamostradevalencia.com\/wp-content\/uploads\/2019\/09\/Apertura-300x197.jpg 300w, https:\/\/lamostradevalencia.com\/wp-content\/uploads\/2019\/09\/Apertura-768x505.jpg 768w, https:\/\/lamostradevalencia.com\/wp-content\/uploads\/2019\/09\/Apertura.jpg 1200w\" sizes=\"auto, (max-width: 1024px) 100vw, 1024px\" \/><figcaption>El portero de noche<\/figcaption><\/figure>\n<p>No ser\u00e0 l&#8217;\u00fanica convidada que dialogar\u00e0 amb el p\u00fablic. Dos de les directores eg\u00edpcies que ens visiten enguany com a part del cicle \u201cLa revoluci\u00f3 de la dona al cinema egipci\u201d estaran presentant les seues pel\u00b7l\u00edcules. D&#8217;una banda, Amal Ramsis, autora de l&#8217;emocionant documental VEN\u00cdS DESDE LEJOS. D\u2019altra, Hala Khalil, que en NAWARA tra\u00e7a el brillant retrat d&#8217;una dona la vida de la qual es veu radicalment afectada per la Primavera \u00c0rab.<\/p>\n\n<p>I m\u00e9s convidats: Dins de la Secci\u00f3 Informativa, el marroqu\u00ed Mohamed Zinnedaine porta per primera vegada a Espanya LA GU\u00c9RISSEUSE. La seua espectacular traject\u00f2ria per festivals internacionals culminava fa nom\u00e9s unes setmanes en Malm\u00f6, on Fatima Attif, la seua protagonista, es feia amb el premi a millor actriu. I sense eixir de la mateixa secci\u00f3, la Mostra ofereix l&#8217;oportunitat de descobrir una singular pel\u00b7l\u00edcula valenciana. MATAR AL REY, basada en l&#8217;obra teatral hom\u00f2nima de Chema Carde\u00f1a, \u00e9s un thriller medieval en el qual res \u00e9s el que sembla. Dirigeix Vicente Monson\u00eds, que tamb\u00e9 participar\u00e0 en una trobada amb els espectadors despr\u00e9s de la projecci\u00f3.<\/p>\n\n<figure class=\"wp-block-image\"><img loading=\"lazy\" decoding=\"async\" width=\"1280\" height=\"720\" src=\"https:\/\/lamostradevalencia.com\/wp-content\/uploads\/2019\/10\/La-Gue\u0301risseuse.jpg\" alt=\"\" class=\"wp-image-3894\" srcset=\"https:\/\/lamostradevalencia.com\/wp-content\/uploads\/2019\/10\/La-Gue\u0301risseuse.jpg 1280w, https:\/\/lamostradevalencia.com\/wp-content\/uploads\/2019\/10\/La-Gue\u0301risseuse-300x169.jpg 300w, https:\/\/lamostradevalencia.com\/wp-content\/uploads\/2019\/10\/La-Gue\u0301risseuse-768x432.jpg 768w, https:\/\/lamostradevalencia.com\/wp-content\/uploads\/2019\/10\/La-Gue\u0301risseuse-1024x576.jpg 1024w\" sizes=\"auto, (max-width: 1280px) 100vw, 1280px\" \/><figcaption>La Gue\u0301risseuse<\/figcaption><\/figure>\n<p>M\u00e9s coses? L&#8217;arrencada del cicle dedicat a la com\u00e8dia italiana cl\u00e0ssica, amb t\u00edtols com LOS IN\u00daTILES, LA GRAN GUERRA, TODOS A CASA o MATRIMONIO A LA ITALIANA. Les pel\u00b7l\u00edcules de Liliana Cavani en La Filmoteca. L&#8217;oportunitat de recuperar diversos t\u00edtols de Ferzan Ozpetek o LA CAMISA DE LA SERP, una simp\u00e0tica com\u00e8dia de Toni Canet. Sense oblidar la francesa LOS CONSEJOS DE ALICE, una reflexi\u00f3 sobre l&#8217;exercici del poder que va ser premiada a Cannes. El men\u00fa est\u00e0 servit.<\/p>\n\n<p>Informaci\u00f3 addicional sobre horaris, sales i venda d&#8217;entrades anticipades en la nostra web: <a href=\"https:\/\/lamostradevalencia.com\/\">www.lamostradevalencia.com<\/a><\/p>\n","protected":false},"excerpt":{"rendered":"<p>Hui comencen les projeccions de la Secci\u00f3 Oficial a Competici\u00f3. I ho fan en gran. Per a obrir boca, SYMPATHY FOR THE DEVIL, l&#8217;apassionant debut [&hellip;]<\/p>\n","protected":false},"author":1,"featured_media":3728,"comment_status":"open","ping_status":"open","sticky":false,"template":"","format":"standard","meta":{"_uag_custom_page_level_css":"","_jet_sm_ready_style":"","_jet_sm_style":"","_jet_sm_controls_values":"","_jet_sm_fonts_collection":"","_jet_sm_fonts_links":"","footnotes":""},"categories":[455],"tags":[],"class_list":["post-4669","post","type-post","status-publish","format-standard","has-post-thumbnail","hentry","category-noticies"],"yoast_head":"<!-- This site is optimized with the Yoast SEO plugin v27.5 - https:\/\/yoast.com\/product\/yoast-seo-wordpress\/ -->\n<title>FULL DE RUTA. DIVENDRES 25.<\/title>\n<meta name=\"description\" content=\"Mostra de Val\u00e8ncia - Cinema del Mediterrani\" \/>\n<meta name=\"robots\" content=\"index, follow, max-snippet:-1, max-image-preview:large, max-video-preview:-1\" \/>\n<link rel=\"canonical\" href=\"https:\/\/lamostradevalencia.com\/ca\/full-de-ruta-divendres-25\/\" \/>\n<meta property=\"og:locale\" content=\"ca_ES\" \/>\n<meta property=\"og:type\" content=\"article\" \/>\n<meta property=\"og:title\" content=\"FULL DE RUTA. DIVENDRES 25.\" \/>\n<meta property=\"og:description\" content=\"Mostra de Val\u00e8ncia - Cinema del Mediterrani\" \/>\n<meta property=\"og:url\" content=\"https:\/\/lamostradevalencia.com\/ca\/full-de-ruta-divendres-25\/\" \/>\n<meta property=\"og:site_name\" content=\"Mostra de Val\u00e8ncia\" \/>\n<meta property=\"article:published_time\" content=\"2019-10-24T21:45:52+00:00\" \/>\n<meta property=\"article:modified_time\" content=\"2019-10-24T21:49:11+00:00\" \/>\n<meta property=\"og:image\" content=\"https:\/\/lamostradevalencia.com\/wp-content\/uploads\/2019\/10\/Liliana-Cavani.jpg\" \/>\n\t<meta property=\"og:image:width\" content=\"3500\" \/>\n\t<meta property=\"og:image:height\" content=\"1936\" \/>\n\t<meta property=\"og:image:type\" content=\"image\/jpeg\" \/>\n<meta name=\"author\" content=\"Mostra de Val\u00e8ncia\" \/>\n<meta name=\"twitter:card\" content=\"summary_large_image\" \/>\n<meta name=\"twitter:label1\" content=\"Escrit per\" \/>\n\t<meta name=\"twitter:data1\" content=\"Mostra de Val\u00e8ncia\" \/>\n\t<meta name=\"twitter:label2\" content=\"Temps estimat de lectura\" \/>\n\t<meta name=\"twitter:data2\" content=\"4 minuts\" \/>\n<script type=\"application\/ld+json\" class=\"yoast-schema-graph\">{\"@context\":\"https:\\\/\\\/schema.org\",\"@graph\":[{\"@type\":\"Article\",\"@id\":\"https:\\\/\\\/lamostradevalencia.com\\\/ca\\\/full-de-ruta-divendres-25\\\/#article\",\"isPartOf\":{\"@id\":\"https:\\\/\\\/lamostradevalencia.com\\\/ca\\\/full-de-ruta-divendres-25\\\/\"},\"author\":{\"name\":\"Mostra de Val\u00e8ncia\",\"@id\":\"https:\\\/\\\/lamostradevalencia.com\\\/ca\\\/#\\\/schema\\\/person\\\/1dc07e4df3d6310b81d2cdf6a034070c\"},\"headline\":\"FULL DE RUTA. DIVENDRES 25.\",\"datePublished\":\"2019-10-24T21:45:52+00:00\",\"dateModified\":\"2019-10-24T21:49:11+00:00\",\"mainEntityOfPage\":{\"@id\":\"https:\\\/\\\/lamostradevalencia.com\\\/ca\\\/full-de-ruta-divendres-25\\\/\"},\"wordCount\":739,\"commentCount\":0,\"image\":{\"@id\":\"https:\\\/\\\/lamostradevalencia.com\\\/ca\\\/full-de-ruta-divendres-25\\\/#primaryimage\"},\"thumbnailUrl\":\"https:\\\/\\\/lamostradevalencia.com\\\/wp-content\\\/uploads\\\/2019\\\/10\\\/Liliana-Cavani.jpg\",\"articleSection\":[\"Noticies\"],\"inLanguage\":\"ca\",\"potentialAction\":[{\"@type\":\"CommentAction\",\"name\":\"Comment\",\"target\":[\"https:\\\/\\\/lamostradevalencia.com\\\/ca\\\/full-de-ruta-divendres-25\\\/#respond\"]}]},{\"@type\":\"WebPage\",\"@id\":\"https:\\\/\\\/lamostradevalencia.com\\\/ca\\\/full-de-ruta-divendres-25\\\/\",\"url\":\"https:\\\/\\\/lamostradevalencia.com\\\/ca\\\/full-de-ruta-divendres-25\\\/\",\"name\":\"FULL DE RUTA. DIVENDRES 25.\",\"isPartOf\":{\"@id\":\"https:\\\/\\\/lamostradevalencia.com\\\/ca\\\/#website\"},\"primaryImageOfPage\":{\"@id\":\"https:\\\/\\\/lamostradevalencia.com\\\/ca\\\/full-de-ruta-divendres-25\\\/#primaryimage\"},\"image\":{\"@id\":\"https:\\\/\\\/lamostradevalencia.com\\\/ca\\\/full-de-ruta-divendres-25\\\/#primaryimage\"},\"thumbnailUrl\":\"https:\\\/\\\/lamostradevalencia.com\\\/wp-content\\\/uploads\\\/2019\\\/10\\\/Liliana-Cavani.jpg\",\"datePublished\":\"2019-10-24T21:45:52+00:00\",\"dateModified\":\"2019-10-24T21:49:11+00:00\",\"author\":{\"@id\":\"https:\\\/\\\/lamostradevalencia.com\\\/ca\\\/#\\\/schema\\\/person\\\/1dc07e4df3d6310b81d2cdf6a034070c\"},\"description\":\"Mostra de Val\u00e8ncia - Cinema del Mediterrani\",\"breadcrumb\":{\"@id\":\"https:\\\/\\\/lamostradevalencia.com\\\/ca\\\/full-de-ruta-divendres-25\\\/#breadcrumb\"},\"inLanguage\":\"ca\",\"potentialAction\":[{\"@type\":\"ReadAction\",\"target\":[\"https:\\\/\\\/lamostradevalencia.com\\\/ca\\\/full-de-ruta-divendres-25\\\/\"]}]},{\"@type\":\"ImageObject\",\"inLanguage\":\"ca\",\"@id\":\"https:\\\/\\\/lamostradevalencia.com\\\/ca\\\/full-de-ruta-divendres-25\\\/#primaryimage\",\"url\":\"https:\\\/\\\/lamostradevalencia.com\\\/wp-content\\\/uploads\\\/2019\\\/10\\\/Liliana-Cavani.jpg\",\"contentUrl\":\"https:\\\/\\\/lamostradevalencia.com\\\/wp-content\\\/uploads\\\/2019\\\/10\\\/Liliana-Cavani.jpg\",\"width\":3500,\"height\":1936,\"caption\":\"Liliana Cavani\"},{\"@type\":\"BreadcrumbList\",\"@id\":\"https:\\\/\\\/lamostradevalencia.com\\\/ca\\\/full-de-ruta-divendres-25\\\/#breadcrumb\",\"itemListElement\":[{\"@type\":\"ListItem\",\"position\":1,\"name\":\"Portada\",\"item\":\"https:\\\/\\\/lamostradevalencia.com\\\/ca\\\/\"},{\"@type\":\"ListItem\",\"position\":2,\"name\":\"FULL DE RUTA. DIVENDRES 25.\"}]},{\"@type\":\"WebSite\",\"@id\":\"https:\\\/\\\/lamostradevalencia.com\\\/ca\\\/#website\",\"url\":\"https:\\\/\\\/lamostradevalencia.com\\\/ca\\\/\",\"name\":\"Mostra de Val\u00e8ncia\",\"description\":\"Cinema del Mediterrani\",\"potentialAction\":[{\"@type\":\"SearchAction\",\"target\":{\"@type\":\"EntryPoint\",\"urlTemplate\":\"https:\\\/\\\/lamostradevalencia.com\\\/ca\\\/?s={search_term_string}\"},\"query-input\":{\"@type\":\"PropertyValueSpecification\",\"valueRequired\":true,\"valueName\":\"search_term_string\"}}],\"inLanguage\":\"ca\"},{\"@type\":\"Person\",\"@id\":\"https:\\\/\\\/lamostradevalencia.com\\\/ca\\\/#\\\/schema\\\/person\\\/1dc07e4df3d6310b81d2cdf6a034070c\",\"name\":\"Mostra de Val\u00e8ncia\",\"image\":{\"@type\":\"ImageObject\",\"inLanguage\":\"ca\",\"@id\":\"https:\\\/\\\/secure.gravatar.com\\\/avatar\\\/ada4dfd699a9907706987adb1bb2b361c2613ccca474b49b8c648de5208e32f8?s=96&d=mm&r=g\",\"url\":\"https:\\\/\\\/secure.gravatar.com\\\/avatar\\\/ada4dfd699a9907706987adb1bb2b361c2613ccca474b49b8c648de5208e32f8?s=96&d=mm&r=g\",\"contentUrl\":\"https:\\\/\\\/secure.gravatar.com\\\/avatar\\\/ada4dfd699a9907706987adb1bb2b361c2613ccca474b49b8c648de5208e32f8?s=96&d=mm&r=g\",\"caption\":\"Mostra de Val\u00e8ncia\"}}]}<\/script>\n<!-- \/ Yoast SEO plugin. -->","yoast_head_json":{"title":"FULL DE RUTA. DIVENDRES 25.","description":"Mostra de Val\u00e8ncia - Cinema del Mediterrani","robots":{"index":"index","follow":"follow","max-snippet":"max-snippet:-1","max-image-preview":"max-image-preview:large","max-video-preview":"max-video-preview:-1"},"canonical":"https:\/\/lamostradevalencia.com\/ca\/full-de-ruta-divendres-25\/","og_locale":"ca_ES","og_type":"article","og_title":"FULL DE RUTA. DIVENDRES 25.","og_description":"Mostra de Val\u00e8ncia - Cinema del Mediterrani","og_url":"https:\/\/lamostradevalencia.com\/ca\/full-de-ruta-divendres-25\/","og_site_name":"Mostra de Val\u00e8ncia","article_published_time":"2019-10-24T21:45:52+00:00","article_modified_time":"2019-10-24T21:49:11+00:00","og_image":[{"width":3500,"height":1936,"url":"https:\/\/lamostradevalencia.com\/wp-content\/uploads\/2019\/10\/Liliana-Cavani.jpg","type":"image\/jpeg"}],"author":"Mostra de Val\u00e8ncia","twitter_card":"summary_large_image","twitter_misc":{"Escrit per":"Mostra de Val\u00e8ncia","Temps estimat de lectura":"4 minuts"},"schema":{"@context":"https:\/\/schema.org","@graph":[{"@type":"Article","@id":"https:\/\/lamostradevalencia.com\/ca\/full-de-ruta-divendres-25\/#article","isPartOf":{"@id":"https:\/\/lamostradevalencia.com\/ca\/full-de-ruta-divendres-25\/"},"author":{"name":"Mostra de Val\u00e8ncia","@id":"https:\/\/lamostradevalencia.com\/ca\/#\/schema\/person\/1dc07e4df3d6310b81d2cdf6a034070c"},"headline":"FULL DE RUTA. DIVENDRES 25.","datePublished":"2019-10-24T21:45:52+00:00","dateModified":"2019-10-24T21:49:11+00:00","mainEntityOfPage":{"@id":"https:\/\/lamostradevalencia.com\/ca\/full-de-ruta-divendres-25\/"},"wordCount":739,"commentCount":0,"image":{"@id":"https:\/\/lamostradevalencia.com\/ca\/full-de-ruta-divendres-25\/#primaryimage"},"thumbnailUrl":"https:\/\/lamostradevalencia.com\/wp-content\/uploads\/2019\/10\/Liliana-Cavani.jpg","articleSection":["Noticies"],"inLanguage":"ca","potentialAction":[{"@type":"CommentAction","name":"Comment","target":["https:\/\/lamostradevalencia.com\/ca\/full-de-ruta-divendres-25\/#respond"]}]},{"@type":"WebPage","@id":"https:\/\/lamostradevalencia.com\/ca\/full-de-ruta-divendres-25\/","url":"https:\/\/lamostradevalencia.com\/ca\/full-de-ruta-divendres-25\/","name":"FULL DE RUTA. DIVENDRES 25.","isPartOf":{"@id":"https:\/\/lamostradevalencia.com\/ca\/#website"},"primaryImageOfPage":{"@id":"https:\/\/lamostradevalencia.com\/ca\/full-de-ruta-divendres-25\/#primaryimage"},"image":{"@id":"https:\/\/lamostradevalencia.com\/ca\/full-de-ruta-divendres-25\/#primaryimage"},"thumbnailUrl":"https:\/\/lamostradevalencia.com\/wp-content\/uploads\/2019\/10\/Liliana-Cavani.jpg","datePublished":"2019-10-24T21:45:52+00:00","dateModified":"2019-10-24T21:49:11+00:00","author":{"@id":"https:\/\/lamostradevalencia.com\/ca\/#\/schema\/person\/1dc07e4df3d6310b81d2cdf6a034070c"},"description":"Mostra de Val\u00e8ncia - Cinema del Mediterrani","breadcrumb":{"@id":"https:\/\/lamostradevalencia.com\/ca\/full-de-ruta-divendres-25\/#breadcrumb"},"inLanguage":"ca","potentialAction":[{"@type":"ReadAction","target":["https:\/\/lamostradevalencia.com\/ca\/full-de-ruta-divendres-25\/"]}]},{"@type":"ImageObject","inLanguage":"ca","@id":"https:\/\/lamostradevalencia.com\/ca\/full-de-ruta-divendres-25\/#primaryimage","url":"https:\/\/lamostradevalencia.com\/wp-content\/uploads\/2019\/10\/Liliana-Cavani.jpg","contentUrl":"https:\/\/lamostradevalencia.com\/wp-content\/uploads\/2019\/10\/Liliana-Cavani.jpg","width":3500,"height":1936,"caption":"Liliana Cavani"},{"@type":"BreadcrumbList","@id":"https:\/\/lamostradevalencia.com\/ca\/full-de-ruta-divendres-25\/#breadcrumb","itemListElement":[{"@type":"ListItem","position":1,"name":"Portada","item":"https:\/\/lamostradevalencia.com\/ca\/"},{"@type":"ListItem","position":2,"name":"FULL DE RUTA. DIVENDRES 25."}]},{"@type":"WebSite","@id":"https:\/\/lamostradevalencia.com\/ca\/#website","url":"https:\/\/lamostradevalencia.com\/ca\/","name":"Mostra de Val\u00e8ncia","description":"Cinema del Mediterrani","potentialAction":[{"@type":"SearchAction","target":{"@type":"EntryPoint","urlTemplate":"https:\/\/lamostradevalencia.com\/ca\/?s={search_term_string}"},"query-input":{"@type":"PropertyValueSpecification","valueRequired":true,"valueName":"search_term_string"}}],"inLanguage":"ca"},{"@type":"Person","@id":"https:\/\/lamostradevalencia.com\/ca\/#\/schema\/person\/1dc07e4df3d6310b81d2cdf6a034070c","name":"Mostra de Val\u00e8ncia","image":{"@type":"ImageObject","inLanguage":"ca","@id":"https:\/\/secure.gravatar.com\/avatar\/ada4dfd699a9907706987adb1bb2b361c2613ccca474b49b8c648de5208e32f8?s=96&d=mm&r=g","url":"https:\/\/secure.gravatar.com\/avatar\/ada4dfd699a9907706987adb1bb2b361c2613ccca474b49b8c648de5208e32f8?s=96&d=mm&r=g","contentUrl":"https:\/\/secure.gravatar.com\/avatar\/ada4dfd699a9907706987adb1bb2b361c2613ccca474b49b8c648de5208e32f8?s=96&d=mm&r=g","caption":"Mostra de Val\u00e8ncia"}}]}},"uagb_featured_image_src":{"full":["https:\/\/lamostradevalencia.com\/wp-content\/uploads\/2019\/10\/Liliana-Cavani.jpg",3500,1936,false],"thumbnail":["https:\/\/lamostradevalencia.com\/wp-content\/uploads\/2019\/10\/Liliana-Cavani-150x150.jpg",150,150,true],"medium":["https:\/\/lamostradevalencia.com\/wp-content\/uploads\/2019\/10\/Liliana-Cavani-300x166.jpg",300,166,true],"medium_large":["https:\/\/lamostradevalencia.com\/wp-content\/uploads\/2019\/10\/Liliana-Cavani-768x425.jpg",768,425,true],"large":["https:\/\/lamostradevalencia.com\/wp-content\/uploads\/2019\/10\/Liliana-Cavani-1024x566.jpg",1024,566,true],"1536x1536":["https:\/\/lamostradevalencia.com\/wp-content\/uploads\/2019\/10\/Liliana-Cavani.jpg",1536,850,false],"2048x2048":["https:\/\/lamostradevalencia.com\/wp-content\/uploads\/2019\/10\/Liliana-Cavani.jpg",2048,1133,false],"cinerama_edge_image_square":["https:\/\/lamostradevalencia.com\/wp-content\/uploads\/2019\/10\/Liliana-Cavani-550x550.jpg",550,550,true],"cinerama_edge_image_landscape":["https:\/\/lamostradevalencia.com\/wp-content\/uploads\/2019\/10\/Liliana-Cavani-1100x550.jpg",1100,550,true],"cinerama_edge_image_portrait":["https:\/\/lamostradevalencia.com\/wp-content\/uploads\/2019\/10\/Liliana-Cavani-550x1100.jpg",550,1100,true],"cinerama_edge_image_huge":["https:\/\/lamostradevalencia.com\/wp-content\/uploads\/2019\/10\/Liliana-Cavani-1100x1100.jpg",1100,1100,true],"gform-image-choice-sm":["https:\/\/lamostradevalencia.com\/wp-content\/uploads\/2019\/10\/Liliana-Cavani.jpg",300,166,false],"gform-image-choice-md":["https:\/\/lamostradevalencia.com\/wp-content\/uploads\/2019\/10\/Liliana-Cavani.jpg",400,221,false],"gform-image-choice-lg":["https:\/\/lamostradevalencia.com\/wp-content\/uploads\/2019\/10\/Liliana-Cavani.jpg",600,332,false]},"uagb_author_info":{"display_name":"Mostra de Val\u00e8ncia","author_link":"https:\/\/lamostradevalencia.com\/ca\/author\/mostravalencia\/"},"uagb_comment_info":0,"uagb_excerpt":"Hui comencen les projeccions de la Secci\u00f3 Oficial a Competici\u00f3. I ho fan en gran. Per a obrir boca, SYMPATHY FOR THE DEVIL, l&#8217;apassionant debut [&hellip;]","_links":{"self":[{"href":"https:\/\/lamostradevalencia.com\/ca\/wp-json\/wp\/v2\/posts\/4669","targetHints":{"allow":["GET"]}}],"collection":[{"href":"https:\/\/lamostradevalencia.com\/ca\/wp-json\/wp\/v2\/posts"}],"about":[{"href":"https:\/\/lamostradevalencia.com\/ca\/wp-json\/wp\/v2\/types\/post"}],"author":[{"embeddable":true,"href":"https:\/\/lamostradevalencia.com\/ca\/wp-json\/wp\/v2\/users\/1"}],"replies":[{"embeddable":true,"href":"https:\/\/lamostradevalencia.com\/ca\/wp-json\/wp\/v2\/comments?post=4669"}],"version-history":[{"count":1,"href":"https:\/\/lamostradevalencia.com\/ca\/wp-json\/wp\/v2\/posts\/4669\/revisions"}],"predecessor-version":[{"id":4670,"href":"https:\/\/lamostradevalencia.com\/ca\/wp-json\/wp\/v2\/posts\/4669\/revisions\/4670"}],"wp:featuredmedia":[{"embeddable":true,"href":"https:\/\/lamostradevalencia.com\/ca\/wp-json\/wp\/v2\/media\/3728"}],"wp:attachment":[{"href":"https:\/\/lamostradevalencia.com\/ca\/wp-json\/wp\/v2\/media?parent=4669"}],"wp:term":[{"taxonomy":"category","embeddable":true,"href":"https:\/\/lamostradevalencia.com\/ca\/wp-json\/wp\/v2\/categories?post=4669"},{"taxonomy":"post_tag","embeddable":true,"href":"https:\/\/lamostradevalencia.com\/ca\/wp-json\/wp\/v2\/tags?post=4669"}],"curies":[{"name":"wp","href":"https:\/\/api.w.org\/{rel}","templated":true}]}}