{"id":3313,"date":"2019-09-30T10:08:30","date_gmt":"2019-09-30T08:08:30","guid":{"rendered":"https:\/\/lamostradevalencia.com\/?p=3313"},"modified":"2019-09-30T10:15:04","modified_gmt":"2019-09-30T08:15:04","slug":"guy-debord-per-olivier-assayas","status":"publish","type":"post","link":"https:\/\/lamostradevalencia.com\/ca\/guy-debord-per-olivier-assayas\/","title":{"rendered":"GUY DEBORD PER OLIVIER ASSAYAS"},"content":{"rendered":"<p>Fundador de la Internacional Situacionista, te\u00f2ric de la societat de l&#8217;espectacle, Guy Debord \u00e9s autor d&#8217;una obra cinematogr\u00e0fica parca \u2013tres llargmetratges, tres curts\u2013 i subversiva, que es complementa amb els seus escrits. El seu objectiu \u00e9s combatre la passivitat i l&#8217;alienaci\u00f3 imposades a l&#8217;espectador per l&#8217;espectacular ordre comercial, per a entaular una nova relaci\u00f3 des de la qual repensar la vida i la societat. Fita destacada en la hist\u00f2ria de les avantguardes i les idees a Fran\u00e7a, darrere de l&#8217;aparent severitat de la seua reputaci\u00f3, la bel\u00b7licosa obstinaci\u00f3 de Guy Debord porta el segell de l&#8217;humor sobir\u00e0 i la melancolia radical associats al seu nom.<\/p>\n<p>&nbsp;<\/p>\n<p><strong>Guy Debord per Olivier Assayas<\/strong><\/p>\n<p>At\u00e9s que les pel\u00b7l\u00edcules de Debord s\u00f3n accessibles de nou, i per tant podem pensar-les, la perspectiva hist\u00f2rica del seu treball ha evolucionat m\u00e9s cap a les arts visuals i el cinema experimental. I un es pregunta si aix\u00f2 no \u00e9s exactament el que Debord temia. La import\u00e0ncia de les seues pel\u00b7l\u00edcules supera este marc, per\u00f2 els historiadors del cinema, els seus te\u00f2rics, fins on s\u00e9, mai s&#8217;han preocupat per situar el seu treball en la perspectiva m\u00e9s \u00e0mplia d&#8217;una reflexi\u00f3 sobre el cinema contemporani, sobre l&#8217;evoluci\u00f3 de la post-cinef\u00edlia. I aix\u00f2 succe\u00efx perqu\u00e8 este camp, que Debord hauria d&#8217;ocupar, ha sigut ocupat en part per Jean-Luc Godard, qui no est\u00e0 tan lluny de Debord, per\u00f2 al mateix temps representa tot el contrari. Per tant, \u00e9s molt dif\u00edcil fer-los cohabitar.<\/p>\n<p>El m\u00e9s inquietant \u00e9s la bellesa de les seues pel\u00b7l\u00edcules. De nou, li hauria agradat a Debord que li digueren que \u201cLa societat de l&#8217;espectacle\u201d (1973) \u00e9s bella, per\u00f2 tamb\u00e9 intel\u00b7ligible? Sempre es troba en ell esta preocupaci\u00f3 per la forma, per l&#8217;eleg\u00e0ncia de l&#8217;escriptura, liter\u00e0ria o cinematogr\u00e0fica; \u00e9s el que valida el pensament, la qual cosa garantix la seua durabilitat. En certa manera, el cinema revela el contingut po\u00e8tic del llibre, la seua dimensi\u00f3 menys visible, i certament la menys reconeguda. La m\u00fasica de Corrette unida a les imatges de \u201cLa societat de l&#8217;espectacle\u201d suscita una profunda emoci\u00f3. Dit aix\u00f2, la pel\u00b7l\u00edcula \u00e9s m\u00e9s dif\u00edcil, en molts sentits, que \u201cIn girum imus nocte et consumimur igni\u201d (1978), que pertany a una altra \u00e8poca del treball de Debord, en la qual torna de manera m\u00e9s literal a la pr\u00e0ctica art\u00edstica.<\/p>\n<p>\u201cIn girum imus nocte et consumimur igni\u201d comen\u00e7a amb un text que podria ser una esp\u00e8cie de comentari de \u201cLa societat de l&#8217;espectacle\u201d, o en qualsevol cas com una actualitzaci\u00f3 de la teoria de l&#8217;espectacle, adaptada a un per\u00edode en qu\u00e8 les idees revolucion\u00e0ries estan en fort declivi i on tornem a una esp\u00e8cie de gaudi del consum. Despr\u00e9s del pr\u00f2leg ve l&#8217;evocaci\u00f3 liter\u00e0ria del passat, on de sobte desplega una vessant Bossuet, i un sent una esp\u00e8cie de plenitud en esta expressi\u00f3 en primera persona, in\u00e8dita anteriorment. Es produeix el pas de la veu te\u00f2rica al \u201cjo\u201d.<\/p>\n<p>Des d&#8217;este punt de vista, cada vegada que em trobe amb persones que no han llegit a Debord, que el coneixen malament, que l\u2019han malinterpretat o que els va esclatar el cap a l\u2019abordar els primers cap\u00edtols de \u201cLa societat de l&#8217;espectacle\u201d, els dic que vegen \u201cIn girum imus nocte et consumimur igni\u201d. \u00c9s, sense dubte, la millor introducci\u00f3 al treball de Debord. Tot est\u00e0 ac\u00ed.<\/p>\n<p>Olivier Assayas<\/p>\n<p>&nbsp;<\/p>\n<p>(Extractes cedits per Cin\u00e9math\u00e8que Fran\u00e7aise i pertanyents a una entrevista realitzada per Laurence Le Bras, Emmanuel Guy i Thierry Grillet al desembre de 2012)<\/p>\n","protected":false},"excerpt":{"rendered":"<p>Fundador de la Internacional Situacionista, te\u00f2ric de la societat de l&#8217;espectacle, Guy Debord \u00e9s autor d&#8217;una obra cinematogr\u00e0fica parca \u2013tres llargmetratges, tres curts\u2013 i subversiva, [&hellip;]<\/p>\n","protected":false},"author":1,"featured_media":3308,"comment_status":"open","ping_status":"open","sticky":false,"template":"","format":"standard","meta":{"_uag_custom_page_level_css":"","_jet_sm_ready_style":"","_jet_sm_style":"","_jet_sm_controls_values":"","_jet_sm_fonts_collection":"","_jet_sm_fonts_links":"","footnotes":""},"categories":[455],"tags":[1079,1038,1029,1080,1063],"class_list":["post-3313","post","type-post","status-publish","format-standard","has-post-thumbnail","hentry","category-noticies","tag-guy-debord-ca","tag-mostra-de-valencia-ca","tag-mostra-de-valencia-2","tag-olivier-assayas-ca","tag-situacionisme"],"yoast_head":"<!-- This site is optimized with the Yoast SEO plugin v27.5 - https:\/\/yoast.com\/product\/yoast-seo-wordpress\/ -->\n<title>GUY DEBORD PER OLIVIER ASSAYAS<\/title>\n<meta name=\"description\" content=\"Una lectura contempor\u00e0nia\" \/>\n<meta name=\"robots\" content=\"index, follow, max-snippet:-1, max-image-preview:large, max-video-preview:-1\" \/>\n<link rel=\"canonical\" href=\"https:\/\/lamostradevalencia.com\/ca\/guy-debord-per-olivier-assayas\/\" \/>\n<meta property=\"og:locale\" content=\"ca_ES\" \/>\n<meta property=\"og:type\" content=\"article\" \/>\n<meta property=\"og:title\" content=\"GUY DEBORD PER OLIVIER ASSAYAS\" \/>\n<meta property=\"og:description\" content=\"Una lectura contempor\u00e0nia\" \/>\n<meta property=\"og:url\" content=\"https:\/\/lamostradevalencia.com\/ca\/guy-debord-per-olivier-assayas\/\" \/>\n<meta property=\"og:site_name\" content=\"Mostra de Val\u00e8ncia\" \/>\n<meta property=\"article:published_time\" content=\"2019-09-30T08:08:30+00:00\" \/>\n<meta property=\"article:modified_time\" content=\"2019-09-30T08:15:04+00:00\" \/>\n<meta property=\"og:image\" content=\"https:\/\/lamostradevalencia.com\/wp-content\/uploads\/2019\/09\/Refutation.jpg\" \/>\n\t<meta property=\"og:image:width\" content=\"1777\" \/>\n\t<meta property=\"og:image:height\" content=\"974\" \/>\n\t<meta property=\"og:image:type\" content=\"image\/jpeg\" \/>\n<meta name=\"author\" content=\"Mostra de Val\u00e8ncia\" \/>\n<meta name=\"twitter:card\" content=\"summary_large_image\" \/>\n<meta name=\"twitter:label1\" content=\"Escrit per\" \/>\n\t<meta name=\"twitter:data1\" content=\"Mostra de Val\u00e8ncia\" \/>\n\t<meta name=\"twitter:label2\" content=\"Temps estimat de lectura\" \/>\n\t<meta name=\"twitter:data2\" content=\"3 minuts\" \/>\n<script type=\"application\/ld+json\" class=\"yoast-schema-graph\">{\"@context\":\"https:\\\/\\\/schema.org\",\"@graph\":[{\"@type\":\"Article\",\"@id\":\"https:\\\/\\\/lamostradevalencia.com\\\/ca\\\/guy-debord-per-olivier-assayas\\\/#article\",\"isPartOf\":{\"@id\":\"https:\\\/\\\/lamostradevalencia.com\\\/ca\\\/guy-debord-per-olivier-assayas\\\/\"},\"author\":{\"name\":\"Mostra de Val\u00e8ncia\",\"@id\":\"https:\\\/\\\/lamostradevalencia.com\\\/ca\\\/#\\\/schema\\\/person\\\/1dc07e4df3d6310b81d2cdf6a034070c\"},\"headline\":\"GUY DEBORD PER OLIVIER ASSAYAS\",\"datePublished\":\"2019-09-30T08:08:30+00:00\",\"dateModified\":\"2019-09-30T08:15:04+00:00\",\"mainEntityOfPage\":{\"@id\":\"https:\\\/\\\/lamostradevalencia.com\\\/ca\\\/guy-debord-per-olivier-assayas\\\/\"},\"wordCount\":646,\"commentCount\":0,\"image\":{\"@id\":\"https:\\\/\\\/lamostradevalencia.com\\\/ca\\\/guy-debord-per-olivier-assayas\\\/#primaryimage\"},\"thumbnailUrl\":\"https:\\\/\\\/lamostradevalencia.com\\\/wp-content\\\/uploads\\\/2019\\\/09\\\/Refutation.jpg\",\"keywords\":[\"Guy Debord\",\"Mostra de Val\u00e8ncia\",\"Mostra de Val\u00e8ncia\",\"Olivier Assayas\",\"Situacionisme\"],\"articleSection\":[\"Noticies\"],\"inLanguage\":\"ca\",\"potentialAction\":[{\"@type\":\"CommentAction\",\"name\":\"Comment\",\"target\":[\"https:\\\/\\\/lamostradevalencia.com\\\/ca\\\/guy-debord-per-olivier-assayas\\\/#respond\"]}]},{\"@type\":\"WebPage\",\"@id\":\"https:\\\/\\\/lamostradevalencia.com\\\/ca\\\/guy-debord-per-olivier-assayas\\\/\",\"url\":\"https:\\\/\\\/lamostradevalencia.com\\\/ca\\\/guy-debord-per-olivier-assayas\\\/\",\"name\":\"GUY DEBORD PER OLIVIER ASSAYAS\",\"isPartOf\":{\"@id\":\"https:\\\/\\\/lamostradevalencia.com\\\/ca\\\/#website\"},\"primaryImageOfPage\":{\"@id\":\"https:\\\/\\\/lamostradevalencia.com\\\/ca\\\/guy-debord-per-olivier-assayas\\\/#primaryimage\"},\"image\":{\"@id\":\"https:\\\/\\\/lamostradevalencia.com\\\/ca\\\/guy-debord-per-olivier-assayas\\\/#primaryimage\"},\"thumbnailUrl\":\"https:\\\/\\\/lamostradevalencia.com\\\/wp-content\\\/uploads\\\/2019\\\/09\\\/Refutation.jpg\",\"datePublished\":\"2019-09-30T08:08:30+00:00\",\"dateModified\":\"2019-09-30T08:15:04+00:00\",\"author\":{\"@id\":\"https:\\\/\\\/lamostradevalencia.com\\\/ca\\\/#\\\/schema\\\/person\\\/1dc07e4df3d6310b81d2cdf6a034070c\"},\"description\":\"Una lectura contempor\u00e0nia\",\"breadcrumb\":{\"@id\":\"https:\\\/\\\/lamostradevalencia.com\\\/ca\\\/guy-debord-per-olivier-assayas\\\/#breadcrumb\"},\"inLanguage\":\"ca\",\"potentialAction\":[{\"@type\":\"ReadAction\",\"target\":[\"https:\\\/\\\/lamostradevalencia.com\\\/ca\\\/guy-debord-per-olivier-assayas\\\/\"]}]},{\"@type\":\"ImageObject\",\"inLanguage\":\"ca\",\"@id\":\"https:\\\/\\\/lamostradevalencia.com\\\/ca\\\/guy-debord-per-olivier-assayas\\\/#primaryimage\",\"url\":\"https:\\\/\\\/lamostradevalencia.com\\\/wp-content\\\/uploads\\\/2019\\\/09\\\/Refutation.jpg\",\"contentUrl\":\"https:\\\/\\\/lamostradevalencia.com\\\/wp-content\\\/uploads\\\/2019\\\/09\\\/Refutation.jpg\",\"width\":1777,\"height\":974,\"caption\":\"Refutation\"},{\"@type\":\"BreadcrumbList\",\"@id\":\"https:\\\/\\\/lamostradevalencia.com\\\/ca\\\/guy-debord-per-olivier-assayas\\\/#breadcrumb\",\"itemListElement\":[{\"@type\":\"ListItem\",\"position\":1,\"name\":\"Portada\",\"item\":\"https:\\\/\\\/lamostradevalencia.com\\\/ca\\\/\"},{\"@type\":\"ListItem\",\"position\":2,\"name\":\"GUY DEBORD PER OLIVIER ASSAYAS\"}]},{\"@type\":\"WebSite\",\"@id\":\"https:\\\/\\\/lamostradevalencia.com\\\/ca\\\/#website\",\"url\":\"https:\\\/\\\/lamostradevalencia.com\\\/ca\\\/\",\"name\":\"Mostra de Val\u00e8ncia\",\"description\":\"Cinema del Mediterrani\",\"potentialAction\":[{\"@type\":\"SearchAction\",\"target\":{\"@type\":\"EntryPoint\",\"urlTemplate\":\"https:\\\/\\\/lamostradevalencia.com\\\/ca\\\/?s={search_term_string}\"},\"query-input\":{\"@type\":\"PropertyValueSpecification\",\"valueRequired\":true,\"valueName\":\"search_term_string\"}}],\"inLanguage\":\"ca\"},{\"@type\":\"Person\",\"@id\":\"https:\\\/\\\/lamostradevalencia.com\\\/ca\\\/#\\\/schema\\\/person\\\/1dc07e4df3d6310b81d2cdf6a034070c\",\"name\":\"Mostra de Val\u00e8ncia\",\"image\":{\"@type\":\"ImageObject\",\"inLanguage\":\"ca\",\"@id\":\"https:\\\/\\\/secure.gravatar.com\\\/avatar\\\/ada4dfd699a9907706987adb1bb2b361c2613ccca474b49b8c648de5208e32f8?s=96&d=mm&r=g\",\"url\":\"https:\\\/\\\/secure.gravatar.com\\\/avatar\\\/ada4dfd699a9907706987adb1bb2b361c2613ccca474b49b8c648de5208e32f8?s=96&d=mm&r=g\",\"contentUrl\":\"https:\\\/\\\/secure.gravatar.com\\\/avatar\\\/ada4dfd699a9907706987adb1bb2b361c2613ccca474b49b8c648de5208e32f8?s=96&d=mm&r=g\",\"caption\":\"Mostra de Val\u00e8ncia\"}}]}<\/script>\n<!-- \/ Yoast SEO plugin. -->","yoast_head_json":{"title":"GUY DEBORD PER OLIVIER ASSAYAS","description":"Una lectura contempor\u00e0nia","robots":{"index":"index","follow":"follow","max-snippet":"max-snippet:-1","max-image-preview":"max-image-preview:large","max-video-preview":"max-video-preview:-1"},"canonical":"https:\/\/lamostradevalencia.com\/ca\/guy-debord-per-olivier-assayas\/","og_locale":"ca_ES","og_type":"article","og_title":"GUY DEBORD PER OLIVIER ASSAYAS","og_description":"Una lectura contempor\u00e0nia","og_url":"https:\/\/lamostradevalencia.com\/ca\/guy-debord-per-olivier-assayas\/","og_site_name":"Mostra de Val\u00e8ncia","article_published_time":"2019-09-30T08:08:30+00:00","article_modified_time":"2019-09-30T08:15:04+00:00","og_image":[{"width":1777,"height":974,"url":"https:\/\/lamostradevalencia.com\/wp-content\/uploads\/2019\/09\/Refutation.jpg","type":"image\/jpeg"}],"author":"Mostra de Val\u00e8ncia","twitter_card":"summary_large_image","twitter_misc":{"Escrit per":"Mostra de Val\u00e8ncia","Temps estimat de lectura":"3 minuts"},"schema":{"@context":"https:\/\/schema.org","@graph":[{"@type":"Article","@id":"https:\/\/lamostradevalencia.com\/ca\/guy-debord-per-olivier-assayas\/#article","isPartOf":{"@id":"https:\/\/lamostradevalencia.com\/ca\/guy-debord-per-olivier-assayas\/"},"author":{"name":"Mostra de Val\u00e8ncia","@id":"https:\/\/lamostradevalencia.com\/ca\/#\/schema\/person\/1dc07e4df3d6310b81d2cdf6a034070c"},"headline":"GUY DEBORD PER OLIVIER ASSAYAS","datePublished":"2019-09-30T08:08:30+00:00","dateModified":"2019-09-30T08:15:04+00:00","mainEntityOfPage":{"@id":"https:\/\/lamostradevalencia.com\/ca\/guy-debord-per-olivier-assayas\/"},"wordCount":646,"commentCount":0,"image":{"@id":"https:\/\/lamostradevalencia.com\/ca\/guy-debord-per-olivier-assayas\/#primaryimage"},"thumbnailUrl":"https:\/\/lamostradevalencia.com\/wp-content\/uploads\/2019\/09\/Refutation.jpg","keywords":["Guy Debord","Mostra de Val\u00e8ncia","Mostra de Val\u00e8ncia","Olivier Assayas","Situacionisme"],"articleSection":["Noticies"],"inLanguage":"ca","potentialAction":[{"@type":"CommentAction","name":"Comment","target":["https:\/\/lamostradevalencia.com\/ca\/guy-debord-per-olivier-assayas\/#respond"]}]},{"@type":"WebPage","@id":"https:\/\/lamostradevalencia.com\/ca\/guy-debord-per-olivier-assayas\/","url":"https:\/\/lamostradevalencia.com\/ca\/guy-debord-per-olivier-assayas\/","name":"GUY DEBORD PER OLIVIER ASSAYAS","isPartOf":{"@id":"https:\/\/lamostradevalencia.com\/ca\/#website"},"primaryImageOfPage":{"@id":"https:\/\/lamostradevalencia.com\/ca\/guy-debord-per-olivier-assayas\/#primaryimage"},"image":{"@id":"https:\/\/lamostradevalencia.com\/ca\/guy-debord-per-olivier-assayas\/#primaryimage"},"thumbnailUrl":"https:\/\/lamostradevalencia.com\/wp-content\/uploads\/2019\/09\/Refutation.jpg","datePublished":"2019-09-30T08:08:30+00:00","dateModified":"2019-09-30T08:15:04+00:00","author":{"@id":"https:\/\/lamostradevalencia.com\/ca\/#\/schema\/person\/1dc07e4df3d6310b81d2cdf6a034070c"},"description":"Una lectura contempor\u00e0nia","breadcrumb":{"@id":"https:\/\/lamostradevalencia.com\/ca\/guy-debord-per-olivier-assayas\/#breadcrumb"},"inLanguage":"ca","potentialAction":[{"@type":"ReadAction","target":["https:\/\/lamostradevalencia.com\/ca\/guy-debord-per-olivier-assayas\/"]}]},{"@type":"ImageObject","inLanguage":"ca","@id":"https:\/\/lamostradevalencia.com\/ca\/guy-debord-per-olivier-assayas\/#primaryimage","url":"https:\/\/lamostradevalencia.com\/wp-content\/uploads\/2019\/09\/Refutation.jpg","contentUrl":"https:\/\/lamostradevalencia.com\/wp-content\/uploads\/2019\/09\/Refutation.jpg","width":1777,"height":974,"caption":"Refutation"},{"@type":"BreadcrumbList","@id":"https:\/\/lamostradevalencia.com\/ca\/guy-debord-per-olivier-assayas\/#breadcrumb","itemListElement":[{"@type":"ListItem","position":1,"name":"Portada","item":"https:\/\/lamostradevalencia.com\/ca\/"},{"@type":"ListItem","position":2,"name":"GUY DEBORD PER OLIVIER ASSAYAS"}]},{"@type":"WebSite","@id":"https:\/\/lamostradevalencia.com\/ca\/#website","url":"https:\/\/lamostradevalencia.com\/ca\/","name":"Mostra de Val\u00e8ncia","description":"Cinema del Mediterrani","potentialAction":[{"@type":"SearchAction","target":{"@type":"EntryPoint","urlTemplate":"https:\/\/lamostradevalencia.com\/ca\/?s={search_term_string}"},"query-input":{"@type":"PropertyValueSpecification","valueRequired":true,"valueName":"search_term_string"}}],"inLanguage":"ca"},{"@type":"Person","@id":"https:\/\/lamostradevalencia.com\/ca\/#\/schema\/person\/1dc07e4df3d6310b81d2cdf6a034070c","name":"Mostra de Val\u00e8ncia","image":{"@type":"ImageObject","inLanguage":"ca","@id":"https:\/\/secure.gravatar.com\/avatar\/ada4dfd699a9907706987adb1bb2b361c2613ccca474b49b8c648de5208e32f8?s=96&d=mm&r=g","url":"https:\/\/secure.gravatar.com\/avatar\/ada4dfd699a9907706987adb1bb2b361c2613ccca474b49b8c648de5208e32f8?s=96&d=mm&r=g","contentUrl":"https:\/\/secure.gravatar.com\/avatar\/ada4dfd699a9907706987adb1bb2b361c2613ccca474b49b8c648de5208e32f8?s=96&d=mm&r=g","caption":"Mostra de Val\u00e8ncia"}}]}},"uagb_featured_image_src":{"full":["https:\/\/lamostradevalencia.com\/wp-content\/uploads\/2019\/09\/Refutation.jpg",1777,974,false],"thumbnail":["https:\/\/lamostradevalencia.com\/wp-content\/uploads\/2019\/09\/Refutation-150x150.jpg",150,150,true],"medium":["https:\/\/lamostradevalencia.com\/wp-content\/uploads\/2019\/09\/Refutation-300x164.jpg",300,164,true],"medium_large":["https:\/\/lamostradevalencia.com\/wp-content\/uploads\/2019\/09\/Refutation-768x421.jpg",768,421,true],"large":["https:\/\/lamostradevalencia.com\/wp-content\/uploads\/2019\/09\/Refutation-1024x561.jpg",1024,561,true],"1536x1536":["https:\/\/lamostradevalencia.com\/wp-content\/uploads\/2019\/09\/Refutation.jpg",1536,842,false],"2048x2048":["https:\/\/lamostradevalencia.com\/wp-content\/uploads\/2019\/09\/Refutation.jpg",1777,974,false],"cinerama_edge_image_square":["https:\/\/lamostradevalencia.com\/wp-content\/uploads\/2019\/09\/Refutation-550x550.jpg",550,550,true],"cinerama_edge_image_landscape":["https:\/\/lamostradevalencia.com\/wp-content\/uploads\/2019\/09\/Refutation-1100x550.jpg",1100,550,true],"cinerama_edge_image_portrait":["https:\/\/lamostradevalencia.com\/wp-content\/uploads\/2019\/09\/Refutation-550x974.jpg",550,974,true],"cinerama_edge_image_huge":["https:\/\/lamostradevalencia.com\/wp-content\/uploads\/2019\/09\/Refutation-1100x974.jpg",1100,974,true],"gform-image-choice-sm":["https:\/\/lamostradevalencia.com\/wp-content\/uploads\/2019\/09\/Refutation.jpg",300,164,false],"gform-image-choice-md":["https:\/\/lamostradevalencia.com\/wp-content\/uploads\/2019\/09\/Refutation.jpg",400,219,false],"gform-image-choice-lg":["https:\/\/lamostradevalencia.com\/wp-content\/uploads\/2019\/09\/Refutation.jpg",600,329,false]},"uagb_author_info":{"display_name":"Mostra de Val\u00e8ncia","author_link":"https:\/\/lamostradevalencia.com\/ca\/author\/mostravalencia\/"},"uagb_comment_info":0,"uagb_excerpt":"Fundador de la Internacional Situacionista, te\u00f2ric de la societat de l&#8217;espectacle, Guy Debord \u00e9s autor d&#8217;una obra cinematogr\u00e0fica parca \u2013tres llargmetratges, tres curts\u2013 i subversiva, [&hellip;]","_links":{"self":[{"href":"https:\/\/lamostradevalencia.com\/ca\/wp-json\/wp\/v2\/posts\/3313","targetHints":{"allow":["GET"]}}],"collection":[{"href":"https:\/\/lamostradevalencia.com\/ca\/wp-json\/wp\/v2\/posts"}],"about":[{"href":"https:\/\/lamostradevalencia.com\/ca\/wp-json\/wp\/v2\/types\/post"}],"author":[{"embeddable":true,"href":"https:\/\/lamostradevalencia.com\/ca\/wp-json\/wp\/v2\/users\/1"}],"replies":[{"embeddable":true,"href":"https:\/\/lamostradevalencia.com\/ca\/wp-json\/wp\/v2\/comments?post=3313"}],"version-history":[{"count":1,"href":"https:\/\/lamostradevalencia.com\/ca\/wp-json\/wp\/v2\/posts\/3313\/revisions"}],"predecessor-version":[{"id":3314,"href":"https:\/\/lamostradevalencia.com\/ca\/wp-json\/wp\/v2\/posts\/3313\/revisions\/3314"}],"wp:featuredmedia":[{"embeddable":true,"href":"https:\/\/lamostradevalencia.com\/ca\/wp-json\/wp\/v2\/media\/3308"}],"wp:attachment":[{"href":"https:\/\/lamostradevalencia.com\/ca\/wp-json\/wp\/v2\/media?parent=3313"}],"wp:term":[{"taxonomy":"category","embeddable":true,"href":"https:\/\/lamostradevalencia.com\/ca\/wp-json\/wp\/v2\/categories?post=3313"},{"taxonomy":"post_tag","embeddable":true,"href":"https:\/\/lamostradevalencia.com\/ca\/wp-json\/wp\/v2\/tags?post=3313"}],"curies":[{"name":"wp","href":"https:\/\/api.w.org\/{rel}","templated":true}]}}