{"id":3281,"date":"2019-09-19T11:27:21","date_gmt":"2019-09-19T09:27:21","guid":{"rendered":"https:\/\/lamostradevalencia.com\/el-director-turc-ferzan-ozpetek-palmera-dhonor-de-la-mostra-de-valencia\/"},"modified":"2019-09-19T11:35:46","modified_gmt":"2019-09-19T09:35:46","slug":"el-director-turc-ferzan-ozpetek-palmera-dhonor-de-la-mostra-de-valencia","status":"publish","type":"post","link":"https:\/\/lamostradevalencia.com\/ca\/el-director-turc-ferzan-ozpetek-palmera-dhonor-de-la-mostra-de-valencia\/","title":{"rendered":"El director turc Ferzan Ozpetek, Palmera d&#8217;Honor de la Mostra de Val\u00e8ncia"},"content":{"rendered":"\n<p><span id=\"gmail-docs-internal-guid-bcd3c4f3-7fff-87c9-7a56-0037fc8549d0\">Ferzan Ozpetek ser\u00e0 distingit amb la Palmera d&#8217;Honor en la 34 edici\u00f3 de Mostra de Val\u00e8ncia-Cinema del Mediterrani. El director de &#8216;Hamam, el ba\u00f1o turco&#8217; i &#8216;Rosso Istanbul&#8217; acudir\u00e0 al festival, on es repassar\u00e0 la seua filmografia.\u00a0<\/span><\/p>\n\n<p>&#8220;Amb aquesta Palmera d&#8217;Honor continuem establint vincles amb la hist\u00f2ria de la Mostra, ja que Ozpetek \u00e9s un director que ha competit pr\u00e8viament en el festival&#8221; apunta Gloria Tello, Regidora de Patrimoni i Recursos Culturals, de l&#8217;Ajuntament de Val\u00e8ncia. A m\u00e9s, destaca la seua important &#8220;contribuci\u00f3 a la visibilitzaci\u00f3 de la cultura lgtbi&#8221;, afirmaTello.<\/p>\n\n<p>El cinema del director turc establit a It\u00e0lia aborda q\u00fcestions universals a partir d&#8217;experi\u00e8ncies. Un cineasta &#8220;sense prejudicis, que aposta per un cinema marcat per la sensualitat i de car\u00e0cter netament mediterrani&#8221; assenyala Eduardo Guillot, director de programaci\u00f3 de la Mostra.<\/p>\n\n<p> Ferzan Ozpetek va n\u00e0ixer a Istanbul en 1959 i es va traslladar a It\u00e0lia en 1978 per a estudiar Hist\u00f2ria del Cinema en la Universitat La Sapienza de Roma. Ha realitzat tretze pel\u00b7l\u00edcules, incl\u00f2s el seu popular debut &#8216;Haman, el bany turc&#8217;, descoberta en la Quinzena de Realitzadors de Cannes i Premi del P\u00fablic de la Mostra de Val\u00e8ncia de 1997. La pel\u00b7l\u00edcula va gaudir de grans cr\u00edtiques i del favor del p\u00fablic, estrenant-se Fran\u00e7a, Gran Bretanya, Alemanya, Espanya i fins i tot als Estats Units. &#8216;Hamam&#8217; va realitzar el circuit de festivals cinematogr\u00e0fics amb gran \u00e8xit.<\/p>\n\n<p>La seua filmografia es caracteritza per desenvolupar un relat integrador de les diverses cultures del Mediterrani, i en ella destaquen &#8216;La fada ignorant&#8217; (2001), &#8216;La finestra de davant&#8217; (2003), &#8216;Tinc alguna cosa que dir-vos&#8217; (2010) o &#8216;Rosso Istanbul&#8217; (2017), entre altres, habitualment coprodu\u00efdes entre It\u00e0lia, Turquia i Fran\u00e7a.<\/p>\n\n<p>Ozpetek tamb\u00e9 ha dirigit tres \u00f2peres, &#8216;Aida&#8217;, &#8216;La traviata&#8217; i la m\u00e9s recent, &#8216;Madame Butterfly&#8217;, i ha publicat dues novel\u00b7les: &#8216;Rosso Istanbul&#8217; i &#8216;Sei la mia vita&#8217;. Acaba de completar el muntatge de &#8216;La Dea Fortuna&#8217;, que s&#8217;estrenar\u00e0 a It\u00e0lia a la fi de novembre de 2019.<\/p>\n\n<p>Mostra de Val\u00e8ncia-Cinema del Mediterrani se celebrar\u00e0 del 24 d&#8217;octubre al 3 de novembre als Cinemes Babel i en IVC La Filmoteca.<\/p>\n\n<div class=\"wp-block-image\"><figure class=\"aligncenter\"><img loading=\"lazy\" decoding=\"async\" width=\"1024\" height=\"533\" src=\"https:\/\/lamostradevalencia.com\/wp-content\/uploads\/2019\/09\/steam-the-turkish-bath-1024x533.jpg\" alt=\"\" class=\"wp-image-3276\" srcset=\"https:\/\/lamostradevalencia.com\/wp-content\/uploads\/2019\/09\/steam-the-turkish-bath-1024x533.jpg 1024w, https:\/\/lamostradevalencia.com\/wp-content\/uploads\/2019\/09\/steam-the-turkish-bath-300x156.jpg 300w, https:\/\/lamostradevalencia.com\/wp-content\/uploads\/2019\/09\/steam-the-turkish-bath-768x400.jpg 768w, https:\/\/lamostradevalencia.com\/wp-content\/uploads\/2019\/09\/steam-the-turkish-bath.jpg 1440w\" sizes=\"auto, (max-width: 1024px) 100vw, 1024px\" \/><figcaption>Hamam, el ba\u00f1o turco<\/figcaption><\/figure><\/div>\n","protected":false},"excerpt":{"rendered":"<p>Ferzan Ozpetek ser\u00e0 distingit amb la Palmera d&#8217;Honor en la 34 edici\u00f3 de Mostra de Val\u00e8ncia-Cinema del Mediterrani. El director de &#8216;Hamam, el ba\u00f1o turco&#8217; [&hellip;]<\/p>\n","protected":false},"author":1,"featured_media":3274,"comment_status":"open","ping_status":"open","sticky":false,"template":"","format":"standard","meta":{"_uag_custom_page_level_css":"","_jet_sm_ready_style":"","_jet_sm_style":"","_jet_sm_controls_values":"","_jet_sm_fonts_collection":"","_jet_sm_fonts_links":"","footnotes":""},"categories":[455],"tags":[1065,464,1057],"class_list":["post-3281","post","type-post","status-publish","format-standard","has-post-thumbnail","hentry","category-noticies","tag-ferzan-ozpetek","tag-mostra-de-valencia","tag-palmera-dhonor"],"yoast_head":"<!-- This site is optimized with the Yoast SEO plugin v27.5 - https:\/\/yoast.com\/product\/yoast-seo-wordpress\/ -->\n<title>El director turc Ferzan Ozpetek, Palmera d&#039;Honor de la Mostra de Val\u00e8ncia<\/title>\n<meta name=\"description\" content=\"Visitar\u00e0 el festival i ofrerir\u00e0 una masterclass\" \/>\n<meta name=\"robots\" content=\"index, follow, max-snippet:-1, max-image-preview:large, max-video-preview:-1\" \/>\n<link rel=\"canonical\" href=\"https:\/\/lamostradevalencia.com\/ca\/el-director-turc-ferzan-ozpetek-palmera-dhonor-de-la-mostra-de-valencia\/\" \/>\n<meta property=\"og:locale\" content=\"ca_ES\" \/>\n<meta property=\"og:type\" content=\"article\" \/>\n<meta property=\"og:title\" content=\"El director turc Ferzan Ozpetek, Palmera d&#039;Honor de la Mostra de Val\u00e8ncia\" \/>\n<meta property=\"og:description\" content=\"Visitar\u00e0 el festival i ofrerir\u00e0 una masterclass\" \/>\n<meta property=\"og:url\" content=\"https:\/\/lamostradevalencia.com\/ca\/el-director-turc-ferzan-ozpetek-palmera-dhonor-de-la-mostra-de-valencia\/\" \/>\n<meta property=\"og:site_name\" content=\"Mostra de Val\u00e8ncia\" \/>\n<meta property=\"article:published_time\" content=\"2019-09-19T09:27:21+00:00\" \/>\n<meta property=\"article:modified_time\" content=\"2019-09-19T09:35:46+00:00\" \/>\n<meta property=\"og:image\" content=\"https:\/\/lamostradevalencia.com\/wp-content\/uploads\/2019\/09\/Ferzan-Ozpetek.jpg\" \/>\n\t<meta property=\"og:image:width\" content=\"1200\" \/>\n\t<meta property=\"og:image:height\" content=\"1200\" \/>\n\t<meta property=\"og:image:type\" content=\"image\/jpeg\" \/>\n<meta name=\"author\" content=\"Mostra de Val\u00e8ncia\" \/>\n<meta name=\"twitter:card\" content=\"summary_large_image\" \/>\n<meta name=\"twitter:label1\" content=\"Escrit per\" \/>\n\t<meta name=\"twitter:data1\" content=\"Mostra de Val\u00e8ncia\" \/>\n\t<meta name=\"twitter:label2\" content=\"Temps estimat de lectura\" \/>\n\t<meta name=\"twitter:data2\" content=\"2 minuts\" \/>\n<script type=\"application\/ld+json\" class=\"yoast-schema-graph\">{\"@context\":\"https:\\\/\\\/schema.org\",\"@graph\":[{\"@type\":\"Article\",\"@id\":\"https:\\\/\\\/lamostradevalencia.com\\\/ca\\\/el-director-turc-ferzan-ozpetek-palmera-dhonor-de-la-mostra-de-valencia\\\/#article\",\"isPartOf\":{\"@id\":\"https:\\\/\\\/lamostradevalencia.com\\\/ca\\\/el-director-turc-ferzan-ozpetek-palmera-dhonor-de-la-mostra-de-valencia\\\/\"},\"author\":{\"name\":\"Mostra de Val\u00e8ncia\",\"@id\":\"https:\\\/\\\/lamostradevalencia.com\\\/ca\\\/#\\\/schema\\\/person\\\/1dc07e4df3d6310b81d2cdf6a034070c\"},\"headline\":\"El director turc Ferzan Ozpetek, Palmera d&#8217;Honor de la Mostra de Val\u00e8ncia\",\"datePublished\":\"2019-09-19T09:27:21+00:00\",\"dateModified\":\"2019-09-19T09:35:46+00:00\",\"mainEntityOfPage\":{\"@id\":\"https:\\\/\\\/lamostradevalencia.com\\\/ca\\\/el-director-turc-ferzan-ozpetek-palmera-dhonor-de-la-mostra-de-valencia\\\/\"},\"wordCount\":391,\"commentCount\":0,\"image\":{\"@id\":\"https:\\\/\\\/lamostradevalencia.com\\\/ca\\\/el-director-turc-ferzan-ozpetek-palmera-dhonor-de-la-mostra-de-valencia\\\/#primaryimage\"},\"thumbnailUrl\":\"https:\\\/\\\/lamostradevalencia.com\\\/wp-content\\\/uploads\\\/2019\\\/09\\\/Ferzan-Ozpetek.jpg\",\"keywords\":[\"Ferzan Ozpetek\",\"Mostra de Val\u00e8ncia\",\"Palmera d'Honor\"],\"articleSection\":[\"Noticies\"],\"inLanguage\":\"ca\",\"potentialAction\":[{\"@type\":\"CommentAction\",\"name\":\"Comment\",\"target\":[\"https:\\\/\\\/lamostradevalencia.com\\\/ca\\\/el-director-turc-ferzan-ozpetek-palmera-dhonor-de-la-mostra-de-valencia\\\/#respond\"]}]},{\"@type\":\"WebPage\",\"@id\":\"https:\\\/\\\/lamostradevalencia.com\\\/ca\\\/el-director-turc-ferzan-ozpetek-palmera-dhonor-de-la-mostra-de-valencia\\\/\",\"url\":\"https:\\\/\\\/lamostradevalencia.com\\\/ca\\\/el-director-turc-ferzan-ozpetek-palmera-dhonor-de-la-mostra-de-valencia\\\/\",\"name\":\"El director turc Ferzan Ozpetek, Palmera d'Honor de la Mostra de Val\u00e8ncia\",\"isPartOf\":{\"@id\":\"https:\\\/\\\/lamostradevalencia.com\\\/ca\\\/#website\"},\"primaryImageOfPage\":{\"@id\":\"https:\\\/\\\/lamostradevalencia.com\\\/ca\\\/el-director-turc-ferzan-ozpetek-palmera-dhonor-de-la-mostra-de-valencia\\\/#primaryimage\"},\"image\":{\"@id\":\"https:\\\/\\\/lamostradevalencia.com\\\/ca\\\/el-director-turc-ferzan-ozpetek-palmera-dhonor-de-la-mostra-de-valencia\\\/#primaryimage\"},\"thumbnailUrl\":\"https:\\\/\\\/lamostradevalencia.com\\\/wp-content\\\/uploads\\\/2019\\\/09\\\/Ferzan-Ozpetek.jpg\",\"datePublished\":\"2019-09-19T09:27:21+00:00\",\"dateModified\":\"2019-09-19T09:35:46+00:00\",\"author\":{\"@id\":\"https:\\\/\\\/lamostradevalencia.com\\\/ca\\\/#\\\/schema\\\/person\\\/1dc07e4df3d6310b81d2cdf6a034070c\"},\"description\":\"Visitar\u00e0 el festival i ofrerir\u00e0 una masterclass\",\"breadcrumb\":{\"@id\":\"https:\\\/\\\/lamostradevalencia.com\\\/ca\\\/el-director-turc-ferzan-ozpetek-palmera-dhonor-de-la-mostra-de-valencia\\\/#breadcrumb\"},\"inLanguage\":\"ca\",\"potentialAction\":[{\"@type\":\"ReadAction\",\"target\":[\"https:\\\/\\\/lamostradevalencia.com\\\/ca\\\/el-director-turc-ferzan-ozpetek-palmera-dhonor-de-la-mostra-de-valencia\\\/\"]}]},{\"@type\":\"ImageObject\",\"inLanguage\":\"ca\",\"@id\":\"https:\\\/\\\/lamostradevalencia.com\\\/ca\\\/el-director-turc-ferzan-ozpetek-palmera-dhonor-de-la-mostra-de-valencia\\\/#primaryimage\",\"url\":\"https:\\\/\\\/lamostradevalencia.com\\\/wp-content\\\/uploads\\\/2019\\\/09\\\/Ferzan-Ozpetek.jpg\",\"contentUrl\":\"https:\\\/\\\/lamostradevalencia.com\\\/wp-content\\\/uploads\\\/2019\\\/09\\\/Ferzan-Ozpetek.jpg\",\"width\":1200,\"height\":1200,\"caption\":\"Ferzan-Ozpetek\"},{\"@type\":\"BreadcrumbList\",\"@id\":\"https:\\\/\\\/lamostradevalencia.com\\\/ca\\\/el-director-turc-ferzan-ozpetek-palmera-dhonor-de-la-mostra-de-valencia\\\/#breadcrumb\",\"itemListElement\":[{\"@type\":\"ListItem\",\"position\":1,\"name\":\"Portada\",\"item\":\"https:\\\/\\\/lamostradevalencia.com\\\/ca\\\/\"},{\"@type\":\"ListItem\",\"position\":2,\"name\":\"El director turc Ferzan Ozpetek, Palmera d&#8217;Honor de la Mostra de Val\u00e8ncia\"}]},{\"@type\":\"WebSite\",\"@id\":\"https:\\\/\\\/lamostradevalencia.com\\\/ca\\\/#website\",\"url\":\"https:\\\/\\\/lamostradevalencia.com\\\/ca\\\/\",\"name\":\"Mostra de Val\u00e8ncia\",\"description\":\"Cinema del Mediterrani\",\"potentialAction\":[{\"@type\":\"SearchAction\",\"target\":{\"@type\":\"EntryPoint\",\"urlTemplate\":\"https:\\\/\\\/lamostradevalencia.com\\\/ca\\\/?s={search_term_string}\"},\"query-input\":{\"@type\":\"PropertyValueSpecification\",\"valueRequired\":true,\"valueName\":\"search_term_string\"}}],\"inLanguage\":\"ca\"},{\"@type\":\"Person\",\"@id\":\"https:\\\/\\\/lamostradevalencia.com\\\/ca\\\/#\\\/schema\\\/person\\\/1dc07e4df3d6310b81d2cdf6a034070c\",\"name\":\"Mostra de Val\u00e8ncia\",\"image\":{\"@type\":\"ImageObject\",\"inLanguage\":\"ca\",\"@id\":\"https:\\\/\\\/secure.gravatar.com\\\/avatar\\\/ada4dfd699a9907706987adb1bb2b361c2613ccca474b49b8c648de5208e32f8?s=96&d=mm&r=g\",\"url\":\"https:\\\/\\\/secure.gravatar.com\\\/avatar\\\/ada4dfd699a9907706987adb1bb2b361c2613ccca474b49b8c648de5208e32f8?s=96&d=mm&r=g\",\"contentUrl\":\"https:\\\/\\\/secure.gravatar.com\\\/avatar\\\/ada4dfd699a9907706987adb1bb2b361c2613ccca474b49b8c648de5208e32f8?s=96&d=mm&r=g\",\"caption\":\"Mostra de Val\u00e8ncia\"}}]}<\/script>\n<!-- \/ Yoast SEO plugin. -->","yoast_head_json":{"title":"El director turc Ferzan Ozpetek, Palmera d'Honor de la Mostra de Val\u00e8ncia","description":"Visitar\u00e0 el festival i ofrerir\u00e0 una masterclass","robots":{"index":"index","follow":"follow","max-snippet":"max-snippet:-1","max-image-preview":"max-image-preview:large","max-video-preview":"max-video-preview:-1"},"canonical":"https:\/\/lamostradevalencia.com\/ca\/el-director-turc-ferzan-ozpetek-palmera-dhonor-de-la-mostra-de-valencia\/","og_locale":"ca_ES","og_type":"article","og_title":"El director turc Ferzan Ozpetek, Palmera d'Honor de la Mostra de Val\u00e8ncia","og_description":"Visitar\u00e0 el festival i ofrerir\u00e0 una masterclass","og_url":"https:\/\/lamostradevalencia.com\/ca\/el-director-turc-ferzan-ozpetek-palmera-dhonor-de-la-mostra-de-valencia\/","og_site_name":"Mostra de Val\u00e8ncia","article_published_time":"2019-09-19T09:27:21+00:00","article_modified_time":"2019-09-19T09:35:46+00:00","og_image":[{"width":1200,"height":1200,"url":"https:\/\/lamostradevalencia.com\/wp-content\/uploads\/2019\/09\/Ferzan-Ozpetek.jpg","type":"image\/jpeg"}],"author":"Mostra de Val\u00e8ncia","twitter_card":"summary_large_image","twitter_misc":{"Escrit per":"Mostra de Val\u00e8ncia","Temps estimat de lectura":"2 minuts"},"schema":{"@context":"https:\/\/schema.org","@graph":[{"@type":"Article","@id":"https:\/\/lamostradevalencia.com\/ca\/el-director-turc-ferzan-ozpetek-palmera-dhonor-de-la-mostra-de-valencia\/#article","isPartOf":{"@id":"https:\/\/lamostradevalencia.com\/ca\/el-director-turc-ferzan-ozpetek-palmera-dhonor-de-la-mostra-de-valencia\/"},"author":{"name":"Mostra de Val\u00e8ncia","@id":"https:\/\/lamostradevalencia.com\/ca\/#\/schema\/person\/1dc07e4df3d6310b81d2cdf6a034070c"},"headline":"El director turc Ferzan Ozpetek, Palmera d&#8217;Honor de la Mostra de Val\u00e8ncia","datePublished":"2019-09-19T09:27:21+00:00","dateModified":"2019-09-19T09:35:46+00:00","mainEntityOfPage":{"@id":"https:\/\/lamostradevalencia.com\/ca\/el-director-turc-ferzan-ozpetek-palmera-dhonor-de-la-mostra-de-valencia\/"},"wordCount":391,"commentCount":0,"image":{"@id":"https:\/\/lamostradevalencia.com\/ca\/el-director-turc-ferzan-ozpetek-palmera-dhonor-de-la-mostra-de-valencia\/#primaryimage"},"thumbnailUrl":"https:\/\/lamostradevalencia.com\/wp-content\/uploads\/2019\/09\/Ferzan-Ozpetek.jpg","keywords":["Ferzan Ozpetek","Mostra de Val\u00e8ncia","Palmera d'Honor"],"articleSection":["Noticies"],"inLanguage":"ca","potentialAction":[{"@type":"CommentAction","name":"Comment","target":["https:\/\/lamostradevalencia.com\/ca\/el-director-turc-ferzan-ozpetek-palmera-dhonor-de-la-mostra-de-valencia\/#respond"]}]},{"@type":"WebPage","@id":"https:\/\/lamostradevalencia.com\/ca\/el-director-turc-ferzan-ozpetek-palmera-dhonor-de-la-mostra-de-valencia\/","url":"https:\/\/lamostradevalencia.com\/ca\/el-director-turc-ferzan-ozpetek-palmera-dhonor-de-la-mostra-de-valencia\/","name":"El director turc Ferzan Ozpetek, Palmera d'Honor de la Mostra de Val\u00e8ncia","isPartOf":{"@id":"https:\/\/lamostradevalencia.com\/ca\/#website"},"primaryImageOfPage":{"@id":"https:\/\/lamostradevalencia.com\/ca\/el-director-turc-ferzan-ozpetek-palmera-dhonor-de-la-mostra-de-valencia\/#primaryimage"},"image":{"@id":"https:\/\/lamostradevalencia.com\/ca\/el-director-turc-ferzan-ozpetek-palmera-dhonor-de-la-mostra-de-valencia\/#primaryimage"},"thumbnailUrl":"https:\/\/lamostradevalencia.com\/wp-content\/uploads\/2019\/09\/Ferzan-Ozpetek.jpg","datePublished":"2019-09-19T09:27:21+00:00","dateModified":"2019-09-19T09:35:46+00:00","author":{"@id":"https:\/\/lamostradevalencia.com\/ca\/#\/schema\/person\/1dc07e4df3d6310b81d2cdf6a034070c"},"description":"Visitar\u00e0 el festival i ofrerir\u00e0 una masterclass","breadcrumb":{"@id":"https:\/\/lamostradevalencia.com\/ca\/el-director-turc-ferzan-ozpetek-palmera-dhonor-de-la-mostra-de-valencia\/#breadcrumb"},"inLanguage":"ca","potentialAction":[{"@type":"ReadAction","target":["https:\/\/lamostradevalencia.com\/ca\/el-director-turc-ferzan-ozpetek-palmera-dhonor-de-la-mostra-de-valencia\/"]}]},{"@type":"ImageObject","inLanguage":"ca","@id":"https:\/\/lamostradevalencia.com\/ca\/el-director-turc-ferzan-ozpetek-palmera-dhonor-de-la-mostra-de-valencia\/#primaryimage","url":"https:\/\/lamostradevalencia.com\/wp-content\/uploads\/2019\/09\/Ferzan-Ozpetek.jpg","contentUrl":"https:\/\/lamostradevalencia.com\/wp-content\/uploads\/2019\/09\/Ferzan-Ozpetek.jpg","width":1200,"height":1200,"caption":"Ferzan-Ozpetek"},{"@type":"BreadcrumbList","@id":"https:\/\/lamostradevalencia.com\/ca\/el-director-turc-ferzan-ozpetek-palmera-dhonor-de-la-mostra-de-valencia\/#breadcrumb","itemListElement":[{"@type":"ListItem","position":1,"name":"Portada","item":"https:\/\/lamostradevalencia.com\/ca\/"},{"@type":"ListItem","position":2,"name":"El director turc Ferzan Ozpetek, Palmera d&#8217;Honor de la Mostra de Val\u00e8ncia"}]},{"@type":"WebSite","@id":"https:\/\/lamostradevalencia.com\/ca\/#website","url":"https:\/\/lamostradevalencia.com\/ca\/","name":"Mostra de Val\u00e8ncia","description":"Cinema del Mediterrani","potentialAction":[{"@type":"SearchAction","target":{"@type":"EntryPoint","urlTemplate":"https:\/\/lamostradevalencia.com\/ca\/?s={search_term_string}"},"query-input":{"@type":"PropertyValueSpecification","valueRequired":true,"valueName":"search_term_string"}}],"inLanguage":"ca"},{"@type":"Person","@id":"https:\/\/lamostradevalencia.com\/ca\/#\/schema\/person\/1dc07e4df3d6310b81d2cdf6a034070c","name":"Mostra de Val\u00e8ncia","image":{"@type":"ImageObject","inLanguage":"ca","@id":"https:\/\/secure.gravatar.com\/avatar\/ada4dfd699a9907706987adb1bb2b361c2613ccca474b49b8c648de5208e32f8?s=96&d=mm&r=g","url":"https:\/\/secure.gravatar.com\/avatar\/ada4dfd699a9907706987adb1bb2b361c2613ccca474b49b8c648de5208e32f8?s=96&d=mm&r=g","contentUrl":"https:\/\/secure.gravatar.com\/avatar\/ada4dfd699a9907706987adb1bb2b361c2613ccca474b49b8c648de5208e32f8?s=96&d=mm&r=g","caption":"Mostra de Val\u00e8ncia"}}]}},"uagb_featured_image_src":{"full":["https:\/\/lamostradevalencia.com\/wp-content\/uploads\/2019\/09\/Ferzan-Ozpetek.jpg",1200,1200,false],"thumbnail":["https:\/\/lamostradevalencia.com\/wp-content\/uploads\/2019\/09\/Ferzan-Ozpetek-150x150.jpg",150,150,true],"medium":["https:\/\/lamostradevalencia.com\/wp-content\/uploads\/2019\/09\/Ferzan-Ozpetek-300x300.jpg",300,300,true],"medium_large":["https:\/\/lamostradevalencia.com\/wp-content\/uploads\/2019\/09\/Ferzan-Ozpetek-768x768.jpg",768,768,true],"large":["https:\/\/lamostradevalencia.com\/wp-content\/uploads\/2019\/09\/Ferzan-Ozpetek-1024x1024.jpg",1024,1024,true],"1536x1536":["https:\/\/lamostradevalencia.com\/wp-content\/uploads\/2019\/09\/Ferzan-Ozpetek.jpg",1200,1200,false],"2048x2048":["https:\/\/lamostradevalencia.com\/wp-content\/uploads\/2019\/09\/Ferzan-Ozpetek.jpg",1200,1200,false],"cinerama_edge_image_square":["https:\/\/lamostradevalencia.com\/wp-content\/uploads\/2019\/09\/Ferzan-Ozpetek-550x550.jpg",550,550,true],"cinerama_edge_image_landscape":["https:\/\/lamostradevalencia.com\/wp-content\/uploads\/2019\/09\/Ferzan-Ozpetek-1100x550.jpg",1100,550,true],"cinerama_edge_image_portrait":["https:\/\/lamostradevalencia.com\/wp-content\/uploads\/2019\/09\/Ferzan-Ozpetek-550x1100.jpg",550,1100,true],"cinerama_edge_image_huge":["https:\/\/lamostradevalencia.com\/wp-content\/uploads\/2019\/09\/Ferzan-Ozpetek-1100x1100.jpg",1100,1100,true],"gform-image-choice-sm":["https:\/\/lamostradevalencia.com\/wp-content\/uploads\/2019\/09\/Ferzan-Ozpetek.jpg",300,300,false],"gform-image-choice-md":["https:\/\/lamostradevalencia.com\/wp-content\/uploads\/2019\/09\/Ferzan-Ozpetek.jpg",400,400,false],"gform-image-choice-lg":["https:\/\/lamostradevalencia.com\/wp-content\/uploads\/2019\/09\/Ferzan-Ozpetek.jpg",600,600,false]},"uagb_author_info":{"display_name":"Mostra de Val\u00e8ncia","author_link":"https:\/\/lamostradevalencia.com\/ca\/author\/mostravalencia\/"},"uagb_comment_info":0,"uagb_excerpt":"Ferzan Ozpetek ser\u00e0 distingit amb la Palmera d&#8217;Honor en la 34 edici\u00f3 de Mostra de Val\u00e8ncia-Cinema del Mediterrani. El director de &#8216;Hamam, el ba\u00f1o turco&#8217; [&hellip;]","_links":{"self":[{"href":"https:\/\/lamostradevalencia.com\/ca\/wp-json\/wp\/v2\/posts\/3281","targetHints":{"allow":["GET"]}}],"collection":[{"href":"https:\/\/lamostradevalencia.com\/ca\/wp-json\/wp\/v2\/posts"}],"about":[{"href":"https:\/\/lamostradevalencia.com\/ca\/wp-json\/wp\/v2\/types\/post"}],"author":[{"embeddable":true,"href":"https:\/\/lamostradevalencia.com\/ca\/wp-json\/wp\/v2\/users\/1"}],"replies":[{"embeddable":true,"href":"https:\/\/lamostradevalencia.com\/ca\/wp-json\/wp\/v2\/comments?post=3281"}],"version-history":[{"count":3,"href":"https:\/\/lamostradevalencia.com\/ca\/wp-json\/wp\/v2\/posts\/3281\/revisions"}],"predecessor-version":[{"id":3284,"href":"https:\/\/lamostradevalencia.com\/ca\/wp-json\/wp\/v2\/posts\/3281\/revisions\/3284"}],"wp:featuredmedia":[{"embeddable":true,"href":"https:\/\/lamostradevalencia.com\/ca\/wp-json\/wp\/v2\/media\/3274"}],"wp:attachment":[{"href":"https:\/\/lamostradevalencia.com\/ca\/wp-json\/wp\/v2\/media?parent=3281"}],"wp:term":[{"taxonomy":"category","embeddable":true,"href":"https:\/\/lamostradevalencia.com\/ca\/wp-json\/wp\/v2\/categories?post=3281"},{"taxonomy":"post_tag","embeddable":true,"href":"https:\/\/lamostradevalencia.com\/ca\/wp-json\/wp\/v2\/tags?post=3281"}],"curies":[{"name":"wp","href":"https:\/\/api.w.org\/{rel}","templated":true}]}}