{"id":3258,"date":"2019-09-12T16:39:11","date_gmt":"2019-09-12T14:39:11","guid":{"rendered":"https:\/\/lamostradevalencia.com\/la-mostra-i-universitat-de-valencia-revisen-el-cinema-radical-de-guy-debord\/"},"modified":"2019-09-12T16:42:30","modified_gmt":"2019-09-12T14:42:30","slug":"la-mostra-i-universitat-de-valencia-revisen-el-cinema-radical-de-guy-debord","status":"publish","type":"post","link":"https:\/\/lamostradevalencia.com\/ca\/la-mostra-i-universitat-de-valencia-revisen-el-cinema-radical-de-guy-debord\/","title":{"rendered":"La Mostra i Universitat de Val\u00e8ncia revisen el cinema radical de Guy Debord"},"content":{"rendered":"\n<p><b>Revolucionari, fil\u00f2sof, aventurer, escriptor i cineasta. Guy Debord (1931-1994), autor de La sociedad del espect\u00e1culo i principal fundador de la Internacional Situacionista, ser\u00e0 el protagonista d&#8217;un agitador cicle de pel\u00b7l\u00edcules i un seminari en la 34 edici\u00f3 de Mostra de Val\u00e8ncia-Cinema del Mediterrani.<\/b><\/p>\n\n<div >Si en l&#8217;edici\u00f3 passada el festival va organitzar, junt amb la Universitat de Val\u00e8ncia, el congr\u00e9s &#8220;Cinema i crisi en el Mediterrani&#8221;, enguany l&#8217;eix tem\u00e0tic de la trobada de pensament i creaci\u00f3 est\u00e0 dedicat al llegat de Guy Debord i a la Internacional Situacionista &#8211; moviment que m\u00e9s tard passaria a con\u00e9ixer-se com &#8216;situacionisme&#8217;, una converg\u00e8ncia entre el marxisme i el avant-garde.&#13;\n&#13;\nPer a Gloria Tello, Regidora de Patrimoni i Recursos Culturals, este cicle- seminari \u00e9s &#8220;una oportunitat molt interessant per a reivindicar la figura d&#8217;un dels fil\u00f2sofs m\u00e9s importants en el 25 aniversari de la seua mort&#8221;.&#13;\n&#13;\nEl cicle, que es projectar\u00e0 durant el festival, inclou les c\u00f2pies restaurades per primera vegada a Espanya dels tres curtmetratges i els tres llargmetratges que Debord va realitzar entre 1952 i 1978:\u00a0&#8220;Hurlement en faveur de Sade&#8221; (1952), &#8220;Sur le passage de quelques personnes \u00e0 travers une assez courte unit\u00e9 de temps&#8221; (1959), &#8220;Critique de la s\u00e9paration&#8221; (1961), &#8220;La sociedad del espect\u00e1culo&#8221; (1973), &#8220;R\u00e9futation de tous les jugements&#8221; (1975), i &#8220;In girum imus nocte et consumimur igni&#8221; (1978). Un cicle que coincidix amb el que realitza la Cinematheque francesa.&#13;\n&#13;\nDespr\u00e9s de l&#8217;assassinat en 1984 del seu mecenes G\u00e9rard Lebovici, Guy Debord va prohibir l&#8217;exhibici\u00f3 de les seues pel\u00b7l\u00edcules. En 2005 es \u00abvan alliberar\u00bb de nou i se&#8217;ns va descobrir una molt singular obra cinematogr\u00e0fica, feta per &#8220;no-pel\u00b7l\u00edcules&#8221; sobre la irreversibilitat del temps, com mostren les seues dos cintes m\u00e9s autobiogr\u00e0fiques: Sur li passage&#8230; un melanc\u00f2lic treball al voltant de la impossibilitat de transmetre l&#8217;experi\u00e8ncia al cinema; In girum&#8230; una evocaci\u00f3 de la joventut perduda.&#13;\n&#13;\nEl seminari &#8220;Guy Debord, cineasta&#8221; tindr\u00e0 lloc el 28 d&#8217;octubre, i est\u00e0 coordinat per Manuel de la Fuente, professor de Comunicaci\u00f3 Audiovisual de la Universitat de Val\u00e8ncia. La trobada revisar\u00e0 el llegat de Guy Debord i la Internacional Situacionista i en ell intervindran, entre altres, el director de cinema i professor especialitzat en Debord, Paulino Viota; el professor Antonio M\u00e9ndez, i altres te\u00f2rics de la Universitat.<\/div>&#13;\n<div\/>&#13;\n<div>&#8220;Els espectadors descobriran un cineasta radical i transgressor, autor d&#8217;una obra f\u00edlmica assag\u00edstica, d&#8217;un cinema assaig que planteja diverses reflexions sobre la societat contempor\u00e0nia&#8221;, apunta Manuel De la Fuente.<\/div>\n\n<figure class=\"wp-block-embed-youtube wp-block-embed is-type-video is-provider-youtube wp-embed-aspect-16-9 wp-has-aspect-ratio\"><div class=\"wp-block-embed__wrapper\">\n<iframe loading=\"lazy\" title=\"MERLI 1X08 - GUY DEBORD (Cap\u00edtulo 8)\" width=\"1100\" height=\"619\" src=\"https:\/\/www.youtube.com\/embed\/VpiFVpLd2bY?feature=oembed\" frameborder=\"0\" allow=\"accelerometer; autoplay; encrypted-media; gyroscope; picture-in-picture\" allowfullscreen><\/iframe>\n<\/div><\/figure>","protected":false},"excerpt":{"rendered":"<p>Revolucionari, fil\u00f2sof, aventurer, escriptor i cineasta. Guy Debord (1931-1994), autor de La sociedad del espect\u00e1culo i principal fundador de la Internacional Situacionista, ser\u00e0 el protagonista [&hellip;]<\/p>\n","protected":false},"author":1,"featured_media":3254,"comment_status":"open","ping_status":"open","sticky":false,"template":"","format":"standard","meta":{"_uag_custom_page_level_css":"","_jet_sm_ready_style":"","_jet_sm_style":"","_jet_sm_controls_values":"","_jet_sm_fonts_collection":"","_jet_sm_fonts_links":"","footnotes":""},"categories":[455,31],"tags":[1063,1062,1060],"class_list":["post-3258","post","type-post","status-publish","format-standard","has-post-thumbnail","hentry","category-noticies","category-uncategorized-ca","tag-situacionisme","tag-universitat-de-valencia-ca","tag-universitat-de-valencia"],"yoast_head":"<!-- This site is optimized with the Yoast SEO plugin v27.5 - https:\/\/yoast.com\/product\/yoast-seo-wordpress\/ -->\n<title>La Mostra i Universitat de Val\u00e8ncia revisen el cinema radical de Guy Debord<\/title>\n<meta name=\"description\" content=\"Cicle amb la seua filmografia completa i seminari\" \/>\n<meta name=\"robots\" content=\"index, follow, max-snippet:-1, max-image-preview:large, max-video-preview:-1\" \/>\n<link rel=\"canonical\" href=\"https:\/\/lamostradevalencia.com\/ca\/la-mostra-i-universitat-de-valencia-revisen-el-cinema-radical-de-guy-debord\/\" \/>\n<meta property=\"og:locale\" content=\"ca_ES\" \/>\n<meta property=\"og:type\" content=\"article\" \/>\n<meta property=\"og:title\" content=\"La Mostra i Universitat de Val\u00e8ncia revisen el cinema radical de Guy Debord\" \/>\n<meta property=\"og:description\" content=\"Cicle amb la seua filmografia completa i seminari\" \/>\n<meta property=\"og:url\" content=\"https:\/\/lamostradevalencia.com\/ca\/la-mostra-i-universitat-de-valencia-revisen-el-cinema-radical-de-guy-debord\/\" \/>\n<meta property=\"og:site_name\" content=\"Mostra de Val\u00e8ncia\" \/>\n<meta property=\"article:published_time\" content=\"2019-09-12T14:39:11+00:00\" \/>\n<meta property=\"article:modified_time\" content=\"2019-09-12T14:42:30+00:00\" \/>\n<meta property=\"og:image\" content=\"https:\/\/lamostradevalencia.com\/wp-content\/uploads\/2019\/09\/Debord.jpg\" \/>\n\t<meta property=\"og:image:width\" content=\"1280\" \/>\n\t<meta property=\"og:image:height\" content=\"720\" \/>\n\t<meta property=\"og:image:type\" content=\"image\/jpeg\" \/>\n<meta name=\"author\" content=\"Mostra de Val\u00e8ncia\" \/>\n<meta name=\"twitter:card\" content=\"summary_large_image\" \/>\n<meta name=\"twitter:label1\" content=\"Escrit per\" \/>\n\t<meta name=\"twitter:data1\" content=\"Mostra de Val\u00e8ncia\" \/>\n\t<meta name=\"twitter:label2\" content=\"Temps estimat de lectura\" \/>\n\t<meta name=\"twitter:data2\" content=\"2 minuts\" \/>\n<script type=\"application\/ld+json\" class=\"yoast-schema-graph\">{\"@context\":\"https:\\\/\\\/schema.org\",\"@graph\":[{\"@type\":\"Article\",\"@id\":\"https:\\\/\\\/lamostradevalencia.com\\\/ca\\\/la-mostra-i-universitat-de-valencia-revisen-el-cinema-radical-de-guy-debord\\\/#article\",\"isPartOf\":{\"@id\":\"https:\\\/\\\/lamostradevalencia.com\\\/ca\\\/la-mostra-i-universitat-de-valencia-revisen-el-cinema-radical-de-guy-debord\\\/\"},\"author\":{\"name\":\"Mostra de Val\u00e8ncia\",\"@id\":\"https:\\\/\\\/lamostradevalencia.com\\\/ca\\\/#\\\/schema\\\/person\\\/1dc07e4df3d6310b81d2cdf6a034070c\"},\"headline\":\"La Mostra i Universitat de Val\u00e8ncia revisen el cinema radical de Guy Debord\",\"datePublished\":\"2019-09-12T14:39:11+00:00\",\"dateModified\":\"2019-09-12T14:42:30+00:00\",\"mainEntityOfPage\":{\"@id\":\"https:\\\/\\\/lamostradevalencia.com\\\/ca\\\/la-mostra-i-universitat-de-valencia-revisen-el-cinema-radical-de-guy-debord\\\/\"},\"wordCount\":453,\"commentCount\":0,\"image\":{\"@id\":\"https:\\\/\\\/lamostradevalencia.com\\\/ca\\\/la-mostra-i-universitat-de-valencia-revisen-el-cinema-radical-de-guy-debord\\\/#primaryimage\"},\"thumbnailUrl\":\"https:\\\/\\\/lamostradevalencia.com\\\/wp-content\\\/uploads\\\/2019\\\/09\\\/Debord.jpg\",\"keywords\":[\"Situacionisme\",\"Universitat de Val\u00e8ncia\",\"Universitat de Val\u00e8ncia\"],\"articleSection\":[\"Noticies\",\"Uncategorized @ca\"],\"inLanguage\":\"ca\",\"potentialAction\":[{\"@type\":\"CommentAction\",\"name\":\"Comment\",\"target\":[\"https:\\\/\\\/lamostradevalencia.com\\\/ca\\\/la-mostra-i-universitat-de-valencia-revisen-el-cinema-radical-de-guy-debord\\\/#respond\"]}]},{\"@type\":\"WebPage\",\"@id\":\"https:\\\/\\\/lamostradevalencia.com\\\/ca\\\/la-mostra-i-universitat-de-valencia-revisen-el-cinema-radical-de-guy-debord\\\/\",\"url\":\"https:\\\/\\\/lamostradevalencia.com\\\/ca\\\/la-mostra-i-universitat-de-valencia-revisen-el-cinema-radical-de-guy-debord\\\/\",\"name\":\"La Mostra i Universitat de Val\u00e8ncia revisen el cinema radical de Guy Debord\",\"isPartOf\":{\"@id\":\"https:\\\/\\\/lamostradevalencia.com\\\/ca\\\/#website\"},\"primaryImageOfPage\":{\"@id\":\"https:\\\/\\\/lamostradevalencia.com\\\/ca\\\/la-mostra-i-universitat-de-valencia-revisen-el-cinema-radical-de-guy-debord\\\/#primaryimage\"},\"image\":{\"@id\":\"https:\\\/\\\/lamostradevalencia.com\\\/ca\\\/la-mostra-i-universitat-de-valencia-revisen-el-cinema-radical-de-guy-debord\\\/#primaryimage\"},\"thumbnailUrl\":\"https:\\\/\\\/lamostradevalencia.com\\\/wp-content\\\/uploads\\\/2019\\\/09\\\/Debord.jpg\",\"datePublished\":\"2019-09-12T14:39:11+00:00\",\"dateModified\":\"2019-09-12T14:42:30+00:00\",\"author\":{\"@id\":\"https:\\\/\\\/lamostradevalencia.com\\\/ca\\\/#\\\/schema\\\/person\\\/1dc07e4df3d6310b81d2cdf6a034070c\"},\"description\":\"Cicle amb la seua filmografia completa i seminari\",\"breadcrumb\":{\"@id\":\"https:\\\/\\\/lamostradevalencia.com\\\/ca\\\/la-mostra-i-universitat-de-valencia-revisen-el-cinema-radical-de-guy-debord\\\/#breadcrumb\"},\"inLanguage\":\"ca\",\"potentialAction\":[{\"@type\":\"ReadAction\",\"target\":[\"https:\\\/\\\/lamostradevalencia.com\\\/ca\\\/la-mostra-i-universitat-de-valencia-revisen-el-cinema-radical-de-guy-debord\\\/\"]}]},{\"@type\":\"ImageObject\",\"inLanguage\":\"ca\",\"@id\":\"https:\\\/\\\/lamostradevalencia.com\\\/ca\\\/la-mostra-i-universitat-de-valencia-revisen-el-cinema-radical-de-guy-debord\\\/#primaryimage\",\"url\":\"https:\\\/\\\/lamostradevalencia.com\\\/wp-content\\\/uploads\\\/2019\\\/09\\\/Debord.jpg\",\"contentUrl\":\"https:\\\/\\\/lamostradevalencia.com\\\/wp-content\\\/uploads\\\/2019\\\/09\\\/Debord.jpg\",\"width\":1280,\"height\":720},{\"@type\":\"BreadcrumbList\",\"@id\":\"https:\\\/\\\/lamostradevalencia.com\\\/ca\\\/la-mostra-i-universitat-de-valencia-revisen-el-cinema-radical-de-guy-debord\\\/#breadcrumb\",\"itemListElement\":[{\"@type\":\"ListItem\",\"position\":1,\"name\":\"Portada\",\"item\":\"https:\\\/\\\/lamostradevalencia.com\\\/ca\\\/\"},{\"@type\":\"ListItem\",\"position\":2,\"name\":\"La Mostra i Universitat de Val\u00e8ncia revisen el cinema radical de Guy Debord\"}]},{\"@type\":\"WebSite\",\"@id\":\"https:\\\/\\\/lamostradevalencia.com\\\/ca\\\/#website\",\"url\":\"https:\\\/\\\/lamostradevalencia.com\\\/ca\\\/\",\"name\":\"Mostra de Val\u00e8ncia\",\"description\":\"Cinema del Mediterrani\",\"potentialAction\":[{\"@type\":\"SearchAction\",\"target\":{\"@type\":\"EntryPoint\",\"urlTemplate\":\"https:\\\/\\\/lamostradevalencia.com\\\/ca\\\/?s={search_term_string}\"},\"query-input\":{\"@type\":\"PropertyValueSpecification\",\"valueRequired\":true,\"valueName\":\"search_term_string\"}}],\"inLanguage\":\"ca\"},{\"@type\":\"Person\",\"@id\":\"https:\\\/\\\/lamostradevalencia.com\\\/ca\\\/#\\\/schema\\\/person\\\/1dc07e4df3d6310b81d2cdf6a034070c\",\"name\":\"Mostra de Val\u00e8ncia\",\"image\":{\"@type\":\"ImageObject\",\"inLanguage\":\"ca\",\"@id\":\"https:\\\/\\\/secure.gravatar.com\\\/avatar\\\/ada4dfd699a9907706987adb1bb2b361c2613ccca474b49b8c648de5208e32f8?s=96&d=mm&r=g\",\"url\":\"https:\\\/\\\/secure.gravatar.com\\\/avatar\\\/ada4dfd699a9907706987adb1bb2b361c2613ccca474b49b8c648de5208e32f8?s=96&d=mm&r=g\",\"contentUrl\":\"https:\\\/\\\/secure.gravatar.com\\\/avatar\\\/ada4dfd699a9907706987adb1bb2b361c2613ccca474b49b8c648de5208e32f8?s=96&d=mm&r=g\",\"caption\":\"Mostra de Val\u00e8ncia\"}}]}<\/script>\n<!-- \/ Yoast SEO plugin. -->","yoast_head_json":{"title":"La Mostra i Universitat de Val\u00e8ncia revisen el cinema radical de Guy Debord","description":"Cicle amb la seua filmografia completa i seminari","robots":{"index":"index","follow":"follow","max-snippet":"max-snippet:-1","max-image-preview":"max-image-preview:large","max-video-preview":"max-video-preview:-1"},"canonical":"https:\/\/lamostradevalencia.com\/ca\/la-mostra-i-universitat-de-valencia-revisen-el-cinema-radical-de-guy-debord\/","og_locale":"ca_ES","og_type":"article","og_title":"La Mostra i Universitat de Val\u00e8ncia revisen el cinema radical de Guy Debord","og_description":"Cicle amb la seua filmografia completa i seminari","og_url":"https:\/\/lamostradevalencia.com\/ca\/la-mostra-i-universitat-de-valencia-revisen-el-cinema-radical-de-guy-debord\/","og_site_name":"Mostra de Val\u00e8ncia","article_published_time":"2019-09-12T14:39:11+00:00","article_modified_time":"2019-09-12T14:42:30+00:00","og_image":[{"width":1280,"height":720,"url":"https:\/\/lamostradevalencia.com\/wp-content\/uploads\/2019\/09\/Debord.jpg","type":"image\/jpeg"}],"author":"Mostra de Val\u00e8ncia","twitter_card":"summary_large_image","twitter_misc":{"Escrit per":"Mostra de Val\u00e8ncia","Temps estimat de lectura":"2 minuts"},"schema":{"@context":"https:\/\/schema.org","@graph":[{"@type":"Article","@id":"https:\/\/lamostradevalencia.com\/ca\/la-mostra-i-universitat-de-valencia-revisen-el-cinema-radical-de-guy-debord\/#article","isPartOf":{"@id":"https:\/\/lamostradevalencia.com\/ca\/la-mostra-i-universitat-de-valencia-revisen-el-cinema-radical-de-guy-debord\/"},"author":{"name":"Mostra de Val\u00e8ncia","@id":"https:\/\/lamostradevalencia.com\/ca\/#\/schema\/person\/1dc07e4df3d6310b81d2cdf6a034070c"},"headline":"La Mostra i Universitat de Val\u00e8ncia revisen el cinema radical de Guy Debord","datePublished":"2019-09-12T14:39:11+00:00","dateModified":"2019-09-12T14:42:30+00:00","mainEntityOfPage":{"@id":"https:\/\/lamostradevalencia.com\/ca\/la-mostra-i-universitat-de-valencia-revisen-el-cinema-radical-de-guy-debord\/"},"wordCount":453,"commentCount":0,"image":{"@id":"https:\/\/lamostradevalencia.com\/ca\/la-mostra-i-universitat-de-valencia-revisen-el-cinema-radical-de-guy-debord\/#primaryimage"},"thumbnailUrl":"https:\/\/lamostradevalencia.com\/wp-content\/uploads\/2019\/09\/Debord.jpg","keywords":["Situacionisme","Universitat de Val\u00e8ncia","Universitat de Val\u00e8ncia"],"articleSection":["Noticies","Uncategorized @ca"],"inLanguage":"ca","potentialAction":[{"@type":"CommentAction","name":"Comment","target":["https:\/\/lamostradevalencia.com\/ca\/la-mostra-i-universitat-de-valencia-revisen-el-cinema-radical-de-guy-debord\/#respond"]}]},{"@type":"WebPage","@id":"https:\/\/lamostradevalencia.com\/ca\/la-mostra-i-universitat-de-valencia-revisen-el-cinema-radical-de-guy-debord\/","url":"https:\/\/lamostradevalencia.com\/ca\/la-mostra-i-universitat-de-valencia-revisen-el-cinema-radical-de-guy-debord\/","name":"La Mostra i Universitat de Val\u00e8ncia revisen el cinema radical de Guy Debord","isPartOf":{"@id":"https:\/\/lamostradevalencia.com\/ca\/#website"},"primaryImageOfPage":{"@id":"https:\/\/lamostradevalencia.com\/ca\/la-mostra-i-universitat-de-valencia-revisen-el-cinema-radical-de-guy-debord\/#primaryimage"},"image":{"@id":"https:\/\/lamostradevalencia.com\/ca\/la-mostra-i-universitat-de-valencia-revisen-el-cinema-radical-de-guy-debord\/#primaryimage"},"thumbnailUrl":"https:\/\/lamostradevalencia.com\/wp-content\/uploads\/2019\/09\/Debord.jpg","datePublished":"2019-09-12T14:39:11+00:00","dateModified":"2019-09-12T14:42:30+00:00","author":{"@id":"https:\/\/lamostradevalencia.com\/ca\/#\/schema\/person\/1dc07e4df3d6310b81d2cdf6a034070c"},"description":"Cicle amb la seua filmografia completa i seminari","breadcrumb":{"@id":"https:\/\/lamostradevalencia.com\/ca\/la-mostra-i-universitat-de-valencia-revisen-el-cinema-radical-de-guy-debord\/#breadcrumb"},"inLanguage":"ca","potentialAction":[{"@type":"ReadAction","target":["https:\/\/lamostradevalencia.com\/ca\/la-mostra-i-universitat-de-valencia-revisen-el-cinema-radical-de-guy-debord\/"]}]},{"@type":"ImageObject","inLanguage":"ca","@id":"https:\/\/lamostradevalencia.com\/ca\/la-mostra-i-universitat-de-valencia-revisen-el-cinema-radical-de-guy-debord\/#primaryimage","url":"https:\/\/lamostradevalencia.com\/wp-content\/uploads\/2019\/09\/Debord.jpg","contentUrl":"https:\/\/lamostradevalencia.com\/wp-content\/uploads\/2019\/09\/Debord.jpg","width":1280,"height":720},{"@type":"BreadcrumbList","@id":"https:\/\/lamostradevalencia.com\/ca\/la-mostra-i-universitat-de-valencia-revisen-el-cinema-radical-de-guy-debord\/#breadcrumb","itemListElement":[{"@type":"ListItem","position":1,"name":"Portada","item":"https:\/\/lamostradevalencia.com\/ca\/"},{"@type":"ListItem","position":2,"name":"La Mostra i Universitat de Val\u00e8ncia revisen el cinema radical de Guy Debord"}]},{"@type":"WebSite","@id":"https:\/\/lamostradevalencia.com\/ca\/#website","url":"https:\/\/lamostradevalencia.com\/ca\/","name":"Mostra de Val\u00e8ncia","description":"Cinema del Mediterrani","potentialAction":[{"@type":"SearchAction","target":{"@type":"EntryPoint","urlTemplate":"https:\/\/lamostradevalencia.com\/ca\/?s={search_term_string}"},"query-input":{"@type":"PropertyValueSpecification","valueRequired":true,"valueName":"search_term_string"}}],"inLanguage":"ca"},{"@type":"Person","@id":"https:\/\/lamostradevalencia.com\/ca\/#\/schema\/person\/1dc07e4df3d6310b81d2cdf6a034070c","name":"Mostra de Val\u00e8ncia","image":{"@type":"ImageObject","inLanguage":"ca","@id":"https:\/\/secure.gravatar.com\/avatar\/ada4dfd699a9907706987adb1bb2b361c2613ccca474b49b8c648de5208e32f8?s=96&d=mm&r=g","url":"https:\/\/secure.gravatar.com\/avatar\/ada4dfd699a9907706987adb1bb2b361c2613ccca474b49b8c648de5208e32f8?s=96&d=mm&r=g","contentUrl":"https:\/\/secure.gravatar.com\/avatar\/ada4dfd699a9907706987adb1bb2b361c2613ccca474b49b8c648de5208e32f8?s=96&d=mm&r=g","caption":"Mostra de Val\u00e8ncia"}}]}},"uagb_featured_image_src":{"full":["https:\/\/lamostradevalencia.com\/wp-content\/uploads\/2019\/09\/Debord.jpg",1280,720,false],"thumbnail":["https:\/\/lamostradevalencia.com\/wp-content\/uploads\/2019\/09\/Debord-150x150.jpg",150,150,true],"medium":["https:\/\/lamostradevalencia.com\/wp-content\/uploads\/2019\/09\/Debord-300x169.jpg",300,169,true],"medium_large":["https:\/\/lamostradevalencia.com\/wp-content\/uploads\/2019\/09\/Debord-768x432.jpg",768,432,true],"large":["https:\/\/lamostradevalencia.com\/wp-content\/uploads\/2019\/09\/Debord-1024x576.jpg",1024,576,true],"1536x1536":["https:\/\/lamostradevalencia.com\/wp-content\/uploads\/2019\/09\/Debord.jpg",1280,720,false],"2048x2048":["https:\/\/lamostradevalencia.com\/wp-content\/uploads\/2019\/09\/Debord.jpg",1280,720,false],"cinerama_edge_image_square":["https:\/\/lamostradevalencia.com\/wp-content\/uploads\/2019\/09\/Debord-550x550.jpg",550,550,true],"cinerama_edge_image_landscape":["https:\/\/lamostradevalencia.com\/wp-content\/uploads\/2019\/09\/Debord-1100x550.jpg",1100,550,true],"cinerama_edge_image_portrait":["https:\/\/lamostradevalencia.com\/wp-content\/uploads\/2019\/09\/Debord-550x720.jpg",550,720,true],"cinerama_edge_image_huge":["https:\/\/lamostradevalencia.com\/wp-content\/uploads\/2019\/09\/Debord-1100x720.jpg",1100,720,true],"gform-image-choice-sm":["https:\/\/lamostradevalencia.com\/wp-content\/uploads\/2019\/09\/Debord.jpg",300,169,false],"gform-image-choice-md":["https:\/\/lamostradevalencia.com\/wp-content\/uploads\/2019\/09\/Debord.jpg",400,225,false],"gform-image-choice-lg":["https:\/\/lamostradevalencia.com\/wp-content\/uploads\/2019\/09\/Debord.jpg",600,338,false]},"uagb_author_info":{"display_name":"Mostra de Val\u00e8ncia","author_link":"https:\/\/lamostradevalencia.com\/ca\/author\/mostravalencia\/"},"uagb_comment_info":0,"uagb_excerpt":"Revolucionari, fil\u00f2sof, aventurer, escriptor i cineasta. Guy Debord (1931-1994), autor de La sociedad del espect\u00e1culo i principal fundador de la Internacional Situacionista, ser\u00e0 el protagonista [&hellip;]","_links":{"self":[{"href":"https:\/\/lamostradevalencia.com\/ca\/wp-json\/wp\/v2\/posts\/3258","targetHints":{"allow":["GET"]}}],"collection":[{"href":"https:\/\/lamostradevalencia.com\/ca\/wp-json\/wp\/v2\/posts"}],"about":[{"href":"https:\/\/lamostradevalencia.com\/ca\/wp-json\/wp\/v2\/types\/post"}],"author":[{"embeddable":true,"href":"https:\/\/lamostradevalencia.com\/ca\/wp-json\/wp\/v2\/users\/1"}],"replies":[{"embeddable":true,"href":"https:\/\/lamostradevalencia.com\/ca\/wp-json\/wp\/v2\/comments?post=3258"}],"version-history":[{"count":1,"href":"https:\/\/lamostradevalencia.com\/ca\/wp-json\/wp\/v2\/posts\/3258\/revisions"}],"predecessor-version":[{"id":3259,"href":"https:\/\/lamostradevalencia.com\/ca\/wp-json\/wp\/v2\/posts\/3258\/revisions\/3259"}],"wp:featuredmedia":[{"embeddable":true,"href":"https:\/\/lamostradevalencia.com\/ca\/wp-json\/wp\/v2\/media\/3254"}],"wp:attachment":[{"href":"https:\/\/lamostradevalencia.com\/ca\/wp-json\/wp\/v2\/media?parent=3258"}],"wp:term":[{"taxonomy":"category","embeddable":true,"href":"https:\/\/lamostradevalencia.com\/ca\/wp-json\/wp\/v2\/categories?post=3258"},{"taxonomy":"post_tag","embeddable":true,"href":"https:\/\/lamostradevalencia.com\/ca\/wp-json\/wp\/v2\/tags?post=3258"}],"curies":[{"name":"wp","href":"https:\/\/api.w.org\/{rel}","templated":true}]}}