{"id":3221,"date":"2019-09-05T16:07:34","date_gmt":"2019-09-05T14:07:34","guid":{"rendered":"https:\/\/lamostradevalencia.com\/liliana-cavani-palmera-dhonor-de-mostra-de-valencia-2019\/"},"modified":"2019-09-05T16:13:42","modified_gmt":"2019-09-05T14:13:42","slug":"liliana-cavani-palmera-dhonor-de-mostra-de-valencia-2019","status":"publish","type":"post","link":"https:\/\/lamostradevalencia.com\/ca\/liliana-cavani-palmera-dhonor-de-mostra-de-valencia-2019\/","title":{"rendered":"LILIANA CAVANI, PALMERA D&#8217;HONOR DE MOSTRA DE VAL\u00c8NCIA 2019"},"content":{"rendered":"\n<p>La italiana Liliana Cavani rebr\u00e0 la Palmera d&#8217;Honor de la 34 edici\u00f3 de Mostra de Val\u00e8ncia-Cinema del Mediterrani, que se celebrar\u00e0 del 24 d&#8217;octubre al 3 de novembre. El festival repassar\u00e0 la seua filmografia amb un cicle organitzat en col\u00b7laboraci\u00f3 amb l&#8217;IVC Filmoteca i el MedFilm Festival de Roma.<\/p>\n\n<p>La directora rebr\u00e0 el guard\u00f3 en reconeixement per ser &#8220;una cineasta valenta i sense complexos, que ha exercit una notable influ\u00e8ncia en diverses generacions de directores europees&#8221;, el 24 d&#8217;octubre en la gala d&#8217;inauguraci\u00f3 del festival, que tindr\u00e0 lloc en el Teatre Principal de Val\u00e8ncia. A m\u00e9s, tamb\u00e9 oferir\u00e0 una masterclass en el marc de la Mostra.<\/p>\n\n<p>Nascuda a Carpi, prov\u00edncia de M\u00f2dena, va estudiar Filologia Cl\u00e0ssica i es va graduar en el Centre Sperimentale di Cinematografia de Roma. Despr\u00e9s de treballar durant anys en televisi\u00f3, el seu debut en el llargmetratge es produ\u00efx el 1966, amb &#8216;Francesco d&#8217;Assisi&#8217;, a la qual seguixen &#8216;Galileu&#8217; (1968), &#8216;Los can\u00edbales&#8217; (1972), &#8216;L&#8217;ospite&#8217; (1972), &#8216;Milarepa&#8217; (1973) i &#8216;El portero de noche&#8217; (1974), que es va convertir en el seu film m\u00e9s pol\u00e8mic, ja que va arribar a ser censurat per les autoritats italianes.<\/p>\n\n<p><span id=\"m_-7963321750079701254gmail-docs-internal-guid-2a07ef68-7fff-ca48-08d6-2d2ffc31b07a\">Un drama er\u00f2tic, cruel, decadent i no obstant aix\u00f2 bell, on una supervivent d&#8217;un camp de concentraci\u00f3 nazi (una espl\u00e8ndida Charlotte Rampling), que descobrix al seu extorturador i amant (Dirk Bogarde) treballant com a porter en un hotel a Viena i repr\u00e9n amb ell la seua relaci\u00f3 sadomasoquista.<\/span><\/p>\n\n<p>La pel\u00b7l\u00edcula va ser classificada X en diversos pa\u00efsos, entre ells Regne Unit, \u00c0ustria i els Estats Units. A Espanya va estar prohibida durant m\u00e9s de dos anys; quan finalment es va estrenar en 1976, en la seua versi\u00f3 \u00edntegra, a la seua gran qualitat es va unir un enorme \u00e8xit de p\u00fablic.<\/p>\n\n<figure class=\"wp-block-embed-youtube wp-block-embed is-type-video is-provider-youtube wp-embed-aspect-16-9 wp-has-aspect-ratio\"><div class=\"wp-block-embed__wrapper\">\n<iframe loading=\"lazy\" title=\"The Night Porter (1974) Best Scenes\" width=\"1100\" height=\"619\" src=\"https:\/\/www.youtube.com\/embed\/51C8exmFq0c?feature=oembed\" frameborder=\"0\" allow=\"accelerometer; autoplay; encrypted-media; gyroscope; picture-in-picture\" allowfullscreen><\/iframe>\n<\/div><\/figure>\n<p><span id=\"m_-7963321750079701254gmail-docs-internal-guid-2a07ef68-7fff-ca48-08d6-2d2ffc31b07a\">Posteriorment dirig\u00ed &#8216;M\u00e1s all\u00e1 del bien y del mal&#8217; (1977), &#8216;La piel&#8217; (1981), &#8216;Detr\u00e1s de la puerta&#8217; (1982), &#8216;Berl\u00edn interior&#8217; (1985), &#8216;Francesco&#8217; (1985), &#8216;Dove set? Io sono qui&#8217; (1993) i &#8216;El juego de Ripley&#8217; (2002), pel\u00b7l\u00edcules en les quals ha treballat amb actors com ara John Malkovich, Marcello Mastroianni, Charlotte Rampling, Dirk Bogarde, Michel Piccoli, Tom Berenger, Mickey Rourke o Helena Bonham-Carter, entre altres.<\/span><\/p>\n\n<p><span id=\"m_-7963321750079701254gmail-docs-internal-guid-2a07ef68-7fff-ca48-08d6-2d2ffc31b07a\">A m\u00e9s, ha dirigit diverses pel\u00b7l\u00edcules per a televisi\u00f3, obres de teatre i una vintena d&#8217;\u00f2peres. La m\u00e9s recent, &#8216;Al\u00ec Bab\u00e1 e i 40 ladroni&#8217;, de Luigi Cherubini, en el Teatre de la Scala de Mil\u00e0, va ser estrenada en 2018, el mateix any en qu\u00e8 el Festival de Ven\u00e8cia va atorgar a Liliana Cavani el Premi Bresson, que d&#8217;esta manera es concedia per primera vegada a una dona.<\/span><\/p>\n\n<p> <\/p>\n\n<p> <\/p>\n","protected":false},"excerpt":{"rendered":"<p>La italiana Liliana Cavani rebr\u00e0 la Palmera d&#8217;Honor de la 34 edici\u00f3 de Mostra de Val\u00e8ncia-Cinema del Mediterrani, que se celebrar\u00e0 del 24 d&#8217;octubre al [&hellip;]<\/p>\n","protected":false},"author":1,"featured_media":3217,"comment_status":"open","ping_status":"open","sticky":false,"template":"","format":"standard","meta":{"_uag_custom_page_level_css":"","_jet_sm_ready_style":"","_jet_sm_style":"","_jet_sm_controls_values":"","_jet_sm_fonts_collection":"","_jet_sm_fonts_links":"","footnotes":""},"categories":[455],"tags":[1054,464,1057],"class_list":["post-3221","post","type-post","status-publish","format-standard","has-post-thumbnail","hentry","category-noticies","tag-liliana-cavani","tag-mostra-de-valencia","tag-palmera-dhonor"],"yoast_head":"<!-- This site is optimized with the Yoast SEO plugin v27.5 - https:\/\/yoast.com\/product\/yoast-seo-wordpress\/ -->\n<title>LILIANA CAVANI, PALMERA D&#039;HONOR DE MOSTRA DE VAL\u00c8NCIA 2019<\/title>\n<meta name=\"description\" content=\"El festival homenatjar\u00e0 la realitzadora de &#039;El porter de nit&#039; pel seu &quot;cinema valent i sense complexos&quot;\" \/>\n<meta name=\"robots\" content=\"index, follow, max-snippet:-1, max-image-preview:large, max-video-preview:-1\" \/>\n<link rel=\"canonical\" href=\"https:\/\/lamostradevalencia.com\/ca\/liliana-cavani-palmera-dhonor-de-mostra-de-valencia-2019\/\" \/>\n<meta property=\"og:locale\" content=\"ca_ES\" \/>\n<meta property=\"og:type\" content=\"article\" \/>\n<meta property=\"og:title\" content=\"LILIANA CAVANI, PALMERA D&#039;HONOR DE MOSTRA DE VAL\u00c8NCIA 2019\" \/>\n<meta property=\"og:description\" content=\"El festival homenatjar\u00e0 la realitzadora de &#039;El porter de nit&#039; pel seu &quot;cinema valent i sense complexos&quot;\" \/>\n<meta property=\"og:url\" content=\"https:\/\/lamostradevalencia.com\/ca\/liliana-cavani-palmera-dhonor-de-mostra-de-valencia-2019\/\" \/>\n<meta property=\"og:site_name\" content=\"Mostra de Val\u00e8ncia\" \/>\n<meta property=\"article:published_time\" content=\"2019-09-05T14:07:34+00:00\" \/>\n<meta property=\"article:modified_time\" content=\"2019-09-05T14:13:42+00:00\" \/>\n<meta property=\"og:image\" content=\"https:\/\/lamostradevalencia.com\/wp-content\/uploads\/2019\/09\/Liliana-Cavani-by-Mario-Tursi-1024x638.jpg\" \/>\n\t<meta property=\"og:image:width\" content=\"1024\" \/>\n\t<meta property=\"og:image:height\" content=\"638\" \/>\n\t<meta property=\"og:image:type\" content=\"image\/jpeg\" \/>\n<meta name=\"author\" content=\"Mostra de Val\u00e8ncia\" \/>\n<meta name=\"twitter:card\" content=\"summary_large_image\" \/>\n<meta name=\"twitter:label1\" content=\"Escrit per\" \/>\n\t<meta name=\"twitter:data1\" content=\"Mostra de Val\u00e8ncia\" \/>\n\t<meta name=\"twitter:label2\" content=\"Temps estimat de lectura\" \/>\n\t<meta name=\"twitter:data2\" content=\"2 minuts\" \/>\n<script type=\"application\/ld+json\" class=\"yoast-schema-graph\">{\"@context\":\"https:\\\/\\\/schema.org\",\"@graph\":[{\"@type\":\"Article\",\"@id\":\"https:\\\/\\\/lamostradevalencia.com\\\/ca\\\/liliana-cavani-palmera-dhonor-de-mostra-de-valencia-2019\\\/#article\",\"isPartOf\":{\"@id\":\"https:\\\/\\\/lamostradevalencia.com\\\/ca\\\/liliana-cavani-palmera-dhonor-de-mostra-de-valencia-2019\\\/\"},\"author\":{\"name\":\"Mostra de Val\u00e8ncia\",\"@id\":\"https:\\\/\\\/lamostradevalencia.com\\\/ca\\\/#\\\/schema\\\/person\\\/1dc07e4df3d6310b81d2cdf6a034070c\"},\"headline\":\"LILIANA CAVANI, PALMERA D&#8217;HONOR DE MOSTRA DE VAL\u00c8NCIA 2019\",\"datePublished\":\"2019-09-05T14:07:34+00:00\",\"dateModified\":\"2019-09-05T14:13:42+00:00\",\"mainEntityOfPage\":{\"@id\":\"https:\\\/\\\/lamostradevalencia.com\\\/ca\\\/liliana-cavani-palmera-dhonor-de-mostra-de-valencia-2019\\\/\"},\"wordCount\":462,\"commentCount\":0,\"image\":{\"@id\":\"https:\\\/\\\/lamostradevalencia.com\\\/ca\\\/liliana-cavani-palmera-dhonor-de-mostra-de-valencia-2019\\\/#primaryimage\"},\"thumbnailUrl\":\"https:\\\/\\\/lamostradevalencia.com\\\/wp-content\\\/uploads\\\/2019\\\/09\\\/Liliana-Cavani-by-Mario-Tursi.jpg\",\"keywords\":[\"Liliana Cavani\",\"Mostra de Val\u00e8ncia\",\"Palmera d'Honor\"],\"articleSection\":[\"Noticies\"],\"inLanguage\":\"ca\",\"potentialAction\":[{\"@type\":\"CommentAction\",\"name\":\"Comment\",\"target\":[\"https:\\\/\\\/lamostradevalencia.com\\\/ca\\\/liliana-cavani-palmera-dhonor-de-mostra-de-valencia-2019\\\/#respond\"]}]},{\"@type\":\"WebPage\",\"@id\":\"https:\\\/\\\/lamostradevalencia.com\\\/ca\\\/liliana-cavani-palmera-dhonor-de-mostra-de-valencia-2019\\\/\",\"url\":\"https:\\\/\\\/lamostradevalencia.com\\\/ca\\\/liliana-cavani-palmera-dhonor-de-mostra-de-valencia-2019\\\/\",\"name\":\"LILIANA CAVANI, PALMERA D'HONOR DE MOSTRA DE VAL\u00c8NCIA 2019\",\"isPartOf\":{\"@id\":\"https:\\\/\\\/lamostradevalencia.com\\\/ca\\\/#website\"},\"primaryImageOfPage\":{\"@id\":\"https:\\\/\\\/lamostradevalencia.com\\\/ca\\\/liliana-cavani-palmera-dhonor-de-mostra-de-valencia-2019\\\/#primaryimage\"},\"image\":{\"@id\":\"https:\\\/\\\/lamostradevalencia.com\\\/ca\\\/liliana-cavani-palmera-dhonor-de-mostra-de-valencia-2019\\\/#primaryimage\"},\"thumbnailUrl\":\"https:\\\/\\\/lamostradevalencia.com\\\/wp-content\\\/uploads\\\/2019\\\/09\\\/Liliana-Cavani-by-Mario-Tursi.jpg\",\"datePublished\":\"2019-09-05T14:07:34+00:00\",\"dateModified\":\"2019-09-05T14:13:42+00:00\",\"author\":{\"@id\":\"https:\\\/\\\/lamostradevalencia.com\\\/ca\\\/#\\\/schema\\\/person\\\/1dc07e4df3d6310b81d2cdf6a034070c\"},\"description\":\"El festival homenatjar\u00e0 la realitzadora de 'El porter de nit' pel seu \\\"cinema valent i sense complexos\\\"\",\"breadcrumb\":{\"@id\":\"https:\\\/\\\/lamostradevalencia.com\\\/ca\\\/liliana-cavani-palmera-dhonor-de-mostra-de-valencia-2019\\\/#breadcrumb\"},\"inLanguage\":\"ca\",\"potentialAction\":[{\"@type\":\"ReadAction\",\"target\":[\"https:\\\/\\\/lamostradevalencia.com\\\/ca\\\/liliana-cavani-palmera-dhonor-de-mostra-de-valencia-2019\\\/\"]}]},{\"@type\":\"ImageObject\",\"inLanguage\":\"ca\",\"@id\":\"https:\\\/\\\/lamostradevalencia.com\\\/ca\\\/liliana-cavani-palmera-dhonor-de-mostra-de-valencia-2019\\\/#primaryimage\",\"url\":\"https:\\\/\\\/lamostradevalencia.com\\\/wp-content\\\/uploads\\\/2019\\\/09\\\/Liliana-Cavani-by-Mario-Tursi.jpg\",\"contentUrl\":\"https:\\\/\\\/lamostradevalencia.com\\\/wp-content\\\/uploads\\\/2019\\\/09\\\/Liliana-Cavani-by-Mario-Tursi.jpg\",\"width\":2400,\"height\":1496,\"caption\":\"Liliana Cavani by Mario Tursi\"},{\"@type\":\"BreadcrumbList\",\"@id\":\"https:\\\/\\\/lamostradevalencia.com\\\/ca\\\/liliana-cavani-palmera-dhonor-de-mostra-de-valencia-2019\\\/#breadcrumb\",\"itemListElement\":[{\"@type\":\"ListItem\",\"position\":1,\"name\":\"Portada\",\"item\":\"https:\\\/\\\/lamostradevalencia.com\\\/ca\\\/\"},{\"@type\":\"ListItem\",\"position\":2,\"name\":\"LILIANA CAVANI, PALMERA D&#8217;HONOR DE MOSTRA DE VAL\u00c8NCIA 2019\"}]},{\"@type\":\"WebSite\",\"@id\":\"https:\\\/\\\/lamostradevalencia.com\\\/ca\\\/#website\",\"url\":\"https:\\\/\\\/lamostradevalencia.com\\\/ca\\\/\",\"name\":\"Mostra de Val\u00e8ncia\",\"description\":\"Cinema del Mediterrani\",\"potentialAction\":[{\"@type\":\"SearchAction\",\"target\":{\"@type\":\"EntryPoint\",\"urlTemplate\":\"https:\\\/\\\/lamostradevalencia.com\\\/ca\\\/?s={search_term_string}\"},\"query-input\":{\"@type\":\"PropertyValueSpecification\",\"valueRequired\":true,\"valueName\":\"search_term_string\"}}],\"inLanguage\":\"ca\"},{\"@type\":\"Person\",\"@id\":\"https:\\\/\\\/lamostradevalencia.com\\\/ca\\\/#\\\/schema\\\/person\\\/1dc07e4df3d6310b81d2cdf6a034070c\",\"name\":\"Mostra de Val\u00e8ncia\",\"image\":{\"@type\":\"ImageObject\",\"inLanguage\":\"ca\",\"@id\":\"https:\\\/\\\/secure.gravatar.com\\\/avatar\\\/ada4dfd699a9907706987adb1bb2b361c2613ccca474b49b8c648de5208e32f8?s=96&d=mm&r=g\",\"url\":\"https:\\\/\\\/secure.gravatar.com\\\/avatar\\\/ada4dfd699a9907706987adb1bb2b361c2613ccca474b49b8c648de5208e32f8?s=96&d=mm&r=g\",\"contentUrl\":\"https:\\\/\\\/secure.gravatar.com\\\/avatar\\\/ada4dfd699a9907706987adb1bb2b361c2613ccca474b49b8c648de5208e32f8?s=96&d=mm&r=g\",\"caption\":\"Mostra de Val\u00e8ncia\"}}]}<\/script>\n<!-- \/ Yoast SEO plugin. -->","yoast_head_json":{"title":"LILIANA CAVANI, PALMERA D'HONOR DE MOSTRA DE VAL\u00c8NCIA 2019","description":"El festival homenatjar\u00e0 la realitzadora de 'El porter de nit' pel seu \"cinema valent i sense complexos\"","robots":{"index":"index","follow":"follow","max-snippet":"max-snippet:-1","max-image-preview":"max-image-preview:large","max-video-preview":"max-video-preview:-1"},"canonical":"https:\/\/lamostradevalencia.com\/ca\/liliana-cavani-palmera-dhonor-de-mostra-de-valencia-2019\/","og_locale":"ca_ES","og_type":"article","og_title":"LILIANA CAVANI, PALMERA D'HONOR DE MOSTRA DE VAL\u00c8NCIA 2019","og_description":"El festival homenatjar\u00e0 la realitzadora de 'El porter de nit' pel seu \"cinema valent i sense complexos\"","og_url":"https:\/\/lamostradevalencia.com\/ca\/liliana-cavani-palmera-dhonor-de-mostra-de-valencia-2019\/","og_site_name":"Mostra de Val\u00e8ncia","article_published_time":"2019-09-05T14:07:34+00:00","article_modified_time":"2019-09-05T14:13:42+00:00","og_image":[{"width":1024,"height":638,"url":"https:\/\/lamostradevalencia.com\/wp-content\/uploads\/2019\/09\/Liliana-Cavani-by-Mario-Tursi-1024x638.jpg","type":"image\/jpeg"}],"author":"Mostra de Val\u00e8ncia","twitter_card":"summary_large_image","twitter_misc":{"Escrit per":"Mostra de Val\u00e8ncia","Temps estimat de lectura":"2 minuts"},"schema":{"@context":"https:\/\/schema.org","@graph":[{"@type":"Article","@id":"https:\/\/lamostradevalencia.com\/ca\/liliana-cavani-palmera-dhonor-de-mostra-de-valencia-2019\/#article","isPartOf":{"@id":"https:\/\/lamostradevalencia.com\/ca\/liliana-cavani-palmera-dhonor-de-mostra-de-valencia-2019\/"},"author":{"name":"Mostra de Val\u00e8ncia","@id":"https:\/\/lamostradevalencia.com\/ca\/#\/schema\/person\/1dc07e4df3d6310b81d2cdf6a034070c"},"headline":"LILIANA CAVANI, PALMERA D&#8217;HONOR DE MOSTRA DE VAL\u00c8NCIA 2019","datePublished":"2019-09-05T14:07:34+00:00","dateModified":"2019-09-05T14:13:42+00:00","mainEntityOfPage":{"@id":"https:\/\/lamostradevalencia.com\/ca\/liliana-cavani-palmera-dhonor-de-mostra-de-valencia-2019\/"},"wordCount":462,"commentCount":0,"image":{"@id":"https:\/\/lamostradevalencia.com\/ca\/liliana-cavani-palmera-dhonor-de-mostra-de-valencia-2019\/#primaryimage"},"thumbnailUrl":"https:\/\/lamostradevalencia.com\/wp-content\/uploads\/2019\/09\/Liliana-Cavani-by-Mario-Tursi.jpg","keywords":["Liliana Cavani","Mostra de Val\u00e8ncia","Palmera d'Honor"],"articleSection":["Noticies"],"inLanguage":"ca","potentialAction":[{"@type":"CommentAction","name":"Comment","target":["https:\/\/lamostradevalencia.com\/ca\/liliana-cavani-palmera-dhonor-de-mostra-de-valencia-2019\/#respond"]}]},{"@type":"WebPage","@id":"https:\/\/lamostradevalencia.com\/ca\/liliana-cavani-palmera-dhonor-de-mostra-de-valencia-2019\/","url":"https:\/\/lamostradevalencia.com\/ca\/liliana-cavani-palmera-dhonor-de-mostra-de-valencia-2019\/","name":"LILIANA CAVANI, PALMERA D'HONOR DE MOSTRA DE VAL\u00c8NCIA 2019","isPartOf":{"@id":"https:\/\/lamostradevalencia.com\/ca\/#website"},"primaryImageOfPage":{"@id":"https:\/\/lamostradevalencia.com\/ca\/liliana-cavani-palmera-dhonor-de-mostra-de-valencia-2019\/#primaryimage"},"image":{"@id":"https:\/\/lamostradevalencia.com\/ca\/liliana-cavani-palmera-dhonor-de-mostra-de-valencia-2019\/#primaryimage"},"thumbnailUrl":"https:\/\/lamostradevalencia.com\/wp-content\/uploads\/2019\/09\/Liliana-Cavani-by-Mario-Tursi.jpg","datePublished":"2019-09-05T14:07:34+00:00","dateModified":"2019-09-05T14:13:42+00:00","author":{"@id":"https:\/\/lamostradevalencia.com\/ca\/#\/schema\/person\/1dc07e4df3d6310b81d2cdf6a034070c"},"description":"El festival homenatjar\u00e0 la realitzadora de 'El porter de nit' pel seu \"cinema valent i sense complexos\"","breadcrumb":{"@id":"https:\/\/lamostradevalencia.com\/ca\/liliana-cavani-palmera-dhonor-de-mostra-de-valencia-2019\/#breadcrumb"},"inLanguage":"ca","potentialAction":[{"@type":"ReadAction","target":["https:\/\/lamostradevalencia.com\/ca\/liliana-cavani-palmera-dhonor-de-mostra-de-valencia-2019\/"]}]},{"@type":"ImageObject","inLanguage":"ca","@id":"https:\/\/lamostradevalencia.com\/ca\/liliana-cavani-palmera-dhonor-de-mostra-de-valencia-2019\/#primaryimage","url":"https:\/\/lamostradevalencia.com\/wp-content\/uploads\/2019\/09\/Liliana-Cavani-by-Mario-Tursi.jpg","contentUrl":"https:\/\/lamostradevalencia.com\/wp-content\/uploads\/2019\/09\/Liliana-Cavani-by-Mario-Tursi.jpg","width":2400,"height":1496,"caption":"Liliana Cavani by Mario Tursi"},{"@type":"BreadcrumbList","@id":"https:\/\/lamostradevalencia.com\/ca\/liliana-cavani-palmera-dhonor-de-mostra-de-valencia-2019\/#breadcrumb","itemListElement":[{"@type":"ListItem","position":1,"name":"Portada","item":"https:\/\/lamostradevalencia.com\/ca\/"},{"@type":"ListItem","position":2,"name":"LILIANA CAVANI, PALMERA D&#8217;HONOR DE MOSTRA DE VAL\u00c8NCIA 2019"}]},{"@type":"WebSite","@id":"https:\/\/lamostradevalencia.com\/ca\/#website","url":"https:\/\/lamostradevalencia.com\/ca\/","name":"Mostra de Val\u00e8ncia","description":"Cinema del Mediterrani","potentialAction":[{"@type":"SearchAction","target":{"@type":"EntryPoint","urlTemplate":"https:\/\/lamostradevalencia.com\/ca\/?s={search_term_string}"},"query-input":{"@type":"PropertyValueSpecification","valueRequired":true,"valueName":"search_term_string"}}],"inLanguage":"ca"},{"@type":"Person","@id":"https:\/\/lamostradevalencia.com\/ca\/#\/schema\/person\/1dc07e4df3d6310b81d2cdf6a034070c","name":"Mostra de Val\u00e8ncia","image":{"@type":"ImageObject","inLanguage":"ca","@id":"https:\/\/secure.gravatar.com\/avatar\/ada4dfd699a9907706987adb1bb2b361c2613ccca474b49b8c648de5208e32f8?s=96&d=mm&r=g","url":"https:\/\/secure.gravatar.com\/avatar\/ada4dfd699a9907706987adb1bb2b361c2613ccca474b49b8c648de5208e32f8?s=96&d=mm&r=g","contentUrl":"https:\/\/secure.gravatar.com\/avatar\/ada4dfd699a9907706987adb1bb2b361c2613ccca474b49b8c648de5208e32f8?s=96&d=mm&r=g","caption":"Mostra de Val\u00e8ncia"}}]}},"uagb_featured_image_src":{"full":["https:\/\/lamostradevalencia.com\/wp-content\/uploads\/2019\/09\/Liliana-Cavani-by-Mario-Tursi.jpg",2400,1496,false],"thumbnail":["https:\/\/lamostradevalencia.com\/wp-content\/uploads\/2019\/09\/Liliana-Cavani-by-Mario-Tursi-150x150.jpg",150,150,true],"medium":["https:\/\/lamostradevalencia.com\/wp-content\/uploads\/2019\/09\/Liliana-Cavani-by-Mario-Tursi-300x187.jpg",300,187,true],"medium_large":["https:\/\/lamostradevalencia.com\/wp-content\/uploads\/2019\/09\/Liliana-Cavani-by-Mario-Tursi-768x479.jpg",768,479,true],"large":["https:\/\/lamostradevalencia.com\/wp-content\/uploads\/2019\/09\/Liliana-Cavani-by-Mario-Tursi-1024x638.jpg",1024,638,true],"1536x1536":["https:\/\/lamostradevalencia.com\/wp-content\/uploads\/2019\/09\/Liliana-Cavani-by-Mario-Tursi.jpg",1536,957,false],"2048x2048":["https:\/\/lamostradevalencia.com\/wp-content\/uploads\/2019\/09\/Liliana-Cavani-by-Mario-Tursi.jpg",2048,1277,false],"cinerama_edge_image_square":["https:\/\/lamostradevalencia.com\/wp-content\/uploads\/2019\/09\/Liliana-Cavani-by-Mario-Tursi-550x550.jpg",550,550,true],"cinerama_edge_image_landscape":["https:\/\/lamostradevalencia.com\/wp-content\/uploads\/2019\/09\/Liliana-Cavani-by-Mario-Tursi-1100x550.jpg",1100,550,true],"cinerama_edge_image_portrait":["https:\/\/lamostradevalencia.com\/wp-content\/uploads\/2019\/09\/Liliana-Cavani-by-Mario-Tursi-550x1100.jpg",550,1100,true],"cinerama_edge_image_huge":["https:\/\/lamostradevalencia.com\/wp-content\/uploads\/2019\/09\/Liliana-Cavani-by-Mario-Tursi-1100x1100.jpg",1100,1100,true],"gform-image-choice-sm":["https:\/\/lamostradevalencia.com\/wp-content\/uploads\/2019\/09\/Liliana-Cavani-by-Mario-Tursi.jpg",300,187,false],"gform-image-choice-md":["https:\/\/lamostradevalencia.com\/wp-content\/uploads\/2019\/09\/Liliana-Cavani-by-Mario-Tursi.jpg",400,249,false],"gform-image-choice-lg":["https:\/\/lamostradevalencia.com\/wp-content\/uploads\/2019\/09\/Liliana-Cavani-by-Mario-Tursi.jpg",600,374,false]},"uagb_author_info":{"display_name":"Mostra de Val\u00e8ncia","author_link":"https:\/\/lamostradevalencia.com\/ca\/author\/mostravalencia\/"},"uagb_comment_info":0,"uagb_excerpt":"La italiana Liliana Cavani rebr\u00e0 la Palmera d&#8217;Honor de la 34 edici\u00f3 de Mostra de Val\u00e8ncia-Cinema del Mediterrani, que se celebrar\u00e0 del 24 d&#8217;octubre al [&hellip;]","_links":{"self":[{"href":"https:\/\/lamostradevalencia.com\/ca\/wp-json\/wp\/v2\/posts\/3221","targetHints":{"allow":["GET"]}}],"collection":[{"href":"https:\/\/lamostradevalencia.com\/ca\/wp-json\/wp\/v2\/posts"}],"about":[{"href":"https:\/\/lamostradevalencia.com\/ca\/wp-json\/wp\/v2\/types\/post"}],"author":[{"embeddable":true,"href":"https:\/\/lamostradevalencia.com\/ca\/wp-json\/wp\/v2\/users\/1"}],"replies":[{"embeddable":true,"href":"https:\/\/lamostradevalencia.com\/ca\/wp-json\/wp\/v2\/comments?post=3221"}],"version-history":[{"count":3,"href":"https:\/\/lamostradevalencia.com\/ca\/wp-json\/wp\/v2\/posts\/3221\/revisions"}],"predecessor-version":[{"id":3224,"href":"https:\/\/lamostradevalencia.com\/ca\/wp-json\/wp\/v2\/posts\/3221\/revisions\/3224"}],"wp:featuredmedia":[{"embeddable":true,"href":"https:\/\/lamostradevalencia.com\/ca\/wp-json\/wp\/v2\/media\/3217"}],"wp:attachment":[{"href":"https:\/\/lamostradevalencia.com\/ca\/wp-json\/wp\/v2\/media?parent=3221"}],"wp:term":[{"taxonomy":"category","embeddable":true,"href":"https:\/\/lamostradevalencia.com\/ca\/wp-json\/wp\/v2\/categories?post=3221"},{"taxonomy":"post_tag","embeddable":true,"href":"https:\/\/lamostradevalencia.com\/ca\/wp-json\/wp\/v2\/tags?post=3221"}],"curies":[{"name":"wp","href":"https:\/\/api.w.org\/{rel}","templated":true}]}}