{"id":3193,"date":"2019-08-30T18:08:10","date_gmt":"2019-08-30T16:08:10","guid":{"rendered":"https:\/\/lamostradevalencia.com\/la-mostra-aposta-pel-futur-del-cinema-palesti\/"},"modified":"2019-08-30T18:10:42","modified_gmt":"2019-08-30T16:10:42","slug":"la-mostra-aposta-pel-futur-del-cinema-palesti","status":"publish","type":"post","link":"https:\/\/lamostradevalencia.com\/ca\/la-mostra-aposta-pel-futur-del-cinema-palesti\/","title":{"rendered":"LA MOSTRA APOSTA PEL FUTUR DEL CINEMA PALEST\u00cd"},"content":{"rendered":"\n<p>\u201cEl que va comen\u00e7ar com una iniciativa per a ajudar els cineastes joves ha madurat fins a convertir-se en un Laboratori Cinematogr\u00e0fic on s&#8217;aborden les necessitats dels directors, tant els principiants com els ja establits. El nostre \u00fanic prop\u00f2sit consistix a revitalitzar la cultura del cinema en Palestina, alliberant-la de l&#8217;abast de les ind\u00fastries europees convencionals i de Hollywood\u201d. Amb aquestes paraules defineix Hanna Atallah, fundador de Filmlab: Palestine, els objectius d&#8217;un projecte fundat en 2014 i inspirat en les experi\u00e8ncies personals dels seus impulsors amb joves palestins en els camps de refugiats de Jord\u00e0nia. All\u00ed es van adonar que el cinema era un vehicle creatiu, poder\u00f3s i poc convencional per a contar les seues pr\u00f2pies hist\u00f2ries personals i Filmlab: Palestine es va proposar documentar la mem\u00f2ria col\u00b7lectiva palestina, aix\u00ed com les veus individuals i \u00faniques dins dels territoris ocupats i a l&#8217;estranger. El seu objectiu \u00e9s expandir i cultivar la cultura cinematogr\u00e0fica local al mateix temps que brinden el suport t\u00e8cnic i art\u00edstic que necessiten les veus emergents dels cineastes palestins. \u201cEn Filmlab creiem en el poder del cinema en la societat, at\u00e9s que el percebem com una important eina educativa i cultural, a m\u00e9s d&#8217;un mitj\u00e0 per a preservar la mem\u00f2ria col\u00b7lectiva\u201d, afig Atallah.<\/p>\n\n<p>\u201c\u00c9s temps de contar hist\u00f2ries\u201d \u00e9s el lema mitjan\u00e7ant el qual promouen la cultura cinematogr\u00e0fica en Palestina al mateix temps que tracten de posar-la en el mapa de la ind\u00fastria audiovisual mundial. El seu treball es basa, fonamentalment, en la constant cooperaci\u00f3 i la coordinaci\u00f3. A trav\u00e9s d&#8217;aliances amb organitzacions afins, tant en Palestina com en altres pa\u00efsos, el seu objectiu \u00e9s crear una comunitat de cineastes i espectadors seguint una s\u00e8rie d&#8217;iniciatives que pretenen millorar les capacitats i crear ocupaci\u00f3 per als joves, enfortir la pol\u00edtica cultural, facilitar el di\u00e0leg entre diversos sectors de la ind\u00fastria, crear un centre per a cineastes palestins, fomentar el pensament cr\u00edtic en els xiquets i involucrar al p\u00fablic local en el desenvolupament org\u00e0nic del cinema palest\u00ed i integrar-lo en la seua vida quotidiana.<\/p>\n\n<figure class=\"wp-block-image\"><img loading=\"lazy\" decoding=\"async\" width=\"641\" height=\"496\" src=\"https:\/\/lamostradevalencia.com\/wp-content\/uploads\/2019\/08\/Logo-Filmlab-Palestine-1.png\" alt=\"\" class=\"wp-image-3188\" srcset=\"https:\/\/lamostradevalencia.com\/wp-content\/uploads\/2019\/08\/Logo-Filmlab-Palestine-1.png 641w, https:\/\/lamostradevalencia.com\/wp-content\/uploads\/2019\/08\/Logo-Filmlab-Palestine-1-300x232.png 300w\" sizes=\"auto, (max-width: 641px) 100vw, 641px\" \/><\/figure>\n<p>Enguany, Mostra de Val\u00e8ncia-Cinema del Mediterrani inicia una col\u00b7laboraci\u00f3 amb Filmlab: Palestine consistent en la projecci\u00f3 d&#8217;un programa de curtmetratges que contribuir\u00e0 a donar visibilitat a prometedors cineastes emergents com <strong>Wisam Al Jafari<\/strong>, director de l&#8217;imaginatiu \u201cAmbience\u201d, que aquest mateix any ha guanyat el tercer premi en la competici\u00f3 de la prestigiosa Cin\u00e9fondation del Festival de Cannes. Precisament <strong>Salah Abu Nimah<\/strong>, el protagonista de \u201cAmbience\u201d, \u00e9s el responsable de \u201cArea C\u201d (2018), un film que \u00e9s capa\u00e7 de posar un poquet de sentit de l&#8217;humor en la situaci\u00f3 que es viu a Cisjord\u00e0nia.\r\n\r\nEl programa inclou tamb\u00e9 \u201cThe Pipe\u201d (2019), el debut de <strong>Sami Zarour<\/strong>, un jove que ha treballat a les ordres de Muayad Alayan en t\u00edtols reconeguts a nivell internacional com \u201cLove, Theft and other Entanglements\u201d (2015) i \u201cLos informes sobre Sarah i Saleem\u201d (2018), que van poder veure&#8217;s l&#8217;any passat en la Mostra. O l&#8217;original \u201cBomb\u00f3\u201d (2017), de <strong>Rakan Mayasi<\/strong>, distingit com a millor curt en els festivals de Toronto i Bucarest. A m\u00e9s, la selecci\u00f3 compta amb \u201cAyny\u201d (2016), una xicoteta joia d&#8217;animaci\u00f3 dirigida a mitges entre <strong>Stefan Gieren<\/strong> i <strong>Ahmad Saleh<\/strong>; una adaptaci\u00f3 a l&#8217;\u00e0rab d&#8217;un relat de Raymond Carver signada per <strong>Said Zagha<\/strong> i titulada \u201cFive Boys and a Wheel\u201d (2016); aix\u00ed com dos treballs realitzats per dones: \u201cThe Chair\u201d (2017), on <strong>Laila Abbas<\/strong> q\u00fcestiona algunes tradicions locals, i \u201cThe White Elephant\u201d (2018), que se serveix d&#8217;imatges compartides en internet pels israelians durant la Guerra del Golf i festes de m\u00fasica <em>trance<\/em> per a elaborar el retrat d&#8217;una adolescent palestina en els noranta. La seua directora, <strong>Shuruq Harb<\/strong>, va guanyar al juny d&#8217;enguany el primer premi de producci\u00f3 de videoart que concedeixen l&#8217;Han Nefkens Foundation i la Fundaci\u00f3 Antoni T\u00e0pies, dotat amb 15.000 d\u00f2lars per a la producci\u00f3 d&#8217;un projecte art\u00edstic en v\u00eddeo.<\/p>\n\n<figure class=\"wp-block-embed-youtube wp-block-embed is-type-video is-provider-youtube wp-embed-aspect-16-9 wp-has-aspect-ratio\"><div class=\"wp-block-embed__wrapper\">\n<iframe loading=\"lazy\" title=\"Ambience Official Trailer\" width=\"1100\" height=\"619\" src=\"https:\/\/www.youtube.com\/embed\/IkXHaSS9EBo?feature=oembed\" frameborder=\"0\" allow=\"accelerometer; autoplay; encrypted-media; gyroscope; picture-in-picture\" allowfullscreen><\/iframe>\n<\/div><\/figure>","protected":false},"excerpt":{"rendered":"<p>\u201cEl que va comen\u00e7ar com una iniciativa per a ajudar els cineastes joves ha madurat fins a convertir-se en un Laboratori Cinematogr\u00e0fic on s&#8217;aborden les [&hellip;]<\/p>\n","protected":false},"author":1,"featured_media":3181,"comment_status":"open","ping_status":"open","sticky":false,"template":"","format":"standard","meta":{"_uag_custom_page_level_css":"","_jet_sm_ready_style":"","_jet_sm_style":"","_jet_sm_controls_values":"","_jet_sm_fonts_collection":"","_jet_sm_fonts_links":"","footnotes":""},"categories":[455],"tags":[1051,464,1048],"class_list":["post-3193","post","type-post","status-publish","format-standard","has-post-thumbnail","hentry","category-noticies","tag-curtmetratge","tag-mostra-de-valencia","tag-palestina"],"yoast_head":"<!-- This site is optimized with the Yoast SEO plugin v27.5 - https:\/\/yoast.com\/product\/yoast-seo-wordpress\/ -->\n<title>LA MOSTRA APOSTA PEL FUTUR DEL CINEMA PALEST\u00cd<\/title>\n<meta name=\"description\" content=\"El festival projectar\u00e0 huit curts de cineastes emergents\" \/>\n<meta name=\"robots\" content=\"index, follow, max-snippet:-1, max-image-preview:large, max-video-preview:-1\" \/>\n<link rel=\"canonical\" href=\"https:\/\/lamostradevalencia.com\/ca\/la-mostra-aposta-pel-futur-del-cinema-palesti\/\" \/>\n<meta property=\"og:locale\" content=\"ca_ES\" \/>\n<meta property=\"og:type\" content=\"article\" \/>\n<meta property=\"og:title\" content=\"LA MOSTRA APOSTA PEL FUTUR DEL CINEMA PALEST\u00cd\" \/>\n<meta property=\"og:description\" content=\"El festival projectar\u00e0 huit curts de cineastes emergents\" \/>\n<meta property=\"og:url\" content=\"https:\/\/lamostradevalencia.com\/ca\/la-mostra-aposta-pel-futur-del-cinema-palesti\/\" \/>\n<meta property=\"og:site_name\" content=\"Mostra de Val\u00e8ncia\" \/>\n<meta property=\"article:published_time\" content=\"2019-08-30T16:08:10+00:00\" \/>\n<meta property=\"article:modified_time\" content=\"2019-08-30T16:10:42+00:00\" \/>\n<meta property=\"og:image\" content=\"https:\/\/lamostradevalencia.com\/wp-content\/uploads\/2019\/08\/Bonbone.jpg\" \/>\n\t<meta property=\"og:image:width\" content=\"1280\" \/>\n\t<meta property=\"og:image:height\" content=\"720\" \/>\n\t<meta property=\"og:image:type\" content=\"image\/jpeg\" \/>\n<meta name=\"author\" content=\"Mostra de Val\u00e8ncia\" \/>\n<meta name=\"twitter:card\" content=\"summary_large_image\" \/>\n<meta name=\"twitter:label1\" content=\"Escrit per\" \/>\n\t<meta name=\"twitter:data1\" content=\"Mostra de Val\u00e8ncia\" \/>\n\t<meta name=\"twitter:label2\" content=\"Temps estimat de lectura\" \/>\n\t<meta name=\"twitter:data2\" content=\"3 minuts\" \/>\n<script type=\"application\/ld+json\" class=\"yoast-schema-graph\">{\"@context\":\"https:\\\/\\\/schema.org\",\"@graph\":[{\"@type\":\"Article\",\"@id\":\"https:\\\/\\\/lamostradevalencia.com\\\/ca\\\/la-mostra-aposta-pel-futur-del-cinema-palesti\\\/#article\",\"isPartOf\":{\"@id\":\"https:\\\/\\\/lamostradevalencia.com\\\/ca\\\/la-mostra-aposta-pel-futur-del-cinema-palesti\\\/\"},\"author\":{\"name\":\"Mostra de Val\u00e8ncia\",\"@id\":\"https:\\\/\\\/lamostradevalencia.com\\\/ca\\\/#\\\/schema\\\/person\\\/1dc07e4df3d6310b81d2cdf6a034070c\"},\"headline\":\"LA MOSTRA APOSTA PEL FUTUR DEL CINEMA PALEST\u00cd\",\"datePublished\":\"2019-08-30T16:08:10+00:00\",\"dateModified\":\"2019-08-30T16:10:42+00:00\",\"mainEntityOfPage\":{\"@id\":\"https:\\\/\\\/lamostradevalencia.com\\\/ca\\\/la-mostra-aposta-pel-futur-del-cinema-palesti\\\/\"},\"wordCount\":704,\"commentCount\":0,\"image\":{\"@id\":\"https:\\\/\\\/lamostradevalencia.com\\\/ca\\\/la-mostra-aposta-pel-futur-del-cinema-palesti\\\/#primaryimage\"},\"thumbnailUrl\":\"https:\\\/\\\/lamostradevalencia.com\\\/wp-content\\\/uploads\\\/2019\\\/08\\\/Bonbone.jpg\",\"keywords\":[\"Curtmetratge\",\"Mostra de Val\u00e8ncia\",\"Palestina\"],\"articleSection\":[\"Noticies\"],\"inLanguage\":\"ca\",\"potentialAction\":[{\"@type\":\"CommentAction\",\"name\":\"Comment\",\"target\":[\"https:\\\/\\\/lamostradevalencia.com\\\/ca\\\/la-mostra-aposta-pel-futur-del-cinema-palesti\\\/#respond\"]}]},{\"@type\":\"WebPage\",\"@id\":\"https:\\\/\\\/lamostradevalencia.com\\\/ca\\\/la-mostra-aposta-pel-futur-del-cinema-palesti\\\/\",\"url\":\"https:\\\/\\\/lamostradevalencia.com\\\/ca\\\/la-mostra-aposta-pel-futur-del-cinema-palesti\\\/\",\"name\":\"LA MOSTRA APOSTA PEL FUTUR DEL CINEMA PALEST\u00cd\",\"isPartOf\":{\"@id\":\"https:\\\/\\\/lamostradevalencia.com\\\/ca\\\/#website\"},\"primaryImageOfPage\":{\"@id\":\"https:\\\/\\\/lamostradevalencia.com\\\/ca\\\/la-mostra-aposta-pel-futur-del-cinema-palesti\\\/#primaryimage\"},\"image\":{\"@id\":\"https:\\\/\\\/lamostradevalencia.com\\\/ca\\\/la-mostra-aposta-pel-futur-del-cinema-palesti\\\/#primaryimage\"},\"thumbnailUrl\":\"https:\\\/\\\/lamostradevalencia.com\\\/wp-content\\\/uploads\\\/2019\\\/08\\\/Bonbone.jpg\",\"datePublished\":\"2019-08-30T16:08:10+00:00\",\"dateModified\":\"2019-08-30T16:10:42+00:00\",\"author\":{\"@id\":\"https:\\\/\\\/lamostradevalencia.com\\\/ca\\\/#\\\/schema\\\/person\\\/1dc07e4df3d6310b81d2cdf6a034070c\"},\"description\":\"El festival projectar\u00e0 huit curts de cineastes emergents\",\"breadcrumb\":{\"@id\":\"https:\\\/\\\/lamostradevalencia.com\\\/ca\\\/la-mostra-aposta-pel-futur-del-cinema-palesti\\\/#breadcrumb\"},\"inLanguage\":\"ca\",\"potentialAction\":[{\"@type\":\"ReadAction\",\"target\":[\"https:\\\/\\\/lamostradevalencia.com\\\/ca\\\/la-mostra-aposta-pel-futur-del-cinema-palesti\\\/\"]}]},{\"@type\":\"ImageObject\",\"inLanguage\":\"ca\",\"@id\":\"https:\\\/\\\/lamostradevalencia.com\\\/ca\\\/la-mostra-aposta-pel-futur-del-cinema-palesti\\\/#primaryimage\",\"url\":\"https:\\\/\\\/lamostradevalencia.com\\\/wp-content\\\/uploads\\\/2019\\\/08\\\/Bonbone.jpg\",\"contentUrl\":\"https:\\\/\\\/lamostradevalencia.com\\\/wp-content\\\/uploads\\\/2019\\\/08\\\/Bonbone.jpg\",\"width\":1280,\"height\":720,\"caption\":\"Bonbone\"},{\"@type\":\"BreadcrumbList\",\"@id\":\"https:\\\/\\\/lamostradevalencia.com\\\/ca\\\/la-mostra-aposta-pel-futur-del-cinema-palesti\\\/#breadcrumb\",\"itemListElement\":[{\"@type\":\"ListItem\",\"position\":1,\"name\":\"Portada\",\"item\":\"https:\\\/\\\/lamostradevalencia.com\\\/ca\\\/\"},{\"@type\":\"ListItem\",\"position\":2,\"name\":\"LA MOSTRA APOSTA PEL FUTUR DEL CINEMA PALEST\u00cd\"}]},{\"@type\":\"WebSite\",\"@id\":\"https:\\\/\\\/lamostradevalencia.com\\\/ca\\\/#website\",\"url\":\"https:\\\/\\\/lamostradevalencia.com\\\/ca\\\/\",\"name\":\"Mostra de Val\u00e8ncia\",\"description\":\"Cinema del Mediterrani\",\"potentialAction\":[{\"@type\":\"SearchAction\",\"target\":{\"@type\":\"EntryPoint\",\"urlTemplate\":\"https:\\\/\\\/lamostradevalencia.com\\\/ca\\\/?s={search_term_string}\"},\"query-input\":{\"@type\":\"PropertyValueSpecification\",\"valueRequired\":true,\"valueName\":\"search_term_string\"}}],\"inLanguage\":\"ca\"},{\"@type\":\"Person\",\"@id\":\"https:\\\/\\\/lamostradevalencia.com\\\/ca\\\/#\\\/schema\\\/person\\\/1dc07e4df3d6310b81d2cdf6a034070c\",\"name\":\"Mostra de Val\u00e8ncia\",\"image\":{\"@type\":\"ImageObject\",\"inLanguage\":\"ca\",\"@id\":\"https:\\\/\\\/secure.gravatar.com\\\/avatar\\\/ada4dfd699a9907706987adb1bb2b361c2613ccca474b49b8c648de5208e32f8?s=96&d=mm&r=g\",\"url\":\"https:\\\/\\\/secure.gravatar.com\\\/avatar\\\/ada4dfd699a9907706987adb1bb2b361c2613ccca474b49b8c648de5208e32f8?s=96&d=mm&r=g\",\"contentUrl\":\"https:\\\/\\\/secure.gravatar.com\\\/avatar\\\/ada4dfd699a9907706987adb1bb2b361c2613ccca474b49b8c648de5208e32f8?s=96&d=mm&r=g\",\"caption\":\"Mostra de Val\u00e8ncia\"}}]}<\/script>\n<!-- \/ Yoast SEO plugin. -->","yoast_head_json":{"title":"LA MOSTRA APOSTA PEL FUTUR DEL CINEMA PALEST\u00cd","description":"El festival projectar\u00e0 huit curts de cineastes emergents","robots":{"index":"index","follow":"follow","max-snippet":"max-snippet:-1","max-image-preview":"max-image-preview:large","max-video-preview":"max-video-preview:-1"},"canonical":"https:\/\/lamostradevalencia.com\/ca\/la-mostra-aposta-pel-futur-del-cinema-palesti\/","og_locale":"ca_ES","og_type":"article","og_title":"LA MOSTRA APOSTA PEL FUTUR DEL CINEMA PALEST\u00cd","og_description":"El festival projectar\u00e0 huit curts de cineastes emergents","og_url":"https:\/\/lamostradevalencia.com\/ca\/la-mostra-aposta-pel-futur-del-cinema-palesti\/","og_site_name":"Mostra de Val\u00e8ncia","article_published_time":"2019-08-30T16:08:10+00:00","article_modified_time":"2019-08-30T16:10:42+00:00","og_image":[{"width":1280,"height":720,"url":"https:\/\/lamostradevalencia.com\/wp-content\/uploads\/2019\/08\/Bonbone.jpg","type":"image\/jpeg"}],"author":"Mostra de Val\u00e8ncia","twitter_card":"summary_large_image","twitter_misc":{"Escrit per":"Mostra de Val\u00e8ncia","Temps estimat de lectura":"3 minuts"},"schema":{"@context":"https:\/\/schema.org","@graph":[{"@type":"Article","@id":"https:\/\/lamostradevalencia.com\/ca\/la-mostra-aposta-pel-futur-del-cinema-palesti\/#article","isPartOf":{"@id":"https:\/\/lamostradevalencia.com\/ca\/la-mostra-aposta-pel-futur-del-cinema-palesti\/"},"author":{"name":"Mostra de Val\u00e8ncia","@id":"https:\/\/lamostradevalencia.com\/ca\/#\/schema\/person\/1dc07e4df3d6310b81d2cdf6a034070c"},"headline":"LA MOSTRA APOSTA PEL FUTUR DEL CINEMA PALEST\u00cd","datePublished":"2019-08-30T16:08:10+00:00","dateModified":"2019-08-30T16:10:42+00:00","mainEntityOfPage":{"@id":"https:\/\/lamostradevalencia.com\/ca\/la-mostra-aposta-pel-futur-del-cinema-palesti\/"},"wordCount":704,"commentCount":0,"image":{"@id":"https:\/\/lamostradevalencia.com\/ca\/la-mostra-aposta-pel-futur-del-cinema-palesti\/#primaryimage"},"thumbnailUrl":"https:\/\/lamostradevalencia.com\/wp-content\/uploads\/2019\/08\/Bonbone.jpg","keywords":["Curtmetratge","Mostra de Val\u00e8ncia","Palestina"],"articleSection":["Noticies"],"inLanguage":"ca","potentialAction":[{"@type":"CommentAction","name":"Comment","target":["https:\/\/lamostradevalencia.com\/ca\/la-mostra-aposta-pel-futur-del-cinema-palesti\/#respond"]}]},{"@type":"WebPage","@id":"https:\/\/lamostradevalencia.com\/ca\/la-mostra-aposta-pel-futur-del-cinema-palesti\/","url":"https:\/\/lamostradevalencia.com\/ca\/la-mostra-aposta-pel-futur-del-cinema-palesti\/","name":"LA MOSTRA APOSTA PEL FUTUR DEL CINEMA PALEST\u00cd","isPartOf":{"@id":"https:\/\/lamostradevalencia.com\/ca\/#website"},"primaryImageOfPage":{"@id":"https:\/\/lamostradevalencia.com\/ca\/la-mostra-aposta-pel-futur-del-cinema-palesti\/#primaryimage"},"image":{"@id":"https:\/\/lamostradevalencia.com\/ca\/la-mostra-aposta-pel-futur-del-cinema-palesti\/#primaryimage"},"thumbnailUrl":"https:\/\/lamostradevalencia.com\/wp-content\/uploads\/2019\/08\/Bonbone.jpg","datePublished":"2019-08-30T16:08:10+00:00","dateModified":"2019-08-30T16:10:42+00:00","author":{"@id":"https:\/\/lamostradevalencia.com\/ca\/#\/schema\/person\/1dc07e4df3d6310b81d2cdf6a034070c"},"description":"El festival projectar\u00e0 huit curts de cineastes emergents","breadcrumb":{"@id":"https:\/\/lamostradevalencia.com\/ca\/la-mostra-aposta-pel-futur-del-cinema-palesti\/#breadcrumb"},"inLanguage":"ca","potentialAction":[{"@type":"ReadAction","target":["https:\/\/lamostradevalencia.com\/ca\/la-mostra-aposta-pel-futur-del-cinema-palesti\/"]}]},{"@type":"ImageObject","inLanguage":"ca","@id":"https:\/\/lamostradevalencia.com\/ca\/la-mostra-aposta-pel-futur-del-cinema-palesti\/#primaryimage","url":"https:\/\/lamostradevalencia.com\/wp-content\/uploads\/2019\/08\/Bonbone.jpg","contentUrl":"https:\/\/lamostradevalencia.com\/wp-content\/uploads\/2019\/08\/Bonbone.jpg","width":1280,"height":720,"caption":"Bonbone"},{"@type":"BreadcrumbList","@id":"https:\/\/lamostradevalencia.com\/ca\/la-mostra-aposta-pel-futur-del-cinema-palesti\/#breadcrumb","itemListElement":[{"@type":"ListItem","position":1,"name":"Portada","item":"https:\/\/lamostradevalencia.com\/ca\/"},{"@type":"ListItem","position":2,"name":"LA MOSTRA APOSTA PEL FUTUR DEL CINEMA PALEST\u00cd"}]},{"@type":"WebSite","@id":"https:\/\/lamostradevalencia.com\/ca\/#website","url":"https:\/\/lamostradevalencia.com\/ca\/","name":"Mostra de Val\u00e8ncia","description":"Cinema del Mediterrani","potentialAction":[{"@type":"SearchAction","target":{"@type":"EntryPoint","urlTemplate":"https:\/\/lamostradevalencia.com\/ca\/?s={search_term_string}"},"query-input":{"@type":"PropertyValueSpecification","valueRequired":true,"valueName":"search_term_string"}}],"inLanguage":"ca"},{"@type":"Person","@id":"https:\/\/lamostradevalencia.com\/ca\/#\/schema\/person\/1dc07e4df3d6310b81d2cdf6a034070c","name":"Mostra de Val\u00e8ncia","image":{"@type":"ImageObject","inLanguage":"ca","@id":"https:\/\/secure.gravatar.com\/avatar\/ada4dfd699a9907706987adb1bb2b361c2613ccca474b49b8c648de5208e32f8?s=96&d=mm&r=g","url":"https:\/\/secure.gravatar.com\/avatar\/ada4dfd699a9907706987adb1bb2b361c2613ccca474b49b8c648de5208e32f8?s=96&d=mm&r=g","contentUrl":"https:\/\/secure.gravatar.com\/avatar\/ada4dfd699a9907706987adb1bb2b361c2613ccca474b49b8c648de5208e32f8?s=96&d=mm&r=g","caption":"Mostra de Val\u00e8ncia"}}]}},"uagb_featured_image_src":{"full":["https:\/\/lamostradevalencia.com\/wp-content\/uploads\/2019\/08\/Bonbone.jpg",1280,720,false],"thumbnail":["https:\/\/lamostradevalencia.com\/wp-content\/uploads\/2019\/08\/Bonbone-150x150.jpg",150,150,true],"medium":["https:\/\/lamostradevalencia.com\/wp-content\/uploads\/2019\/08\/Bonbone-300x169.jpg",300,169,true],"medium_large":["https:\/\/lamostradevalencia.com\/wp-content\/uploads\/2019\/08\/Bonbone-768x432.jpg",768,432,true],"large":["https:\/\/lamostradevalencia.com\/wp-content\/uploads\/2019\/08\/Bonbone-1024x576.jpg",1024,576,true],"1536x1536":["https:\/\/lamostradevalencia.com\/wp-content\/uploads\/2019\/08\/Bonbone.jpg",1280,720,false],"2048x2048":["https:\/\/lamostradevalencia.com\/wp-content\/uploads\/2019\/08\/Bonbone.jpg",1280,720,false],"cinerama_edge_image_square":["https:\/\/lamostradevalencia.com\/wp-content\/uploads\/2019\/08\/Bonbone-550x550.jpg",550,550,true],"cinerama_edge_image_landscape":["https:\/\/lamostradevalencia.com\/wp-content\/uploads\/2019\/08\/Bonbone-1100x550.jpg",1100,550,true],"cinerama_edge_image_portrait":["https:\/\/lamostradevalencia.com\/wp-content\/uploads\/2019\/08\/Bonbone-550x720.jpg",550,720,true],"cinerama_edge_image_huge":["https:\/\/lamostradevalencia.com\/wp-content\/uploads\/2019\/08\/Bonbone-1100x720.jpg",1100,720,true],"gform-image-choice-sm":["https:\/\/lamostradevalencia.com\/wp-content\/uploads\/2019\/08\/Bonbone.jpg",300,169,false],"gform-image-choice-md":["https:\/\/lamostradevalencia.com\/wp-content\/uploads\/2019\/08\/Bonbone.jpg",400,225,false],"gform-image-choice-lg":["https:\/\/lamostradevalencia.com\/wp-content\/uploads\/2019\/08\/Bonbone.jpg",600,338,false]},"uagb_author_info":{"display_name":"Mostra de Val\u00e8ncia","author_link":"https:\/\/lamostradevalencia.com\/ca\/author\/mostravalencia\/"},"uagb_comment_info":0,"uagb_excerpt":"\u201cEl que va comen\u00e7ar com una iniciativa per a ajudar els cineastes joves ha madurat fins a convertir-se en un Laboratori Cinematogr\u00e0fic on s&#8217;aborden les [&hellip;]","_links":{"self":[{"href":"https:\/\/lamostradevalencia.com\/ca\/wp-json\/wp\/v2\/posts\/3193","targetHints":{"allow":["GET"]}}],"collection":[{"href":"https:\/\/lamostradevalencia.com\/ca\/wp-json\/wp\/v2\/posts"}],"about":[{"href":"https:\/\/lamostradevalencia.com\/ca\/wp-json\/wp\/v2\/types\/post"}],"author":[{"embeddable":true,"href":"https:\/\/lamostradevalencia.com\/ca\/wp-json\/wp\/v2\/users\/1"}],"replies":[{"embeddable":true,"href":"https:\/\/lamostradevalencia.com\/ca\/wp-json\/wp\/v2\/comments?post=3193"}],"version-history":[{"count":1,"href":"https:\/\/lamostradevalencia.com\/ca\/wp-json\/wp\/v2\/posts\/3193\/revisions"}],"predecessor-version":[{"id":3194,"href":"https:\/\/lamostradevalencia.com\/ca\/wp-json\/wp\/v2\/posts\/3193\/revisions\/3194"}],"wp:featuredmedia":[{"embeddable":true,"href":"https:\/\/lamostradevalencia.com\/ca\/wp-json\/wp\/v2\/media\/3181"}],"wp:attachment":[{"href":"https:\/\/lamostradevalencia.com\/ca\/wp-json\/wp\/v2\/media?parent=3193"}],"wp:term":[{"taxonomy":"category","embeddable":true,"href":"https:\/\/lamostradevalencia.com\/ca\/wp-json\/wp\/v2\/categories?post=3193"},{"taxonomy":"post_tag","embeddable":true,"href":"https:\/\/lamostradevalencia.com\/ca\/wp-json\/wp\/v2\/tags?post=3193"}],"curies":[{"name":"wp","href":"https:\/\/api.w.org\/{rel}","templated":true}]}}