{"id":3175,"date":"2019-08-29T10:51:09","date_gmt":"2019-08-29T08:51:09","guid":{"rendered":"https:\/\/lamostradevalencia.com\/mostra-de-valencia-ret-homenatge-al-cineasta-valencia-toni-canet\/"},"modified":"2019-08-29T10:58:26","modified_gmt":"2019-08-29T08:58:26","slug":"mostra-de-valencia-ret-homenatge-al-cineasta-valencia-toni-canet","status":"publish","type":"post","link":"https:\/\/lamostradevalencia.com\/ca\/mostra-de-valencia-ret-homenatge-al-cineasta-valencia-toni-canet\/","title":{"rendered":"Mostra de Val\u00e8ncia ret homenatge al cineasta valenci\u00e0 Toni Canet"},"content":{"rendered":"\n<p><strong><span id=\"m_7342908265076626393gmail-docs-internal-guid-425c0bad-7fff-affe-adf0-64d5ed9e15dd\">Canet, director de pel\u00b7l\u00edcules com &#8216;Las alas de la vida&#8217; o &#8216;La camisa de la serp&#8217; i mort el novembre passat, ser\u00e0 objecte d&#8217;un homenatge en la 34 edici\u00f3 de Mostra de Val\u00e8ncia-Cinema del Mediterrani<\/span><\/strong><\/p>\n\n<p>El director, productor i guionista rebr\u00e0 un homenatge &#8220;in memoriam&#8221;, que inclour\u00e0 la projecci\u00f3 de la seua pel\u00b7l\u00edcula p\u00f2stuma &#8220;Cal\u00e7 blanca, negro carb\u00f3n&#8221; en la gala inaugural del festival, un cicle que repassar\u00e0 tota la seua filmografia com a director i l&#8217;edici\u00f3 del llibre &#8220;El fill del calciner&#8221;, escrit pel periodista Carlos Aimeur.<\/p>\n\n<p>Es tracta d&#8217;un homenatge a &#8220;un artes\u00e0 que va saber manejar tots els ressorts del seu ofici i un artista amb una visi\u00f3 pr\u00f2pia del m\u00f3n&#8221;, assenyala Gloria Tello, Regidora de Patrimoni i Recursos Culturals.<\/p>\n\n<p>La 34 edici\u00f3 de la Mostra s&#8217;inaugurar\u00e0 el pr\u00f2xim 24 d&#8217;octubre en el Teatre Principal amb la projecci\u00f3 de &#8220;Cal\u00e7 blanca, negro carb\u00f3n&#8221; (2017), l&#8217;\u00faltima pel\u00b7l\u00edcula del &#8220;narrador del poble&#8221;. El film, que compta amb una participaci\u00f3 molt activa de Toni Canet, reviu els processos de la producci\u00f3 tradicional de cal\u00e7 i carb\u00f3 i mostra els vincles que unixen els pobles i zones rurals que han cultivat estes t\u00e8cniques durant segles. El film est\u00e0 rodat entre Formiche Alto (Terol), on un col\u00b7lectiu vol recuperar les \u00faltimes carboneres perqu\u00e8 almenys quede record de la seua exist\u00e8ncia, i la poblaci\u00f3 valenciana de Llutxent, on un grup de ve\u00efns impulsa la posada en valor dels seus forns de cal\u00e7.<\/p>\n\n<p><span id=\"m_7342908265076626393gmail-docs-internal-guid-425c0bad-7fff-affe-adf0-64d5ed9e15dd\">Juntament amb l&#8217;estrena de la pel\u00b7l\u00edcula, Mostra de Val\u00e8ncia-Cinema del Mediterrani repassar\u00e0 la filmografia del director amb la projecci\u00f3 de les pel\u00b7l\u00edcules &#8221;Amanece como puedas&#8217; (1988) i &#8216;La camisa de la serp&#8217; (1996), dos com\u00e8dies juvenils que van suposar l&#8217;enlairament de la seua carrera, aix\u00ed com &#8216;Las alas de la vida&#8217; (2006), que va obtindre el Premi al Millor Documental en la Seminci i \u00e9s un impressionant testimoniatge sobre la mort. Un acostament en clau documental a les disquisicions m\u00e8diques, metaf\u00edsiques i familiars d&#8217;un home, Carlos Cristos, que lluita contra una malaltia neurodegenerativa i de la qual a penes existixen l\u00ednies d&#8217;investigaci\u00f3<\/span>.<\/p>\n\n<p>A m\u00e9s, Mostra de Val\u00e8ncia, en col\u00b7laboraci\u00f3 amb l&#8217;Institut Valenci\u00e0 de Cultura i la Fundaci\u00f3 SGAE, publicar\u00e0 &#8220;El fill del calciner&#8221;, del periodista i escriptor Carlos Aimeur. Un llibre que reconstru\u00efx la vida i obra de Toni Canet a trav\u00e9s dels testimoniatges d&#8217;amics, companys i familiars. &#8220;Canet era fascinant. Una persona plena de vitalitat, d&#8217;honestedat i amb una capacitat enorme per a aconseguir molt amb tot just res&#8221;, apunta Aimeur.<\/p>\n\n<p>Canet, que el novembre de 2108 va ser objecte de reconeixement p\u00f2stum en la primera gala dels Premis de l&#8217;Audiovisual Valenci\u00e0, va ser un cineasta molt vinculat amb la Mostra de Val\u00e8ncia-Cinema del Mediterrani, on &#8216;La camisa de la serp&#8217; va competir en Secci\u00f3 Oficial i &#8216;Las alas de la vida&#8217; va guanyar el Premi al Millor Documental.<\/p>\n\n<p><strong>Biografia<\/strong><\/p>\n\n<p>Toni Canet va estudiar Art Dram\u00e0tic. En 1984 va crear la productora Doll d&#8217;Estels, amb la qual realitz\u00e0 diversos documentals institucionals i espots publicitaris per a televisi\u00f3. En 1988, escriu, dirigix i produ\u00efx la seua primera pel\u00b7l\u00edcula, la com\u00e8dia &#8216;Amanece como puedas&#8217;, seleccionada per al Festival del Caire i premi a la millor pel\u00b7l\u00edcula en la VI Mostra de Cinema de Catalunya. Canet tamb\u00e9 va dirigir &#8216;La camisa de la serp&#8217; (1996) i &#8216;Las alas de la vida&#8217; (2006).<\/p>\n\n<p>Al 2007, va participar en la pel\u00b7l\u00edcula col\u00b7lectiva &#8216;Ja en tenim prou&#8217;. Toni Canet va treballar per a Canal 9 dirigint s\u00e8ries documentals com &#8216;Solfa \u00edntima&#8217; (1990), &#8216;Cr\u00f2nica amarga&#8217; (1991) i &#8216;Viatjar sense bitllet&#8217; (1998), aix\u00ed com &#8216;Benifotrem&#8217; (1985), que va ser la primera s\u00e8rie de ficcin de producci\u00f3 pr\u00f2pia realitzada per la televisi\u00f3 auton\u00f2mica.<\/p>\n\n<figure class=\"wp-block-embed-youtube wp-block-embed is-type-video is-provider-youtube wp-embed-aspect-16-9 wp-has-aspect-ratio\"><div class=\"wp-block-embed__wrapper\">\n<iframe loading=\"lazy\" title=\"Cal\u00e7 Blanca - Clip de la pel\u00b7l\u00edcula\" width=\"1100\" height=\"619\" src=\"https:\/\/www.youtube.com\/embed\/6gsjOi4nYYg?feature=oembed\" frameborder=\"0\" allow=\"accelerometer; autoplay; encrypted-media; gyroscope; picture-in-picture\" allowfullscreen><\/iframe>\n<\/div><\/figure>","protected":false},"excerpt":{"rendered":"<p>Canet, director de pel\u00b7l\u00edcules com &#8216;Las alas de la vida&#8217; o &#8216;La camisa de la serp&#8217; i mort el novembre passat, ser\u00e0 objecte d&#8217;un homenatge [&hellip;]<\/p>\n","protected":false},"author":1,"featured_media":3266,"comment_status":"open","ping_status":"open","sticky":false,"template":"","format":"standard","meta":{"_uag_custom_page_level_css":"","_jet_sm_ready_style":"","_jet_sm_style":"","_jet_sm_controls_values":"","_jet_sm_fonts_collection":"","_jet_sm_fonts_links":"","footnotes":""},"categories":[31],"tags":[1047,1046,1038,464],"class_list":["post-3175","post","type-post","status-publish","format-standard","has-post-thumbnail","hentry","category-uncategorized-ca","tag-cinema-valencia-ca","tag-cinema-valencia","tag-mostra-de-valencia-ca","tag-mostra-de-valencia"],"yoast_head":"<!-- This site is optimized with the Yoast SEO plugin v27.5 - https:\/\/yoast.com\/product\/yoast-seo-wordpress\/ -->\n<title>Mostra de Val\u00e8ncia ret homenatge al cineasta valenci\u00e0 Toni Canet<\/title>\n<meta name=\"description\" content=\"El festival s&#039;inaugurar\u00e0 amb la seua pel\u00b7l\u00edcula p\u00f2stuma i editar\u00e0 un llibre sobre la seua figura\" \/>\n<meta name=\"robots\" content=\"index, follow, max-snippet:-1, max-image-preview:large, max-video-preview:-1\" \/>\n<link rel=\"canonical\" href=\"https:\/\/lamostradevalencia.com\/ca\/mostra-de-valencia-ret-homenatge-al-cineasta-valencia-toni-canet\/\" \/>\n<meta property=\"og:locale\" content=\"ca_ES\" \/>\n<meta property=\"og:type\" content=\"article\" \/>\n<meta property=\"og:title\" content=\"Mostra de Val\u00e8ncia ret homenatge al cineasta valenci\u00e0 Toni Canet\" \/>\n<meta property=\"og:description\" content=\"El festival s&#039;inaugurar\u00e0 amb la seua pel\u00b7l\u00edcula p\u00f2stuma i editar\u00e0 un llibre sobre la seua figura\" \/>\n<meta property=\"og:url\" content=\"https:\/\/lamostradevalencia.com\/ca\/mostra-de-valencia-ret-homenatge-al-cineasta-valencia-toni-canet\/\" \/>\n<meta property=\"og:site_name\" content=\"Mostra de Val\u00e8ncia\" \/>\n<meta property=\"article:published_time\" content=\"2019-08-29T08:51:09+00:00\" \/>\n<meta property=\"article:modified_time\" content=\"2019-08-29T08:58:26+00:00\" \/>\n<meta property=\"og:image\" content=\"https:\/\/lamostradevalencia.com\/wp-content\/uploads\/2019\/08\/Toni-Canet-Foto-PRATS-I-CAMPS-1.jpg\" \/>\n\t<meta property=\"og:image:width\" content=\"1281\" \/>\n\t<meta property=\"og:image:height\" content=\"833\" \/>\n\t<meta property=\"og:image:type\" content=\"image\/jpeg\" \/>\n<meta name=\"author\" content=\"Mostra de Val\u00e8ncia\" \/>\n<meta name=\"twitter:card\" content=\"summary_large_image\" \/>\n<meta name=\"twitter:label1\" content=\"Escrit per\" \/>\n\t<meta name=\"twitter:data1\" content=\"Mostra de Val\u00e8ncia\" \/>\n\t<meta name=\"twitter:label2\" content=\"Temps estimat de lectura\" \/>\n\t<meta name=\"twitter:data2\" content=\"3 minuts\" \/>\n<script type=\"application\/ld+json\" class=\"yoast-schema-graph\">{\"@context\":\"https:\\\/\\\/schema.org\",\"@graph\":[{\"@type\":\"Article\",\"@id\":\"https:\\\/\\\/lamostradevalencia.com\\\/ca\\\/mostra-de-valencia-ret-homenatge-al-cineasta-valencia-toni-canet\\\/#article\",\"isPartOf\":{\"@id\":\"https:\\\/\\\/lamostradevalencia.com\\\/ca\\\/mostra-de-valencia-ret-homenatge-al-cineasta-valencia-toni-canet\\\/\"},\"author\":{\"name\":\"Mostra de Val\u00e8ncia\",\"@id\":\"https:\\\/\\\/lamostradevalencia.com\\\/ca\\\/#\\\/schema\\\/person\\\/1dc07e4df3d6310b81d2cdf6a034070c\"},\"headline\":\"Mostra de Val\u00e8ncia ret homenatge al cineasta valenci\u00e0 Toni Canet\",\"datePublished\":\"2019-08-29T08:51:09+00:00\",\"dateModified\":\"2019-08-29T08:58:26+00:00\",\"mainEntityOfPage\":{\"@id\":\"https:\\\/\\\/lamostradevalencia.com\\\/ca\\\/mostra-de-valencia-ret-homenatge-al-cineasta-valencia-toni-canet\\\/\"},\"wordCount\":668,\"commentCount\":0,\"image\":{\"@id\":\"https:\\\/\\\/lamostradevalencia.com\\\/ca\\\/mostra-de-valencia-ret-homenatge-al-cineasta-valencia-toni-canet\\\/#primaryimage\"},\"thumbnailUrl\":\"https:\\\/\\\/lamostradevalencia.com\\\/wp-content\\\/uploads\\\/2019\\\/08\\\/Toni-Canet-Foto-PRATS-I-CAMPS-1.jpg\",\"keywords\":[\"Cinema valenci\u00e0\",\"Cinema valenci\u00e0\",\"Mostra de Val\u00e8ncia\",\"Mostra de Val\u00e8ncia\"],\"articleSection\":[\"Uncategorized @ca\"],\"inLanguage\":\"ca\",\"potentialAction\":[{\"@type\":\"CommentAction\",\"name\":\"Comment\",\"target\":[\"https:\\\/\\\/lamostradevalencia.com\\\/ca\\\/mostra-de-valencia-ret-homenatge-al-cineasta-valencia-toni-canet\\\/#respond\"]}]},{\"@type\":\"WebPage\",\"@id\":\"https:\\\/\\\/lamostradevalencia.com\\\/ca\\\/mostra-de-valencia-ret-homenatge-al-cineasta-valencia-toni-canet\\\/\",\"url\":\"https:\\\/\\\/lamostradevalencia.com\\\/ca\\\/mostra-de-valencia-ret-homenatge-al-cineasta-valencia-toni-canet\\\/\",\"name\":\"Mostra de Val\u00e8ncia ret homenatge al cineasta valenci\u00e0 Toni Canet\",\"isPartOf\":{\"@id\":\"https:\\\/\\\/lamostradevalencia.com\\\/ca\\\/#website\"},\"primaryImageOfPage\":{\"@id\":\"https:\\\/\\\/lamostradevalencia.com\\\/ca\\\/mostra-de-valencia-ret-homenatge-al-cineasta-valencia-toni-canet\\\/#primaryimage\"},\"image\":{\"@id\":\"https:\\\/\\\/lamostradevalencia.com\\\/ca\\\/mostra-de-valencia-ret-homenatge-al-cineasta-valencia-toni-canet\\\/#primaryimage\"},\"thumbnailUrl\":\"https:\\\/\\\/lamostradevalencia.com\\\/wp-content\\\/uploads\\\/2019\\\/08\\\/Toni-Canet-Foto-PRATS-I-CAMPS-1.jpg\",\"datePublished\":\"2019-08-29T08:51:09+00:00\",\"dateModified\":\"2019-08-29T08:58:26+00:00\",\"author\":{\"@id\":\"https:\\\/\\\/lamostradevalencia.com\\\/ca\\\/#\\\/schema\\\/person\\\/1dc07e4df3d6310b81d2cdf6a034070c\"},\"description\":\"El festival s'inaugurar\u00e0 amb la seua pel\u00b7l\u00edcula p\u00f2stuma i editar\u00e0 un llibre sobre la seua figura\",\"breadcrumb\":{\"@id\":\"https:\\\/\\\/lamostradevalencia.com\\\/ca\\\/mostra-de-valencia-ret-homenatge-al-cineasta-valencia-toni-canet\\\/#breadcrumb\"},\"inLanguage\":\"ca\",\"potentialAction\":[{\"@type\":\"ReadAction\",\"target\":[\"https:\\\/\\\/lamostradevalencia.com\\\/ca\\\/mostra-de-valencia-ret-homenatge-al-cineasta-valencia-toni-canet\\\/\"]}]},{\"@type\":\"ImageObject\",\"inLanguage\":\"ca\",\"@id\":\"https:\\\/\\\/lamostradevalencia.com\\\/ca\\\/mostra-de-valencia-ret-homenatge-al-cineasta-valencia-toni-canet\\\/#primaryimage\",\"url\":\"https:\\\/\\\/lamostradevalencia.com\\\/wp-content\\\/uploads\\\/2019\\\/08\\\/Toni-Canet-Foto-PRATS-I-CAMPS-1.jpg\",\"contentUrl\":\"https:\\\/\\\/lamostradevalencia.com\\\/wp-content\\\/uploads\\\/2019\\\/08\\\/Toni-Canet-Foto-PRATS-I-CAMPS-1.jpg\",\"width\":1281,\"height\":833,\"caption\":\"Toni Canet (Foto PRATS I CAMPS)\"},{\"@type\":\"BreadcrumbList\",\"@id\":\"https:\\\/\\\/lamostradevalencia.com\\\/ca\\\/mostra-de-valencia-ret-homenatge-al-cineasta-valencia-toni-canet\\\/#breadcrumb\",\"itemListElement\":[{\"@type\":\"ListItem\",\"position\":1,\"name\":\"Portada\",\"item\":\"https:\\\/\\\/lamostradevalencia.com\\\/ca\\\/\"},{\"@type\":\"ListItem\",\"position\":2,\"name\":\"Mostra de Val\u00e8ncia ret homenatge al cineasta valenci\u00e0 Toni Canet\"}]},{\"@type\":\"WebSite\",\"@id\":\"https:\\\/\\\/lamostradevalencia.com\\\/ca\\\/#website\",\"url\":\"https:\\\/\\\/lamostradevalencia.com\\\/ca\\\/\",\"name\":\"Mostra de Val\u00e8ncia\",\"description\":\"Cinema del Mediterrani\",\"potentialAction\":[{\"@type\":\"SearchAction\",\"target\":{\"@type\":\"EntryPoint\",\"urlTemplate\":\"https:\\\/\\\/lamostradevalencia.com\\\/ca\\\/?s={search_term_string}\"},\"query-input\":{\"@type\":\"PropertyValueSpecification\",\"valueRequired\":true,\"valueName\":\"search_term_string\"}}],\"inLanguage\":\"ca\"},{\"@type\":\"Person\",\"@id\":\"https:\\\/\\\/lamostradevalencia.com\\\/ca\\\/#\\\/schema\\\/person\\\/1dc07e4df3d6310b81d2cdf6a034070c\",\"name\":\"Mostra de Val\u00e8ncia\",\"image\":{\"@type\":\"ImageObject\",\"inLanguage\":\"ca\",\"@id\":\"https:\\\/\\\/secure.gravatar.com\\\/avatar\\\/ada4dfd699a9907706987adb1bb2b361c2613ccca474b49b8c648de5208e32f8?s=96&d=mm&r=g\",\"url\":\"https:\\\/\\\/secure.gravatar.com\\\/avatar\\\/ada4dfd699a9907706987adb1bb2b361c2613ccca474b49b8c648de5208e32f8?s=96&d=mm&r=g\",\"contentUrl\":\"https:\\\/\\\/secure.gravatar.com\\\/avatar\\\/ada4dfd699a9907706987adb1bb2b361c2613ccca474b49b8c648de5208e32f8?s=96&d=mm&r=g\",\"caption\":\"Mostra de Val\u00e8ncia\"}}]}<\/script>\n<!-- \/ Yoast SEO plugin. -->","yoast_head_json":{"title":"Mostra de Val\u00e8ncia ret homenatge al cineasta valenci\u00e0 Toni Canet","description":"El festival s'inaugurar\u00e0 amb la seua pel\u00b7l\u00edcula p\u00f2stuma i editar\u00e0 un llibre sobre la seua figura","robots":{"index":"index","follow":"follow","max-snippet":"max-snippet:-1","max-image-preview":"max-image-preview:large","max-video-preview":"max-video-preview:-1"},"canonical":"https:\/\/lamostradevalencia.com\/ca\/mostra-de-valencia-ret-homenatge-al-cineasta-valencia-toni-canet\/","og_locale":"ca_ES","og_type":"article","og_title":"Mostra de Val\u00e8ncia ret homenatge al cineasta valenci\u00e0 Toni Canet","og_description":"El festival s'inaugurar\u00e0 amb la seua pel\u00b7l\u00edcula p\u00f2stuma i editar\u00e0 un llibre sobre la seua figura","og_url":"https:\/\/lamostradevalencia.com\/ca\/mostra-de-valencia-ret-homenatge-al-cineasta-valencia-toni-canet\/","og_site_name":"Mostra de Val\u00e8ncia","article_published_time":"2019-08-29T08:51:09+00:00","article_modified_time":"2019-08-29T08:58:26+00:00","og_image":[{"width":1281,"height":833,"url":"https:\/\/lamostradevalencia.com\/wp-content\/uploads\/2019\/08\/Toni-Canet-Foto-PRATS-I-CAMPS-1.jpg","type":"image\/jpeg"}],"author":"Mostra de Val\u00e8ncia","twitter_card":"summary_large_image","twitter_misc":{"Escrit per":"Mostra de Val\u00e8ncia","Temps estimat de lectura":"3 minuts"},"schema":{"@context":"https:\/\/schema.org","@graph":[{"@type":"Article","@id":"https:\/\/lamostradevalencia.com\/ca\/mostra-de-valencia-ret-homenatge-al-cineasta-valencia-toni-canet\/#article","isPartOf":{"@id":"https:\/\/lamostradevalencia.com\/ca\/mostra-de-valencia-ret-homenatge-al-cineasta-valencia-toni-canet\/"},"author":{"name":"Mostra de Val\u00e8ncia","@id":"https:\/\/lamostradevalencia.com\/ca\/#\/schema\/person\/1dc07e4df3d6310b81d2cdf6a034070c"},"headline":"Mostra de Val\u00e8ncia ret homenatge al cineasta valenci\u00e0 Toni Canet","datePublished":"2019-08-29T08:51:09+00:00","dateModified":"2019-08-29T08:58:26+00:00","mainEntityOfPage":{"@id":"https:\/\/lamostradevalencia.com\/ca\/mostra-de-valencia-ret-homenatge-al-cineasta-valencia-toni-canet\/"},"wordCount":668,"commentCount":0,"image":{"@id":"https:\/\/lamostradevalencia.com\/ca\/mostra-de-valencia-ret-homenatge-al-cineasta-valencia-toni-canet\/#primaryimage"},"thumbnailUrl":"https:\/\/lamostradevalencia.com\/wp-content\/uploads\/2019\/08\/Toni-Canet-Foto-PRATS-I-CAMPS-1.jpg","keywords":["Cinema valenci\u00e0","Cinema valenci\u00e0","Mostra de Val\u00e8ncia","Mostra de Val\u00e8ncia"],"articleSection":["Uncategorized @ca"],"inLanguage":"ca","potentialAction":[{"@type":"CommentAction","name":"Comment","target":["https:\/\/lamostradevalencia.com\/ca\/mostra-de-valencia-ret-homenatge-al-cineasta-valencia-toni-canet\/#respond"]}]},{"@type":"WebPage","@id":"https:\/\/lamostradevalencia.com\/ca\/mostra-de-valencia-ret-homenatge-al-cineasta-valencia-toni-canet\/","url":"https:\/\/lamostradevalencia.com\/ca\/mostra-de-valencia-ret-homenatge-al-cineasta-valencia-toni-canet\/","name":"Mostra de Val\u00e8ncia ret homenatge al cineasta valenci\u00e0 Toni Canet","isPartOf":{"@id":"https:\/\/lamostradevalencia.com\/ca\/#website"},"primaryImageOfPage":{"@id":"https:\/\/lamostradevalencia.com\/ca\/mostra-de-valencia-ret-homenatge-al-cineasta-valencia-toni-canet\/#primaryimage"},"image":{"@id":"https:\/\/lamostradevalencia.com\/ca\/mostra-de-valencia-ret-homenatge-al-cineasta-valencia-toni-canet\/#primaryimage"},"thumbnailUrl":"https:\/\/lamostradevalencia.com\/wp-content\/uploads\/2019\/08\/Toni-Canet-Foto-PRATS-I-CAMPS-1.jpg","datePublished":"2019-08-29T08:51:09+00:00","dateModified":"2019-08-29T08:58:26+00:00","author":{"@id":"https:\/\/lamostradevalencia.com\/ca\/#\/schema\/person\/1dc07e4df3d6310b81d2cdf6a034070c"},"description":"El festival s'inaugurar\u00e0 amb la seua pel\u00b7l\u00edcula p\u00f2stuma i editar\u00e0 un llibre sobre la seua figura","breadcrumb":{"@id":"https:\/\/lamostradevalencia.com\/ca\/mostra-de-valencia-ret-homenatge-al-cineasta-valencia-toni-canet\/#breadcrumb"},"inLanguage":"ca","potentialAction":[{"@type":"ReadAction","target":["https:\/\/lamostradevalencia.com\/ca\/mostra-de-valencia-ret-homenatge-al-cineasta-valencia-toni-canet\/"]}]},{"@type":"ImageObject","inLanguage":"ca","@id":"https:\/\/lamostradevalencia.com\/ca\/mostra-de-valencia-ret-homenatge-al-cineasta-valencia-toni-canet\/#primaryimage","url":"https:\/\/lamostradevalencia.com\/wp-content\/uploads\/2019\/08\/Toni-Canet-Foto-PRATS-I-CAMPS-1.jpg","contentUrl":"https:\/\/lamostradevalencia.com\/wp-content\/uploads\/2019\/08\/Toni-Canet-Foto-PRATS-I-CAMPS-1.jpg","width":1281,"height":833,"caption":"Toni Canet (Foto PRATS I CAMPS)"},{"@type":"BreadcrumbList","@id":"https:\/\/lamostradevalencia.com\/ca\/mostra-de-valencia-ret-homenatge-al-cineasta-valencia-toni-canet\/#breadcrumb","itemListElement":[{"@type":"ListItem","position":1,"name":"Portada","item":"https:\/\/lamostradevalencia.com\/ca\/"},{"@type":"ListItem","position":2,"name":"Mostra de Val\u00e8ncia ret homenatge al cineasta valenci\u00e0 Toni Canet"}]},{"@type":"WebSite","@id":"https:\/\/lamostradevalencia.com\/ca\/#website","url":"https:\/\/lamostradevalencia.com\/ca\/","name":"Mostra de Val\u00e8ncia","description":"Cinema del Mediterrani","potentialAction":[{"@type":"SearchAction","target":{"@type":"EntryPoint","urlTemplate":"https:\/\/lamostradevalencia.com\/ca\/?s={search_term_string}"},"query-input":{"@type":"PropertyValueSpecification","valueRequired":true,"valueName":"search_term_string"}}],"inLanguage":"ca"},{"@type":"Person","@id":"https:\/\/lamostradevalencia.com\/ca\/#\/schema\/person\/1dc07e4df3d6310b81d2cdf6a034070c","name":"Mostra de Val\u00e8ncia","image":{"@type":"ImageObject","inLanguage":"ca","@id":"https:\/\/secure.gravatar.com\/avatar\/ada4dfd699a9907706987adb1bb2b361c2613ccca474b49b8c648de5208e32f8?s=96&d=mm&r=g","url":"https:\/\/secure.gravatar.com\/avatar\/ada4dfd699a9907706987adb1bb2b361c2613ccca474b49b8c648de5208e32f8?s=96&d=mm&r=g","contentUrl":"https:\/\/secure.gravatar.com\/avatar\/ada4dfd699a9907706987adb1bb2b361c2613ccca474b49b8c648de5208e32f8?s=96&d=mm&r=g","caption":"Mostra de Val\u00e8ncia"}}]}},"uagb_featured_image_src":{"full":["https:\/\/lamostradevalencia.com\/wp-content\/uploads\/2019\/08\/Toni-Canet-Foto-PRATS-I-CAMPS-1.jpg",1281,833,false],"thumbnail":["https:\/\/lamostradevalencia.com\/wp-content\/uploads\/2019\/08\/Toni-Canet-Foto-PRATS-I-CAMPS-1-150x150.jpg",150,150,true],"medium":["https:\/\/lamostradevalencia.com\/wp-content\/uploads\/2019\/08\/Toni-Canet-Foto-PRATS-I-CAMPS-1-300x195.jpg",300,195,true],"medium_large":["https:\/\/lamostradevalencia.com\/wp-content\/uploads\/2019\/08\/Toni-Canet-Foto-PRATS-I-CAMPS-1-768x499.jpg",768,499,true],"large":["https:\/\/lamostradevalencia.com\/wp-content\/uploads\/2019\/08\/Toni-Canet-Foto-PRATS-I-CAMPS-1-1024x666.jpg",1024,666,true],"1536x1536":["https:\/\/lamostradevalencia.com\/wp-content\/uploads\/2019\/08\/Toni-Canet-Foto-PRATS-I-CAMPS-1.jpg",1281,833,false],"2048x2048":["https:\/\/lamostradevalencia.com\/wp-content\/uploads\/2019\/08\/Toni-Canet-Foto-PRATS-I-CAMPS-1.jpg",1281,833,false],"cinerama_edge_image_square":["https:\/\/lamostradevalencia.com\/wp-content\/uploads\/2019\/08\/Toni-Canet-Foto-PRATS-I-CAMPS-1-550x550.jpg",550,550,true],"cinerama_edge_image_landscape":["https:\/\/lamostradevalencia.com\/wp-content\/uploads\/2019\/08\/Toni-Canet-Foto-PRATS-I-CAMPS-1-1100x550.jpg",1100,550,true],"cinerama_edge_image_portrait":["https:\/\/lamostradevalencia.com\/wp-content\/uploads\/2019\/08\/Toni-Canet-Foto-PRATS-I-CAMPS-1-550x833.jpg",550,833,true],"cinerama_edge_image_huge":["https:\/\/lamostradevalencia.com\/wp-content\/uploads\/2019\/08\/Toni-Canet-Foto-PRATS-I-CAMPS-1-1100x833.jpg",1100,833,true],"gform-image-choice-sm":["https:\/\/lamostradevalencia.com\/wp-content\/uploads\/2019\/08\/Toni-Canet-Foto-PRATS-I-CAMPS-1.jpg",300,195,false],"gform-image-choice-md":["https:\/\/lamostradevalencia.com\/wp-content\/uploads\/2019\/08\/Toni-Canet-Foto-PRATS-I-CAMPS-1.jpg",400,260,false],"gform-image-choice-lg":["https:\/\/lamostradevalencia.com\/wp-content\/uploads\/2019\/08\/Toni-Canet-Foto-PRATS-I-CAMPS-1.jpg",600,390,false]},"uagb_author_info":{"display_name":"Mostra de Val\u00e8ncia","author_link":"https:\/\/lamostradevalencia.com\/ca\/author\/mostravalencia\/"},"uagb_comment_info":0,"uagb_excerpt":"Canet, director de pel\u00b7l\u00edcules com &#8216;Las alas de la vida&#8217; o &#8216;La camisa de la serp&#8217; i mort el novembre passat, ser\u00e0 objecte d&#8217;un homenatge [&hellip;]","_links":{"self":[{"href":"https:\/\/lamostradevalencia.com\/ca\/wp-json\/wp\/v2\/posts\/3175","targetHints":{"allow":["GET"]}}],"collection":[{"href":"https:\/\/lamostradevalencia.com\/ca\/wp-json\/wp\/v2\/posts"}],"about":[{"href":"https:\/\/lamostradevalencia.com\/ca\/wp-json\/wp\/v2\/types\/post"}],"author":[{"embeddable":true,"href":"https:\/\/lamostradevalencia.com\/ca\/wp-json\/wp\/v2\/users\/1"}],"replies":[{"embeddable":true,"href":"https:\/\/lamostradevalencia.com\/ca\/wp-json\/wp\/v2\/comments?post=3175"}],"version-history":[{"count":1,"href":"https:\/\/lamostradevalencia.com\/ca\/wp-json\/wp\/v2\/posts\/3175\/revisions"}],"predecessor-version":[{"id":3176,"href":"https:\/\/lamostradevalencia.com\/ca\/wp-json\/wp\/v2\/posts\/3175\/revisions\/3176"}],"wp:featuredmedia":[{"embeddable":true,"href":"https:\/\/lamostradevalencia.com\/ca\/wp-json\/wp\/v2\/media\/3266"}],"wp:attachment":[{"href":"https:\/\/lamostradevalencia.com\/ca\/wp-json\/wp\/v2\/media?parent=3175"}],"wp:term":[{"taxonomy":"category","embeddable":true,"href":"https:\/\/lamostradevalencia.com\/ca\/wp-json\/wp\/v2\/categories?post=3175"},{"taxonomy":"post_tag","embeddable":true,"href":"https:\/\/lamostradevalencia.com\/ca\/wp-json\/wp\/v2\/tags?post=3175"}],"curies":[{"name":"wp","href":"https:\/\/api.w.org\/{rel}","templated":true}]}}