{"id":3144,"date":"2019-08-22T16:07:49","date_gmt":"2019-08-22T14:07:49","guid":{"rendered":"https:\/\/lamostradevalencia.com\/la-mostra-reivindica-les-noves-directores-egipcies\/"},"modified":"2019-08-22T16:44:12","modified_gmt":"2019-08-22T14:44:12","slug":"la-mostra-reivindica-les-noves-directores-egipcies","status":"publish","type":"post","link":"https:\/\/lamostradevalencia.com\/ca\/la-mostra-reivindica-les-noves-directores-egipcies\/","title":{"rendered":"LA MOSTRA REIVINDICA LES NOVES DIRECTORES EG\u00cdPCIES"},"content":{"rendered":"\n<p>Des dels marges del cinema independent o de la producci\u00f3 comercial, una nova generaci\u00f3 de directores sorgida en la primera d\u00e8cada del present segle est\u00e0 canviant el cinema a Egipte. Les seues pel\u00b7l\u00edcules posen el focus d&#8217;atenci\u00f3 en q\u00fcestions de la vida di\u00e0ria i en la recerca d&#8217;una identitat al marge dels rols masculins, i s&#8217;han convertit en part indissociable del progr\u00e9s del feminisme al pa\u00eds, especialment despr\u00e9s dels esdeveniments de la Primavera \u00c0rab , que a Egipte van tenir com a focus la pla\u00e7a Tahrir, al Caire, on van desembocar a principis de 2011 les manifestacions que van reunir milers de persones per protestar contra el r\u00e8gim de Hosni Mubarak, qui portava gaireb\u00e9 tres d\u00e8cades en el poder.<\/p>\n\n<p>Mostra de Val\u00e8ncia-Cinema del Mediterrani vol destacar el treball d&#8217;estes directores i enguany presenta un cicle titulat &#8220;La revoluci\u00f3 de la dona en el cinema egipci&#8221;, integrat per dotze pel\u00b7l\u00edcules recents, moltes d&#8217;elles de rigorosa estrena a Espanya i la majoria premiades a nivell internacional. Com a suport a les projeccions, set de les directores representades visitaran el festival per participar en una taula rodona el 26 d&#8217;octubre i compartir amb els espectadors la seua mirada sobre les diferents realitats pol\u00edtiques, culturals i de g\u00e8nere del Egipte contemporani.<\/p>\n\n<figure class=\"wp-block-image\"><img loading=\"lazy\" decoding=\"async\" width=\"1024\" height=\"576\" src=\"https:\/\/lamostradevalencia.com\/wp-content\/uploads\/2019\/08\/hala-khalil-1024x576.jpg\" alt=\"\" class=\"wp-image-3121\" srcset=\"https:\/\/lamostradevalencia.com\/wp-content\/uploads\/2019\/08\/hala-khalil-1024x576.jpg 1024w, https:\/\/lamostradevalencia.com\/wp-content\/uploads\/2019\/08\/hala-khalil-300x169.jpg 300w, https:\/\/lamostradevalencia.com\/wp-content\/uploads\/2019\/08\/hala-khalil-768x432.jpg 768w, https:\/\/lamostradevalencia.com\/wp-content\/uploads\/2019\/08\/hala-khalil.jpg 1600w\" sizes=\"auto, (max-width: 1024px) 100vw, 1024px\" \/><figcaption>La directora Hala Khalil<\/figcaption><\/figure>\n<p>Una d&#8217;elles \u00e9s <strong>Hala Khalil<\/strong>, que tamb\u00e9 exercix la cr\u00edtica cinematogr\u00e0fica i considera que &#8220;la pres\u00e8ncia de dones en la ind\u00fastria del cinema \u00e9s crucial, especialment en el gui\u00f3 i la direcci\u00f3. \u00c9s tamb\u00e9 molt important comptar amb m\u00e9s guionistes femenines, cosa que ens falta a la ind\u00fastria eg\u00edpcia. Sempre he tingut dificultats per trobar productors que s&#8217;implicaren en una hist\u00f2ria amb protagonista femenina&#8221;. El cicle inclou dos dels seus llargmetratges. D&#8217;una banda, <strong>&#8220;Kas wa lask&#8221; \/ &#8220;Cut and Paste&#8221;<\/strong> (2006), premiada com a Millor Pel\u00b7l\u00edcula al Arab Film Festival. Es tracta d&#8217;una com\u00e8dia sat\u00edrica sobre dos trentanyers que planegen casar-se per abandonar Egipte, per\u00f2 els seus plans es compliquen. De l&#8217;altra, <strong>&#8220;Nawara&#8221;<\/strong> (2015), una intel\u00b7ligent reflexi\u00f3 sobre les conseq\u00fc\u00e8ncies de la revoluci\u00f3 de la pla\u00e7a Tahrir en una jove de vint anys que treballa com a serventa per a l&#8217;elit d&#8217;Egipte, i que li va valer a Menna Shalabi per guanyar el premi a la millor actriu al Caire i Dubai.<\/p>\n\n<figure class=\"wp-block-embed-youtube wp-block-embed is-type-video is-provider-youtube wp-embed-aspect-4-3 wp-has-aspect-ratio\"><div class=\"wp-block-embed__wrapper\">\n<iframe loading=\"lazy\" title=\"18 Days Movie Trailer\" width=\"1100\" height=\"825\" src=\"https:\/\/www.youtube.com\/embed\/D1YgXaUW2Ek?feature=oembed\" frameborder=\"0\" allow=\"accelerometer; autoplay; encrypted-media; gyroscope; picture-in-picture\" allowfullscreen><\/iframe>\n<\/div><\/figure>\n<p>Testimoni directe de les turbulentes jornades que es van viure a la pla\u00e7a Tahrir \u00e9s <strong>&#8220;Tamantashar Yom&#8221; \/ &#8220;18 Days&#8221;<\/strong> (2011), un film col\u00b7lectiu realitzat per deu directors i format per diversos curtmetratges independents que oferixen testimoni de la revolta que va acabar amb la dimissi\u00f3 de Mubarak. Diverses hist\u00f2ries aut\u00f2nomes amb el denominador com\u00fa d&#8217;estar centrades en els divuit dies que van sacsejar Egipte a principis de 2011, i entre les que es troben dos signades per <strong>Mariam Abou Ouf<\/strong> i Kamla Abou Zekri. De la primera, formada a la London Film School i amb \u00e0mplia experi\u00e8ncia en publicitat, en la Mostra de Val\u00e8ncia es podr\u00e0 vore tamb\u00e9 <strong>&#8220;Bebo Wa Bashir&#8221;<\/strong> (2011), una \u00e0cida com\u00e8dia protagonitzada per una entrenadora de b\u00e0squet que comparteix pis amb un m\u00fasic.<\/p>\n\n<figure class=\"wp-block-image\"><img loading=\"lazy\" decoding=\"async\" width=\"1024\" height=\"680\" src=\"https:\/\/lamostradevalencia.com\/wp-content\/uploads\/2019\/08\/Maryam-Abou-Ouf-1024x680.jpeg\" alt=\"\" class=\"wp-image-3127\" srcset=\"https:\/\/lamostradevalencia.com\/wp-content\/uploads\/2019\/08\/Maryam-Abou-Ouf-1024x680.jpeg 1024w, https:\/\/lamostradevalencia.com\/wp-content\/uploads\/2019\/08\/Maryam-Abou-Ouf-300x199.jpeg 300w, https:\/\/lamostradevalencia.com\/wp-content\/uploads\/2019\/08\/Maryam-Abou-Ouf-768x510.jpeg 768w, https:\/\/lamostradevalencia.com\/wp-content\/uploads\/2019\/08\/Maryam-Abou-Ouf.jpeg 1195w\" sizes=\"auto, (max-width: 1024px) 100vw, 1024px\" \/><figcaption>Mariam Abou-Ouf<\/figcaption><\/figure>\n<p><strong>Kamla Abou Zekri<\/strong> est\u00e0 representada amb dos t\u00edtols: <strong>&#8220;Wahed-Sefr&#8221; \/ &#8220;One-Zero&#8221;<\/strong> (2009) \u00e9s un drama coral que es va presentar al Festival de Ven\u00e8cia i est\u00e0 ambientat durant la final de la Copa \u00c0frica de 2008, entre Egipte i Camerun. Al mateix temps, una s\u00e8rie de personatges de diferents estrats socials es juguen tamb\u00e9 les seves pr\u00f2pies relacions mentres busquen eixir de la realitat quotidiana. Va guanyar els premis a Millor Gui\u00f3 i Fotografia a Dubai i el de Millor Direcci\u00f3 al Caire. L&#8217;altra pel\u00b7l\u00edcula d&#8217;Abu Zekry \u00e9s <strong>&#8220;Yom lel-Sittat&#8221; \/ &#8220;A Day for Women&#8221;<\/strong> (2016). L&#8217;acci\u00f3 se situa en un barri pobre de la capital eg\u00edpcia, on s&#8217;inaugura una piscina p\u00fablica. Els diumenges estan reservats per a les dones, per\u00f2 la decisi\u00f3 no agrada als homes, i la situaci\u00f3 d\u00f3na peu a un retrat tragic\u00f2mic del final de l&#8217;era Mub\u00e0rak, que analitza les relacions de g\u00e8nere i toca el tema del creixent fanatisme religi\u00f3s. Va guanyar el Premi del P\u00fablic l\u2019Arab Film Festival.<\/p>\n\n<p>Una altra figura de relleu en el panorama del cinema realitzat per dones a Egipte \u00e9s la de <strong>Sandra Nashaat<\/strong>, filla de siri\u00e0 i libanesa que s&#8217;ha convertit en una de les directores de major \u00e8xit comercial del pa\u00eds gr\u00e0cies a t\u00edtols com <strong>&#8220;Masgoon Transit&#8221; \/ &#8220;Transit Prisoner&#8221;<\/strong>(2008), un trepidant thriller que s&#8217;endinsa en els secrets del poder per q\u00fcestionar els seus l\u00edmits a trav\u00e9s de la perip\u00e8cia d&#8217;un h\u00e0bil criminal que s&#8217;ha de convertir en agent del govern per saldar un deute amb la just\u00edcia. Seua \u00e9s tamb\u00e9 &#8220;El-Maslaha\u201d\/ \u201cThe Deal&#8221; (2012), que narra l&#8217;enfrontament entre un estricte oficial de policia i un perill\u00f3s narcotraficant. El seu rodatge va haver de posposar-se en diverses ocasions, precisament a causa dels successos de la Primavera \u00c0rab.<\/p>\n\n<figure class=\"wp-block-image\"><img loading=\"lazy\" decoding=\"async\" width=\"1000\" height=\"568\" src=\"https:\/\/lamostradevalencia.com\/wp-content\/uploads\/2019\/08\/Harag-W-Marag.jpg\" alt=\"\" class=\"wp-image-3124\" srcset=\"https:\/\/lamostradevalencia.com\/wp-content\/uploads\/2019\/08\/Harag-W-Marag.jpg 1000w, https:\/\/lamostradevalencia.com\/wp-content\/uploads\/2019\/08\/Harag-W-Marag-300x170.jpg 300w, https:\/\/lamostradevalencia.com\/wp-content\/uploads\/2019\/08\/Harag-W-Marag-768x436.jpg 768w\" sizes=\"auto, (max-width: 1000px) 100vw, 1000px\" \/><figcaption>Imatge de &#8220;Harag W&#8217; Marag&#8221; (Nadine Kahn)<\/figcaption><\/figure>\n<p>A m\u00e9s, en el cicle es podr\u00e0 vore <strong>&#8220;Harag W&#8217; Marag&#8221; \/ &#8220;Chaos, Disorder&#8221;<\/strong> (2012), debut de <strong>Nadine Kahn<\/strong>, que va aconseguir portar la pel\u00b7l\u00edcula a bon port tot i els obstacles de la censura, que inicialment va rebutjar el gui\u00f3. \u00c9s una com\u00e8dia rom\u00e0ntica sobre un triangle amor\u00f3s en un barri marginal del Caire que va obtenir el Premi Especial del Jurat al Festival de Dubai. I tamb\u00e9 \u00e9s una \u00f2pera prima <strong>&#8220;Al-khoroug lel-nahar&#8221; \/ &#8220;Coming Forth by Day&#8221;<\/strong> (2012), de <strong>Hala Lotfy<\/strong>, graduada en Economia i Ci\u00e8ncies Pol\u00edtiques i fundadora de la companyia independent Hassala Productions. Es va al\u00e7ar amb el Premi Fipresci a Adu Dhabi, on el jurat va destacar que \u00e9s &#8220;una pel\u00b7l\u00edcula auda\u00e7, personal i profundament humanista, que impressiona pel seu llenguatge cinematogr\u00e0fic radical, molt poc com\u00fa en el cinema \u00e0rab&#8221;.<\/p>\n\n<p>Tancant la selecci\u00f3, altres dos t\u00edtols de relleu. <strong>&#8220;Villa 69&#8221;<\/strong> (2013) \u00e9s una tragicom\u00e8dia dirigida per <strong>Ayten Amin<\/strong> i protagonitzada per un arquitecte amb una malaltia terminal que viu sol i feli\u00e7 fins que es veu obligat a canviar la seua rutina di\u00e0ria quan la seua germana i el seu n\u00e9t es traslladen a viure amb ell. Una pel\u00b7l\u00edcula que proposa al p\u00fablic occidental una versi\u00f3 realista de la societat eg\u00edpcia i que va obtenir els guardons a Millor Actor i Millor Direcci\u00f3 al Festival del Caire. Per la seua banda, <strong>&#8220;You Come from Far Away&#8221;<\/strong> (2018) \u00e9s un documental d&#8217;<strong>Amal Ramsis<\/strong> sobre l&#8217;extraordin\u00e0ria hist\u00f2ria d&#8217;una fam\u00edlia palestina que al llarg del segle passat es va dispersar com a conseq\u00fc\u00e8ncia de la guerra civil espanyola, la segona guerra mundial o la guerra civil libanesa. Va ser distingida com a Millor Documental al Festival de Cartago.<\/p>\n\n<figure class=\"wp-block-embed-youtube wp-block-embed is-type-video is-provider-youtube wp-embed-aspect-16-9 wp-has-aspect-ratio\"><div class=\"wp-block-embed__wrapper\">\n<iframe loading=\"lazy\" title=\"Trailer You Come From Far Away 720p\" width=\"1100\" height=\"619\" src=\"https:\/\/www.youtube.com\/embed\/rTwa5P9PZaY?feature=oembed\" frameborder=\"0\" allow=\"accelerometer; autoplay; encrypted-media; gyroscope; picture-in-picture\" allowfullscreen><\/iframe>\n<\/div><\/figure>\n<p>Kamla Abu Zekry, Sandra Nashaat, Ayten Amin, Mariam Abou Ouf, Hala Khalil, Hala Lotfy i Amal Ramsis estaran a Val\u00e8ncia per parlar del seu treball i de la situaci\u00f3 de la dona en el cinema egipci, el m\u00e9s important i de major difusi\u00f3 en el m\u00f3n \u00e0rab, que des de mitjans dels anys noranta ha experimentat una notable incorporaci\u00f3 de dones cineastes. Fins aleshores, el nombre de directores era encara minoritari, sent els noms m\u00e9s coneguts els de les tres pioneres que van iniciar la ind\u00fastria f\u00edlmica a Egipte: Aziza Amir, Assia Dagher i Mary Queeny.<\/p>\n\n<p>No obstant aix\u00f2, els temes dels treballs d&#8217;aquestes pioneres eren completament comercials i basats en els criteris de l&#8217;\u00e8poca, de manera que no abordaven els drets de la dona. \u00c9s a partir dels anys setanta, i especialment dels vuitanta, quan es comencen a veure pel\u00b7l\u00edcules en qu\u00e8 apareixen dones i es tracta t\u00edmidament sobre els seus drets. D&#8217;aqu\u00ed la import\u00e0ncia d&#8217;aquesta nova generaci\u00f3 de directores, que coneixen molt b\u00e9 la situaci\u00f3 i les problem\u00e0tiques del m\u00f3n \u00e0rab, amb una major educaci\u00f3 cinematogr\u00e0fica, que unida a la viabilitat tecnol\u00f2gica estan donant lloc a singulars i m\u00faltiples propostes. Mostra de Val\u00e8ncia-Cinema del Mediterrani oferix una oportunitat \u00fanica de sentir-les i de descobrir les seues pel\u00b7l\u00edcules.<\/p>\n","protected":false},"excerpt":{"rendered":"<p>Des dels marges del cinema independent o de la producci\u00f3 comercial, una nova generaci\u00f3 de directores sorgida en la primera d\u00e8cada del present segle est\u00e0 [&hellip;]<\/p>\n","protected":false},"author":1,"featured_media":3104,"comment_status":"open","ping_status":"open","sticky":false,"template":"","format":"standard","meta":{"_uag_custom_page_level_css":"","_jet_sm_ready_style":"","_jet_sm_style":"","_jet_sm_controls_values":"","_jet_sm_fonts_collection":"","_jet_sm_fonts_links":"","footnotes":""},"categories":[455],"tags":[1040,1039,464],"class_list":["post-3144","post","type-post","status-publish","format-standard","has-post-thumbnail","hentry","category-noticies","tag-directores","tag-egipte","tag-mostra-de-valencia"],"yoast_head":"<!-- This site is optimized with the Yoast SEO plugin v27.5 - https:\/\/yoast.com\/product\/yoast-seo-wordpress\/ -->\n<title>LA MOSTRA REIVINDICA LES NOVES DIRECTORES EG\u00cdPCIES<\/title>\n<meta name=\"description\" content=\"Set realitzadores visitaran el festival valenci\u00e0\" \/>\n<meta name=\"robots\" content=\"index, follow, max-snippet:-1, max-image-preview:large, max-video-preview:-1\" \/>\n<link rel=\"canonical\" href=\"https:\/\/lamostradevalencia.com\/ca\/la-mostra-reivindica-les-noves-directores-egipcies\/\" \/>\n<meta property=\"og:locale\" content=\"ca_ES\" \/>\n<meta property=\"og:type\" content=\"article\" \/>\n<meta property=\"og:title\" content=\"LA MOSTRA REIVINDICA LES NOVES DIRECTORES EG\u00cdPCIES\" \/>\n<meta property=\"og:description\" content=\"Set realitzadores visitaran el festival valenci\u00e0\" \/>\n<meta property=\"og:url\" content=\"https:\/\/lamostradevalencia.com\/ca\/la-mostra-reivindica-les-noves-directores-egipcies\/\" \/>\n<meta property=\"og:site_name\" content=\"Mostra de Val\u00e8ncia\" \/>\n<meta property=\"article:published_time\" content=\"2019-08-22T14:07:49+00:00\" \/>\n<meta property=\"article:modified_time\" content=\"2019-08-22T14:44:12+00:00\" \/>\n<meta property=\"og:image\" content=\"https:\/\/lamostradevalencia.com\/wp-content\/uploads\/2019\/08\/a_day_for_women_1.jpg\" \/>\n\t<meta property=\"og:image:width\" content=\"1000\" \/>\n\t<meta property=\"og:image:height\" content=\"615\" \/>\n\t<meta property=\"og:image:type\" content=\"image\/jpeg\" \/>\n<meta name=\"author\" content=\"Mostra de Val\u00e8ncia\" \/>\n<meta name=\"twitter:card\" content=\"summary_large_image\" \/>\n<meta name=\"twitter:label1\" content=\"Escrit per\" \/>\n\t<meta name=\"twitter:data1\" content=\"Mostra de Val\u00e8ncia\" \/>\n\t<meta name=\"twitter:label2\" content=\"Temps estimat de lectura\" \/>\n\t<meta name=\"twitter:data2\" content=\"7 minuts\" \/>\n<script type=\"application\/ld+json\" class=\"yoast-schema-graph\">{\"@context\":\"https:\\\/\\\/schema.org\",\"@graph\":[{\"@type\":\"Article\",\"@id\":\"https:\\\/\\\/lamostradevalencia.com\\\/ca\\\/la-mostra-reivindica-les-noves-directores-egipcies\\\/#article\",\"isPartOf\":{\"@id\":\"https:\\\/\\\/lamostradevalencia.com\\\/ca\\\/la-mostra-reivindica-les-noves-directores-egipcies\\\/\"},\"author\":{\"name\":\"Mostra de Val\u00e8ncia\",\"@id\":\"https:\\\/\\\/lamostradevalencia.com\\\/ca\\\/#\\\/schema\\\/person\\\/1dc07e4df3d6310b81d2cdf6a034070c\"},\"headline\":\"LA MOSTRA REIVINDICA LES NOVES DIRECTORES EG\u00cdPCIES\",\"datePublished\":\"2019-08-22T14:07:49+00:00\",\"dateModified\":\"2019-08-22T14:44:12+00:00\",\"mainEntityOfPage\":{\"@id\":\"https:\\\/\\\/lamostradevalencia.com\\\/ca\\\/la-mostra-reivindica-les-noves-directores-egipcies\\\/\"},\"wordCount\":1428,\"commentCount\":0,\"image\":{\"@id\":\"https:\\\/\\\/lamostradevalencia.com\\\/ca\\\/la-mostra-reivindica-les-noves-directores-egipcies\\\/#primaryimage\"},\"thumbnailUrl\":\"https:\\\/\\\/lamostradevalencia.com\\\/wp-content\\\/uploads\\\/2019\\\/08\\\/a_day_for_women_1.jpg\",\"keywords\":[\"Directores\",\"Egipte\",\"Mostra de Val\u00e8ncia\"],\"articleSection\":[\"Noticies\"],\"inLanguage\":\"ca\",\"potentialAction\":[{\"@type\":\"CommentAction\",\"name\":\"Comment\",\"target\":[\"https:\\\/\\\/lamostradevalencia.com\\\/ca\\\/la-mostra-reivindica-les-noves-directores-egipcies\\\/#respond\"]}]},{\"@type\":\"WebPage\",\"@id\":\"https:\\\/\\\/lamostradevalencia.com\\\/ca\\\/la-mostra-reivindica-les-noves-directores-egipcies\\\/\",\"url\":\"https:\\\/\\\/lamostradevalencia.com\\\/ca\\\/la-mostra-reivindica-les-noves-directores-egipcies\\\/\",\"name\":\"LA MOSTRA REIVINDICA LES NOVES DIRECTORES EG\u00cdPCIES\",\"isPartOf\":{\"@id\":\"https:\\\/\\\/lamostradevalencia.com\\\/ca\\\/#website\"},\"primaryImageOfPage\":{\"@id\":\"https:\\\/\\\/lamostradevalencia.com\\\/ca\\\/la-mostra-reivindica-les-noves-directores-egipcies\\\/#primaryimage\"},\"image\":{\"@id\":\"https:\\\/\\\/lamostradevalencia.com\\\/ca\\\/la-mostra-reivindica-les-noves-directores-egipcies\\\/#primaryimage\"},\"thumbnailUrl\":\"https:\\\/\\\/lamostradevalencia.com\\\/wp-content\\\/uploads\\\/2019\\\/08\\\/a_day_for_women_1.jpg\",\"datePublished\":\"2019-08-22T14:07:49+00:00\",\"dateModified\":\"2019-08-22T14:44:12+00:00\",\"author\":{\"@id\":\"https:\\\/\\\/lamostradevalencia.com\\\/ca\\\/#\\\/schema\\\/person\\\/1dc07e4df3d6310b81d2cdf6a034070c\"},\"description\":\"Set realitzadores visitaran el festival valenci\u00e0\",\"breadcrumb\":{\"@id\":\"https:\\\/\\\/lamostradevalencia.com\\\/ca\\\/la-mostra-reivindica-les-noves-directores-egipcies\\\/#breadcrumb\"},\"inLanguage\":\"ca\",\"potentialAction\":[{\"@type\":\"ReadAction\",\"target\":[\"https:\\\/\\\/lamostradevalencia.com\\\/ca\\\/la-mostra-reivindica-les-noves-directores-egipcies\\\/\"]}]},{\"@type\":\"ImageObject\",\"inLanguage\":\"ca\",\"@id\":\"https:\\\/\\\/lamostradevalencia.com\\\/ca\\\/la-mostra-reivindica-les-noves-directores-egipcies\\\/#primaryimage\",\"url\":\"https:\\\/\\\/lamostradevalencia.com\\\/wp-content\\\/uploads\\\/2019\\\/08\\\/a_day_for_women_1.jpg\",\"contentUrl\":\"https:\\\/\\\/lamostradevalencia.com\\\/wp-content\\\/uploads\\\/2019\\\/08\\\/a_day_for_women_1.jpg\",\"width\":1000,\"height\":615},{\"@type\":\"BreadcrumbList\",\"@id\":\"https:\\\/\\\/lamostradevalencia.com\\\/ca\\\/la-mostra-reivindica-les-noves-directores-egipcies\\\/#breadcrumb\",\"itemListElement\":[{\"@type\":\"ListItem\",\"position\":1,\"name\":\"Portada\",\"item\":\"https:\\\/\\\/lamostradevalencia.com\\\/ca\\\/\"},{\"@type\":\"ListItem\",\"position\":2,\"name\":\"LA MOSTRA REIVINDICA LES NOVES DIRECTORES EG\u00cdPCIES\"}]},{\"@type\":\"WebSite\",\"@id\":\"https:\\\/\\\/lamostradevalencia.com\\\/ca\\\/#website\",\"url\":\"https:\\\/\\\/lamostradevalencia.com\\\/ca\\\/\",\"name\":\"Mostra de Val\u00e8ncia\",\"description\":\"Cinema del Mediterrani\",\"potentialAction\":[{\"@type\":\"SearchAction\",\"target\":{\"@type\":\"EntryPoint\",\"urlTemplate\":\"https:\\\/\\\/lamostradevalencia.com\\\/ca\\\/?s={search_term_string}\"},\"query-input\":{\"@type\":\"PropertyValueSpecification\",\"valueRequired\":true,\"valueName\":\"search_term_string\"}}],\"inLanguage\":\"ca\"},{\"@type\":\"Person\",\"@id\":\"https:\\\/\\\/lamostradevalencia.com\\\/ca\\\/#\\\/schema\\\/person\\\/1dc07e4df3d6310b81d2cdf6a034070c\",\"name\":\"Mostra de Val\u00e8ncia\",\"image\":{\"@type\":\"ImageObject\",\"inLanguage\":\"ca\",\"@id\":\"https:\\\/\\\/secure.gravatar.com\\\/avatar\\\/ada4dfd699a9907706987adb1bb2b361c2613ccca474b49b8c648de5208e32f8?s=96&d=mm&r=g\",\"url\":\"https:\\\/\\\/secure.gravatar.com\\\/avatar\\\/ada4dfd699a9907706987adb1bb2b361c2613ccca474b49b8c648de5208e32f8?s=96&d=mm&r=g\",\"contentUrl\":\"https:\\\/\\\/secure.gravatar.com\\\/avatar\\\/ada4dfd699a9907706987adb1bb2b361c2613ccca474b49b8c648de5208e32f8?s=96&d=mm&r=g\",\"caption\":\"Mostra de Val\u00e8ncia\"}}]}<\/script>\n<!-- \/ Yoast SEO plugin. -->","yoast_head_json":{"title":"LA MOSTRA REIVINDICA LES NOVES DIRECTORES EG\u00cdPCIES","description":"Set realitzadores visitaran el festival valenci\u00e0","robots":{"index":"index","follow":"follow","max-snippet":"max-snippet:-1","max-image-preview":"max-image-preview:large","max-video-preview":"max-video-preview:-1"},"canonical":"https:\/\/lamostradevalencia.com\/ca\/la-mostra-reivindica-les-noves-directores-egipcies\/","og_locale":"ca_ES","og_type":"article","og_title":"LA MOSTRA REIVINDICA LES NOVES DIRECTORES EG\u00cdPCIES","og_description":"Set realitzadores visitaran el festival valenci\u00e0","og_url":"https:\/\/lamostradevalencia.com\/ca\/la-mostra-reivindica-les-noves-directores-egipcies\/","og_site_name":"Mostra de Val\u00e8ncia","article_published_time":"2019-08-22T14:07:49+00:00","article_modified_time":"2019-08-22T14:44:12+00:00","og_image":[{"width":1000,"height":615,"url":"https:\/\/lamostradevalencia.com\/wp-content\/uploads\/2019\/08\/a_day_for_women_1.jpg","type":"image\/jpeg"}],"author":"Mostra de Val\u00e8ncia","twitter_card":"summary_large_image","twitter_misc":{"Escrit per":"Mostra de Val\u00e8ncia","Temps estimat de lectura":"7 minuts"},"schema":{"@context":"https:\/\/schema.org","@graph":[{"@type":"Article","@id":"https:\/\/lamostradevalencia.com\/ca\/la-mostra-reivindica-les-noves-directores-egipcies\/#article","isPartOf":{"@id":"https:\/\/lamostradevalencia.com\/ca\/la-mostra-reivindica-les-noves-directores-egipcies\/"},"author":{"name":"Mostra de Val\u00e8ncia","@id":"https:\/\/lamostradevalencia.com\/ca\/#\/schema\/person\/1dc07e4df3d6310b81d2cdf6a034070c"},"headline":"LA MOSTRA REIVINDICA LES NOVES DIRECTORES EG\u00cdPCIES","datePublished":"2019-08-22T14:07:49+00:00","dateModified":"2019-08-22T14:44:12+00:00","mainEntityOfPage":{"@id":"https:\/\/lamostradevalencia.com\/ca\/la-mostra-reivindica-les-noves-directores-egipcies\/"},"wordCount":1428,"commentCount":0,"image":{"@id":"https:\/\/lamostradevalencia.com\/ca\/la-mostra-reivindica-les-noves-directores-egipcies\/#primaryimage"},"thumbnailUrl":"https:\/\/lamostradevalencia.com\/wp-content\/uploads\/2019\/08\/a_day_for_women_1.jpg","keywords":["Directores","Egipte","Mostra de Val\u00e8ncia"],"articleSection":["Noticies"],"inLanguage":"ca","potentialAction":[{"@type":"CommentAction","name":"Comment","target":["https:\/\/lamostradevalencia.com\/ca\/la-mostra-reivindica-les-noves-directores-egipcies\/#respond"]}]},{"@type":"WebPage","@id":"https:\/\/lamostradevalencia.com\/ca\/la-mostra-reivindica-les-noves-directores-egipcies\/","url":"https:\/\/lamostradevalencia.com\/ca\/la-mostra-reivindica-les-noves-directores-egipcies\/","name":"LA MOSTRA REIVINDICA LES NOVES DIRECTORES EG\u00cdPCIES","isPartOf":{"@id":"https:\/\/lamostradevalencia.com\/ca\/#website"},"primaryImageOfPage":{"@id":"https:\/\/lamostradevalencia.com\/ca\/la-mostra-reivindica-les-noves-directores-egipcies\/#primaryimage"},"image":{"@id":"https:\/\/lamostradevalencia.com\/ca\/la-mostra-reivindica-les-noves-directores-egipcies\/#primaryimage"},"thumbnailUrl":"https:\/\/lamostradevalencia.com\/wp-content\/uploads\/2019\/08\/a_day_for_women_1.jpg","datePublished":"2019-08-22T14:07:49+00:00","dateModified":"2019-08-22T14:44:12+00:00","author":{"@id":"https:\/\/lamostradevalencia.com\/ca\/#\/schema\/person\/1dc07e4df3d6310b81d2cdf6a034070c"},"description":"Set realitzadores visitaran el festival valenci\u00e0","breadcrumb":{"@id":"https:\/\/lamostradevalencia.com\/ca\/la-mostra-reivindica-les-noves-directores-egipcies\/#breadcrumb"},"inLanguage":"ca","potentialAction":[{"@type":"ReadAction","target":["https:\/\/lamostradevalencia.com\/ca\/la-mostra-reivindica-les-noves-directores-egipcies\/"]}]},{"@type":"ImageObject","inLanguage":"ca","@id":"https:\/\/lamostradevalencia.com\/ca\/la-mostra-reivindica-les-noves-directores-egipcies\/#primaryimage","url":"https:\/\/lamostradevalencia.com\/wp-content\/uploads\/2019\/08\/a_day_for_women_1.jpg","contentUrl":"https:\/\/lamostradevalencia.com\/wp-content\/uploads\/2019\/08\/a_day_for_women_1.jpg","width":1000,"height":615},{"@type":"BreadcrumbList","@id":"https:\/\/lamostradevalencia.com\/ca\/la-mostra-reivindica-les-noves-directores-egipcies\/#breadcrumb","itemListElement":[{"@type":"ListItem","position":1,"name":"Portada","item":"https:\/\/lamostradevalencia.com\/ca\/"},{"@type":"ListItem","position":2,"name":"LA MOSTRA REIVINDICA LES NOVES DIRECTORES EG\u00cdPCIES"}]},{"@type":"WebSite","@id":"https:\/\/lamostradevalencia.com\/ca\/#website","url":"https:\/\/lamostradevalencia.com\/ca\/","name":"Mostra de Val\u00e8ncia","description":"Cinema del Mediterrani","potentialAction":[{"@type":"SearchAction","target":{"@type":"EntryPoint","urlTemplate":"https:\/\/lamostradevalencia.com\/ca\/?s={search_term_string}"},"query-input":{"@type":"PropertyValueSpecification","valueRequired":true,"valueName":"search_term_string"}}],"inLanguage":"ca"},{"@type":"Person","@id":"https:\/\/lamostradevalencia.com\/ca\/#\/schema\/person\/1dc07e4df3d6310b81d2cdf6a034070c","name":"Mostra de Val\u00e8ncia","image":{"@type":"ImageObject","inLanguage":"ca","@id":"https:\/\/secure.gravatar.com\/avatar\/ada4dfd699a9907706987adb1bb2b361c2613ccca474b49b8c648de5208e32f8?s=96&d=mm&r=g","url":"https:\/\/secure.gravatar.com\/avatar\/ada4dfd699a9907706987adb1bb2b361c2613ccca474b49b8c648de5208e32f8?s=96&d=mm&r=g","contentUrl":"https:\/\/secure.gravatar.com\/avatar\/ada4dfd699a9907706987adb1bb2b361c2613ccca474b49b8c648de5208e32f8?s=96&d=mm&r=g","caption":"Mostra de Val\u00e8ncia"}}]}},"uagb_featured_image_src":{"full":["https:\/\/lamostradevalencia.com\/wp-content\/uploads\/2019\/08\/a_day_for_women_1.jpg",1000,615,false],"thumbnail":["https:\/\/lamostradevalencia.com\/wp-content\/uploads\/2019\/08\/a_day_for_women_1-150x150.jpg",150,150,true],"medium":["https:\/\/lamostradevalencia.com\/wp-content\/uploads\/2019\/08\/a_day_for_women_1-300x185.jpg",300,185,true],"medium_large":["https:\/\/lamostradevalencia.com\/wp-content\/uploads\/2019\/08\/a_day_for_women_1-768x472.jpg",768,472,true],"large":["https:\/\/lamostradevalencia.com\/wp-content\/uploads\/2019\/08\/a_day_for_women_1.jpg",1000,615,false],"1536x1536":["https:\/\/lamostradevalencia.com\/wp-content\/uploads\/2019\/08\/a_day_for_women_1.jpg",1000,615,false],"2048x2048":["https:\/\/lamostradevalencia.com\/wp-content\/uploads\/2019\/08\/a_day_for_women_1.jpg",1000,615,false],"cinerama_edge_image_square":["https:\/\/lamostradevalencia.com\/wp-content\/uploads\/2019\/08\/a_day_for_women_1-550x550.jpg",550,550,true],"cinerama_edge_image_landscape":["https:\/\/lamostradevalencia.com\/wp-content\/uploads\/2019\/08\/a_day_for_women_1-1000x550.jpg",1000,550,true],"cinerama_edge_image_portrait":["https:\/\/lamostradevalencia.com\/wp-content\/uploads\/2019\/08\/a_day_for_women_1-550x615.jpg",550,615,true],"cinerama_edge_image_huge":["https:\/\/lamostradevalencia.com\/wp-content\/uploads\/2019\/08\/a_day_for_women_1.jpg",1000,615,false],"gform-image-choice-sm":["https:\/\/lamostradevalencia.com\/wp-content\/uploads\/2019\/08\/a_day_for_women_1.jpg",300,185,false],"gform-image-choice-md":["https:\/\/lamostradevalencia.com\/wp-content\/uploads\/2019\/08\/a_day_for_women_1.jpg",400,246,false],"gform-image-choice-lg":["https:\/\/lamostradevalencia.com\/wp-content\/uploads\/2019\/08\/a_day_for_women_1.jpg",600,369,false]},"uagb_author_info":{"display_name":"Mostra de Val\u00e8ncia","author_link":"https:\/\/lamostradevalencia.com\/ca\/author\/mostravalencia\/"},"uagb_comment_info":0,"uagb_excerpt":"Des dels marges del cinema independent o de la producci\u00f3 comercial, una nova generaci\u00f3 de directores sorgida en la primera d\u00e8cada del present segle est\u00e0 [&hellip;]","_links":{"self":[{"href":"https:\/\/lamostradevalencia.com\/ca\/wp-json\/wp\/v2\/posts\/3144","targetHints":{"allow":["GET"]}}],"collection":[{"href":"https:\/\/lamostradevalencia.com\/ca\/wp-json\/wp\/v2\/posts"}],"about":[{"href":"https:\/\/lamostradevalencia.com\/ca\/wp-json\/wp\/v2\/types\/post"}],"author":[{"embeddable":true,"href":"https:\/\/lamostradevalencia.com\/ca\/wp-json\/wp\/v2\/users\/1"}],"replies":[{"embeddable":true,"href":"https:\/\/lamostradevalencia.com\/ca\/wp-json\/wp\/v2\/comments?post=3144"}],"version-history":[{"count":1,"href":"https:\/\/lamostradevalencia.com\/ca\/wp-json\/wp\/v2\/posts\/3144\/revisions"}],"predecessor-version":[{"id":3145,"href":"https:\/\/lamostradevalencia.com\/ca\/wp-json\/wp\/v2\/posts\/3144\/revisions\/3145"}],"wp:featuredmedia":[{"embeddable":true,"href":"https:\/\/lamostradevalencia.com\/ca\/wp-json\/wp\/v2\/media\/3104"}],"wp:attachment":[{"href":"https:\/\/lamostradevalencia.com\/ca\/wp-json\/wp\/v2\/media?parent=3144"}],"wp:term":[{"taxonomy":"category","embeddable":true,"href":"https:\/\/lamostradevalencia.com\/ca\/wp-json\/wp\/v2\/categories?post=3144"},{"taxonomy":"post_tag","embeddable":true,"href":"https:\/\/lamostradevalencia.com\/ca\/wp-json\/wp\/v2\/tags?post=3144"}],"curies":[{"name":"wp","href":"https:\/\/api.w.org\/{rel}","templated":true}]}}