{"id":30949,"date":"2026-02-20T17:47:07","date_gmt":"2026-02-20T16:47:07","guid":{"rendered":"https:\/\/lamostradevalencia.com\/?p=30949"},"modified":"2026-02-24T17:54:06","modified_gmt":"2026-02-24T16:54:06","slug":"el-palau-de-la-musica-presenta-la-marca-mostra365-que-inclou-iniciatives-pedagogiques-per-a-joves-divulgatives-i-trobades-interdisciplinaries","status":"publish","type":"post","link":"https:\/\/lamostradevalencia.com\/ca\/el-palau-de-la-musica-presenta-la-marca-mostra365-que-inclou-iniciatives-pedagogiques-per-a-joves-divulgatives-i-trobades-interdisciplinaries\/","title":{"rendered":"El Palau de la M\u00fasica presenta la marca MOSTRA365 que inclou iniciatives pedag\u00f2giques per a joves, divulgatives i trobades interdisciplin\u00e0ries"},"content":{"rendered":"\n<ul class=\"wp-block-list\">\n<li><strong><em>Joves programadors<\/em><\/strong><strong>, <em>Cine culpable<\/em> i <em>Visuals <\/em>s\u00f3n les tres propostes que es desenvoluparan al llarg del 2026<\/strong><\/li>\n<\/ul>\n\n\n\n<ul class=\"wp-block-list\">\n<li><strong>Comen\u00e7ar\u00e0 este diumenge 22 de febrer, a les 11.00 hores, amb la projecci\u00f3 Ariel (Lois Pati\u00f1o, 2025) en Sala Joaqu\u00edn Rodrigo<\/strong><\/li>\n<\/ul>\n\n\n\n<ul class=\"wp-block-list\">\n<li><strong>Mansanet ha anunciat les dates de la 41 edici\u00f3 de la Mostra de Val\u00e8ncia, que es celebrar\u00e0 del 5 al 15 de novembre del 2026<\/strong><\/li>\n<\/ul>\n\n\n\n<p>Divendres, 20 de febrer. La subdirectora de Cinematografia i Audiovisuals, Sara Mansanet i la subdirectora de M\u00fasica, Nieves Pascual, han presentat als mitjans de comunicaci\u00f3 les activitats de la marca MOSTRA365, que es desenvoluparan al llarg del 2026. Est\u00e0 conformada per diverses accions que ha explicat Sara Mansanet:<\/p>\n\n\n\n<p>Esta nova programaci\u00f3 d&#8217;activitats tindr\u00e0 lloc a la Sala Rodrigo. Comen\u00e7aran el pr\u00f2xim 22 de febrer i es desenvoluparan fins al 23 de desembre. Est\u00e0 conformada per accions vinculades a la Subdirecci\u00f3 de Cinematografia i Audiovisuals, que ha dissenyat les seg\u00fcents propostes.<\/p>\n\n\n<div class=\"wp-block-image\">\n<figure class=\"aligncenter size-large\"><img loading=\"lazy\" decoding=\"async\" width=\"1024\" height=\"667\" src=\"https:\/\/lamostradevalencia.com\/wp-content\/uploads\/2026\/02\/Roda-Mostra365.-1-Foto-Live-Music-Valencia-1024x667.jpg\" alt=\"\" class=\"wp-image-30916\" srcset=\"https:\/\/lamostradevalencia.com\/wp-content\/uploads\/2026\/02\/Roda-Mostra365.-1-Foto-Live-Music-Valencia-1024x667.jpg 1024w, https:\/\/lamostradevalencia.com\/wp-content\/uploads\/2026\/02\/Roda-Mostra365.-1-Foto-Live-Music-Valencia-300x195.jpg 300w, https:\/\/lamostradevalencia.com\/wp-content\/uploads\/2026\/02\/Roda-Mostra365.-1-Foto-Live-Music-Valencia-768x500.jpg 768w, https:\/\/lamostradevalencia.com\/wp-content\/uploads\/2026\/02\/Roda-Mostra365.-1-Foto-Live-Music-Valencia-1536x1000.jpg 1536w\" sizes=\"auto, (max-width: 1024px) 100vw, 1024px\" \/><\/figure>\n<\/div>\n\n<div class=\"wp-block-image\">\n<figure class=\"aligncenter size-large\"><img loading=\"lazy\" decoding=\"async\" width=\"819\" height=\"1024\" src=\"https:\/\/lamostradevalencia.com\/wp-content\/uploads\/2026\/02\/Joves-programadors.-Mostra-365-819x1024.jpg\" alt=\"\" class=\"wp-image-30941\" srcset=\"https:\/\/lamostradevalencia.com\/wp-content\/uploads\/2026\/02\/Joves-programadors.-Mostra-365-819x1024.jpg 819w, https:\/\/lamostradevalencia.com\/wp-content\/uploads\/2026\/02\/Joves-programadors.-Mostra-365-240x300.jpg 240w, https:\/\/lamostradevalencia.com\/wp-content\/uploads\/2026\/02\/Joves-programadors.-Mostra-365-768x960.jpg 768w, https:\/\/lamostradevalencia.com\/wp-content\/uploads\/2026\/02\/Joves-programadors.-Mostra-365-1229x1536.jpg 1229w, https:\/\/lamostradevalencia.com\/wp-content\/uploads\/2026\/02\/Joves-programadors.-Mostra-365.jpg 1440w\" sizes=\"auto, (max-width: 819px) 100vw, 819px\" \/><\/figure>\n<\/div>\n\n\n<h2 class=\"wp-block-heading\"><strong>JOVES PROGRAMADORS<\/strong><\/h2>\n\n\n\n<p>es tracta d&#8217;una iniciativa pedag\u00f2gica dirigida a joves d&#8217;entre 15 i 21 anys, creada per A Bao A Qu i Moving Cinema, que busca fomentar el pensament cr\u00edtic i la formaci\u00f3 de futurs professionals mitjan\u00e7ant la gesti\u00f3 directa de sessions cinematogr\u00e0fiques per part de l&#8217;alumnat. En este sentit ha indicat que l\u2019alumnat \u00abselecciona una pel\u00b7l\u00edcula, prepara la sessi\u00f3, organitza el col\u00b7loqui i modera la trobada amb el p\u00fablic. D\u2019esta manera el Palau \u00e9s la primera instituci\u00f3 valenciana que acull esta iniciativa formativa, vinculada al pensament cr\u00edtic i a la creaci\u00f3 de nous p\u00fablics\u00bb.<\/p>\n\n\n\n<p><strong>Ser\u00e0 el 22 de febrer amb la projecci\u00f3 <em>Ariel<\/em> (Lois Pati\u00f1o, 2025). Sala Joaqu\u00edn Rodrigo, 11h. Entrada lliure. Projecci\u00f3 + col\u00b7loqui de la m\u00e0 d\u2019estudiants<\/strong><\/p>\n\n\n<div class=\"wp-block-image\">\n<figure class=\"aligncenter size-large is-resized\"><img loading=\"lazy\" decoding=\"async\" width=\"819\" height=\"1024\" src=\"https:\/\/lamostradevalencia.com\/wp-content\/uploads\/2026\/02\/Posts_Culpable_VAL-819x1024.jpg\" alt=\"\" class=\"wp-image-30931\" style=\"width:819px;height:auto\" srcset=\"https:\/\/lamostradevalencia.com\/wp-content\/uploads\/2026\/02\/Posts_Culpable_VAL-819x1024.jpg 819w, https:\/\/lamostradevalencia.com\/wp-content\/uploads\/2026\/02\/Posts_Culpable_VAL-240x300.jpg 240w, https:\/\/lamostradevalencia.com\/wp-content\/uploads\/2026\/02\/Posts_Culpable_VAL-768x960.jpg 768w, https:\/\/lamostradevalencia.com\/wp-content\/uploads\/2026\/02\/Posts_Culpable_VAL-1229x1536.jpg 1229w, https:\/\/lamostradevalencia.com\/wp-content\/uploads\/2026\/02\/Posts_Culpable_VAL.jpg 1440w\" sizes=\"auto, (max-width: 819px) 100vw, 819px\" \/><\/figure>\n<\/div>\n\n\n<h2 class=\"wp-block-heading\"><strong>CINE CULPABLE<\/strong><\/h2>\n\n\n\n<p>Cineclub amb car\u00e0cter divulgatiu on figures rellevants de la ind\u00fastria audiovisual espanyola compartixen els seus \u00abplaers culpables\u00bb de la hist\u00f2ria de cinema, generant un espai de di\u00e0leg i an\u00e0lisi sobre la cultura cinematogr\u00e0fica nacional i internacional.<\/p>\n\n\n\n<p><strong>Sala Rodrigo, 17.30h. Entrada 6 \u20ac. Projecci\u00f3 + col\u00b7loqui<\/strong><\/p>\n\n\n<div class=\"wp-block-image\">\n<figure class=\"aligncenter size-large\"><img loading=\"lazy\" decoding=\"async\" width=\"819\" height=\"1024\" src=\"https:\/\/lamostradevalencia.com\/wp-content\/uploads\/2026\/02\/Posts_Visual_VAL-819x1024.jpg\" alt=\"\" class=\"wp-image-30936\" srcset=\"https:\/\/lamostradevalencia.com\/wp-content\/uploads\/2026\/02\/Posts_Visual_VAL-819x1024.jpg 819w, https:\/\/lamostradevalencia.com\/wp-content\/uploads\/2026\/02\/Posts_Visual_VAL-240x300.jpg 240w, https:\/\/lamostradevalencia.com\/wp-content\/uploads\/2026\/02\/Posts_Visual_VAL-768x960.jpg 768w, https:\/\/lamostradevalencia.com\/wp-content\/uploads\/2026\/02\/Posts_Visual_VAL-1229x1536.jpg 1229w, https:\/\/lamostradevalencia.com\/wp-content\/uploads\/2026\/02\/Posts_Visual_VAL.jpg 1440w\" sizes=\"auto, (max-width: 819px) 100vw, 819px\" \/><\/figure>\n<\/div>\n\n\n<h2 class=\"wp-block-heading\"><strong>VISUALS<\/strong><\/h2>\n\n\n\n<p>Un punt de trobada interdisciplin\u00e0ria que fusiona la creaci\u00f3 cinematogr\u00e0fica i audiovisual amb la interpretaci\u00f3 de m\u00fasica en directe, explorant noves narratives sensorials. Per a Mansanet este cicle \u00ab\u00e9s el m\u00e9s arriscat i experimental, ja que proposa la projecci\u00f3 de cl\u00e0ssics del cine acompanyats per bandes de rock, punk o electr\u00f2nica que reinterpreten la banda sonora en directe. Les actuacions seran \u00faniques i dissenyades espec\u00edficament per a cada sessi\u00f3, amb propostes que dif\u00edcilment podran veure\u2019s en un altre context\u00bb.<\/p>\n\n\n\n<p><strong>Sala Rodrigo, 19.30h. Entrada 6 \u20ac. Projecci\u00f3 acompanyada de m\u00fasica en directe<\/strong><\/p>\n\n\n\n<ul class=\"wp-block-list\">\n<li>17 d&#8217;abril \u2013 SANSPOK i &#8220;Alicia al pa\u00eds de les meravelles&#8221;<\/li>\n\n\n\n<li>23 de setembre \u2013 ZABALA i &#8220;Taxi Driver&#8221;<\/li>\n\n\n\n<li>14 d&#8217;octubre \u2013 LORETTA\u2019S i &#8220;Carmina i Am\u00e9n&#8221;<\/li>\n\n\n\n<li>4 de novembre \u2013 FANTASMA SUD i &#8220;Un any, una nit&#8221;, amb Isaki Lacuesta i Alosa Bentley<\/li>\n\n\n\n<li>11 de desembre \u2013 ZA! i &#8220;El dia de la b\u00e8stia&#8221;<\/li>\n<\/ul>\n\n\n\n<p>Finalment, Mansanet ha anunciat les dates de la 41 edici\u00f3 de la Mostra de Val\u00e8ncia, que se celebrar\u00e0 del 5 al 15 de novembre del 2026. Per a la subdirectora de cinematografia i Audiovisuals \u00abel canvi de calendari respon a una estrat\u00e8gia de millor encaix en el circuit nacional de festivals, i a la voluntat d&#8217;evitar coincid\u00e8ncies amb altres grans esdeveniments culturals i esportius de la ciutat\u00bb. En definitiva, \u00abl&#8217;aposta \u00e9s ferma: el cinema deixa de ser un esdeveniment puntual per a convertir-se en una pres\u00e8ncia constant en la vida cultural valenciana. Amb \u201cMostra 365\u201d, el festival ja no dura deu dies, dura tot l&#8217;any\u00bb.<\/p>\n\n\n\n<p>Per part seua, Nieves Pascual ha explicat que Mostra365 \u00abarticula la seua programaci\u00f3 entorn de la integraci\u00f3 de disciplines, refor\u00e7ant la connexi\u00f3 entre projeccions amb m\u00fasica en directe, xarrades sobre les creacions, treball amb joves compositors i cineastes, tamb\u00e9 a destacar, un espai de di\u00e0leg intergeneracional\u00bb.<\/p>\n\n\n<div class=\"wp-block-image\">\n<figure class=\"aligncenter size-large\"><img loading=\"lazy\" decoding=\"async\" width=\"1024\" height=\"654\" src=\"https:\/\/lamostradevalencia.com\/wp-content\/uploads\/2026\/02\/Roda-Mostra365.-Foto-Live-Music-Valencia-1024x654.jpg\" alt=\"\" class=\"wp-image-30928\" srcset=\"https:\/\/lamostradevalencia.com\/wp-content\/uploads\/2026\/02\/Roda-Mostra365.-Foto-Live-Music-Valencia-1024x654.jpg 1024w, https:\/\/lamostradevalencia.com\/wp-content\/uploads\/2026\/02\/Roda-Mostra365.-Foto-Live-Music-Valencia-300x192.jpg 300w, https:\/\/lamostradevalencia.com\/wp-content\/uploads\/2026\/02\/Roda-Mostra365.-Foto-Live-Music-Valencia-768x491.jpg 768w, https:\/\/lamostradevalencia.com\/wp-content\/uploads\/2026\/02\/Roda-Mostra365.-Foto-Live-Music-Valencia-1536x981.jpg 1536w\" sizes=\"auto, (max-width: 1024px) 100vw, 1024px\" \/><\/figure>\n<\/div>\n\n\n<p>D\u2019esta manera, MOSTRA365 s\u2019est\u00e9n a activitats concretes com s\u00f3n:<\/p>\n\n\n\n<p>Documental <strong>\u00abBazewicz x Bomsori\u00bb<\/strong>: el 7 d&#8217;abril a la Sala Rodrigo, dirigit per Jakub Pi\u0105tek i produ\u00eft per l&#8217;Editorial Polonesa de M\u00fasica (PWM), entorn de la compositora polonesa Gra\u017cyna Bacewicz. L&#8217;entrada ser\u00e0 gratu\u00efta fins a completar aforament. En este aspecte, s\u2019est\u00e0 formalitzant una col\u00b7laboraci\u00f3 amb l\u2019Institut Cultural Polon\u00e9s, la FIAPF i l\u2019editorial nacional PWE, donant suport &nbsp;la dimensi\u00f3 internacional del projecte. L\u2019entrada ser\u00e0 gratu\u00efta fins a completar aforament.<\/p>\n\n\n\n<p>I crea sinergies amb altres cicles de la programaci\u00f3 com s\u00f3n \u00abOrgue al Palau\u00bb, el 12 d&#8217;abril amb l&#8217;organista Juan de la Rossa i la pel\u00b7l\u00edcula muda \u00abEl maquinista de La General\u00bb (Buster Keaton, 1926); i el 16 de maig amb Roger Sayer que interpretar\u00e0 el programa \u00abInterstellar Concert\u00bb. Aix\u00ed mateix, d\u2019ac\u00ed a poc, es presentar\u00e0 la segona edici\u00f3 del Festival Dones Compositores, amb diverses activitats englobades en MOSTRA365.<\/p>\n","protected":false},"excerpt":{"rendered":"<p>Divendres, 20 de febrer. La subdirectora de Cinematografia i Audiovisuals, Sara Mansanet i la subdirectora de M\u00fasica, Nieves Pascual, han presentat als mitjans de comunicaci\u00f3 [&hellip;]<\/p>\n","protected":false},"author":1,"featured_media":30923,"comment_status":"open","ping_status":"open","sticky":false,"template":"","format":"standard","meta":{"_uag_custom_page_level_css":"","_jet_sm_ready_style":"","_jet_sm_style":"","_jet_sm_controls_values":"","_jet_sm_fonts_collection":"","_jet_sm_fonts_links":"","footnotes":""},"categories":[31],"tags":[],"class_list":["post-30949","post","type-post","status-publish","format-standard","has-post-thumbnail","hentry","category-uncategorized-ca"],"yoast_head":"<!-- This site is optimized with the Yoast SEO plugin v27.5 - https:\/\/yoast.com\/product\/yoast-seo-wordpress\/ -->\n<title>El Palau de la M\u00fasica presenta la marca MOSTRA365 que inclou iniciatives pedag\u00f2giques per a joves, divulgatives i trobades interdisciplin\u00e0ries - Mostra de Val\u00e8ncia<\/title>\n<meta name=\"robots\" content=\"index, follow, max-snippet:-1, max-image-preview:large, max-video-preview:-1\" \/>\n<link rel=\"canonical\" href=\"https:\/\/lamostradevalencia.com\/ca\/el-palau-de-la-musica-presenta-la-marca-mostra365-que-inclou-iniciatives-pedagogiques-per-a-joves-divulgatives-i-trobades-interdisciplinaries\/\" \/>\n<meta property=\"og:locale\" content=\"ca_ES\" \/>\n<meta property=\"og:type\" content=\"article\" \/>\n<meta property=\"og:title\" content=\"El Palau de la M\u00fasica presenta la marca MOSTRA365 que inclou iniciatives pedag\u00f2giques per a joves, divulgatives i trobades interdisciplin\u00e0ries - Mostra de Val\u00e8ncia\" \/>\n<meta property=\"og:description\" content=\"Divendres, 20 de febrer. La subdirectora de Cinematografia i Audiovisuals, Sara Mansanet i la subdirectora de M\u00fasica, Nieves Pascual, han presentat als mitjans de comunicaci\u00f3 [&hellip;]\" \/>\n<meta property=\"og:url\" content=\"https:\/\/lamostradevalencia.com\/ca\/el-palau-de-la-musica-presenta-la-marca-mostra365-que-inclou-iniciatives-pedagogiques-per-a-joves-divulgatives-i-trobades-interdisciplinaries\/\" \/>\n<meta property=\"og:site_name\" content=\"Mostra de Val\u00e8ncia\" \/>\n<meta property=\"article:published_time\" content=\"2026-02-20T16:47:07+00:00\" \/>\n<meta property=\"article:modified_time\" content=\"2026-02-24T16:54:06+00:00\" \/>\n<meta property=\"og:image\" content=\"https:\/\/lamostradevalencia.com\/wp-content\/uploads\/2026\/02\/Roda-Mostra365.-2-Foto-Live-Music-Valencia-scaled.jpg\" \/>\n\t<meta property=\"og:image:width\" content=\"2560\" \/>\n\t<meta property=\"og:image:height\" content=\"1662\" \/>\n\t<meta property=\"og:image:type\" content=\"image\/jpeg\" \/>\n<meta name=\"author\" content=\"Mostra de Val\u00e8ncia\" \/>\n<meta name=\"twitter:card\" content=\"summary_large_image\" \/>\n<meta name=\"twitter:label1\" content=\"Escrit per\" \/>\n\t<meta name=\"twitter:data1\" content=\"Mostra de Val\u00e8ncia\" \/>\n\t<meta name=\"twitter:label2\" content=\"Temps estimat de lectura\" \/>\n\t<meta name=\"twitter:data2\" content=\"5 minuts\" \/>\n<script type=\"application\/ld+json\" class=\"yoast-schema-graph\">{\"@context\":\"https:\\\/\\\/schema.org\",\"@graph\":[{\"@type\":\"Article\",\"@id\":\"https:\\\/\\\/lamostradevalencia.com\\\/ca\\\/el-palau-de-la-musica-presenta-la-marca-mostra365-que-inclou-iniciatives-pedagogiques-per-a-joves-divulgatives-i-trobades-interdisciplinaries\\\/#article\",\"isPartOf\":{\"@id\":\"https:\\\/\\\/lamostradevalencia.com\\\/ca\\\/el-palau-de-la-musica-presenta-la-marca-mostra365-que-inclou-iniciatives-pedagogiques-per-a-joves-divulgatives-i-trobades-interdisciplinaries\\\/\"},\"author\":{\"name\":\"Mostra de Val\u00e8ncia\",\"@id\":\"https:\\\/\\\/lamostradevalencia.com\\\/ca\\\/#\\\/schema\\\/person\\\/1dc07e4df3d6310b81d2cdf6a034070c\"},\"headline\":\"El Palau de la M\u00fasica presenta la marca MOSTRA365 que inclou iniciatives pedag\u00f2giques per a joves, divulgatives i trobades interdisciplin\u00e0ries\",\"datePublished\":\"2026-02-20T16:47:07+00:00\",\"dateModified\":\"2026-02-24T16:54:06+00:00\",\"mainEntityOfPage\":{\"@id\":\"https:\\\/\\\/lamostradevalencia.com\\\/ca\\\/el-palau-de-la-musica-presenta-la-marca-mostra365-que-inclou-iniciatives-pedagogiques-per-a-joves-divulgatives-i-trobades-interdisciplinaries\\\/\"},\"wordCount\":834,\"commentCount\":0,\"image\":{\"@id\":\"https:\\\/\\\/lamostradevalencia.com\\\/ca\\\/el-palau-de-la-musica-presenta-la-marca-mostra365-que-inclou-iniciatives-pedagogiques-per-a-joves-divulgatives-i-trobades-interdisciplinaries\\\/#primaryimage\"},\"thumbnailUrl\":\"https:\\\/\\\/lamostradevalencia.com\\\/wp-content\\\/uploads\\\/2026\\\/02\\\/Roda-Mostra365.-2-Foto-Live-Music-Valencia-scaled.jpg\",\"articleSection\":[\"Uncategorized @ca\"],\"inLanguage\":\"ca\",\"potentialAction\":[{\"@type\":\"CommentAction\",\"name\":\"Comment\",\"target\":[\"https:\\\/\\\/lamostradevalencia.com\\\/ca\\\/el-palau-de-la-musica-presenta-la-marca-mostra365-que-inclou-iniciatives-pedagogiques-per-a-joves-divulgatives-i-trobades-interdisciplinaries\\\/#respond\"]}]},{\"@type\":\"WebPage\",\"@id\":\"https:\\\/\\\/lamostradevalencia.com\\\/ca\\\/el-palau-de-la-musica-presenta-la-marca-mostra365-que-inclou-iniciatives-pedagogiques-per-a-joves-divulgatives-i-trobades-interdisciplinaries\\\/\",\"url\":\"https:\\\/\\\/lamostradevalencia.com\\\/ca\\\/el-palau-de-la-musica-presenta-la-marca-mostra365-que-inclou-iniciatives-pedagogiques-per-a-joves-divulgatives-i-trobades-interdisciplinaries\\\/\",\"name\":\"El Palau de la M\u00fasica presenta la marca MOSTRA365 que inclou iniciatives pedag\u00f2giques per a joves, divulgatives i trobades interdisciplin\u00e0ries - Mostra de Val\u00e8ncia\",\"isPartOf\":{\"@id\":\"https:\\\/\\\/lamostradevalencia.com\\\/ca\\\/#website\"},\"primaryImageOfPage\":{\"@id\":\"https:\\\/\\\/lamostradevalencia.com\\\/ca\\\/el-palau-de-la-musica-presenta-la-marca-mostra365-que-inclou-iniciatives-pedagogiques-per-a-joves-divulgatives-i-trobades-interdisciplinaries\\\/#primaryimage\"},\"image\":{\"@id\":\"https:\\\/\\\/lamostradevalencia.com\\\/ca\\\/el-palau-de-la-musica-presenta-la-marca-mostra365-que-inclou-iniciatives-pedagogiques-per-a-joves-divulgatives-i-trobades-interdisciplinaries\\\/#primaryimage\"},\"thumbnailUrl\":\"https:\\\/\\\/lamostradevalencia.com\\\/wp-content\\\/uploads\\\/2026\\\/02\\\/Roda-Mostra365.-2-Foto-Live-Music-Valencia-scaled.jpg\",\"datePublished\":\"2026-02-20T16:47:07+00:00\",\"dateModified\":\"2026-02-24T16:54:06+00:00\",\"author\":{\"@id\":\"https:\\\/\\\/lamostradevalencia.com\\\/ca\\\/#\\\/schema\\\/person\\\/1dc07e4df3d6310b81d2cdf6a034070c\"},\"breadcrumb\":{\"@id\":\"https:\\\/\\\/lamostradevalencia.com\\\/ca\\\/el-palau-de-la-musica-presenta-la-marca-mostra365-que-inclou-iniciatives-pedagogiques-per-a-joves-divulgatives-i-trobades-interdisciplinaries\\\/#breadcrumb\"},\"inLanguage\":\"ca\",\"potentialAction\":[{\"@type\":\"ReadAction\",\"target\":[\"https:\\\/\\\/lamostradevalencia.com\\\/ca\\\/el-palau-de-la-musica-presenta-la-marca-mostra365-que-inclou-iniciatives-pedagogiques-per-a-joves-divulgatives-i-trobades-interdisciplinaries\\\/\"]}]},{\"@type\":\"ImageObject\",\"inLanguage\":\"ca\",\"@id\":\"https:\\\/\\\/lamostradevalencia.com\\\/ca\\\/el-palau-de-la-musica-presenta-la-marca-mostra365-que-inclou-iniciatives-pedagogiques-per-a-joves-divulgatives-i-trobades-interdisciplinaries\\\/#primaryimage\",\"url\":\"https:\\\/\\\/lamostradevalencia.com\\\/wp-content\\\/uploads\\\/2026\\\/02\\\/Roda-Mostra365.-2-Foto-Live-Music-Valencia-scaled.jpg\",\"contentUrl\":\"https:\\\/\\\/lamostradevalencia.com\\\/wp-content\\\/uploads\\\/2026\\\/02\\\/Roda-Mostra365.-2-Foto-Live-Music-Valencia-scaled.jpg\",\"width\":2560,\"height\":1662},{\"@type\":\"BreadcrumbList\",\"@id\":\"https:\\\/\\\/lamostradevalencia.com\\\/ca\\\/el-palau-de-la-musica-presenta-la-marca-mostra365-que-inclou-iniciatives-pedagogiques-per-a-joves-divulgatives-i-trobades-interdisciplinaries\\\/#breadcrumb\",\"itemListElement\":[{\"@type\":\"ListItem\",\"position\":1,\"name\":\"Portada\",\"item\":\"https:\\\/\\\/lamostradevalencia.com\\\/ca\\\/\"},{\"@type\":\"ListItem\",\"position\":2,\"name\":\"El Palau de la M\u00fasica presenta la marca MOSTRA365 que inclou iniciatives pedag\u00f2giques per a joves, divulgatives i trobades interdisciplin\u00e0ries\"}]},{\"@type\":\"WebSite\",\"@id\":\"https:\\\/\\\/lamostradevalencia.com\\\/ca\\\/#website\",\"url\":\"https:\\\/\\\/lamostradevalencia.com\\\/ca\\\/\",\"name\":\"Mostra de Val\u00e8ncia\",\"description\":\"Cinema del Mediterrani\",\"potentialAction\":[{\"@type\":\"SearchAction\",\"target\":{\"@type\":\"EntryPoint\",\"urlTemplate\":\"https:\\\/\\\/lamostradevalencia.com\\\/ca\\\/?s={search_term_string}\"},\"query-input\":{\"@type\":\"PropertyValueSpecification\",\"valueRequired\":true,\"valueName\":\"search_term_string\"}}],\"inLanguage\":\"ca\"},{\"@type\":\"Person\",\"@id\":\"https:\\\/\\\/lamostradevalencia.com\\\/ca\\\/#\\\/schema\\\/person\\\/1dc07e4df3d6310b81d2cdf6a034070c\",\"name\":\"Mostra de Val\u00e8ncia\",\"image\":{\"@type\":\"ImageObject\",\"inLanguage\":\"ca\",\"@id\":\"https:\\\/\\\/secure.gravatar.com\\\/avatar\\\/ada4dfd699a9907706987adb1bb2b361c2613ccca474b49b8c648de5208e32f8?s=96&d=mm&r=g\",\"url\":\"https:\\\/\\\/secure.gravatar.com\\\/avatar\\\/ada4dfd699a9907706987adb1bb2b361c2613ccca474b49b8c648de5208e32f8?s=96&d=mm&r=g\",\"contentUrl\":\"https:\\\/\\\/secure.gravatar.com\\\/avatar\\\/ada4dfd699a9907706987adb1bb2b361c2613ccca474b49b8c648de5208e32f8?s=96&d=mm&r=g\",\"caption\":\"Mostra de Val\u00e8ncia\"}}]}<\/script>\n<!-- \/ Yoast SEO plugin. -->","yoast_head_json":{"title":"El Palau de la M\u00fasica presenta la marca MOSTRA365 que inclou iniciatives pedag\u00f2giques per a joves, divulgatives i trobades interdisciplin\u00e0ries - Mostra de Val\u00e8ncia","robots":{"index":"index","follow":"follow","max-snippet":"max-snippet:-1","max-image-preview":"max-image-preview:large","max-video-preview":"max-video-preview:-1"},"canonical":"https:\/\/lamostradevalencia.com\/ca\/el-palau-de-la-musica-presenta-la-marca-mostra365-que-inclou-iniciatives-pedagogiques-per-a-joves-divulgatives-i-trobades-interdisciplinaries\/","og_locale":"ca_ES","og_type":"article","og_title":"El Palau de la M\u00fasica presenta la marca MOSTRA365 que inclou iniciatives pedag\u00f2giques per a joves, divulgatives i trobades interdisciplin\u00e0ries - Mostra de Val\u00e8ncia","og_description":"Divendres, 20 de febrer. La subdirectora de Cinematografia i Audiovisuals, Sara Mansanet i la subdirectora de M\u00fasica, Nieves Pascual, han presentat als mitjans de comunicaci\u00f3 [&hellip;]","og_url":"https:\/\/lamostradevalencia.com\/ca\/el-palau-de-la-musica-presenta-la-marca-mostra365-que-inclou-iniciatives-pedagogiques-per-a-joves-divulgatives-i-trobades-interdisciplinaries\/","og_site_name":"Mostra de Val\u00e8ncia","article_published_time":"2026-02-20T16:47:07+00:00","article_modified_time":"2026-02-24T16:54:06+00:00","og_image":[{"width":2560,"height":1662,"url":"https:\/\/lamostradevalencia.com\/wp-content\/uploads\/2026\/02\/Roda-Mostra365.-2-Foto-Live-Music-Valencia-scaled.jpg","type":"image\/jpeg"}],"author":"Mostra de Val\u00e8ncia","twitter_card":"summary_large_image","twitter_misc":{"Escrit per":"Mostra de Val\u00e8ncia","Temps estimat de lectura":"5 minuts"},"schema":{"@context":"https:\/\/schema.org","@graph":[{"@type":"Article","@id":"https:\/\/lamostradevalencia.com\/ca\/el-palau-de-la-musica-presenta-la-marca-mostra365-que-inclou-iniciatives-pedagogiques-per-a-joves-divulgatives-i-trobades-interdisciplinaries\/#article","isPartOf":{"@id":"https:\/\/lamostradevalencia.com\/ca\/el-palau-de-la-musica-presenta-la-marca-mostra365-que-inclou-iniciatives-pedagogiques-per-a-joves-divulgatives-i-trobades-interdisciplinaries\/"},"author":{"name":"Mostra de Val\u00e8ncia","@id":"https:\/\/lamostradevalencia.com\/ca\/#\/schema\/person\/1dc07e4df3d6310b81d2cdf6a034070c"},"headline":"El Palau de la M\u00fasica presenta la marca MOSTRA365 que inclou iniciatives pedag\u00f2giques per a joves, divulgatives i trobades interdisciplin\u00e0ries","datePublished":"2026-02-20T16:47:07+00:00","dateModified":"2026-02-24T16:54:06+00:00","mainEntityOfPage":{"@id":"https:\/\/lamostradevalencia.com\/ca\/el-palau-de-la-musica-presenta-la-marca-mostra365-que-inclou-iniciatives-pedagogiques-per-a-joves-divulgatives-i-trobades-interdisciplinaries\/"},"wordCount":834,"commentCount":0,"image":{"@id":"https:\/\/lamostradevalencia.com\/ca\/el-palau-de-la-musica-presenta-la-marca-mostra365-que-inclou-iniciatives-pedagogiques-per-a-joves-divulgatives-i-trobades-interdisciplinaries\/#primaryimage"},"thumbnailUrl":"https:\/\/lamostradevalencia.com\/wp-content\/uploads\/2026\/02\/Roda-Mostra365.-2-Foto-Live-Music-Valencia-scaled.jpg","articleSection":["Uncategorized @ca"],"inLanguage":"ca","potentialAction":[{"@type":"CommentAction","name":"Comment","target":["https:\/\/lamostradevalencia.com\/ca\/el-palau-de-la-musica-presenta-la-marca-mostra365-que-inclou-iniciatives-pedagogiques-per-a-joves-divulgatives-i-trobades-interdisciplinaries\/#respond"]}]},{"@type":"WebPage","@id":"https:\/\/lamostradevalencia.com\/ca\/el-palau-de-la-musica-presenta-la-marca-mostra365-que-inclou-iniciatives-pedagogiques-per-a-joves-divulgatives-i-trobades-interdisciplinaries\/","url":"https:\/\/lamostradevalencia.com\/ca\/el-palau-de-la-musica-presenta-la-marca-mostra365-que-inclou-iniciatives-pedagogiques-per-a-joves-divulgatives-i-trobades-interdisciplinaries\/","name":"El Palau de la M\u00fasica presenta la marca MOSTRA365 que inclou iniciatives pedag\u00f2giques per a joves, divulgatives i trobades interdisciplin\u00e0ries - Mostra de Val\u00e8ncia","isPartOf":{"@id":"https:\/\/lamostradevalencia.com\/ca\/#website"},"primaryImageOfPage":{"@id":"https:\/\/lamostradevalencia.com\/ca\/el-palau-de-la-musica-presenta-la-marca-mostra365-que-inclou-iniciatives-pedagogiques-per-a-joves-divulgatives-i-trobades-interdisciplinaries\/#primaryimage"},"image":{"@id":"https:\/\/lamostradevalencia.com\/ca\/el-palau-de-la-musica-presenta-la-marca-mostra365-que-inclou-iniciatives-pedagogiques-per-a-joves-divulgatives-i-trobades-interdisciplinaries\/#primaryimage"},"thumbnailUrl":"https:\/\/lamostradevalencia.com\/wp-content\/uploads\/2026\/02\/Roda-Mostra365.-2-Foto-Live-Music-Valencia-scaled.jpg","datePublished":"2026-02-20T16:47:07+00:00","dateModified":"2026-02-24T16:54:06+00:00","author":{"@id":"https:\/\/lamostradevalencia.com\/ca\/#\/schema\/person\/1dc07e4df3d6310b81d2cdf6a034070c"},"breadcrumb":{"@id":"https:\/\/lamostradevalencia.com\/ca\/el-palau-de-la-musica-presenta-la-marca-mostra365-que-inclou-iniciatives-pedagogiques-per-a-joves-divulgatives-i-trobades-interdisciplinaries\/#breadcrumb"},"inLanguage":"ca","potentialAction":[{"@type":"ReadAction","target":["https:\/\/lamostradevalencia.com\/ca\/el-palau-de-la-musica-presenta-la-marca-mostra365-que-inclou-iniciatives-pedagogiques-per-a-joves-divulgatives-i-trobades-interdisciplinaries\/"]}]},{"@type":"ImageObject","inLanguage":"ca","@id":"https:\/\/lamostradevalencia.com\/ca\/el-palau-de-la-musica-presenta-la-marca-mostra365-que-inclou-iniciatives-pedagogiques-per-a-joves-divulgatives-i-trobades-interdisciplinaries\/#primaryimage","url":"https:\/\/lamostradevalencia.com\/wp-content\/uploads\/2026\/02\/Roda-Mostra365.-2-Foto-Live-Music-Valencia-scaled.jpg","contentUrl":"https:\/\/lamostradevalencia.com\/wp-content\/uploads\/2026\/02\/Roda-Mostra365.-2-Foto-Live-Music-Valencia-scaled.jpg","width":2560,"height":1662},{"@type":"BreadcrumbList","@id":"https:\/\/lamostradevalencia.com\/ca\/el-palau-de-la-musica-presenta-la-marca-mostra365-que-inclou-iniciatives-pedagogiques-per-a-joves-divulgatives-i-trobades-interdisciplinaries\/#breadcrumb","itemListElement":[{"@type":"ListItem","position":1,"name":"Portada","item":"https:\/\/lamostradevalencia.com\/ca\/"},{"@type":"ListItem","position":2,"name":"El Palau de la M\u00fasica presenta la marca MOSTRA365 que inclou iniciatives pedag\u00f2giques per a joves, divulgatives i trobades interdisciplin\u00e0ries"}]},{"@type":"WebSite","@id":"https:\/\/lamostradevalencia.com\/ca\/#website","url":"https:\/\/lamostradevalencia.com\/ca\/","name":"Mostra de Val\u00e8ncia","description":"Cinema del Mediterrani","potentialAction":[{"@type":"SearchAction","target":{"@type":"EntryPoint","urlTemplate":"https:\/\/lamostradevalencia.com\/ca\/?s={search_term_string}"},"query-input":{"@type":"PropertyValueSpecification","valueRequired":true,"valueName":"search_term_string"}}],"inLanguage":"ca"},{"@type":"Person","@id":"https:\/\/lamostradevalencia.com\/ca\/#\/schema\/person\/1dc07e4df3d6310b81d2cdf6a034070c","name":"Mostra de Val\u00e8ncia","image":{"@type":"ImageObject","inLanguage":"ca","@id":"https:\/\/secure.gravatar.com\/avatar\/ada4dfd699a9907706987adb1bb2b361c2613ccca474b49b8c648de5208e32f8?s=96&d=mm&r=g","url":"https:\/\/secure.gravatar.com\/avatar\/ada4dfd699a9907706987adb1bb2b361c2613ccca474b49b8c648de5208e32f8?s=96&d=mm&r=g","contentUrl":"https:\/\/secure.gravatar.com\/avatar\/ada4dfd699a9907706987adb1bb2b361c2613ccca474b49b8c648de5208e32f8?s=96&d=mm&r=g","caption":"Mostra de Val\u00e8ncia"}}]}},"uagb_featured_image_src":{"full":["https:\/\/lamostradevalencia.com\/wp-content\/uploads\/2026\/02\/Roda-Mostra365.-2-Foto-Live-Music-Valencia-scaled.jpg",2560,1662,false],"thumbnail":["https:\/\/lamostradevalencia.com\/wp-content\/uploads\/2026\/02\/Roda-Mostra365.-2-Foto-Live-Music-Valencia-150x150.jpg",150,150,true],"medium":["https:\/\/lamostradevalencia.com\/wp-content\/uploads\/2026\/02\/Roda-Mostra365.-2-Foto-Live-Music-Valencia-300x195.jpg",300,195,true],"medium_large":["https:\/\/lamostradevalencia.com\/wp-content\/uploads\/2026\/02\/Roda-Mostra365.-2-Foto-Live-Music-Valencia-768x499.jpg",768,499,true],"large":["https:\/\/lamostradevalencia.com\/wp-content\/uploads\/2026\/02\/Roda-Mostra365.-2-Foto-Live-Music-Valencia-1024x665.jpg",1024,665,true],"1536x1536":["https:\/\/lamostradevalencia.com\/wp-content\/uploads\/2026\/02\/Roda-Mostra365.-2-Foto-Live-Music-Valencia-1536x997.jpg",1536,997,true],"2048x2048":["https:\/\/lamostradevalencia.com\/wp-content\/uploads\/2026\/02\/Roda-Mostra365.-2-Foto-Live-Music-Valencia-2048x1330.jpg",2048,1330,true],"cinerama_edge_image_square":["https:\/\/lamostradevalencia.com\/wp-content\/uploads\/2026\/02\/Roda-Mostra365.-2-Foto-Live-Music-Valencia-550x550.jpg",550,550,true],"cinerama_edge_image_landscape":["https:\/\/lamostradevalencia.com\/wp-content\/uploads\/2026\/02\/Roda-Mostra365.-2-Foto-Live-Music-Valencia-1100x550.jpg",1100,550,true],"cinerama_edge_image_portrait":["https:\/\/lamostradevalencia.com\/wp-content\/uploads\/2026\/02\/Roda-Mostra365.-2-Foto-Live-Music-Valencia-550x1100.jpg",550,1100,true],"cinerama_edge_image_huge":["https:\/\/lamostradevalencia.com\/wp-content\/uploads\/2026\/02\/Roda-Mostra365.-2-Foto-Live-Music-Valencia-1100x1100.jpg",1100,1100,true],"gform-image-choice-sm":["https:\/\/lamostradevalencia.com\/wp-content\/uploads\/2026\/02\/Roda-Mostra365.-2-Foto-Live-Music-Valencia-scaled.jpg",300,195,false],"gform-image-choice-md":["https:\/\/lamostradevalencia.com\/wp-content\/uploads\/2026\/02\/Roda-Mostra365.-2-Foto-Live-Music-Valencia-scaled.jpg",400,260,false],"gform-image-choice-lg":["https:\/\/lamostradevalencia.com\/wp-content\/uploads\/2026\/02\/Roda-Mostra365.-2-Foto-Live-Music-Valencia-scaled.jpg",600,390,false]},"uagb_author_info":{"display_name":"Mostra de Val\u00e8ncia","author_link":"https:\/\/lamostradevalencia.com\/ca\/author\/mostravalencia\/"},"uagb_comment_info":0,"uagb_excerpt":"Divendres, 20 de febrer. La subdirectora de Cinematografia i Audiovisuals, Sara Mansanet i la subdirectora de M\u00fasica, Nieves Pascual, han presentat als mitjans de comunicaci\u00f3 [&hellip;]","_links":{"self":[{"href":"https:\/\/lamostradevalencia.com\/ca\/wp-json\/wp\/v2\/posts\/30949","targetHints":{"allow":["GET"]}}],"collection":[{"href":"https:\/\/lamostradevalencia.com\/ca\/wp-json\/wp\/v2\/posts"}],"about":[{"href":"https:\/\/lamostradevalencia.com\/ca\/wp-json\/wp\/v2\/types\/post"}],"author":[{"embeddable":true,"href":"https:\/\/lamostradevalencia.com\/ca\/wp-json\/wp\/v2\/users\/1"}],"replies":[{"embeddable":true,"href":"https:\/\/lamostradevalencia.com\/ca\/wp-json\/wp\/v2\/comments?post=30949"}],"version-history":[{"count":1,"href":"https:\/\/lamostradevalencia.com\/ca\/wp-json\/wp\/v2\/posts\/30949\/revisions"}],"predecessor-version":[{"id":30950,"href":"https:\/\/lamostradevalencia.com\/ca\/wp-json\/wp\/v2\/posts\/30949\/revisions\/30950"}],"wp:featuredmedia":[{"embeddable":true,"href":"https:\/\/lamostradevalencia.com\/ca\/wp-json\/wp\/v2\/media\/30923"}],"wp:attachment":[{"href":"https:\/\/lamostradevalencia.com\/ca\/wp-json\/wp\/v2\/media?parent=30949"}],"wp:term":[{"taxonomy":"category","embeddable":true,"href":"https:\/\/lamostradevalencia.com\/ca\/wp-json\/wp\/v2\/categories?post=30949"},{"taxonomy":"post_tag","embeddable":true,"href":"https:\/\/lamostradevalencia.com\/ca\/wp-json\/wp\/v2\/tags?post=30949"}],"curies":[{"name":"wp","href":"https:\/\/api.w.org\/{rel}","templated":true}]}}