{"id":3092,"date":"2019-08-13T02:02:17","date_gmt":"2019-08-13T00:02:17","guid":{"rendered":"https:\/\/lamostradevalencia.com\/?p=3092"},"modified":"2019-08-13T02:02:18","modified_gmt":"2019-08-13T00:02:18","slug":"el-premi-da-punt-media-a-la-mostra-de-valencia-promoura-enguany-la-integracio-social-i-la-diversitat","status":"publish","type":"post","link":"https:\/\/lamostradevalencia.com\/ca\/el-premi-da-punt-media-a-la-mostra-de-valencia-promoura-enguany-la-integracio-social-i-la-diversitat\/","title":{"rendered":"El premi d&#8217;\u00c0 Punt M\u00e8dia a la Mostra de Val\u00e8ncia promour\u00e0 enguany la integraci\u00f3 social i la diversitat"},"content":{"rendered":"\n<p>\u00c0 Punt promou, per segon any consecutiu, un premi en la secci\u00f3 oficial de la 34 edici\u00f3 de la Mostra de Val\u00e8ncia, Cinema del Mediterrani. El premi hi destacar\u00e0 la &#8220;pel\u00b7l\u00edcula de la secci\u00f3 oficial que millor promoga els valors d&#8217;integraci\u00f3 social, civisme, cooperaci\u00f3 i pau, des del respecte a la diversitat social, de g\u00e8nere, cultural i geogr\u00e0fica&#8221;. L&#8217;any passat, el premi de l&#8217;espai p\u00fablic valenci\u00e0 de comunicaci\u00f3 tenia el comprom\u00eds de promoure la igualtat entre homes i dones.<\/p>\n\n\n\n<p>El premi d&#8217;\u00c0 Punt no tindr\u00e0 una dotaci\u00f3 econ\u00f2mica directa, per\u00f2 la Societat An\u00f2nima de Mitjans de Comunicaci\u00f3 (SAMC)&nbsp; es compromet a adquirir els drets d&#8217;emissi\u00f3 de la pel\u00b7l\u00edcula guanyadora. El guard\u00f3 s&#8217;emmarca en el segon conveni de col\u00b7laboraci\u00f3 que acaben de signar l&#8217;SAMC i la Mostra de Val\u00e8ncia pel qual treballaran conjuntament en la pr\u00f2xima edici\u00f3 del certamen que tindr\u00e0 lloc a Val\u00e8ncia entre el 24 d&#8217;octubre i el 3 de novembre de 2019.&nbsp;<\/p>\n\n\n\n<p>\u00c0 Punt tornar\u00e0 a ser mitj\u00e0 oficial del certamen cinematogr\u00e0fic. Eixa consideraci\u00f3 implica el comprom\u00eds d&#8217;informar dels principals moments i activitats del certamen a trav\u00e9s de la televisi\u00f3, la r\u00e0dio, el web i les xarxes socials.<\/p>\n\n\n\n<p>Per la seua banda, Gloria Tello, Regidora de Patrimoni i Recursos Culturals, ha afirmat que &#8220;tant la Mostra com \u00c0 Punt M\u00e8dia coincidim en la necessitat de potenciar el sector audiovisual del Mediterrani. Contribuir a la producci\u00f3 i exhibici\u00f3 cinematogr\u00e0fica i dels continguts culturals que satisfacen les necessitats de la societat&#8221;.<\/p>\n\n\n\n<p>Aquest conveni s&#8217;emmarca dins de l&#8217;estrat\u00e8gia d&#8217;\u00c0 Punt d&#8217;apropar-se i de col\u00b7laborar amb els cert\u00e0mens culturals i audiovisuals que s&#8217;organitzen per tot el territori valenci\u00e0, ja que ajudar a revitalitzar el sector \u00e9s un dels objectius de l&#8217;espai p\u00fablic de comunicaci\u00f3. <\/p>\n","protected":false},"excerpt":{"rendered":"<p>\u00c0 Punt promou, per segon any consecutiu, un premi en la secci\u00f3 oficial de la 34 edici\u00f3 de la Mostra de Val\u00e8ncia, Cinema del Mediterrani. [&hellip;]<\/p>\n","protected":false},"author":1,"featured_media":3093,"comment_status":"open","ping_status":"open","sticky":false,"template":"","format":"standard","meta":{"_uag_custom_page_level_css":"","_jet_sm_ready_style":"","_jet_sm_style":"","_jet_sm_controls_values":"","_jet_sm_fonts_collection":"","_jet_sm_fonts_links":"","footnotes":""},"categories":[455],"tags":[1034,1029],"class_list":["post-3092","post","type-post","status-publish","format-standard","has-post-thumbnail","hentry","category-noticies","tag-a-punt","tag-mostra-de-valencia-2"],"yoast_head":"<!-- This site is optimized with the Yoast SEO plugin v27.5 - https:\/\/yoast.com\/product\/yoast-seo-wordpress\/ -->\n<title>El premi d&#039;\u00c0 Punt M\u00e8dia a la Mostra de Val\u00e8ncia promour\u00e0 enguany la integraci\u00f3 social i la diversitat - Mostra de Val\u00e8ncia<\/title>\n<meta name=\"description\" content=\"\u00c0 Punt tornar\u00e0 a ser mitj\u00e0 oficial del certamen cinematogr\u00e0fic\" \/>\n<meta name=\"robots\" content=\"index, follow, max-snippet:-1, max-image-preview:large, max-video-preview:-1\" \/>\n<link rel=\"canonical\" href=\"https:\/\/lamostradevalencia.com\/ca\/el-premi-da-punt-media-a-la-mostra-de-valencia-promoura-enguany-la-integracio-social-i-la-diversitat\/\" \/>\n<meta property=\"og:locale\" content=\"ca_ES\" \/>\n<meta property=\"og:type\" content=\"article\" \/>\n<meta property=\"og:title\" content=\"El premi d&#039;\u00c0 Punt M\u00e8dia a la Mostra de Val\u00e8ncia promour\u00e0 enguany la integraci\u00f3 social i la diversitat - Mostra de Val\u00e8ncia\" \/>\n<meta property=\"og:description\" content=\"\u00c0 Punt tornar\u00e0 a ser mitj\u00e0 oficial del certamen cinematogr\u00e0fic\" \/>\n<meta property=\"og:url\" content=\"https:\/\/lamostradevalencia.com\/ca\/el-premi-da-punt-media-a-la-mostra-de-valencia-promoura-enguany-la-integracio-social-i-la-diversitat\/\" \/>\n<meta property=\"og:site_name\" content=\"Mostra de Val\u00e8ncia\" \/>\n<meta property=\"article:published_time\" content=\"2019-08-13T00:02:17+00:00\" \/>\n<meta property=\"article:modified_time\" content=\"2019-08-13T00:02:18+00:00\" \/>\n<meta property=\"og:image\" content=\"https:\/\/lamostradevalencia.com\/wp-content\/uploads\/2019\/08\/Mostra-Vale\u0300ncia_Gala-clausura_2018_26-copia.jpg\" \/>\n\t<meta property=\"og:image:width\" content=\"5472\" \/>\n\t<meta property=\"og:image:height\" content=\"3648\" \/>\n\t<meta property=\"og:image:type\" content=\"image\/jpeg\" \/>\n<meta name=\"author\" content=\"Mostra de Val\u00e8ncia\" \/>\n<meta name=\"twitter:card\" content=\"summary_large_image\" \/>\n<meta name=\"twitter:label1\" content=\"Escrit per\" \/>\n\t<meta name=\"twitter:data1\" content=\"Mostra de Val\u00e8ncia\" \/>\n\t<meta name=\"twitter:label2\" content=\"Temps estimat de lectura\" \/>\n\t<meta name=\"twitter:data2\" content=\"2 minuts\" \/>\n<script type=\"application\/ld+json\" class=\"yoast-schema-graph\">{\"@context\":\"https:\\\/\\\/schema.org\",\"@graph\":[{\"@type\":\"Article\",\"@id\":\"https:\\\/\\\/lamostradevalencia.com\\\/ca\\\/el-premi-da-punt-media-a-la-mostra-de-valencia-promoura-enguany-la-integracio-social-i-la-diversitat\\\/#article\",\"isPartOf\":{\"@id\":\"https:\\\/\\\/lamostradevalencia.com\\\/ca\\\/el-premi-da-punt-media-a-la-mostra-de-valencia-promoura-enguany-la-integracio-social-i-la-diversitat\\\/\"},\"author\":{\"name\":\"Mostra de Val\u00e8ncia\",\"@id\":\"https:\\\/\\\/lamostradevalencia.com\\\/ca\\\/#\\\/schema\\\/person\\\/1dc07e4df3d6310b81d2cdf6a034070c\"},\"headline\":\"El premi d&#8217;\u00c0 Punt M\u00e8dia a la Mostra de Val\u00e8ncia promour\u00e0 enguany la integraci\u00f3 social i la diversitat\",\"datePublished\":\"2019-08-13T00:02:17+00:00\",\"dateModified\":\"2019-08-13T00:02:18+00:00\",\"mainEntityOfPage\":{\"@id\":\"https:\\\/\\\/lamostradevalencia.com\\\/ca\\\/el-premi-da-punt-media-a-la-mostra-de-valencia-promoura-enguany-la-integracio-social-i-la-diversitat\\\/\"},\"wordCount\":335,\"commentCount\":0,\"image\":{\"@id\":\"https:\\\/\\\/lamostradevalencia.com\\\/ca\\\/el-premi-da-punt-media-a-la-mostra-de-valencia-promoura-enguany-la-integracio-social-i-la-diversitat\\\/#primaryimage\"},\"thumbnailUrl\":\"https:\\\/\\\/lamostradevalencia.com\\\/wp-content\\\/uploads\\\/2019\\\/08\\\/Mostra-Vale\u0300ncia_Gala-clausura_2018_26-copia.jpg\",\"keywords\":[\"\u00c0 Punt\",\"Mostra de Val\u00e8ncia\"],\"articleSection\":[\"Noticies\"],\"inLanguage\":\"ca\",\"potentialAction\":[{\"@type\":\"CommentAction\",\"name\":\"Comment\",\"target\":[\"https:\\\/\\\/lamostradevalencia.com\\\/ca\\\/el-premi-da-punt-media-a-la-mostra-de-valencia-promoura-enguany-la-integracio-social-i-la-diversitat\\\/#respond\"]}]},{\"@type\":\"WebPage\",\"@id\":\"https:\\\/\\\/lamostradevalencia.com\\\/ca\\\/el-premi-da-punt-media-a-la-mostra-de-valencia-promoura-enguany-la-integracio-social-i-la-diversitat\\\/\",\"url\":\"https:\\\/\\\/lamostradevalencia.com\\\/ca\\\/el-premi-da-punt-media-a-la-mostra-de-valencia-promoura-enguany-la-integracio-social-i-la-diversitat\\\/\",\"name\":\"El premi d'\u00c0 Punt M\u00e8dia a la Mostra de Val\u00e8ncia promour\u00e0 enguany la integraci\u00f3 social i la diversitat - Mostra de Val\u00e8ncia\",\"isPartOf\":{\"@id\":\"https:\\\/\\\/lamostradevalencia.com\\\/ca\\\/#website\"},\"primaryImageOfPage\":{\"@id\":\"https:\\\/\\\/lamostradevalencia.com\\\/ca\\\/el-premi-da-punt-media-a-la-mostra-de-valencia-promoura-enguany-la-integracio-social-i-la-diversitat\\\/#primaryimage\"},\"image\":{\"@id\":\"https:\\\/\\\/lamostradevalencia.com\\\/ca\\\/el-premi-da-punt-media-a-la-mostra-de-valencia-promoura-enguany-la-integracio-social-i-la-diversitat\\\/#primaryimage\"},\"thumbnailUrl\":\"https:\\\/\\\/lamostradevalencia.com\\\/wp-content\\\/uploads\\\/2019\\\/08\\\/Mostra-Vale\u0300ncia_Gala-clausura_2018_26-copia.jpg\",\"datePublished\":\"2019-08-13T00:02:17+00:00\",\"dateModified\":\"2019-08-13T00:02:18+00:00\",\"author\":{\"@id\":\"https:\\\/\\\/lamostradevalencia.com\\\/ca\\\/#\\\/schema\\\/person\\\/1dc07e4df3d6310b81d2cdf6a034070c\"},\"description\":\"\u00c0 Punt tornar\u00e0 a ser mitj\u00e0 oficial del certamen cinematogr\u00e0fic\",\"breadcrumb\":{\"@id\":\"https:\\\/\\\/lamostradevalencia.com\\\/ca\\\/el-premi-da-punt-media-a-la-mostra-de-valencia-promoura-enguany-la-integracio-social-i-la-diversitat\\\/#breadcrumb\"},\"inLanguage\":\"ca\",\"potentialAction\":[{\"@type\":\"ReadAction\",\"target\":[\"https:\\\/\\\/lamostradevalencia.com\\\/ca\\\/el-premi-da-punt-media-a-la-mostra-de-valencia-promoura-enguany-la-integracio-social-i-la-diversitat\\\/\"]}]},{\"@type\":\"ImageObject\",\"inLanguage\":\"ca\",\"@id\":\"https:\\\/\\\/lamostradevalencia.com\\\/ca\\\/el-premi-da-punt-media-a-la-mostra-de-valencia-promoura-enguany-la-integracio-social-i-la-diversitat\\\/#primaryimage\",\"url\":\"https:\\\/\\\/lamostradevalencia.com\\\/wp-content\\\/uploads\\\/2019\\\/08\\\/Mostra-Vale\u0300ncia_Gala-clausura_2018_26-copia.jpg\",\"contentUrl\":\"https:\\\/\\\/lamostradevalencia.com\\\/wp-content\\\/uploads\\\/2019\\\/08\\\/Mostra-Vale\u0300ncia_Gala-clausura_2018_26-copia.jpg\",\"width\":5472,\"height\":3648},{\"@type\":\"BreadcrumbList\",\"@id\":\"https:\\\/\\\/lamostradevalencia.com\\\/ca\\\/el-premi-da-punt-media-a-la-mostra-de-valencia-promoura-enguany-la-integracio-social-i-la-diversitat\\\/#breadcrumb\",\"itemListElement\":[{\"@type\":\"ListItem\",\"position\":1,\"name\":\"Portada\",\"item\":\"https:\\\/\\\/lamostradevalencia.com\\\/ca\\\/\"},{\"@type\":\"ListItem\",\"position\":2,\"name\":\"El premi d&#8217;\u00c0 Punt M\u00e8dia a la Mostra de Val\u00e8ncia promour\u00e0 enguany la integraci\u00f3 social i la diversitat\"}]},{\"@type\":\"WebSite\",\"@id\":\"https:\\\/\\\/lamostradevalencia.com\\\/ca\\\/#website\",\"url\":\"https:\\\/\\\/lamostradevalencia.com\\\/ca\\\/\",\"name\":\"Mostra de Val\u00e8ncia\",\"description\":\"Cinema del Mediterrani\",\"potentialAction\":[{\"@type\":\"SearchAction\",\"target\":{\"@type\":\"EntryPoint\",\"urlTemplate\":\"https:\\\/\\\/lamostradevalencia.com\\\/ca\\\/?s={search_term_string}\"},\"query-input\":{\"@type\":\"PropertyValueSpecification\",\"valueRequired\":true,\"valueName\":\"search_term_string\"}}],\"inLanguage\":\"ca\"},{\"@type\":\"Person\",\"@id\":\"https:\\\/\\\/lamostradevalencia.com\\\/ca\\\/#\\\/schema\\\/person\\\/1dc07e4df3d6310b81d2cdf6a034070c\",\"name\":\"Mostra de Val\u00e8ncia\",\"image\":{\"@type\":\"ImageObject\",\"inLanguage\":\"ca\",\"@id\":\"https:\\\/\\\/secure.gravatar.com\\\/avatar\\\/ada4dfd699a9907706987adb1bb2b361c2613ccca474b49b8c648de5208e32f8?s=96&d=mm&r=g\",\"url\":\"https:\\\/\\\/secure.gravatar.com\\\/avatar\\\/ada4dfd699a9907706987adb1bb2b361c2613ccca474b49b8c648de5208e32f8?s=96&d=mm&r=g\",\"contentUrl\":\"https:\\\/\\\/secure.gravatar.com\\\/avatar\\\/ada4dfd699a9907706987adb1bb2b361c2613ccca474b49b8c648de5208e32f8?s=96&d=mm&r=g\",\"caption\":\"Mostra de Val\u00e8ncia\"}}]}<\/script>\n<!-- \/ Yoast SEO plugin. -->","yoast_head_json":{"title":"El premi d'\u00c0 Punt M\u00e8dia a la Mostra de Val\u00e8ncia promour\u00e0 enguany la integraci\u00f3 social i la diversitat - Mostra de Val\u00e8ncia","description":"\u00c0 Punt tornar\u00e0 a ser mitj\u00e0 oficial del certamen cinematogr\u00e0fic","robots":{"index":"index","follow":"follow","max-snippet":"max-snippet:-1","max-image-preview":"max-image-preview:large","max-video-preview":"max-video-preview:-1"},"canonical":"https:\/\/lamostradevalencia.com\/ca\/el-premi-da-punt-media-a-la-mostra-de-valencia-promoura-enguany-la-integracio-social-i-la-diversitat\/","og_locale":"ca_ES","og_type":"article","og_title":"El premi d'\u00c0 Punt M\u00e8dia a la Mostra de Val\u00e8ncia promour\u00e0 enguany la integraci\u00f3 social i la diversitat - Mostra de Val\u00e8ncia","og_description":"\u00c0 Punt tornar\u00e0 a ser mitj\u00e0 oficial del certamen cinematogr\u00e0fic","og_url":"https:\/\/lamostradevalencia.com\/ca\/el-premi-da-punt-media-a-la-mostra-de-valencia-promoura-enguany-la-integracio-social-i-la-diversitat\/","og_site_name":"Mostra de Val\u00e8ncia","article_published_time":"2019-08-13T00:02:17+00:00","article_modified_time":"2019-08-13T00:02:18+00:00","og_image":[{"width":5472,"height":3648,"url":"https:\/\/lamostradevalencia.com\/wp-content\/uploads\/2019\/08\/Mostra-Vale\u0300ncia_Gala-clausura_2018_26-copia.jpg","type":"image\/jpeg"}],"author":"Mostra de Val\u00e8ncia","twitter_card":"summary_large_image","twitter_misc":{"Escrit per":"Mostra de Val\u00e8ncia","Temps estimat de lectura":"2 minuts"},"schema":{"@context":"https:\/\/schema.org","@graph":[{"@type":"Article","@id":"https:\/\/lamostradevalencia.com\/ca\/el-premi-da-punt-media-a-la-mostra-de-valencia-promoura-enguany-la-integracio-social-i-la-diversitat\/#article","isPartOf":{"@id":"https:\/\/lamostradevalencia.com\/ca\/el-premi-da-punt-media-a-la-mostra-de-valencia-promoura-enguany-la-integracio-social-i-la-diversitat\/"},"author":{"name":"Mostra de Val\u00e8ncia","@id":"https:\/\/lamostradevalencia.com\/ca\/#\/schema\/person\/1dc07e4df3d6310b81d2cdf6a034070c"},"headline":"El premi d&#8217;\u00c0 Punt M\u00e8dia a la Mostra de Val\u00e8ncia promour\u00e0 enguany la integraci\u00f3 social i la diversitat","datePublished":"2019-08-13T00:02:17+00:00","dateModified":"2019-08-13T00:02:18+00:00","mainEntityOfPage":{"@id":"https:\/\/lamostradevalencia.com\/ca\/el-premi-da-punt-media-a-la-mostra-de-valencia-promoura-enguany-la-integracio-social-i-la-diversitat\/"},"wordCount":335,"commentCount":0,"image":{"@id":"https:\/\/lamostradevalencia.com\/ca\/el-premi-da-punt-media-a-la-mostra-de-valencia-promoura-enguany-la-integracio-social-i-la-diversitat\/#primaryimage"},"thumbnailUrl":"https:\/\/lamostradevalencia.com\/wp-content\/uploads\/2019\/08\/Mostra-Vale\u0300ncia_Gala-clausura_2018_26-copia.jpg","keywords":["\u00c0 Punt","Mostra de Val\u00e8ncia"],"articleSection":["Noticies"],"inLanguage":"ca","potentialAction":[{"@type":"CommentAction","name":"Comment","target":["https:\/\/lamostradevalencia.com\/ca\/el-premi-da-punt-media-a-la-mostra-de-valencia-promoura-enguany-la-integracio-social-i-la-diversitat\/#respond"]}]},{"@type":"WebPage","@id":"https:\/\/lamostradevalencia.com\/ca\/el-premi-da-punt-media-a-la-mostra-de-valencia-promoura-enguany-la-integracio-social-i-la-diversitat\/","url":"https:\/\/lamostradevalencia.com\/ca\/el-premi-da-punt-media-a-la-mostra-de-valencia-promoura-enguany-la-integracio-social-i-la-diversitat\/","name":"El premi d'\u00c0 Punt M\u00e8dia a la Mostra de Val\u00e8ncia promour\u00e0 enguany la integraci\u00f3 social i la diversitat - Mostra de Val\u00e8ncia","isPartOf":{"@id":"https:\/\/lamostradevalencia.com\/ca\/#website"},"primaryImageOfPage":{"@id":"https:\/\/lamostradevalencia.com\/ca\/el-premi-da-punt-media-a-la-mostra-de-valencia-promoura-enguany-la-integracio-social-i-la-diversitat\/#primaryimage"},"image":{"@id":"https:\/\/lamostradevalencia.com\/ca\/el-premi-da-punt-media-a-la-mostra-de-valencia-promoura-enguany-la-integracio-social-i-la-diversitat\/#primaryimage"},"thumbnailUrl":"https:\/\/lamostradevalencia.com\/wp-content\/uploads\/2019\/08\/Mostra-Vale\u0300ncia_Gala-clausura_2018_26-copia.jpg","datePublished":"2019-08-13T00:02:17+00:00","dateModified":"2019-08-13T00:02:18+00:00","author":{"@id":"https:\/\/lamostradevalencia.com\/ca\/#\/schema\/person\/1dc07e4df3d6310b81d2cdf6a034070c"},"description":"\u00c0 Punt tornar\u00e0 a ser mitj\u00e0 oficial del certamen cinematogr\u00e0fic","breadcrumb":{"@id":"https:\/\/lamostradevalencia.com\/ca\/el-premi-da-punt-media-a-la-mostra-de-valencia-promoura-enguany-la-integracio-social-i-la-diversitat\/#breadcrumb"},"inLanguage":"ca","potentialAction":[{"@type":"ReadAction","target":["https:\/\/lamostradevalencia.com\/ca\/el-premi-da-punt-media-a-la-mostra-de-valencia-promoura-enguany-la-integracio-social-i-la-diversitat\/"]}]},{"@type":"ImageObject","inLanguage":"ca","@id":"https:\/\/lamostradevalencia.com\/ca\/el-premi-da-punt-media-a-la-mostra-de-valencia-promoura-enguany-la-integracio-social-i-la-diversitat\/#primaryimage","url":"https:\/\/lamostradevalencia.com\/wp-content\/uploads\/2019\/08\/Mostra-Vale\u0300ncia_Gala-clausura_2018_26-copia.jpg","contentUrl":"https:\/\/lamostradevalencia.com\/wp-content\/uploads\/2019\/08\/Mostra-Vale\u0300ncia_Gala-clausura_2018_26-copia.jpg","width":5472,"height":3648},{"@type":"BreadcrumbList","@id":"https:\/\/lamostradevalencia.com\/ca\/el-premi-da-punt-media-a-la-mostra-de-valencia-promoura-enguany-la-integracio-social-i-la-diversitat\/#breadcrumb","itemListElement":[{"@type":"ListItem","position":1,"name":"Portada","item":"https:\/\/lamostradevalencia.com\/ca\/"},{"@type":"ListItem","position":2,"name":"El premi d&#8217;\u00c0 Punt M\u00e8dia a la Mostra de Val\u00e8ncia promour\u00e0 enguany la integraci\u00f3 social i la diversitat"}]},{"@type":"WebSite","@id":"https:\/\/lamostradevalencia.com\/ca\/#website","url":"https:\/\/lamostradevalencia.com\/ca\/","name":"Mostra de Val\u00e8ncia","description":"Cinema del Mediterrani","potentialAction":[{"@type":"SearchAction","target":{"@type":"EntryPoint","urlTemplate":"https:\/\/lamostradevalencia.com\/ca\/?s={search_term_string}"},"query-input":{"@type":"PropertyValueSpecification","valueRequired":true,"valueName":"search_term_string"}}],"inLanguage":"ca"},{"@type":"Person","@id":"https:\/\/lamostradevalencia.com\/ca\/#\/schema\/person\/1dc07e4df3d6310b81d2cdf6a034070c","name":"Mostra de Val\u00e8ncia","image":{"@type":"ImageObject","inLanguage":"ca","@id":"https:\/\/secure.gravatar.com\/avatar\/ada4dfd699a9907706987adb1bb2b361c2613ccca474b49b8c648de5208e32f8?s=96&d=mm&r=g","url":"https:\/\/secure.gravatar.com\/avatar\/ada4dfd699a9907706987adb1bb2b361c2613ccca474b49b8c648de5208e32f8?s=96&d=mm&r=g","contentUrl":"https:\/\/secure.gravatar.com\/avatar\/ada4dfd699a9907706987adb1bb2b361c2613ccca474b49b8c648de5208e32f8?s=96&d=mm&r=g","caption":"Mostra de Val\u00e8ncia"}}]}},"uagb_featured_image_src":{"full":["https:\/\/lamostradevalencia.com\/wp-content\/uploads\/2019\/08\/Mostra-Vale\u0300ncia_Gala-clausura_2018_26-copia.jpg",5472,3648,false],"thumbnail":["https:\/\/lamostradevalencia.com\/wp-content\/uploads\/2019\/08\/Mostra-Vale\u0300ncia_Gala-clausura_2018_26-copia-150x150.jpg",150,150,true],"medium":["https:\/\/lamostradevalencia.com\/wp-content\/uploads\/2019\/08\/Mostra-Vale\u0300ncia_Gala-clausura_2018_26-copia-300x200.jpg",300,200,true],"medium_large":["https:\/\/lamostradevalencia.com\/wp-content\/uploads\/2019\/08\/Mostra-Vale\u0300ncia_Gala-clausura_2018_26-copia-768x512.jpg",768,512,true],"large":["https:\/\/lamostradevalencia.com\/wp-content\/uploads\/2019\/08\/Mostra-Vale\u0300ncia_Gala-clausura_2018_26-copia-1024x683.jpg",1024,683,true],"1536x1536":["https:\/\/lamostradevalencia.com\/wp-content\/uploads\/2019\/08\/Mostra-Vale\u0300ncia_Gala-clausura_2018_26-copia.jpg",1536,1024,false],"2048x2048":["https:\/\/lamostradevalencia.com\/wp-content\/uploads\/2019\/08\/Mostra-Vale\u0300ncia_Gala-clausura_2018_26-copia.jpg",2048,1365,false],"cinerama_edge_image_square":["https:\/\/lamostradevalencia.com\/wp-content\/uploads\/2019\/08\/Mostra-Vale\u0300ncia_Gala-clausura_2018_26-copia-550x550.jpg",550,550,true],"cinerama_edge_image_landscape":["https:\/\/lamostradevalencia.com\/wp-content\/uploads\/2019\/08\/Mostra-Vale\u0300ncia_Gala-clausura_2018_26-copia-1100x550.jpg",1100,550,true],"cinerama_edge_image_portrait":["https:\/\/lamostradevalencia.com\/wp-content\/uploads\/2019\/08\/Mostra-Vale\u0300ncia_Gala-clausura_2018_26-copia-550x1100.jpg",550,1100,true],"cinerama_edge_image_huge":["https:\/\/lamostradevalencia.com\/wp-content\/uploads\/2019\/08\/Mostra-Vale\u0300ncia_Gala-clausura_2018_26-copia-1100x1100.jpg",1100,1100,true],"gform-image-choice-sm":["https:\/\/lamostradevalencia.com\/wp-content\/uploads\/2019\/08\/Mostra-Vale\u0300ncia_Gala-clausura_2018_26-copia.jpg",300,200,false],"gform-image-choice-md":["https:\/\/lamostradevalencia.com\/wp-content\/uploads\/2019\/08\/Mostra-Vale\u0300ncia_Gala-clausura_2018_26-copia.jpg",400,267,false],"gform-image-choice-lg":["https:\/\/lamostradevalencia.com\/wp-content\/uploads\/2019\/08\/Mostra-Vale\u0300ncia_Gala-clausura_2018_26-copia.jpg",600,400,false]},"uagb_author_info":{"display_name":"Mostra de Val\u00e8ncia","author_link":"https:\/\/lamostradevalencia.com\/ca\/author\/mostravalencia\/"},"uagb_comment_info":0,"uagb_excerpt":"\u00c0 Punt promou, per segon any consecutiu, un premi en la secci\u00f3 oficial de la 34 edici\u00f3 de la Mostra de Val\u00e8ncia, Cinema del Mediterrani. [&hellip;]","_links":{"self":[{"href":"https:\/\/lamostradevalencia.com\/ca\/wp-json\/wp\/v2\/posts\/3092","targetHints":{"allow":["GET"]}}],"collection":[{"href":"https:\/\/lamostradevalencia.com\/ca\/wp-json\/wp\/v2\/posts"}],"about":[{"href":"https:\/\/lamostradevalencia.com\/ca\/wp-json\/wp\/v2\/types\/post"}],"author":[{"embeddable":true,"href":"https:\/\/lamostradevalencia.com\/ca\/wp-json\/wp\/v2\/users\/1"}],"replies":[{"embeddable":true,"href":"https:\/\/lamostradevalencia.com\/ca\/wp-json\/wp\/v2\/comments?post=3092"}],"version-history":[{"count":1,"href":"https:\/\/lamostradevalencia.com\/ca\/wp-json\/wp\/v2\/posts\/3092\/revisions"}],"predecessor-version":[{"id":3096,"href":"https:\/\/lamostradevalencia.com\/ca\/wp-json\/wp\/v2\/posts\/3092\/revisions\/3096"}],"wp:featuredmedia":[{"embeddable":true,"href":"https:\/\/lamostradevalencia.com\/ca\/wp-json\/wp\/v2\/media\/3093"}],"wp:attachment":[{"href":"https:\/\/lamostradevalencia.com\/ca\/wp-json\/wp\/v2\/media?parent=3092"}],"wp:term":[{"taxonomy":"category","embeddable":true,"href":"https:\/\/lamostradevalencia.com\/ca\/wp-json\/wp\/v2\/categories?post=3092"},{"taxonomy":"post_tag","embeddable":true,"href":"https:\/\/lamostradevalencia.com\/ca\/wp-json\/wp\/v2\/tags?post=3092"}],"curies":[{"name":"wp","href":"https:\/\/api.w.org\/{rel}","templated":true}]}}