{"id":30850,"date":"2025-11-02T19:21:08","date_gmt":"2025-11-02T18:21:08","guid":{"rendered":"https:\/\/lamostradevalencia.com\/?p=30850"},"modified":"2025-11-02T19:21:52","modified_gmt":"2025-11-02T18:21:52","slug":"les-dones-migrants-acaparen-el-palmares-de-la-40a-mostra-de-valencia","status":"publish","type":"post","link":"https:\/\/lamostradevalencia.com\/ca\/les-dones-migrants-acaparen-el-palmares-de-la-40a-mostra-de-valencia\/","title":{"rendered":"Les dones migrants acaparen el palmar\u00e9s de la 40a Mostra de Val\u00e8ncia"},"content":{"rendered":"<h5><em><span style=\"font-weight: 400;\">\u2018<\/span><b>Aisha Can\u00b4t Fly Away<\/b><span style=\"font-weight: 400;\">\u2019 i \u2018<\/span><b>Pieces of a foreign life<\/b><span style=\"font-weight: 400;\">\u2019, protagonitzades per exiliades, destaquen en el palmar\u00e9s<\/span><\/em><\/h5>\n<p><span style=\"font-weight: 400;\">En una edici\u00f3, la n\u00famero 40, la Secci\u00f3 Oficial de la qual va estar marcada per les migracions i els personatges femenins, el palmar\u00e9s no podia obviar ambdues caracter\u00edstiques. Aix\u00ed ho va demostrar el jurat, presidit per l\u2019actriu valenciana <\/span><b>Gloria March<\/b><span style=\"font-weight: 400;\">, amb el seu veredicte en una gala de clausura que, com en l\u2019obertura, tornaren a presentar els c\u00f2mics valencians <\/span><b>Saray Cerro<\/b><span style=\"font-weight: 400;\"> i <\/span><b>Llu\u00eds Mosquera<\/b><span style=\"font-weight: 400;\">.<\/span><\/p>\n<p><span style=\"font-weight: 400;\">\u2018<\/span><b>Aisha Can\u00b4t Fly Away<\/b><span style=\"font-weight: 400;\">\u2019 va obtindre el principal premi de la nit: la <\/span><b>Palmera d\u2019Or<\/b><span style=\"font-weight: 400;\">, guardonada amb 30.000 euros per a l\u2019equip de producci\u00f3 i 15.000 per a la seua distribu\u00efdora espanyola. Es tracta de l\u2019\u00f2pera prima de <\/span><b>Morad Mostafa<\/b><span style=\"font-weight: 400;\"> i t\u00e9 com a protagonista <\/span><b>Aisha<\/b><span style=\"font-weight: 400;\">, una cuidadora sudanesa de 26 anys que viu al cor del Caire. La jove es troba atrapada entre una relaci\u00f3 ambigua amb un jove cuiner egipci i les amenaces d\u2019un g\u00e0ngster que la xantatgeja per a fer un tracte immoral a canvi de seguretat.<\/span><\/p>\n<p><span style=\"font-weight: 400;\">Tamb\u00e9 \u00e9s migrant la protagonista de l\u2019altra gran triomfadora de la nit: \u2018<\/span><b>Pieces of a foreign life<\/b><span style=\"font-weight: 400;\">\u2019, de la directora franco-s\u00edria <\/span><b>Gaya Jiji<\/b><span style=\"font-weight: 400;\">, que va obtindre la <\/span><b>Palmera de Plata<\/b><span style=\"font-weight: 400;\"> (dotada amb 20.000 euros) i el premi a la <\/span><b>millor actriu<\/b><span style=\"font-weight: 400;\"> per a <\/span><b>Zam Amir<\/b><span style=\"font-weight: 400;\">, la seua protagonista, coneguda internacionalment per la seua participaci\u00f3 en \u2018<\/span><b>Holy Spider<\/b><span style=\"font-weight: 400;\">\u2019. La pel\u00b7l\u00edcula narra la hist\u00f2ria de <\/span><b>Selma<\/b><span style=\"font-weight: 400;\">, una dona siriana devastada per la guerra que es veu obligada a fugir deixant arrere el seu fill i el seu esp\u00f2s, desaparegut a les presons del r\u00e8gim. Despr\u00e9s d\u2019un perill\u00f3s viatge a peu per Gr\u00e8cia, Maced\u00f2nia, S\u00e8rbia i Hongria, arriba a <\/span><b>Bordeus<\/b><span style=\"font-weight: 400;\">, on lluita per obtindre asil i l\u2019oportunitat de retrobar-se amb el seu fill.<\/span><\/p>\n<p><span style=\"font-weight: 400;\">El premi a la <\/span><b>Millor Direcci\u00f3<\/b><span style=\"font-weight: 400;\"> tamb\u00e9 va ser per a una creadora: la directora turca <\/span><b>G\u00f6zde Kural<\/b><span style=\"font-weight: 400;\">, que en \u2018<\/span><b>Cinema Jazireh<\/b><span style=\"font-weight: 400;\">\u2019 aborda la hist\u00f2ria de <\/span><b>Leyla<\/b><span style=\"font-weight: 400;\">, una dona afganesa que sobreviu a la massacre de la seua fam\u00edlia i empr\u00e9n la cerca desesperada del seu fill desaparegut. I el premi al <\/span><b>Millor Gui\u00f3<\/b><span style=\"font-weight: 400;\"> recau en <\/span><b>Erige Sehiri<\/b><span style=\"font-weight: 400;\">, <\/span><b>Anna Ciennik<\/b><span style=\"font-weight: 400;\"> i <\/span><b>Malika C\u00e9cile Louati<\/b><span style=\"font-weight: 400;\">, per la producci\u00f3 tunisiana \u2018<\/span><b>Prometido el cielo<\/b><span style=\"font-weight: 400;\">\u2019, centrada en les vides de tres companyes de pis de Costa d\u2019Ivori de diferents generacions i la xiqueta \u00f2rfena que acullen.<\/span><\/p>\n<p><b>Portugal<\/b><span style=\"font-weight: 400;\"> es va endur doble recompensa gr\u00e0cies a \u2018<\/span><b>Primeira pessoa do plural<\/b><span style=\"font-weight: 400;\">\u2019, de <\/span><b>Sandro Aguilar<\/b><span style=\"font-weight: 400;\">, que va obtindre el guard\u00f3 a la <\/span><b>Millor Fotografia<\/b><span style=\"font-weight: 400;\"> i al <\/span><b>Millor Actor<\/b><span style=\"font-weight: 400;\">, per a <\/span><b>Albano Jer\u00f3nimo<\/b><span style=\"font-weight: 400;\">. Fins a <\/span><b>Gr\u00e8cia<\/b><span style=\"font-weight: 400;\"> va viatjar el premi a la <\/span><b>Millor Banda Sonora<\/b><span style=\"font-weight: 400;\">: <\/span><b>Babis Papadopoulos<\/b><span style=\"font-weight: 400;\"> es va al\u00e7ar amb el guard\u00f3 per la seua partitura de \u2018<\/span><b>Broken vein<\/b><span style=\"font-weight: 400;\">\u2019, de <\/span><b>Yannis Economides<\/b><span style=\"font-weight: 400;\">. Esta cinta tamb\u00e9 es va endur el premi al <\/span><b>Millor Cartell<\/b><span style=\"font-weight: 400;\">, que es va entregar per primera vegada en esta edici\u00f3.<\/span><\/p>\n<p><span style=\"font-weight: 400;\">Un dels moments m\u00e9s emotius de la nit va ser el lliurament de la <\/span><b>Palmera d\u2019Honor<\/b><span style=\"font-weight: 400;\"> a <\/span><b>Fernando Bovaira<\/b><span style=\"font-weight: 400;\">, figura imprescindible de la producci\u00f3 espanyola contempor\u00e0nia. Va rebre el guard\u00f3 de mans de <\/span><b>Alejandro Amen\u00e1bar<\/b><span style=\"font-weight: 400;\">, amb qui ha constru\u00eft bona part de la seua carrera. El director el va presentar com \u201cun meravell\u00f3s defensor de la veu dels autors. Forma part d\u2019eixe grup en perill d\u2019extinci\u00f3 de productors al qual pertanyen <\/span><b>Emiliano Piedra<\/b><span style=\"font-weight: 400;\"> i <\/span><b>El\u00edas Querejeta<\/b><span style=\"font-weight: 400;\">. S\u00f3n <\/span><b>aut\u00e8ntics lleons davant l\u2019abisme de la incertesa audiovisual. <\/b><span style=\"font-weight: 400;\">Ha defensat a mort els meus dos \u00faltims projectes, que estic segur que no s\u2019haurien fet sense la seua tossuderia\u201d.<\/span><\/p>\n<p><b>Bovaira<\/b><span style=\"font-weight: 400;\">, emocionat, es va mostrar agra\u00eft i va recordar que<strong> \u201cl\u2019ofici de productor est\u00e0 ple d\u2019amargors i neguits. Tindre companys de viatge com <\/strong><\/span><strong>Alejandro<\/strong><span style=\"font-weight: 400;\"><strong>, amb esta qualitat humana, ho fa tot m\u00e9s suportable\u201d.<\/strong> I va recordar que en els \u00faltims temps ha tractat d\u2019acostar el seu treball a la terra valenciana, com &#8216;La buena letra&#8217;, adaptaci\u00f3 de <\/span><b>Rafael Chirbes<\/b><span style=\"font-weight: 400;\">, <strong>&#8216;El cautivo&#8217;, i la seua pr\u00f2xima pel\u00b7l\u00edcula, que ja es roda a <\/strong><\/span><strong>Val\u00e8ncia<\/strong><span style=\"font-weight: 400;\"><strong>. \u201cAquesta \u00e9s una terra plena de talent individual al qual li falta un poc de suport col\u00b7lectiu, encara que ja s\u2019estan fent els primers passos\u201d.<\/strong><\/span><\/p>\n<p><b>La Cabina<\/b><span style=\"font-weight: 400;\">, la secci\u00f3 dedicada als mediometratges, que per primera vegada s\u2019ha integrat en la Mostra, tamb\u00e9 va entregar els seus guardons. El <\/span><b>primer premi<\/b><span style=\"font-weight: 400;\"> va ser per a \u2018<\/span><b>Un ciel si bas<\/b><span style=\"font-weight: 400;\">\u2019, de <\/span><b>Joachim Michaux<\/b><span style=\"font-weight: 400;\">, que retrata la febra del <\/span><i><span style=\"font-weight: 400;\">New Beat<\/span><\/i><span style=\"font-weight: 400;\"> a la Brussel\u00b7les de 1989; la <\/span><b>Menci\u00f3 del Jurat<\/b><span style=\"font-weight: 400;\"> va recaure en \u2018<\/span><b>Fanny \u00e0 la plage<\/b><span style=\"font-weight: 400;\">\u2019, de <\/span><b>Rapha\u00eblle Petit-Gille<\/b><span style=\"font-weight: 400;\">, que retrata els desitjos impossibles d\u2019una mare amb dos menuts.<\/span><\/p>\n<p><b>Xaloc<\/b><span style=\"font-weight: 400;\">, la nova secci\u00f3 que substitueix l\u2019Informativa, tamb\u00e9 va atorgar el seu guard\u00f3. Per\u00f2, en esta ocasi\u00f3, va ser el p\u00fablic de les projeccions amb els seus vots. El <\/span><b>Premi del P\u00fablic Ciutat de Val\u00e8ncia<\/b><span style=\"font-weight: 400;\"> va anar a parar a mans de \u2018<\/span><b>La voz de Hind<\/b><span style=\"font-weight: 400;\">\u2019, de la directora tunisiana <\/span><b>Kaouther Ben Hania<\/b><span style=\"font-weight: 400;\">. Estrenada a Ven\u00e8cia i projectada a Sant Sebasti\u00e0, la pel\u00b7l\u00edcula s\u2019ha convertit en un dels testimonis m\u00e9s colpidors del genocidi palest\u00ed.<\/span><\/p>\n<p><span style=\"font-weight: 400;\">Despr\u00e9s de la clausura, es va projectar el mediometratge: &#8216;+10k&#8217;, de <\/span><b>Gala Hern\u00e1ndez L\u00f3pez<\/b><span style=\"font-weight: 400;\">, que es va estrenar en la passada Quinzena de Realitzadors del <\/span><b>Festival de Cannes<\/b><span style=\"font-weight: 400;\">. Es tracta d\u2019un documental que seguix <\/span><b>Pol<\/b><span style=\"font-weight: 400;\">, un jove de 21 anys que viu amb la seua \u00e0via, somia a establir-se a <\/span><b>Miami<\/b><span style=\"font-weight: 400;\"> i guanyar m\u00e9s de deu mil euros al mes. Per a aix\u00f2, assistix a xarrades motivacionals, seguix <\/span><i><span style=\"font-weight: 400;\">coaches<\/span><\/i><span style=\"font-weight: 400;\"> en l\u00ednia i invertix en criptomonedes. <\/span><b>Pol<\/b><span style=\"font-weight: 400;\"> no sap quan aconseguir\u00e0 assolir estes metes i convertir-se en la millor versi\u00f3 de si mateix; l\u2019\u00fanica cosa que sap \u00e9s que algun dia ho aconseguir\u00e0.<\/span><\/p>\n","protected":false},"excerpt":{"rendered":"<p>\u2018Aisha Can\u00b4t Fly Away\u2019 i \u2018Pieces of a foreign life\u2019, protagonitzades per exiliades, destaquen en el palmar\u00e9s En una edici\u00f3, la n\u00famero 40, la Secci\u00f3 [&hellip;]<\/p>\n","protected":false},"author":1,"featured_media":30856,"comment_status":"open","ping_status":"open","sticky":false,"template":"","format":"standard","meta":{"_uag_custom_page_level_css":"","_jet_sm_ready_style":"","_jet_sm_style":"","_jet_sm_controls_values":"","_jet_sm_fonts_collection":"","_jet_sm_fonts_links":"","footnotes":""},"categories":[455],"tags":[],"class_list":["post-30850","post","type-post","status-publish","format-standard","has-post-thumbnail","hentry","category-noticies"],"yoast_head":"<!-- This site is optimized with the Yoast SEO plugin v27.5 - https:\/\/yoast.com\/product\/yoast-seo-wordpress\/ -->\n<title>Les dones migrants acaparen el palmar\u00e9s de la 40a Mostra de Val\u00e8ncia - Mostra de Val\u00e8ncia<\/title>\n<meta name=\"robots\" content=\"index, follow, max-snippet:-1, max-image-preview:large, max-video-preview:-1\" \/>\n<link rel=\"canonical\" href=\"https:\/\/lamostradevalencia.com\/ca\/les-dones-migrants-acaparen-el-palmares-de-la-40a-mostra-de-valencia\/\" \/>\n<meta property=\"og:locale\" content=\"ca_ES\" \/>\n<meta property=\"og:type\" content=\"article\" \/>\n<meta property=\"og:title\" content=\"Les dones migrants acaparen el palmar\u00e9s de la 40a Mostra de Val\u00e8ncia - Mostra de Val\u00e8ncia\" \/>\n<meta property=\"og:description\" content=\"\u2018Aisha Can\u00b4t Fly Away\u2019 i \u2018Pieces of a foreign life\u2019, protagonitzades per exiliades, destaquen en el palmar\u00e9s En una edici\u00f3, la n\u00famero 40, la Secci\u00f3 [&hellip;]\" \/>\n<meta property=\"og:url\" content=\"https:\/\/lamostradevalencia.com\/ca\/les-dones-migrants-acaparen-el-palmares-de-la-40a-mostra-de-valencia\/\" \/>\n<meta property=\"og:site_name\" content=\"Mostra de Val\u00e8ncia\" \/>\n<meta property=\"article:published_time\" content=\"2025-11-02T18:21:08+00:00\" \/>\n<meta property=\"article:modified_time\" content=\"2025-11-02T18:21:52+00:00\" \/>\n<meta property=\"og:image\" content=\"https:\/\/lamostradevalencia.com\/wp-content\/uploads\/2025\/11\/PHOTO-2025-11-02-19-15-05.jpg\" \/>\n\t<meta property=\"og:image:width\" content=\"1600\" \/>\n\t<meta property=\"og:image:height\" content=\"1067\" \/>\n\t<meta property=\"og:image:type\" content=\"image\/jpeg\" \/>\n<meta name=\"author\" content=\"Mostra de Val\u00e8ncia\" \/>\n<meta name=\"twitter:card\" content=\"summary_large_image\" \/>\n<meta name=\"twitter:label1\" content=\"Escrit per\" \/>\n\t<meta name=\"twitter:data1\" content=\"Mostra de Val\u00e8ncia\" \/>\n\t<meta name=\"twitter:label2\" content=\"Temps estimat de lectura\" \/>\n\t<meta name=\"twitter:data2\" content=\"5 minuts\" \/>\n<script type=\"application\/ld+json\" class=\"yoast-schema-graph\">{\"@context\":\"https:\\\/\\\/schema.org\",\"@graph\":[{\"@type\":\"Article\",\"@id\":\"https:\\\/\\\/lamostradevalencia.com\\\/ca\\\/les-dones-migrants-acaparen-el-palmares-de-la-40a-mostra-de-valencia\\\/#article\",\"isPartOf\":{\"@id\":\"https:\\\/\\\/lamostradevalencia.com\\\/ca\\\/les-dones-migrants-acaparen-el-palmares-de-la-40a-mostra-de-valencia\\\/\"},\"author\":{\"name\":\"Mostra de Val\u00e8ncia\",\"@id\":\"https:\\\/\\\/lamostradevalencia.com\\\/ca\\\/#\\\/schema\\\/person\\\/1dc07e4df3d6310b81d2cdf6a034070c\"},\"headline\":\"Les dones migrants acaparen el palmar\u00e9s de la 40a Mostra de Val\u00e8ncia\",\"datePublished\":\"2025-11-02T18:21:08+00:00\",\"dateModified\":\"2025-11-02T18:21:52+00:00\",\"mainEntityOfPage\":{\"@id\":\"https:\\\/\\\/lamostradevalencia.com\\\/ca\\\/les-dones-migrants-acaparen-el-palmares-de-la-40a-mostra-de-valencia\\\/\"},\"wordCount\":1007,\"commentCount\":0,\"image\":{\"@id\":\"https:\\\/\\\/lamostradevalencia.com\\\/ca\\\/les-dones-migrants-acaparen-el-palmares-de-la-40a-mostra-de-valencia\\\/#primaryimage\"},\"thumbnailUrl\":\"https:\\\/\\\/lamostradevalencia.com\\\/wp-content\\\/uploads\\\/2025\\\/11\\\/PHOTO-2025-11-02-19-15-05.jpg\",\"articleSection\":[\"Noticies\"],\"inLanguage\":\"ca\",\"potentialAction\":[{\"@type\":\"CommentAction\",\"name\":\"Comment\",\"target\":[\"https:\\\/\\\/lamostradevalencia.com\\\/ca\\\/les-dones-migrants-acaparen-el-palmares-de-la-40a-mostra-de-valencia\\\/#respond\"]}]},{\"@type\":\"WebPage\",\"@id\":\"https:\\\/\\\/lamostradevalencia.com\\\/ca\\\/les-dones-migrants-acaparen-el-palmares-de-la-40a-mostra-de-valencia\\\/\",\"url\":\"https:\\\/\\\/lamostradevalencia.com\\\/ca\\\/les-dones-migrants-acaparen-el-palmares-de-la-40a-mostra-de-valencia\\\/\",\"name\":\"Les dones migrants acaparen el palmar\u00e9s de la 40a Mostra de Val\u00e8ncia - Mostra de Val\u00e8ncia\",\"isPartOf\":{\"@id\":\"https:\\\/\\\/lamostradevalencia.com\\\/ca\\\/#website\"},\"primaryImageOfPage\":{\"@id\":\"https:\\\/\\\/lamostradevalencia.com\\\/ca\\\/les-dones-migrants-acaparen-el-palmares-de-la-40a-mostra-de-valencia\\\/#primaryimage\"},\"image\":{\"@id\":\"https:\\\/\\\/lamostradevalencia.com\\\/ca\\\/les-dones-migrants-acaparen-el-palmares-de-la-40a-mostra-de-valencia\\\/#primaryimage\"},\"thumbnailUrl\":\"https:\\\/\\\/lamostradevalencia.com\\\/wp-content\\\/uploads\\\/2025\\\/11\\\/PHOTO-2025-11-02-19-15-05.jpg\",\"datePublished\":\"2025-11-02T18:21:08+00:00\",\"dateModified\":\"2025-11-02T18:21:52+00:00\",\"author\":{\"@id\":\"https:\\\/\\\/lamostradevalencia.com\\\/ca\\\/#\\\/schema\\\/person\\\/1dc07e4df3d6310b81d2cdf6a034070c\"},\"breadcrumb\":{\"@id\":\"https:\\\/\\\/lamostradevalencia.com\\\/ca\\\/les-dones-migrants-acaparen-el-palmares-de-la-40a-mostra-de-valencia\\\/#breadcrumb\"},\"inLanguage\":\"ca\",\"potentialAction\":[{\"@type\":\"ReadAction\",\"target\":[\"https:\\\/\\\/lamostradevalencia.com\\\/ca\\\/les-dones-migrants-acaparen-el-palmares-de-la-40a-mostra-de-valencia\\\/\"]}]},{\"@type\":\"ImageObject\",\"inLanguage\":\"ca\",\"@id\":\"https:\\\/\\\/lamostradevalencia.com\\\/ca\\\/les-dones-migrants-acaparen-el-palmares-de-la-40a-mostra-de-valencia\\\/#primaryimage\",\"url\":\"https:\\\/\\\/lamostradevalencia.com\\\/wp-content\\\/uploads\\\/2025\\\/11\\\/PHOTO-2025-11-02-19-15-05.jpg\",\"contentUrl\":\"https:\\\/\\\/lamostradevalencia.com\\\/wp-content\\\/uploads\\\/2025\\\/11\\\/PHOTO-2025-11-02-19-15-05.jpg\",\"width\":1600,\"height\":1067},{\"@type\":\"BreadcrumbList\",\"@id\":\"https:\\\/\\\/lamostradevalencia.com\\\/ca\\\/les-dones-migrants-acaparen-el-palmares-de-la-40a-mostra-de-valencia\\\/#breadcrumb\",\"itemListElement\":[{\"@type\":\"ListItem\",\"position\":1,\"name\":\"Portada\",\"item\":\"https:\\\/\\\/lamostradevalencia.com\\\/ca\\\/\"},{\"@type\":\"ListItem\",\"position\":2,\"name\":\"Les dones migrants acaparen el palmar\u00e9s de la 40a Mostra de Val\u00e8ncia\"}]},{\"@type\":\"WebSite\",\"@id\":\"https:\\\/\\\/lamostradevalencia.com\\\/ca\\\/#website\",\"url\":\"https:\\\/\\\/lamostradevalencia.com\\\/ca\\\/\",\"name\":\"Mostra de Val\u00e8ncia\",\"description\":\"Cinema del Mediterrani\",\"potentialAction\":[{\"@type\":\"SearchAction\",\"target\":{\"@type\":\"EntryPoint\",\"urlTemplate\":\"https:\\\/\\\/lamostradevalencia.com\\\/ca\\\/?s={search_term_string}\"},\"query-input\":{\"@type\":\"PropertyValueSpecification\",\"valueRequired\":true,\"valueName\":\"search_term_string\"}}],\"inLanguage\":\"ca\"},{\"@type\":\"Person\",\"@id\":\"https:\\\/\\\/lamostradevalencia.com\\\/ca\\\/#\\\/schema\\\/person\\\/1dc07e4df3d6310b81d2cdf6a034070c\",\"name\":\"Mostra de Val\u00e8ncia\",\"image\":{\"@type\":\"ImageObject\",\"inLanguage\":\"ca\",\"@id\":\"https:\\\/\\\/secure.gravatar.com\\\/avatar\\\/ada4dfd699a9907706987adb1bb2b361c2613ccca474b49b8c648de5208e32f8?s=96&d=mm&r=g\",\"url\":\"https:\\\/\\\/secure.gravatar.com\\\/avatar\\\/ada4dfd699a9907706987adb1bb2b361c2613ccca474b49b8c648de5208e32f8?s=96&d=mm&r=g\",\"contentUrl\":\"https:\\\/\\\/secure.gravatar.com\\\/avatar\\\/ada4dfd699a9907706987adb1bb2b361c2613ccca474b49b8c648de5208e32f8?s=96&d=mm&r=g\",\"caption\":\"Mostra de Val\u00e8ncia\"}}]}<\/script>\n<!-- \/ Yoast SEO plugin. -->","yoast_head_json":{"title":"Les dones migrants acaparen el palmar\u00e9s de la 40a Mostra de Val\u00e8ncia - Mostra de Val\u00e8ncia","robots":{"index":"index","follow":"follow","max-snippet":"max-snippet:-1","max-image-preview":"max-image-preview:large","max-video-preview":"max-video-preview:-1"},"canonical":"https:\/\/lamostradevalencia.com\/ca\/les-dones-migrants-acaparen-el-palmares-de-la-40a-mostra-de-valencia\/","og_locale":"ca_ES","og_type":"article","og_title":"Les dones migrants acaparen el palmar\u00e9s de la 40a Mostra de Val\u00e8ncia - Mostra de Val\u00e8ncia","og_description":"\u2018Aisha Can\u00b4t Fly Away\u2019 i \u2018Pieces of a foreign life\u2019, protagonitzades per exiliades, destaquen en el palmar\u00e9s En una edici\u00f3, la n\u00famero 40, la Secci\u00f3 [&hellip;]","og_url":"https:\/\/lamostradevalencia.com\/ca\/les-dones-migrants-acaparen-el-palmares-de-la-40a-mostra-de-valencia\/","og_site_name":"Mostra de Val\u00e8ncia","article_published_time":"2025-11-02T18:21:08+00:00","article_modified_time":"2025-11-02T18:21:52+00:00","og_image":[{"width":1600,"height":1067,"url":"https:\/\/lamostradevalencia.com\/wp-content\/uploads\/2025\/11\/PHOTO-2025-11-02-19-15-05.jpg","type":"image\/jpeg"}],"author":"Mostra de Val\u00e8ncia","twitter_card":"summary_large_image","twitter_misc":{"Escrit per":"Mostra de Val\u00e8ncia","Temps estimat de lectura":"5 minuts"},"schema":{"@context":"https:\/\/schema.org","@graph":[{"@type":"Article","@id":"https:\/\/lamostradevalencia.com\/ca\/les-dones-migrants-acaparen-el-palmares-de-la-40a-mostra-de-valencia\/#article","isPartOf":{"@id":"https:\/\/lamostradevalencia.com\/ca\/les-dones-migrants-acaparen-el-palmares-de-la-40a-mostra-de-valencia\/"},"author":{"name":"Mostra de Val\u00e8ncia","@id":"https:\/\/lamostradevalencia.com\/ca\/#\/schema\/person\/1dc07e4df3d6310b81d2cdf6a034070c"},"headline":"Les dones migrants acaparen el palmar\u00e9s de la 40a Mostra de Val\u00e8ncia","datePublished":"2025-11-02T18:21:08+00:00","dateModified":"2025-11-02T18:21:52+00:00","mainEntityOfPage":{"@id":"https:\/\/lamostradevalencia.com\/ca\/les-dones-migrants-acaparen-el-palmares-de-la-40a-mostra-de-valencia\/"},"wordCount":1007,"commentCount":0,"image":{"@id":"https:\/\/lamostradevalencia.com\/ca\/les-dones-migrants-acaparen-el-palmares-de-la-40a-mostra-de-valencia\/#primaryimage"},"thumbnailUrl":"https:\/\/lamostradevalencia.com\/wp-content\/uploads\/2025\/11\/PHOTO-2025-11-02-19-15-05.jpg","articleSection":["Noticies"],"inLanguage":"ca","potentialAction":[{"@type":"CommentAction","name":"Comment","target":["https:\/\/lamostradevalencia.com\/ca\/les-dones-migrants-acaparen-el-palmares-de-la-40a-mostra-de-valencia\/#respond"]}]},{"@type":"WebPage","@id":"https:\/\/lamostradevalencia.com\/ca\/les-dones-migrants-acaparen-el-palmares-de-la-40a-mostra-de-valencia\/","url":"https:\/\/lamostradevalencia.com\/ca\/les-dones-migrants-acaparen-el-palmares-de-la-40a-mostra-de-valencia\/","name":"Les dones migrants acaparen el palmar\u00e9s de la 40a Mostra de Val\u00e8ncia - Mostra de Val\u00e8ncia","isPartOf":{"@id":"https:\/\/lamostradevalencia.com\/ca\/#website"},"primaryImageOfPage":{"@id":"https:\/\/lamostradevalencia.com\/ca\/les-dones-migrants-acaparen-el-palmares-de-la-40a-mostra-de-valencia\/#primaryimage"},"image":{"@id":"https:\/\/lamostradevalencia.com\/ca\/les-dones-migrants-acaparen-el-palmares-de-la-40a-mostra-de-valencia\/#primaryimage"},"thumbnailUrl":"https:\/\/lamostradevalencia.com\/wp-content\/uploads\/2025\/11\/PHOTO-2025-11-02-19-15-05.jpg","datePublished":"2025-11-02T18:21:08+00:00","dateModified":"2025-11-02T18:21:52+00:00","author":{"@id":"https:\/\/lamostradevalencia.com\/ca\/#\/schema\/person\/1dc07e4df3d6310b81d2cdf6a034070c"},"breadcrumb":{"@id":"https:\/\/lamostradevalencia.com\/ca\/les-dones-migrants-acaparen-el-palmares-de-la-40a-mostra-de-valencia\/#breadcrumb"},"inLanguage":"ca","potentialAction":[{"@type":"ReadAction","target":["https:\/\/lamostradevalencia.com\/ca\/les-dones-migrants-acaparen-el-palmares-de-la-40a-mostra-de-valencia\/"]}]},{"@type":"ImageObject","inLanguage":"ca","@id":"https:\/\/lamostradevalencia.com\/ca\/les-dones-migrants-acaparen-el-palmares-de-la-40a-mostra-de-valencia\/#primaryimage","url":"https:\/\/lamostradevalencia.com\/wp-content\/uploads\/2025\/11\/PHOTO-2025-11-02-19-15-05.jpg","contentUrl":"https:\/\/lamostradevalencia.com\/wp-content\/uploads\/2025\/11\/PHOTO-2025-11-02-19-15-05.jpg","width":1600,"height":1067},{"@type":"BreadcrumbList","@id":"https:\/\/lamostradevalencia.com\/ca\/les-dones-migrants-acaparen-el-palmares-de-la-40a-mostra-de-valencia\/#breadcrumb","itemListElement":[{"@type":"ListItem","position":1,"name":"Portada","item":"https:\/\/lamostradevalencia.com\/ca\/"},{"@type":"ListItem","position":2,"name":"Les dones migrants acaparen el palmar\u00e9s de la 40a Mostra de Val\u00e8ncia"}]},{"@type":"WebSite","@id":"https:\/\/lamostradevalencia.com\/ca\/#website","url":"https:\/\/lamostradevalencia.com\/ca\/","name":"Mostra de Val\u00e8ncia","description":"Cinema del Mediterrani","potentialAction":[{"@type":"SearchAction","target":{"@type":"EntryPoint","urlTemplate":"https:\/\/lamostradevalencia.com\/ca\/?s={search_term_string}"},"query-input":{"@type":"PropertyValueSpecification","valueRequired":true,"valueName":"search_term_string"}}],"inLanguage":"ca"},{"@type":"Person","@id":"https:\/\/lamostradevalencia.com\/ca\/#\/schema\/person\/1dc07e4df3d6310b81d2cdf6a034070c","name":"Mostra de Val\u00e8ncia","image":{"@type":"ImageObject","inLanguage":"ca","@id":"https:\/\/secure.gravatar.com\/avatar\/ada4dfd699a9907706987adb1bb2b361c2613ccca474b49b8c648de5208e32f8?s=96&d=mm&r=g","url":"https:\/\/secure.gravatar.com\/avatar\/ada4dfd699a9907706987adb1bb2b361c2613ccca474b49b8c648de5208e32f8?s=96&d=mm&r=g","contentUrl":"https:\/\/secure.gravatar.com\/avatar\/ada4dfd699a9907706987adb1bb2b361c2613ccca474b49b8c648de5208e32f8?s=96&d=mm&r=g","caption":"Mostra de Val\u00e8ncia"}}]}},"uagb_featured_image_src":{"full":["https:\/\/lamostradevalencia.com\/wp-content\/uploads\/2025\/11\/PHOTO-2025-11-02-19-15-05.jpg",1600,1067,false],"thumbnail":["https:\/\/lamostradevalencia.com\/wp-content\/uploads\/2025\/11\/PHOTO-2025-11-02-19-15-05-150x150.jpg",150,150,true],"medium":["https:\/\/lamostradevalencia.com\/wp-content\/uploads\/2025\/11\/PHOTO-2025-11-02-19-15-05-300x200.jpg",300,200,true],"medium_large":["https:\/\/lamostradevalencia.com\/wp-content\/uploads\/2025\/11\/PHOTO-2025-11-02-19-15-05-768x512.jpg",768,512,true],"large":["https:\/\/lamostradevalencia.com\/wp-content\/uploads\/2025\/11\/PHOTO-2025-11-02-19-15-05-1024x683.jpg",1024,683,true],"1536x1536":["https:\/\/lamostradevalencia.com\/wp-content\/uploads\/2025\/11\/PHOTO-2025-11-02-19-15-05-1536x1024.jpg",1536,1024,true],"2048x2048":["https:\/\/lamostradevalencia.com\/wp-content\/uploads\/2025\/11\/PHOTO-2025-11-02-19-15-05.jpg",1600,1067,false],"cinerama_edge_image_square":["https:\/\/lamostradevalencia.com\/wp-content\/uploads\/2025\/11\/PHOTO-2025-11-02-19-15-05-550x550.jpg",550,550,true],"cinerama_edge_image_landscape":["https:\/\/lamostradevalencia.com\/wp-content\/uploads\/2025\/11\/PHOTO-2025-11-02-19-15-05-1100x550.jpg",1100,550,true],"cinerama_edge_image_portrait":["https:\/\/lamostradevalencia.com\/wp-content\/uploads\/2025\/11\/PHOTO-2025-11-02-19-15-05-550x1067.jpg",550,1067,true],"cinerama_edge_image_huge":["https:\/\/lamostradevalencia.com\/wp-content\/uploads\/2025\/11\/PHOTO-2025-11-02-19-15-05-1100x1067.jpg",1100,1067,true],"gform-image-choice-sm":["https:\/\/lamostradevalencia.com\/wp-content\/uploads\/2025\/11\/PHOTO-2025-11-02-19-15-05.jpg",300,200,false],"gform-image-choice-md":["https:\/\/lamostradevalencia.com\/wp-content\/uploads\/2025\/11\/PHOTO-2025-11-02-19-15-05.jpg",400,267,false],"gform-image-choice-lg":["https:\/\/lamostradevalencia.com\/wp-content\/uploads\/2025\/11\/PHOTO-2025-11-02-19-15-05.jpg",600,400,false]},"uagb_author_info":{"display_name":"Mostra de Val\u00e8ncia","author_link":"https:\/\/lamostradevalencia.com\/ca\/author\/mostravalencia\/"},"uagb_comment_info":0,"uagb_excerpt":"\u2018Aisha Can\u00b4t Fly Away\u2019 i \u2018Pieces of a foreign life\u2019, protagonitzades per exiliades, destaquen en el palmar\u00e9s En una edici\u00f3, la n\u00famero 40, la Secci\u00f3 [&hellip;]","_links":{"self":[{"href":"https:\/\/lamostradevalencia.com\/ca\/wp-json\/wp\/v2\/posts\/30850","targetHints":{"allow":["GET"]}}],"collection":[{"href":"https:\/\/lamostradevalencia.com\/ca\/wp-json\/wp\/v2\/posts"}],"about":[{"href":"https:\/\/lamostradevalencia.com\/ca\/wp-json\/wp\/v2\/types\/post"}],"author":[{"embeddable":true,"href":"https:\/\/lamostradevalencia.com\/ca\/wp-json\/wp\/v2\/users\/1"}],"replies":[{"embeddable":true,"href":"https:\/\/lamostradevalencia.com\/ca\/wp-json\/wp\/v2\/comments?post=30850"}],"version-history":[{"count":4,"href":"https:\/\/lamostradevalencia.com\/ca\/wp-json\/wp\/v2\/posts\/30850\/revisions"}],"predecessor-version":[{"id":30864,"href":"https:\/\/lamostradevalencia.com\/ca\/wp-json\/wp\/v2\/posts\/30850\/revisions\/30864"}],"wp:featuredmedia":[{"embeddable":true,"href":"https:\/\/lamostradevalencia.com\/ca\/wp-json\/wp\/v2\/media\/30856"}],"wp:attachment":[{"href":"https:\/\/lamostradevalencia.com\/ca\/wp-json\/wp\/v2\/media?parent=30850"}],"wp:term":[{"taxonomy":"category","embeddable":true,"href":"https:\/\/lamostradevalencia.com\/ca\/wp-json\/wp\/v2\/categories?post=30850"},{"taxonomy":"post_tag","embeddable":true,"href":"https:\/\/lamostradevalencia.com\/ca\/wp-json\/wp\/v2\/tags?post=30850"}],"curies":[{"name":"wp","href":"https:\/\/api.w.org\/{rel}","templated":true}]}}