{"id":30822,"date":"2025-11-01T18:11:39","date_gmt":"2025-11-01T17:11:39","guid":{"rendered":"https:\/\/lamostradevalencia.com\/?p=30822"},"modified":"2025-11-01T18:22:24","modified_gmt":"2025-11-01T17:22:24","slug":"primeira-pessoa-do-plural-un-experiment-temporal-del-portugal-per-tancar-la-seccio-oficial-de-la-mostra","status":"publish","type":"post","link":"https:\/\/lamostradevalencia.com\/ca\/primeira-pessoa-do-plural-un-experiment-temporal-del-portugal-per-tancar-la-seccio-oficial-de-la-mostra\/","title":{"rendered":"\u2018Primeira pessoa do plural\u2019: un experiment temporal del portugu\u00e9s Sandro Aguilar per tancar la Secci\u00f3 Oficial de la Mostra"},"content":{"rendered":"<p><i><span style=\"font-weight: 400;\">\u00daltima candidata a la Palmera d\u2019Or del certamen, \u2018Primeira pessoa do plural\u2019 explora la p\u00e8rdua i la imaginaci\u00f3 com a mecanisme de defensa<\/span><\/i><\/p>\n<p><span style=\"font-weight: 400;\">Hi ha pel\u00b7l\u00edcules, com aquesta, que s\u2019han de veure amb els ulls ben oberts. Perqu\u00e8, per comen\u00e7ar, posen en q\u00fcesti\u00f3 la l\u00ednia temporal. \u00c9s un advertiment del director portugu\u00e9s Sandro Aguilar, que ha presentat este mat\u00ed \u2018Primeira pessoa do plural\u2019 en el concurs de la <\/span><b>40a Mostra de Val\u00e8ncia\u2013Cinema del Mediterrani, <\/b><span style=\"font-weight: 400;\">organitzada pel Palau de la M\u00fasica.<\/span><\/p>\n<p><b>Despr\u00e9s del seu pas pel Festival Internacional de Rotterdam,<\/b><span style=\"font-weight: 400;\"> la cinta opta a la Palmera d\u2019Or amb la hist\u00f2ria d\u2019un matrimoni que viatja a un lux\u00f3s <\/span><i><span style=\"font-weight: 400;\">resort<\/span><\/i><span style=\"font-weight: 400;\"> tropical per a celebrar el seu vint\u00e9 aniversari de boda, deixant el seu fill adolescent en terra ferma. El que comen\u00e7a com una escapada id\u00edl\u00b7lica acaba transformant-se en una experi\u00e8ncia inquietant produ\u00efda per efectes secundaris d\u2019una vacuna que provoquen al\u00b7lucinacions i tensions que amenacen la unitat familiar. \u201cDes del primer pla advertisc l\u2019espectador que este no \u00e9s un cinema naturalista, sin\u00f3 que estic mostrant un m\u00f3n d\u2019una fam\u00edlia molt diferent\u201d, adverteix Aguilar.<\/span><\/p>\n<p><span style=\"font-weight: 400;\">El director ha explicat davant la premsa que en esta obra s\u2019ha perm\u00e9s endinsar-se en territoris nous, entre ells l\u2019humor: <\/span><b>\u201cNo m\u2019havia perm\u00e9s abra\u00e7ar l\u2019humor abans i en esta pel\u00b7l\u00edcula vaig voler provar com l\u2019humor pot ser tamb\u00e9 una eina narrativa, fins i tot dins d\u2019un context pertorbador\u201d.<\/b><\/p>\n<p><span style=\"font-weight: 400;\">La pel\u00b7l\u00edcula est\u00e0 protagonitzada per Albano Jer\u00f3nimo, Isabel Abreu, Eduardo Aguilar i Carla Maciel, els personatges dels quals experimenten que el nus de la trama arriba abans que la presentaci\u00f3 i potser despr\u00e9s del desenlla\u00e7. Un q\u00fcestionament que, segons el director, es deu al fet que<\/span><b> \u201cno som el resultat lineal de les nostres decisions, del nostre passat, clarament expressat en el territori f\u00edsic i emocional que habitem\u201d.<\/b><\/p>\n<p><span style=\"font-weight: 400;\">Sobre la motivaci\u00f3 del film, el director ha revelat que \u2018Primeira pessoa do plural\u2019 \u00e9s una reflexi\u00f3 sobre la p\u00e8rdua i la imaginaci\u00f3 com a refugi: <\/span><b>\u201cLa pel\u00b7l\u00edcula intenta respondre a com lluitar contra eixa for\u00e7a gravitacional que ens empeny cap avall. Els meus personatges fugen a trav\u00e9s de la fantasia, mitjan\u00e7ant invencions, jocs, farses\u2026 perqu\u00e8 a voltes nom\u00e9s l\u2019imaginari ens permet continuar avant\u201d<\/b><span style=\"font-weight: 400;\">. \u201cEl que m\u2019agrada fer \u00e9s que qui est\u00e0 observant prenga els seus fragments i unisca els punts, \u00e9s una experi\u00e8ncia constructiva. La pel\u00b7l\u00edcula t\u00e9 una l\u00f2gica fragment\u00e0ria com ocorre en el m\u00f3n dels somnis. No podem jutjar l\u2019estructura on\u00edrica com l\u2019estructura de la realitat\u201d.<\/span><\/p>\n","protected":false},"excerpt":{"rendered":"<p>\u00daltima candidata a la Palmera d\u2019Or del certamen, \u2018Primeira pessoa do plural\u2019 explora la p\u00e8rdua i la imaginaci\u00f3 com a mecanisme de defensa Hi ha [&hellip;]<\/p>\n","protected":false},"author":3,"featured_media":30815,"comment_status":"open","ping_status":"open","sticky":false,"template":"","format":"standard","meta":{"_uag_custom_page_level_css":"","_jet_sm_ready_style":"","_jet_sm_style":"","_jet_sm_controls_values":"","_jet_sm_fonts_collection":"","_jet_sm_fonts_links":"","footnotes":""},"categories":[455],"tags":[],"class_list":["post-30822","post","type-post","status-publish","format-standard","has-post-thumbnail","hentry","category-noticies"],"yoast_head":"<!-- This site is optimized with the Yoast SEO plugin v27.5 - https:\/\/yoast.com\/product\/yoast-seo-wordpress\/ -->\n<title>\u2018Primeira pessoa do plural\u2019: un experiment temporal del portugu\u00e9s Sandro Aguilar per tancar la Secci\u00f3 Oficial de la Mostra - Mostra de Val\u00e8ncia<\/title>\n<meta name=\"robots\" content=\"index, follow, max-snippet:-1, max-image-preview:large, max-video-preview:-1\" \/>\n<link rel=\"canonical\" href=\"https:\/\/lamostradevalencia.com\/ca\/primeira-pessoa-do-plural-un-experiment-temporal-del-portugal-per-tancar-la-seccio-oficial-de-la-mostra\/\" \/>\n<meta property=\"og:locale\" content=\"ca_ES\" \/>\n<meta property=\"og:type\" content=\"article\" \/>\n<meta property=\"og:title\" content=\"\u2018Primeira pessoa do plural\u2019: un experiment temporal del portugu\u00e9s Sandro Aguilar per tancar la Secci\u00f3 Oficial de la Mostra - Mostra de Val\u00e8ncia\" \/>\n<meta property=\"og:description\" content=\"\u00daltima candidata a la Palmera d\u2019Or del certamen, \u2018Primeira pessoa do plural\u2019 explora la p\u00e8rdua i la imaginaci\u00f3 com a mecanisme de defensa Hi ha [&hellip;]\" \/>\n<meta property=\"og:url\" content=\"https:\/\/lamostradevalencia.com\/ca\/primeira-pessoa-do-plural-un-experiment-temporal-del-portugal-per-tancar-la-seccio-oficial-de-la-mostra\/\" \/>\n<meta property=\"og:site_name\" content=\"Mostra de Val\u00e8ncia\" \/>\n<meta property=\"article:published_time\" content=\"2025-11-01T17:11:39+00:00\" \/>\n<meta property=\"article:modified_time\" content=\"2025-11-01T17:22:24+00:00\" \/>\n<meta property=\"og:image\" content=\"https:\/\/lamostradevalencia.com\/wp-content\/uploads\/2025\/11\/PHOTO-2025-11-01-18-09-27.jpg\" \/>\n\t<meta property=\"og:image:width\" content=\"1600\" \/>\n\t<meta property=\"og:image:height\" content=\"1067\" \/>\n\t<meta property=\"og:image:type\" content=\"image\/jpeg\" \/>\n<meta name=\"author\" content=\"contenidos\" \/>\n<meta name=\"twitter:card\" content=\"summary_large_image\" \/>\n<meta name=\"twitter:label1\" content=\"Escrit per\" \/>\n\t<meta name=\"twitter:data1\" content=\"contenidos\" \/>\n\t<meta name=\"twitter:label2\" content=\"Temps estimat de lectura\" \/>\n\t<meta name=\"twitter:data2\" content=\"3 minuts\" \/>\n<script type=\"application\/ld+json\" class=\"yoast-schema-graph\">{\"@context\":\"https:\\\/\\\/schema.org\",\"@graph\":[{\"@type\":\"Article\",\"@id\":\"https:\\\/\\\/lamostradevalencia.com\\\/ca\\\/primeira-pessoa-do-plural-un-experiment-temporal-del-portugal-per-tancar-la-seccio-oficial-de-la-mostra\\\/#article\",\"isPartOf\":{\"@id\":\"https:\\\/\\\/lamostradevalencia.com\\\/ca\\\/primeira-pessoa-do-plural-un-experiment-temporal-del-portugal-per-tancar-la-seccio-oficial-de-la-mostra\\\/\"},\"author\":{\"name\":\"contenidos\",\"@id\":\"https:\\\/\\\/lamostradevalencia.com\\\/ca\\\/#\\\/schema\\\/person\\\/361c3c0dd5489e78ad78ee4f8332efac\"},\"headline\":\"\u2018Primeira pessoa do plural\u2019: un experiment temporal del portugu\u00e9s Sandro Aguilar per tancar la Secci\u00f3 Oficial de la Mostra\",\"datePublished\":\"2025-11-01T17:11:39+00:00\",\"dateModified\":\"2025-11-01T17:22:24+00:00\",\"mainEntityOfPage\":{\"@id\":\"https:\\\/\\\/lamostradevalencia.com\\\/ca\\\/primeira-pessoa-do-plural-un-experiment-temporal-del-portugal-per-tancar-la-seccio-oficial-de-la-mostra\\\/\"},\"wordCount\":486,\"commentCount\":0,\"image\":{\"@id\":\"https:\\\/\\\/lamostradevalencia.com\\\/ca\\\/primeira-pessoa-do-plural-un-experiment-temporal-del-portugal-per-tancar-la-seccio-oficial-de-la-mostra\\\/#primaryimage\"},\"thumbnailUrl\":\"https:\\\/\\\/lamostradevalencia.com\\\/wp-content\\\/uploads\\\/2025\\\/11\\\/PHOTO-2025-11-01-18-09-27.jpg\",\"articleSection\":[\"Noticies\"],\"inLanguage\":\"ca\",\"potentialAction\":[{\"@type\":\"CommentAction\",\"name\":\"Comment\",\"target\":[\"https:\\\/\\\/lamostradevalencia.com\\\/ca\\\/primeira-pessoa-do-plural-un-experiment-temporal-del-portugal-per-tancar-la-seccio-oficial-de-la-mostra\\\/#respond\"]}]},{\"@type\":\"WebPage\",\"@id\":\"https:\\\/\\\/lamostradevalencia.com\\\/ca\\\/primeira-pessoa-do-plural-un-experiment-temporal-del-portugal-per-tancar-la-seccio-oficial-de-la-mostra\\\/\",\"url\":\"https:\\\/\\\/lamostradevalencia.com\\\/ca\\\/primeira-pessoa-do-plural-un-experiment-temporal-del-portugal-per-tancar-la-seccio-oficial-de-la-mostra\\\/\",\"name\":\"\u2018Primeira pessoa do plural\u2019: un experiment temporal del portugu\u00e9s Sandro Aguilar per tancar la Secci\u00f3 Oficial de la Mostra - Mostra de Val\u00e8ncia\",\"isPartOf\":{\"@id\":\"https:\\\/\\\/lamostradevalencia.com\\\/ca\\\/#website\"},\"primaryImageOfPage\":{\"@id\":\"https:\\\/\\\/lamostradevalencia.com\\\/ca\\\/primeira-pessoa-do-plural-un-experiment-temporal-del-portugal-per-tancar-la-seccio-oficial-de-la-mostra\\\/#primaryimage\"},\"image\":{\"@id\":\"https:\\\/\\\/lamostradevalencia.com\\\/ca\\\/primeira-pessoa-do-plural-un-experiment-temporal-del-portugal-per-tancar-la-seccio-oficial-de-la-mostra\\\/#primaryimage\"},\"thumbnailUrl\":\"https:\\\/\\\/lamostradevalencia.com\\\/wp-content\\\/uploads\\\/2025\\\/11\\\/PHOTO-2025-11-01-18-09-27.jpg\",\"datePublished\":\"2025-11-01T17:11:39+00:00\",\"dateModified\":\"2025-11-01T17:22:24+00:00\",\"author\":{\"@id\":\"https:\\\/\\\/lamostradevalencia.com\\\/ca\\\/#\\\/schema\\\/person\\\/361c3c0dd5489e78ad78ee4f8332efac\"},\"breadcrumb\":{\"@id\":\"https:\\\/\\\/lamostradevalencia.com\\\/ca\\\/primeira-pessoa-do-plural-un-experiment-temporal-del-portugal-per-tancar-la-seccio-oficial-de-la-mostra\\\/#breadcrumb\"},\"inLanguage\":\"ca\",\"potentialAction\":[{\"@type\":\"ReadAction\",\"target\":[\"https:\\\/\\\/lamostradevalencia.com\\\/ca\\\/primeira-pessoa-do-plural-un-experiment-temporal-del-portugal-per-tancar-la-seccio-oficial-de-la-mostra\\\/\"]}]},{\"@type\":\"ImageObject\",\"inLanguage\":\"ca\",\"@id\":\"https:\\\/\\\/lamostradevalencia.com\\\/ca\\\/primeira-pessoa-do-plural-un-experiment-temporal-del-portugal-per-tancar-la-seccio-oficial-de-la-mostra\\\/#primaryimage\",\"url\":\"https:\\\/\\\/lamostradevalencia.com\\\/wp-content\\\/uploads\\\/2025\\\/11\\\/PHOTO-2025-11-01-18-09-27.jpg\",\"contentUrl\":\"https:\\\/\\\/lamostradevalencia.com\\\/wp-content\\\/uploads\\\/2025\\\/11\\\/PHOTO-2025-11-01-18-09-27.jpg\",\"width\":1600,\"height\":1067},{\"@type\":\"BreadcrumbList\",\"@id\":\"https:\\\/\\\/lamostradevalencia.com\\\/ca\\\/primeira-pessoa-do-plural-un-experiment-temporal-del-portugal-per-tancar-la-seccio-oficial-de-la-mostra\\\/#breadcrumb\",\"itemListElement\":[{\"@type\":\"ListItem\",\"position\":1,\"name\":\"Portada\",\"item\":\"https:\\\/\\\/lamostradevalencia.com\\\/ca\\\/\"},{\"@type\":\"ListItem\",\"position\":2,\"name\":\"\u2018Primeira pessoa do plural\u2019: un experiment temporal del portugu\u00e9s Sandro Aguilar per tancar la Secci\u00f3 Oficial de la Mostra\"}]},{\"@type\":\"WebSite\",\"@id\":\"https:\\\/\\\/lamostradevalencia.com\\\/ca\\\/#website\",\"url\":\"https:\\\/\\\/lamostradevalencia.com\\\/ca\\\/\",\"name\":\"Mostra de Val\u00e8ncia\",\"description\":\"Cinema del Mediterrani\",\"potentialAction\":[{\"@type\":\"SearchAction\",\"target\":{\"@type\":\"EntryPoint\",\"urlTemplate\":\"https:\\\/\\\/lamostradevalencia.com\\\/ca\\\/?s={search_term_string}\"},\"query-input\":{\"@type\":\"PropertyValueSpecification\",\"valueRequired\":true,\"valueName\":\"search_term_string\"}}],\"inLanguage\":\"ca\"},{\"@type\":\"Person\",\"@id\":\"https:\\\/\\\/lamostradevalencia.com\\\/ca\\\/#\\\/schema\\\/person\\\/361c3c0dd5489e78ad78ee4f8332efac\",\"name\":\"contenidos\",\"image\":{\"@type\":\"ImageObject\",\"inLanguage\":\"ca\",\"@id\":\"https:\\\/\\\/secure.gravatar.com\\\/avatar\\\/a87eddc188a32d5a0371ff92ef616b5006a91e389296d49d081f8d424eef134c?s=96&d=mm&r=g\",\"url\":\"https:\\\/\\\/secure.gravatar.com\\\/avatar\\\/a87eddc188a32d5a0371ff92ef616b5006a91e389296d49d081f8d424eef134c?s=96&d=mm&r=g\",\"contentUrl\":\"https:\\\/\\\/secure.gravatar.com\\\/avatar\\\/a87eddc188a32d5a0371ff92ef616b5006a91e389296d49d081f8d424eef134c?s=96&d=mm&r=g\",\"caption\":\"contenidos\"}}]}<\/script>\n<!-- \/ Yoast SEO plugin. -->","yoast_head_json":{"title":"\u2018Primeira pessoa do plural\u2019: un experiment temporal del portugu\u00e9s Sandro Aguilar per tancar la Secci\u00f3 Oficial de la Mostra - Mostra de Val\u00e8ncia","robots":{"index":"index","follow":"follow","max-snippet":"max-snippet:-1","max-image-preview":"max-image-preview:large","max-video-preview":"max-video-preview:-1"},"canonical":"https:\/\/lamostradevalencia.com\/ca\/primeira-pessoa-do-plural-un-experiment-temporal-del-portugal-per-tancar-la-seccio-oficial-de-la-mostra\/","og_locale":"ca_ES","og_type":"article","og_title":"\u2018Primeira pessoa do plural\u2019: un experiment temporal del portugu\u00e9s Sandro Aguilar per tancar la Secci\u00f3 Oficial de la Mostra - Mostra de Val\u00e8ncia","og_description":"\u00daltima candidata a la Palmera d\u2019Or del certamen, \u2018Primeira pessoa do plural\u2019 explora la p\u00e8rdua i la imaginaci\u00f3 com a mecanisme de defensa Hi ha [&hellip;]","og_url":"https:\/\/lamostradevalencia.com\/ca\/primeira-pessoa-do-plural-un-experiment-temporal-del-portugal-per-tancar-la-seccio-oficial-de-la-mostra\/","og_site_name":"Mostra de Val\u00e8ncia","article_published_time":"2025-11-01T17:11:39+00:00","article_modified_time":"2025-11-01T17:22:24+00:00","og_image":[{"width":1600,"height":1067,"url":"https:\/\/lamostradevalencia.com\/wp-content\/uploads\/2025\/11\/PHOTO-2025-11-01-18-09-27.jpg","type":"image\/jpeg"}],"author":"contenidos","twitter_card":"summary_large_image","twitter_misc":{"Escrit per":"contenidos","Temps estimat de lectura":"3 minuts"},"schema":{"@context":"https:\/\/schema.org","@graph":[{"@type":"Article","@id":"https:\/\/lamostradevalencia.com\/ca\/primeira-pessoa-do-plural-un-experiment-temporal-del-portugal-per-tancar-la-seccio-oficial-de-la-mostra\/#article","isPartOf":{"@id":"https:\/\/lamostradevalencia.com\/ca\/primeira-pessoa-do-plural-un-experiment-temporal-del-portugal-per-tancar-la-seccio-oficial-de-la-mostra\/"},"author":{"name":"contenidos","@id":"https:\/\/lamostradevalencia.com\/ca\/#\/schema\/person\/361c3c0dd5489e78ad78ee4f8332efac"},"headline":"\u2018Primeira pessoa do plural\u2019: un experiment temporal del portugu\u00e9s Sandro Aguilar per tancar la Secci\u00f3 Oficial de la Mostra","datePublished":"2025-11-01T17:11:39+00:00","dateModified":"2025-11-01T17:22:24+00:00","mainEntityOfPage":{"@id":"https:\/\/lamostradevalencia.com\/ca\/primeira-pessoa-do-plural-un-experiment-temporal-del-portugal-per-tancar-la-seccio-oficial-de-la-mostra\/"},"wordCount":486,"commentCount":0,"image":{"@id":"https:\/\/lamostradevalencia.com\/ca\/primeira-pessoa-do-plural-un-experiment-temporal-del-portugal-per-tancar-la-seccio-oficial-de-la-mostra\/#primaryimage"},"thumbnailUrl":"https:\/\/lamostradevalencia.com\/wp-content\/uploads\/2025\/11\/PHOTO-2025-11-01-18-09-27.jpg","articleSection":["Noticies"],"inLanguage":"ca","potentialAction":[{"@type":"CommentAction","name":"Comment","target":["https:\/\/lamostradevalencia.com\/ca\/primeira-pessoa-do-plural-un-experiment-temporal-del-portugal-per-tancar-la-seccio-oficial-de-la-mostra\/#respond"]}]},{"@type":"WebPage","@id":"https:\/\/lamostradevalencia.com\/ca\/primeira-pessoa-do-plural-un-experiment-temporal-del-portugal-per-tancar-la-seccio-oficial-de-la-mostra\/","url":"https:\/\/lamostradevalencia.com\/ca\/primeira-pessoa-do-plural-un-experiment-temporal-del-portugal-per-tancar-la-seccio-oficial-de-la-mostra\/","name":"\u2018Primeira pessoa do plural\u2019: un experiment temporal del portugu\u00e9s Sandro Aguilar per tancar la Secci\u00f3 Oficial de la Mostra - Mostra de Val\u00e8ncia","isPartOf":{"@id":"https:\/\/lamostradevalencia.com\/ca\/#website"},"primaryImageOfPage":{"@id":"https:\/\/lamostradevalencia.com\/ca\/primeira-pessoa-do-plural-un-experiment-temporal-del-portugal-per-tancar-la-seccio-oficial-de-la-mostra\/#primaryimage"},"image":{"@id":"https:\/\/lamostradevalencia.com\/ca\/primeira-pessoa-do-plural-un-experiment-temporal-del-portugal-per-tancar-la-seccio-oficial-de-la-mostra\/#primaryimage"},"thumbnailUrl":"https:\/\/lamostradevalencia.com\/wp-content\/uploads\/2025\/11\/PHOTO-2025-11-01-18-09-27.jpg","datePublished":"2025-11-01T17:11:39+00:00","dateModified":"2025-11-01T17:22:24+00:00","author":{"@id":"https:\/\/lamostradevalencia.com\/ca\/#\/schema\/person\/361c3c0dd5489e78ad78ee4f8332efac"},"breadcrumb":{"@id":"https:\/\/lamostradevalencia.com\/ca\/primeira-pessoa-do-plural-un-experiment-temporal-del-portugal-per-tancar-la-seccio-oficial-de-la-mostra\/#breadcrumb"},"inLanguage":"ca","potentialAction":[{"@type":"ReadAction","target":["https:\/\/lamostradevalencia.com\/ca\/primeira-pessoa-do-plural-un-experiment-temporal-del-portugal-per-tancar-la-seccio-oficial-de-la-mostra\/"]}]},{"@type":"ImageObject","inLanguage":"ca","@id":"https:\/\/lamostradevalencia.com\/ca\/primeira-pessoa-do-plural-un-experiment-temporal-del-portugal-per-tancar-la-seccio-oficial-de-la-mostra\/#primaryimage","url":"https:\/\/lamostradevalencia.com\/wp-content\/uploads\/2025\/11\/PHOTO-2025-11-01-18-09-27.jpg","contentUrl":"https:\/\/lamostradevalencia.com\/wp-content\/uploads\/2025\/11\/PHOTO-2025-11-01-18-09-27.jpg","width":1600,"height":1067},{"@type":"BreadcrumbList","@id":"https:\/\/lamostradevalencia.com\/ca\/primeira-pessoa-do-plural-un-experiment-temporal-del-portugal-per-tancar-la-seccio-oficial-de-la-mostra\/#breadcrumb","itemListElement":[{"@type":"ListItem","position":1,"name":"Portada","item":"https:\/\/lamostradevalencia.com\/ca\/"},{"@type":"ListItem","position":2,"name":"\u2018Primeira pessoa do plural\u2019: un experiment temporal del portugu\u00e9s Sandro Aguilar per tancar la Secci\u00f3 Oficial de la Mostra"}]},{"@type":"WebSite","@id":"https:\/\/lamostradevalencia.com\/ca\/#website","url":"https:\/\/lamostradevalencia.com\/ca\/","name":"Mostra de Val\u00e8ncia","description":"Cinema del Mediterrani","potentialAction":[{"@type":"SearchAction","target":{"@type":"EntryPoint","urlTemplate":"https:\/\/lamostradevalencia.com\/ca\/?s={search_term_string}"},"query-input":{"@type":"PropertyValueSpecification","valueRequired":true,"valueName":"search_term_string"}}],"inLanguage":"ca"},{"@type":"Person","@id":"https:\/\/lamostradevalencia.com\/ca\/#\/schema\/person\/361c3c0dd5489e78ad78ee4f8332efac","name":"contenidos","image":{"@type":"ImageObject","inLanguage":"ca","@id":"https:\/\/secure.gravatar.com\/avatar\/a87eddc188a32d5a0371ff92ef616b5006a91e389296d49d081f8d424eef134c?s=96&d=mm&r=g","url":"https:\/\/secure.gravatar.com\/avatar\/a87eddc188a32d5a0371ff92ef616b5006a91e389296d49d081f8d424eef134c?s=96&d=mm&r=g","contentUrl":"https:\/\/secure.gravatar.com\/avatar\/a87eddc188a32d5a0371ff92ef616b5006a91e389296d49d081f8d424eef134c?s=96&d=mm&r=g","caption":"contenidos"}}]}},"uagb_featured_image_src":{"full":["https:\/\/lamostradevalencia.com\/wp-content\/uploads\/2025\/11\/PHOTO-2025-11-01-18-09-27.jpg",1600,1067,false],"thumbnail":["https:\/\/lamostradevalencia.com\/wp-content\/uploads\/2025\/11\/PHOTO-2025-11-01-18-09-27-150x150.jpg",150,150,true],"medium":["https:\/\/lamostradevalencia.com\/wp-content\/uploads\/2025\/11\/PHOTO-2025-11-01-18-09-27-300x200.jpg",300,200,true],"medium_large":["https:\/\/lamostradevalencia.com\/wp-content\/uploads\/2025\/11\/PHOTO-2025-11-01-18-09-27-768x512.jpg",768,512,true],"large":["https:\/\/lamostradevalencia.com\/wp-content\/uploads\/2025\/11\/PHOTO-2025-11-01-18-09-27-1024x683.jpg",1024,683,true],"1536x1536":["https:\/\/lamostradevalencia.com\/wp-content\/uploads\/2025\/11\/PHOTO-2025-11-01-18-09-27-1536x1024.jpg",1536,1024,true],"2048x2048":["https:\/\/lamostradevalencia.com\/wp-content\/uploads\/2025\/11\/PHOTO-2025-11-01-18-09-27.jpg",1600,1067,false],"cinerama_edge_image_square":["https:\/\/lamostradevalencia.com\/wp-content\/uploads\/2025\/11\/PHOTO-2025-11-01-18-09-27-550x550.jpg",550,550,true],"cinerama_edge_image_landscape":["https:\/\/lamostradevalencia.com\/wp-content\/uploads\/2025\/11\/PHOTO-2025-11-01-18-09-27-1100x550.jpg",1100,550,true],"cinerama_edge_image_portrait":["https:\/\/lamostradevalencia.com\/wp-content\/uploads\/2025\/11\/PHOTO-2025-11-01-18-09-27-550x1067.jpg",550,1067,true],"cinerama_edge_image_huge":["https:\/\/lamostradevalencia.com\/wp-content\/uploads\/2025\/11\/PHOTO-2025-11-01-18-09-27-1100x1067.jpg",1100,1067,true],"gform-image-choice-sm":["https:\/\/lamostradevalencia.com\/wp-content\/uploads\/2025\/11\/PHOTO-2025-11-01-18-09-27.jpg",300,200,false],"gform-image-choice-md":["https:\/\/lamostradevalencia.com\/wp-content\/uploads\/2025\/11\/PHOTO-2025-11-01-18-09-27.jpg",400,267,false],"gform-image-choice-lg":["https:\/\/lamostradevalencia.com\/wp-content\/uploads\/2025\/11\/PHOTO-2025-11-01-18-09-27.jpg",600,400,false]},"uagb_author_info":{"display_name":"contenidos","author_link":"https:\/\/lamostradevalencia.com\/ca\/author\/contenidos\/"},"uagb_comment_info":0,"uagb_excerpt":"\u00daltima candidata a la Palmera d\u2019Or del certamen, \u2018Primeira pessoa do plural\u2019 explora la p\u00e8rdua i la imaginaci\u00f3 com a mecanisme de defensa Hi ha [&hellip;]","_links":{"self":[{"href":"https:\/\/lamostradevalencia.com\/ca\/wp-json\/wp\/v2\/posts\/30822","targetHints":{"allow":["GET"]}}],"collection":[{"href":"https:\/\/lamostradevalencia.com\/ca\/wp-json\/wp\/v2\/posts"}],"about":[{"href":"https:\/\/lamostradevalencia.com\/ca\/wp-json\/wp\/v2\/types\/post"}],"author":[{"embeddable":true,"href":"https:\/\/lamostradevalencia.com\/ca\/wp-json\/wp\/v2\/users\/3"}],"replies":[{"embeddable":true,"href":"https:\/\/lamostradevalencia.com\/ca\/wp-json\/wp\/v2\/comments?post=30822"}],"version-history":[{"count":3,"href":"https:\/\/lamostradevalencia.com\/ca\/wp-json\/wp\/v2\/posts\/30822\/revisions"}],"predecessor-version":[{"id":30825,"href":"https:\/\/lamostradevalencia.com\/ca\/wp-json\/wp\/v2\/posts\/30822\/revisions\/30825"}],"wp:featuredmedia":[{"embeddable":true,"href":"https:\/\/lamostradevalencia.com\/ca\/wp-json\/wp\/v2\/media\/30815"}],"wp:attachment":[{"href":"https:\/\/lamostradevalencia.com\/ca\/wp-json\/wp\/v2\/media?parent=30822"}],"wp:term":[{"taxonomy":"category","embeddable":true,"href":"https:\/\/lamostradevalencia.com\/ca\/wp-json\/wp\/v2\/categories?post=30822"},{"taxonomy":"post_tag","embeddable":true,"href":"https:\/\/lamostradevalencia.com\/ca\/wp-json\/wp\/v2\/tags?post=30822"}],"curies":[{"name":"wp","href":"https:\/\/api.w.org\/{rel}","templated":true}]}}