{"id":3080,"date":"2019-07-06T01:20:22","date_gmt":"2019-07-05T23:20:22","guid":{"rendered":"https:\/\/lamostradevalencia.com\/?p=3080"},"modified":"2019-08-20T19:45:54","modified_gmt":"2019-08-20T17:45:54","slug":"sol-pico-ballara-en-la-pantalla-de-mostra-de-valencia","status":"publish","type":"post","link":"https:\/\/lamostradevalencia.com\/ca\/sol-pico-ballara-en-la-pantalla-de-mostra-de-valencia\/","title":{"rendered":"Sol Pic\u00f3 ballar\u00e0 en la pantalla de Mostra de Val\u00e8ncia"},"content":{"rendered":"\n<p>Despr\u00e9s  del seu pas pel Dance on Camera Festival en el Lincoln Center de Nova  York, el documental &#8220;Amb el cor al genoll&#8221;, que reunix les experi\u00e8ncies  vitals i professionals de la ballarina i core\u00f2grafa alcoiana Sol Pic\u00f3,  s&#8217;estrenar\u00e0 a Val\u00e8ncia en la Mostra de Val\u00e8ncia-Cinema del Mediterrani,  que se celebrar\u00e0 del 24 d&#8217;octubre al 3 de novembre als Cines Babel i  Filmoteca-IVC.&nbsp;&nbsp;&nbsp;La  pel\u00b7l\u00edcula, amb gui\u00f3 i direcci\u00f3 de Susanna Barranco, i coproducci\u00f3 d&#8217;\u00c0  Punt, seguix els passos de la core\u00f2grafa durant quasi dos anys. Des de  la ballarina sota els focus a la realitat de darrere de l&#8217;escenari, o el  seu dia a dia en un moment crucial de la seua carrera, despr\u00e9s d&#8217;haver  guanyat el premi Nacional de Danza. Barranco recull els assajos, els  moments de soledat en el camerino, les reflexions i les representacions  de la core\u00f2grafa.&nbsp;&nbsp;&nbsp;El documental tamb\u00e9 recorre la traject\u00f2ria art\u00edstica de Sol Pic\u00f3 (des dels seus inicis en la&nbsp;<em>performance<\/em>&nbsp;al  teatre de carrer i, finalment, la seua consolidaci\u00f3 art\u00edstica i la  creaci\u00f3 de la seua pr\u00f2pia companyia) i tamb\u00e9 s&#8217;acosta a la faceta m\u00e9s  personal de l&#8217;artista (les dificultats de la creaci\u00f3 i de cr\u00e9ixer com a  ballarina, i com encarar la seua carrera despr\u00e9s de complir 50 anys).&nbsp;&nbsp;&#8220;Un  documental imprescindible per a acostar-nos a la figura d&#8217;una de les  artistes m\u00e9s excepcionals del panorama cultural contemporani, pionera i  protagonista d&#8217;alguns dels moments coreogr\u00e0fics m\u00e9s inoblidables&#8221; afirma  Gloria Tello, Regidora de Patrimoni i Recursos Culturales.<\/p>\n\n\n\n<figure class=\"wp-block-embed-vimeo wp-block-embed is-type-video is-provider-vimeo wp-embed-aspect-16-9 wp-has-aspect-ratio\"><div class=\"wp-block-embed__wrapper\">\n<iframe loading=\"lazy\" title=\"Trailer - From Knee to Heart (ENG)_ De Rodillas Coraz&oacute;n\" src=\"https:\/\/player.vimeo.com\/video\/290490151?dnt=1&#038;app_id=122963\" width=\"1100\" height=\"619\" frameborder=\"0\" allow=\"autoplay; fullscreen\" allowfullscreen><\/iframe>\n<\/div><\/figure>\n\n\n\n<p><\/p>\n\n\n\n<p><strong>M\u00e9s moviment en Mostra<\/strong>&nbsp;<\/p>\n\n\n\n<p>Sol  Pic\u00f3 no ballar\u00e0 sola. En la 34 edici\u00f3 de Mostra de Val\u00e8ncia tamb\u00e9 es  projectar\u00e0 &#8220;Danzantes&#8221;, de Juan Vicente Chuli\u00e1, un documental sobre el  m\u00f3n de la dansa tractat des d&#8217;una visi\u00f3 transversal i internacional, on  tenen cabuda diferents estils i personatges (flamenc, cl\u00e0ssica,  contempor\u00e0nia, hip-hop&#8230;).&nbsp;\u00c9s  una narraci\u00f3 po\u00e8tica sense jerarquies, en pla d&#8217;igualtat, sense  fronteres. \u00c9s un viatge geogr\u00e0fic, sensorial i emotiu per les mil  maneres d&#8217;entendre la dansa: com a superaci\u00f3 personal, com a aspiraci\u00f3  professional, com a recurs d&#8217;integraci\u00f3 social. Des d&#8217;una companyia de  ballarins amb s\u00edndrome de Down al director de la Compa\u00f1\u00eda Nacional de  Danza, des d&#8217;un grup de xiquets d&#8217;extraradi que balla hip-hop fins a la  primera ballarina del Ballet de Finl\u00e0ndia.<\/p>\n\n\n\n<figure class=\"wp-block-embed-youtube wp-block-embed is-type-video is-provider-youtube wp-embed-aspect-16-9 wp-has-aspect-ratio\"><div class=\"wp-block-embed__wrapper\">\n<iframe loading=\"lazy\" title=\"Documental DANZANTES Trailer\" width=\"1100\" height=\"619\" src=\"https:\/\/www.youtube.com\/embed\/2SSbmPhiMrI?feature=oembed\" frameborder=\"0\" allow=\"accelerometer; autoplay; encrypted-media; gyroscope; picture-in-picture\" allowfullscreen><\/iframe>\n<\/div><\/figure>\n","protected":false},"excerpt":{"rendered":"<p>Despr\u00e9s del seu pas pel Dance on Camera Festival en el Lincoln Center de Nova York, el documental &#8220;Amb el cor al genoll&#8221;, que reunix [&hellip;]<\/p>\n","protected":false},"author":1,"featured_media":3071,"comment_status":"open","ping_status":"open","sticky":false,"template":"","format":"standard","meta":{"_uag_custom_page_level_css":"","_jet_sm_ready_style":"","_jet_sm_style":"","_jet_sm_controls_values":"","_jet_sm_fonts_collection":"","_jet_sm_fonts_links":"","footnotes":""},"categories":[455],"tags":[1028,464,1032,1025],"class_list":["post-3080","post","type-post","status-publish","format-standard","has-post-thumbnail","hentry","category-noticies","tag-documental","tag-mostra-de-valencia","tag-sessions-especials","tag-sol-pico"],"yoast_head":"<!-- This site is optimized with the Yoast SEO plugin v27.5 - https:\/\/yoast.com\/product\/yoast-seo-wordpress\/ -->\n<title>Sol Pic\u00f3 ballar\u00e0 en la pantalla de Mostra de Val\u00e8ncia - Mostra de Val\u00e8ncia<\/title>\n<meta name=\"description\" content=\"La core\u00f2grafa alcoiana presentar\u00e0 en el festival el documental &quot;Amb el cor al genoll&quot;\" \/>\n<meta name=\"robots\" content=\"index, follow, max-snippet:-1, max-image-preview:large, max-video-preview:-1\" \/>\n<link rel=\"canonical\" href=\"https:\/\/lamostradevalencia.com\/ca\/sol-pico-ballara-en-la-pantalla-de-mostra-de-valencia\/\" \/>\n<meta property=\"og:locale\" content=\"ca_ES\" \/>\n<meta property=\"og:type\" content=\"article\" \/>\n<meta property=\"og:title\" content=\"Sol Pic\u00f3 ballar\u00e0 en la pantalla de Mostra de Val\u00e8ncia - Mostra de Val\u00e8ncia\" \/>\n<meta property=\"og:description\" content=\"La core\u00f2grafa alcoiana presentar\u00e0 en el festival el documental &quot;Amb el cor al genoll&quot;\" \/>\n<meta property=\"og:url\" content=\"https:\/\/lamostradevalencia.com\/ca\/sol-pico-ballara-en-la-pantalla-de-mostra-de-valencia\/\" \/>\n<meta property=\"og:site_name\" content=\"Mostra de Val\u00e8ncia\" \/>\n<meta property=\"article:published_time\" content=\"2019-07-05T23:20:22+00:00\" \/>\n<meta property=\"article:modified_time\" content=\"2019-08-20T17:45:54+00:00\" \/>\n<meta property=\"og:image\" content=\"https:\/\/lamostradevalencia.com\/wp-content\/uploads\/2019\/08\/DRC_Still_06.jpg\" \/>\n\t<meta property=\"og:image:width\" content=\"1920\" \/>\n\t<meta property=\"og:image:height\" content=\"1080\" \/>\n\t<meta property=\"og:image:type\" content=\"image\/jpeg\" \/>\n<meta name=\"author\" content=\"Mostra de Val\u00e8ncia\" \/>\n<meta name=\"twitter:card\" content=\"summary_large_image\" \/>\n<meta name=\"twitter:label1\" content=\"Escrit per\" \/>\n\t<meta name=\"twitter:data1\" content=\"Mostra de Val\u00e8ncia\" \/>\n\t<meta name=\"twitter:label2\" content=\"Temps estimat de lectura\" \/>\n\t<meta name=\"twitter:data2\" content=\"2 minuts\" \/>\n<script type=\"application\/ld+json\" class=\"yoast-schema-graph\">{\"@context\":\"https:\\\/\\\/schema.org\",\"@graph\":[{\"@type\":\"Article\",\"@id\":\"https:\\\/\\\/lamostradevalencia.com\\\/ca\\\/sol-pico-ballara-en-la-pantalla-de-mostra-de-valencia\\\/#article\",\"isPartOf\":{\"@id\":\"https:\\\/\\\/lamostradevalencia.com\\\/ca\\\/sol-pico-ballara-en-la-pantalla-de-mostra-de-valencia\\\/\"},\"author\":{\"name\":\"Mostra de Val\u00e8ncia\",\"@id\":\"https:\\\/\\\/lamostradevalencia.com\\\/ca\\\/#\\\/schema\\\/person\\\/1dc07e4df3d6310b81d2cdf6a034070c\"},\"headline\":\"Sol Pic\u00f3 ballar\u00e0 en la pantalla de Mostra de Val\u00e8ncia\",\"datePublished\":\"2019-07-05T23:20:22+00:00\",\"dateModified\":\"2019-08-20T17:45:54+00:00\",\"mainEntityOfPage\":{\"@id\":\"https:\\\/\\\/lamostradevalencia.com\\\/ca\\\/sol-pico-ballara-en-la-pantalla-de-mostra-de-valencia\\\/\"},\"wordCount\":443,\"commentCount\":0,\"image\":{\"@id\":\"https:\\\/\\\/lamostradevalencia.com\\\/ca\\\/sol-pico-ballara-en-la-pantalla-de-mostra-de-valencia\\\/#primaryimage\"},\"thumbnailUrl\":\"https:\\\/\\\/lamostradevalencia.com\\\/wp-content\\\/uploads\\\/2019\\\/08\\\/DRC_Still_06.jpg\",\"keywords\":[\"Documental\",\"Mostra de Val\u00e8ncia\",\"Sessions especials\",\"Sol Pic\u00f3\"],\"articleSection\":[\"Noticies\"],\"inLanguage\":\"ca\",\"potentialAction\":[{\"@type\":\"CommentAction\",\"name\":\"Comment\",\"target\":[\"https:\\\/\\\/lamostradevalencia.com\\\/ca\\\/sol-pico-ballara-en-la-pantalla-de-mostra-de-valencia\\\/#respond\"]}]},{\"@type\":\"WebPage\",\"@id\":\"https:\\\/\\\/lamostradevalencia.com\\\/ca\\\/sol-pico-ballara-en-la-pantalla-de-mostra-de-valencia\\\/\",\"url\":\"https:\\\/\\\/lamostradevalencia.com\\\/ca\\\/sol-pico-ballara-en-la-pantalla-de-mostra-de-valencia\\\/\",\"name\":\"Sol Pic\u00f3 ballar\u00e0 en la pantalla de Mostra de Val\u00e8ncia - Mostra de Val\u00e8ncia\",\"isPartOf\":{\"@id\":\"https:\\\/\\\/lamostradevalencia.com\\\/ca\\\/#website\"},\"primaryImageOfPage\":{\"@id\":\"https:\\\/\\\/lamostradevalencia.com\\\/ca\\\/sol-pico-ballara-en-la-pantalla-de-mostra-de-valencia\\\/#primaryimage\"},\"image\":{\"@id\":\"https:\\\/\\\/lamostradevalencia.com\\\/ca\\\/sol-pico-ballara-en-la-pantalla-de-mostra-de-valencia\\\/#primaryimage\"},\"thumbnailUrl\":\"https:\\\/\\\/lamostradevalencia.com\\\/wp-content\\\/uploads\\\/2019\\\/08\\\/DRC_Still_06.jpg\",\"datePublished\":\"2019-07-05T23:20:22+00:00\",\"dateModified\":\"2019-08-20T17:45:54+00:00\",\"author\":{\"@id\":\"https:\\\/\\\/lamostradevalencia.com\\\/ca\\\/#\\\/schema\\\/person\\\/1dc07e4df3d6310b81d2cdf6a034070c\"},\"description\":\"La core\u00f2grafa alcoiana presentar\u00e0 en el festival el documental \\\"Amb el cor al genoll\\\"\",\"breadcrumb\":{\"@id\":\"https:\\\/\\\/lamostradevalencia.com\\\/ca\\\/sol-pico-ballara-en-la-pantalla-de-mostra-de-valencia\\\/#breadcrumb\"},\"inLanguage\":\"ca\",\"potentialAction\":[{\"@type\":\"ReadAction\",\"target\":[\"https:\\\/\\\/lamostradevalencia.com\\\/ca\\\/sol-pico-ballara-en-la-pantalla-de-mostra-de-valencia\\\/\"]}]},{\"@type\":\"ImageObject\",\"inLanguage\":\"ca\",\"@id\":\"https:\\\/\\\/lamostradevalencia.com\\\/ca\\\/sol-pico-ballara-en-la-pantalla-de-mostra-de-valencia\\\/#primaryimage\",\"url\":\"https:\\\/\\\/lamostradevalencia.com\\\/wp-content\\\/uploads\\\/2019\\\/08\\\/DRC_Still_06.jpg\",\"contentUrl\":\"https:\\\/\\\/lamostradevalencia.com\\\/wp-content\\\/uploads\\\/2019\\\/08\\\/DRC_Still_06.jpg\",\"width\":1920,\"height\":1080},{\"@type\":\"BreadcrumbList\",\"@id\":\"https:\\\/\\\/lamostradevalencia.com\\\/ca\\\/sol-pico-ballara-en-la-pantalla-de-mostra-de-valencia\\\/#breadcrumb\",\"itemListElement\":[{\"@type\":\"ListItem\",\"position\":1,\"name\":\"Portada\",\"item\":\"https:\\\/\\\/lamostradevalencia.com\\\/ca\\\/\"},{\"@type\":\"ListItem\",\"position\":2,\"name\":\"Sol Pic\u00f3 ballar\u00e0 en la pantalla de Mostra de Val\u00e8ncia\"}]},{\"@type\":\"WebSite\",\"@id\":\"https:\\\/\\\/lamostradevalencia.com\\\/ca\\\/#website\",\"url\":\"https:\\\/\\\/lamostradevalencia.com\\\/ca\\\/\",\"name\":\"Mostra de Val\u00e8ncia\",\"description\":\"Cinema del Mediterrani\",\"potentialAction\":[{\"@type\":\"SearchAction\",\"target\":{\"@type\":\"EntryPoint\",\"urlTemplate\":\"https:\\\/\\\/lamostradevalencia.com\\\/ca\\\/?s={search_term_string}\"},\"query-input\":{\"@type\":\"PropertyValueSpecification\",\"valueRequired\":true,\"valueName\":\"search_term_string\"}}],\"inLanguage\":\"ca\"},{\"@type\":\"Person\",\"@id\":\"https:\\\/\\\/lamostradevalencia.com\\\/ca\\\/#\\\/schema\\\/person\\\/1dc07e4df3d6310b81d2cdf6a034070c\",\"name\":\"Mostra de Val\u00e8ncia\",\"image\":{\"@type\":\"ImageObject\",\"inLanguage\":\"ca\",\"@id\":\"https:\\\/\\\/secure.gravatar.com\\\/avatar\\\/ada4dfd699a9907706987adb1bb2b361c2613ccca474b49b8c648de5208e32f8?s=96&d=mm&r=g\",\"url\":\"https:\\\/\\\/secure.gravatar.com\\\/avatar\\\/ada4dfd699a9907706987adb1bb2b361c2613ccca474b49b8c648de5208e32f8?s=96&d=mm&r=g\",\"contentUrl\":\"https:\\\/\\\/secure.gravatar.com\\\/avatar\\\/ada4dfd699a9907706987adb1bb2b361c2613ccca474b49b8c648de5208e32f8?s=96&d=mm&r=g\",\"caption\":\"Mostra de Val\u00e8ncia\"}}]}<\/script>\n<!-- \/ Yoast SEO plugin. -->","yoast_head_json":{"title":"Sol Pic\u00f3 ballar\u00e0 en la pantalla de Mostra de Val\u00e8ncia - Mostra de Val\u00e8ncia","description":"La core\u00f2grafa alcoiana presentar\u00e0 en el festival el documental \"Amb el cor al genoll\"","robots":{"index":"index","follow":"follow","max-snippet":"max-snippet:-1","max-image-preview":"max-image-preview:large","max-video-preview":"max-video-preview:-1"},"canonical":"https:\/\/lamostradevalencia.com\/ca\/sol-pico-ballara-en-la-pantalla-de-mostra-de-valencia\/","og_locale":"ca_ES","og_type":"article","og_title":"Sol Pic\u00f3 ballar\u00e0 en la pantalla de Mostra de Val\u00e8ncia - Mostra de Val\u00e8ncia","og_description":"La core\u00f2grafa alcoiana presentar\u00e0 en el festival el documental \"Amb el cor al genoll\"","og_url":"https:\/\/lamostradevalencia.com\/ca\/sol-pico-ballara-en-la-pantalla-de-mostra-de-valencia\/","og_site_name":"Mostra de Val\u00e8ncia","article_published_time":"2019-07-05T23:20:22+00:00","article_modified_time":"2019-08-20T17:45:54+00:00","og_image":[{"width":1920,"height":1080,"url":"https:\/\/lamostradevalencia.com\/wp-content\/uploads\/2019\/08\/DRC_Still_06.jpg","type":"image\/jpeg"}],"author":"Mostra de Val\u00e8ncia","twitter_card":"summary_large_image","twitter_misc":{"Escrit per":"Mostra de Val\u00e8ncia","Temps estimat de lectura":"2 minuts"},"schema":{"@context":"https:\/\/schema.org","@graph":[{"@type":"Article","@id":"https:\/\/lamostradevalencia.com\/ca\/sol-pico-ballara-en-la-pantalla-de-mostra-de-valencia\/#article","isPartOf":{"@id":"https:\/\/lamostradevalencia.com\/ca\/sol-pico-ballara-en-la-pantalla-de-mostra-de-valencia\/"},"author":{"name":"Mostra de Val\u00e8ncia","@id":"https:\/\/lamostradevalencia.com\/ca\/#\/schema\/person\/1dc07e4df3d6310b81d2cdf6a034070c"},"headline":"Sol Pic\u00f3 ballar\u00e0 en la pantalla de Mostra de Val\u00e8ncia","datePublished":"2019-07-05T23:20:22+00:00","dateModified":"2019-08-20T17:45:54+00:00","mainEntityOfPage":{"@id":"https:\/\/lamostradevalencia.com\/ca\/sol-pico-ballara-en-la-pantalla-de-mostra-de-valencia\/"},"wordCount":443,"commentCount":0,"image":{"@id":"https:\/\/lamostradevalencia.com\/ca\/sol-pico-ballara-en-la-pantalla-de-mostra-de-valencia\/#primaryimage"},"thumbnailUrl":"https:\/\/lamostradevalencia.com\/wp-content\/uploads\/2019\/08\/DRC_Still_06.jpg","keywords":["Documental","Mostra de Val\u00e8ncia","Sessions especials","Sol Pic\u00f3"],"articleSection":["Noticies"],"inLanguage":"ca","potentialAction":[{"@type":"CommentAction","name":"Comment","target":["https:\/\/lamostradevalencia.com\/ca\/sol-pico-ballara-en-la-pantalla-de-mostra-de-valencia\/#respond"]}]},{"@type":"WebPage","@id":"https:\/\/lamostradevalencia.com\/ca\/sol-pico-ballara-en-la-pantalla-de-mostra-de-valencia\/","url":"https:\/\/lamostradevalencia.com\/ca\/sol-pico-ballara-en-la-pantalla-de-mostra-de-valencia\/","name":"Sol Pic\u00f3 ballar\u00e0 en la pantalla de Mostra de Val\u00e8ncia - Mostra de Val\u00e8ncia","isPartOf":{"@id":"https:\/\/lamostradevalencia.com\/ca\/#website"},"primaryImageOfPage":{"@id":"https:\/\/lamostradevalencia.com\/ca\/sol-pico-ballara-en-la-pantalla-de-mostra-de-valencia\/#primaryimage"},"image":{"@id":"https:\/\/lamostradevalencia.com\/ca\/sol-pico-ballara-en-la-pantalla-de-mostra-de-valencia\/#primaryimage"},"thumbnailUrl":"https:\/\/lamostradevalencia.com\/wp-content\/uploads\/2019\/08\/DRC_Still_06.jpg","datePublished":"2019-07-05T23:20:22+00:00","dateModified":"2019-08-20T17:45:54+00:00","author":{"@id":"https:\/\/lamostradevalencia.com\/ca\/#\/schema\/person\/1dc07e4df3d6310b81d2cdf6a034070c"},"description":"La core\u00f2grafa alcoiana presentar\u00e0 en el festival el documental \"Amb el cor al genoll\"","breadcrumb":{"@id":"https:\/\/lamostradevalencia.com\/ca\/sol-pico-ballara-en-la-pantalla-de-mostra-de-valencia\/#breadcrumb"},"inLanguage":"ca","potentialAction":[{"@type":"ReadAction","target":["https:\/\/lamostradevalencia.com\/ca\/sol-pico-ballara-en-la-pantalla-de-mostra-de-valencia\/"]}]},{"@type":"ImageObject","inLanguage":"ca","@id":"https:\/\/lamostradevalencia.com\/ca\/sol-pico-ballara-en-la-pantalla-de-mostra-de-valencia\/#primaryimage","url":"https:\/\/lamostradevalencia.com\/wp-content\/uploads\/2019\/08\/DRC_Still_06.jpg","contentUrl":"https:\/\/lamostradevalencia.com\/wp-content\/uploads\/2019\/08\/DRC_Still_06.jpg","width":1920,"height":1080},{"@type":"BreadcrumbList","@id":"https:\/\/lamostradevalencia.com\/ca\/sol-pico-ballara-en-la-pantalla-de-mostra-de-valencia\/#breadcrumb","itemListElement":[{"@type":"ListItem","position":1,"name":"Portada","item":"https:\/\/lamostradevalencia.com\/ca\/"},{"@type":"ListItem","position":2,"name":"Sol Pic\u00f3 ballar\u00e0 en la pantalla de Mostra de Val\u00e8ncia"}]},{"@type":"WebSite","@id":"https:\/\/lamostradevalencia.com\/ca\/#website","url":"https:\/\/lamostradevalencia.com\/ca\/","name":"Mostra de Val\u00e8ncia","description":"Cinema del Mediterrani","potentialAction":[{"@type":"SearchAction","target":{"@type":"EntryPoint","urlTemplate":"https:\/\/lamostradevalencia.com\/ca\/?s={search_term_string}"},"query-input":{"@type":"PropertyValueSpecification","valueRequired":true,"valueName":"search_term_string"}}],"inLanguage":"ca"},{"@type":"Person","@id":"https:\/\/lamostradevalencia.com\/ca\/#\/schema\/person\/1dc07e4df3d6310b81d2cdf6a034070c","name":"Mostra de Val\u00e8ncia","image":{"@type":"ImageObject","inLanguage":"ca","@id":"https:\/\/secure.gravatar.com\/avatar\/ada4dfd699a9907706987adb1bb2b361c2613ccca474b49b8c648de5208e32f8?s=96&d=mm&r=g","url":"https:\/\/secure.gravatar.com\/avatar\/ada4dfd699a9907706987adb1bb2b361c2613ccca474b49b8c648de5208e32f8?s=96&d=mm&r=g","contentUrl":"https:\/\/secure.gravatar.com\/avatar\/ada4dfd699a9907706987adb1bb2b361c2613ccca474b49b8c648de5208e32f8?s=96&d=mm&r=g","caption":"Mostra de Val\u00e8ncia"}}]}},"uagb_featured_image_src":{"full":["https:\/\/lamostradevalencia.com\/wp-content\/uploads\/2019\/08\/DRC_Still_06.jpg",1920,1080,false],"thumbnail":["https:\/\/lamostradevalencia.com\/wp-content\/uploads\/2019\/08\/DRC_Still_06-150x150.jpg",150,150,true],"medium":["https:\/\/lamostradevalencia.com\/wp-content\/uploads\/2019\/08\/DRC_Still_06-300x169.jpg",300,169,true],"medium_large":["https:\/\/lamostradevalencia.com\/wp-content\/uploads\/2019\/08\/DRC_Still_06-768x432.jpg",768,432,true],"large":["https:\/\/lamostradevalencia.com\/wp-content\/uploads\/2019\/08\/DRC_Still_06-1024x576.jpg",1024,576,true],"1536x1536":["https:\/\/lamostradevalencia.com\/wp-content\/uploads\/2019\/08\/DRC_Still_06.jpg",1536,864,false],"2048x2048":["https:\/\/lamostradevalencia.com\/wp-content\/uploads\/2019\/08\/DRC_Still_06.jpg",1920,1080,false],"cinerama_edge_image_square":["https:\/\/lamostradevalencia.com\/wp-content\/uploads\/2019\/08\/DRC_Still_06-550x550.jpg",550,550,true],"cinerama_edge_image_landscape":["https:\/\/lamostradevalencia.com\/wp-content\/uploads\/2019\/08\/DRC_Still_06-1100x550.jpg",1100,550,true],"cinerama_edge_image_portrait":["https:\/\/lamostradevalencia.com\/wp-content\/uploads\/2019\/08\/DRC_Still_06-550x1080.jpg",550,1080,true],"cinerama_edge_image_huge":["https:\/\/lamostradevalencia.com\/wp-content\/uploads\/2019\/08\/DRC_Still_06-1100x1080.jpg",1100,1080,true],"gform-image-choice-sm":["https:\/\/lamostradevalencia.com\/wp-content\/uploads\/2019\/08\/DRC_Still_06.jpg",300,169,false],"gform-image-choice-md":["https:\/\/lamostradevalencia.com\/wp-content\/uploads\/2019\/08\/DRC_Still_06.jpg",400,225,false],"gform-image-choice-lg":["https:\/\/lamostradevalencia.com\/wp-content\/uploads\/2019\/08\/DRC_Still_06.jpg",600,338,false]},"uagb_author_info":{"display_name":"Mostra de Val\u00e8ncia","author_link":"https:\/\/lamostradevalencia.com\/ca\/author\/mostravalencia\/"},"uagb_comment_info":0,"uagb_excerpt":"Despr\u00e9s del seu pas pel Dance on Camera Festival en el Lincoln Center de Nova York, el documental &#8220;Amb el cor al genoll&#8221;, que reunix [&hellip;]","_links":{"self":[{"href":"https:\/\/lamostradevalencia.com\/ca\/wp-json\/wp\/v2\/posts\/3080","targetHints":{"allow":["GET"]}}],"collection":[{"href":"https:\/\/lamostradevalencia.com\/ca\/wp-json\/wp\/v2\/posts"}],"about":[{"href":"https:\/\/lamostradevalencia.com\/ca\/wp-json\/wp\/v2\/types\/post"}],"author":[{"embeddable":true,"href":"https:\/\/lamostradevalencia.com\/ca\/wp-json\/wp\/v2\/users\/1"}],"replies":[{"embeddable":true,"href":"https:\/\/lamostradevalencia.com\/ca\/wp-json\/wp\/v2\/comments?post=3080"}],"version-history":[{"count":2,"href":"https:\/\/lamostradevalencia.com\/ca\/wp-json\/wp\/v2\/posts\/3080\/revisions"}],"predecessor-version":[{"id":3082,"href":"https:\/\/lamostradevalencia.com\/ca\/wp-json\/wp\/v2\/posts\/3080\/revisions\/3082"}],"wp:featuredmedia":[{"embeddable":true,"href":"https:\/\/lamostradevalencia.com\/ca\/wp-json\/wp\/v2\/media\/3071"}],"wp:attachment":[{"href":"https:\/\/lamostradevalencia.com\/ca\/wp-json\/wp\/v2\/media?parent=3080"}],"wp:term":[{"taxonomy":"category","embeddable":true,"href":"https:\/\/lamostradevalencia.com\/ca\/wp-json\/wp\/v2\/categories?post=3080"},{"taxonomy":"post_tag","embeddable":true,"href":"https:\/\/lamostradevalencia.com\/ca\/wp-json\/wp\/v2\/tags?post=3080"}],"curies":[{"name":"wp","href":"https:\/\/api.w.org\/{rel}","templated":true}]}}