{"id":30794,"date":"2025-11-01T18:02:10","date_gmt":"2025-11-01T17:02:10","guid":{"rendered":"https:\/\/lamostradevalencia.com\/?p=30794"},"modified":"2025-11-01T18:02:10","modified_gmt":"2025-11-01T17:02:10","slug":"la-mostra-uneix-musica-i-cinema-amb-el-canto-de-las-manos-el-debut-com-a-directora-de-maria-valverde","status":"publish","type":"post","link":"https:\/\/lamostradevalencia.com\/ca\/la-mostra-uneix-musica-i-cinema-amb-el-canto-de-las-manos-el-debut-com-a-directora-de-maria-valverde\/","title":{"rendered":"La Mostra uneix m\u00fasica i cinema amb \u2018El canto de las manos\u2019, el debut com a directora de Mar\u00eda Valverde"},"content":{"rendered":"<p><i><span style=\"font-weight: 400;\">\u00a0<\/span><\/i><b><i>\u201cVa sorgir de la necessitat de narrar una part del treball del meu marit, Gustavo Dudamel\u201d, assegura l\u2019actriu<\/i><\/b><\/p>\n<p><span style=\"font-weight: 400;\">La m\u00fasica t\u00e9 el poder de transformar vides, enderrocar barreres i unir mons aparentment oposats. Este \u00e9s l\u2019esperit que guia \u2018El canto de las manos\u2019, el primer llargmetratge documental dirigit i escrit per Mar\u00eda Valverde, que ha arribat a la Mostra de Val\u00e8ncia\u2013Cinema del Mediterrani acompanyada per la seua directora.<\/span><\/p>\n<p><span style=\"font-weight: 400;\">La pel\u00b7l\u00edcula seguix Jennifer, Gabriel i Jos\u00e9, tres m\u00fasics sords de Vene\u00e7uela que, sota la direcci\u00f3 del mestre Gustavo Dudamel, s\u2019embarquen en un viatge sense precedents: interpretar per primera vegada l\u2019\u00f2pera \u2018Fidelio\u2019 de Beethoven en llengua de signes. \u201cEste documental naix del desig profund de contar la hist\u00f2ria d\u2019una minoria que ha fet de la m\u00fasica un llenguatge propi\u201d, va explicar Mar\u00eda Valverde. \u201cPer a mi ha sigut un pas molt natural com a artista i com a persona: necessitava comprendre la m\u00fasica m\u00e9s enll\u00e0 del so, des del silenci, des de l\u2019emoci\u00f3 pura. \u2018El canto de las manos\u2019 \u00e9s una carta d\u2019amor a la comunitat sorda i una reivindicaci\u00f3 del seu talent, la seua dignitat i la seua capacitat per a transformar el m\u00f3n a trav\u00e9s de l\u2019art\u201d.<\/span><\/p>\n<p><span style=\"font-weight: 400;\">Valverde va assenyalar que la idea del projecte \u201cva sorgir d\u2019una necessitat vital i personal de poder narrar un trosset del treball que fa el meu marit, Gustavo Dudamel, i poder entendre aix\u00ed la hist\u00f2ria dels seus protagonistes, que s\u00f3n persones sordes\u201d. Una hist\u00f2ria que busca \u201cinspirar tant la comunitat sorda com els oients sobre tot all\u00f2 que encara falta per fer en el m\u00f3n de l\u2019art\u201d.<\/span><\/p>\n<p><b>Rodada entre Caracas i Los Angeles<\/b><span style=\"font-weight: 400;\">, la pel\u00b7l\u00edcula mostra com la m\u00fasica es convertix en un llenguatge universal que transcendeix el so, una forma d\u2019expressi\u00f3 capa\u00e7 de retornar esperan\u00e7a, dignitat i sentit de comunitat. \u201cRodar a Vene\u00e7uela va ser una experi\u00e8ncia profundament humana \u2014va afegir la directora\u2014; vam descobrir com, fins i tot en els contextos m\u00e9s dif\u00edcils, la m\u00fasica pot enderrocar murs invisibles. Este projecte em va ensenyar que escoltar no sempre implica oir, i que la comunicaci\u00f3 m\u00e9s profunda naix del cor i del respecte\u201d.<\/span><\/p>\n<p><span style=\"font-weight: 400;\">Sobre el proc\u00e9s creatiu, Valverde va contar que \u201cel proc\u00e9s d\u2019investigaci\u00f3 va ser molt natural i amb l\u2019ajuda del millor equip possible. Eixe entorn i la intu\u00efci\u00f3 van ser el motor que em va impulsar a continuar avant\u201d. I respecte al proc\u00e9s de muntatge, Valverde assegura que \u201cen la meua carrera estic acostumada a comen\u00e7ar la casa per la teulada; ac\u00ed es tractava de gravar un espectacle sense preparaci\u00f3 conscient, nom\u00e9s captar eixos moments de realitat que despr\u00e9s van cobrar sentit en el muntatge\u201d.<\/span><\/p>\n<p><span style=\"font-weight: 400;\">La directora va confessar que treballar tan prop de la comunitat sorda va ser una experi\u00e8ncia transformadora: \u201cAprendre d\u2019estes persones, escoltar les seues hist\u00f2ries, va ser un aprenentatge molt important. La hist\u00f2ria de Jenifer em va commoure profundament perqu\u00e8 gr\u00e0cies a la m\u00fasica ella va trobar un espai dins de la societat i en la seua pr\u00f2pia fam\u00edlia. \u00c9s un exemple a seguir. A trav\u00e9s d\u2019ells vaig entendre el poder que t\u00e9 la m\u00fasica\u201d.<\/span><\/p>\n<p><span style=\"font-weight: 400;\">\u201c<\/span><b>M\u2019ha fascinat dirigir<\/b><span style=\"font-weight: 400;\"> \u2014va concloure Valverde\u2014. Este projecte, en el qual hem treballat durant quatre anys, em va fer sentir c\u00f2modament inc\u00f2moda. No s\u00e9 si ser\u00e0 ficci\u00f3 o documental, per\u00f2 s\u00ed que s\u00e9 que tinc hist\u00f2ries que vull continuar contant\u201d.<\/span><\/p>\n<p><span style=\"font-weight: 400;\">Despr\u00e9s <\/span><b>del seu pas pel Festival de Cinema de M\u00e0lag<\/b><span style=\"font-weight: 400;\">a, on va ser rebuda amb entusiasme, la cinta ha arribat hui a la Mostra de Val\u00e8ncia, abans del seu estrena als cinemes el pr\u00f2xim 12 de desembre.<\/span><\/p>\n","protected":false},"excerpt":{"rendered":"<p>\u00a0\u201cVa sorgir de la necessitat de narrar una part del treball del meu marit, Gustavo Dudamel\u201d, assegura l\u2019actriu La m\u00fasica t\u00e9 el poder de transformar [&hellip;]<\/p>\n","protected":false},"author":1,"featured_media":30800,"comment_status":"open","ping_status":"open","sticky":false,"template":"","format":"standard","meta":{"_uag_custom_page_level_css":"","_jet_sm_ready_style":"","_jet_sm_style":"","_jet_sm_controls_values":"","_jet_sm_fonts_collection":"","_jet_sm_fonts_links":"","footnotes":""},"categories":[455,31],"tags":[],"class_list":["post-30794","post","type-post","status-publish","format-standard","has-post-thumbnail","hentry","category-noticies","category-uncategorized-ca"],"yoast_head":"<!-- This site is optimized with the Yoast SEO plugin v27.5 - https:\/\/yoast.com\/product\/yoast-seo-wordpress\/ -->\n<title>La Mostra uneix m\u00fasica i cinema amb \u2018El canto de las manos\u2019, el debut com a directora de Mar\u00eda Valverde - Mostra de Val\u00e8ncia<\/title>\n<meta name=\"robots\" content=\"index, follow, max-snippet:-1, max-image-preview:large, max-video-preview:-1\" \/>\n<link rel=\"canonical\" href=\"https:\/\/lamostradevalencia.com\/ca\/la-mostra-uneix-musica-i-cinema-amb-el-canto-de-las-manos-el-debut-com-a-directora-de-maria-valverde\/\" \/>\n<meta property=\"og:locale\" content=\"ca_ES\" \/>\n<meta property=\"og:type\" content=\"article\" \/>\n<meta property=\"og:title\" content=\"La Mostra uneix m\u00fasica i cinema amb \u2018El canto de las manos\u2019, el debut com a directora de Mar\u00eda Valverde - Mostra de Val\u00e8ncia\" \/>\n<meta property=\"og:description\" content=\"\u00a0\u201cVa sorgir de la necessitat de narrar una part del treball del meu marit, Gustavo Dudamel\u201d, assegura l\u2019actriu La m\u00fasica t\u00e9 el poder de transformar [&hellip;]\" \/>\n<meta property=\"og:url\" content=\"https:\/\/lamostradevalencia.com\/ca\/la-mostra-uneix-musica-i-cinema-amb-el-canto-de-las-manos-el-debut-com-a-directora-de-maria-valverde\/\" \/>\n<meta property=\"og:site_name\" content=\"Mostra de Val\u00e8ncia\" \/>\n<meta property=\"article:published_time\" content=\"2025-11-01T17:02:10+00:00\" \/>\n<meta property=\"og:image\" content=\"https:\/\/lamostradevalencia.com\/wp-content\/uploads\/2025\/11\/PHOTO-2025-11-01-17-59-08.jpg\" \/>\n\t<meta property=\"og:image:width\" content=\"1600\" \/>\n\t<meta property=\"og:image:height\" content=\"1067\" \/>\n\t<meta property=\"og:image:type\" content=\"image\/jpeg\" \/>\n<meta name=\"author\" content=\"Mostra de Val\u00e8ncia\" \/>\n<meta name=\"twitter:card\" content=\"summary_large_image\" \/>\n<meta name=\"twitter:label1\" content=\"Escrit per\" \/>\n\t<meta name=\"twitter:data1\" content=\"Mostra de Val\u00e8ncia\" \/>\n\t<meta name=\"twitter:label2\" content=\"Temps estimat de lectura\" \/>\n\t<meta name=\"twitter:data2\" content=\"3 minuts\" \/>\n<script type=\"application\/ld+json\" class=\"yoast-schema-graph\">{\"@context\":\"https:\\\/\\\/schema.org\",\"@graph\":[{\"@type\":\"Article\",\"@id\":\"https:\\\/\\\/lamostradevalencia.com\\\/ca\\\/la-mostra-uneix-musica-i-cinema-amb-el-canto-de-las-manos-el-debut-com-a-directora-de-maria-valverde\\\/#article\",\"isPartOf\":{\"@id\":\"https:\\\/\\\/lamostradevalencia.com\\\/ca\\\/la-mostra-uneix-musica-i-cinema-amb-el-canto-de-las-manos-el-debut-com-a-directora-de-maria-valverde\\\/\"},\"author\":{\"name\":\"Mostra de Val\u00e8ncia\",\"@id\":\"https:\\\/\\\/lamostradevalencia.com\\\/ca\\\/#\\\/schema\\\/person\\\/1dc07e4df3d6310b81d2cdf6a034070c\"},\"headline\":\"La Mostra uneix m\u00fasica i cinema amb \u2018El canto de las manos\u2019, el debut com a directora de Mar\u00eda Valverde\",\"datePublished\":\"2025-11-01T17:02:10+00:00\",\"mainEntityOfPage\":{\"@id\":\"https:\\\/\\\/lamostradevalencia.com\\\/ca\\\/la-mostra-uneix-musica-i-cinema-amb-el-canto-de-las-manos-el-debut-com-a-directora-de-maria-valverde\\\/\"},\"wordCount\":676,\"commentCount\":0,\"image\":{\"@id\":\"https:\\\/\\\/lamostradevalencia.com\\\/ca\\\/la-mostra-uneix-musica-i-cinema-amb-el-canto-de-las-manos-el-debut-com-a-directora-de-maria-valverde\\\/#primaryimage\"},\"thumbnailUrl\":\"https:\\\/\\\/lamostradevalencia.com\\\/wp-content\\\/uploads\\\/2025\\\/11\\\/PHOTO-2025-11-01-17-59-08.jpg\",\"articleSection\":[\"Noticies\",\"Uncategorized @ca\"],\"inLanguage\":\"ca\",\"potentialAction\":[{\"@type\":\"CommentAction\",\"name\":\"Comment\",\"target\":[\"https:\\\/\\\/lamostradevalencia.com\\\/ca\\\/la-mostra-uneix-musica-i-cinema-amb-el-canto-de-las-manos-el-debut-com-a-directora-de-maria-valverde\\\/#respond\"]}]},{\"@type\":\"WebPage\",\"@id\":\"https:\\\/\\\/lamostradevalencia.com\\\/ca\\\/la-mostra-uneix-musica-i-cinema-amb-el-canto-de-las-manos-el-debut-com-a-directora-de-maria-valverde\\\/\",\"url\":\"https:\\\/\\\/lamostradevalencia.com\\\/ca\\\/la-mostra-uneix-musica-i-cinema-amb-el-canto-de-las-manos-el-debut-com-a-directora-de-maria-valverde\\\/\",\"name\":\"La Mostra uneix m\u00fasica i cinema amb \u2018El canto de las manos\u2019, el debut com a directora de Mar\u00eda Valverde - Mostra de Val\u00e8ncia\",\"isPartOf\":{\"@id\":\"https:\\\/\\\/lamostradevalencia.com\\\/ca\\\/#website\"},\"primaryImageOfPage\":{\"@id\":\"https:\\\/\\\/lamostradevalencia.com\\\/ca\\\/la-mostra-uneix-musica-i-cinema-amb-el-canto-de-las-manos-el-debut-com-a-directora-de-maria-valverde\\\/#primaryimage\"},\"image\":{\"@id\":\"https:\\\/\\\/lamostradevalencia.com\\\/ca\\\/la-mostra-uneix-musica-i-cinema-amb-el-canto-de-las-manos-el-debut-com-a-directora-de-maria-valverde\\\/#primaryimage\"},\"thumbnailUrl\":\"https:\\\/\\\/lamostradevalencia.com\\\/wp-content\\\/uploads\\\/2025\\\/11\\\/PHOTO-2025-11-01-17-59-08.jpg\",\"datePublished\":\"2025-11-01T17:02:10+00:00\",\"author\":{\"@id\":\"https:\\\/\\\/lamostradevalencia.com\\\/ca\\\/#\\\/schema\\\/person\\\/1dc07e4df3d6310b81d2cdf6a034070c\"},\"breadcrumb\":{\"@id\":\"https:\\\/\\\/lamostradevalencia.com\\\/ca\\\/la-mostra-uneix-musica-i-cinema-amb-el-canto-de-las-manos-el-debut-com-a-directora-de-maria-valverde\\\/#breadcrumb\"},\"inLanguage\":\"ca\",\"potentialAction\":[{\"@type\":\"ReadAction\",\"target\":[\"https:\\\/\\\/lamostradevalencia.com\\\/ca\\\/la-mostra-uneix-musica-i-cinema-amb-el-canto-de-las-manos-el-debut-com-a-directora-de-maria-valverde\\\/\"]}]},{\"@type\":\"ImageObject\",\"inLanguage\":\"ca\",\"@id\":\"https:\\\/\\\/lamostradevalencia.com\\\/ca\\\/la-mostra-uneix-musica-i-cinema-amb-el-canto-de-las-manos-el-debut-com-a-directora-de-maria-valverde\\\/#primaryimage\",\"url\":\"https:\\\/\\\/lamostradevalencia.com\\\/wp-content\\\/uploads\\\/2025\\\/11\\\/PHOTO-2025-11-01-17-59-08.jpg\",\"contentUrl\":\"https:\\\/\\\/lamostradevalencia.com\\\/wp-content\\\/uploads\\\/2025\\\/11\\\/PHOTO-2025-11-01-17-59-08.jpg\",\"width\":1600,\"height\":1067},{\"@type\":\"BreadcrumbList\",\"@id\":\"https:\\\/\\\/lamostradevalencia.com\\\/ca\\\/la-mostra-uneix-musica-i-cinema-amb-el-canto-de-las-manos-el-debut-com-a-directora-de-maria-valverde\\\/#breadcrumb\",\"itemListElement\":[{\"@type\":\"ListItem\",\"position\":1,\"name\":\"Portada\",\"item\":\"https:\\\/\\\/lamostradevalencia.com\\\/ca\\\/\"},{\"@type\":\"ListItem\",\"position\":2,\"name\":\"La Mostra uneix m\u00fasica i cinema amb \u2018El canto de las manos\u2019, el debut com a directora de Mar\u00eda Valverde\"}]},{\"@type\":\"WebSite\",\"@id\":\"https:\\\/\\\/lamostradevalencia.com\\\/ca\\\/#website\",\"url\":\"https:\\\/\\\/lamostradevalencia.com\\\/ca\\\/\",\"name\":\"Mostra de Val\u00e8ncia\",\"description\":\"Cinema del Mediterrani\",\"potentialAction\":[{\"@type\":\"SearchAction\",\"target\":{\"@type\":\"EntryPoint\",\"urlTemplate\":\"https:\\\/\\\/lamostradevalencia.com\\\/ca\\\/?s={search_term_string}\"},\"query-input\":{\"@type\":\"PropertyValueSpecification\",\"valueRequired\":true,\"valueName\":\"search_term_string\"}}],\"inLanguage\":\"ca\"},{\"@type\":\"Person\",\"@id\":\"https:\\\/\\\/lamostradevalencia.com\\\/ca\\\/#\\\/schema\\\/person\\\/1dc07e4df3d6310b81d2cdf6a034070c\",\"name\":\"Mostra de Val\u00e8ncia\",\"image\":{\"@type\":\"ImageObject\",\"inLanguage\":\"ca\",\"@id\":\"https:\\\/\\\/secure.gravatar.com\\\/avatar\\\/ada4dfd699a9907706987adb1bb2b361c2613ccca474b49b8c648de5208e32f8?s=96&d=mm&r=g\",\"url\":\"https:\\\/\\\/secure.gravatar.com\\\/avatar\\\/ada4dfd699a9907706987adb1bb2b361c2613ccca474b49b8c648de5208e32f8?s=96&d=mm&r=g\",\"contentUrl\":\"https:\\\/\\\/secure.gravatar.com\\\/avatar\\\/ada4dfd699a9907706987adb1bb2b361c2613ccca474b49b8c648de5208e32f8?s=96&d=mm&r=g\",\"caption\":\"Mostra de Val\u00e8ncia\"}}]}<\/script>\n<!-- \/ Yoast SEO plugin. -->","yoast_head_json":{"title":"La Mostra uneix m\u00fasica i cinema amb \u2018El canto de las manos\u2019, el debut com a directora de Mar\u00eda Valverde - Mostra de Val\u00e8ncia","robots":{"index":"index","follow":"follow","max-snippet":"max-snippet:-1","max-image-preview":"max-image-preview:large","max-video-preview":"max-video-preview:-1"},"canonical":"https:\/\/lamostradevalencia.com\/ca\/la-mostra-uneix-musica-i-cinema-amb-el-canto-de-las-manos-el-debut-com-a-directora-de-maria-valverde\/","og_locale":"ca_ES","og_type":"article","og_title":"La Mostra uneix m\u00fasica i cinema amb \u2018El canto de las manos\u2019, el debut com a directora de Mar\u00eda Valverde - Mostra de Val\u00e8ncia","og_description":"\u00a0\u201cVa sorgir de la necessitat de narrar una part del treball del meu marit, Gustavo Dudamel\u201d, assegura l\u2019actriu La m\u00fasica t\u00e9 el poder de transformar [&hellip;]","og_url":"https:\/\/lamostradevalencia.com\/ca\/la-mostra-uneix-musica-i-cinema-amb-el-canto-de-las-manos-el-debut-com-a-directora-de-maria-valverde\/","og_site_name":"Mostra de Val\u00e8ncia","article_published_time":"2025-11-01T17:02:10+00:00","og_image":[{"width":1600,"height":1067,"url":"https:\/\/lamostradevalencia.com\/wp-content\/uploads\/2025\/11\/PHOTO-2025-11-01-17-59-08.jpg","type":"image\/jpeg"}],"author":"Mostra de Val\u00e8ncia","twitter_card":"summary_large_image","twitter_misc":{"Escrit per":"Mostra de Val\u00e8ncia","Temps estimat de lectura":"3 minuts"},"schema":{"@context":"https:\/\/schema.org","@graph":[{"@type":"Article","@id":"https:\/\/lamostradevalencia.com\/ca\/la-mostra-uneix-musica-i-cinema-amb-el-canto-de-las-manos-el-debut-com-a-directora-de-maria-valverde\/#article","isPartOf":{"@id":"https:\/\/lamostradevalencia.com\/ca\/la-mostra-uneix-musica-i-cinema-amb-el-canto-de-las-manos-el-debut-com-a-directora-de-maria-valverde\/"},"author":{"name":"Mostra de Val\u00e8ncia","@id":"https:\/\/lamostradevalencia.com\/ca\/#\/schema\/person\/1dc07e4df3d6310b81d2cdf6a034070c"},"headline":"La Mostra uneix m\u00fasica i cinema amb \u2018El canto de las manos\u2019, el debut com a directora de Mar\u00eda Valverde","datePublished":"2025-11-01T17:02:10+00:00","mainEntityOfPage":{"@id":"https:\/\/lamostradevalencia.com\/ca\/la-mostra-uneix-musica-i-cinema-amb-el-canto-de-las-manos-el-debut-com-a-directora-de-maria-valverde\/"},"wordCount":676,"commentCount":0,"image":{"@id":"https:\/\/lamostradevalencia.com\/ca\/la-mostra-uneix-musica-i-cinema-amb-el-canto-de-las-manos-el-debut-com-a-directora-de-maria-valverde\/#primaryimage"},"thumbnailUrl":"https:\/\/lamostradevalencia.com\/wp-content\/uploads\/2025\/11\/PHOTO-2025-11-01-17-59-08.jpg","articleSection":["Noticies","Uncategorized @ca"],"inLanguage":"ca","potentialAction":[{"@type":"CommentAction","name":"Comment","target":["https:\/\/lamostradevalencia.com\/ca\/la-mostra-uneix-musica-i-cinema-amb-el-canto-de-las-manos-el-debut-com-a-directora-de-maria-valverde\/#respond"]}]},{"@type":"WebPage","@id":"https:\/\/lamostradevalencia.com\/ca\/la-mostra-uneix-musica-i-cinema-amb-el-canto-de-las-manos-el-debut-com-a-directora-de-maria-valverde\/","url":"https:\/\/lamostradevalencia.com\/ca\/la-mostra-uneix-musica-i-cinema-amb-el-canto-de-las-manos-el-debut-com-a-directora-de-maria-valverde\/","name":"La Mostra uneix m\u00fasica i cinema amb \u2018El canto de las manos\u2019, el debut com a directora de Mar\u00eda Valverde - Mostra de Val\u00e8ncia","isPartOf":{"@id":"https:\/\/lamostradevalencia.com\/ca\/#website"},"primaryImageOfPage":{"@id":"https:\/\/lamostradevalencia.com\/ca\/la-mostra-uneix-musica-i-cinema-amb-el-canto-de-las-manos-el-debut-com-a-directora-de-maria-valverde\/#primaryimage"},"image":{"@id":"https:\/\/lamostradevalencia.com\/ca\/la-mostra-uneix-musica-i-cinema-amb-el-canto-de-las-manos-el-debut-com-a-directora-de-maria-valverde\/#primaryimage"},"thumbnailUrl":"https:\/\/lamostradevalencia.com\/wp-content\/uploads\/2025\/11\/PHOTO-2025-11-01-17-59-08.jpg","datePublished":"2025-11-01T17:02:10+00:00","author":{"@id":"https:\/\/lamostradevalencia.com\/ca\/#\/schema\/person\/1dc07e4df3d6310b81d2cdf6a034070c"},"breadcrumb":{"@id":"https:\/\/lamostradevalencia.com\/ca\/la-mostra-uneix-musica-i-cinema-amb-el-canto-de-las-manos-el-debut-com-a-directora-de-maria-valverde\/#breadcrumb"},"inLanguage":"ca","potentialAction":[{"@type":"ReadAction","target":["https:\/\/lamostradevalencia.com\/ca\/la-mostra-uneix-musica-i-cinema-amb-el-canto-de-las-manos-el-debut-com-a-directora-de-maria-valverde\/"]}]},{"@type":"ImageObject","inLanguage":"ca","@id":"https:\/\/lamostradevalencia.com\/ca\/la-mostra-uneix-musica-i-cinema-amb-el-canto-de-las-manos-el-debut-com-a-directora-de-maria-valverde\/#primaryimage","url":"https:\/\/lamostradevalencia.com\/wp-content\/uploads\/2025\/11\/PHOTO-2025-11-01-17-59-08.jpg","contentUrl":"https:\/\/lamostradevalencia.com\/wp-content\/uploads\/2025\/11\/PHOTO-2025-11-01-17-59-08.jpg","width":1600,"height":1067},{"@type":"BreadcrumbList","@id":"https:\/\/lamostradevalencia.com\/ca\/la-mostra-uneix-musica-i-cinema-amb-el-canto-de-las-manos-el-debut-com-a-directora-de-maria-valverde\/#breadcrumb","itemListElement":[{"@type":"ListItem","position":1,"name":"Portada","item":"https:\/\/lamostradevalencia.com\/ca\/"},{"@type":"ListItem","position":2,"name":"La Mostra uneix m\u00fasica i cinema amb \u2018El canto de las manos\u2019, el debut com a directora de Mar\u00eda Valverde"}]},{"@type":"WebSite","@id":"https:\/\/lamostradevalencia.com\/ca\/#website","url":"https:\/\/lamostradevalencia.com\/ca\/","name":"Mostra de Val\u00e8ncia","description":"Cinema del Mediterrani","potentialAction":[{"@type":"SearchAction","target":{"@type":"EntryPoint","urlTemplate":"https:\/\/lamostradevalencia.com\/ca\/?s={search_term_string}"},"query-input":{"@type":"PropertyValueSpecification","valueRequired":true,"valueName":"search_term_string"}}],"inLanguage":"ca"},{"@type":"Person","@id":"https:\/\/lamostradevalencia.com\/ca\/#\/schema\/person\/1dc07e4df3d6310b81d2cdf6a034070c","name":"Mostra de Val\u00e8ncia","image":{"@type":"ImageObject","inLanguage":"ca","@id":"https:\/\/secure.gravatar.com\/avatar\/ada4dfd699a9907706987adb1bb2b361c2613ccca474b49b8c648de5208e32f8?s=96&d=mm&r=g","url":"https:\/\/secure.gravatar.com\/avatar\/ada4dfd699a9907706987adb1bb2b361c2613ccca474b49b8c648de5208e32f8?s=96&d=mm&r=g","contentUrl":"https:\/\/secure.gravatar.com\/avatar\/ada4dfd699a9907706987adb1bb2b361c2613ccca474b49b8c648de5208e32f8?s=96&d=mm&r=g","caption":"Mostra de Val\u00e8ncia"}}]}},"uagb_featured_image_src":{"full":["https:\/\/lamostradevalencia.com\/wp-content\/uploads\/2025\/11\/PHOTO-2025-11-01-17-59-08.jpg",1600,1067,false],"thumbnail":["https:\/\/lamostradevalencia.com\/wp-content\/uploads\/2025\/11\/PHOTO-2025-11-01-17-59-08-150x150.jpg",150,150,true],"medium":["https:\/\/lamostradevalencia.com\/wp-content\/uploads\/2025\/11\/PHOTO-2025-11-01-17-59-08-300x200.jpg",300,200,true],"medium_large":["https:\/\/lamostradevalencia.com\/wp-content\/uploads\/2025\/11\/PHOTO-2025-11-01-17-59-08-768x512.jpg",768,512,true],"large":["https:\/\/lamostradevalencia.com\/wp-content\/uploads\/2025\/11\/PHOTO-2025-11-01-17-59-08-1024x683.jpg",1024,683,true],"1536x1536":["https:\/\/lamostradevalencia.com\/wp-content\/uploads\/2025\/11\/PHOTO-2025-11-01-17-59-08-1536x1024.jpg",1536,1024,true],"2048x2048":["https:\/\/lamostradevalencia.com\/wp-content\/uploads\/2025\/11\/PHOTO-2025-11-01-17-59-08.jpg",1600,1067,false],"cinerama_edge_image_square":["https:\/\/lamostradevalencia.com\/wp-content\/uploads\/2025\/11\/PHOTO-2025-11-01-17-59-08-550x550.jpg",550,550,true],"cinerama_edge_image_landscape":["https:\/\/lamostradevalencia.com\/wp-content\/uploads\/2025\/11\/PHOTO-2025-11-01-17-59-08-1100x550.jpg",1100,550,true],"cinerama_edge_image_portrait":["https:\/\/lamostradevalencia.com\/wp-content\/uploads\/2025\/11\/PHOTO-2025-11-01-17-59-08-550x1067.jpg",550,1067,true],"cinerama_edge_image_huge":["https:\/\/lamostradevalencia.com\/wp-content\/uploads\/2025\/11\/PHOTO-2025-11-01-17-59-08-1100x1067.jpg",1100,1067,true],"gform-image-choice-sm":["https:\/\/lamostradevalencia.com\/wp-content\/uploads\/2025\/11\/PHOTO-2025-11-01-17-59-08.jpg",300,200,false],"gform-image-choice-md":["https:\/\/lamostradevalencia.com\/wp-content\/uploads\/2025\/11\/PHOTO-2025-11-01-17-59-08.jpg",400,267,false],"gform-image-choice-lg":["https:\/\/lamostradevalencia.com\/wp-content\/uploads\/2025\/11\/PHOTO-2025-11-01-17-59-08.jpg",600,400,false]},"uagb_author_info":{"display_name":"Mostra de Val\u00e8ncia","author_link":"https:\/\/lamostradevalencia.com\/ca\/author\/mostravalencia\/"},"uagb_comment_info":0,"uagb_excerpt":"\u00a0\u201cVa sorgir de la necessitat de narrar una part del treball del meu marit, Gustavo Dudamel\u201d, assegura l\u2019actriu La m\u00fasica t\u00e9 el poder de transformar [&hellip;]","_links":{"self":[{"href":"https:\/\/lamostradevalencia.com\/ca\/wp-json\/wp\/v2\/posts\/30794","targetHints":{"allow":["GET"]}}],"collection":[{"href":"https:\/\/lamostradevalencia.com\/ca\/wp-json\/wp\/v2\/posts"}],"about":[{"href":"https:\/\/lamostradevalencia.com\/ca\/wp-json\/wp\/v2\/types\/post"}],"author":[{"embeddable":true,"href":"https:\/\/lamostradevalencia.com\/ca\/wp-json\/wp\/v2\/users\/1"}],"replies":[{"embeddable":true,"href":"https:\/\/lamostradevalencia.com\/ca\/wp-json\/wp\/v2\/comments?post=30794"}],"version-history":[{"count":2,"href":"https:\/\/lamostradevalencia.com\/ca\/wp-json\/wp\/v2\/posts\/30794\/revisions"}],"predecessor-version":[{"id":30806,"href":"https:\/\/lamostradevalencia.com\/ca\/wp-json\/wp\/v2\/posts\/30794\/revisions\/30806"}],"wp:featuredmedia":[{"embeddable":true,"href":"https:\/\/lamostradevalencia.com\/ca\/wp-json\/wp\/v2\/media\/30800"}],"wp:attachment":[{"href":"https:\/\/lamostradevalencia.com\/ca\/wp-json\/wp\/v2\/media?parent=30794"}],"wp:term":[{"taxonomy":"category","embeddable":true,"href":"https:\/\/lamostradevalencia.com\/ca\/wp-json\/wp\/v2\/categories?post=30794"},{"taxonomy":"post_tag","embeddable":true,"href":"https:\/\/lamostradevalencia.com\/ca\/wp-json\/wp\/v2\/tags?post=30794"}],"curies":[{"name":"wp","href":"https:\/\/api.w.org\/{rel}","templated":true}]}}