{"id":30787,"date":"2025-11-01T14:42:46","date_gmt":"2025-11-01T13:42:46","guid":{"rendered":"https:\/\/lamostradevalencia.com\/?p=30787"},"modified":"2025-11-01T14:45:34","modified_gmt":"2025-11-01T13:45:34","slug":"alejandro-amenabar-el-public-em-va-protegir-de-harvey-weinstein","status":"publish","type":"post","link":"https:\/\/lamostradevalencia.com\/ca\/alejandro-amenabar-el-public-em-va-protegir-de-harvey-weinstein\/","title":{"rendered":"Alejandro Amen\u00e1bar: \u201cEl p\u00fablic em va protegir de Harvey Weinstein\u201d"},"content":{"rendered":"<h5><i><span style=\"font-weight: 400;\">El cineasta ha impartit una masterclass al Palau de la M\u00fasica com a part del cicle Paraula de Guionista de l\u2019EDAV durant la Mostra de Val\u00e8ncia<\/span><\/i><\/h5>\n<p><span style=\"font-weight: 400;\">El cineasta <\/span><b>Alejandro Amen\u00e1bar<\/b><span style=\"font-weight: 400;\"> ha oferit este mat\u00ed una classe magistral al <\/span><b>Palau de la M\u00fasica<\/b><span style=\"font-weight: 400;\"> dins del cicle <\/span><i><span style=\"font-weight: 400;\">Paraula de guionista<\/span><\/i><span style=\"font-weight: 400;\">, organitzat per <\/span><b>Escriptors de l\u2019Audiovisual Valenci\u00e0 (EDAV)<\/b><span style=\"font-weight: 400;\">, que ha servit com a tancament del <\/span><b>Congr\u00e9s Internacional de M\u00fasica de Cine<\/b><span style=\"font-weight: 400;\"> al Palau que desenvolupa estos dies la <\/span><b>40a Mostra de Val\u00e8ncia \u2013 Cinema del Mediterrani<\/b><span style=\"font-weight: 400;\">.<\/span><\/p>\n<p><span style=\"font-weight: 400;\">En al\u00b7lusi\u00f3 al congr\u00e9s que tancava, va recordar que \u201cvaig comen\u00e7ar en el cinema per la m\u00fasica, col\u00b7leccionava bandes sonores i quan escric ho faig amb m\u00fasica; per\u00f2 el m\u00e9s important per a mi \u00e9s el gui\u00f3. Tot i aix\u00f2, no confie nom\u00e9s en all\u00f2 expressat amb paraules. \u00c9s de perogrull, per\u00f2 intente donar prioritat a tot el que es pot expressar amb imatges i no verbalitzar\u201d.<\/span><\/p>\n<p><span style=\"font-weight: 400;\">El director de t\u00edtols emblem\u00e0tics com \u2018Tesis\u2019, \u2018Los otros\u2019, \u2018Mar adentro\u2019 o \u2018Mientras dure la guerra\u2019 \u2014dels quals tamb\u00e9 va compondre la m\u00fasica\u2014 va reflexionar sobre el seu proc\u00e9s d\u2019escriptura i assegura que, encara que \u00e9s un escriptor molt visual, \u201cdone molta import\u00e0ncia als di\u00e0legs. De fet, imite cruelment els meus amics quan venen a casa. Per exemple, quan escrivia \u2018Mientras dure la guerra<\/span><i><span style=\"font-weight: 400;\">\u2019<\/span><\/i><span style=\"font-weight: 400;\"> pensava que em resultaria dif\u00edcil pensar com Franco, per\u00f2 despr\u00e9s em vaig sentir posse\u00eft per ell i vaig arribar a parlar com el General\u00edsimo. \u00c9s molt m\u00e9s dif\u00edcil fer l\u2019estructura\u201d. El guionista va lloar el treball de gui\u00f3 d\u2019<\/span><b>Isabel Pe\u00f1a<\/b><span style=\"font-weight: 400;\"> i <\/span><b>Rodrigo Sorogoyen<\/b><span style=\"font-weight: 400;\"> en pel\u00b7l\u00edcules com \u2018El reino\u2019.<\/span><\/p>\n<p><span style=\"font-weight: 400;\">Va desgranar la seua passi\u00f3 per intentar entendre totes les postures d\u2019un tema en els seus guions: \u201cHo faig quan escric i tamb\u00e9 en la meua vida\u201d, va aclarir. \u201cEls grisos s\u00f3n el que ens fa humans. En el cas de Bosco en <\/span><i><span style=\"font-weight: 400;\">Tesis<\/span><\/i><span style=\"font-weight: 400;\"> \u00e9s un personatge la psicologia del qual no volia analitzar en cap moment, per aix\u00f2 preferia que ell descriguera el que anava a fer perqu\u00e8 no podia connectar amb alg\u00fa aix\u00ed. \u00c0ngela, en canvi, s\u00ed que tenia molt de mi mateix. T\u00e9 una mirada t\u00e8rbola sobre la imatge violenta, per\u00f2 hi havia l\u00ednies roges que jo no volia creuar: no podia deixar que matara ning\u00fa, com em va proposar <\/span><b>Ana Torrent<\/b><span style=\"font-weight: 400;\"> alguna vegada. A <\/span><b>Unamuno<\/b><span style=\"font-weight: 400;\"> se l\u2019invitava a decantar-se per la situaci\u00f3 que vivia este pa\u00eds, com a mi ara amb com est\u00e0 el m\u00f3n\u2026\u201d.<\/span><\/p>\n<p><span style=\"font-weight: 400;\">Va recon\u00e9ixer tamb\u00e9 que \u201cla llibertat suposa renunciar als diners\u201d i va subratllar que ell va haver de renunciar a 30 milions d\u2019euros per poder rodar \u2018\u00c1gora\u2019. Va recordar que en les primeres pel\u00b7l\u00edcules, el seu productor, <\/span><b>Jos\u00e9 Luis Cuerda<\/b><span style=\"font-weight: 400;\">, li va donar llibertat total. Tamb\u00e9 va lloar <\/span><b>Fernando Bovaira<\/b><span style=\"font-weight: 400;\">, per no deixar-lo tirar la tovallola en molts moments, com en \u2018Mientras dure la guerra\u2019, que va estar a punt de quedar-se en el calaix fins que va arribar <\/span><b>Movistar+<\/b><span style=\"font-weight: 400;\">. Cas a part mereix \u2018Los otros\u2019, on el gui\u00f3 va tindre moltes anotacions per part de <\/span><b>Nicole Kidman<\/b><span style=\"font-weight: 400;\">: \u201cAlgunes les vaig acceptar i van fer la pel\u00b7l\u00edcula millor, i altres no\u201d, va confessar. Respecte al muntatge, assegura que va tindre molta sort amb el productor <\/span><b>Harvey Weinstein<\/b><span style=\"font-weight: 400;\">, conegut com a \u201cHarvey Manostijeras\u201d pels seus talls b\u00e8sties: \u201cA mi em va protegir el p\u00fablic d\u2019ell, perqu\u00e8 en els <\/span><i><span style=\"font-weight: 400;\">test screening<\/span><\/i><span style=\"font-weight: 400;\"> que es van fer amb p\u00fablic abans d\u2019acabar el rodatge, la pel\u00b7l\u00edcula funcionava\u201d.<\/span><\/p>\n<p><span style=\"font-weight: 400;\">No va tindre cap reparo a compartir confid\u00e8ncies assumint que \u2018El cautivo\u2019 \u00e9s la seua pel\u00b7l\u00edcula m\u00e9s autobiogr\u00e0fica, ja que, com <\/span><b>Cervantes<\/b><span style=\"font-weight: 400;\"> en la seua pel\u00b7l\u00edcula, ell contava de menut relats \u2014les pel\u00b7l\u00edcules que veia\u2014 als seus amics. La seua \u201cespineta\u201d \u00e9s \u2018Regresi\u00f3n\u2019: \u201cels meus amics em diuen que no fa\u00e7a una pel\u00b7l\u00edcula tan ro\u00efna com eixa\u201d; i li molesta que <\/span><b>Hollywood<\/b><span style=\"font-weight: 400;\"> no haja volgut fer una pel\u00b7l\u00edcula sobre l\u2019assalt al Capitoli despr\u00e9s de la derrota electoral de <\/span><b>Trump<\/b><span style=\"font-weight: 400;\">.<\/span><\/p>\n","protected":false},"excerpt":{"rendered":"<p>El cineasta ha impartit una masterclass al Palau de la M\u00fasica com a part del cicle Paraula de Guionista de l\u2019EDAV durant la Mostra de [&hellip;]<\/p>\n","protected":false},"author":3,"featured_media":30781,"comment_status":"open","ping_status":"open","sticky":false,"template":"","format":"standard","meta":{"_uag_custom_page_level_css":"","_jet_sm_ready_style":"","_jet_sm_style":"","_jet_sm_controls_values":"","_jet_sm_fonts_collection":"","_jet_sm_fonts_links":"","footnotes":""},"categories":[455,31],"tags":[],"class_list":["post-30787","post","type-post","status-publish","format-standard","has-post-thumbnail","hentry","category-noticies","category-uncategorized-ca"],"yoast_head":"<!-- This site is optimized with the Yoast SEO plugin v27.5 - https:\/\/yoast.com\/product\/yoast-seo-wordpress\/ -->\n<title>Alejandro Amen\u00e1bar: \u201cEl p\u00fablic em va protegir de Harvey Weinstein\u201d - Mostra de Val\u00e8ncia<\/title>\n<meta name=\"robots\" content=\"index, follow, max-snippet:-1, max-image-preview:large, max-video-preview:-1\" \/>\n<link rel=\"canonical\" href=\"https:\/\/lamostradevalencia.com\/ca\/alejandro-amenabar-el-public-em-va-protegir-de-harvey-weinstein\/\" \/>\n<meta property=\"og:locale\" content=\"ca_ES\" \/>\n<meta property=\"og:type\" content=\"article\" \/>\n<meta property=\"og:title\" content=\"Alejandro Amen\u00e1bar: \u201cEl p\u00fablic em va protegir de Harvey Weinstein\u201d - Mostra de Val\u00e8ncia\" \/>\n<meta property=\"og:description\" content=\"El cineasta ha impartit una masterclass al Palau de la M\u00fasica com a part del cicle Paraula de Guionista de l\u2019EDAV durant la Mostra de [&hellip;]\" \/>\n<meta property=\"og:url\" content=\"https:\/\/lamostradevalencia.com\/ca\/alejandro-amenabar-el-public-em-va-protegir-de-harvey-weinstein\/\" \/>\n<meta property=\"og:site_name\" content=\"Mostra de Val\u00e8ncia\" \/>\n<meta property=\"article:published_time\" content=\"2025-11-01T13:42:46+00:00\" \/>\n<meta property=\"article:modified_time\" content=\"2025-11-01T13:45:34+00:00\" \/>\n<meta property=\"og:image\" content=\"https:\/\/lamostradevalencia.com\/wp-content\/uploads\/2025\/11\/PHOTO-2025-11-01-14-39-00.jpg\" \/>\n\t<meta property=\"og:image:width\" content=\"1600\" \/>\n\t<meta property=\"og:image:height\" content=\"1067\" \/>\n\t<meta property=\"og:image:type\" content=\"image\/jpeg\" \/>\n<meta name=\"author\" content=\"contenidos\" \/>\n<meta name=\"twitter:card\" content=\"summary_large_image\" \/>\n<meta name=\"twitter:label1\" content=\"Escrit per\" \/>\n\t<meta name=\"twitter:data1\" content=\"contenidos\" \/>\n\t<meta name=\"twitter:label2\" content=\"Temps estimat de lectura\" \/>\n\t<meta name=\"twitter:data2\" content=\"4 minuts\" \/>\n<script type=\"application\/ld+json\" class=\"yoast-schema-graph\">{\"@context\":\"https:\\\/\\\/schema.org\",\"@graph\":[{\"@type\":\"Article\",\"@id\":\"https:\\\/\\\/lamostradevalencia.com\\\/ca\\\/alejandro-amenabar-el-public-em-va-protegir-de-harvey-weinstein\\\/#article\",\"isPartOf\":{\"@id\":\"https:\\\/\\\/lamostradevalencia.com\\\/ca\\\/alejandro-amenabar-el-public-em-va-protegir-de-harvey-weinstein\\\/\"},\"author\":{\"name\":\"contenidos\",\"@id\":\"https:\\\/\\\/lamostradevalencia.com\\\/ca\\\/#\\\/schema\\\/person\\\/361c3c0dd5489e78ad78ee4f8332efac\"},\"headline\":\"Alejandro Amen\u00e1bar: \u201cEl p\u00fablic em va protegir de Harvey Weinstein\u201d\",\"datePublished\":\"2025-11-01T13:42:46+00:00\",\"dateModified\":\"2025-11-01T13:45:34+00:00\",\"mainEntityOfPage\":{\"@id\":\"https:\\\/\\\/lamostradevalencia.com\\\/ca\\\/alejandro-amenabar-el-public-em-va-protegir-de-harvey-weinstein\\\/\"},\"wordCount\":725,\"commentCount\":0,\"image\":{\"@id\":\"https:\\\/\\\/lamostradevalencia.com\\\/ca\\\/alejandro-amenabar-el-public-em-va-protegir-de-harvey-weinstein\\\/#primaryimage\"},\"thumbnailUrl\":\"https:\\\/\\\/lamostradevalencia.com\\\/wp-content\\\/uploads\\\/2025\\\/11\\\/PHOTO-2025-11-01-14-39-00.jpg\",\"articleSection\":[\"Noticies\",\"Uncategorized @ca\"],\"inLanguage\":\"ca\",\"potentialAction\":[{\"@type\":\"CommentAction\",\"name\":\"Comment\",\"target\":[\"https:\\\/\\\/lamostradevalencia.com\\\/ca\\\/alejandro-amenabar-el-public-em-va-protegir-de-harvey-weinstein\\\/#respond\"]}]},{\"@type\":\"WebPage\",\"@id\":\"https:\\\/\\\/lamostradevalencia.com\\\/ca\\\/alejandro-amenabar-el-public-em-va-protegir-de-harvey-weinstein\\\/\",\"url\":\"https:\\\/\\\/lamostradevalencia.com\\\/ca\\\/alejandro-amenabar-el-public-em-va-protegir-de-harvey-weinstein\\\/\",\"name\":\"Alejandro Amen\u00e1bar: \u201cEl p\u00fablic em va protegir de Harvey Weinstein\u201d - Mostra de Val\u00e8ncia\",\"isPartOf\":{\"@id\":\"https:\\\/\\\/lamostradevalencia.com\\\/ca\\\/#website\"},\"primaryImageOfPage\":{\"@id\":\"https:\\\/\\\/lamostradevalencia.com\\\/ca\\\/alejandro-amenabar-el-public-em-va-protegir-de-harvey-weinstein\\\/#primaryimage\"},\"image\":{\"@id\":\"https:\\\/\\\/lamostradevalencia.com\\\/ca\\\/alejandro-amenabar-el-public-em-va-protegir-de-harvey-weinstein\\\/#primaryimage\"},\"thumbnailUrl\":\"https:\\\/\\\/lamostradevalencia.com\\\/wp-content\\\/uploads\\\/2025\\\/11\\\/PHOTO-2025-11-01-14-39-00.jpg\",\"datePublished\":\"2025-11-01T13:42:46+00:00\",\"dateModified\":\"2025-11-01T13:45:34+00:00\",\"author\":{\"@id\":\"https:\\\/\\\/lamostradevalencia.com\\\/ca\\\/#\\\/schema\\\/person\\\/361c3c0dd5489e78ad78ee4f8332efac\"},\"breadcrumb\":{\"@id\":\"https:\\\/\\\/lamostradevalencia.com\\\/ca\\\/alejandro-amenabar-el-public-em-va-protegir-de-harvey-weinstein\\\/#breadcrumb\"},\"inLanguage\":\"ca\",\"potentialAction\":[{\"@type\":\"ReadAction\",\"target\":[\"https:\\\/\\\/lamostradevalencia.com\\\/ca\\\/alejandro-amenabar-el-public-em-va-protegir-de-harvey-weinstein\\\/\"]}]},{\"@type\":\"ImageObject\",\"inLanguage\":\"ca\",\"@id\":\"https:\\\/\\\/lamostradevalencia.com\\\/ca\\\/alejandro-amenabar-el-public-em-va-protegir-de-harvey-weinstein\\\/#primaryimage\",\"url\":\"https:\\\/\\\/lamostradevalencia.com\\\/wp-content\\\/uploads\\\/2025\\\/11\\\/PHOTO-2025-11-01-14-39-00.jpg\",\"contentUrl\":\"https:\\\/\\\/lamostradevalencia.com\\\/wp-content\\\/uploads\\\/2025\\\/11\\\/PHOTO-2025-11-01-14-39-00.jpg\",\"width\":1600,\"height\":1067},{\"@type\":\"BreadcrumbList\",\"@id\":\"https:\\\/\\\/lamostradevalencia.com\\\/ca\\\/alejandro-amenabar-el-public-em-va-protegir-de-harvey-weinstein\\\/#breadcrumb\",\"itemListElement\":[{\"@type\":\"ListItem\",\"position\":1,\"name\":\"Portada\",\"item\":\"https:\\\/\\\/lamostradevalencia.com\\\/ca\\\/\"},{\"@type\":\"ListItem\",\"position\":2,\"name\":\"Alejandro Amen\u00e1bar: \u201cEl p\u00fablic em va protegir de Harvey Weinstein\u201d\"}]},{\"@type\":\"WebSite\",\"@id\":\"https:\\\/\\\/lamostradevalencia.com\\\/ca\\\/#website\",\"url\":\"https:\\\/\\\/lamostradevalencia.com\\\/ca\\\/\",\"name\":\"Mostra de Val\u00e8ncia\",\"description\":\"Cinema del Mediterrani\",\"potentialAction\":[{\"@type\":\"SearchAction\",\"target\":{\"@type\":\"EntryPoint\",\"urlTemplate\":\"https:\\\/\\\/lamostradevalencia.com\\\/ca\\\/?s={search_term_string}\"},\"query-input\":{\"@type\":\"PropertyValueSpecification\",\"valueRequired\":true,\"valueName\":\"search_term_string\"}}],\"inLanguage\":\"ca\"},{\"@type\":\"Person\",\"@id\":\"https:\\\/\\\/lamostradevalencia.com\\\/ca\\\/#\\\/schema\\\/person\\\/361c3c0dd5489e78ad78ee4f8332efac\",\"name\":\"contenidos\",\"image\":{\"@type\":\"ImageObject\",\"inLanguage\":\"ca\",\"@id\":\"https:\\\/\\\/secure.gravatar.com\\\/avatar\\\/a87eddc188a32d5a0371ff92ef616b5006a91e389296d49d081f8d424eef134c?s=96&d=mm&r=g\",\"url\":\"https:\\\/\\\/secure.gravatar.com\\\/avatar\\\/a87eddc188a32d5a0371ff92ef616b5006a91e389296d49d081f8d424eef134c?s=96&d=mm&r=g\",\"contentUrl\":\"https:\\\/\\\/secure.gravatar.com\\\/avatar\\\/a87eddc188a32d5a0371ff92ef616b5006a91e389296d49d081f8d424eef134c?s=96&d=mm&r=g\",\"caption\":\"contenidos\"}}]}<\/script>\n<!-- \/ Yoast SEO plugin. -->","yoast_head_json":{"title":"Alejandro Amen\u00e1bar: \u201cEl p\u00fablic em va protegir de Harvey Weinstein\u201d - Mostra de Val\u00e8ncia","robots":{"index":"index","follow":"follow","max-snippet":"max-snippet:-1","max-image-preview":"max-image-preview:large","max-video-preview":"max-video-preview:-1"},"canonical":"https:\/\/lamostradevalencia.com\/ca\/alejandro-amenabar-el-public-em-va-protegir-de-harvey-weinstein\/","og_locale":"ca_ES","og_type":"article","og_title":"Alejandro Amen\u00e1bar: \u201cEl p\u00fablic em va protegir de Harvey Weinstein\u201d - Mostra de Val\u00e8ncia","og_description":"El cineasta ha impartit una masterclass al Palau de la M\u00fasica com a part del cicle Paraula de Guionista de l\u2019EDAV durant la Mostra de [&hellip;]","og_url":"https:\/\/lamostradevalencia.com\/ca\/alejandro-amenabar-el-public-em-va-protegir-de-harvey-weinstein\/","og_site_name":"Mostra de Val\u00e8ncia","article_published_time":"2025-11-01T13:42:46+00:00","article_modified_time":"2025-11-01T13:45:34+00:00","og_image":[{"width":1600,"height":1067,"url":"https:\/\/lamostradevalencia.com\/wp-content\/uploads\/2025\/11\/PHOTO-2025-11-01-14-39-00.jpg","type":"image\/jpeg"}],"author":"contenidos","twitter_card":"summary_large_image","twitter_misc":{"Escrit per":"contenidos","Temps estimat de lectura":"4 minuts"},"schema":{"@context":"https:\/\/schema.org","@graph":[{"@type":"Article","@id":"https:\/\/lamostradevalencia.com\/ca\/alejandro-amenabar-el-public-em-va-protegir-de-harvey-weinstein\/#article","isPartOf":{"@id":"https:\/\/lamostradevalencia.com\/ca\/alejandro-amenabar-el-public-em-va-protegir-de-harvey-weinstein\/"},"author":{"name":"contenidos","@id":"https:\/\/lamostradevalencia.com\/ca\/#\/schema\/person\/361c3c0dd5489e78ad78ee4f8332efac"},"headline":"Alejandro Amen\u00e1bar: \u201cEl p\u00fablic em va protegir de Harvey Weinstein\u201d","datePublished":"2025-11-01T13:42:46+00:00","dateModified":"2025-11-01T13:45:34+00:00","mainEntityOfPage":{"@id":"https:\/\/lamostradevalencia.com\/ca\/alejandro-amenabar-el-public-em-va-protegir-de-harvey-weinstein\/"},"wordCount":725,"commentCount":0,"image":{"@id":"https:\/\/lamostradevalencia.com\/ca\/alejandro-amenabar-el-public-em-va-protegir-de-harvey-weinstein\/#primaryimage"},"thumbnailUrl":"https:\/\/lamostradevalencia.com\/wp-content\/uploads\/2025\/11\/PHOTO-2025-11-01-14-39-00.jpg","articleSection":["Noticies","Uncategorized @ca"],"inLanguage":"ca","potentialAction":[{"@type":"CommentAction","name":"Comment","target":["https:\/\/lamostradevalencia.com\/ca\/alejandro-amenabar-el-public-em-va-protegir-de-harvey-weinstein\/#respond"]}]},{"@type":"WebPage","@id":"https:\/\/lamostradevalencia.com\/ca\/alejandro-amenabar-el-public-em-va-protegir-de-harvey-weinstein\/","url":"https:\/\/lamostradevalencia.com\/ca\/alejandro-amenabar-el-public-em-va-protegir-de-harvey-weinstein\/","name":"Alejandro Amen\u00e1bar: \u201cEl p\u00fablic em va protegir de Harvey Weinstein\u201d - Mostra de Val\u00e8ncia","isPartOf":{"@id":"https:\/\/lamostradevalencia.com\/ca\/#website"},"primaryImageOfPage":{"@id":"https:\/\/lamostradevalencia.com\/ca\/alejandro-amenabar-el-public-em-va-protegir-de-harvey-weinstein\/#primaryimage"},"image":{"@id":"https:\/\/lamostradevalencia.com\/ca\/alejandro-amenabar-el-public-em-va-protegir-de-harvey-weinstein\/#primaryimage"},"thumbnailUrl":"https:\/\/lamostradevalencia.com\/wp-content\/uploads\/2025\/11\/PHOTO-2025-11-01-14-39-00.jpg","datePublished":"2025-11-01T13:42:46+00:00","dateModified":"2025-11-01T13:45:34+00:00","author":{"@id":"https:\/\/lamostradevalencia.com\/ca\/#\/schema\/person\/361c3c0dd5489e78ad78ee4f8332efac"},"breadcrumb":{"@id":"https:\/\/lamostradevalencia.com\/ca\/alejandro-amenabar-el-public-em-va-protegir-de-harvey-weinstein\/#breadcrumb"},"inLanguage":"ca","potentialAction":[{"@type":"ReadAction","target":["https:\/\/lamostradevalencia.com\/ca\/alejandro-amenabar-el-public-em-va-protegir-de-harvey-weinstein\/"]}]},{"@type":"ImageObject","inLanguage":"ca","@id":"https:\/\/lamostradevalencia.com\/ca\/alejandro-amenabar-el-public-em-va-protegir-de-harvey-weinstein\/#primaryimage","url":"https:\/\/lamostradevalencia.com\/wp-content\/uploads\/2025\/11\/PHOTO-2025-11-01-14-39-00.jpg","contentUrl":"https:\/\/lamostradevalencia.com\/wp-content\/uploads\/2025\/11\/PHOTO-2025-11-01-14-39-00.jpg","width":1600,"height":1067},{"@type":"BreadcrumbList","@id":"https:\/\/lamostradevalencia.com\/ca\/alejandro-amenabar-el-public-em-va-protegir-de-harvey-weinstein\/#breadcrumb","itemListElement":[{"@type":"ListItem","position":1,"name":"Portada","item":"https:\/\/lamostradevalencia.com\/ca\/"},{"@type":"ListItem","position":2,"name":"Alejandro Amen\u00e1bar: \u201cEl p\u00fablic em va protegir de Harvey Weinstein\u201d"}]},{"@type":"WebSite","@id":"https:\/\/lamostradevalencia.com\/ca\/#website","url":"https:\/\/lamostradevalencia.com\/ca\/","name":"Mostra de Val\u00e8ncia","description":"Cinema del Mediterrani","potentialAction":[{"@type":"SearchAction","target":{"@type":"EntryPoint","urlTemplate":"https:\/\/lamostradevalencia.com\/ca\/?s={search_term_string}"},"query-input":{"@type":"PropertyValueSpecification","valueRequired":true,"valueName":"search_term_string"}}],"inLanguage":"ca"},{"@type":"Person","@id":"https:\/\/lamostradevalencia.com\/ca\/#\/schema\/person\/361c3c0dd5489e78ad78ee4f8332efac","name":"contenidos","image":{"@type":"ImageObject","inLanguage":"ca","@id":"https:\/\/secure.gravatar.com\/avatar\/a87eddc188a32d5a0371ff92ef616b5006a91e389296d49d081f8d424eef134c?s=96&d=mm&r=g","url":"https:\/\/secure.gravatar.com\/avatar\/a87eddc188a32d5a0371ff92ef616b5006a91e389296d49d081f8d424eef134c?s=96&d=mm&r=g","contentUrl":"https:\/\/secure.gravatar.com\/avatar\/a87eddc188a32d5a0371ff92ef616b5006a91e389296d49d081f8d424eef134c?s=96&d=mm&r=g","caption":"contenidos"}}]}},"uagb_featured_image_src":{"full":["https:\/\/lamostradevalencia.com\/wp-content\/uploads\/2025\/11\/PHOTO-2025-11-01-14-39-00.jpg",1600,1067,false],"thumbnail":["https:\/\/lamostradevalencia.com\/wp-content\/uploads\/2025\/11\/PHOTO-2025-11-01-14-39-00-150x150.jpg",150,150,true],"medium":["https:\/\/lamostradevalencia.com\/wp-content\/uploads\/2025\/11\/PHOTO-2025-11-01-14-39-00-300x200.jpg",300,200,true],"medium_large":["https:\/\/lamostradevalencia.com\/wp-content\/uploads\/2025\/11\/PHOTO-2025-11-01-14-39-00-768x512.jpg",768,512,true],"large":["https:\/\/lamostradevalencia.com\/wp-content\/uploads\/2025\/11\/PHOTO-2025-11-01-14-39-00-1024x683.jpg",1024,683,true],"1536x1536":["https:\/\/lamostradevalencia.com\/wp-content\/uploads\/2025\/11\/PHOTO-2025-11-01-14-39-00-1536x1024.jpg",1536,1024,true],"2048x2048":["https:\/\/lamostradevalencia.com\/wp-content\/uploads\/2025\/11\/PHOTO-2025-11-01-14-39-00.jpg",1600,1067,false],"cinerama_edge_image_square":["https:\/\/lamostradevalencia.com\/wp-content\/uploads\/2025\/11\/PHOTO-2025-11-01-14-39-00-550x550.jpg",550,550,true],"cinerama_edge_image_landscape":["https:\/\/lamostradevalencia.com\/wp-content\/uploads\/2025\/11\/PHOTO-2025-11-01-14-39-00-1100x550.jpg",1100,550,true],"cinerama_edge_image_portrait":["https:\/\/lamostradevalencia.com\/wp-content\/uploads\/2025\/11\/PHOTO-2025-11-01-14-39-00-550x1067.jpg",550,1067,true],"cinerama_edge_image_huge":["https:\/\/lamostradevalencia.com\/wp-content\/uploads\/2025\/11\/PHOTO-2025-11-01-14-39-00-1100x1067.jpg",1100,1067,true],"gform-image-choice-sm":["https:\/\/lamostradevalencia.com\/wp-content\/uploads\/2025\/11\/PHOTO-2025-11-01-14-39-00.jpg",300,200,false],"gform-image-choice-md":["https:\/\/lamostradevalencia.com\/wp-content\/uploads\/2025\/11\/PHOTO-2025-11-01-14-39-00.jpg",400,267,false],"gform-image-choice-lg":["https:\/\/lamostradevalencia.com\/wp-content\/uploads\/2025\/11\/PHOTO-2025-11-01-14-39-00.jpg",600,400,false]},"uagb_author_info":{"display_name":"contenidos","author_link":"https:\/\/lamostradevalencia.com\/ca\/author\/contenidos\/"},"uagb_comment_info":0,"uagb_excerpt":"El cineasta ha impartit una masterclass al Palau de la M\u00fasica com a part del cicle Paraula de Guionista de l\u2019EDAV durant la Mostra de [&hellip;]","_links":{"self":[{"href":"https:\/\/lamostradevalencia.com\/ca\/wp-json\/wp\/v2\/posts\/30787","targetHints":{"allow":["GET"]}}],"collection":[{"href":"https:\/\/lamostradevalencia.com\/ca\/wp-json\/wp\/v2\/posts"}],"about":[{"href":"https:\/\/lamostradevalencia.com\/ca\/wp-json\/wp\/v2\/types\/post"}],"author":[{"embeddable":true,"href":"https:\/\/lamostradevalencia.com\/ca\/wp-json\/wp\/v2\/users\/3"}],"replies":[{"embeddable":true,"href":"https:\/\/lamostradevalencia.com\/ca\/wp-json\/wp\/v2\/comments?post=30787"}],"version-history":[{"count":1,"href":"https:\/\/lamostradevalencia.com\/ca\/wp-json\/wp\/v2\/posts\/30787\/revisions"}],"predecessor-version":[{"id":30788,"href":"https:\/\/lamostradevalencia.com\/ca\/wp-json\/wp\/v2\/posts\/30787\/revisions\/30788"}],"wp:featuredmedia":[{"embeddable":true,"href":"https:\/\/lamostradevalencia.com\/ca\/wp-json\/wp\/v2\/media\/30781"}],"wp:attachment":[{"href":"https:\/\/lamostradevalencia.com\/ca\/wp-json\/wp\/v2\/media?parent=30787"}],"wp:term":[{"taxonomy":"category","embeddable":true,"href":"https:\/\/lamostradevalencia.com\/ca\/wp-json\/wp\/v2\/categories?post=30787"},{"taxonomy":"post_tag","embeddable":true,"href":"https:\/\/lamostradevalencia.com\/ca\/wp-json\/wp\/v2\/tags?post=30787"}],"curies":[{"name":"wp","href":"https:\/\/api.w.org\/{rel}","templated":true}]}}