{"id":30718,"date":"2025-10-30T19:51:38","date_gmt":"2025-10-30T18:51:38","guid":{"rendered":"https:\/\/lamostradevalencia.com\/?p=30718"},"modified":"2025-10-30T19:52:57","modified_gmt":"2025-10-30T18:52:57","slug":"dos-mirades-sobre-la-llibertat-la-identitat-i-la-resistencia-enfront-dels-sistemes-opressius-arriben-a-la-mostra","status":"publish","type":"post","link":"https:\/\/lamostradevalencia.com\/ca\/dos-mirades-sobre-la-llibertat-la-identitat-i-la-resistencia-enfront-dels-sistemes-opressius-arriben-a-la-mostra\/","title":{"rendered":"Dos mirades sobre la llibertat, la identitat i la resist\u00e8ncia enfront dels sistemes opressius arriben a la Mostra"},"content":{"rendered":"<h5><i><span style=\"font-weight: 400;\">\u2018The Flying Meatball Maker\u2019 de Rezan Ye\u015filba\u015f y \u2018Cinema Jazireh\u2019, de G\u00f6zde Kural <\/span><\/i><i><span style=\"font-weight: 400;\">competeixen per la Palmera d&#8217;Or<\/span><\/i><\/h5>\n<p><span style=\"font-weight: 400;\">Despr\u00e9s d\u2019un exit\u00f3s recorregut per festivals internacionals, les dos cintes que arriben a la Secci\u00f3 Oficial de la M<\/span><b>ostra de Val\u00e8ncia \u2013 Cinema del Mediterrani <\/b><span style=\"font-weight: 400;\">reflecteixen la vitalitat i la diversitat del cinema turc contemporani.<\/span><\/p>\n<p><span style=\"font-weight: 400;\">El director <\/span><b>Rezan Ye\u015filba\u015f<\/b><span style=\"font-weight: 400;\">, acompanyat de l\u2019actriu <\/span><b>Selin Yeninci<\/b><span style=\"font-weight: 400;\"> i del productor <\/span><b>Mustafa Dak<\/b><span style=\"font-weight: 400;\">, ha presentat <\/span><b>\u2018The Flying Meatball Maker\u2019<\/b><span style=\"font-weight: 400;\">. En ella narra la hist\u00f2ria de Kadir, un cuiner de mandonguilles, pare de tres fills, amb un desig irrefrenable en la seua vida: volar en parapent. Per a aix\u00f2, haur\u00e0 de desafiar la tradici\u00f3, la seua fam\u00edlia i fins i tot les condicions climatol\u00f2giques adverses, com la falta de vent.<\/span><\/p>\n<p><span style=\"font-weight: 400;\">La hist\u00f2ria, que va valdre a <\/span><b>Nazmi Kirik<\/b><span style=\"font-weight: 400;\"> el premi al <\/span><b>Millor Actor<\/b><span style=\"font-weight: 400;\"> en el passat <\/span><b>Festival d\u2019Istanbul<\/b><span style=\"font-weight: 400;\">, est\u00e0 basada en un personatge real. \u201c<\/span><b>Aquesta hist\u00f2ria est\u00e0 inspirada en un senyor kurd que volia volar. La idea em va par\u00e9ixer fascinant per desenvolupar un relat i fer una pel\u00b7l\u00edcula, aix\u00ed que vaig anar a con\u00e9ixer-lo<\/b><span style=\"font-weight: 400;\">\u201d, ha explicat Rezan Ye\u015filba\u015f. Tot i aix\u00f2, la pel\u00b7l\u00edcula construeix el seu propi univers narratiu: \u201cNo \u00e9s la seua biografia, per\u00f2 constru\u00efm un m\u00f3n ficcional inspirat en ell\u201d.<\/span><\/p>\n<p><span style=\"font-weight: 400;\">Les relacions familiars s\u00f3n un altre dels pilars del llargmetratge. Segons <\/span><b>Selin Yeninci<\/b><span style=\"font-weight: 400;\">, \u201cla pel\u00b7l\u00edcula <\/span><b>parla sobre els somnis que es poden fer realitat, per\u00f2 tamb\u00e9 \u00e9s una hist\u00f2ria d\u2019amor, <\/b><span style=\"font-weight: 400;\">ja que l\u2019esposa del protagonista l\u2019aplega en el seu desig i ha d\u2019enfrontar-se a les xafarderies\u201d. El retrat del seu personatge, afegeix l\u2019actriu, \u00e9s tamb\u00e9 un reflex del rol de la dona al seu pa\u00eds: \u201cA Turquia, cada dona ha de trobar el seu espai individual, per\u00f2 abans ha de tindre un equilibri amb la casa, el marit, els fills i despr\u00e9s el seu propi lloc per a ella mateixa. L\u2019amor \u00e9s el que sost\u00e9 tot aix\u00f2\u201d.<\/span><\/p>\n<p><b>Ye\u015filba\u015f<\/b><span style=\"font-weight: 400;\"> ha recordat, amb emoci\u00f3, que \u201cel personatge que va inspirar el protagonista i la seua fam\u00edlia van morir en el terratr\u00e9mol de Turquia per la mala construcci\u00f3 dels habitatges. Era un home ple de vitalitat que ens estar\u00e0 veient ara des del cel\u201d.<\/span><\/p>\n<p><span style=\"font-weight: 400;\">Per al director, l\u2019acte de volar transcendeix all\u00f2 f\u00edsic per convertir-se en una met\u00e0fora de llibertat: \u201cEl protagonista intenta una i altra vegada volar. Jo, com a director, intente volar fent cinema. Eixe sentiment compartit est\u00e0 en tota la pel\u00b7l\u00edcula, i de fet, tots perseguim eixe alleujament, eixa sensaci\u00f3 d\u2019alliberament\u201d.<\/span><\/p>\n<p><b>Ye\u015filba\u015f<\/b><span style=\"font-weight: 400;\"> afirma sentir-se atret per les hist\u00f2ries senzilles que amaguen profunditat: \u201c<\/span><b>M\u2019encanten les hist\u00f2ries aparentment simples perqu\u00e8 dins de la simplicitat sempre hi ha dificultat. M\u2019agrada adoptar una visi\u00f3 objectiva, no jutjar els meus personatges.<\/b><span style=\"font-weight: 400;\"> Al meu pa\u00eds estem vivint molts canvis i s\u2019estan perdent tradicions, i m\u2019agrada escriure sobre aix\u00f2\u201d.<\/span><\/p>\n<p><span style=\"font-weight: 400;\">Quant al desenlla\u00e7, el cineasta defensa un final obert: \u201cNo m\u2019agraden els punts i finals en les pel\u00b7l\u00edcules; m\u2019agrada que el p\u00fablic es quede pensant, que siga un final obert, ja que una vegada ens creem el personatge, \u00e9s l\u2019espectador qui ha d\u2019omplir les possibilitats que aquest t\u00e9 de continuar\u201d.<\/span><\/p>\n<p><b>Conscienciar sobre la situaci\u00f3 de les dones afganeses<\/b><\/p>\n<p><span style=\"font-weight: 400;\">Per la seua banda, la directora <\/span><b>G\u00f6zde Kural<\/b><span style=\"font-weight: 400;\"> i el productor <\/span><b>Bulut Reyhanoglu<\/b><span style=\"font-weight: 400;\"> han arribat a Val\u00e8ncia amb <\/span><b>\u2018Cinema Jazireh\u2019<\/b><span style=\"font-weight: 400;\">, una pel\u00b7l\u00edcula que aborda la hist\u00f2ria de <\/span><b>Leyla<\/b><span style=\"font-weight: 400;\">, una dona afganesa que sobreviu a la massacre de la seua fam\u00edlia i empr\u00e9n la cerca desesperada del seu fill desaparegut. En un pa\u00eds on ser dona equival a ser invisible, decideix disfressar-se d\u2019home per a poder moure\u2019s amb llibertat. El seu viatge la porta a descobrir una xarxa d\u2019explotaci\u00f3 infantil que utilitza un fals cinema \u2014el <\/span><b>Cinema Jazireh<\/b><span style=\"font-weight: 400;\"> del t\u00edtol\u2014 com a tapadora per a segrestar joves i prostituir-los.<\/span><\/p>\n<p><span style=\"font-weight: 400;\">Inspirada en dues pr\u00e0ctiques reals de la regi\u00f3 \u2014el <\/span><b>Bacha Posh<\/b><span style=\"font-weight: 400;\">, en la qual les xiquetes s\u00f3n criades com a h\u00f2mens, i el <\/span><b>Bacha Bazi<\/b><span style=\"font-weight: 400;\"> o \u201cxiquets ballarins\u201d, en la qual menors s\u00f3n travestits per a ser prostitu\u00efts\u2014, la directora busca un enfocament \u00edntim i pol\u00edtic sobre la vida sota el r\u00e8gim talib\u00e0. \u201c<\/span><b>No volia contar una sola hist\u00f2ria, sin\u00f3 un xicotet univers de records i resili\u00e8ncia. El cinema \u00e9s el lloc on convergeixen eixes vides, on l\u2019esperan\u00e7a encara pot apar\u00e9ixer fins i tot en els llocs m\u00e9s foscos<\/b><span style=\"font-weight: 400;\">\u201d, explica <\/span><b>Kural<\/b><span style=\"font-weight: 400;\">.<\/span><\/p>\n<p><span style=\"font-weight: 400;\">La cineasta, que confessa haver passat molt de temps a Afganistan, afig: \u201c<\/span><b>La meua primera pel\u00b7l\u00edcula la vaig rodar a Kabul i aquesta \u00e9s un reflex dels meus sentiments i emocions sobre aquest pa\u00eds<\/b><span style=\"font-weight: 400;\">\u201d. El seu vincle amb Afganistan, aclareix, \u00e9s \u201c<\/span><b>\u00fanicament com a \u00e9sser hum\u00e0<\/b><span style=\"font-weight: 400;\">\u201d: \u201c<\/span><b>Vaig n\u00e0ixer a Turquia i all\u00ed sempre ens diuen que hem d\u2019anar a Occident, per\u00f2 jo vaig decidir anar a Orient. Afganistan \u00e9s un pa\u00eds que hem abandonat, com molts altres on hi ha guerres i \u00e9s un infern per a les dones. Volia reflectir fragments d\u2019eixes vides i destacar que hi ha esperan\u00e7a<\/b><span style=\"font-weight: 400;\">\u201d.<\/span><\/p>\n<p><span style=\"font-weight: 400;\">Kural tamb\u00e9 aprofundeix en la complexitat del g\u00e8nere i la sexualitat a Afganistan: \u201cVaig con\u00e9ixer xics involucrats en el Bacha Bazi. Molts no es veien a si mateixos com a queer, nom\u00e9s intentaven sobreviure complaent h\u00f2mens majors. Un d\u2019ells em va dir: \u2018Aquest \u00e9s el meu parad\u00eds. No tinc cap altre lloc on anar\u2019. Eixa frase est\u00e0 en la pel\u00b7l\u00edcula, perqu\u00e8 resumeix el que significa viure sense opcions\u201d.<\/span><\/p>\n<p><span style=\"font-weight: 400;\">Quant a les dificultats del rodatge, Kural explica: \u201cVam rodar algunes escenes en una zona fronterera, per\u00f2 la major part es va filmar a Turquia. Hui dia, rodar a Afganistan \u00e9s quasi impossible, no sols per raons pol\u00edtiques, sin\u00f3 perqu\u00e8 la infraestructura per a l\u2019art ha sigut desmantellada. Ni tan sols els artistes locals poden treballar amb llibertat\u201d.<\/span><\/p>\n<p><span style=\"font-weight: 400;\">La directora reconeix que la seua intenci\u00f3 va ser \u201c<\/span><b>transmetre significats confusos, perqu\u00e8 quan les coses comencen a ser opressives, la just\u00edcia ja no \u00e9s just\u00edcia i les dones ja no s\u00f3n dones; tots intenten sobreviure. Em moc en una escala de grisos sense delimitar ni el b\u00e9 ni el mal<\/b><span style=\"font-weight: 400;\">\u201d. Amb aix\u00f2, afirma, busca \u201c<\/span><b>transmetre la idea de resist\u00e8ncia<\/b><span style=\"font-weight: 400;\">\u201d.<\/span><\/p>\n<p><span style=\"font-weight: 400;\">Finalment, <\/span><b>Kural<\/b><span style=\"font-weight: 400;\"> conclou que la seua pel\u00b7l\u00edcula pret\u00e9n conscienciar \u201c<\/span><b>sobre la situaci\u00f3 de les dones afganeses, la seua falta d\u2019educaci\u00f3 i de drets fonamentals, aix\u00ed com la pobresa generalitzada<\/b><span style=\"font-weight: 400;\">\u201d.<\/span><\/p>\n<p><b>\u2018Cinema Jazireh\u2019<\/b><span style=\"font-weight: 400;\"> ha tingut una destacada traject\u00f2ria en el circuit internacional de festivals. Despr\u00e9s del seu estrena al <\/span><b>Festival Internacional de Adana Alt\u0131n Koza<\/b><span style=\"font-weight: 400;\"> (Turquia), la cinta va participar en la <\/span><b>Mostra Internacional de Cinema de S\u00e3o Paulo<\/b><span style=\"font-weight: 400;\"> (Brasil), dins de la <\/span><b>Competici\u00f3 de Nous Directors<\/b><span style=\"font-weight: 400;\">. Posteriorment, va ser seleccionada en la <\/span><b>competici\u00f3 oficial del Karlovy Vary.<\/b><\/p>\n","protected":false},"excerpt":{"rendered":"<p>\u2018The Flying Meatball Maker\u2019 de Rezan Ye\u015filba\u015f y \u2018Cinema Jazireh\u2019, de G\u00f6zde Kural competeixen per la Palmera d&#8217;Or Despr\u00e9s d\u2019un exit\u00f3s recorregut per festivals internacionals, [&hellip;]<\/p>\n","protected":false},"author":1,"featured_media":30719,"comment_status":"open","ping_status":"open","sticky":false,"template":"","format":"standard","meta":{"_uag_custom_page_level_css":"","_jet_sm_ready_style":"","_jet_sm_style":"","_jet_sm_controls_values":"","_jet_sm_fonts_collection":"","_jet_sm_fonts_links":"","footnotes":""},"categories":[455],"tags":[],"class_list":["post-30718","post","type-post","status-publish","format-standard","has-post-thumbnail","hentry","category-noticies"],"yoast_head":"<!-- This site is optimized with the Yoast SEO plugin v27.5 - https:\/\/yoast.com\/product\/yoast-seo-wordpress\/ -->\n<title>Dos mirades sobre la llibertat, la identitat i la resist\u00e8ncia enfront dels sistemes opressius arriben a la Mostra - Mostra de Val\u00e8ncia<\/title>\n<meta name=\"robots\" content=\"index, follow, max-snippet:-1, max-image-preview:large, max-video-preview:-1\" \/>\n<link rel=\"canonical\" href=\"https:\/\/lamostradevalencia.com\/ca\/dos-mirades-sobre-la-llibertat-la-identitat-i-la-resistencia-enfront-dels-sistemes-opressius-arriben-a-la-mostra\/\" \/>\n<meta property=\"og:locale\" content=\"ca_ES\" \/>\n<meta property=\"og:type\" content=\"article\" \/>\n<meta property=\"og:title\" content=\"Dos mirades sobre la llibertat, la identitat i la resist\u00e8ncia enfront dels sistemes opressius arriben a la Mostra - Mostra de Val\u00e8ncia\" \/>\n<meta property=\"og:description\" content=\"\u2018The Flying Meatball Maker\u2019 de Rezan Ye\u015filba\u015f y \u2018Cinema Jazireh\u2019, de G\u00f6zde Kural competeixen per la Palmera d&#8217;Or Despr\u00e9s d\u2019un exit\u00f3s recorregut per festivals internacionals, [&hellip;]\" \/>\n<meta property=\"og:url\" content=\"https:\/\/lamostradevalencia.com\/ca\/dos-mirades-sobre-la-llibertat-la-identitat-i-la-resistencia-enfront-dels-sistemes-opressius-arriben-a-la-mostra\/\" \/>\n<meta property=\"og:site_name\" content=\"Mostra de Val\u00e8ncia\" \/>\n<meta property=\"article:published_time\" content=\"2025-10-30T18:51:38+00:00\" \/>\n<meta property=\"article:modified_time\" content=\"2025-10-30T18:52:57+00:00\" \/>\n<meta property=\"og:image\" content=\"https:\/\/lamostradevalencia.com\/wp-content\/uploads\/2025\/10\/PHOTO-2025-10-30-16-36-04.jpg\" \/>\n\t<meta property=\"og:image:width\" content=\"1280\" \/>\n\t<meta property=\"og:image:height\" content=\"854\" \/>\n\t<meta property=\"og:image:type\" content=\"image\/jpeg\" \/>\n<meta name=\"author\" content=\"Mostra de Val\u00e8ncia\" \/>\n<meta name=\"twitter:card\" content=\"summary_large_image\" \/>\n<meta name=\"twitter:label1\" content=\"Escrit per\" \/>\n\t<meta name=\"twitter:data1\" content=\"Mostra de Val\u00e8ncia\" \/>\n\t<meta name=\"twitter:label2\" content=\"Temps estimat de lectura\" \/>\n\t<meta name=\"twitter:data2\" content=\"6 minuts\" \/>\n<script type=\"application\/ld+json\" class=\"yoast-schema-graph\">{\"@context\":\"https:\\\/\\\/schema.org\",\"@graph\":[{\"@type\":\"Article\",\"@id\":\"https:\\\/\\\/lamostradevalencia.com\\\/ca\\\/dos-mirades-sobre-la-llibertat-la-identitat-i-la-resistencia-enfront-dels-sistemes-opressius-arriben-a-la-mostra\\\/#article\",\"isPartOf\":{\"@id\":\"https:\\\/\\\/lamostradevalencia.com\\\/ca\\\/dos-mirades-sobre-la-llibertat-la-identitat-i-la-resistencia-enfront-dels-sistemes-opressius-arriben-a-la-mostra\\\/\"},\"author\":{\"name\":\"Mostra de Val\u00e8ncia\",\"@id\":\"https:\\\/\\\/lamostradevalencia.com\\\/ca\\\/#\\\/schema\\\/person\\\/1dc07e4df3d6310b81d2cdf6a034070c\"},\"headline\":\"Dos mirades sobre la llibertat, la identitat i la resist\u00e8ncia enfront dels sistemes opressius arriben a la Mostra\",\"datePublished\":\"2025-10-30T18:51:38+00:00\",\"dateModified\":\"2025-10-30T18:52:57+00:00\",\"mainEntityOfPage\":{\"@id\":\"https:\\\/\\\/lamostradevalencia.com\\\/ca\\\/dos-mirades-sobre-la-llibertat-la-identitat-i-la-resistencia-enfront-dels-sistemes-opressius-arriben-a-la-mostra\\\/\"},\"wordCount\":1211,\"commentCount\":0,\"image\":{\"@id\":\"https:\\\/\\\/lamostradevalencia.com\\\/ca\\\/dos-mirades-sobre-la-llibertat-la-identitat-i-la-resistencia-enfront-dels-sistemes-opressius-arriben-a-la-mostra\\\/#primaryimage\"},\"thumbnailUrl\":\"https:\\\/\\\/lamostradevalencia.com\\\/wp-content\\\/uploads\\\/2025\\\/10\\\/PHOTO-2025-10-30-16-36-04.jpg\",\"articleSection\":[\"Noticies\"],\"inLanguage\":\"ca\",\"potentialAction\":[{\"@type\":\"CommentAction\",\"name\":\"Comment\",\"target\":[\"https:\\\/\\\/lamostradevalencia.com\\\/ca\\\/dos-mirades-sobre-la-llibertat-la-identitat-i-la-resistencia-enfront-dels-sistemes-opressius-arriben-a-la-mostra\\\/#respond\"]}]},{\"@type\":\"WebPage\",\"@id\":\"https:\\\/\\\/lamostradevalencia.com\\\/ca\\\/dos-mirades-sobre-la-llibertat-la-identitat-i-la-resistencia-enfront-dels-sistemes-opressius-arriben-a-la-mostra\\\/\",\"url\":\"https:\\\/\\\/lamostradevalencia.com\\\/ca\\\/dos-mirades-sobre-la-llibertat-la-identitat-i-la-resistencia-enfront-dels-sistemes-opressius-arriben-a-la-mostra\\\/\",\"name\":\"Dos mirades sobre la llibertat, la identitat i la resist\u00e8ncia enfront dels sistemes opressius arriben a la Mostra - Mostra de Val\u00e8ncia\",\"isPartOf\":{\"@id\":\"https:\\\/\\\/lamostradevalencia.com\\\/ca\\\/#website\"},\"primaryImageOfPage\":{\"@id\":\"https:\\\/\\\/lamostradevalencia.com\\\/ca\\\/dos-mirades-sobre-la-llibertat-la-identitat-i-la-resistencia-enfront-dels-sistemes-opressius-arriben-a-la-mostra\\\/#primaryimage\"},\"image\":{\"@id\":\"https:\\\/\\\/lamostradevalencia.com\\\/ca\\\/dos-mirades-sobre-la-llibertat-la-identitat-i-la-resistencia-enfront-dels-sistemes-opressius-arriben-a-la-mostra\\\/#primaryimage\"},\"thumbnailUrl\":\"https:\\\/\\\/lamostradevalencia.com\\\/wp-content\\\/uploads\\\/2025\\\/10\\\/PHOTO-2025-10-30-16-36-04.jpg\",\"datePublished\":\"2025-10-30T18:51:38+00:00\",\"dateModified\":\"2025-10-30T18:52:57+00:00\",\"author\":{\"@id\":\"https:\\\/\\\/lamostradevalencia.com\\\/ca\\\/#\\\/schema\\\/person\\\/1dc07e4df3d6310b81d2cdf6a034070c\"},\"breadcrumb\":{\"@id\":\"https:\\\/\\\/lamostradevalencia.com\\\/ca\\\/dos-mirades-sobre-la-llibertat-la-identitat-i-la-resistencia-enfront-dels-sistemes-opressius-arriben-a-la-mostra\\\/#breadcrumb\"},\"inLanguage\":\"ca\",\"potentialAction\":[{\"@type\":\"ReadAction\",\"target\":[\"https:\\\/\\\/lamostradevalencia.com\\\/ca\\\/dos-mirades-sobre-la-llibertat-la-identitat-i-la-resistencia-enfront-dels-sistemes-opressius-arriben-a-la-mostra\\\/\"]}]},{\"@type\":\"ImageObject\",\"inLanguage\":\"ca\",\"@id\":\"https:\\\/\\\/lamostradevalencia.com\\\/ca\\\/dos-mirades-sobre-la-llibertat-la-identitat-i-la-resistencia-enfront-dels-sistemes-opressius-arriben-a-la-mostra\\\/#primaryimage\",\"url\":\"https:\\\/\\\/lamostradevalencia.com\\\/wp-content\\\/uploads\\\/2025\\\/10\\\/PHOTO-2025-10-30-16-36-04.jpg\",\"contentUrl\":\"https:\\\/\\\/lamostradevalencia.com\\\/wp-content\\\/uploads\\\/2025\\\/10\\\/PHOTO-2025-10-30-16-36-04.jpg\",\"width\":1280,\"height\":854},{\"@type\":\"BreadcrumbList\",\"@id\":\"https:\\\/\\\/lamostradevalencia.com\\\/ca\\\/dos-mirades-sobre-la-llibertat-la-identitat-i-la-resistencia-enfront-dels-sistemes-opressius-arriben-a-la-mostra\\\/#breadcrumb\",\"itemListElement\":[{\"@type\":\"ListItem\",\"position\":1,\"name\":\"Portada\",\"item\":\"https:\\\/\\\/lamostradevalencia.com\\\/ca\\\/\"},{\"@type\":\"ListItem\",\"position\":2,\"name\":\"Dos mirades sobre la llibertat, la identitat i la resist\u00e8ncia enfront dels sistemes opressius arriben a la Mostra\"}]},{\"@type\":\"WebSite\",\"@id\":\"https:\\\/\\\/lamostradevalencia.com\\\/ca\\\/#website\",\"url\":\"https:\\\/\\\/lamostradevalencia.com\\\/ca\\\/\",\"name\":\"Mostra de Val\u00e8ncia\",\"description\":\"Cinema del Mediterrani\",\"potentialAction\":[{\"@type\":\"SearchAction\",\"target\":{\"@type\":\"EntryPoint\",\"urlTemplate\":\"https:\\\/\\\/lamostradevalencia.com\\\/ca\\\/?s={search_term_string}\"},\"query-input\":{\"@type\":\"PropertyValueSpecification\",\"valueRequired\":true,\"valueName\":\"search_term_string\"}}],\"inLanguage\":\"ca\"},{\"@type\":\"Person\",\"@id\":\"https:\\\/\\\/lamostradevalencia.com\\\/ca\\\/#\\\/schema\\\/person\\\/1dc07e4df3d6310b81d2cdf6a034070c\",\"name\":\"Mostra de Val\u00e8ncia\",\"image\":{\"@type\":\"ImageObject\",\"inLanguage\":\"ca\",\"@id\":\"https:\\\/\\\/secure.gravatar.com\\\/avatar\\\/ada4dfd699a9907706987adb1bb2b361c2613ccca474b49b8c648de5208e32f8?s=96&d=mm&r=g\",\"url\":\"https:\\\/\\\/secure.gravatar.com\\\/avatar\\\/ada4dfd699a9907706987adb1bb2b361c2613ccca474b49b8c648de5208e32f8?s=96&d=mm&r=g\",\"contentUrl\":\"https:\\\/\\\/secure.gravatar.com\\\/avatar\\\/ada4dfd699a9907706987adb1bb2b361c2613ccca474b49b8c648de5208e32f8?s=96&d=mm&r=g\",\"caption\":\"Mostra de Val\u00e8ncia\"}}]}<\/script>\n<!-- \/ Yoast SEO plugin. -->","yoast_head_json":{"title":"Dos mirades sobre la llibertat, la identitat i la resist\u00e8ncia enfront dels sistemes opressius arriben a la Mostra - Mostra de Val\u00e8ncia","robots":{"index":"index","follow":"follow","max-snippet":"max-snippet:-1","max-image-preview":"max-image-preview:large","max-video-preview":"max-video-preview:-1"},"canonical":"https:\/\/lamostradevalencia.com\/ca\/dos-mirades-sobre-la-llibertat-la-identitat-i-la-resistencia-enfront-dels-sistemes-opressius-arriben-a-la-mostra\/","og_locale":"ca_ES","og_type":"article","og_title":"Dos mirades sobre la llibertat, la identitat i la resist\u00e8ncia enfront dels sistemes opressius arriben a la Mostra - Mostra de Val\u00e8ncia","og_description":"\u2018The Flying Meatball Maker\u2019 de Rezan Ye\u015filba\u015f y \u2018Cinema Jazireh\u2019, de G\u00f6zde Kural competeixen per la Palmera d&#8217;Or Despr\u00e9s d\u2019un exit\u00f3s recorregut per festivals internacionals, [&hellip;]","og_url":"https:\/\/lamostradevalencia.com\/ca\/dos-mirades-sobre-la-llibertat-la-identitat-i-la-resistencia-enfront-dels-sistemes-opressius-arriben-a-la-mostra\/","og_site_name":"Mostra de Val\u00e8ncia","article_published_time":"2025-10-30T18:51:38+00:00","article_modified_time":"2025-10-30T18:52:57+00:00","og_image":[{"width":1280,"height":854,"url":"https:\/\/lamostradevalencia.com\/wp-content\/uploads\/2025\/10\/PHOTO-2025-10-30-16-36-04.jpg","type":"image\/jpeg"}],"author":"Mostra de Val\u00e8ncia","twitter_card":"summary_large_image","twitter_misc":{"Escrit per":"Mostra de Val\u00e8ncia","Temps estimat de lectura":"6 minuts"},"schema":{"@context":"https:\/\/schema.org","@graph":[{"@type":"Article","@id":"https:\/\/lamostradevalencia.com\/ca\/dos-mirades-sobre-la-llibertat-la-identitat-i-la-resistencia-enfront-dels-sistemes-opressius-arriben-a-la-mostra\/#article","isPartOf":{"@id":"https:\/\/lamostradevalencia.com\/ca\/dos-mirades-sobre-la-llibertat-la-identitat-i-la-resistencia-enfront-dels-sistemes-opressius-arriben-a-la-mostra\/"},"author":{"name":"Mostra de Val\u00e8ncia","@id":"https:\/\/lamostradevalencia.com\/ca\/#\/schema\/person\/1dc07e4df3d6310b81d2cdf6a034070c"},"headline":"Dos mirades sobre la llibertat, la identitat i la resist\u00e8ncia enfront dels sistemes opressius arriben a la Mostra","datePublished":"2025-10-30T18:51:38+00:00","dateModified":"2025-10-30T18:52:57+00:00","mainEntityOfPage":{"@id":"https:\/\/lamostradevalencia.com\/ca\/dos-mirades-sobre-la-llibertat-la-identitat-i-la-resistencia-enfront-dels-sistemes-opressius-arriben-a-la-mostra\/"},"wordCount":1211,"commentCount":0,"image":{"@id":"https:\/\/lamostradevalencia.com\/ca\/dos-mirades-sobre-la-llibertat-la-identitat-i-la-resistencia-enfront-dels-sistemes-opressius-arriben-a-la-mostra\/#primaryimage"},"thumbnailUrl":"https:\/\/lamostradevalencia.com\/wp-content\/uploads\/2025\/10\/PHOTO-2025-10-30-16-36-04.jpg","articleSection":["Noticies"],"inLanguage":"ca","potentialAction":[{"@type":"CommentAction","name":"Comment","target":["https:\/\/lamostradevalencia.com\/ca\/dos-mirades-sobre-la-llibertat-la-identitat-i-la-resistencia-enfront-dels-sistemes-opressius-arriben-a-la-mostra\/#respond"]}]},{"@type":"WebPage","@id":"https:\/\/lamostradevalencia.com\/ca\/dos-mirades-sobre-la-llibertat-la-identitat-i-la-resistencia-enfront-dels-sistemes-opressius-arriben-a-la-mostra\/","url":"https:\/\/lamostradevalencia.com\/ca\/dos-mirades-sobre-la-llibertat-la-identitat-i-la-resistencia-enfront-dels-sistemes-opressius-arriben-a-la-mostra\/","name":"Dos mirades sobre la llibertat, la identitat i la resist\u00e8ncia enfront dels sistemes opressius arriben a la Mostra - Mostra de Val\u00e8ncia","isPartOf":{"@id":"https:\/\/lamostradevalencia.com\/ca\/#website"},"primaryImageOfPage":{"@id":"https:\/\/lamostradevalencia.com\/ca\/dos-mirades-sobre-la-llibertat-la-identitat-i-la-resistencia-enfront-dels-sistemes-opressius-arriben-a-la-mostra\/#primaryimage"},"image":{"@id":"https:\/\/lamostradevalencia.com\/ca\/dos-mirades-sobre-la-llibertat-la-identitat-i-la-resistencia-enfront-dels-sistemes-opressius-arriben-a-la-mostra\/#primaryimage"},"thumbnailUrl":"https:\/\/lamostradevalencia.com\/wp-content\/uploads\/2025\/10\/PHOTO-2025-10-30-16-36-04.jpg","datePublished":"2025-10-30T18:51:38+00:00","dateModified":"2025-10-30T18:52:57+00:00","author":{"@id":"https:\/\/lamostradevalencia.com\/ca\/#\/schema\/person\/1dc07e4df3d6310b81d2cdf6a034070c"},"breadcrumb":{"@id":"https:\/\/lamostradevalencia.com\/ca\/dos-mirades-sobre-la-llibertat-la-identitat-i-la-resistencia-enfront-dels-sistemes-opressius-arriben-a-la-mostra\/#breadcrumb"},"inLanguage":"ca","potentialAction":[{"@type":"ReadAction","target":["https:\/\/lamostradevalencia.com\/ca\/dos-mirades-sobre-la-llibertat-la-identitat-i-la-resistencia-enfront-dels-sistemes-opressius-arriben-a-la-mostra\/"]}]},{"@type":"ImageObject","inLanguage":"ca","@id":"https:\/\/lamostradevalencia.com\/ca\/dos-mirades-sobre-la-llibertat-la-identitat-i-la-resistencia-enfront-dels-sistemes-opressius-arriben-a-la-mostra\/#primaryimage","url":"https:\/\/lamostradevalencia.com\/wp-content\/uploads\/2025\/10\/PHOTO-2025-10-30-16-36-04.jpg","contentUrl":"https:\/\/lamostradevalencia.com\/wp-content\/uploads\/2025\/10\/PHOTO-2025-10-30-16-36-04.jpg","width":1280,"height":854},{"@type":"BreadcrumbList","@id":"https:\/\/lamostradevalencia.com\/ca\/dos-mirades-sobre-la-llibertat-la-identitat-i-la-resistencia-enfront-dels-sistemes-opressius-arriben-a-la-mostra\/#breadcrumb","itemListElement":[{"@type":"ListItem","position":1,"name":"Portada","item":"https:\/\/lamostradevalencia.com\/ca\/"},{"@type":"ListItem","position":2,"name":"Dos mirades sobre la llibertat, la identitat i la resist\u00e8ncia enfront dels sistemes opressius arriben a la Mostra"}]},{"@type":"WebSite","@id":"https:\/\/lamostradevalencia.com\/ca\/#website","url":"https:\/\/lamostradevalencia.com\/ca\/","name":"Mostra de Val\u00e8ncia","description":"Cinema del Mediterrani","potentialAction":[{"@type":"SearchAction","target":{"@type":"EntryPoint","urlTemplate":"https:\/\/lamostradevalencia.com\/ca\/?s={search_term_string}"},"query-input":{"@type":"PropertyValueSpecification","valueRequired":true,"valueName":"search_term_string"}}],"inLanguage":"ca"},{"@type":"Person","@id":"https:\/\/lamostradevalencia.com\/ca\/#\/schema\/person\/1dc07e4df3d6310b81d2cdf6a034070c","name":"Mostra de Val\u00e8ncia","image":{"@type":"ImageObject","inLanguage":"ca","@id":"https:\/\/secure.gravatar.com\/avatar\/ada4dfd699a9907706987adb1bb2b361c2613ccca474b49b8c648de5208e32f8?s=96&d=mm&r=g","url":"https:\/\/secure.gravatar.com\/avatar\/ada4dfd699a9907706987adb1bb2b361c2613ccca474b49b8c648de5208e32f8?s=96&d=mm&r=g","contentUrl":"https:\/\/secure.gravatar.com\/avatar\/ada4dfd699a9907706987adb1bb2b361c2613ccca474b49b8c648de5208e32f8?s=96&d=mm&r=g","caption":"Mostra de Val\u00e8ncia"}}]}},"uagb_featured_image_src":{"full":["https:\/\/lamostradevalencia.com\/wp-content\/uploads\/2025\/10\/PHOTO-2025-10-30-16-36-04.jpg",1280,854,false],"thumbnail":["https:\/\/lamostradevalencia.com\/wp-content\/uploads\/2025\/10\/PHOTO-2025-10-30-16-36-04-150x150.jpg",150,150,true],"medium":["https:\/\/lamostradevalencia.com\/wp-content\/uploads\/2025\/10\/PHOTO-2025-10-30-16-36-04-300x200.jpg",300,200,true],"medium_large":["https:\/\/lamostradevalencia.com\/wp-content\/uploads\/2025\/10\/PHOTO-2025-10-30-16-36-04-768x512.jpg",768,512,true],"large":["https:\/\/lamostradevalencia.com\/wp-content\/uploads\/2025\/10\/PHOTO-2025-10-30-16-36-04-1024x683.jpg",1024,683,true],"1536x1536":["https:\/\/lamostradevalencia.com\/wp-content\/uploads\/2025\/10\/PHOTO-2025-10-30-16-36-04.jpg",1280,854,false],"2048x2048":["https:\/\/lamostradevalencia.com\/wp-content\/uploads\/2025\/10\/PHOTO-2025-10-30-16-36-04.jpg",1280,854,false],"cinerama_edge_image_square":["https:\/\/lamostradevalencia.com\/wp-content\/uploads\/2025\/10\/PHOTO-2025-10-30-16-36-04-550x550.jpg",550,550,true],"cinerama_edge_image_landscape":["https:\/\/lamostradevalencia.com\/wp-content\/uploads\/2025\/10\/PHOTO-2025-10-30-16-36-04-1100x550.jpg",1100,550,true],"cinerama_edge_image_portrait":["https:\/\/lamostradevalencia.com\/wp-content\/uploads\/2025\/10\/PHOTO-2025-10-30-16-36-04-550x854.jpg",550,854,true],"cinerama_edge_image_huge":["https:\/\/lamostradevalencia.com\/wp-content\/uploads\/2025\/10\/PHOTO-2025-10-30-16-36-04-1100x854.jpg",1100,854,true],"gform-image-choice-sm":["https:\/\/lamostradevalencia.com\/wp-content\/uploads\/2025\/10\/PHOTO-2025-10-30-16-36-04.jpg",300,200,false],"gform-image-choice-md":["https:\/\/lamostradevalencia.com\/wp-content\/uploads\/2025\/10\/PHOTO-2025-10-30-16-36-04.jpg",400,267,false],"gform-image-choice-lg":["https:\/\/lamostradevalencia.com\/wp-content\/uploads\/2025\/10\/PHOTO-2025-10-30-16-36-04.jpg",600,400,false]},"uagb_author_info":{"display_name":"Mostra de Val\u00e8ncia","author_link":"https:\/\/lamostradevalencia.com\/ca\/author\/mostravalencia\/"},"uagb_comment_info":0,"uagb_excerpt":"\u2018The Flying Meatball Maker\u2019 de Rezan Ye\u015filba\u015f y \u2018Cinema Jazireh\u2019, de G\u00f6zde Kural competeixen per la Palmera d&#8217;Or Despr\u00e9s d\u2019un exit\u00f3s recorregut per festivals internacionals, [&hellip;]","_links":{"self":[{"href":"https:\/\/lamostradevalencia.com\/ca\/wp-json\/wp\/v2\/posts\/30718","targetHints":{"allow":["GET"]}}],"collection":[{"href":"https:\/\/lamostradevalencia.com\/ca\/wp-json\/wp\/v2\/posts"}],"about":[{"href":"https:\/\/lamostradevalencia.com\/ca\/wp-json\/wp\/v2\/types\/post"}],"author":[{"embeddable":true,"href":"https:\/\/lamostradevalencia.com\/ca\/wp-json\/wp\/v2\/users\/1"}],"replies":[{"embeddable":true,"href":"https:\/\/lamostradevalencia.com\/ca\/wp-json\/wp\/v2\/comments?post=30718"}],"version-history":[{"count":6,"href":"https:\/\/lamostradevalencia.com\/ca\/wp-json\/wp\/v2\/posts\/30718\/revisions"}],"predecessor-version":[{"id":30734,"href":"https:\/\/lamostradevalencia.com\/ca\/wp-json\/wp\/v2\/posts\/30718\/revisions\/30734"}],"wp:featuredmedia":[{"embeddable":true,"href":"https:\/\/lamostradevalencia.com\/ca\/wp-json\/wp\/v2\/media\/30719"}],"wp:attachment":[{"href":"https:\/\/lamostradevalencia.com\/ca\/wp-json\/wp\/v2\/media?parent=30718"}],"wp:term":[{"taxonomy":"category","embeddable":true,"href":"https:\/\/lamostradevalencia.com\/ca\/wp-json\/wp\/v2\/categories?post=30718"},{"taxonomy":"post_tag","embeddable":true,"href":"https:\/\/lamostradevalencia.com\/ca\/wp-json\/wp\/v2\/tags?post=30718"}],"curies":[{"name":"wp","href":"https:\/\/api.w.org\/{rel}","templated":true}]}}