{"id":30706,"date":"2025-10-30T16:17:03","date_gmt":"2025-10-30T15:17:03","guid":{"rendered":"https:\/\/lamostradevalencia.com\/?p=30706"},"modified":"2025-10-30T16:26:15","modified_gmt":"2025-10-30T15:26:15","slug":"enemigos-lodi-i-la-violencia-es-transformen-en-consciencia-als-barris-dalacant","status":"publish","type":"post","link":"https:\/\/lamostradevalencia.com\/ca\/enemigos-lodi-i-la-violencia-es-transformen-en-consciencia-als-barris-dalacant\/","title":{"rendered":"\u2018Enemigos\u2019: l\u2019odi i la viol\u00e8ncia es transformen en consci\u00e8ncia als barris d\u2019Alacant"},"content":{"rendered":"<h5><i><span style=\"font-weight: 400;\">El nou llargmetratge de David Valero arriba hui a la Mostra despr\u00e9s de les seues nominacions als Premis Lola Gaos<\/span><\/i><\/h5>\n<p><span style=\"font-weight: 400;\">Qu\u00e8 faries pel teu pitjor enemic? <\/span><b>Chimo<\/b><span style=\"font-weight: 400;\"> i <\/span><b>El Rubio<\/b><span style=\"font-weight: 400;\"> s\u00f3n dos adolescents de barri, v\u00edctima i botx\u00ed, assetjat i assetjador, les vides dels quals estan marcades per l\u2019enemistat i el ressentiment. Un dia, Chimo veu l\u2019oportunitat de venjar-se i posar fi a anys de patiment. Tanmateix, el que no sap \u00e9s que el dest\u00ed t\u00e9 un gir inesperat reservat per a tots dos. <\/span><b>&#8220;Encara que el <\/b><b><i>bullying<\/i><\/b><b> \u00e9s el detonant del conflicte, en realitat \u00e9s una pel\u00b7l\u00edcula sobre com des de l\u2019odi es pot construir una amistat pura&#8221;,<\/b><span style=\"font-weight: 400;\"> assegura el director.<\/span><\/p>\n<p><span style=\"font-weight: 400;\">Rodada a la <\/span><b>Comunitat Valenciana<\/b><span style=\"font-weight: 400;\">, \u2018Enemigos\u2019 es consolida com una de les obres m\u00e9s potents del nou cinema social valenci\u00e0. Avalada per les seues nominacions a <\/span><b>Millor Direcci\u00f3<\/b><span style=\"font-weight: 400;\"> i <\/span><b>Millor Gui\u00f3<\/b><span style=\"font-weight: 400;\"> als <\/span><b>Premis Lola Gaos<\/b><span style=\"font-weight: 400;\">, el llargmetratge, dirigit pel cineasta valenci\u00e0 <\/span><b>David Valero<\/b><span style=\"font-weight: 400;\"> i coescrit junt amb <\/span><b>Alfonso Amador<\/b><span style=\"font-weight: 400;\">, va ser presentat ahir per tots dos en la secci\u00f3 <\/span><b>Finestra<\/b><span style=\"font-weight: 400;\"> de la <\/span><b>Mostra de Val\u00e8ncia \u2013 Cinema del Mediterrani<\/b><span style=\"font-weight: 400;\">.<\/span><\/p>\n<p><span style=\"font-weight: 400;\">Encara que compta amb influ\u00e8ncies del cine quinqui, Valero nega que es tracte d\u2019una pel\u00b7l\u00edcula d\u2019aquest g\u00e8nere. <\/span><b>&#8220;\u00c9s m\u00e9s b\u00e9 cinema social, ja que tots els actors s\u00f3n professionals i no del carrer&#8221;.<\/b><span style=\"font-weight: 400;\"> La cinta est\u00e0 protagonitzada per <\/span><b>Christian Checa<\/b><span style=\"font-weight: 400;\"> i <\/span><b>Hugo Welzel<\/b><span style=\"font-weight: 400;\">, junt amb <\/span><b>Estefan\u00eda de los Santos<\/b><span style=\"font-weight: 400;\">, <\/span><b>Luna Pami\u00e9s<\/b><span style=\"font-weight: 400;\"> i <\/span><b>Jos\u00e9 Manuel Poga<\/b><span style=\"font-weight: 400;\">; la pel\u00b7l\u00edcula combina una mirada realista i emocional amb una est\u00e8tica s\u00f2bria i compromesa.<\/span><\/p>\n<p><span style=\"font-weight: 400;\">Valero, nascut a Alacant i establit a Val\u00e8ncia, descriu el film com &#8220;un projecte profundament personal i valenci\u00e0, nascut del record i les viv\u00e8ncies de la meua adolesc\u00e8ncia&#8221;. &#8220;Vinc d\u2019un barri on un jove exercia la viol\u00e8ncia sobre alguns amics i companys \u2014explica el director\u2014, i vaig voler traslladar eixa realitat al cinema amb empatia i sense maniqueismes&#8221;. I tot aix\u00f2 amb un objectiu ferm, afig el cineasta: <\/span><b>&#8220;Qualsevol assumpte que contribu\u00efsca a conscienciar la societat sobre una realitat, tant present com del passat, \u00e9s essencial, perqu\u00e8 quan existix consci\u00e8ncia pot haver-hi un canvi&#8221;<\/b><span style=\"font-weight: 400;\">. Per aix\u00f2, assegura que ha volgut evitar els clix\u00e9s, ja que en eixos barris alacantins trobem &#8220;grans comunitats i molta cultura&#8221;.<\/span><\/p>\n<p><span style=\"font-weight: 400;\">Amb producci\u00f3 de <\/span><b>At\u00edpica Films<\/b><span style=\"font-weight: 400;\"> i distribuci\u00f3 de <\/span><b>V\u00e9rtice 360<\/b><span style=\"font-weight: 400;\">, \u2018Enemigos\u2019 representa el comprom\u00eds de l\u2019audiovisual valenci\u00e0 amb les hist\u00f2ries pr\u00f2ximes i la consci\u00e8ncia social. &#8220;L\u2019art \u2014afirma <\/span><b>David Valero<\/b><span style=\"font-weight: 400;\">\u2014 \u00e9s una forma de canalitzar i transformar les nostres emocions; el cinema em permet expressar coses que no podria verbalitzar directament&#8221;.<\/span><\/p>\n","protected":false},"excerpt":{"rendered":"<p>El nou llargmetratge de David Valero arriba hui a la Mostra despr\u00e9s de les seues nominacions als Premis Lola Gaos Qu\u00e8 faries pel teu pitjor [&hellip;]<\/p>\n","protected":false},"author":1,"featured_media":30701,"comment_status":"open","ping_status":"open","sticky":false,"template":"","format":"standard","meta":{"_uag_custom_page_level_css":"","_jet_sm_ready_style":"","_jet_sm_style":"","_jet_sm_controls_values":"","_jet_sm_fonts_collection":"","_jet_sm_fonts_links":"","footnotes":""},"categories":[455],"tags":[],"class_list":["post-30706","post","type-post","status-publish","format-standard","has-post-thumbnail","hentry","category-noticies"],"yoast_head":"<!-- This site is optimized with the Yoast SEO plugin v27.5 - https:\/\/yoast.com\/product\/yoast-seo-wordpress\/ -->\n<title>\u2018Enemigos\u2019: l\u2019odi i la viol\u00e8ncia es transformen en consci\u00e8ncia als barris d\u2019Alacant - Mostra de Val\u00e8ncia<\/title>\n<meta name=\"robots\" content=\"index, follow, max-snippet:-1, max-image-preview:large, max-video-preview:-1\" \/>\n<link rel=\"canonical\" href=\"https:\/\/lamostradevalencia.com\/ca\/enemigos-lodi-i-la-violencia-es-transformen-en-consciencia-als-barris-dalacant\/\" \/>\n<meta property=\"og:locale\" content=\"ca_ES\" \/>\n<meta property=\"og:type\" content=\"article\" \/>\n<meta property=\"og:title\" content=\"\u2018Enemigos\u2019: l\u2019odi i la viol\u00e8ncia es transformen en consci\u00e8ncia als barris d\u2019Alacant - Mostra de Val\u00e8ncia\" \/>\n<meta property=\"og:description\" content=\"El nou llargmetratge de David Valero arriba hui a la Mostra despr\u00e9s de les seues nominacions als Premis Lola Gaos Qu\u00e8 faries pel teu pitjor [&hellip;]\" \/>\n<meta property=\"og:url\" content=\"https:\/\/lamostradevalencia.com\/ca\/enemigos-lodi-i-la-violencia-es-transformen-en-consciencia-als-barris-dalacant\/\" \/>\n<meta property=\"og:site_name\" content=\"Mostra de Val\u00e8ncia\" \/>\n<meta property=\"article:published_time\" content=\"2025-10-30T15:17:03+00:00\" \/>\n<meta property=\"article:modified_time\" content=\"2025-10-30T15:26:15+00:00\" \/>\n<meta property=\"og:image\" content=\"https:\/\/lamostradevalencia.com\/wp-content\/uploads\/2025\/10\/PHOTO-2025-10-30-14-01-36.jpg\" \/>\n\t<meta property=\"og:image:width\" content=\"1588\" \/>\n\t<meta property=\"og:image:height\" content=\"1600\" \/>\n\t<meta property=\"og:image:type\" content=\"image\/jpeg\" \/>\n<meta name=\"author\" content=\"Mostra de Val\u00e8ncia\" \/>\n<meta name=\"twitter:card\" content=\"summary_large_image\" \/>\n<meta name=\"twitter:label1\" content=\"Escrit per\" \/>\n\t<meta name=\"twitter:data1\" content=\"Mostra de Val\u00e8ncia\" \/>\n\t<meta name=\"twitter:label2\" content=\"Temps estimat de lectura\" \/>\n\t<meta name=\"twitter:data2\" content=\"3 minuts\" \/>\n<script type=\"application\/ld+json\" class=\"yoast-schema-graph\">{\"@context\":\"https:\\\/\\\/schema.org\",\"@graph\":[{\"@type\":\"Article\",\"@id\":\"https:\\\/\\\/lamostradevalencia.com\\\/ca\\\/enemigos-lodi-i-la-violencia-es-transformen-en-consciencia-als-barris-dalacant\\\/#article\",\"isPartOf\":{\"@id\":\"https:\\\/\\\/lamostradevalencia.com\\\/ca\\\/enemigos-lodi-i-la-violencia-es-transformen-en-consciencia-als-barris-dalacant\\\/\"},\"author\":{\"name\":\"Mostra de Val\u00e8ncia\",\"@id\":\"https:\\\/\\\/lamostradevalencia.com\\\/ca\\\/#\\\/schema\\\/person\\\/1dc07e4df3d6310b81d2cdf6a034070c\"},\"headline\":\"\u2018Enemigos\u2019: l\u2019odi i la viol\u00e8ncia es transformen en consci\u00e8ncia als barris d\u2019Alacant\",\"datePublished\":\"2025-10-30T15:17:03+00:00\",\"dateModified\":\"2025-10-30T15:26:15+00:00\",\"mainEntityOfPage\":{\"@id\":\"https:\\\/\\\/lamostradevalencia.com\\\/ca\\\/enemigos-lodi-i-la-violencia-es-transformen-en-consciencia-als-barris-dalacant\\\/\"},\"wordCount\":469,\"commentCount\":0,\"image\":{\"@id\":\"https:\\\/\\\/lamostradevalencia.com\\\/ca\\\/enemigos-lodi-i-la-violencia-es-transformen-en-consciencia-als-barris-dalacant\\\/#primaryimage\"},\"thumbnailUrl\":\"https:\\\/\\\/lamostradevalencia.com\\\/wp-content\\\/uploads\\\/2025\\\/10\\\/PHOTO-2025-10-30-14-01-36.jpg\",\"articleSection\":[\"Noticies\"],\"inLanguage\":\"ca\",\"potentialAction\":[{\"@type\":\"CommentAction\",\"name\":\"Comment\",\"target\":[\"https:\\\/\\\/lamostradevalencia.com\\\/ca\\\/enemigos-lodi-i-la-violencia-es-transformen-en-consciencia-als-barris-dalacant\\\/#respond\"]}]},{\"@type\":\"WebPage\",\"@id\":\"https:\\\/\\\/lamostradevalencia.com\\\/ca\\\/enemigos-lodi-i-la-violencia-es-transformen-en-consciencia-als-barris-dalacant\\\/\",\"url\":\"https:\\\/\\\/lamostradevalencia.com\\\/ca\\\/enemigos-lodi-i-la-violencia-es-transformen-en-consciencia-als-barris-dalacant\\\/\",\"name\":\"\u2018Enemigos\u2019: l\u2019odi i la viol\u00e8ncia es transformen en consci\u00e8ncia als barris d\u2019Alacant - Mostra de Val\u00e8ncia\",\"isPartOf\":{\"@id\":\"https:\\\/\\\/lamostradevalencia.com\\\/ca\\\/#website\"},\"primaryImageOfPage\":{\"@id\":\"https:\\\/\\\/lamostradevalencia.com\\\/ca\\\/enemigos-lodi-i-la-violencia-es-transformen-en-consciencia-als-barris-dalacant\\\/#primaryimage\"},\"image\":{\"@id\":\"https:\\\/\\\/lamostradevalencia.com\\\/ca\\\/enemigos-lodi-i-la-violencia-es-transformen-en-consciencia-als-barris-dalacant\\\/#primaryimage\"},\"thumbnailUrl\":\"https:\\\/\\\/lamostradevalencia.com\\\/wp-content\\\/uploads\\\/2025\\\/10\\\/PHOTO-2025-10-30-14-01-36.jpg\",\"datePublished\":\"2025-10-30T15:17:03+00:00\",\"dateModified\":\"2025-10-30T15:26:15+00:00\",\"author\":{\"@id\":\"https:\\\/\\\/lamostradevalencia.com\\\/ca\\\/#\\\/schema\\\/person\\\/1dc07e4df3d6310b81d2cdf6a034070c\"},\"breadcrumb\":{\"@id\":\"https:\\\/\\\/lamostradevalencia.com\\\/ca\\\/enemigos-lodi-i-la-violencia-es-transformen-en-consciencia-als-barris-dalacant\\\/#breadcrumb\"},\"inLanguage\":\"ca\",\"potentialAction\":[{\"@type\":\"ReadAction\",\"target\":[\"https:\\\/\\\/lamostradevalencia.com\\\/ca\\\/enemigos-lodi-i-la-violencia-es-transformen-en-consciencia-als-barris-dalacant\\\/\"]}]},{\"@type\":\"ImageObject\",\"inLanguage\":\"ca\",\"@id\":\"https:\\\/\\\/lamostradevalencia.com\\\/ca\\\/enemigos-lodi-i-la-violencia-es-transformen-en-consciencia-als-barris-dalacant\\\/#primaryimage\",\"url\":\"https:\\\/\\\/lamostradevalencia.com\\\/wp-content\\\/uploads\\\/2025\\\/10\\\/PHOTO-2025-10-30-14-01-36.jpg\",\"contentUrl\":\"https:\\\/\\\/lamostradevalencia.com\\\/wp-content\\\/uploads\\\/2025\\\/10\\\/PHOTO-2025-10-30-14-01-36.jpg\",\"width\":1588,\"height\":1600},{\"@type\":\"BreadcrumbList\",\"@id\":\"https:\\\/\\\/lamostradevalencia.com\\\/ca\\\/enemigos-lodi-i-la-violencia-es-transformen-en-consciencia-als-barris-dalacant\\\/#breadcrumb\",\"itemListElement\":[{\"@type\":\"ListItem\",\"position\":1,\"name\":\"Portada\",\"item\":\"https:\\\/\\\/lamostradevalencia.com\\\/ca\\\/\"},{\"@type\":\"ListItem\",\"position\":2,\"name\":\"\u2018Enemigos\u2019: l\u2019odi i la viol\u00e8ncia es transformen en consci\u00e8ncia als barris d\u2019Alacant\"}]},{\"@type\":\"WebSite\",\"@id\":\"https:\\\/\\\/lamostradevalencia.com\\\/ca\\\/#website\",\"url\":\"https:\\\/\\\/lamostradevalencia.com\\\/ca\\\/\",\"name\":\"Mostra de Val\u00e8ncia\",\"description\":\"Cinema del Mediterrani\",\"potentialAction\":[{\"@type\":\"SearchAction\",\"target\":{\"@type\":\"EntryPoint\",\"urlTemplate\":\"https:\\\/\\\/lamostradevalencia.com\\\/ca\\\/?s={search_term_string}\"},\"query-input\":{\"@type\":\"PropertyValueSpecification\",\"valueRequired\":true,\"valueName\":\"search_term_string\"}}],\"inLanguage\":\"ca\"},{\"@type\":\"Person\",\"@id\":\"https:\\\/\\\/lamostradevalencia.com\\\/ca\\\/#\\\/schema\\\/person\\\/1dc07e4df3d6310b81d2cdf6a034070c\",\"name\":\"Mostra de Val\u00e8ncia\",\"image\":{\"@type\":\"ImageObject\",\"inLanguage\":\"ca\",\"@id\":\"https:\\\/\\\/secure.gravatar.com\\\/avatar\\\/ada4dfd699a9907706987adb1bb2b361c2613ccca474b49b8c648de5208e32f8?s=96&d=mm&r=g\",\"url\":\"https:\\\/\\\/secure.gravatar.com\\\/avatar\\\/ada4dfd699a9907706987adb1bb2b361c2613ccca474b49b8c648de5208e32f8?s=96&d=mm&r=g\",\"contentUrl\":\"https:\\\/\\\/secure.gravatar.com\\\/avatar\\\/ada4dfd699a9907706987adb1bb2b361c2613ccca474b49b8c648de5208e32f8?s=96&d=mm&r=g\",\"caption\":\"Mostra de Val\u00e8ncia\"}}]}<\/script>\n<!-- \/ Yoast SEO plugin. -->","yoast_head_json":{"title":"\u2018Enemigos\u2019: l\u2019odi i la viol\u00e8ncia es transformen en consci\u00e8ncia als barris d\u2019Alacant - Mostra de Val\u00e8ncia","robots":{"index":"index","follow":"follow","max-snippet":"max-snippet:-1","max-image-preview":"max-image-preview:large","max-video-preview":"max-video-preview:-1"},"canonical":"https:\/\/lamostradevalencia.com\/ca\/enemigos-lodi-i-la-violencia-es-transformen-en-consciencia-als-barris-dalacant\/","og_locale":"ca_ES","og_type":"article","og_title":"\u2018Enemigos\u2019: l\u2019odi i la viol\u00e8ncia es transformen en consci\u00e8ncia als barris d\u2019Alacant - Mostra de Val\u00e8ncia","og_description":"El nou llargmetratge de David Valero arriba hui a la Mostra despr\u00e9s de les seues nominacions als Premis Lola Gaos Qu\u00e8 faries pel teu pitjor [&hellip;]","og_url":"https:\/\/lamostradevalencia.com\/ca\/enemigos-lodi-i-la-violencia-es-transformen-en-consciencia-als-barris-dalacant\/","og_site_name":"Mostra de Val\u00e8ncia","article_published_time":"2025-10-30T15:17:03+00:00","article_modified_time":"2025-10-30T15:26:15+00:00","og_image":[{"width":1588,"height":1600,"url":"https:\/\/lamostradevalencia.com\/wp-content\/uploads\/2025\/10\/PHOTO-2025-10-30-14-01-36.jpg","type":"image\/jpeg"}],"author":"Mostra de Val\u00e8ncia","twitter_card":"summary_large_image","twitter_misc":{"Escrit per":"Mostra de Val\u00e8ncia","Temps estimat de lectura":"3 minuts"},"schema":{"@context":"https:\/\/schema.org","@graph":[{"@type":"Article","@id":"https:\/\/lamostradevalencia.com\/ca\/enemigos-lodi-i-la-violencia-es-transformen-en-consciencia-als-barris-dalacant\/#article","isPartOf":{"@id":"https:\/\/lamostradevalencia.com\/ca\/enemigos-lodi-i-la-violencia-es-transformen-en-consciencia-als-barris-dalacant\/"},"author":{"name":"Mostra de Val\u00e8ncia","@id":"https:\/\/lamostradevalencia.com\/ca\/#\/schema\/person\/1dc07e4df3d6310b81d2cdf6a034070c"},"headline":"\u2018Enemigos\u2019: l\u2019odi i la viol\u00e8ncia es transformen en consci\u00e8ncia als barris d\u2019Alacant","datePublished":"2025-10-30T15:17:03+00:00","dateModified":"2025-10-30T15:26:15+00:00","mainEntityOfPage":{"@id":"https:\/\/lamostradevalencia.com\/ca\/enemigos-lodi-i-la-violencia-es-transformen-en-consciencia-als-barris-dalacant\/"},"wordCount":469,"commentCount":0,"image":{"@id":"https:\/\/lamostradevalencia.com\/ca\/enemigos-lodi-i-la-violencia-es-transformen-en-consciencia-als-barris-dalacant\/#primaryimage"},"thumbnailUrl":"https:\/\/lamostradevalencia.com\/wp-content\/uploads\/2025\/10\/PHOTO-2025-10-30-14-01-36.jpg","articleSection":["Noticies"],"inLanguage":"ca","potentialAction":[{"@type":"CommentAction","name":"Comment","target":["https:\/\/lamostradevalencia.com\/ca\/enemigos-lodi-i-la-violencia-es-transformen-en-consciencia-als-barris-dalacant\/#respond"]}]},{"@type":"WebPage","@id":"https:\/\/lamostradevalencia.com\/ca\/enemigos-lodi-i-la-violencia-es-transformen-en-consciencia-als-barris-dalacant\/","url":"https:\/\/lamostradevalencia.com\/ca\/enemigos-lodi-i-la-violencia-es-transformen-en-consciencia-als-barris-dalacant\/","name":"\u2018Enemigos\u2019: l\u2019odi i la viol\u00e8ncia es transformen en consci\u00e8ncia als barris d\u2019Alacant - Mostra de Val\u00e8ncia","isPartOf":{"@id":"https:\/\/lamostradevalencia.com\/ca\/#website"},"primaryImageOfPage":{"@id":"https:\/\/lamostradevalencia.com\/ca\/enemigos-lodi-i-la-violencia-es-transformen-en-consciencia-als-barris-dalacant\/#primaryimage"},"image":{"@id":"https:\/\/lamostradevalencia.com\/ca\/enemigos-lodi-i-la-violencia-es-transformen-en-consciencia-als-barris-dalacant\/#primaryimage"},"thumbnailUrl":"https:\/\/lamostradevalencia.com\/wp-content\/uploads\/2025\/10\/PHOTO-2025-10-30-14-01-36.jpg","datePublished":"2025-10-30T15:17:03+00:00","dateModified":"2025-10-30T15:26:15+00:00","author":{"@id":"https:\/\/lamostradevalencia.com\/ca\/#\/schema\/person\/1dc07e4df3d6310b81d2cdf6a034070c"},"breadcrumb":{"@id":"https:\/\/lamostradevalencia.com\/ca\/enemigos-lodi-i-la-violencia-es-transformen-en-consciencia-als-barris-dalacant\/#breadcrumb"},"inLanguage":"ca","potentialAction":[{"@type":"ReadAction","target":["https:\/\/lamostradevalencia.com\/ca\/enemigos-lodi-i-la-violencia-es-transformen-en-consciencia-als-barris-dalacant\/"]}]},{"@type":"ImageObject","inLanguage":"ca","@id":"https:\/\/lamostradevalencia.com\/ca\/enemigos-lodi-i-la-violencia-es-transformen-en-consciencia-als-barris-dalacant\/#primaryimage","url":"https:\/\/lamostradevalencia.com\/wp-content\/uploads\/2025\/10\/PHOTO-2025-10-30-14-01-36.jpg","contentUrl":"https:\/\/lamostradevalencia.com\/wp-content\/uploads\/2025\/10\/PHOTO-2025-10-30-14-01-36.jpg","width":1588,"height":1600},{"@type":"BreadcrumbList","@id":"https:\/\/lamostradevalencia.com\/ca\/enemigos-lodi-i-la-violencia-es-transformen-en-consciencia-als-barris-dalacant\/#breadcrumb","itemListElement":[{"@type":"ListItem","position":1,"name":"Portada","item":"https:\/\/lamostradevalencia.com\/ca\/"},{"@type":"ListItem","position":2,"name":"\u2018Enemigos\u2019: l\u2019odi i la viol\u00e8ncia es transformen en consci\u00e8ncia als barris d\u2019Alacant"}]},{"@type":"WebSite","@id":"https:\/\/lamostradevalencia.com\/ca\/#website","url":"https:\/\/lamostradevalencia.com\/ca\/","name":"Mostra de Val\u00e8ncia","description":"Cinema del Mediterrani","potentialAction":[{"@type":"SearchAction","target":{"@type":"EntryPoint","urlTemplate":"https:\/\/lamostradevalencia.com\/ca\/?s={search_term_string}"},"query-input":{"@type":"PropertyValueSpecification","valueRequired":true,"valueName":"search_term_string"}}],"inLanguage":"ca"},{"@type":"Person","@id":"https:\/\/lamostradevalencia.com\/ca\/#\/schema\/person\/1dc07e4df3d6310b81d2cdf6a034070c","name":"Mostra de Val\u00e8ncia","image":{"@type":"ImageObject","inLanguage":"ca","@id":"https:\/\/secure.gravatar.com\/avatar\/ada4dfd699a9907706987adb1bb2b361c2613ccca474b49b8c648de5208e32f8?s=96&d=mm&r=g","url":"https:\/\/secure.gravatar.com\/avatar\/ada4dfd699a9907706987adb1bb2b361c2613ccca474b49b8c648de5208e32f8?s=96&d=mm&r=g","contentUrl":"https:\/\/secure.gravatar.com\/avatar\/ada4dfd699a9907706987adb1bb2b361c2613ccca474b49b8c648de5208e32f8?s=96&d=mm&r=g","caption":"Mostra de Val\u00e8ncia"}}]}},"uagb_featured_image_src":{"full":["https:\/\/lamostradevalencia.com\/wp-content\/uploads\/2025\/10\/PHOTO-2025-10-30-14-01-36.jpg",1588,1600,false],"thumbnail":["https:\/\/lamostradevalencia.com\/wp-content\/uploads\/2025\/10\/PHOTO-2025-10-30-14-01-36-150x150.jpg",150,150,true],"medium":["https:\/\/lamostradevalencia.com\/wp-content\/uploads\/2025\/10\/PHOTO-2025-10-30-14-01-36-298x300.jpg",298,300,true],"medium_large":["https:\/\/lamostradevalencia.com\/wp-content\/uploads\/2025\/10\/PHOTO-2025-10-30-14-01-36-768x774.jpg",768,774,true],"large":["https:\/\/lamostradevalencia.com\/wp-content\/uploads\/2025\/10\/PHOTO-2025-10-30-14-01-36-1016x1024.jpg",1016,1024,true],"1536x1536":["https:\/\/lamostradevalencia.com\/wp-content\/uploads\/2025\/10\/PHOTO-2025-10-30-14-01-36-1524x1536.jpg",1524,1536,true],"2048x2048":["https:\/\/lamostradevalencia.com\/wp-content\/uploads\/2025\/10\/PHOTO-2025-10-30-14-01-36.jpg",1588,1600,false],"cinerama_edge_image_square":["https:\/\/lamostradevalencia.com\/wp-content\/uploads\/2025\/10\/PHOTO-2025-10-30-14-01-36-550x550.jpg",550,550,true],"cinerama_edge_image_landscape":["https:\/\/lamostradevalencia.com\/wp-content\/uploads\/2025\/10\/PHOTO-2025-10-30-14-01-36-1100x550.jpg",1100,550,true],"cinerama_edge_image_portrait":["https:\/\/lamostradevalencia.com\/wp-content\/uploads\/2025\/10\/PHOTO-2025-10-30-14-01-36-550x1100.jpg",550,1100,true],"cinerama_edge_image_huge":["https:\/\/lamostradevalencia.com\/wp-content\/uploads\/2025\/10\/PHOTO-2025-10-30-14-01-36-1100x1100.jpg",1100,1100,true],"gform-image-choice-sm":["https:\/\/lamostradevalencia.com\/wp-content\/uploads\/2025\/10\/PHOTO-2025-10-30-14-01-36.jpg",298,300,false],"gform-image-choice-md":["https:\/\/lamostradevalencia.com\/wp-content\/uploads\/2025\/10\/PHOTO-2025-10-30-14-01-36.jpg",397,400,false],"gform-image-choice-lg":["https:\/\/lamostradevalencia.com\/wp-content\/uploads\/2025\/10\/PHOTO-2025-10-30-14-01-36.jpg",596,600,false]},"uagb_author_info":{"display_name":"Mostra de Val\u00e8ncia","author_link":"https:\/\/lamostradevalencia.com\/ca\/author\/mostravalencia\/"},"uagb_comment_info":0,"uagb_excerpt":"El nou llargmetratge de David Valero arriba hui a la Mostra despr\u00e9s de les seues nominacions als Premis Lola Gaos Qu\u00e8 faries pel teu pitjor [&hellip;]","_links":{"self":[{"href":"https:\/\/lamostradevalencia.com\/ca\/wp-json\/wp\/v2\/posts\/30706","targetHints":{"allow":["GET"]}}],"collection":[{"href":"https:\/\/lamostradevalencia.com\/ca\/wp-json\/wp\/v2\/posts"}],"about":[{"href":"https:\/\/lamostradevalencia.com\/ca\/wp-json\/wp\/v2\/types\/post"}],"author":[{"embeddable":true,"href":"https:\/\/lamostradevalencia.com\/ca\/wp-json\/wp\/v2\/users\/1"}],"replies":[{"embeddable":true,"href":"https:\/\/lamostradevalencia.com\/ca\/wp-json\/wp\/v2\/comments?post=30706"}],"version-history":[{"count":2,"href":"https:\/\/lamostradevalencia.com\/ca\/wp-json\/wp\/v2\/posts\/30706\/revisions"}],"predecessor-version":[{"id":30708,"href":"https:\/\/lamostradevalencia.com\/ca\/wp-json\/wp\/v2\/posts\/30706\/revisions\/30708"}],"wp:featuredmedia":[{"embeddable":true,"href":"https:\/\/lamostradevalencia.com\/ca\/wp-json\/wp\/v2\/media\/30701"}],"wp:attachment":[{"href":"https:\/\/lamostradevalencia.com\/ca\/wp-json\/wp\/v2\/media?parent=30706"}],"wp:term":[{"taxonomy":"category","embeddable":true,"href":"https:\/\/lamostradevalencia.com\/ca\/wp-json\/wp\/v2\/categories?post=30706"},{"taxonomy":"post_tag","embeddable":true,"href":"https:\/\/lamostradevalencia.com\/ca\/wp-json\/wp\/v2\/tags?post=30706"}],"curies":[{"name":"wp","href":"https:\/\/api.w.org\/{rel}","templated":true}]}}