{"id":30686,"date":"2025-10-28T18:08:37","date_gmt":"2025-10-28T17:08:37","guid":{"rendered":"https:\/\/lamostradevalencia.com\/?p=30686"},"modified":"2025-10-28T18:08:02","modified_gmt":"2025-10-28T17:08:02","slug":"el-603-de-les-dones-dentre-20-i-mes-de-50-anys-de-laudiovisual-declaren-haver-patit-violencia-sexual","status":"publish","type":"post","link":"https:\/\/lamostradevalencia.com\/ca\/el-603-de-les-dones-dentre-20-i-mes-de-50-anys-de-laudiovisual-declaren-haver-patit-violencia-sexual\/","title":{"rendered":"El 60,3% de les dones d\u2019entre 20 i m\u00e9s de 50 anys de l\u2019audiovisual declaren haver patit viol\u00e8ncia sexual"},"content":{"rendered":"<p><i><span style=\"font-weight: 400;\">CIMA presenta en la Mostra de Val\u00e8ncia les conclusions del seu primer informe sobre abusos en el sector<\/span><\/i><\/p>\n<p><span style=\"font-weight: 400;\">\u201c<\/span><b>Despu\u00e9s del silencio. Impacto de los abusos y violencias sexuales contras las mujeres en la industria del cine y el audiovisual<\/b><span style=\"font-weight: 400;\">\u201d \u00e9s el t\u00edtol del primer informe estatal sobre viol\u00e8ncia sexual en el sector del cinema i de l\u2019audiovisual publicat per <\/span><b>CIMA<\/b><span style=\"font-weight: 400;\"> (Associaci\u00f3n de Mujeres Cineastas y de Medios Audiovisuales), les presentacions del qual continuen recorrent alguns dels principals festivals i espais professionals de l\u2019audiovisual del territori espanyol.<\/span><\/p>\n<p><span style=\"font-weight: 400;\">Hui li ha tocat el torn a la <\/span><b>Mostra de Val\u00e8ncia<\/b><span style=\"font-weight: 400;\">, que ha comptat amb la pres\u00e8ncia de les seues dues autores: <\/span><b>Nerea Barjola<\/b><span style=\"font-weight: 400;\">, polit\u00f2loga, Doctora en Feminismes i G\u00e8nere, activista pels drets de les dones i autora de \u201cMicrof\u00edsica sexista del poder\u201d; i <\/span><b>B\u00e1rbara Tard\u00f3n<\/b><span style=\"font-weight: 400;\">, Doctora en Estudis Interdisciplinaris de G\u00e8nere i experta en viol\u00e8ncia sexual contra les dones i drets humans.<\/span><\/p>\n<p><span style=\"font-weight: 400;\">Els resultats no poden ser m\u00e9s demolidors: el <\/span><b>60,3% de les dones d\u2019entre 20 i m\u00e9s de 50 anys<\/b><span style=\"font-weight: 400;\"> entrevistades declaren haver patit algun tipus de viol\u00e8ncia sexual en els espais relacionats amb la ind\u00fastria del cinema i de l\u2019audiovisual. M\u00e9s de la meitat de les dones, independentment de la seua edat, han patit algun tipus de viol\u00e8ncia sexual en el sector. Totes les dones professionals (interpretaci\u00f3, direcci\u00f3, art, maquillatge i perruqueria, so, gui\u00f3, producci\u00f3, postproducci\u00f3 i altres) han afrontat alguna forma de viol\u00e8ncia sexual.<\/span><\/p>\n<p><span style=\"font-weight: 400;\">El <\/span><b>81,4%<\/b><span style=\"font-weight: 400;\"> de les dones que han patit viol\u00e8ncia sexual manifesten haver afrontat assetjament verbal. El <\/span><b>49,5%<\/b><span style=\"font-weight: 400;\"> de les dones que revelen haver patit viol\u00e8ncia sexual han afrontat assetjament f\u00edsic. El <\/span><b>22,3%<\/b><span style=\"font-weight: 400;\"> de les dones que han patit viol\u00e8ncia sexual l\u2019han sofert facilitat per l\u2019\u00fas de les tecnologies, afrontant assetjament virtual i\/o digital.<\/span><\/p>\n<p><span style=\"font-weight: 400;\">El <\/span><b>92%<\/b><span style=\"font-weight: 400;\"> de les dones que han afrontat viol\u00e8ncia sexual no han denunciat la viol\u00e8ncia sexual patida. Tan sols el <\/span><b>6,9%<\/b><span style=\"font-weight: 400;\"> de les dones que han patit viol\u00e8ncia sexual han denunciat el que ha succe\u00eft davant un cos de seguretat de l\u2019estat, policia auton\u00f2mica, jutjat o una altra instituci\u00f3. Nom\u00e9s el <\/span><b>4,3%<\/b><span style=\"font-weight: 400;\"> de les dones van traslladar el que havia passat a una instituci\u00f3 o associaci\u00f3 especialitzada. Tot just el <\/span><b>13,6%<\/b><span style=\"font-weight: 400;\"> ho van poder contar a una persona responsable (cap\/a de recursos humans).<\/span><\/p>\n<p><span style=\"font-weight: 400;\">Dins d\u2019aquest context actual de postveritat, <\/span><b>B\u00e1rbara Tard\u00f3n<\/b><span style=\"font-weight: 400;\"> ha assegurat que \u201cl\u2019informe \u00e9s el resultat d\u2019un any de treball d\u2019investigaci\u00f3 que es fonamenta en un marc te\u00f2ric i cient\u00edfic\u201d. Les seues troballes indiquen que, malauradament, la viol\u00e8ncia sexual est\u00e0 \u201cnaturalitzada dins de la ind\u00fastria audiovisual i s\u2019exerceix en tots els espais: rodatge, llocs d\u2019oci, festes d\u2019estrena, espais privats de productores, apartaments, escoles d\u00ednterpretaci\u00f3, etc. Una viol\u00e8ncia que tamb\u00e9 es reprodueix en els entorns digitals\u201d. <\/span><b>Nerea Barjola<\/b><span style=\"font-weight: 400;\"> ha subratllat \u201cla import\u00e0ncia de continuar divulgant l\u2019informe i que continuen presents les dades i la realitat que revelen per a no afegir m\u00e9s silenci al silenci\u201d.<\/span><\/p>\n<p><span style=\"font-weight: 400;\">M\u00e9s enll\u00e0 d\u2019aquestes dades concretes, els resultats obtinguts evidencien: patrons reiterats de normalitzaci\u00f3 i naturalitzaci\u00f3 en l\u2019exercici de les m\u00faltiples formes de viol\u00e8ncia sexual contra les professionals de la ind\u00fastria, impunitat cap a qui l\u2019exerceixen, l\u2019impacte psicosocial i les conseq\u00fc\u00e8ncies emocionals en les vides de les dones i en els seus projectes de vida, com a resultat de la viol\u00e8ncia sexual patida i la desatenci\u00f3 de la ind\u00fastria i de les institucions competents en la seua responsabilitat de prevenir, assistir integralment, reparar les v\u00edctimes i supervivents i sancionar els agressors.<\/span><\/p>\n<p><span style=\"font-weight: 400;\">Per a obtindre aquests resultats s\u2019han utilitzat t\u00e8cniques quantitatives i qualitatives, entre les quals s\u2019hi inclogu\u00e9 una enquesta en l\u00ednia a s\u00f2cies de <\/span><b>CIMA<\/b><span style=\"font-weight: 400;\"> que va obtindre <\/span><b>312 respostes<\/b><span style=\"font-weight: 400;\">. La viol\u00e8ncia contra les dones i, de manera concreta, la viol\u00e8ncia sexual exercida contra les dones en la ind\u00fastria del cinema i de l\u2019audiovisual, s\u2019ent\u00e9n no sols com a actes individuals exercits per homes concrets de la ind\u00fastria sobre dones espec\u00edfiques, sin\u00f3 com una viol\u00e8ncia estructural integrada com a part de la resta de pilars que sostenen i perpetuen el patriarcat.<\/span><\/p>\n","protected":false},"excerpt":{"rendered":"<p>CIMA presenta en la Mostra de Val\u00e8ncia les conclusions del seu primer informe sobre abusos en el sector \u201cDespu\u00e9s del silencio. Impacto de los abusos [&hellip;]<\/p>\n","protected":false},"author":1,"featured_media":30679,"comment_status":"open","ping_status":"open","sticky":false,"template":"","format":"standard","meta":{"_uag_custom_page_level_css":"","_jet_sm_ready_style":"","_jet_sm_style":"","_jet_sm_controls_values":"","_jet_sm_fonts_collection":"","_jet_sm_fonts_links":"","footnotes":""},"categories":[455],"tags":[],"class_list":["post-30686","post","type-post","status-publish","format-standard","has-post-thumbnail","hentry","category-noticies"],"yoast_head":"<!-- This site is optimized with the Yoast SEO plugin v27.5 - https:\/\/yoast.com\/product\/yoast-seo-wordpress\/ -->\n<title>El 60,3% de les dones d\u2019entre 20 i m\u00e9s de 50 anys de l\u2019audiovisual declaren haver patit viol\u00e8ncia sexual - Mostra de Val\u00e8ncia<\/title>\n<meta name=\"robots\" content=\"index, follow, max-snippet:-1, max-image-preview:large, max-video-preview:-1\" \/>\n<link rel=\"canonical\" href=\"https:\/\/lamostradevalencia.com\/ca\/el-603-de-les-dones-dentre-20-i-mes-de-50-anys-de-laudiovisual-declaren-haver-patit-violencia-sexual\/\" \/>\n<meta property=\"og:locale\" content=\"ca_ES\" \/>\n<meta property=\"og:type\" content=\"article\" \/>\n<meta property=\"og:title\" content=\"El 60,3% de les dones d\u2019entre 20 i m\u00e9s de 50 anys de l\u2019audiovisual declaren haver patit viol\u00e8ncia sexual - Mostra de Val\u00e8ncia\" \/>\n<meta property=\"og:description\" content=\"CIMA presenta en la Mostra de Val\u00e8ncia les conclusions del seu primer informe sobre abusos en el sector \u201cDespu\u00e9s del silencio. Impacto de los abusos [&hellip;]\" \/>\n<meta property=\"og:url\" content=\"https:\/\/lamostradevalencia.com\/ca\/el-603-de-les-dones-dentre-20-i-mes-de-50-anys-de-laudiovisual-declaren-haver-patit-violencia-sexual\/\" \/>\n<meta property=\"og:site_name\" content=\"Mostra de Val\u00e8ncia\" \/>\n<meta property=\"article:published_time\" content=\"2025-10-28T17:08:37+00:00\" \/>\n<meta property=\"og:image\" content=\"https:\/\/lamostradevalencia.com\/wp-content\/uploads\/2025\/10\/PHOTO-2025-10-28-17-43-44.jpg\" \/>\n\t<meta property=\"og:image:width\" content=\"1280\" \/>\n\t<meta property=\"og:image:height\" content=\"853\" \/>\n\t<meta property=\"og:image:type\" content=\"image\/jpeg\" \/>\n<meta name=\"author\" content=\"Mostra de Val\u00e8ncia\" \/>\n<meta name=\"twitter:card\" content=\"summary_large_image\" \/>\n<meta name=\"twitter:label1\" content=\"Escrit per\" \/>\n\t<meta name=\"twitter:data1\" content=\"Mostra de Val\u00e8ncia\" \/>\n\t<meta name=\"twitter:label2\" content=\"Temps estimat de lectura\" \/>\n\t<meta name=\"twitter:data2\" content=\"4 minuts\" \/>\n<script type=\"application\/ld+json\" class=\"yoast-schema-graph\">{\"@context\":\"https:\\\/\\\/schema.org\",\"@graph\":[{\"@type\":\"Article\",\"@id\":\"https:\\\/\\\/lamostradevalencia.com\\\/ca\\\/el-603-de-les-dones-dentre-20-i-mes-de-50-anys-de-laudiovisual-declaren-haver-patit-violencia-sexual\\\/#article\",\"isPartOf\":{\"@id\":\"https:\\\/\\\/lamostradevalencia.com\\\/ca\\\/el-603-de-les-dones-dentre-20-i-mes-de-50-anys-de-laudiovisual-declaren-haver-patit-violencia-sexual\\\/\"},\"author\":{\"name\":\"Mostra de Val\u00e8ncia\",\"@id\":\"https:\\\/\\\/lamostradevalencia.com\\\/ca\\\/#\\\/schema\\\/person\\\/1dc07e4df3d6310b81d2cdf6a034070c\"},\"headline\":\"El 60,3% de les dones d\u2019entre 20 i m\u00e9s de 50 anys de l\u2019audiovisual declaren haver patit viol\u00e8ncia sexual\",\"datePublished\":\"2025-10-28T17:08:37+00:00\",\"mainEntityOfPage\":{\"@id\":\"https:\\\/\\\/lamostradevalencia.com\\\/ca\\\/el-603-de-les-dones-dentre-20-i-mes-de-50-anys-de-laudiovisual-declaren-haver-patit-violencia-sexual\\\/\"},\"wordCount\":746,\"commentCount\":0,\"image\":{\"@id\":\"https:\\\/\\\/lamostradevalencia.com\\\/ca\\\/el-603-de-les-dones-dentre-20-i-mes-de-50-anys-de-laudiovisual-declaren-haver-patit-violencia-sexual\\\/#primaryimage\"},\"thumbnailUrl\":\"https:\\\/\\\/lamostradevalencia.com\\\/wp-content\\\/uploads\\\/2025\\\/10\\\/PHOTO-2025-10-28-17-43-44.jpg\",\"articleSection\":[\"Noticies\"],\"inLanguage\":\"ca\",\"potentialAction\":[{\"@type\":\"CommentAction\",\"name\":\"Comment\",\"target\":[\"https:\\\/\\\/lamostradevalencia.com\\\/ca\\\/el-603-de-les-dones-dentre-20-i-mes-de-50-anys-de-laudiovisual-declaren-haver-patit-violencia-sexual\\\/#respond\"]}]},{\"@type\":\"WebPage\",\"@id\":\"https:\\\/\\\/lamostradevalencia.com\\\/ca\\\/el-603-de-les-dones-dentre-20-i-mes-de-50-anys-de-laudiovisual-declaren-haver-patit-violencia-sexual\\\/\",\"url\":\"https:\\\/\\\/lamostradevalencia.com\\\/ca\\\/el-603-de-les-dones-dentre-20-i-mes-de-50-anys-de-laudiovisual-declaren-haver-patit-violencia-sexual\\\/\",\"name\":\"El 60,3% de les dones d\u2019entre 20 i m\u00e9s de 50 anys de l\u2019audiovisual declaren haver patit viol\u00e8ncia sexual - Mostra de Val\u00e8ncia\",\"isPartOf\":{\"@id\":\"https:\\\/\\\/lamostradevalencia.com\\\/ca\\\/#website\"},\"primaryImageOfPage\":{\"@id\":\"https:\\\/\\\/lamostradevalencia.com\\\/ca\\\/el-603-de-les-dones-dentre-20-i-mes-de-50-anys-de-laudiovisual-declaren-haver-patit-violencia-sexual\\\/#primaryimage\"},\"image\":{\"@id\":\"https:\\\/\\\/lamostradevalencia.com\\\/ca\\\/el-603-de-les-dones-dentre-20-i-mes-de-50-anys-de-laudiovisual-declaren-haver-patit-violencia-sexual\\\/#primaryimage\"},\"thumbnailUrl\":\"https:\\\/\\\/lamostradevalencia.com\\\/wp-content\\\/uploads\\\/2025\\\/10\\\/PHOTO-2025-10-28-17-43-44.jpg\",\"datePublished\":\"2025-10-28T17:08:37+00:00\",\"author\":{\"@id\":\"https:\\\/\\\/lamostradevalencia.com\\\/ca\\\/#\\\/schema\\\/person\\\/1dc07e4df3d6310b81d2cdf6a034070c\"},\"breadcrumb\":{\"@id\":\"https:\\\/\\\/lamostradevalencia.com\\\/ca\\\/el-603-de-les-dones-dentre-20-i-mes-de-50-anys-de-laudiovisual-declaren-haver-patit-violencia-sexual\\\/#breadcrumb\"},\"inLanguage\":\"ca\",\"potentialAction\":[{\"@type\":\"ReadAction\",\"target\":[\"https:\\\/\\\/lamostradevalencia.com\\\/ca\\\/el-603-de-les-dones-dentre-20-i-mes-de-50-anys-de-laudiovisual-declaren-haver-patit-violencia-sexual\\\/\"]}]},{\"@type\":\"ImageObject\",\"inLanguage\":\"ca\",\"@id\":\"https:\\\/\\\/lamostradevalencia.com\\\/ca\\\/el-603-de-les-dones-dentre-20-i-mes-de-50-anys-de-laudiovisual-declaren-haver-patit-violencia-sexual\\\/#primaryimage\",\"url\":\"https:\\\/\\\/lamostradevalencia.com\\\/wp-content\\\/uploads\\\/2025\\\/10\\\/PHOTO-2025-10-28-17-43-44.jpg\",\"contentUrl\":\"https:\\\/\\\/lamostradevalencia.com\\\/wp-content\\\/uploads\\\/2025\\\/10\\\/PHOTO-2025-10-28-17-43-44.jpg\",\"width\":1280,\"height\":853},{\"@type\":\"BreadcrumbList\",\"@id\":\"https:\\\/\\\/lamostradevalencia.com\\\/ca\\\/el-603-de-les-dones-dentre-20-i-mes-de-50-anys-de-laudiovisual-declaren-haver-patit-violencia-sexual\\\/#breadcrumb\",\"itemListElement\":[{\"@type\":\"ListItem\",\"position\":1,\"name\":\"Portada\",\"item\":\"https:\\\/\\\/lamostradevalencia.com\\\/ca\\\/\"},{\"@type\":\"ListItem\",\"position\":2,\"name\":\"El 60,3% de les dones d\u2019entre 20 i m\u00e9s de 50 anys de l\u2019audiovisual declaren haver patit viol\u00e8ncia sexual\"}]},{\"@type\":\"WebSite\",\"@id\":\"https:\\\/\\\/lamostradevalencia.com\\\/ca\\\/#website\",\"url\":\"https:\\\/\\\/lamostradevalencia.com\\\/ca\\\/\",\"name\":\"Mostra de Val\u00e8ncia\",\"description\":\"Cinema del Mediterrani\",\"potentialAction\":[{\"@type\":\"SearchAction\",\"target\":{\"@type\":\"EntryPoint\",\"urlTemplate\":\"https:\\\/\\\/lamostradevalencia.com\\\/ca\\\/?s={search_term_string}\"},\"query-input\":{\"@type\":\"PropertyValueSpecification\",\"valueRequired\":true,\"valueName\":\"search_term_string\"}}],\"inLanguage\":\"ca\"},{\"@type\":\"Person\",\"@id\":\"https:\\\/\\\/lamostradevalencia.com\\\/ca\\\/#\\\/schema\\\/person\\\/1dc07e4df3d6310b81d2cdf6a034070c\",\"name\":\"Mostra de Val\u00e8ncia\",\"image\":{\"@type\":\"ImageObject\",\"inLanguage\":\"ca\",\"@id\":\"https:\\\/\\\/secure.gravatar.com\\\/avatar\\\/ada4dfd699a9907706987adb1bb2b361c2613ccca474b49b8c648de5208e32f8?s=96&d=mm&r=g\",\"url\":\"https:\\\/\\\/secure.gravatar.com\\\/avatar\\\/ada4dfd699a9907706987adb1bb2b361c2613ccca474b49b8c648de5208e32f8?s=96&d=mm&r=g\",\"contentUrl\":\"https:\\\/\\\/secure.gravatar.com\\\/avatar\\\/ada4dfd699a9907706987adb1bb2b361c2613ccca474b49b8c648de5208e32f8?s=96&d=mm&r=g\",\"caption\":\"Mostra de Val\u00e8ncia\"}}]}<\/script>\n<!-- \/ Yoast SEO plugin. -->","yoast_head_json":{"title":"El 60,3% de les dones d\u2019entre 20 i m\u00e9s de 50 anys de l\u2019audiovisual declaren haver patit viol\u00e8ncia sexual - Mostra de Val\u00e8ncia","robots":{"index":"index","follow":"follow","max-snippet":"max-snippet:-1","max-image-preview":"max-image-preview:large","max-video-preview":"max-video-preview:-1"},"canonical":"https:\/\/lamostradevalencia.com\/ca\/el-603-de-les-dones-dentre-20-i-mes-de-50-anys-de-laudiovisual-declaren-haver-patit-violencia-sexual\/","og_locale":"ca_ES","og_type":"article","og_title":"El 60,3% de les dones d\u2019entre 20 i m\u00e9s de 50 anys de l\u2019audiovisual declaren haver patit viol\u00e8ncia sexual - Mostra de Val\u00e8ncia","og_description":"CIMA presenta en la Mostra de Val\u00e8ncia les conclusions del seu primer informe sobre abusos en el sector \u201cDespu\u00e9s del silencio. Impacto de los abusos [&hellip;]","og_url":"https:\/\/lamostradevalencia.com\/ca\/el-603-de-les-dones-dentre-20-i-mes-de-50-anys-de-laudiovisual-declaren-haver-patit-violencia-sexual\/","og_site_name":"Mostra de Val\u00e8ncia","article_published_time":"2025-10-28T17:08:37+00:00","og_image":[{"width":1280,"height":853,"url":"https:\/\/lamostradevalencia.com\/wp-content\/uploads\/2025\/10\/PHOTO-2025-10-28-17-43-44.jpg","type":"image\/jpeg"}],"author":"Mostra de Val\u00e8ncia","twitter_card":"summary_large_image","twitter_misc":{"Escrit per":"Mostra de Val\u00e8ncia","Temps estimat de lectura":"4 minuts"},"schema":{"@context":"https:\/\/schema.org","@graph":[{"@type":"Article","@id":"https:\/\/lamostradevalencia.com\/ca\/el-603-de-les-dones-dentre-20-i-mes-de-50-anys-de-laudiovisual-declaren-haver-patit-violencia-sexual\/#article","isPartOf":{"@id":"https:\/\/lamostradevalencia.com\/ca\/el-603-de-les-dones-dentre-20-i-mes-de-50-anys-de-laudiovisual-declaren-haver-patit-violencia-sexual\/"},"author":{"name":"Mostra de Val\u00e8ncia","@id":"https:\/\/lamostradevalencia.com\/ca\/#\/schema\/person\/1dc07e4df3d6310b81d2cdf6a034070c"},"headline":"El 60,3% de les dones d\u2019entre 20 i m\u00e9s de 50 anys de l\u2019audiovisual declaren haver patit viol\u00e8ncia sexual","datePublished":"2025-10-28T17:08:37+00:00","mainEntityOfPage":{"@id":"https:\/\/lamostradevalencia.com\/ca\/el-603-de-les-dones-dentre-20-i-mes-de-50-anys-de-laudiovisual-declaren-haver-patit-violencia-sexual\/"},"wordCount":746,"commentCount":0,"image":{"@id":"https:\/\/lamostradevalencia.com\/ca\/el-603-de-les-dones-dentre-20-i-mes-de-50-anys-de-laudiovisual-declaren-haver-patit-violencia-sexual\/#primaryimage"},"thumbnailUrl":"https:\/\/lamostradevalencia.com\/wp-content\/uploads\/2025\/10\/PHOTO-2025-10-28-17-43-44.jpg","articleSection":["Noticies"],"inLanguage":"ca","potentialAction":[{"@type":"CommentAction","name":"Comment","target":["https:\/\/lamostradevalencia.com\/ca\/el-603-de-les-dones-dentre-20-i-mes-de-50-anys-de-laudiovisual-declaren-haver-patit-violencia-sexual\/#respond"]}]},{"@type":"WebPage","@id":"https:\/\/lamostradevalencia.com\/ca\/el-603-de-les-dones-dentre-20-i-mes-de-50-anys-de-laudiovisual-declaren-haver-patit-violencia-sexual\/","url":"https:\/\/lamostradevalencia.com\/ca\/el-603-de-les-dones-dentre-20-i-mes-de-50-anys-de-laudiovisual-declaren-haver-patit-violencia-sexual\/","name":"El 60,3% de les dones d\u2019entre 20 i m\u00e9s de 50 anys de l\u2019audiovisual declaren haver patit viol\u00e8ncia sexual - Mostra de Val\u00e8ncia","isPartOf":{"@id":"https:\/\/lamostradevalencia.com\/ca\/#website"},"primaryImageOfPage":{"@id":"https:\/\/lamostradevalencia.com\/ca\/el-603-de-les-dones-dentre-20-i-mes-de-50-anys-de-laudiovisual-declaren-haver-patit-violencia-sexual\/#primaryimage"},"image":{"@id":"https:\/\/lamostradevalencia.com\/ca\/el-603-de-les-dones-dentre-20-i-mes-de-50-anys-de-laudiovisual-declaren-haver-patit-violencia-sexual\/#primaryimage"},"thumbnailUrl":"https:\/\/lamostradevalencia.com\/wp-content\/uploads\/2025\/10\/PHOTO-2025-10-28-17-43-44.jpg","datePublished":"2025-10-28T17:08:37+00:00","author":{"@id":"https:\/\/lamostradevalencia.com\/ca\/#\/schema\/person\/1dc07e4df3d6310b81d2cdf6a034070c"},"breadcrumb":{"@id":"https:\/\/lamostradevalencia.com\/ca\/el-603-de-les-dones-dentre-20-i-mes-de-50-anys-de-laudiovisual-declaren-haver-patit-violencia-sexual\/#breadcrumb"},"inLanguage":"ca","potentialAction":[{"@type":"ReadAction","target":["https:\/\/lamostradevalencia.com\/ca\/el-603-de-les-dones-dentre-20-i-mes-de-50-anys-de-laudiovisual-declaren-haver-patit-violencia-sexual\/"]}]},{"@type":"ImageObject","inLanguage":"ca","@id":"https:\/\/lamostradevalencia.com\/ca\/el-603-de-les-dones-dentre-20-i-mes-de-50-anys-de-laudiovisual-declaren-haver-patit-violencia-sexual\/#primaryimage","url":"https:\/\/lamostradevalencia.com\/wp-content\/uploads\/2025\/10\/PHOTO-2025-10-28-17-43-44.jpg","contentUrl":"https:\/\/lamostradevalencia.com\/wp-content\/uploads\/2025\/10\/PHOTO-2025-10-28-17-43-44.jpg","width":1280,"height":853},{"@type":"BreadcrumbList","@id":"https:\/\/lamostradevalencia.com\/ca\/el-603-de-les-dones-dentre-20-i-mes-de-50-anys-de-laudiovisual-declaren-haver-patit-violencia-sexual\/#breadcrumb","itemListElement":[{"@type":"ListItem","position":1,"name":"Portada","item":"https:\/\/lamostradevalencia.com\/ca\/"},{"@type":"ListItem","position":2,"name":"El 60,3% de les dones d\u2019entre 20 i m\u00e9s de 50 anys de l\u2019audiovisual declaren haver patit viol\u00e8ncia sexual"}]},{"@type":"WebSite","@id":"https:\/\/lamostradevalencia.com\/ca\/#website","url":"https:\/\/lamostradevalencia.com\/ca\/","name":"Mostra de Val\u00e8ncia","description":"Cinema del Mediterrani","potentialAction":[{"@type":"SearchAction","target":{"@type":"EntryPoint","urlTemplate":"https:\/\/lamostradevalencia.com\/ca\/?s={search_term_string}"},"query-input":{"@type":"PropertyValueSpecification","valueRequired":true,"valueName":"search_term_string"}}],"inLanguage":"ca"},{"@type":"Person","@id":"https:\/\/lamostradevalencia.com\/ca\/#\/schema\/person\/1dc07e4df3d6310b81d2cdf6a034070c","name":"Mostra de Val\u00e8ncia","image":{"@type":"ImageObject","inLanguage":"ca","@id":"https:\/\/secure.gravatar.com\/avatar\/ada4dfd699a9907706987adb1bb2b361c2613ccca474b49b8c648de5208e32f8?s=96&d=mm&r=g","url":"https:\/\/secure.gravatar.com\/avatar\/ada4dfd699a9907706987adb1bb2b361c2613ccca474b49b8c648de5208e32f8?s=96&d=mm&r=g","contentUrl":"https:\/\/secure.gravatar.com\/avatar\/ada4dfd699a9907706987adb1bb2b361c2613ccca474b49b8c648de5208e32f8?s=96&d=mm&r=g","caption":"Mostra de Val\u00e8ncia"}}]}},"uagb_featured_image_src":{"full":["https:\/\/lamostradevalencia.com\/wp-content\/uploads\/2025\/10\/PHOTO-2025-10-28-17-43-44.jpg",1280,853,false],"thumbnail":["https:\/\/lamostradevalencia.com\/wp-content\/uploads\/2025\/10\/PHOTO-2025-10-28-17-43-44-150x150.jpg",150,150,true],"medium":["https:\/\/lamostradevalencia.com\/wp-content\/uploads\/2025\/10\/PHOTO-2025-10-28-17-43-44-300x200.jpg",300,200,true],"medium_large":["https:\/\/lamostradevalencia.com\/wp-content\/uploads\/2025\/10\/PHOTO-2025-10-28-17-43-44-768x512.jpg",768,512,true],"large":["https:\/\/lamostradevalencia.com\/wp-content\/uploads\/2025\/10\/PHOTO-2025-10-28-17-43-44-1024x682.jpg",1024,682,true],"1536x1536":["https:\/\/lamostradevalencia.com\/wp-content\/uploads\/2025\/10\/PHOTO-2025-10-28-17-43-44.jpg",1280,853,false],"2048x2048":["https:\/\/lamostradevalencia.com\/wp-content\/uploads\/2025\/10\/PHOTO-2025-10-28-17-43-44.jpg",1280,853,false],"cinerama_edge_image_square":["https:\/\/lamostradevalencia.com\/wp-content\/uploads\/2025\/10\/PHOTO-2025-10-28-17-43-44-550x550.jpg",550,550,true],"cinerama_edge_image_landscape":["https:\/\/lamostradevalencia.com\/wp-content\/uploads\/2025\/10\/PHOTO-2025-10-28-17-43-44-1100x550.jpg",1100,550,true],"cinerama_edge_image_portrait":["https:\/\/lamostradevalencia.com\/wp-content\/uploads\/2025\/10\/PHOTO-2025-10-28-17-43-44-550x853.jpg",550,853,true],"cinerama_edge_image_huge":["https:\/\/lamostradevalencia.com\/wp-content\/uploads\/2025\/10\/PHOTO-2025-10-28-17-43-44-1100x853.jpg",1100,853,true],"gform-image-choice-sm":["https:\/\/lamostradevalencia.com\/wp-content\/uploads\/2025\/10\/PHOTO-2025-10-28-17-43-44.jpg",300,200,false],"gform-image-choice-md":["https:\/\/lamostradevalencia.com\/wp-content\/uploads\/2025\/10\/PHOTO-2025-10-28-17-43-44.jpg",400,267,false],"gform-image-choice-lg":["https:\/\/lamostradevalencia.com\/wp-content\/uploads\/2025\/10\/PHOTO-2025-10-28-17-43-44.jpg",600,400,false]},"uagb_author_info":{"display_name":"Mostra de Val\u00e8ncia","author_link":"https:\/\/lamostradevalencia.com\/ca\/author\/mostravalencia\/"},"uagb_comment_info":0,"uagb_excerpt":"CIMA presenta en la Mostra de Val\u00e8ncia les conclusions del seu primer informe sobre abusos en el sector \u201cDespu\u00e9s del silencio. Impacto de los abusos [&hellip;]","_links":{"self":[{"href":"https:\/\/lamostradevalencia.com\/ca\/wp-json\/wp\/v2\/posts\/30686","targetHints":{"allow":["GET"]}}],"collection":[{"href":"https:\/\/lamostradevalencia.com\/ca\/wp-json\/wp\/v2\/posts"}],"about":[{"href":"https:\/\/lamostradevalencia.com\/ca\/wp-json\/wp\/v2\/types\/post"}],"author":[{"embeddable":true,"href":"https:\/\/lamostradevalencia.com\/ca\/wp-json\/wp\/v2\/users\/1"}],"replies":[{"embeddable":true,"href":"https:\/\/lamostradevalencia.com\/ca\/wp-json\/wp\/v2\/comments?post=30686"}],"version-history":[{"count":2,"href":"https:\/\/lamostradevalencia.com\/ca\/wp-json\/wp\/v2\/posts\/30686\/revisions"}],"predecessor-version":[{"id":30688,"href":"https:\/\/lamostradevalencia.com\/ca\/wp-json\/wp\/v2\/posts\/30686\/revisions\/30688"}],"wp:featuredmedia":[{"embeddable":true,"href":"https:\/\/lamostradevalencia.com\/ca\/wp-json\/wp\/v2\/media\/30679"}],"wp:attachment":[{"href":"https:\/\/lamostradevalencia.com\/ca\/wp-json\/wp\/v2\/media?parent=30686"}],"wp:term":[{"taxonomy":"category","embeddable":true,"href":"https:\/\/lamostradevalencia.com\/ca\/wp-json\/wp\/v2\/categories?post=30686"},{"taxonomy":"post_tag","embeddable":true,"href":"https:\/\/lamostradevalencia.com\/ca\/wp-json\/wp\/v2\/tags?post=30686"}],"curies":[{"name":"wp","href":"https:\/\/api.w.org\/{rel}","templated":true}]}}