{"id":30664,"date":"2025-10-28T16:19:27","date_gmt":"2025-10-28T15:19:27","guid":{"rendered":"https:\/\/lamostradevalencia.com\/?p=30664"},"modified":"2025-10-28T16:19:27","modified_gmt":"2025-10-28T15:19:27","slug":"pieces-of-a-foreign-life-el-calvari-etern-duna-refugiada-siriana-a-franca","status":"publish","type":"post","link":"https:\/\/lamostradevalencia.com\/ca\/pieces-of-a-foreign-life-el-calvari-etern-duna-refugiada-siriana-a-franca\/","title":{"rendered":"\u2018Pieces of a foreign life\u2019: el calvari etern d\u2019una refugiada siriana a Fran\u00e7a"},"content":{"rendered":"<h5><\/h5>\n<h5><i>Mostra de Val\u00e8ncia<\/i> <i>amplia la seua Secci\u00f3 Oficial amb una altra mirada sobre la migraci\u00f3 i la identitat, \u2018Prometido el cielo\u2019, de la tunisiana Erige Sehiri<\/i><\/h5>\n<p><span style=\"font-weight: 400;\">L\u2019exploraci\u00f3 cinematogr\u00e0fica de les realitats humanes de la Mediterr\u00e0nia prossegueix hui a la <\/span><b>Mostra de Val\u00e8ncia \u2013 Cinema del Mediterrani<\/b><span style=\"font-weight: 400;\">, organitzada pel <\/span><b>Palau de la M\u00fasica<\/b><span style=\"font-weight: 400;\">, amb dos nous t\u00edtols que concorren al certamen: <\/span><b>\u2018Pieces of a Foreign Life\u2019<\/b><span style=\"font-weight: 400;\">, de la directora franco-siriana <\/span><b>Gaya Jiji<\/b><span style=\"font-weight: 400;\">, i <\/span><b>\u2018Prometido el cielo\u2019<\/b><span style=\"font-weight: 400;\">, de la cineasta tunisiana <\/span><b>Erige Sehiri<\/b><span style=\"font-weight: 400;\">.<\/span><\/p>\n<p><b>Gaya Jiji<\/b><span style=\"font-weight: 400;\"> competeix per la Palmera d\u2019Or amb <\/span><b>\u2018Pieces of a Foreign Life\u2019<\/b><span style=\"font-weight: 400;\">, una pel\u00b7l\u00edcula que aborda les ferides invisibles d\u2019aquells que es veuen obligats a comen\u00e7ar de nou. \u201cLa fugida \u00e9s nom\u00e9s l\u2019inici d\u2019una lluita m\u00e9s profunda: la de reconstruir la pr\u00f2pia identitat\u201d, ha assenyalat hui la directora durant la presentaci\u00f3 a Val\u00e8ncia.<\/span><\/p>\n<p><span style=\"font-weight: 400;\">La pel\u00b7l\u00edcula narra la hist\u00f2ria de Selma, una dona siriana devastada per la guerra que es veu obligada a fugir deixant arrere el seu fill i el seu esp\u00f2s, desaparegut a les presons del r\u00e8gim. Despr\u00e9s d\u2019un perill\u00f3s viatge per Gr\u00e8cia, Maced\u00f2nia, S\u00e8rbia i Hongria, a peu, arriba a Bordeus, on lluita per obtindre asil i l\u2019oportunitat de retrobar-se amb el seu fill. Pel cam\u00ed ocorren coses terribles: \u201cElla fa que una altra dona s\u2019ofegue per salvar la seua pr\u00f2pia vida; s\u00e9 que \u00e9s inhum\u00e0 per\u00f2 \u00e9s el que ha ocorregut en moltes ocasions durant la fugida dels sirians\u201d. Tampoc oculta el tracte vexatori de les distintes autoritats europees en el seu periple cap a Fran\u00e7a, ni la condemna a treballar en la rebotiga d\u2019un bar per no tindre papers i les fugides quan arriben els inspectors d\u2019immigraci\u00f3.<\/span><\/p>\n<p><span style=\"font-weight: 400;\">La directora admet que moltes de les coses que conta les ha viscut en primera persona per ser una exiliada: \u201cEs tracta d\u2019un combat quotidi\u00e0 per no quedar atrapada pel passat. D\u2019una banda, la protagonista est\u00e0 contenta quan rep els papers i la seua vida canvia, per\u00f2 no oblida que ha deixat arrere persones a qui estimava, com el seu marit i el seu fill, cosa que la submergeix en una eterna melangia\u201d.<\/span><\/p>\n<p><span style=\"font-weight: 400;\">La major part del pes dram\u00e0tic recau en la protagonista, Zam Amir, una recerca complicada per a la directora: \u201cVaig pensar en moltes actrius sirianes, per\u00f2 no trobava el meu personatge i aix\u00f2 em preocupava. Fins que vaig vore una pel\u00b7l\u00edcula premiada a Cannes, \u2018Holy Spider\u2019, i em vaig adonar que ella era Selma, encara que hi havia un petit problema: Zam parla persa i no \u00e0rab, com la protagonista, aix\u00ed que va caldre fer molt de coaching\u201d.<\/span><\/p>\n<p><b>La migraci\u00f3 femenina a Tun\u00edsia segons Erige Sehiri<\/b><\/p>\n<p><span style=\"font-weight: 400;\">Despr\u00e9s del seu aclamat pas pel <\/span><b>Festival de Cannes<\/b><span style=\"font-weight: 400;\">, on va inaugurar la secci\u00f3 <\/span><i><span style=\"font-weight: 400;\">Un Certain Regard,<\/span><\/i><span style=\"font-weight: 400;\"> i despr\u00e9s de conquerir els premis a Millor Direcci\u00f3, Gui\u00f3 i Interpretaci\u00f3 en el <\/span><b>Festival de Cine Franc\u00f2fon<\/b><span style=\"font-weight: 400;\">, <\/span><b>\u2018Prometido el cielo\u2019<\/b><span style=\"font-weight: 400;\"> arriba ara a Val\u00e8ncia per a continuar el seu recorregut internacional.<\/span><\/p>\n<p><span style=\"font-weight: 400;\">En el seu nou treball, <\/span><b>Erige Sehiri<\/b><span style=\"font-weight: 400;\"> \u2014reconeguda per la seua pel\u00b7l\u00edcula <\/span><b>\u2018Entre las higueras\u2019<\/b><span style=\"font-weight: 400;\">\u2014 retrata la conviv\u00e8ncia de tres companyes de pis ivorianes a Tun\u00edsia i d\u2019una xiqueta \u00f2rfena a qui acullen. A trav\u00e9s del seu dia a dia, la cineasta reflexiona sobre el racisme, la burocr\u00e0cia i l\u2019exclusi\u00f3 social, posant en q\u00fcesti\u00f3 la identitat tunisiana i les pol\u00edtiques migrat\u00f2ries del mateix Magrib.<\/span><\/p>\n<p><span style=\"font-weight: 400;\">\u201cHui Tun\u00edsia, un pa\u00eds els habitants del qual hist\u00f2ricament han emigrat, s\u2019ha convertit en dest\u00ed de migrants. M\u2019interessava explorar aquesta contradicci\u00f3 i la manera en qu\u00e8 aquestes dones creen comunitat per a sobreviure\u201d, explica <\/span><b>Sehiri<\/b><span style=\"font-weight: 400;\">. \u201cMolt prompte vaig comprendre que havia de fer una pel\u00b7l\u00edcula coral, perqu\u00e8 cada dona t\u00e9 un motiu diferent per a estar all\u00ed. El cinema quasi sempre ha tractat la migraci\u00f3 des d\u2019un punt de vista mascul\u00ed, per\u00f2 les dones tamb\u00e9 suporten eixa c\u00e0rrega. Era natural que aquesta pel\u00b7l\u00edcula parlara d\u2019elles\u201d, conclou <\/span><b>Sehiri<\/b><span style=\"font-weight: 400;\">.<\/span><\/p>\n","protected":false},"excerpt":{"rendered":"<p>Mostra de Val\u00e8ncia amplia la seua Secci\u00f3 Oficial amb una altra mirada sobre la migraci\u00f3 i la identitat, \u2018Prometido el cielo\u2019, de la tunisiana Erige [&hellip;]<\/p>\n","protected":false},"author":3,"featured_media":30665,"comment_status":"open","ping_status":"open","sticky":false,"template":"","format":"standard","meta":{"_uag_custom_page_level_css":"","_jet_sm_ready_style":"","_jet_sm_style":"","_jet_sm_controls_values":"","_jet_sm_fonts_collection":"","_jet_sm_fonts_links":"","footnotes":""},"categories":[455],"tags":[],"class_list":["post-30664","post","type-post","status-publish","format-standard","has-post-thumbnail","hentry","category-noticies"],"yoast_head":"<!-- This site is optimized with the Yoast SEO plugin v27.5 - https:\/\/yoast.com\/product\/yoast-seo-wordpress\/ -->\n<title>\u2018Pieces of a foreign life\u2019: el calvari etern d\u2019una refugiada siriana a Fran\u00e7a - Mostra de Val\u00e8ncia<\/title>\n<meta name=\"robots\" content=\"index, follow, max-snippet:-1, max-image-preview:large, max-video-preview:-1\" \/>\n<link rel=\"canonical\" href=\"https:\/\/lamostradevalencia.com\/ca\/pieces-of-a-foreign-life-el-calvari-etern-duna-refugiada-siriana-a-franca\/\" \/>\n<meta property=\"og:locale\" content=\"ca_ES\" \/>\n<meta property=\"og:type\" content=\"article\" \/>\n<meta property=\"og:title\" content=\"\u2018Pieces of a foreign life\u2019: el calvari etern d\u2019una refugiada siriana a Fran\u00e7a - Mostra de Val\u00e8ncia\" \/>\n<meta property=\"og:description\" content=\"Mostra de Val\u00e8ncia amplia la seua Secci\u00f3 Oficial amb una altra mirada sobre la migraci\u00f3 i la identitat, \u2018Prometido el cielo\u2019, de la tunisiana Erige [&hellip;]\" \/>\n<meta property=\"og:url\" content=\"https:\/\/lamostradevalencia.com\/ca\/pieces-of-a-foreign-life-el-calvari-etern-duna-refugiada-siriana-a-franca\/\" \/>\n<meta property=\"og:site_name\" content=\"Mostra de Val\u00e8ncia\" \/>\n<meta property=\"article:published_time\" content=\"2025-10-28T15:19:27+00:00\" \/>\n<meta property=\"og:image\" content=\"https:\/\/lamostradevalencia.com\/wp-content\/uploads\/2025\/10\/PHOTO-2025-10-28-16-16-43.jpg\" \/>\n\t<meta property=\"og:image:width\" content=\"1280\" \/>\n\t<meta property=\"og:image:height\" content=\"854\" \/>\n\t<meta property=\"og:image:type\" content=\"image\/jpeg\" \/>\n<meta name=\"author\" content=\"contenidos\" \/>\n<meta name=\"twitter:card\" content=\"summary_large_image\" \/>\n<meta name=\"twitter:label1\" content=\"Escrit per\" \/>\n\t<meta name=\"twitter:data1\" content=\"contenidos\" \/>\n\t<meta name=\"twitter:label2\" content=\"Temps estimat de lectura\" \/>\n\t<meta name=\"twitter:data2\" content=\"4 minuts\" \/>\n<script type=\"application\/ld+json\" class=\"yoast-schema-graph\">{\"@context\":\"https:\\\/\\\/schema.org\",\"@graph\":[{\"@type\":\"Article\",\"@id\":\"https:\\\/\\\/lamostradevalencia.com\\\/ca\\\/pieces-of-a-foreign-life-el-calvari-etern-duna-refugiada-siriana-a-franca\\\/#article\",\"isPartOf\":{\"@id\":\"https:\\\/\\\/lamostradevalencia.com\\\/ca\\\/pieces-of-a-foreign-life-el-calvari-etern-duna-refugiada-siriana-a-franca\\\/\"},\"author\":{\"name\":\"contenidos\",\"@id\":\"https:\\\/\\\/lamostradevalencia.com\\\/ca\\\/#\\\/schema\\\/person\\\/361c3c0dd5489e78ad78ee4f8332efac\"},\"headline\":\"\u2018Pieces of a foreign life\u2019: el calvari etern d\u2019una refugiada siriana a Fran\u00e7a\",\"datePublished\":\"2025-10-28T15:19:27+00:00\",\"mainEntityOfPage\":{\"@id\":\"https:\\\/\\\/lamostradevalencia.com\\\/ca\\\/pieces-of-a-foreign-life-el-calvari-etern-duna-refugiada-siriana-a-franca\\\/\"},\"wordCount\":714,\"commentCount\":0,\"image\":{\"@id\":\"https:\\\/\\\/lamostradevalencia.com\\\/ca\\\/pieces-of-a-foreign-life-el-calvari-etern-duna-refugiada-siriana-a-franca\\\/#primaryimage\"},\"thumbnailUrl\":\"https:\\\/\\\/lamostradevalencia.com\\\/wp-content\\\/uploads\\\/2025\\\/10\\\/PHOTO-2025-10-28-16-16-43.jpg\",\"articleSection\":[\"Noticies\"],\"inLanguage\":\"ca\",\"potentialAction\":[{\"@type\":\"CommentAction\",\"name\":\"Comment\",\"target\":[\"https:\\\/\\\/lamostradevalencia.com\\\/ca\\\/pieces-of-a-foreign-life-el-calvari-etern-duna-refugiada-siriana-a-franca\\\/#respond\"]}]},{\"@type\":\"WebPage\",\"@id\":\"https:\\\/\\\/lamostradevalencia.com\\\/ca\\\/pieces-of-a-foreign-life-el-calvari-etern-duna-refugiada-siriana-a-franca\\\/\",\"url\":\"https:\\\/\\\/lamostradevalencia.com\\\/ca\\\/pieces-of-a-foreign-life-el-calvari-etern-duna-refugiada-siriana-a-franca\\\/\",\"name\":\"\u2018Pieces of a foreign life\u2019: el calvari etern d\u2019una refugiada siriana a Fran\u00e7a - Mostra de Val\u00e8ncia\",\"isPartOf\":{\"@id\":\"https:\\\/\\\/lamostradevalencia.com\\\/ca\\\/#website\"},\"primaryImageOfPage\":{\"@id\":\"https:\\\/\\\/lamostradevalencia.com\\\/ca\\\/pieces-of-a-foreign-life-el-calvari-etern-duna-refugiada-siriana-a-franca\\\/#primaryimage\"},\"image\":{\"@id\":\"https:\\\/\\\/lamostradevalencia.com\\\/ca\\\/pieces-of-a-foreign-life-el-calvari-etern-duna-refugiada-siriana-a-franca\\\/#primaryimage\"},\"thumbnailUrl\":\"https:\\\/\\\/lamostradevalencia.com\\\/wp-content\\\/uploads\\\/2025\\\/10\\\/PHOTO-2025-10-28-16-16-43.jpg\",\"datePublished\":\"2025-10-28T15:19:27+00:00\",\"author\":{\"@id\":\"https:\\\/\\\/lamostradevalencia.com\\\/ca\\\/#\\\/schema\\\/person\\\/361c3c0dd5489e78ad78ee4f8332efac\"},\"breadcrumb\":{\"@id\":\"https:\\\/\\\/lamostradevalencia.com\\\/ca\\\/pieces-of-a-foreign-life-el-calvari-etern-duna-refugiada-siriana-a-franca\\\/#breadcrumb\"},\"inLanguage\":\"ca\",\"potentialAction\":[{\"@type\":\"ReadAction\",\"target\":[\"https:\\\/\\\/lamostradevalencia.com\\\/ca\\\/pieces-of-a-foreign-life-el-calvari-etern-duna-refugiada-siriana-a-franca\\\/\"]}]},{\"@type\":\"ImageObject\",\"inLanguage\":\"ca\",\"@id\":\"https:\\\/\\\/lamostradevalencia.com\\\/ca\\\/pieces-of-a-foreign-life-el-calvari-etern-duna-refugiada-siriana-a-franca\\\/#primaryimage\",\"url\":\"https:\\\/\\\/lamostradevalencia.com\\\/wp-content\\\/uploads\\\/2025\\\/10\\\/PHOTO-2025-10-28-16-16-43.jpg\",\"contentUrl\":\"https:\\\/\\\/lamostradevalencia.com\\\/wp-content\\\/uploads\\\/2025\\\/10\\\/PHOTO-2025-10-28-16-16-43.jpg\",\"width\":1280,\"height\":854},{\"@type\":\"BreadcrumbList\",\"@id\":\"https:\\\/\\\/lamostradevalencia.com\\\/ca\\\/pieces-of-a-foreign-life-el-calvari-etern-duna-refugiada-siriana-a-franca\\\/#breadcrumb\",\"itemListElement\":[{\"@type\":\"ListItem\",\"position\":1,\"name\":\"Portada\",\"item\":\"https:\\\/\\\/lamostradevalencia.com\\\/ca\\\/\"},{\"@type\":\"ListItem\",\"position\":2,\"name\":\"\u2018Pieces of a foreign life\u2019: el calvari etern d\u2019una refugiada siriana a Fran\u00e7a\"}]},{\"@type\":\"WebSite\",\"@id\":\"https:\\\/\\\/lamostradevalencia.com\\\/ca\\\/#website\",\"url\":\"https:\\\/\\\/lamostradevalencia.com\\\/ca\\\/\",\"name\":\"Mostra de Val\u00e8ncia\",\"description\":\"Cinema del Mediterrani\",\"potentialAction\":[{\"@type\":\"SearchAction\",\"target\":{\"@type\":\"EntryPoint\",\"urlTemplate\":\"https:\\\/\\\/lamostradevalencia.com\\\/ca\\\/?s={search_term_string}\"},\"query-input\":{\"@type\":\"PropertyValueSpecification\",\"valueRequired\":true,\"valueName\":\"search_term_string\"}}],\"inLanguage\":\"ca\"},{\"@type\":\"Person\",\"@id\":\"https:\\\/\\\/lamostradevalencia.com\\\/ca\\\/#\\\/schema\\\/person\\\/361c3c0dd5489e78ad78ee4f8332efac\",\"name\":\"contenidos\",\"image\":{\"@type\":\"ImageObject\",\"inLanguage\":\"ca\",\"@id\":\"https:\\\/\\\/secure.gravatar.com\\\/avatar\\\/a87eddc188a32d5a0371ff92ef616b5006a91e389296d49d081f8d424eef134c?s=96&d=mm&r=g\",\"url\":\"https:\\\/\\\/secure.gravatar.com\\\/avatar\\\/a87eddc188a32d5a0371ff92ef616b5006a91e389296d49d081f8d424eef134c?s=96&d=mm&r=g\",\"contentUrl\":\"https:\\\/\\\/secure.gravatar.com\\\/avatar\\\/a87eddc188a32d5a0371ff92ef616b5006a91e389296d49d081f8d424eef134c?s=96&d=mm&r=g\",\"caption\":\"contenidos\"}}]}<\/script>\n<!-- \/ Yoast SEO plugin. -->","yoast_head_json":{"title":"\u2018Pieces of a foreign life\u2019: el calvari etern d\u2019una refugiada siriana a Fran\u00e7a - Mostra de Val\u00e8ncia","robots":{"index":"index","follow":"follow","max-snippet":"max-snippet:-1","max-image-preview":"max-image-preview:large","max-video-preview":"max-video-preview:-1"},"canonical":"https:\/\/lamostradevalencia.com\/ca\/pieces-of-a-foreign-life-el-calvari-etern-duna-refugiada-siriana-a-franca\/","og_locale":"ca_ES","og_type":"article","og_title":"\u2018Pieces of a foreign life\u2019: el calvari etern d\u2019una refugiada siriana a Fran\u00e7a - Mostra de Val\u00e8ncia","og_description":"Mostra de Val\u00e8ncia amplia la seua Secci\u00f3 Oficial amb una altra mirada sobre la migraci\u00f3 i la identitat, \u2018Prometido el cielo\u2019, de la tunisiana Erige [&hellip;]","og_url":"https:\/\/lamostradevalencia.com\/ca\/pieces-of-a-foreign-life-el-calvari-etern-duna-refugiada-siriana-a-franca\/","og_site_name":"Mostra de Val\u00e8ncia","article_published_time":"2025-10-28T15:19:27+00:00","og_image":[{"width":1280,"height":854,"url":"https:\/\/lamostradevalencia.com\/wp-content\/uploads\/2025\/10\/PHOTO-2025-10-28-16-16-43.jpg","type":"image\/jpeg"}],"author":"contenidos","twitter_card":"summary_large_image","twitter_misc":{"Escrit per":"contenidos","Temps estimat de lectura":"4 minuts"},"schema":{"@context":"https:\/\/schema.org","@graph":[{"@type":"Article","@id":"https:\/\/lamostradevalencia.com\/ca\/pieces-of-a-foreign-life-el-calvari-etern-duna-refugiada-siriana-a-franca\/#article","isPartOf":{"@id":"https:\/\/lamostradevalencia.com\/ca\/pieces-of-a-foreign-life-el-calvari-etern-duna-refugiada-siriana-a-franca\/"},"author":{"name":"contenidos","@id":"https:\/\/lamostradevalencia.com\/ca\/#\/schema\/person\/361c3c0dd5489e78ad78ee4f8332efac"},"headline":"\u2018Pieces of a foreign life\u2019: el calvari etern d\u2019una refugiada siriana a Fran\u00e7a","datePublished":"2025-10-28T15:19:27+00:00","mainEntityOfPage":{"@id":"https:\/\/lamostradevalencia.com\/ca\/pieces-of-a-foreign-life-el-calvari-etern-duna-refugiada-siriana-a-franca\/"},"wordCount":714,"commentCount":0,"image":{"@id":"https:\/\/lamostradevalencia.com\/ca\/pieces-of-a-foreign-life-el-calvari-etern-duna-refugiada-siriana-a-franca\/#primaryimage"},"thumbnailUrl":"https:\/\/lamostradevalencia.com\/wp-content\/uploads\/2025\/10\/PHOTO-2025-10-28-16-16-43.jpg","articleSection":["Noticies"],"inLanguage":"ca","potentialAction":[{"@type":"CommentAction","name":"Comment","target":["https:\/\/lamostradevalencia.com\/ca\/pieces-of-a-foreign-life-el-calvari-etern-duna-refugiada-siriana-a-franca\/#respond"]}]},{"@type":"WebPage","@id":"https:\/\/lamostradevalencia.com\/ca\/pieces-of-a-foreign-life-el-calvari-etern-duna-refugiada-siriana-a-franca\/","url":"https:\/\/lamostradevalencia.com\/ca\/pieces-of-a-foreign-life-el-calvari-etern-duna-refugiada-siriana-a-franca\/","name":"\u2018Pieces of a foreign life\u2019: el calvari etern d\u2019una refugiada siriana a Fran\u00e7a - Mostra de Val\u00e8ncia","isPartOf":{"@id":"https:\/\/lamostradevalencia.com\/ca\/#website"},"primaryImageOfPage":{"@id":"https:\/\/lamostradevalencia.com\/ca\/pieces-of-a-foreign-life-el-calvari-etern-duna-refugiada-siriana-a-franca\/#primaryimage"},"image":{"@id":"https:\/\/lamostradevalencia.com\/ca\/pieces-of-a-foreign-life-el-calvari-etern-duna-refugiada-siriana-a-franca\/#primaryimage"},"thumbnailUrl":"https:\/\/lamostradevalencia.com\/wp-content\/uploads\/2025\/10\/PHOTO-2025-10-28-16-16-43.jpg","datePublished":"2025-10-28T15:19:27+00:00","author":{"@id":"https:\/\/lamostradevalencia.com\/ca\/#\/schema\/person\/361c3c0dd5489e78ad78ee4f8332efac"},"breadcrumb":{"@id":"https:\/\/lamostradevalencia.com\/ca\/pieces-of-a-foreign-life-el-calvari-etern-duna-refugiada-siriana-a-franca\/#breadcrumb"},"inLanguage":"ca","potentialAction":[{"@type":"ReadAction","target":["https:\/\/lamostradevalencia.com\/ca\/pieces-of-a-foreign-life-el-calvari-etern-duna-refugiada-siriana-a-franca\/"]}]},{"@type":"ImageObject","inLanguage":"ca","@id":"https:\/\/lamostradevalencia.com\/ca\/pieces-of-a-foreign-life-el-calvari-etern-duna-refugiada-siriana-a-franca\/#primaryimage","url":"https:\/\/lamostradevalencia.com\/wp-content\/uploads\/2025\/10\/PHOTO-2025-10-28-16-16-43.jpg","contentUrl":"https:\/\/lamostradevalencia.com\/wp-content\/uploads\/2025\/10\/PHOTO-2025-10-28-16-16-43.jpg","width":1280,"height":854},{"@type":"BreadcrumbList","@id":"https:\/\/lamostradevalencia.com\/ca\/pieces-of-a-foreign-life-el-calvari-etern-duna-refugiada-siriana-a-franca\/#breadcrumb","itemListElement":[{"@type":"ListItem","position":1,"name":"Portada","item":"https:\/\/lamostradevalencia.com\/ca\/"},{"@type":"ListItem","position":2,"name":"\u2018Pieces of a foreign life\u2019: el calvari etern d\u2019una refugiada siriana a Fran\u00e7a"}]},{"@type":"WebSite","@id":"https:\/\/lamostradevalencia.com\/ca\/#website","url":"https:\/\/lamostradevalencia.com\/ca\/","name":"Mostra de Val\u00e8ncia","description":"Cinema del Mediterrani","potentialAction":[{"@type":"SearchAction","target":{"@type":"EntryPoint","urlTemplate":"https:\/\/lamostradevalencia.com\/ca\/?s={search_term_string}"},"query-input":{"@type":"PropertyValueSpecification","valueRequired":true,"valueName":"search_term_string"}}],"inLanguage":"ca"},{"@type":"Person","@id":"https:\/\/lamostradevalencia.com\/ca\/#\/schema\/person\/361c3c0dd5489e78ad78ee4f8332efac","name":"contenidos","image":{"@type":"ImageObject","inLanguage":"ca","@id":"https:\/\/secure.gravatar.com\/avatar\/a87eddc188a32d5a0371ff92ef616b5006a91e389296d49d081f8d424eef134c?s=96&d=mm&r=g","url":"https:\/\/secure.gravatar.com\/avatar\/a87eddc188a32d5a0371ff92ef616b5006a91e389296d49d081f8d424eef134c?s=96&d=mm&r=g","contentUrl":"https:\/\/secure.gravatar.com\/avatar\/a87eddc188a32d5a0371ff92ef616b5006a91e389296d49d081f8d424eef134c?s=96&d=mm&r=g","caption":"contenidos"}}]}},"uagb_featured_image_src":{"full":["https:\/\/lamostradevalencia.com\/wp-content\/uploads\/2025\/10\/PHOTO-2025-10-28-16-16-43.jpg",1280,854,false],"thumbnail":["https:\/\/lamostradevalencia.com\/wp-content\/uploads\/2025\/10\/PHOTO-2025-10-28-16-16-43-150x150.jpg",150,150,true],"medium":["https:\/\/lamostradevalencia.com\/wp-content\/uploads\/2025\/10\/PHOTO-2025-10-28-16-16-43-300x200.jpg",300,200,true],"medium_large":["https:\/\/lamostradevalencia.com\/wp-content\/uploads\/2025\/10\/PHOTO-2025-10-28-16-16-43-768x512.jpg",768,512,true],"large":["https:\/\/lamostradevalencia.com\/wp-content\/uploads\/2025\/10\/PHOTO-2025-10-28-16-16-43-1024x683.jpg",1024,683,true],"1536x1536":["https:\/\/lamostradevalencia.com\/wp-content\/uploads\/2025\/10\/PHOTO-2025-10-28-16-16-43.jpg",1280,854,false],"2048x2048":["https:\/\/lamostradevalencia.com\/wp-content\/uploads\/2025\/10\/PHOTO-2025-10-28-16-16-43.jpg",1280,854,false],"cinerama_edge_image_square":["https:\/\/lamostradevalencia.com\/wp-content\/uploads\/2025\/10\/PHOTO-2025-10-28-16-16-43-550x550.jpg",550,550,true],"cinerama_edge_image_landscape":["https:\/\/lamostradevalencia.com\/wp-content\/uploads\/2025\/10\/PHOTO-2025-10-28-16-16-43-1100x550.jpg",1100,550,true],"cinerama_edge_image_portrait":["https:\/\/lamostradevalencia.com\/wp-content\/uploads\/2025\/10\/PHOTO-2025-10-28-16-16-43-550x854.jpg",550,854,true],"cinerama_edge_image_huge":["https:\/\/lamostradevalencia.com\/wp-content\/uploads\/2025\/10\/PHOTO-2025-10-28-16-16-43-1100x854.jpg",1100,854,true],"gform-image-choice-sm":["https:\/\/lamostradevalencia.com\/wp-content\/uploads\/2025\/10\/PHOTO-2025-10-28-16-16-43.jpg",300,200,false],"gform-image-choice-md":["https:\/\/lamostradevalencia.com\/wp-content\/uploads\/2025\/10\/PHOTO-2025-10-28-16-16-43.jpg",400,267,false],"gform-image-choice-lg":["https:\/\/lamostradevalencia.com\/wp-content\/uploads\/2025\/10\/PHOTO-2025-10-28-16-16-43.jpg",600,400,false]},"uagb_author_info":{"display_name":"contenidos","author_link":"https:\/\/lamostradevalencia.com\/ca\/author\/contenidos\/"},"uagb_comment_info":0,"uagb_excerpt":"Mostra de Val\u00e8ncia amplia la seua Secci\u00f3 Oficial amb una altra mirada sobre la migraci\u00f3 i la identitat, \u2018Prometido el cielo\u2019, de la tunisiana Erige [&hellip;]","_links":{"self":[{"href":"https:\/\/lamostradevalencia.com\/ca\/wp-json\/wp\/v2\/posts\/30664","targetHints":{"allow":["GET"]}}],"collection":[{"href":"https:\/\/lamostradevalencia.com\/ca\/wp-json\/wp\/v2\/posts"}],"about":[{"href":"https:\/\/lamostradevalencia.com\/ca\/wp-json\/wp\/v2\/types\/post"}],"author":[{"embeddable":true,"href":"https:\/\/lamostradevalencia.com\/ca\/wp-json\/wp\/v2\/users\/3"}],"replies":[{"embeddable":true,"href":"https:\/\/lamostradevalencia.com\/ca\/wp-json\/wp\/v2\/comments?post=30664"}],"version-history":[{"count":2,"href":"https:\/\/lamostradevalencia.com\/ca\/wp-json\/wp\/v2\/posts\/30664\/revisions"}],"predecessor-version":[{"id":30671,"href":"https:\/\/lamostradevalencia.com\/ca\/wp-json\/wp\/v2\/posts\/30664\/revisions\/30671"}],"wp:featuredmedia":[{"embeddable":true,"href":"https:\/\/lamostradevalencia.com\/ca\/wp-json\/wp\/v2\/media\/30665"}],"wp:attachment":[{"href":"https:\/\/lamostradevalencia.com\/ca\/wp-json\/wp\/v2\/media?parent=30664"}],"wp:term":[{"taxonomy":"category","embeddable":true,"href":"https:\/\/lamostradevalencia.com\/ca\/wp-json\/wp\/v2\/categories?post=30664"},{"taxonomy":"post_tag","embeddable":true,"href":"https:\/\/lamostradevalencia.com\/ca\/wp-json\/wp\/v2\/tags?post=30664"}],"curies":[{"name":"wp","href":"https:\/\/api.w.org\/{rel}","templated":true}]}}