{"id":30655,"date":"2025-10-28T14:04:47","date_gmt":"2025-10-28T13:04:47","guid":{"rendered":"https:\/\/lamostradevalencia.com\/?p=30655"},"modified":"2025-10-28T14:05:40","modified_gmt":"2025-10-28T13:05:40","slug":"las-capas-de-la-memoria-dignificar-el-recuerdo-de-la-tragedia-de-la-dana-a-traves-del-cine","status":"publish","type":"post","link":"https:\/\/lamostradevalencia.com\/ca\/las-capas-de-la-memoria-dignificar-el-recuerdo-de-la-tragedia-de-la-dana-a-traves-del-cine\/","title":{"rendered":"\u2018Las capas de la memoria\u2019: dignificar el recuerdo de la tragedia de la dana a trav\u00e9s del cine"},"content":{"rendered":"<h5><i><span style=\"font-weight: 400;\">\u2018El tesoro de Barracuda\u2019, dirigida por <\/span><\/i><b><i>Adri\u00e0 Garc\u00eda<\/i><\/b><i><span style=\"font-weight: 400;\">, llega a la <\/span><\/i><b><i>Secci\u00f3n Finestra<\/i><\/b><i><span style=\"font-weight: 400;\"> y est\u00e1 nominada a los <\/span><\/i><b><i>Premios Lola Gaos<\/i><\/b><i><span style=\"font-weight: 400;\"> en la categor\u00eda de Mejor Largometraje de Animaci\u00f3n<\/span><\/i><\/h5>\n<p><span style=\"font-weight: 400;\">La p\u00e9rdida de patrimonio f\u00edlmico, sea profesional o dom\u00e9stico, es una de las tragedias a\u00f1adidas a la cat\u00e1strofe de la dana, pero gracias al compromiso y sensibilidad de 15 estudiantes de Comunicaci\u00f3n Audiovisual, Sociolog\u00eda, Periodismo e Historia del Arte de la Universitat de Val\u00e8ncia, los recuerdos embarrados recobran vida ahora a trav\u00e9s del cine.<\/span><\/p>\n<p><span style=\"font-weight: 400;\">\u2018Las capas de la memoria\u2019, cuyo estreno acoge la Mostra de Val\u00e8ncia\u2013Cinema del\u00a0<\/span><span style=\"font-weight: 400;\">Mediterrani, es un homenaje a la memoria y la resiliencia. Impulsado por la <\/span><b>Academia de Cine<\/b><span style=\"font-weight: 400;\"> y la <\/span><b>Universitat de Val\u00e8ncia<\/b><span style=\"font-weight: 400;\">, el proyecto ha buscado <\/span><b>revitalizar materiales gr\u00e1ficos da\u00f1ados por la dana<\/b><span style=\"font-weight: 400;\"> a partir de las im\u00e1genes rescatadas por el programa \u2018Salvem les fotos\u2019, del \u00c1rea de Patrimonio de la Universitat. Con su proyecci\u00f3n dentro de las <\/span><b>Sesiones Especiales,<\/b><span style=\"font-weight: 400;\"> el festival se suma hoy al dolor y al recuerdo de la tragedia en la v\u00edspera de su primer aniversario.<\/span><\/p>\n<p><span style=\"font-weight: 400;\">El trabajo ha dado lugar a <\/span><b>ocho piezas audiovisuales<\/b><span style=\"font-weight: 400;\"> elaboradas por <\/span><b>estudiantes<\/b><span style=\"font-weight: 400;\">, guiados por los cineastas <\/span><b>Nuria Gim\u00e9nez<\/b><span style=\"font-weight: 400;\">, <\/span><b>Sergio Oksman<\/b><span style=\"font-weight: 400;\"> y <\/span><b>V\u00edctor Serna<\/b><span style=\"font-weight: 400;\">. Como explica este \u00faltimo, \u201clas obras transforman fotograf\u00edas y \u00e1lbumes familiares sepultados por el barro en relatos cinematogr\u00e1ficos sobre la p\u00e9rdida, la memoria y la esperanza\u201d, a lo que a\u00f1ade \u201cla importancia de la mirada joven como motor de reconstrucci\u00f3n emocional y cultural\u201d. Cada imagen recuperada es un testimonio de resistencia: \u201cTrabajar con ese material nos ha recordado que la memoria tambi\u00e9n puede reconstruirse a trav\u00e9s del arte\u201d, se\u00f1ala <\/span><b>Serna.<\/b><\/p>\n<p><b>La memoria familiar como materia de creaci\u00f3n<\/b><\/p>\n<p><span style=\"font-weight: 400;\">Desde el \u00c1rea de Patrimonio de la Universitat de Val\u00e8ncia, <\/span><b>Marisa V\u00e1zquez de \u00c1gredos<\/b><span style=\"font-weight: 400;\">, directora del programa \u2018Salvem les fotos\u2019 y coordinadora del proyecto, destaca que \u201c<\/span><b>Los alumnos, muchos de ellos afectados tambi\u00e9n por la dana, han sabido convertir la tragedia en creaci\u00f3n, encontrando belleza y humanidad en los restos del desastre\u201d<\/b><span style=\"font-weight: 400;\">. A partir de las fotos recuperadas por la universidad, cineastas y estudiantes elaboraron guiones para resignificar ese contenido: \u201cEn algunos casos se acercaron a la ficci\u00f3n o al documental autobiogr\u00e1fico, pero siempre desde una interpretaci\u00f3n personal, art\u00edstica y respetuosa\u201d. Narraciones muy distintas unidas por el mismo origen: \u201cAlgunos partieron de los da\u00f1os que la dana hab\u00eda causado sobre las im\u00e1genes, conectando lo que quedaba de las fotos y texturas con el arte contempor\u00e1neo. Otros, exploraron c\u00f3mo el pasado se entrelaza con el presente. <\/span><b>La idea era fomentar la creaci\u00f3n contempor\u00e1nea a partir del material patrimonial de las familias afectadas\u201d.<\/b><\/p>\n<p><span style=\"font-weight: 400;\">Los estudiantes que participan en el proyecto coinciden en destacar la intensidad del proceso creativo y el di\u00e1logo emocional que implic\u00f3 trabajar con recuerdos reales de familias afectadas: \u201cFue un proceso muy \u00edntimo. Dialogamos mucho sobre lo que sent\u00edamos al ver las fotos y sobre c\u00f3mo podr\u00edamos transformar esa emoci\u00f3n en historias que respetaran el dolor, pero tambi\u00e9n hablaran de esperanza\u201d, comenta una de las participantes.<\/span><\/p>\n<p><span style=\"font-weight: 400;\">\u201cDe esas conversaciones surgieron piezas muy diversas, algunas m\u00e1s po\u00e9ticas, otras m\u00e1s documentales, pero todas con la voluntad de dar un valor est\u00e9tico y humano a algo que fue muy tr\u00e1gico\u201d, a\u00f1ade otro estudiante. \u201cTrabajamos con una mujer de Catarroja que hab\u00eda perdido casi todas sus fotos. Las im\u00e1genes estaban tan da\u00f1adas que apenas se distingu\u00eda nada, pero en ese vac\u00edo encontramos el sentido profundo de la memoria: lo que recordamos incluso cuando la imagen desaparece\u201d, explica otra alumna. \u201cNos preocupaba c\u00f3mo hacer arte de una tragedia tan reciente sin herir sensibilidades. Por eso abordamos el trabajo con mucho respeto y con gratitud hacia las familias que nos permitieron entrar en su intimidad\u201d, concluyen los estudiantes.<\/span><\/p>\n<p><span style=\"font-weight: 400;\">Los j\u00f3venes creadores agradecen especialmente la <\/span><b>generosidad de las familias<\/b><span style=\"font-weight: 400;\"> que cedieron sus fotograf\u00edas da\u00f1adas, permitiendo que sus recuerdos \u2014aunque fragmentados\u2014 se transformaran en nuevas obras que resignifican el pasado y lo convierten en arte y memoria compartida.<\/span><\/p>\n<p><span style=\"font-weight: 400;\">Las Mostra tambi\u00e9n presenta hoy en <\/span><b>Finestra<\/b><span style=\"font-weight: 400;\"> la pel\u00edcula de animaci\u00f3n <\/span><i><span style=\"font-weight: 400;\">\u2018<\/span><\/i><span style=\"font-weight: 400;\">El tesoro de Barracuda\u2019<\/span><i><span style=\"font-weight: 400;\">,<\/span><\/i><span style=\"font-weight: 400;\"> dirigida por <\/span><b>Adri\u00e0 Garc\u00eda<\/b><span style=\"font-weight: 400;\"> y escrita por <\/span><b>Am\u00e8lia Mora<\/b><span style=\"font-weight: 400;\">, una producci\u00f3n valenciana nominada a los <\/span><b>Premios Lola Gaos<\/b><span style=\"font-weight: 400;\"> en la categor\u00eda de Mejor Largometraje de Animaci\u00f3n<\/span><i><span style=\"font-weight: 400;\">.<\/span><\/i><\/p>\n<p><span style=\"font-weight: 400;\">La cinta, \u201cuna adaptaci\u00f3n bastante libre del cuento\u201d, seg\u00fan las lines producers <\/span><b>Teresa Pascual y Zoraida Pensado,<\/b><span style=\"font-weight: 400;\"> narra las aventuras de Chispas<\/span><b>,<\/b><span style=\"font-weight: 400;\"> una ni\u00f1a que, en su b\u00fasqueda de sus padres, acaba por accidente a bordo del barco del Capit\u00e1n Barracuda, una tripulaci\u00f3n de piratas con un curioso problema: ninguno de ellos sabe leer. Solo ella podr\u00e1 ayudarles a descifrar el mapa del legendario tesoro de Phineas Crane, iniciando una historia de amistad, humor y aprendizaje que combina aventura y emoci\u00f3n con una mirada sensible y contempor\u00e1nea. Para su creaci\u00f3n, explican \u201cel proceso ha sido muy largo y el equipo era un verdadero desaf\u00edo ya que es una coproducci\u00f3n y hab\u00eda que utilizar diferentes t\u00e9cnicas, tiempos, en algunos casos \u00e9ramos m\u00e1s de cien personas\u201d.\u00a0\u00a0\u00a0\u00a0<\/span><\/p>\n<p><span style=\"font-weight: 400;\">El director <\/span><b>Adri\u00e0 Garc\u00eda<\/b><span style=\"font-weight: 400;\"> destaca el enfoque artesanal y expresivo del proyecto: \u201cEn esta pel\u00edcula<\/span> <span style=\"font-weight: 400;\">hemos sido bastante estrictos con la animaci\u00f3n. El 3D es casi inexistente; lo hemos creado a base de ilustraciones en 2D, generando profundidad a partir de los propios dibujos, movi\u00e9ndose y jugando con las distancias\u201d. Garc\u00eda, <\/span><span style=\"font-weight: 400;\">galardonado con el premio Goya a Mejor Pel\u00edcula de Animaci\u00f3n en 2007 por su \u00f3pera prima \u2018Nocturna\u2019,<\/span> <span style=\"font-weight: 400;\">subraya, adem\u00e1s, el mensaje universal de la pel\u00edcula: <\/span><i><span style=\"font-weight: 400;\">\u201c<\/span><\/i><span style=\"font-weight: 400;\">El tesoro de Barracuda no da lecciones, pero transmite un mensaje poderoso: la lectura transforma, une y nos hace libres. Esta historia tiene humor, misterio, ternura y una visi\u00f3n del mundo abierta y emp\u00e1tica. Es una pel\u00edcula que habla el lenguaje de los ni\u00f1os, sin subestimarlos\u201d.\u00a0<\/span><span style=\"font-weight: 400;\">\u00a0<\/span><\/p>\n","protected":false},"excerpt":{"rendered":"<p>\u2018El tesoro de Barracuda\u2019, dirigida por Adri\u00e0 Garc\u00eda, llega a la Secci\u00f3n Finestra y est\u00e1 nominada a los Premios Lola Gaos en la categor\u00eda de [&hellip;]<\/p>\n","protected":false},"author":3,"featured_media":30644,"comment_status":"open","ping_status":"open","sticky":false,"template":"","format":"standard","meta":{"_uag_custom_page_level_css":"","_jet_sm_ready_style":"","_jet_sm_style":"","_jet_sm_controls_values":"","_jet_sm_fonts_collection":"","_jet_sm_fonts_links":"","footnotes":""},"categories":[455],"tags":[],"class_list":["post-30655","post","type-post","status-publish","format-standard","has-post-thumbnail","hentry","category-noticies"],"yoast_head":"<!-- This site is optimized with the Yoast SEO plugin v27.5 - https:\/\/yoast.com\/product\/yoast-seo-wordpress\/ -->\n<title>\u2018Las capas de la memoria\u2019: dignificar el recuerdo de la tragedia de la dana a trav\u00e9s del cine - Mostra de Val\u00e8ncia<\/title>\n<meta name=\"robots\" content=\"index, follow, max-snippet:-1, max-image-preview:large, max-video-preview:-1\" \/>\n<link rel=\"canonical\" href=\"https:\/\/lamostradevalencia.com\/ca\/las-capas-de-la-memoria-dignificar-el-recuerdo-de-la-tragedia-de-la-dana-a-traves-del-cine\/\" \/>\n<meta property=\"og:locale\" content=\"ca_ES\" \/>\n<meta property=\"og:type\" content=\"article\" \/>\n<meta property=\"og:title\" content=\"\u2018Las capas de la memoria\u2019: dignificar el recuerdo de la tragedia de la dana a trav\u00e9s del cine - Mostra de Val\u00e8ncia\" \/>\n<meta property=\"og:description\" content=\"\u2018El tesoro de Barracuda\u2019, dirigida por Adri\u00e0 Garc\u00eda, llega a la Secci\u00f3n Finestra y est\u00e1 nominada a los Premios Lola Gaos en la categor\u00eda de [&hellip;]\" \/>\n<meta property=\"og:url\" content=\"https:\/\/lamostradevalencia.com\/ca\/las-capas-de-la-memoria-dignificar-el-recuerdo-de-la-tragedia-de-la-dana-a-traves-del-cine\/\" \/>\n<meta property=\"og:site_name\" content=\"Mostra de Val\u00e8ncia\" \/>\n<meta property=\"article:published_time\" content=\"2025-10-28T13:04:47+00:00\" \/>\n<meta property=\"article:modified_time\" content=\"2025-10-28T13:05:40+00:00\" \/>\n<meta property=\"og:image\" content=\"https:\/\/lamostradevalencia.com\/wp-content\/uploads\/2025\/10\/PHOTO-2025-10-28-13-23-06.jpg\" \/>\n\t<meta property=\"og:image:width\" content=\"1600\" \/>\n\t<meta property=\"og:image:height\" content=\"1067\" \/>\n\t<meta property=\"og:image:type\" content=\"image\/jpeg\" \/>\n<meta name=\"author\" content=\"contenidos\" \/>\n<meta name=\"twitter:card\" content=\"summary_large_image\" \/>\n<meta name=\"twitter:label1\" content=\"Escrit per\" \/>\n\t<meta name=\"twitter:data1\" content=\"contenidos\" \/>\n\t<meta name=\"twitter:label2\" content=\"Temps estimat de lectura\" \/>\n\t<meta name=\"twitter:data2\" content=\"5 minuts\" \/>\n<script type=\"application\/ld+json\" class=\"yoast-schema-graph\">{\"@context\":\"https:\\\/\\\/schema.org\",\"@graph\":[{\"@type\":\"Article\",\"@id\":\"https:\\\/\\\/lamostradevalencia.com\\\/ca\\\/las-capas-de-la-memoria-dignificar-el-recuerdo-de-la-tragedia-de-la-dana-a-traves-del-cine\\\/#article\",\"isPartOf\":{\"@id\":\"https:\\\/\\\/lamostradevalencia.com\\\/ca\\\/las-capas-de-la-memoria-dignificar-el-recuerdo-de-la-tragedia-de-la-dana-a-traves-del-cine\\\/\"},\"author\":{\"name\":\"contenidos\",\"@id\":\"https:\\\/\\\/lamostradevalencia.com\\\/ca\\\/#\\\/schema\\\/person\\\/361c3c0dd5489e78ad78ee4f8332efac\"},\"headline\":\"\u2018Las capas de la memoria\u2019: dignificar el recuerdo de la tragedia de la dana a trav\u00e9s del cine\",\"datePublished\":\"2025-10-28T13:04:47+00:00\",\"dateModified\":\"2025-10-28T13:05:40+00:00\",\"mainEntityOfPage\":{\"@id\":\"https:\\\/\\\/lamostradevalencia.com\\\/ca\\\/las-capas-de-la-memoria-dignificar-el-recuerdo-de-la-tragedia-de-la-dana-a-traves-del-cine\\\/\"},\"wordCount\":1053,\"commentCount\":0,\"image\":{\"@id\":\"https:\\\/\\\/lamostradevalencia.com\\\/ca\\\/las-capas-de-la-memoria-dignificar-el-recuerdo-de-la-tragedia-de-la-dana-a-traves-del-cine\\\/#primaryimage\"},\"thumbnailUrl\":\"https:\\\/\\\/lamostradevalencia.com\\\/wp-content\\\/uploads\\\/2025\\\/10\\\/PHOTO-2025-10-28-13-23-06.jpg\",\"articleSection\":[\"Noticies\"],\"inLanguage\":\"ca\",\"potentialAction\":[{\"@type\":\"CommentAction\",\"name\":\"Comment\",\"target\":[\"https:\\\/\\\/lamostradevalencia.com\\\/ca\\\/las-capas-de-la-memoria-dignificar-el-recuerdo-de-la-tragedia-de-la-dana-a-traves-del-cine\\\/#respond\"]}]},{\"@type\":\"WebPage\",\"@id\":\"https:\\\/\\\/lamostradevalencia.com\\\/ca\\\/las-capas-de-la-memoria-dignificar-el-recuerdo-de-la-tragedia-de-la-dana-a-traves-del-cine\\\/\",\"url\":\"https:\\\/\\\/lamostradevalencia.com\\\/ca\\\/las-capas-de-la-memoria-dignificar-el-recuerdo-de-la-tragedia-de-la-dana-a-traves-del-cine\\\/\",\"name\":\"\u2018Las capas de la memoria\u2019: dignificar el recuerdo de la tragedia de la dana a trav\u00e9s del cine - Mostra de Val\u00e8ncia\",\"isPartOf\":{\"@id\":\"https:\\\/\\\/lamostradevalencia.com\\\/ca\\\/#website\"},\"primaryImageOfPage\":{\"@id\":\"https:\\\/\\\/lamostradevalencia.com\\\/ca\\\/las-capas-de-la-memoria-dignificar-el-recuerdo-de-la-tragedia-de-la-dana-a-traves-del-cine\\\/#primaryimage\"},\"image\":{\"@id\":\"https:\\\/\\\/lamostradevalencia.com\\\/ca\\\/las-capas-de-la-memoria-dignificar-el-recuerdo-de-la-tragedia-de-la-dana-a-traves-del-cine\\\/#primaryimage\"},\"thumbnailUrl\":\"https:\\\/\\\/lamostradevalencia.com\\\/wp-content\\\/uploads\\\/2025\\\/10\\\/PHOTO-2025-10-28-13-23-06.jpg\",\"datePublished\":\"2025-10-28T13:04:47+00:00\",\"dateModified\":\"2025-10-28T13:05:40+00:00\",\"author\":{\"@id\":\"https:\\\/\\\/lamostradevalencia.com\\\/ca\\\/#\\\/schema\\\/person\\\/361c3c0dd5489e78ad78ee4f8332efac\"},\"breadcrumb\":{\"@id\":\"https:\\\/\\\/lamostradevalencia.com\\\/ca\\\/las-capas-de-la-memoria-dignificar-el-recuerdo-de-la-tragedia-de-la-dana-a-traves-del-cine\\\/#breadcrumb\"},\"inLanguage\":\"ca\",\"potentialAction\":[{\"@type\":\"ReadAction\",\"target\":[\"https:\\\/\\\/lamostradevalencia.com\\\/ca\\\/las-capas-de-la-memoria-dignificar-el-recuerdo-de-la-tragedia-de-la-dana-a-traves-del-cine\\\/\"]}]},{\"@type\":\"ImageObject\",\"inLanguage\":\"ca\",\"@id\":\"https:\\\/\\\/lamostradevalencia.com\\\/ca\\\/las-capas-de-la-memoria-dignificar-el-recuerdo-de-la-tragedia-de-la-dana-a-traves-del-cine\\\/#primaryimage\",\"url\":\"https:\\\/\\\/lamostradevalencia.com\\\/wp-content\\\/uploads\\\/2025\\\/10\\\/PHOTO-2025-10-28-13-23-06.jpg\",\"contentUrl\":\"https:\\\/\\\/lamostradevalencia.com\\\/wp-content\\\/uploads\\\/2025\\\/10\\\/PHOTO-2025-10-28-13-23-06.jpg\",\"width\":1600,\"height\":1067},{\"@type\":\"BreadcrumbList\",\"@id\":\"https:\\\/\\\/lamostradevalencia.com\\\/ca\\\/las-capas-de-la-memoria-dignificar-el-recuerdo-de-la-tragedia-de-la-dana-a-traves-del-cine\\\/#breadcrumb\",\"itemListElement\":[{\"@type\":\"ListItem\",\"position\":1,\"name\":\"Portada\",\"item\":\"https:\\\/\\\/lamostradevalencia.com\\\/ca\\\/\"},{\"@type\":\"ListItem\",\"position\":2,\"name\":\"\u2018Las capas de la memoria\u2019: dignificar el recuerdo de la tragedia de la dana a trav\u00e9s del cine\"}]},{\"@type\":\"WebSite\",\"@id\":\"https:\\\/\\\/lamostradevalencia.com\\\/ca\\\/#website\",\"url\":\"https:\\\/\\\/lamostradevalencia.com\\\/ca\\\/\",\"name\":\"Mostra de Val\u00e8ncia\",\"description\":\"Cinema del Mediterrani\",\"potentialAction\":[{\"@type\":\"SearchAction\",\"target\":{\"@type\":\"EntryPoint\",\"urlTemplate\":\"https:\\\/\\\/lamostradevalencia.com\\\/ca\\\/?s={search_term_string}\"},\"query-input\":{\"@type\":\"PropertyValueSpecification\",\"valueRequired\":true,\"valueName\":\"search_term_string\"}}],\"inLanguage\":\"ca\"},{\"@type\":\"Person\",\"@id\":\"https:\\\/\\\/lamostradevalencia.com\\\/ca\\\/#\\\/schema\\\/person\\\/361c3c0dd5489e78ad78ee4f8332efac\",\"name\":\"contenidos\",\"image\":{\"@type\":\"ImageObject\",\"inLanguage\":\"ca\",\"@id\":\"https:\\\/\\\/secure.gravatar.com\\\/avatar\\\/a87eddc188a32d5a0371ff92ef616b5006a91e389296d49d081f8d424eef134c?s=96&d=mm&r=g\",\"url\":\"https:\\\/\\\/secure.gravatar.com\\\/avatar\\\/a87eddc188a32d5a0371ff92ef616b5006a91e389296d49d081f8d424eef134c?s=96&d=mm&r=g\",\"contentUrl\":\"https:\\\/\\\/secure.gravatar.com\\\/avatar\\\/a87eddc188a32d5a0371ff92ef616b5006a91e389296d49d081f8d424eef134c?s=96&d=mm&r=g\",\"caption\":\"contenidos\"}}]}<\/script>\n<!-- \/ Yoast SEO plugin. -->","yoast_head_json":{"title":"\u2018Las capas de la memoria\u2019: dignificar el recuerdo de la tragedia de la dana a trav\u00e9s del cine - Mostra de Val\u00e8ncia","robots":{"index":"index","follow":"follow","max-snippet":"max-snippet:-1","max-image-preview":"max-image-preview:large","max-video-preview":"max-video-preview:-1"},"canonical":"https:\/\/lamostradevalencia.com\/ca\/las-capas-de-la-memoria-dignificar-el-recuerdo-de-la-tragedia-de-la-dana-a-traves-del-cine\/","og_locale":"ca_ES","og_type":"article","og_title":"\u2018Las capas de la memoria\u2019: dignificar el recuerdo de la tragedia de la dana a trav\u00e9s del cine - Mostra de Val\u00e8ncia","og_description":"\u2018El tesoro de Barracuda\u2019, dirigida por Adri\u00e0 Garc\u00eda, llega a la Secci\u00f3n Finestra y est\u00e1 nominada a los Premios Lola Gaos en la categor\u00eda de [&hellip;]","og_url":"https:\/\/lamostradevalencia.com\/ca\/las-capas-de-la-memoria-dignificar-el-recuerdo-de-la-tragedia-de-la-dana-a-traves-del-cine\/","og_site_name":"Mostra de Val\u00e8ncia","article_published_time":"2025-10-28T13:04:47+00:00","article_modified_time":"2025-10-28T13:05:40+00:00","og_image":[{"width":1600,"height":1067,"url":"https:\/\/lamostradevalencia.com\/wp-content\/uploads\/2025\/10\/PHOTO-2025-10-28-13-23-06.jpg","type":"image\/jpeg"}],"author":"contenidos","twitter_card":"summary_large_image","twitter_misc":{"Escrit per":"contenidos","Temps estimat de lectura":"5 minuts"},"schema":{"@context":"https:\/\/schema.org","@graph":[{"@type":"Article","@id":"https:\/\/lamostradevalencia.com\/ca\/las-capas-de-la-memoria-dignificar-el-recuerdo-de-la-tragedia-de-la-dana-a-traves-del-cine\/#article","isPartOf":{"@id":"https:\/\/lamostradevalencia.com\/ca\/las-capas-de-la-memoria-dignificar-el-recuerdo-de-la-tragedia-de-la-dana-a-traves-del-cine\/"},"author":{"name":"contenidos","@id":"https:\/\/lamostradevalencia.com\/ca\/#\/schema\/person\/361c3c0dd5489e78ad78ee4f8332efac"},"headline":"\u2018Las capas de la memoria\u2019: dignificar el recuerdo de la tragedia de la dana a trav\u00e9s del cine","datePublished":"2025-10-28T13:04:47+00:00","dateModified":"2025-10-28T13:05:40+00:00","mainEntityOfPage":{"@id":"https:\/\/lamostradevalencia.com\/ca\/las-capas-de-la-memoria-dignificar-el-recuerdo-de-la-tragedia-de-la-dana-a-traves-del-cine\/"},"wordCount":1053,"commentCount":0,"image":{"@id":"https:\/\/lamostradevalencia.com\/ca\/las-capas-de-la-memoria-dignificar-el-recuerdo-de-la-tragedia-de-la-dana-a-traves-del-cine\/#primaryimage"},"thumbnailUrl":"https:\/\/lamostradevalencia.com\/wp-content\/uploads\/2025\/10\/PHOTO-2025-10-28-13-23-06.jpg","articleSection":["Noticies"],"inLanguage":"ca","potentialAction":[{"@type":"CommentAction","name":"Comment","target":["https:\/\/lamostradevalencia.com\/ca\/las-capas-de-la-memoria-dignificar-el-recuerdo-de-la-tragedia-de-la-dana-a-traves-del-cine\/#respond"]}]},{"@type":"WebPage","@id":"https:\/\/lamostradevalencia.com\/ca\/las-capas-de-la-memoria-dignificar-el-recuerdo-de-la-tragedia-de-la-dana-a-traves-del-cine\/","url":"https:\/\/lamostradevalencia.com\/ca\/las-capas-de-la-memoria-dignificar-el-recuerdo-de-la-tragedia-de-la-dana-a-traves-del-cine\/","name":"\u2018Las capas de la memoria\u2019: dignificar el recuerdo de la tragedia de la dana a trav\u00e9s del cine - Mostra de Val\u00e8ncia","isPartOf":{"@id":"https:\/\/lamostradevalencia.com\/ca\/#website"},"primaryImageOfPage":{"@id":"https:\/\/lamostradevalencia.com\/ca\/las-capas-de-la-memoria-dignificar-el-recuerdo-de-la-tragedia-de-la-dana-a-traves-del-cine\/#primaryimage"},"image":{"@id":"https:\/\/lamostradevalencia.com\/ca\/las-capas-de-la-memoria-dignificar-el-recuerdo-de-la-tragedia-de-la-dana-a-traves-del-cine\/#primaryimage"},"thumbnailUrl":"https:\/\/lamostradevalencia.com\/wp-content\/uploads\/2025\/10\/PHOTO-2025-10-28-13-23-06.jpg","datePublished":"2025-10-28T13:04:47+00:00","dateModified":"2025-10-28T13:05:40+00:00","author":{"@id":"https:\/\/lamostradevalencia.com\/ca\/#\/schema\/person\/361c3c0dd5489e78ad78ee4f8332efac"},"breadcrumb":{"@id":"https:\/\/lamostradevalencia.com\/ca\/las-capas-de-la-memoria-dignificar-el-recuerdo-de-la-tragedia-de-la-dana-a-traves-del-cine\/#breadcrumb"},"inLanguage":"ca","potentialAction":[{"@type":"ReadAction","target":["https:\/\/lamostradevalencia.com\/ca\/las-capas-de-la-memoria-dignificar-el-recuerdo-de-la-tragedia-de-la-dana-a-traves-del-cine\/"]}]},{"@type":"ImageObject","inLanguage":"ca","@id":"https:\/\/lamostradevalencia.com\/ca\/las-capas-de-la-memoria-dignificar-el-recuerdo-de-la-tragedia-de-la-dana-a-traves-del-cine\/#primaryimage","url":"https:\/\/lamostradevalencia.com\/wp-content\/uploads\/2025\/10\/PHOTO-2025-10-28-13-23-06.jpg","contentUrl":"https:\/\/lamostradevalencia.com\/wp-content\/uploads\/2025\/10\/PHOTO-2025-10-28-13-23-06.jpg","width":1600,"height":1067},{"@type":"BreadcrumbList","@id":"https:\/\/lamostradevalencia.com\/ca\/las-capas-de-la-memoria-dignificar-el-recuerdo-de-la-tragedia-de-la-dana-a-traves-del-cine\/#breadcrumb","itemListElement":[{"@type":"ListItem","position":1,"name":"Portada","item":"https:\/\/lamostradevalencia.com\/ca\/"},{"@type":"ListItem","position":2,"name":"\u2018Las capas de la memoria\u2019: dignificar el recuerdo de la tragedia de la dana a trav\u00e9s del cine"}]},{"@type":"WebSite","@id":"https:\/\/lamostradevalencia.com\/ca\/#website","url":"https:\/\/lamostradevalencia.com\/ca\/","name":"Mostra de Val\u00e8ncia","description":"Cinema del Mediterrani","potentialAction":[{"@type":"SearchAction","target":{"@type":"EntryPoint","urlTemplate":"https:\/\/lamostradevalencia.com\/ca\/?s={search_term_string}"},"query-input":{"@type":"PropertyValueSpecification","valueRequired":true,"valueName":"search_term_string"}}],"inLanguage":"ca"},{"@type":"Person","@id":"https:\/\/lamostradevalencia.com\/ca\/#\/schema\/person\/361c3c0dd5489e78ad78ee4f8332efac","name":"contenidos","image":{"@type":"ImageObject","inLanguage":"ca","@id":"https:\/\/secure.gravatar.com\/avatar\/a87eddc188a32d5a0371ff92ef616b5006a91e389296d49d081f8d424eef134c?s=96&d=mm&r=g","url":"https:\/\/secure.gravatar.com\/avatar\/a87eddc188a32d5a0371ff92ef616b5006a91e389296d49d081f8d424eef134c?s=96&d=mm&r=g","contentUrl":"https:\/\/secure.gravatar.com\/avatar\/a87eddc188a32d5a0371ff92ef616b5006a91e389296d49d081f8d424eef134c?s=96&d=mm&r=g","caption":"contenidos"}}]}},"uagb_featured_image_src":{"full":["https:\/\/lamostradevalencia.com\/wp-content\/uploads\/2025\/10\/PHOTO-2025-10-28-13-23-06.jpg",1600,1067,false],"thumbnail":["https:\/\/lamostradevalencia.com\/wp-content\/uploads\/2025\/10\/PHOTO-2025-10-28-13-23-06-150x150.jpg",150,150,true],"medium":["https:\/\/lamostradevalencia.com\/wp-content\/uploads\/2025\/10\/PHOTO-2025-10-28-13-23-06-300x200.jpg",300,200,true],"medium_large":["https:\/\/lamostradevalencia.com\/wp-content\/uploads\/2025\/10\/PHOTO-2025-10-28-13-23-06-768x512.jpg",768,512,true],"large":["https:\/\/lamostradevalencia.com\/wp-content\/uploads\/2025\/10\/PHOTO-2025-10-28-13-23-06-1024x683.jpg",1024,683,true],"1536x1536":["https:\/\/lamostradevalencia.com\/wp-content\/uploads\/2025\/10\/PHOTO-2025-10-28-13-23-06-1536x1024.jpg",1536,1024,true],"2048x2048":["https:\/\/lamostradevalencia.com\/wp-content\/uploads\/2025\/10\/PHOTO-2025-10-28-13-23-06.jpg",1600,1067,false],"cinerama_edge_image_square":["https:\/\/lamostradevalencia.com\/wp-content\/uploads\/2025\/10\/PHOTO-2025-10-28-13-23-06-550x550.jpg",550,550,true],"cinerama_edge_image_landscape":["https:\/\/lamostradevalencia.com\/wp-content\/uploads\/2025\/10\/PHOTO-2025-10-28-13-23-06-1100x550.jpg",1100,550,true],"cinerama_edge_image_portrait":["https:\/\/lamostradevalencia.com\/wp-content\/uploads\/2025\/10\/PHOTO-2025-10-28-13-23-06-550x1067.jpg",550,1067,true],"cinerama_edge_image_huge":["https:\/\/lamostradevalencia.com\/wp-content\/uploads\/2025\/10\/PHOTO-2025-10-28-13-23-06-1100x1067.jpg",1100,1067,true],"gform-image-choice-sm":["https:\/\/lamostradevalencia.com\/wp-content\/uploads\/2025\/10\/PHOTO-2025-10-28-13-23-06.jpg",300,200,false],"gform-image-choice-md":["https:\/\/lamostradevalencia.com\/wp-content\/uploads\/2025\/10\/PHOTO-2025-10-28-13-23-06.jpg",400,267,false],"gform-image-choice-lg":["https:\/\/lamostradevalencia.com\/wp-content\/uploads\/2025\/10\/PHOTO-2025-10-28-13-23-06.jpg",600,400,false]},"uagb_author_info":{"display_name":"contenidos","author_link":"https:\/\/lamostradevalencia.com\/ca\/author\/contenidos\/"},"uagb_comment_info":0,"uagb_excerpt":"\u2018El tesoro de Barracuda\u2019, dirigida por Adri\u00e0 Garc\u00eda, llega a la Secci\u00f3n Finestra y est\u00e1 nominada a los Premios Lola Gaos en la categor\u00eda de [&hellip;]","_links":{"self":[{"href":"https:\/\/lamostradevalencia.com\/ca\/wp-json\/wp\/v2\/posts\/30655","targetHints":{"allow":["GET"]}}],"collection":[{"href":"https:\/\/lamostradevalencia.com\/ca\/wp-json\/wp\/v2\/posts"}],"about":[{"href":"https:\/\/lamostradevalencia.com\/ca\/wp-json\/wp\/v2\/types\/post"}],"author":[{"embeddable":true,"href":"https:\/\/lamostradevalencia.com\/ca\/wp-json\/wp\/v2\/users\/3"}],"replies":[{"embeddable":true,"href":"https:\/\/lamostradevalencia.com\/ca\/wp-json\/wp\/v2\/comments?post=30655"}],"version-history":[{"count":2,"href":"https:\/\/lamostradevalencia.com\/ca\/wp-json\/wp\/v2\/posts\/30655\/revisions"}],"predecessor-version":[{"id":30658,"href":"https:\/\/lamostradevalencia.com\/ca\/wp-json\/wp\/v2\/posts\/30655\/revisions\/30658"}],"wp:featuredmedia":[{"embeddable":true,"href":"https:\/\/lamostradevalencia.com\/ca\/wp-json\/wp\/v2\/media\/30644"}],"wp:attachment":[{"href":"https:\/\/lamostradevalencia.com\/ca\/wp-json\/wp\/v2\/media?parent=30655"}],"wp:term":[{"taxonomy":"category","embeddable":true,"href":"https:\/\/lamostradevalencia.com\/ca\/wp-json\/wp\/v2\/categories?post=30655"},{"taxonomy":"post_tag","embeddable":true,"href":"https:\/\/lamostradevalencia.com\/ca\/wp-json\/wp\/v2\/tags?post=30655"}],"curies":[{"name":"wp","href":"https:\/\/api.w.org\/{rel}","templated":true}]}}