{"id":30650,"date":"2025-10-28T14:02:28","date_gmt":"2025-10-28T13:02:28","guid":{"rendered":"https:\/\/lamostradevalencia.com\/?p=30650"},"modified":"2025-10-28T14:02:28","modified_gmt":"2025-10-28T13:02:28","slug":"las-capas-de-la-memoria-dignificar-el-record-de-la-tragedia-de-la-dana-a-traves-del-cinema","status":"publish","type":"post","link":"https:\/\/lamostradevalencia.com\/ca\/las-capas-de-la-memoria-dignificar-el-record-de-la-tragedia-de-la-dana-a-traves-del-cinema\/","title":{"rendered":"\u2018Las capas de la memoria\u2019: dignificar el record de la trag\u00e8dia de la dana a trav\u00e9s del cinema"},"content":{"rendered":"<h5><b>\u2018El tesoro de Barracuda\u2019<\/b><b>, dirigida per Adri\u00e0 Garc\u00eda, arriba a la Secci\u00f3 Finestra i est\u00e0 nominada als Premis Lola Gaos en la categoria de Millor Llargmetratge d\u2019Animaci\u00f3<\/b><\/h5>\n<p><span style=\"font-weight: 400;\">La p\u00e8rdua de patrimoni f\u00edlmic, siga professional o dom\u00e8stic, \u00e9s una de les trag\u00e8dies afegides a la cat\u00e0strofe de la dana, per\u00f2 gr\u00e0cies al comprom\u00eds i sensibilitat de 15 estudiants de Comunicaci\u00f3 Audiovisual, Sociologia, Periodisme i Hist\u00f2ria de l\u2019Art de la\u00a0<\/span><span style=\"font-weight: 400;\">Universitat de Val\u00e8ncia, els records enfangats tornen a la vida ara a trav\u00e9s del cinema.<\/span><br style=\"font-weight: 400;\" \/><br style=\"font-weight: 400;\" \/><span style=\"font-weight: 400;\">\u2018Las capas de la memoria\u2019<\/span><span style=\"font-weight: 400;\">, que estrena hui la\u00a0<\/span><strong>Mostra de Val\u00e8ncia\u2013Cinema del Mediterrani, \u00e9s un homenatge a la mem\u00f2ria i la resili\u00e8ncia.\u00a0<\/strong><span style=\"font-weight: 400;\">Impulsat per l\u2019Acad\u00e8mia de Cine i la Universitat de Val\u00e8ncia, el projecte ha buscat revitalitzar materials gr\u00e0fics danyats per la dana a partir de les imatges rescatades pel programa \u2018Salvem les fotos\u2019, de l\u2019\u00c0rea de Patrimoni de la Universitat. Amb la seua projecci\u00f3 dins de les Sessions Especials, el festival se suma hui al dolor i al record de la trag\u00e8dia en la vig\u00edlia del seu primer aniversari.<\/span><br style=\"font-weight: 400;\" \/><br style=\"font-weight: 400;\" \/><span style=\"font-weight: 400;\">El treball ha donat lloc a huit peces audiovisuals elaborades per estudiants, guiats pels cineastes\u00a0<\/span><strong>Nuria Gim\u00e9nez, Sergio Oksman i V\u00edctor Serna<\/strong><span style=\"font-weight: 400;\">. Com explica aquest \u00faltim, \u201cles obres transformen fotografies i \u00e0lbums familiars sepultats per la fang en relats cinematogr\u00e0fics sobre la p\u00e8rdua, la mem\u00f2ria i l\u2019esperan\u00e7a\u201d, al que afegeix \u201cla import\u00e0ncia de la mirada jove com a motor de reconstrucci\u00f3 emocional i cultural\u201d. Cada imatge recuperada \u00e9s un testimoni de resist\u00e8ncia:\u00a0<\/span><strong>\u201cTreballar amb aquest material ens ha recordat que la mem\u00f2ria tamb\u00e9 pot reconstruir-se a trav\u00e9s de l\u2019art\u201d,<\/strong><span style=\"font-weight: 400;\">\u00a0assenyala Serna.<\/span><br style=\"font-weight: 400;\" \/><br style=\"font-weight: 400;\" \/><span style=\"font-weight: 400;\"><strong>La mem\u00f2ria familiar com a mat\u00e8ria de creaci\u00f3<\/strong><\/span><br style=\"font-weight: 400;\" \/><br style=\"font-weight: 400;\" \/><span style=\"font-weight: 400;\">Des de l\u2019<\/span><span style=\"font-weight: 400;\">\u00c0rea de Patrimoni de la Universitat de Val\u00e8ncia, Marisa V\u00e1zquez de \u00c1gredos, directora del programa \u2018Salvem les fotos\u2019 i coordinadora del projecte, destaca que \u201cels alumnes, molts d\u2019ells afectats tamb\u00e9 per la dana, han sabut convertir la trag\u00e8dia en creaci\u00f3, trobant bellesa i humanitat en les restes del desastre\u201d. A partir de les fotos recuperades per la universitat, cineastes i estudiants van elaborar guions per resignificar aquest contingut:\u00a0<\/span><strong>\u201cEn alguns casos es van acostar a la ficci\u00f3 o al documental autobiogr\u00e0fic, per\u00f2 sempre des d\u2019una interpretaci\u00f3 personal, art\u00edstica i respectuosa\u201d.<\/strong><span style=\"font-weight: 400;\">\u00a0Narracions molt diferents unides pel mateix origen: \u201cAlguns van partir dels danys que la dana havia causat sobre les imatges, connectant les policromies i textures amb l\u2019art contemporani. Altres, van explorar com el passat s\u2019entrella\u00e7a amb el present.\u00a0<\/span><strong>La idea era fomentar la creaci\u00f3 contempor\u00e0nia a partir del material patrimonial de les fam\u00edlies afectades\u201d.<\/strong><br style=\"font-weight: 400;\" \/><br style=\"font-weight: 400;\" \/><span style=\"font-weight: 400;\">Els estudiants que participen en el projecte coincideixen a destacar la intensitat del proc\u00e9s creatiu i el di\u00e0leg emocional que va implicar treballar amb records reals de fam\u00edlies afectades:<\/span><span style=\"font-weight: 400;\">\u00a0\u201c<\/span><strong>Va ser un proc\u00e9s molt \u00edntim. Dialog\u00e0vem molt sobre el que sent\u00edem en veure les fotos i sobre com podr\u00edem transformar aquesta emoci\u00f3 en hist\u00f2ries que respectaren el dolor, per\u00f2 tamb\u00e9 parlaren d\u2019esperan\u00e7a\u201d, comenta una de les participants.<\/strong><br style=\"font-weight: 400;\" \/><br style=\"font-weight: 400;\" \/><span style=\"font-weight: 400;\">\u201cD\u2019aquestes converses van sorgir peces molt diverses, algunes m\u00e9s po\u00e8tiques, altres m\u00e9s documentals, per\u00f2 totes amb la voluntat de donar un valor est\u00e8tic i hum\u00e0 a alguna cosa que va ser molt tr\u00e0gica\u201d, afegeix un altre estudiant. \u201c<\/span><strong>Vam treballar amb una dona de Catarroja que havia perdut quasi totes les seues fotos. Les imatges estaven tan danyades que a penes es distingia res, per\u00f2 en aquest buit vam trobar el sentit profund de la mem\u00f2ria: el que recordem fins i tot quan la imatge desapareix\u201d<\/strong><span style=\"font-weight: 400;\">, explica una altra alumna. \u201cEns preocupava com fer art d\u2019una trag\u00e8dia tan recent sense fer mal a sensibilitats. Per aix\u00f2 vam abordar el treball amb molt de respecte i amb gratitud cap a les fam\u00edlies que ens van permetre entrar en la seua intimitat\u201d, conclouen els estudiants.<\/span><br style=\"font-weight: 400;\" \/><br style=\"font-weight: 400;\" \/><span style=\"font-weight: 400;\">Els joves creadors agraeixen especialment la generositat de les fam\u00edlies que van cedir les seues fotografies danyades, permetent que els seus records \u2014encara que fragmentats\u2014 es transformaren en noves obres que resignifiquen el passat i el converteixen en art i mem\u00f2ria compartida.<\/span><br style=\"font-weight: 400;\" \/><br style=\"font-weight: 400;\" \/><span style=\"font-weight: 400;\">La\u00a0<\/span><span style=\"font-weight: 400;\">Mostra tamb\u00e9 presenta avui a\u00a0<\/span><strong>Finestra la pel\u00b7l\u00edcula d\u2019animaci\u00f3 \u2018El tesoro de Barracuda\u2019,<\/strong><span style=\"font-weight: 400;\">\u00a0dirigida per Adri\u00e0 Garc\u00eda i escrita per Am\u00e8lia Mora, una producci\u00f3 valenciana nominada als Premis Lola Gaos en la categoria de Millor Llargmetratge d\u2019Animaci\u00f3.<\/span><br style=\"font-weight: 400;\" \/><br style=\"font-weight: 400;\" \/><span style=\"font-weight: 400;\">La cinta, \u201cuna adaptaci\u00f3 molt lliure del conte\u201d, segons les<em>\u00a0lines producers<\/em>\u00a0<\/span><strong>Teresa Pascual i Zoraida Pensado,<\/strong><span style=\"font-weight: 400;\">\u00a0narra les aventures de Chispas, una xiqueta que, en la seua recerca dels seus pares, acaba per accident a bord del vaixell del Capit\u00e0 Barracuda, una tripulaci\u00f3 de pirates amb un curi\u00f3s problema: cap d\u2019ells sap llegir. Nom\u00e9s ella podr\u00e0 ajudar-los a descodificar el mapa del llegendari tresor de Phineas Crane, iniciant una hist\u00f2ria d\u2019amistat, humor i aprenentatge que combina aventura i emoci\u00f3 amb una mirada sensible i contempor\u00e0nia. Per a la seua creaci\u00f3, expliquen \u201cel proc\u00e9s ha sigut molt llarg i l\u2019equip era un veritable repte ja que \u00e9s una coproducci\u00f3 i calia utilitzar diferents t\u00e8cniques, temps, en alguns casos \u00e9rem m\u00e9s de cent persones\u201d.<\/span><br style=\"font-weight: 400;\" \/><br style=\"font-weight: 400;\" \/><span style=\"font-weight: 400;\">El director\u00a0<\/span><span style=\"font-weight: 400;\">Adri\u00e0 Garc\u00eda destaca l\u2019enfocament artesanal i expressiu del projecte: \u201c<\/span><strong>En aquesta pel\u00b7l\u00edcula hem sigut for\u00e7a estrictes amb l\u2019animaci\u00f3. El 3D \u00e9s quasi inexistent; l\u2019hem creat a base d\u2019il\u00b7lustracions en 2D, generant profunditat a partir dels propis dibuixos, movent-se i jugant amb les dist\u00e0ncies\u201d<\/strong><span style=\"font-weight: 400;\">. Garc\u00eda, guardonat amb el premi Goya a Millor Pel\u00b7l\u00edcula d\u2019Animaci\u00f3 en 2007 per la seua \u00f2pera prima \u2018Nocturna\u2019, subratlla, a m\u00e9s, el missatge universal de la pel\u00b7l\u00edcula: \u201cEl tesoro de Barracuda no d\u00f3na lli\u00e7ons, per\u00f2 transmet un missatge poder\u00f3s: la lectura transforma, uneix i ens fa lliures. Aquesta hist\u00f2ria t\u00e9 humor, misteri, tendresa i una visi\u00f3 del m\u00f3n oberta i emp\u00e0tica. \u00c9s una pel\u00b7l\u00edcula que parla el llenguatge dels xiquets, sense subestimar-los\u201d.<\/span><\/p>\n","protected":false},"excerpt":{"rendered":"<p>\u2018El tesoro de Barracuda\u2019, dirigida per Adri\u00e0 Garc\u00eda, arriba a la Secci\u00f3 Finestra i est\u00e0 nominada als Premis Lola Gaos en la categoria de Millor [&hellip;]<\/p>\n","protected":false},"author":1,"featured_media":30644,"comment_status":"open","ping_status":"open","sticky":false,"template":"","format":"standard","meta":{"_uag_custom_page_level_css":"","_jet_sm_ready_style":"","_jet_sm_style":"","_jet_sm_controls_values":"","_jet_sm_fonts_collection":"","_jet_sm_fonts_links":"","footnotes":""},"categories":[455],"tags":[],"class_list":["post-30650","post","type-post","status-publish","format-standard","has-post-thumbnail","hentry","category-noticies"],"yoast_head":"<!-- This site is optimized with the Yoast SEO plugin v27.5 - https:\/\/yoast.com\/product\/yoast-seo-wordpress\/ -->\n<title>\u2018Las capas de la memoria\u2019: dignificar el record de la trag\u00e8dia de la dana a trav\u00e9s del cinema - Mostra de Val\u00e8ncia<\/title>\n<meta name=\"robots\" content=\"index, follow, max-snippet:-1, max-image-preview:large, max-video-preview:-1\" \/>\n<link rel=\"canonical\" href=\"https:\/\/lamostradevalencia.com\/ca\/las-capas-de-la-memoria-dignificar-el-record-de-la-tragedia-de-la-dana-a-traves-del-cinema\/\" \/>\n<meta property=\"og:locale\" content=\"ca_ES\" \/>\n<meta property=\"og:type\" content=\"article\" \/>\n<meta property=\"og:title\" content=\"\u2018Las capas de la memoria\u2019: dignificar el record de la trag\u00e8dia de la dana a trav\u00e9s del cinema - Mostra de Val\u00e8ncia\" \/>\n<meta property=\"og:description\" content=\"\u2018El tesoro de Barracuda\u2019, dirigida per Adri\u00e0 Garc\u00eda, arriba a la Secci\u00f3 Finestra i est\u00e0 nominada als Premis Lola Gaos en la categoria de Millor [&hellip;]\" \/>\n<meta property=\"og:url\" content=\"https:\/\/lamostradevalencia.com\/ca\/las-capas-de-la-memoria-dignificar-el-record-de-la-tragedia-de-la-dana-a-traves-del-cinema\/\" \/>\n<meta property=\"og:site_name\" content=\"Mostra de Val\u00e8ncia\" \/>\n<meta property=\"article:published_time\" content=\"2025-10-28T13:02:28+00:00\" \/>\n<meta property=\"og:image\" content=\"https:\/\/lamostradevalencia.com\/wp-content\/uploads\/2025\/10\/PHOTO-2025-10-28-13-23-06.jpg\" \/>\n\t<meta property=\"og:image:width\" content=\"1600\" \/>\n\t<meta property=\"og:image:height\" content=\"1067\" \/>\n\t<meta property=\"og:image:type\" content=\"image\/jpeg\" \/>\n<meta name=\"author\" content=\"Mostra de Val\u00e8ncia\" \/>\n<meta name=\"twitter:card\" content=\"summary_large_image\" \/>\n<meta name=\"twitter:label1\" content=\"Escrit per\" \/>\n\t<meta name=\"twitter:data1\" content=\"Mostra de Val\u00e8ncia\" \/>\n\t<meta name=\"twitter:label2\" content=\"Temps estimat de lectura\" \/>\n\t<meta name=\"twitter:data2\" content=\"5 minuts\" \/>\n<script type=\"application\/ld+json\" class=\"yoast-schema-graph\">{\"@context\":\"https:\\\/\\\/schema.org\",\"@graph\":[{\"@type\":\"Article\",\"@id\":\"https:\\\/\\\/lamostradevalencia.com\\\/ca\\\/las-capas-de-la-memoria-dignificar-el-record-de-la-tragedia-de-la-dana-a-traves-del-cinema\\\/#article\",\"isPartOf\":{\"@id\":\"https:\\\/\\\/lamostradevalencia.com\\\/ca\\\/las-capas-de-la-memoria-dignificar-el-record-de-la-tragedia-de-la-dana-a-traves-del-cinema\\\/\"},\"author\":{\"name\":\"Mostra de Val\u00e8ncia\",\"@id\":\"https:\\\/\\\/lamostradevalencia.com\\\/ca\\\/#\\\/schema\\\/person\\\/1dc07e4df3d6310b81d2cdf6a034070c\"},\"headline\":\"\u2018Las capas de la memoria\u2019: dignificar el record de la trag\u00e8dia de la dana a trav\u00e9s del cinema\",\"datePublished\":\"2025-10-28T13:02:28+00:00\",\"mainEntityOfPage\":{\"@id\":\"https:\\\/\\\/lamostradevalencia.com\\\/ca\\\/las-capas-de-la-memoria-dignificar-el-record-de-la-tragedia-de-la-dana-a-traves-del-cinema\\\/\"},\"wordCount\":1070,\"commentCount\":0,\"image\":{\"@id\":\"https:\\\/\\\/lamostradevalencia.com\\\/ca\\\/las-capas-de-la-memoria-dignificar-el-record-de-la-tragedia-de-la-dana-a-traves-del-cinema\\\/#primaryimage\"},\"thumbnailUrl\":\"https:\\\/\\\/lamostradevalencia.com\\\/wp-content\\\/uploads\\\/2025\\\/10\\\/PHOTO-2025-10-28-13-23-06.jpg\",\"articleSection\":[\"Noticies\"],\"inLanguage\":\"ca\",\"potentialAction\":[{\"@type\":\"CommentAction\",\"name\":\"Comment\",\"target\":[\"https:\\\/\\\/lamostradevalencia.com\\\/ca\\\/las-capas-de-la-memoria-dignificar-el-record-de-la-tragedia-de-la-dana-a-traves-del-cinema\\\/#respond\"]}]},{\"@type\":\"WebPage\",\"@id\":\"https:\\\/\\\/lamostradevalencia.com\\\/ca\\\/las-capas-de-la-memoria-dignificar-el-record-de-la-tragedia-de-la-dana-a-traves-del-cinema\\\/\",\"url\":\"https:\\\/\\\/lamostradevalencia.com\\\/ca\\\/las-capas-de-la-memoria-dignificar-el-record-de-la-tragedia-de-la-dana-a-traves-del-cinema\\\/\",\"name\":\"\u2018Las capas de la memoria\u2019: dignificar el record de la trag\u00e8dia de la dana a trav\u00e9s del cinema - Mostra de Val\u00e8ncia\",\"isPartOf\":{\"@id\":\"https:\\\/\\\/lamostradevalencia.com\\\/ca\\\/#website\"},\"primaryImageOfPage\":{\"@id\":\"https:\\\/\\\/lamostradevalencia.com\\\/ca\\\/las-capas-de-la-memoria-dignificar-el-record-de-la-tragedia-de-la-dana-a-traves-del-cinema\\\/#primaryimage\"},\"image\":{\"@id\":\"https:\\\/\\\/lamostradevalencia.com\\\/ca\\\/las-capas-de-la-memoria-dignificar-el-record-de-la-tragedia-de-la-dana-a-traves-del-cinema\\\/#primaryimage\"},\"thumbnailUrl\":\"https:\\\/\\\/lamostradevalencia.com\\\/wp-content\\\/uploads\\\/2025\\\/10\\\/PHOTO-2025-10-28-13-23-06.jpg\",\"datePublished\":\"2025-10-28T13:02:28+00:00\",\"author\":{\"@id\":\"https:\\\/\\\/lamostradevalencia.com\\\/ca\\\/#\\\/schema\\\/person\\\/1dc07e4df3d6310b81d2cdf6a034070c\"},\"breadcrumb\":{\"@id\":\"https:\\\/\\\/lamostradevalencia.com\\\/ca\\\/las-capas-de-la-memoria-dignificar-el-record-de-la-tragedia-de-la-dana-a-traves-del-cinema\\\/#breadcrumb\"},\"inLanguage\":\"ca\",\"potentialAction\":[{\"@type\":\"ReadAction\",\"target\":[\"https:\\\/\\\/lamostradevalencia.com\\\/ca\\\/las-capas-de-la-memoria-dignificar-el-record-de-la-tragedia-de-la-dana-a-traves-del-cinema\\\/\"]}]},{\"@type\":\"ImageObject\",\"inLanguage\":\"ca\",\"@id\":\"https:\\\/\\\/lamostradevalencia.com\\\/ca\\\/las-capas-de-la-memoria-dignificar-el-record-de-la-tragedia-de-la-dana-a-traves-del-cinema\\\/#primaryimage\",\"url\":\"https:\\\/\\\/lamostradevalencia.com\\\/wp-content\\\/uploads\\\/2025\\\/10\\\/PHOTO-2025-10-28-13-23-06.jpg\",\"contentUrl\":\"https:\\\/\\\/lamostradevalencia.com\\\/wp-content\\\/uploads\\\/2025\\\/10\\\/PHOTO-2025-10-28-13-23-06.jpg\",\"width\":1600,\"height\":1067},{\"@type\":\"BreadcrumbList\",\"@id\":\"https:\\\/\\\/lamostradevalencia.com\\\/ca\\\/las-capas-de-la-memoria-dignificar-el-record-de-la-tragedia-de-la-dana-a-traves-del-cinema\\\/#breadcrumb\",\"itemListElement\":[{\"@type\":\"ListItem\",\"position\":1,\"name\":\"Portada\",\"item\":\"https:\\\/\\\/lamostradevalencia.com\\\/ca\\\/\"},{\"@type\":\"ListItem\",\"position\":2,\"name\":\"\u2018Las capas de la memoria\u2019: dignificar el record de la trag\u00e8dia de la dana a trav\u00e9s del cinema\"}]},{\"@type\":\"WebSite\",\"@id\":\"https:\\\/\\\/lamostradevalencia.com\\\/ca\\\/#website\",\"url\":\"https:\\\/\\\/lamostradevalencia.com\\\/ca\\\/\",\"name\":\"Mostra de Val\u00e8ncia\",\"description\":\"Cinema del Mediterrani\",\"potentialAction\":[{\"@type\":\"SearchAction\",\"target\":{\"@type\":\"EntryPoint\",\"urlTemplate\":\"https:\\\/\\\/lamostradevalencia.com\\\/ca\\\/?s={search_term_string}\"},\"query-input\":{\"@type\":\"PropertyValueSpecification\",\"valueRequired\":true,\"valueName\":\"search_term_string\"}}],\"inLanguage\":\"ca\"},{\"@type\":\"Person\",\"@id\":\"https:\\\/\\\/lamostradevalencia.com\\\/ca\\\/#\\\/schema\\\/person\\\/1dc07e4df3d6310b81d2cdf6a034070c\",\"name\":\"Mostra de Val\u00e8ncia\",\"image\":{\"@type\":\"ImageObject\",\"inLanguage\":\"ca\",\"@id\":\"https:\\\/\\\/secure.gravatar.com\\\/avatar\\\/ada4dfd699a9907706987adb1bb2b361c2613ccca474b49b8c648de5208e32f8?s=96&d=mm&r=g\",\"url\":\"https:\\\/\\\/secure.gravatar.com\\\/avatar\\\/ada4dfd699a9907706987adb1bb2b361c2613ccca474b49b8c648de5208e32f8?s=96&d=mm&r=g\",\"contentUrl\":\"https:\\\/\\\/secure.gravatar.com\\\/avatar\\\/ada4dfd699a9907706987adb1bb2b361c2613ccca474b49b8c648de5208e32f8?s=96&d=mm&r=g\",\"caption\":\"Mostra de Val\u00e8ncia\"}}]}<\/script>\n<!-- \/ Yoast SEO plugin. -->","yoast_head_json":{"title":"\u2018Las capas de la memoria\u2019: dignificar el record de la trag\u00e8dia de la dana a trav\u00e9s del cinema - Mostra de Val\u00e8ncia","robots":{"index":"index","follow":"follow","max-snippet":"max-snippet:-1","max-image-preview":"max-image-preview:large","max-video-preview":"max-video-preview:-1"},"canonical":"https:\/\/lamostradevalencia.com\/ca\/las-capas-de-la-memoria-dignificar-el-record-de-la-tragedia-de-la-dana-a-traves-del-cinema\/","og_locale":"ca_ES","og_type":"article","og_title":"\u2018Las capas de la memoria\u2019: dignificar el record de la trag\u00e8dia de la dana a trav\u00e9s del cinema - Mostra de Val\u00e8ncia","og_description":"\u2018El tesoro de Barracuda\u2019, dirigida per Adri\u00e0 Garc\u00eda, arriba a la Secci\u00f3 Finestra i est\u00e0 nominada als Premis Lola Gaos en la categoria de Millor [&hellip;]","og_url":"https:\/\/lamostradevalencia.com\/ca\/las-capas-de-la-memoria-dignificar-el-record-de-la-tragedia-de-la-dana-a-traves-del-cinema\/","og_site_name":"Mostra de Val\u00e8ncia","article_published_time":"2025-10-28T13:02:28+00:00","og_image":[{"width":1600,"height":1067,"url":"https:\/\/lamostradevalencia.com\/wp-content\/uploads\/2025\/10\/PHOTO-2025-10-28-13-23-06.jpg","type":"image\/jpeg"}],"author":"Mostra de Val\u00e8ncia","twitter_card":"summary_large_image","twitter_misc":{"Escrit per":"Mostra de Val\u00e8ncia","Temps estimat de lectura":"5 minuts"},"schema":{"@context":"https:\/\/schema.org","@graph":[{"@type":"Article","@id":"https:\/\/lamostradevalencia.com\/ca\/las-capas-de-la-memoria-dignificar-el-record-de-la-tragedia-de-la-dana-a-traves-del-cinema\/#article","isPartOf":{"@id":"https:\/\/lamostradevalencia.com\/ca\/las-capas-de-la-memoria-dignificar-el-record-de-la-tragedia-de-la-dana-a-traves-del-cinema\/"},"author":{"name":"Mostra de Val\u00e8ncia","@id":"https:\/\/lamostradevalencia.com\/ca\/#\/schema\/person\/1dc07e4df3d6310b81d2cdf6a034070c"},"headline":"\u2018Las capas de la memoria\u2019: dignificar el record de la trag\u00e8dia de la dana a trav\u00e9s del cinema","datePublished":"2025-10-28T13:02:28+00:00","mainEntityOfPage":{"@id":"https:\/\/lamostradevalencia.com\/ca\/las-capas-de-la-memoria-dignificar-el-record-de-la-tragedia-de-la-dana-a-traves-del-cinema\/"},"wordCount":1070,"commentCount":0,"image":{"@id":"https:\/\/lamostradevalencia.com\/ca\/las-capas-de-la-memoria-dignificar-el-record-de-la-tragedia-de-la-dana-a-traves-del-cinema\/#primaryimage"},"thumbnailUrl":"https:\/\/lamostradevalencia.com\/wp-content\/uploads\/2025\/10\/PHOTO-2025-10-28-13-23-06.jpg","articleSection":["Noticies"],"inLanguage":"ca","potentialAction":[{"@type":"CommentAction","name":"Comment","target":["https:\/\/lamostradevalencia.com\/ca\/las-capas-de-la-memoria-dignificar-el-record-de-la-tragedia-de-la-dana-a-traves-del-cinema\/#respond"]}]},{"@type":"WebPage","@id":"https:\/\/lamostradevalencia.com\/ca\/las-capas-de-la-memoria-dignificar-el-record-de-la-tragedia-de-la-dana-a-traves-del-cinema\/","url":"https:\/\/lamostradevalencia.com\/ca\/las-capas-de-la-memoria-dignificar-el-record-de-la-tragedia-de-la-dana-a-traves-del-cinema\/","name":"\u2018Las capas de la memoria\u2019: dignificar el record de la trag\u00e8dia de la dana a trav\u00e9s del cinema - Mostra de Val\u00e8ncia","isPartOf":{"@id":"https:\/\/lamostradevalencia.com\/ca\/#website"},"primaryImageOfPage":{"@id":"https:\/\/lamostradevalencia.com\/ca\/las-capas-de-la-memoria-dignificar-el-record-de-la-tragedia-de-la-dana-a-traves-del-cinema\/#primaryimage"},"image":{"@id":"https:\/\/lamostradevalencia.com\/ca\/las-capas-de-la-memoria-dignificar-el-record-de-la-tragedia-de-la-dana-a-traves-del-cinema\/#primaryimage"},"thumbnailUrl":"https:\/\/lamostradevalencia.com\/wp-content\/uploads\/2025\/10\/PHOTO-2025-10-28-13-23-06.jpg","datePublished":"2025-10-28T13:02:28+00:00","author":{"@id":"https:\/\/lamostradevalencia.com\/ca\/#\/schema\/person\/1dc07e4df3d6310b81d2cdf6a034070c"},"breadcrumb":{"@id":"https:\/\/lamostradevalencia.com\/ca\/las-capas-de-la-memoria-dignificar-el-record-de-la-tragedia-de-la-dana-a-traves-del-cinema\/#breadcrumb"},"inLanguage":"ca","potentialAction":[{"@type":"ReadAction","target":["https:\/\/lamostradevalencia.com\/ca\/las-capas-de-la-memoria-dignificar-el-record-de-la-tragedia-de-la-dana-a-traves-del-cinema\/"]}]},{"@type":"ImageObject","inLanguage":"ca","@id":"https:\/\/lamostradevalencia.com\/ca\/las-capas-de-la-memoria-dignificar-el-record-de-la-tragedia-de-la-dana-a-traves-del-cinema\/#primaryimage","url":"https:\/\/lamostradevalencia.com\/wp-content\/uploads\/2025\/10\/PHOTO-2025-10-28-13-23-06.jpg","contentUrl":"https:\/\/lamostradevalencia.com\/wp-content\/uploads\/2025\/10\/PHOTO-2025-10-28-13-23-06.jpg","width":1600,"height":1067},{"@type":"BreadcrumbList","@id":"https:\/\/lamostradevalencia.com\/ca\/las-capas-de-la-memoria-dignificar-el-record-de-la-tragedia-de-la-dana-a-traves-del-cinema\/#breadcrumb","itemListElement":[{"@type":"ListItem","position":1,"name":"Portada","item":"https:\/\/lamostradevalencia.com\/ca\/"},{"@type":"ListItem","position":2,"name":"\u2018Las capas de la memoria\u2019: dignificar el record de la trag\u00e8dia de la dana a trav\u00e9s del cinema"}]},{"@type":"WebSite","@id":"https:\/\/lamostradevalencia.com\/ca\/#website","url":"https:\/\/lamostradevalencia.com\/ca\/","name":"Mostra de Val\u00e8ncia","description":"Cinema del Mediterrani","potentialAction":[{"@type":"SearchAction","target":{"@type":"EntryPoint","urlTemplate":"https:\/\/lamostradevalencia.com\/ca\/?s={search_term_string}"},"query-input":{"@type":"PropertyValueSpecification","valueRequired":true,"valueName":"search_term_string"}}],"inLanguage":"ca"},{"@type":"Person","@id":"https:\/\/lamostradevalencia.com\/ca\/#\/schema\/person\/1dc07e4df3d6310b81d2cdf6a034070c","name":"Mostra de Val\u00e8ncia","image":{"@type":"ImageObject","inLanguage":"ca","@id":"https:\/\/secure.gravatar.com\/avatar\/ada4dfd699a9907706987adb1bb2b361c2613ccca474b49b8c648de5208e32f8?s=96&d=mm&r=g","url":"https:\/\/secure.gravatar.com\/avatar\/ada4dfd699a9907706987adb1bb2b361c2613ccca474b49b8c648de5208e32f8?s=96&d=mm&r=g","contentUrl":"https:\/\/secure.gravatar.com\/avatar\/ada4dfd699a9907706987adb1bb2b361c2613ccca474b49b8c648de5208e32f8?s=96&d=mm&r=g","caption":"Mostra de Val\u00e8ncia"}}]}},"uagb_featured_image_src":{"full":["https:\/\/lamostradevalencia.com\/wp-content\/uploads\/2025\/10\/PHOTO-2025-10-28-13-23-06.jpg",1600,1067,false],"thumbnail":["https:\/\/lamostradevalencia.com\/wp-content\/uploads\/2025\/10\/PHOTO-2025-10-28-13-23-06-150x150.jpg",150,150,true],"medium":["https:\/\/lamostradevalencia.com\/wp-content\/uploads\/2025\/10\/PHOTO-2025-10-28-13-23-06-300x200.jpg",300,200,true],"medium_large":["https:\/\/lamostradevalencia.com\/wp-content\/uploads\/2025\/10\/PHOTO-2025-10-28-13-23-06-768x512.jpg",768,512,true],"large":["https:\/\/lamostradevalencia.com\/wp-content\/uploads\/2025\/10\/PHOTO-2025-10-28-13-23-06-1024x683.jpg",1024,683,true],"1536x1536":["https:\/\/lamostradevalencia.com\/wp-content\/uploads\/2025\/10\/PHOTO-2025-10-28-13-23-06-1536x1024.jpg",1536,1024,true],"2048x2048":["https:\/\/lamostradevalencia.com\/wp-content\/uploads\/2025\/10\/PHOTO-2025-10-28-13-23-06.jpg",1600,1067,false],"cinerama_edge_image_square":["https:\/\/lamostradevalencia.com\/wp-content\/uploads\/2025\/10\/PHOTO-2025-10-28-13-23-06-550x550.jpg",550,550,true],"cinerama_edge_image_landscape":["https:\/\/lamostradevalencia.com\/wp-content\/uploads\/2025\/10\/PHOTO-2025-10-28-13-23-06-1100x550.jpg",1100,550,true],"cinerama_edge_image_portrait":["https:\/\/lamostradevalencia.com\/wp-content\/uploads\/2025\/10\/PHOTO-2025-10-28-13-23-06-550x1067.jpg",550,1067,true],"cinerama_edge_image_huge":["https:\/\/lamostradevalencia.com\/wp-content\/uploads\/2025\/10\/PHOTO-2025-10-28-13-23-06-1100x1067.jpg",1100,1067,true],"gform-image-choice-sm":["https:\/\/lamostradevalencia.com\/wp-content\/uploads\/2025\/10\/PHOTO-2025-10-28-13-23-06.jpg",300,200,false],"gform-image-choice-md":["https:\/\/lamostradevalencia.com\/wp-content\/uploads\/2025\/10\/PHOTO-2025-10-28-13-23-06.jpg",400,267,false],"gform-image-choice-lg":["https:\/\/lamostradevalencia.com\/wp-content\/uploads\/2025\/10\/PHOTO-2025-10-28-13-23-06.jpg",600,400,false]},"uagb_author_info":{"display_name":"Mostra de Val\u00e8ncia","author_link":"https:\/\/lamostradevalencia.com\/ca\/author\/mostravalencia\/"},"uagb_comment_info":0,"uagb_excerpt":"\u2018El tesoro de Barracuda\u2019, dirigida per Adri\u00e0 Garc\u00eda, arriba a la Secci\u00f3 Finestra i est\u00e0 nominada als Premis Lola Gaos en la categoria de Millor [&hellip;]","_links":{"self":[{"href":"https:\/\/lamostradevalencia.com\/ca\/wp-json\/wp\/v2\/posts\/30650","targetHints":{"allow":["GET"]}}],"collection":[{"href":"https:\/\/lamostradevalencia.com\/ca\/wp-json\/wp\/v2\/posts"}],"about":[{"href":"https:\/\/lamostradevalencia.com\/ca\/wp-json\/wp\/v2\/types\/post"}],"author":[{"embeddable":true,"href":"https:\/\/lamostradevalencia.com\/ca\/wp-json\/wp\/v2\/users\/1"}],"replies":[{"embeddable":true,"href":"https:\/\/lamostradevalencia.com\/ca\/wp-json\/wp\/v2\/comments?post=30650"}],"version-history":[{"count":1,"href":"https:\/\/lamostradevalencia.com\/ca\/wp-json\/wp\/v2\/posts\/30650\/revisions"}],"predecessor-version":[{"id":30656,"href":"https:\/\/lamostradevalencia.com\/ca\/wp-json\/wp\/v2\/posts\/30650\/revisions\/30656"}],"wp:featuredmedia":[{"embeddable":true,"href":"https:\/\/lamostradevalencia.com\/ca\/wp-json\/wp\/v2\/media\/30644"}],"wp:attachment":[{"href":"https:\/\/lamostradevalencia.com\/ca\/wp-json\/wp\/v2\/media?parent=30650"}],"wp:term":[{"taxonomy":"category","embeddable":true,"href":"https:\/\/lamostradevalencia.com\/ca\/wp-json\/wp\/v2\/categories?post=30650"},{"taxonomy":"post_tag","embeddable":true,"href":"https:\/\/lamostradevalencia.com\/ca\/wp-json\/wp\/v2\/tags?post=30650"}],"curies":[{"name":"wp","href":"https:\/\/api.w.org\/{rel}","templated":true}]}}