{"id":30610,"date":"2025-10-27T15:04:06","date_gmt":"2025-10-27T13:04:06","guid":{"rendered":"https:\/\/lamostradevalencia.com\/?p=30610"},"modified":"2025-10-27T16:51:19","modified_gmt":"2025-10-27T14:51:19","slug":"nena-de-gabi-ochoa-un-homenatge-a-les-dones-que-van-afrontar-el-canvi-a-la-democracia-despres-de-ser-educades-en-el-franquisme","status":"publish","type":"post","link":"https:\/\/lamostradevalencia.com\/ca\/nena-de-gabi-ochoa-un-homenatge-a-les-dones-que-van-afrontar-el-canvi-a-la-democracia-despres-de-ser-educades-en-el-franquisme\/","title":{"rendered":"\u2018Nena\u2019, de Gabi Ochoa, un homenatge a les dones que van afrontar el canvi a la democr\u00e0cia despr\u00e9s de ser educades en el franquisme"},"content":{"rendered":"<h5><span style=\"font-weight: 400;\">Ambientada a l\u2019estiu de 1987 i de producci\u00f3 \u00edntegrament valenciana, la pel\u00b7l\u00edcula viu la seua estrena mundial a la Mostra de Val\u00e8ncia<\/span><\/h5>\n<p><b>\u2018Nena\u2019<\/b><span style=\"font-weight: 400;\"> parteix del t\u00edtol de la m\u00edtica can\u00e7\u00f3 de Miguel Bos\u00e9, per\u00f2 tamb\u00e9 es refereix a la manera en qu\u00e8 moltes persones es refereixen a les dones a Val\u00e8ncia, especialment en \u00e8poques del passat, ja que la cinta est\u00e0 ambientada en 1987, en un estiu especialment convuls per a una fam\u00edlia de classe mitjana-alta en una urbanitzaci\u00f3 al costat de la platja de les quals n\u2019hi ha tantes a la Comunitat. El seu equip, encap\u00e7alat pel seu director, <\/span><b>Gabi Ochoa<\/b><span style=\"font-weight: 400;\">, viu la seua estrena mundial a la <\/span><b>secci\u00f3 Xaloc de Mostra de Val\u00e8ncia\u2013Cinema del Mediterrani,<\/b><span style=\"font-weight: 400;\"> organitzada pel Palau de la M\u00fasica. El film, produ\u00eft per <\/span><b>Paloma Mora<\/b><span style=\"font-weight: 400;\"> per a TV On Producciones, opta al <\/span><b>Premi Dama Finestra<\/b><span style=\"font-weight: 400;\">.<\/span><\/p>\n<p><b>\u201cConstitueix un homenatge a eixes dones que van viure els inicis de la democr\u00e0cia, per\u00f2 estaven educades en la dictadura\u201d,<\/b><span style=\"font-weight: 400;\"> assegura <\/span><b>Ochoa<\/b><span style=\"font-weight: 400;\">, que va estar acompanyat en la presentaci\u00f3 per la productora <\/span><b>Paloma Mora<\/b><span style=\"font-weight: 400;\"> i les int\u00e8rprets <\/span><b>Mar\u00eda Almud\u00e9ver<\/b><span style=\"font-weight: 400;\"> i la xiqueta <\/span><b>Lluna Aldasoro<\/b><span style=\"font-weight: 400;\">, tots ells formen part d\u2019un equip \u00edntegrament valenci\u00e0 que consolida el talent audiovisual de la Comunitat.<\/span><\/p>\n<p><b>Una hist\u00f2ria d\u2019estiu, amor i descobriment<\/b><\/p>\n<p><span style=\"font-weight: 400;\">\u00a0\u2018Nena\u2019 narra la hist\u00f2ria d\u2019Estela, que porta els seus fills Marc i Empar a passar uns dies amb la seua germana Lola i el seu cunyat Eduardo. \u00c9s la primera vegada que els xiquets es separen dels seus pares, immersos en un proc\u00e9s de ruptura. A trav\u00e9s de la mirada innocent de Marc, l\u2019espectador descobreix l\u2019atracci\u00f3 entre la seua tia Lola i Elsa, una atractiva actriu que passa l\u2019estiu a la urbanitzaci\u00f3.<\/span><\/p>\n<p><span style=\"font-weight: 400;\">Amb aquesta pel\u00b7l\u00edcula, Ochoa \u2014autor de \u2018El amor no es lo que era\u2019\u2014 torna a explorar les emocions humanes des de la intimitat, la mem\u00f2ria i la mirada infantil, amb una sensibilitat profundament mediterr\u00e0nia: \u201cEs diu moltes vegades que la mirada nost\u00e0lgica \u00e9s reaccion\u00e0ria i la mem\u00f2ria \u00e9s revolucion\u00e0ria. El que planteja la pel\u00b7l\u00edcula \u00e9s un exercici de mem\u00f2ria: com \u00e9rem com a societat als 80, per exemple s\u2019aborda els tipus de masculinitat d\u2019aquell temps, com eren les relacions de parella i amistat. Per sort hem evolucionat\u201d, assegura el director.<\/span><\/p>\n<p><span style=\"font-weight: 400;\">El rodatge de \u2018Nena\u2019 es va desenvolupar durant cinc setmanes a les localitats castellonenques de <\/span><b>Sot de Ferrer<\/b><span style=\"font-weight: 400;\">, <\/span><b>Soneja<\/b><span style=\"font-weight: 400;\"> i <\/span><b>Segorbe<\/b><span style=\"font-weight: 400;\">, aix\u00ed com a <\/span><b>Benaguacil<\/b><span style=\"font-weight: 400;\"> i <\/span><b>La Ca\u00f1ada<\/b><span style=\"font-weight: 400;\">. La pel\u00b7l\u00edcula compta amb el suport de l\u2019<\/span><b>Institut Valenci\u00e0 de Cultura (IVC)<\/b><span style=\"font-weight: 400;\"> i <\/span><b>\u00c0 Punt M\u00e8dia<\/b><span style=\"font-weight: 400;\">. La seua productora, <\/span><b>Paloma Mora<\/b><span style=\"font-weight: 400;\">, assegura que va ser un estiu massa calor\u00f3s: \u201cVa ser un repte, perqu\u00e8 ten\u00edem uns recursos bastant limitats per aconseguir les localitzacions, el vestuari, la perruqueria\u2026 d\u2019aquella \u00e8poca. Ho vam superar gr\u00e0cies a la implicaci\u00f3 de l\u2019equip art\u00edstic i t\u00e8cnic\u201d.<\/span><\/p>\n<p><span style=\"font-weight: 400;\">El personatge m\u00e9s complex de la trama \u00e9s Lola, interpretat per <\/span><b>Mar\u00eda Almud\u00e9ver<\/b><span style=\"font-weight: 400;\">: \u201cM\u2019encant\u00e0 interpretar-la -assegura l\u2019actriu-. Ella \u00e9s una cuidadora nata. Primer li arriben uns nebots amb problemes a casa i la seua germana pateix l\u2019estigma de separar-se en aquella \u00e8poca. <\/span><b>Tot i que sembla que ella \u00e9s una dona de classe mitjana acomodada, d\u2019aquella que ja no existeix, amb la vida aparentment feta; de sobte, apareix un personatge que la desllu\u00efx i li obri una porta que ella mateixa pensava que no existia\u201d.<\/b><\/p>\n<p><span style=\"font-weight: 400;\">Despr\u00e9s de la seua estrena absoluta a la Mostra de Val\u00e8ncia, la pel\u00b7l\u00edcula espera viatjar per festivals del m\u00f3n durant els pr\u00f2xims mesos.<\/span><\/p>\n","protected":false},"excerpt":{"rendered":"<p>Ambientada a l\u2019estiu de 1987 i de producci\u00f3 \u00edntegrament valenciana, la pel\u00b7l\u00edcula viu la seua estrena mundial a la Mostra de Val\u00e8ncia \u2018Nena\u2019 parteix del [&hellip;]<\/p>\n","protected":false},"author":3,"featured_media":30603,"comment_status":"open","ping_status":"open","sticky":false,"template":"","format":"standard","meta":{"_uag_custom_page_level_css":"","_jet_sm_ready_style":"","_jet_sm_style":"","_jet_sm_controls_values":"","_jet_sm_fonts_collection":"","_jet_sm_fonts_links":"","footnotes":""},"categories":[31],"tags":[],"class_list":["post-30610","post","type-post","status-publish","format-standard","has-post-thumbnail","hentry","category-uncategorized-ca"],"yoast_head":"<!-- This site is optimized with the Yoast SEO plugin v27.4 - https:\/\/yoast.com\/product\/yoast-seo-wordpress\/ -->\n<title>\u2018Nena\u2019, de Gabi Ochoa, un homenatge a les dones que van afrontar el canvi a la democr\u00e0cia despr\u00e9s de ser educades en el franquisme - Mostra de Val\u00e8ncia<\/title>\n<meta name=\"robots\" content=\"index, follow, max-snippet:-1, max-image-preview:large, max-video-preview:-1\" \/>\n<link rel=\"canonical\" href=\"https:\/\/lamostradevalencia.com\/ca\/nena-de-gabi-ochoa-un-homenatge-a-les-dones-que-van-afrontar-el-canvi-a-la-democracia-despres-de-ser-educades-en-el-franquisme\/\" \/>\n<meta property=\"og:locale\" content=\"ca_ES\" \/>\n<meta property=\"og:type\" content=\"article\" \/>\n<meta property=\"og:title\" content=\"\u2018Nena\u2019, de Gabi Ochoa, un homenatge a les dones que van afrontar el canvi a la democr\u00e0cia despr\u00e9s de ser educades en el franquisme - Mostra de Val\u00e8ncia\" \/>\n<meta property=\"og:description\" content=\"Ambientada a l\u2019estiu de 1987 i de producci\u00f3 \u00edntegrament valenciana, la pel\u00b7l\u00edcula viu la seua estrena mundial a la Mostra de Val\u00e8ncia \u2018Nena\u2019 parteix del [&hellip;]\" \/>\n<meta property=\"og:url\" content=\"https:\/\/lamostradevalencia.com\/ca\/nena-de-gabi-ochoa-un-homenatge-a-les-dones-que-van-afrontar-el-canvi-a-la-democracia-despres-de-ser-educades-en-el-franquisme\/\" \/>\n<meta property=\"og:site_name\" content=\"Mostra de Val\u00e8ncia\" \/>\n<meta property=\"article:published_time\" content=\"2025-10-27T13:04:06+00:00\" \/>\n<meta property=\"article:modified_time\" content=\"2025-10-27T14:51:19+00:00\" \/>\n<meta property=\"og:image\" content=\"https:\/\/lamostradevalencia.com\/wp-content\/uploads\/2025\/10\/PHOTO-2025-10-27-14-02-53.jpg\" \/>\n\t<meta property=\"og:image:width\" content=\"1600\" \/>\n\t<meta property=\"og:image:height\" content=\"1067\" \/>\n\t<meta property=\"og:image:type\" content=\"image\/jpeg\" \/>\n<meta name=\"author\" content=\"contenidos\" \/>\n<meta name=\"twitter:card\" content=\"summary_large_image\" \/>\n<meta name=\"twitter:label1\" content=\"Escrit per\" \/>\n\t<meta name=\"twitter:data1\" content=\"contenidos\" \/>\n\t<meta name=\"twitter:label2\" content=\"Temps estimat de lectura\" \/>\n\t<meta name=\"twitter:data2\" content=\"3 minuts\" \/>\n<script type=\"application\/ld+json\" class=\"yoast-schema-graph\">{\"@context\":\"https:\\\/\\\/schema.org\",\"@graph\":[{\"@type\":\"Article\",\"@id\":\"https:\\\/\\\/lamostradevalencia.com\\\/ca\\\/nena-de-gabi-ochoa-un-homenatge-a-les-dones-que-van-afrontar-el-canvi-a-la-democracia-despres-de-ser-educades-en-el-franquisme\\\/#article\",\"isPartOf\":{\"@id\":\"https:\\\/\\\/lamostradevalencia.com\\\/ca\\\/nena-de-gabi-ochoa-un-homenatge-a-les-dones-que-van-afrontar-el-canvi-a-la-democracia-despres-de-ser-educades-en-el-franquisme\\\/\"},\"author\":{\"name\":\"contenidos\",\"@id\":\"https:\\\/\\\/lamostradevalencia.com\\\/ca\\\/#\\\/schema\\\/person\\\/361c3c0dd5489e78ad78ee4f8332efac\"},\"headline\":\"\u2018Nena\u2019, de Gabi Ochoa, un homenatge a les dones que van afrontar el canvi a la democr\u00e0cia despr\u00e9s de ser educades en el franquisme\",\"datePublished\":\"2025-10-27T13:04:06+00:00\",\"dateModified\":\"2025-10-27T14:51:19+00:00\",\"mainEntityOfPage\":{\"@id\":\"https:\\\/\\\/lamostradevalencia.com\\\/ca\\\/nena-de-gabi-ochoa-un-homenatge-a-les-dones-que-van-afrontar-el-canvi-a-la-democracia-despres-de-ser-educades-en-el-franquisme\\\/\"},\"wordCount\":653,\"commentCount\":0,\"image\":{\"@id\":\"https:\\\/\\\/lamostradevalencia.com\\\/ca\\\/nena-de-gabi-ochoa-un-homenatge-a-les-dones-que-van-afrontar-el-canvi-a-la-democracia-despres-de-ser-educades-en-el-franquisme\\\/#primaryimage\"},\"thumbnailUrl\":\"https:\\\/\\\/lamostradevalencia.com\\\/wp-content\\\/uploads\\\/2025\\\/10\\\/PHOTO-2025-10-27-14-02-53.jpg\",\"articleSection\":[\"Uncategorized @ca\"],\"inLanguage\":\"ca\",\"potentialAction\":[{\"@type\":\"CommentAction\",\"name\":\"Comment\",\"target\":[\"https:\\\/\\\/lamostradevalencia.com\\\/ca\\\/nena-de-gabi-ochoa-un-homenatge-a-les-dones-que-van-afrontar-el-canvi-a-la-democracia-despres-de-ser-educades-en-el-franquisme\\\/#respond\"]}]},{\"@type\":\"WebPage\",\"@id\":\"https:\\\/\\\/lamostradevalencia.com\\\/ca\\\/nena-de-gabi-ochoa-un-homenatge-a-les-dones-que-van-afrontar-el-canvi-a-la-democracia-despres-de-ser-educades-en-el-franquisme\\\/\",\"url\":\"https:\\\/\\\/lamostradevalencia.com\\\/ca\\\/nena-de-gabi-ochoa-un-homenatge-a-les-dones-que-van-afrontar-el-canvi-a-la-democracia-despres-de-ser-educades-en-el-franquisme\\\/\",\"name\":\"\u2018Nena\u2019, de Gabi Ochoa, un homenatge a les dones que van afrontar el canvi a la democr\u00e0cia despr\u00e9s de ser educades en el franquisme - Mostra de Val\u00e8ncia\",\"isPartOf\":{\"@id\":\"https:\\\/\\\/lamostradevalencia.com\\\/ca\\\/#website\"},\"primaryImageOfPage\":{\"@id\":\"https:\\\/\\\/lamostradevalencia.com\\\/ca\\\/nena-de-gabi-ochoa-un-homenatge-a-les-dones-que-van-afrontar-el-canvi-a-la-democracia-despres-de-ser-educades-en-el-franquisme\\\/#primaryimage\"},\"image\":{\"@id\":\"https:\\\/\\\/lamostradevalencia.com\\\/ca\\\/nena-de-gabi-ochoa-un-homenatge-a-les-dones-que-van-afrontar-el-canvi-a-la-democracia-despres-de-ser-educades-en-el-franquisme\\\/#primaryimage\"},\"thumbnailUrl\":\"https:\\\/\\\/lamostradevalencia.com\\\/wp-content\\\/uploads\\\/2025\\\/10\\\/PHOTO-2025-10-27-14-02-53.jpg\",\"datePublished\":\"2025-10-27T13:04:06+00:00\",\"dateModified\":\"2025-10-27T14:51:19+00:00\",\"author\":{\"@id\":\"https:\\\/\\\/lamostradevalencia.com\\\/ca\\\/#\\\/schema\\\/person\\\/361c3c0dd5489e78ad78ee4f8332efac\"},\"breadcrumb\":{\"@id\":\"https:\\\/\\\/lamostradevalencia.com\\\/ca\\\/nena-de-gabi-ochoa-un-homenatge-a-les-dones-que-van-afrontar-el-canvi-a-la-democracia-despres-de-ser-educades-en-el-franquisme\\\/#breadcrumb\"},\"inLanguage\":\"ca\",\"potentialAction\":[{\"@type\":\"ReadAction\",\"target\":[\"https:\\\/\\\/lamostradevalencia.com\\\/ca\\\/nena-de-gabi-ochoa-un-homenatge-a-les-dones-que-van-afrontar-el-canvi-a-la-democracia-despres-de-ser-educades-en-el-franquisme\\\/\"]}]},{\"@type\":\"ImageObject\",\"inLanguage\":\"ca\",\"@id\":\"https:\\\/\\\/lamostradevalencia.com\\\/ca\\\/nena-de-gabi-ochoa-un-homenatge-a-les-dones-que-van-afrontar-el-canvi-a-la-democracia-despres-de-ser-educades-en-el-franquisme\\\/#primaryimage\",\"url\":\"https:\\\/\\\/lamostradevalencia.com\\\/wp-content\\\/uploads\\\/2025\\\/10\\\/PHOTO-2025-10-27-14-02-53.jpg\",\"contentUrl\":\"https:\\\/\\\/lamostradevalencia.com\\\/wp-content\\\/uploads\\\/2025\\\/10\\\/PHOTO-2025-10-27-14-02-53.jpg\",\"width\":1600,\"height\":1067},{\"@type\":\"BreadcrumbList\",\"@id\":\"https:\\\/\\\/lamostradevalencia.com\\\/ca\\\/nena-de-gabi-ochoa-un-homenatge-a-les-dones-que-van-afrontar-el-canvi-a-la-democracia-despres-de-ser-educades-en-el-franquisme\\\/#breadcrumb\",\"itemListElement\":[{\"@type\":\"ListItem\",\"position\":1,\"name\":\"Portada\",\"item\":\"https:\\\/\\\/lamostradevalencia.com\\\/ca\\\/\"},{\"@type\":\"ListItem\",\"position\":2,\"name\":\"\u2018Nena\u2019, de Gabi Ochoa, un homenatge a les dones que van afrontar el canvi a la democr\u00e0cia despr\u00e9s de ser educades en el franquisme\"}]},{\"@type\":\"WebSite\",\"@id\":\"https:\\\/\\\/lamostradevalencia.com\\\/ca\\\/#website\",\"url\":\"https:\\\/\\\/lamostradevalencia.com\\\/ca\\\/\",\"name\":\"Mostra de Val\u00e8ncia\",\"description\":\"Cinema del Mediterrani\",\"potentialAction\":[{\"@type\":\"SearchAction\",\"target\":{\"@type\":\"EntryPoint\",\"urlTemplate\":\"https:\\\/\\\/lamostradevalencia.com\\\/ca\\\/?s={search_term_string}\"},\"query-input\":{\"@type\":\"PropertyValueSpecification\",\"valueRequired\":true,\"valueName\":\"search_term_string\"}}],\"inLanguage\":\"ca\"},{\"@type\":\"Person\",\"@id\":\"https:\\\/\\\/lamostradevalencia.com\\\/ca\\\/#\\\/schema\\\/person\\\/361c3c0dd5489e78ad78ee4f8332efac\",\"name\":\"contenidos\",\"image\":{\"@type\":\"ImageObject\",\"inLanguage\":\"ca\",\"@id\":\"https:\\\/\\\/secure.gravatar.com\\\/avatar\\\/a87eddc188a32d5a0371ff92ef616b5006a91e389296d49d081f8d424eef134c?s=96&d=mm&r=g\",\"url\":\"https:\\\/\\\/secure.gravatar.com\\\/avatar\\\/a87eddc188a32d5a0371ff92ef616b5006a91e389296d49d081f8d424eef134c?s=96&d=mm&r=g\",\"contentUrl\":\"https:\\\/\\\/secure.gravatar.com\\\/avatar\\\/a87eddc188a32d5a0371ff92ef616b5006a91e389296d49d081f8d424eef134c?s=96&d=mm&r=g\",\"caption\":\"contenidos\"}}]}<\/script>\n<!-- \/ Yoast SEO plugin. -->","yoast_head_json":{"title":"\u2018Nena\u2019, de Gabi Ochoa, un homenatge a les dones que van afrontar el canvi a la democr\u00e0cia despr\u00e9s de ser educades en el franquisme - Mostra de Val\u00e8ncia","robots":{"index":"index","follow":"follow","max-snippet":"max-snippet:-1","max-image-preview":"max-image-preview:large","max-video-preview":"max-video-preview:-1"},"canonical":"https:\/\/lamostradevalencia.com\/ca\/nena-de-gabi-ochoa-un-homenatge-a-les-dones-que-van-afrontar-el-canvi-a-la-democracia-despres-de-ser-educades-en-el-franquisme\/","og_locale":"ca_ES","og_type":"article","og_title":"\u2018Nena\u2019, de Gabi Ochoa, un homenatge a les dones que van afrontar el canvi a la democr\u00e0cia despr\u00e9s de ser educades en el franquisme - Mostra de Val\u00e8ncia","og_description":"Ambientada a l\u2019estiu de 1987 i de producci\u00f3 \u00edntegrament valenciana, la pel\u00b7l\u00edcula viu la seua estrena mundial a la Mostra de Val\u00e8ncia \u2018Nena\u2019 parteix del [&hellip;]","og_url":"https:\/\/lamostradevalencia.com\/ca\/nena-de-gabi-ochoa-un-homenatge-a-les-dones-que-van-afrontar-el-canvi-a-la-democracia-despres-de-ser-educades-en-el-franquisme\/","og_site_name":"Mostra de Val\u00e8ncia","article_published_time":"2025-10-27T13:04:06+00:00","article_modified_time":"2025-10-27T14:51:19+00:00","og_image":[{"width":1600,"height":1067,"url":"https:\/\/lamostradevalencia.com\/wp-content\/uploads\/2025\/10\/PHOTO-2025-10-27-14-02-53.jpg","type":"image\/jpeg"}],"author":"contenidos","twitter_card":"summary_large_image","twitter_misc":{"Escrit per":"contenidos","Temps estimat de lectura":"3 minuts"},"schema":{"@context":"https:\/\/schema.org","@graph":[{"@type":"Article","@id":"https:\/\/lamostradevalencia.com\/ca\/nena-de-gabi-ochoa-un-homenatge-a-les-dones-que-van-afrontar-el-canvi-a-la-democracia-despres-de-ser-educades-en-el-franquisme\/#article","isPartOf":{"@id":"https:\/\/lamostradevalencia.com\/ca\/nena-de-gabi-ochoa-un-homenatge-a-les-dones-que-van-afrontar-el-canvi-a-la-democracia-despres-de-ser-educades-en-el-franquisme\/"},"author":{"name":"contenidos","@id":"https:\/\/lamostradevalencia.com\/ca\/#\/schema\/person\/361c3c0dd5489e78ad78ee4f8332efac"},"headline":"\u2018Nena\u2019, de Gabi Ochoa, un homenatge a les dones que van afrontar el canvi a la democr\u00e0cia despr\u00e9s de ser educades en el franquisme","datePublished":"2025-10-27T13:04:06+00:00","dateModified":"2025-10-27T14:51:19+00:00","mainEntityOfPage":{"@id":"https:\/\/lamostradevalencia.com\/ca\/nena-de-gabi-ochoa-un-homenatge-a-les-dones-que-van-afrontar-el-canvi-a-la-democracia-despres-de-ser-educades-en-el-franquisme\/"},"wordCount":653,"commentCount":0,"image":{"@id":"https:\/\/lamostradevalencia.com\/ca\/nena-de-gabi-ochoa-un-homenatge-a-les-dones-que-van-afrontar-el-canvi-a-la-democracia-despres-de-ser-educades-en-el-franquisme\/#primaryimage"},"thumbnailUrl":"https:\/\/lamostradevalencia.com\/wp-content\/uploads\/2025\/10\/PHOTO-2025-10-27-14-02-53.jpg","articleSection":["Uncategorized @ca"],"inLanguage":"ca","potentialAction":[{"@type":"CommentAction","name":"Comment","target":["https:\/\/lamostradevalencia.com\/ca\/nena-de-gabi-ochoa-un-homenatge-a-les-dones-que-van-afrontar-el-canvi-a-la-democracia-despres-de-ser-educades-en-el-franquisme\/#respond"]}]},{"@type":"WebPage","@id":"https:\/\/lamostradevalencia.com\/ca\/nena-de-gabi-ochoa-un-homenatge-a-les-dones-que-van-afrontar-el-canvi-a-la-democracia-despres-de-ser-educades-en-el-franquisme\/","url":"https:\/\/lamostradevalencia.com\/ca\/nena-de-gabi-ochoa-un-homenatge-a-les-dones-que-van-afrontar-el-canvi-a-la-democracia-despres-de-ser-educades-en-el-franquisme\/","name":"\u2018Nena\u2019, de Gabi Ochoa, un homenatge a les dones que van afrontar el canvi a la democr\u00e0cia despr\u00e9s de ser educades en el franquisme - Mostra de Val\u00e8ncia","isPartOf":{"@id":"https:\/\/lamostradevalencia.com\/ca\/#website"},"primaryImageOfPage":{"@id":"https:\/\/lamostradevalencia.com\/ca\/nena-de-gabi-ochoa-un-homenatge-a-les-dones-que-van-afrontar-el-canvi-a-la-democracia-despres-de-ser-educades-en-el-franquisme\/#primaryimage"},"image":{"@id":"https:\/\/lamostradevalencia.com\/ca\/nena-de-gabi-ochoa-un-homenatge-a-les-dones-que-van-afrontar-el-canvi-a-la-democracia-despres-de-ser-educades-en-el-franquisme\/#primaryimage"},"thumbnailUrl":"https:\/\/lamostradevalencia.com\/wp-content\/uploads\/2025\/10\/PHOTO-2025-10-27-14-02-53.jpg","datePublished":"2025-10-27T13:04:06+00:00","dateModified":"2025-10-27T14:51:19+00:00","author":{"@id":"https:\/\/lamostradevalencia.com\/ca\/#\/schema\/person\/361c3c0dd5489e78ad78ee4f8332efac"},"breadcrumb":{"@id":"https:\/\/lamostradevalencia.com\/ca\/nena-de-gabi-ochoa-un-homenatge-a-les-dones-que-van-afrontar-el-canvi-a-la-democracia-despres-de-ser-educades-en-el-franquisme\/#breadcrumb"},"inLanguage":"ca","potentialAction":[{"@type":"ReadAction","target":["https:\/\/lamostradevalencia.com\/ca\/nena-de-gabi-ochoa-un-homenatge-a-les-dones-que-van-afrontar-el-canvi-a-la-democracia-despres-de-ser-educades-en-el-franquisme\/"]}]},{"@type":"ImageObject","inLanguage":"ca","@id":"https:\/\/lamostradevalencia.com\/ca\/nena-de-gabi-ochoa-un-homenatge-a-les-dones-que-van-afrontar-el-canvi-a-la-democracia-despres-de-ser-educades-en-el-franquisme\/#primaryimage","url":"https:\/\/lamostradevalencia.com\/wp-content\/uploads\/2025\/10\/PHOTO-2025-10-27-14-02-53.jpg","contentUrl":"https:\/\/lamostradevalencia.com\/wp-content\/uploads\/2025\/10\/PHOTO-2025-10-27-14-02-53.jpg","width":1600,"height":1067},{"@type":"BreadcrumbList","@id":"https:\/\/lamostradevalencia.com\/ca\/nena-de-gabi-ochoa-un-homenatge-a-les-dones-que-van-afrontar-el-canvi-a-la-democracia-despres-de-ser-educades-en-el-franquisme\/#breadcrumb","itemListElement":[{"@type":"ListItem","position":1,"name":"Portada","item":"https:\/\/lamostradevalencia.com\/ca\/"},{"@type":"ListItem","position":2,"name":"\u2018Nena\u2019, de Gabi Ochoa, un homenatge a les dones que van afrontar el canvi a la democr\u00e0cia despr\u00e9s de ser educades en el franquisme"}]},{"@type":"WebSite","@id":"https:\/\/lamostradevalencia.com\/ca\/#website","url":"https:\/\/lamostradevalencia.com\/ca\/","name":"Mostra de Val\u00e8ncia","description":"Cinema del Mediterrani","potentialAction":[{"@type":"SearchAction","target":{"@type":"EntryPoint","urlTemplate":"https:\/\/lamostradevalencia.com\/ca\/?s={search_term_string}"},"query-input":{"@type":"PropertyValueSpecification","valueRequired":true,"valueName":"search_term_string"}}],"inLanguage":"ca"},{"@type":"Person","@id":"https:\/\/lamostradevalencia.com\/ca\/#\/schema\/person\/361c3c0dd5489e78ad78ee4f8332efac","name":"contenidos","image":{"@type":"ImageObject","inLanguage":"ca","@id":"https:\/\/secure.gravatar.com\/avatar\/a87eddc188a32d5a0371ff92ef616b5006a91e389296d49d081f8d424eef134c?s=96&d=mm&r=g","url":"https:\/\/secure.gravatar.com\/avatar\/a87eddc188a32d5a0371ff92ef616b5006a91e389296d49d081f8d424eef134c?s=96&d=mm&r=g","contentUrl":"https:\/\/secure.gravatar.com\/avatar\/a87eddc188a32d5a0371ff92ef616b5006a91e389296d49d081f8d424eef134c?s=96&d=mm&r=g","caption":"contenidos"}}]}},"uagb_featured_image_src":{"full":["https:\/\/lamostradevalencia.com\/wp-content\/uploads\/2025\/10\/PHOTO-2025-10-27-14-02-53.jpg",1600,1067,false],"thumbnail":["https:\/\/lamostradevalencia.com\/wp-content\/uploads\/2025\/10\/PHOTO-2025-10-27-14-02-53-150x150.jpg",150,150,true],"medium":["https:\/\/lamostradevalencia.com\/wp-content\/uploads\/2025\/10\/PHOTO-2025-10-27-14-02-53-300x200.jpg",300,200,true],"medium_large":["https:\/\/lamostradevalencia.com\/wp-content\/uploads\/2025\/10\/PHOTO-2025-10-27-14-02-53-768x512.jpg",768,512,true],"large":["https:\/\/lamostradevalencia.com\/wp-content\/uploads\/2025\/10\/PHOTO-2025-10-27-14-02-53-1024x683.jpg",1024,683,true],"1536x1536":["https:\/\/lamostradevalencia.com\/wp-content\/uploads\/2025\/10\/PHOTO-2025-10-27-14-02-53-1536x1024.jpg",1536,1024,true],"2048x2048":["https:\/\/lamostradevalencia.com\/wp-content\/uploads\/2025\/10\/PHOTO-2025-10-27-14-02-53.jpg",1600,1067,false],"cinerama_edge_image_square":["https:\/\/lamostradevalencia.com\/wp-content\/uploads\/2025\/10\/PHOTO-2025-10-27-14-02-53-550x550.jpg",550,550,true],"cinerama_edge_image_landscape":["https:\/\/lamostradevalencia.com\/wp-content\/uploads\/2025\/10\/PHOTO-2025-10-27-14-02-53-1100x550.jpg",1100,550,true],"cinerama_edge_image_portrait":["https:\/\/lamostradevalencia.com\/wp-content\/uploads\/2025\/10\/PHOTO-2025-10-27-14-02-53-550x1067.jpg",550,1067,true],"cinerama_edge_image_huge":["https:\/\/lamostradevalencia.com\/wp-content\/uploads\/2025\/10\/PHOTO-2025-10-27-14-02-53-1100x1067.jpg",1100,1067,true],"gform-image-choice-sm":["https:\/\/lamostradevalencia.com\/wp-content\/uploads\/2025\/10\/PHOTO-2025-10-27-14-02-53.jpg",300,200,false],"gform-image-choice-md":["https:\/\/lamostradevalencia.com\/wp-content\/uploads\/2025\/10\/PHOTO-2025-10-27-14-02-53.jpg",400,267,false],"gform-image-choice-lg":["https:\/\/lamostradevalencia.com\/wp-content\/uploads\/2025\/10\/PHOTO-2025-10-27-14-02-53.jpg",600,400,false]},"uagb_author_info":{"display_name":"contenidos","author_link":"https:\/\/lamostradevalencia.com\/ca\/author\/contenidos\/"},"uagb_comment_info":0,"uagb_excerpt":"Ambientada a l\u2019estiu de 1987 i de producci\u00f3 \u00edntegrament valenciana, la pel\u00b7l\u00edcula viu la seua estrena mundial a la Mostra de Val\u00e8ncia \u2018Nena\u2019 parteix del [&hellip;]","_links":{"self":[{"href":"https:\/\/lamostradevalencia.com\/ca\/wp-json\/wp\/v2\/posts\/30610","targetHints":{"allow":["GET"]}}],"collection":[{"href":"https:\/\/lamostradevalencia.com\/ca\/wp-json\/wp\/v2\/posts"}],"about":[{"href":"https:\/\/lamostradevalencia.com\/ca\/wp-json\/wp\/v2\/types\/post"}],"author":[{"embeddable":true,"href":"https:\/\/lamostradevalencia.com\/ca\/wp-json\/wp\/v2\/users\/3"}],"replies":[{"embeddable":true,"href":"https:\/\/lamostradevalencia.com\/ca\/wp-json\/wp\/v2\/comments?post=30610"}],"version-history":[{"count":1,"href":"https:\/\/lamostradevalencia.com\/ca\/wp-json\/wp\/v2\/posts\/30610\/revisions"}],"predecessor-version":[{"id":30611,"href":"https:\/\/lamostradevalencia.com\/ca\/wp-json\/wp\/v2\/posts\/30610\/revisions\/30611"}],"wp:featuredmedia":[{"embeddable":true,"href":"https:\/\/lamostradevalencia.com\/ca\/wp-json\/wp\/v2\/media\/30603"}],"wp:attachment":[{"href":"https:\/\/lamostradevalencia.com\/ca\/wp-json\/wp\/v2\/media?parent=30610"}],"wp:term":[{"taxonomy":"category","embeddable":true,"href":"https:\/\/lamostradevalencia.com\/ca\/wp-json\/wp\/v2\/categories?post=30610"},{"taxonomy":"post_tag","embeddable":true,"href":"https:\/\/lamostradevalencia.com\/ca\/wp-json\/wp\/v2\/tags?post=30610"}],"curies":[{"name":"wp","href":"https:\/\/api.w.org\/{rel}","templated":true}]}}