{"id":30595,"date":"2025-10-27T14:44:13","date_gmt":"2025-10-27T12:44:13","guid":{"rendered":"https:\/\/lamostradevalencia.com\/?p=30595"},"modified":"2025-10-27T14:43:47","modified_gmt":"2025-10-27T12:43:47","slug":"manolo-valdes-diu-que-equipo-cronica-arte-de-trinchera-es-el-millor-que-sha-fet-sobre-ells","status":"publish","type":"post","link":"https:\/\/lamostradevalencia.com\/ca\/manolo-valdes-diu-que-equipo-cronica-arte-de-trinchera-es-el-millor-que-sha-fet-sobre-ells\/","title":{"rendered":"\u201cManolo Vald\u00e9s diu que \u2018Equipo Cr\u00f3nica, arte de trinchera\u2019 \u00e9s el millor que s\u2019ha fet sobre ells\u201d"},"content":{"rendered":"<h5><i><span style=\"font-weight: 400;\">El documental de Rafa Sesa i Felipe Villaplana s\u2019exhibeix avui a Finestra de Mostra de Val\u00e8ncia juntament amb \u2018Peque\u00f1os calvarios\u2019, de Javier Polo Gand\u00eda, tots dos nominats als Premis Lola Gaos<\/span><\/i><\/h5>\n<p><span style=\"font-weight: 400;\">\u00bfPot l\u2019art ser una forma de resist\u00e8ncia? Aquesta \u00e9s la pregunta que guia <\/span><b>\u2018Equipo Cr\u00f3nica, arte de trinchera\u2019<\/b><span style=\"font-weight: 400;\">, el primer documental que recupera la hist\u00f2ria del col\u00b7lectiu art\u00edstic valenci\u00e0 del mateix nom, actiu des de 1964 fins a 1981, pioner a convertir l\u2019art en un espai de cr\u00edtica pol\u00edtica i social durant la dictadura franquista. La pel\u00b7l\u00edcula, <\/span><b>escrita per Carlos L\u00f3pez Olano i dirigida per Rafa Sesa i Felipe Villaplanas,<\/b><span style=\"font-weight: 400;\"> est\u00e0 nominada als <\/span><b>Premis Lola Gaos en la categoria de Millor Llargmetratge Documental.<\/b><span style=\"font-weight: 400;\"> Combina entrevistes actuals i material d\u2019arxiu per reconstruir la traject\u00f2ria dels artistes <\/span><b>Rafael Solbes, Juan Antonio Toledo i Manolo Vald\u00e9s<\/b><span style=\"font-weight: 400;\">, les obres dels quals, influenciades pel Pop Art i la cultura de masses, van transformar la pintura en un llenguatge de resist\u00e8ncia davant la censura.<\/span><\/p>\n<p><span style=\"font-weight: 400;\">A trav\u00e9s del testimoni de Manolo Vald\u00e9s, \u00faltim membre viu del grup, el documental tra\u00e7a un recorregut entre <\/span><b>Val\u00e8ncia<\/b><span style=\"font-weight: 400;\"> i Nova York, ciutat on l\u2019artista resideix des de fa m\u00e9s de quatre d\u00e8cades. <strong>Vald\u00e9s rememora els seus inicis amb els seus companys, les dificultats de crear art sota la dictadura i les viv\u00e8ncies compartides en un per\u00edode d\u2019intensa efervesc\u00e8ncia pol\u00edtica i cultural.<\/strong> El documental recupera tamb\u00e9 entrevistes in\u00e8dites d\u2019arxiu amb Rafael Solbes, mort el 1981, en les quals reflexiona sobre el paper de l\u2019artista en temps convulsos.<\/span><\/p>\n<p><span style=\"font-weight: 400;\">\u201cEl projecte va n\u00e0ixer de la passi\u00f3 del meu codirector, Felipe Villaplana, per Equipo Cr\u00f3nica\u201d, ha explicat aquest mat\u00ed el director Rafael Sesa. \u201cEll feia temps que investigava i es va adonar que no existia cap documental sobre ells. A partir d\u2019aqu\u00ed, vam decidir emprendre aquesta aventura\u201d. Sobre la capacitat de l\u2019art per transformar la realitat, Sesa reconeix certa desil\u00b7lusi\u00f3: \u201cAdmiro profundament l\u2019esfor\u00e7 d\u2019aquells que continuen creient en el poder de l\u2019art, per\u00f2 tinc la sensaci\u00f3 que avui el seu impacte \u00e9s menor. Vivim en una saturaci\u00f3 d\u2019informaci\u00f3 i imatges que dificulta arribar al p\u00fablic\u201d.<\/span><\/p>\n<p><span style=\"font-weight: 400;\">El seu productor, Ignacio Estrela, ofereix una mirada m\u00e9s esperan\u00e7adora:<strong> \u201cM\u00e9s enll\u00e0 de l\u2019abast immediat, l\u2019important \u00e9s que els artistes es posicionen. Que les seves obres mostren els conflictes i problemes de la societat, i que en recon\u00e8ixer-los, el p\u00fablic reflexione i amplie la seva mirada.<\/strong> En temps de dictadura, fer art era un acte perill\u00f3s i, precisament per aix\u00f2, m\u00e9s necessari\u201d. Un temps passat en qu\u00e8, com va recon\u00e8ixer el propi Vald\u00e9s, va estar vuit anys sense passaport: \u201cEl Partit Comunista ens va enviar a cadascun un passaport fals i viv\u00edem amb la por constant que ens descobrissin\u201d.<\/span><\/p>\n<p><span style=\"font-weight: 400;\">El documental estableix, a m\u00e9s, un pont entre la <\/span><b>Val\u00e8ncia<\/b><span style=\"font-weight: 400;\"> dels anys seixanta i l\u2019actual. <\/span><b>\u201cEstem tornant a temps i maneres de pensar que recorden aquella \u00e8poca. El missatge de Equipo Cr\u00f3nica est\u00e0 m\u00e9s viu que mai: hi ha molta desmem\u00f2ria\u201d<\/b><span style=\"font-weight: 400;\">, han reafirmat Estrela i Sesa. El proc\u00e9s de producci\u00f3 va incloure dues llargues entrevistes amb Manolo Vald\u00e9s a Nova York, que van servir per reconstruir la seva vida des dels seus inicis a l\u2019Escola de Belles Arts fins a la seva traject\u00f2ria internacional. \u201cLi ha agradat molt el documental \u2014ha destacat el director\u2014. Ens va dir que \u00e9s el millor retrat que s\u2019ha fet de Equipo Cr\u00f3nica i d\u2019ell mateix. Quan vingui a Val\u00e8ncia farem una sessi\u00f3 especial amb la seva pres\u00e8ncia.\u201d<\/span><\/p>\n<p><strong>\u2018Equipo Cr\u00f3nica, arte de trinchera\u2019 ret homenatge a un dels grups m\u00e9s influents de la cultura valenciana, i aposta perqu\u00e8 el seu \u201cllegat est\u00e8tic i pol\u00edtic interpel\u00b7le les noves generacions\u201d.<\/strong><\/p>\n<p><span style=\"font-weight: 400;\">A m\u00e9s, la Mostra de <\/span><b>Val\u00e8ncia<\/b><span style=\"font-weight: 400;\"> acull una altra proposta valenciana <\/span><b>\u201cPeque\u00f1os Calvarios\u201d<\/b><span style=\"font-weight: 400;\">, dirigida per <strong>Javier Polo Gand\u00eda,<\/strong> nominada a Millor Llargmetratge de Ficci\u00f3 i Millor Direcci\u00f3 als Premis Lola Gaos. La pel\u00b7l\u00edcula, protagonitzada per Enrique Arce, Berta V\u00e1zquez, Andrea Duro i Lorena L\u00f3pez, presenta la hist\u00f2ria de Carlo, un exc\u00e8ntric rellotger que sembla posseir una estranya habilitat: pot alterar les vides dels habitants de la seva ciutat. Mentre arregla els seus engranatges, ajusta les seves agulles o els d\u00f3na corda als seus rellotges, els empeny a situacions l\u00edmit i els desafia a lluitar per controlar els seus disparatats destins.<\/span><\/p>\n<p><span style=\"font-weight: 400;\">Ambd\u00f3s t\u00edtols podran veure\u2019s als cinemes ABC Park de <\/span><b>Val\u00e8ncia<\/b><span style=\"font-weight: 400;\">. <\/span><\/p>\n","protected":false},"excerpt":{"rendered":"<p>El documental de Rafa Sesa i Felipe Villaplana s\u2019exhibeix avui a Finestra de Mostra de Val\u00e8ncia juntament amb \u2018Peque\u00f1os calvarios\u2019, de Javier Polo Gand\u00eda, tots [&hellip;]<\/p>\n","protected":false},"author":3,"featured_media":30588,"comment_status":"open","ping_status":"open","sticky":false,"template":"","format":"standard","meta":{"_uag_custom_page_level_css":"","_jet_sm_ready_style":"","_jet_sm_style":"","_jet_sm_controls_values":"","_jet_sm_fonts_collection":"","_jet_sm_fonts_links":"","footnotes":""},"categories":[455],"tags":[],"class_list":["post-30595","post","type-post","status-publish","format-standard","has-post-thumbnail","hentry","category-noticies"],"yoast_head":"<!-- This site is optimized with the Yoast SEO plugin v27.4 - https:\/\/yoast.com\/product\/yoast-seo-wordpress\/ -->\n<title>\u201cManolo Vald\u00e9s diu que \u2018Equipo Cr\u00f3nica, arte de trinchera\u2019 \u00e9s el millor que s\u2019ha fet sobre ells\u201d - Mostra de Val\u00e8ncia<\/title>\n<meta name=\"robots\" content=\"index, follow, max-snippet:-1, max-image-preview:large, max-video-preview:-1\" \/>\n<link rel=\"canonical\" href=\"https:\/\/lamostradevalencia.com\/ca\/manolo-valdes-diu-que-equipo-cronica-arte-de-trinchera-es-el-millor-que-sha-fet-sobre-ells\/\" \/>\n<meta property=\"og:locale\" content=\"ca_ES\" \/>\n<meta property=\"og:type\" content=\"article\" \/>\n<meta property=\"og:title\" content=\"\u201cManolo Vald\u00e9s diu que \u2018Equipo Cr\u00f3nica, arte de trinchera\u2019 \u00e9s el millor que s\u2019ha fet sobre ells\u201d - Mostra de Val\u00e8ncia\" \/>\n<meta property=\"og:description\" content=\"El documental de Rafa Sesa i Felipe Villaplana s\u2019exhibeix avui a Finestra de Mostra de Val\u00e8ncia juntament amb \u2018Peque\u00f1os calvarios\u2019, de Javier Polo Gand\u00eda, tots [&hellip;]\" \/>\n<meta property=\"og:url\" content=\"https:\/\/lamostradevalencia.com\/ca\/manolo-valdes-diu-que-equipo-cronica-arte-de-trinchera-es-el-millor-que-sha-fet-sobre-ells\/\" \/>\n<meta property=\"og:site_name\" content=\"Mostra de Val\u00e8ncia\" \/>\n<meta property=\"article:published_time\" content=\"2025-10-27T12:44:13+00:00\" \/>\n<meta property=\"og:image\" content=\"https:\/\/lamostradevalencia.com\/wp-content\/uploads\/2025\/10\/PHOTO-2025-10-27-13-28-46.jpg\" \/>\n\t<meta property=\"og:image:width\" content=\"1600\" \/>\n\t<meta property=\"og:image:height\" content=\"1067\" \/>\n\t<meta property=\"og:image:type\" content=\"image\/jpeg\" \/>\n<meta name=\"author\" content=\"contenidos\" \/>\n<meta name=\"twitter:card\" content=\"summary_large_image\" \/>\n<meta name=\"twitter:label1\" content=\"Escrit per\" \/>\n\t<meta name=\"twitter:data1\" content=\"contenidos\" \/>\n\t<meta name=\"twitter:label2\" content=\"Temps estimat de lectura\" \/>\n\t<meta name=\"twitter:data2\" content=\"4 minuts\" \/>\n<script type=\"application\/ld+json\" class=\"yoast-schema-graph\">{\"@context\":\"https:\\\/\\\/schema.org\",\"@graph\":[{\"@type\":\"Article\",\"@id\":\"https:\\\/\\\/lamostradevalencia.com\\\/ca\\\/manolo-valdes-diu-que-equipo-cronica-arte-de-trinchera-es-el-millor-que-sha-fet-sobre-ells\\\/#article\",\"isPartOf\":{\"@id\":\"https:\\\/\\\/lamostradevalencia.com\\\/ca\\\/manolo-valdes-diu-que-equipo-cronica-arte-de-trinchera-es-el-millor-que-sha-fet-sobre-ells\\\/\"},\"author\":{\"name\":\"contenidos\",\"@id\":\"https:\\\/\\\/lamostradevalencia.com\\\/ca\\\/#\\\/schema\\\/person\\\/361c3c0dd5489e78ad78ee4f8332efac\"},\"headline\":\"\u201cManolo Vald\u00e9s diu que \u2018Equipo Cr\u00f3nica, arte de trinchera\u2019 \u00e9s el millor que s\u2019ha fet sobre ells\u201d\",\"datePublished\":\"2025-10-27T12:44:13+00:00\",\"mainEntityOfPage\":{\"@id\":\"https:\\\/\\\/lamostradevalencia.com\\\/ca\\\/manolo-valdes-diu-que-equipo-cronica-arte-de-trinchera-es-el-millor-que-sha-fet-sobre-ells\\\/\"},\"wordCount\":814,\"commentCount\":0,\"image\":{\"@id\":\"https:\\\/\\\/lamostradevalencia.com\\\/ca\\\/manolo-valdes-diu-que-equipo-cronica-arte-de-trinchera-es-el-millor-que-sha-fet-sobre-ells\\\/#primaryimage\"},\"thumbnailUrl\":\"https:\\\/\\\/lamostradevalencia.com\\\/wp-content\\\/uploads\\\/2025\\\/10\\\/PHOTO-2025-10-27-13-28-46.jpg\",\"articleSection\":[\"Noticies\"],\"inLanguage\":\"ca\",\"potentialAction\":[{\"@type\":\"CommentAction\",\"name\":\"Comment\",\"target\":[\"https:\\\/\\\/lamostradevalencia.com\\\/ca\\\/manolo-valdes-diu-que-equipo-cronica-arte-de-trinchera-es-el-millor-que-sha-fet-sobre-ells\\\/#respond\"]}]},{\"@type\":\"WebPage\",\"@id\":\"https:\\\/\\\/lamostradevalencia.com\\\/ca\\\/manolo-valdes-diu-que-equipo-cronica-arte-de-trinchera-es-el-millor-que-sha-fet-sobre-ells\\\/\",\"url\":\"https:\\\/\\\/lamostradevalencia.com\\\/ca\\\/manolo-valdes-diu-que-equipo-cronica-arte-de-trinchera-es-el-millor-que-sha-fet-sobre-ells\\\/\",\"name\":\"\u201cManolo Vald\u00e9s diu que \u2018Equipo Cr\u00f3nica, arte de trinchera\u2019 \u00e9s el millor que s\u2019ha fet sobre ells\u201d - Mostra de Val\u00e8ncia\",\"isPartOf\":{\"@id\":\"https:\\\/\\\/lamostradevalencia.com\\\/ca\\\/#website\"},\"primaryImageOfPage\":{\"@id\":\"https:\\\/\\\/lamostradevalencia.com\\\/ca\\\/manolo-valdes-diu-que-equipo-cronica-arte-de-trinchera-es-el-millor-que-sha-fet-sobre-ells\\\/#primaryimage\"},\"image\":{\"@id\":\"https:\\\/\\\/lamostradevalencia.com\\\/ca\\\/manolo-valdes-diu-que-equipo-cronica-arte-de-trinchera-es-el-millor-que-sha-fet-sobre-ells\\\/#primaryimage\"},\"thumbnailUrl\":\"https:\\\/\\\/lamostradevalencia.com\\\/wp-content\\\/uploads\\\/2025\\\/10\\\/PHOTO-2025-10-27-13-28-46.jpg\",\"datePublished\":\"2025-10-27T12:44:13+00:00\",\"author\":{\"@id\":\"https:\\\/\\\/lamostradevalencia.com\\\/ca\\\/#\\\/schema\\\/person\\\/361c3c0dd5489e78ad78ee4f8332efac\"},\"breadcrumb\":{\"@id\":\"https:\\\/\\\/lamostradevalencia.com\\\/ca\\\/manolo-valdes-diu-que-equipo-cronica-arte-de-trinchera-es-el-millor-que-sha-fet-sobre-ells\\\/#breadcrumb\"},\"inLanguage\":\"ca\",\"potentialAction\":[{\"@type\":\"ReadAction\",\"target\":[\"https:\\\/\\\/lamostradevalencia.com\\\/ca\\\/manolo-valdes-diu-que-equipo-cronica-arte-de-trinchera-es-el-millor-que-sha-fet-sobre-ells\\\/\"]}]},{\"@type\":\"ImageObject\",\"inLanguage\":\"ca\",\"@id\":\"https:\\\/\\\/lamostradevalencia.com\\\/ca\\\/manolo-valdes-diu-que-equipo-cronica-arte-de-trinchera-es-el-millor-que-sha-fet-sobre-ells\\\/#primaryimage\",\"url\":\"https:\\\/\\\/lamostradevalencia.com\\\/wp-content\\\/uploads\\\/2025\\\/10\\\/PHOTO-2025-10-27-13-28-46.jpg\",\"contentUrl\":\"https:\\\/\\\/lamostradevalencia.com\\\/wp-content\\\/uploads\\\/2025\\\/10\\\/PHOTO-2025-10-27-13-28-46.jpg\",\"width\":1600,\"height\":1067},{\"@type\":\"BreadcrumbList\",\"@id\":\"https:\\\/\\\/lamostradevalencia.com\\\/ca\\\/manolo-valdes-diu-que-equipo-cronica-arte-de-trinchera-es-el-millor-que-sha-fet-sobre-ells\\\/#breadcrumb\",\"itemListElement\":[{\"@type\":\"ListItem\",\"position\":1,\"name\":\"Portada\",\"item\":\"https:\\\/\\\/lamostradevalencia.com\\\/ca\\\/\"},{\"@type\":\"ListItem\",\"position\":2,\"name\":\"\u201cManolo Vald\u00e9s diu que \u2018Equipo Cr\u00f3nica, arte de trinchera\u2019 \u00e9s el millor que s\u2019ha fet sobre ells\u201d\"}]},{\"@type\":\"WebSite\",\"@id\":\"https:\\\/\\\/lamostradevalencia.com\\\/ca\\\/#website\",\"url\":\"https:\\\/\\\/lamostradevalencia.com\\\/ca\\\/\",\"name\":\"Mostra de Val\u00e8ncia\",\"description\":\"Cinema del Mediterrani\",\"potentialAction\":[{\"@type\":\"SearchAction\",\"target\":{\"@type\":\"EntryPoint\",\"urlTemplate\":\"https:\\\/\\\/lamostradevalencia.com\\\/ca\\\/?s={search_term_string}\"},\"query-input\":{\"@type\":\"PropertyValueSpecification\",\"valueRequired\":true,\"valueName\":\"search_term_string\"}}],\"inLanguage\":\"ca\"},{\"@type\":\"Person\",\"@id\":\"https:\\\/\\\/lamostradevalencia.com\\\/ca\\\/#\\\/schema\\\/person\\\/361c3c0dd5489e78ad78ee4f8332efac\",\"name\":\"contenidos\",\"image\":{\"@type\":\"ImageObject\",\"inLanguage\":\"ca\",\"@id\":\"https:\\\/\\\/secure.gravatar.com\\\/avatar\\\/a87eddc188a32d5a0371ff92ef616b5006a91e389296d49d081f8d424eef134c?s=96&d=mm&r=g\",\"url\":\"https:\\\/\\\/secure.gravatar.com\\\/avatar\\\/a87eddc188a32d5a0371ff92ef616b5006a91e389296d49d081f8d424eef134c?s=96&d=mm&r=g\",\"contentUrl\":\"https:\\\/\\\/secure.gravatar.com\\\/avatar\\\/a87eddc188a32d5a0371ff92ef616b5006a91e389296d49d081f8d424eef134c?s=96&d=mm&r=g\",\"caption\":\"contenidos\"}}]}<\/script>\n<!-- \/ Yoast SEO plugin. -->","yoast_head_json":{"title":"\u201cManolo Vald\u00e9s diu que \u2018Equipo Cr\u00f3nica, arte de trinchera\u2019 \u00e9s el millor que s\u2019ha fet sobre ells\u201d - Mostra de Val\u00e8ncia","robots":{"index":"index","follow":"follow","max-snippet":"max-snippet:-1","max-image-preview":"max-image-preview:large","max-video-preview":"max-video-preview:-1"},"canonical":"https:\/\/lamostradevalencia.com\/ca\/manolo-valdes-diu-que-equipo-cronica-arte-de-trinchera-es-el-millor-que-sha-fet-sobre-ells\/","og_locale":"ca_ES","og_type":"article","og_title":"\u201cManolo Vald\u00e9s diu que \u2018Equipo Cr\u00f3nica, arte de trinchera\u2019 \u00e9s el millor que s\u2019ha fet sobre ells\u201d - Mostra de Val\u00e8ncia","og_description":"El documental de Rafa Sesa i Felipe Villaplana s\u2019exhibeix avui a Finestra de Mostra de Val\u00e8ncia juntament amb \u2018Peque\u00f1os calvarios\u2019, de Javier Polo Gand\u00eda, tots [&hellip;]","og_url":"https:\/\/lamostradevalencia.com\/ca\/manolo-valdes-diu-que-equipo-cronica-arte-de-trinchera-es-el-millor-que-sha-fet-sobre-ells\/","og_site_name":"Mostra de Val\u00e8ncia","article_published_time":"2025-10-27T12:44:13+00:00","og_image":[{"width":1600,"height":1067,"url":"https:\/\/lamostradevalencia.com\/wp-content\/uploads\/2025\/10\/PHOTO-2025-10-27-13-28-46.jpg","type":"image\/jpeg"}],"author":"contenidos","twitter_card":"summary_large_image","twitter_misc":{"Escrit per":"contenidos","Temps estimat de lectura":"4 minuts"},"schema":{"@context":"https:\/\/schema.org","@graph":[{"@type":"Article","@id":"https:\/\/lamostradevalencia.com\/ca\/manolo-valdes-diu-que-equipo-cronica-arte-de-trinchera-es-el-millor-que-sha-fet-sobre-ells\/#article","isPartOf":{"@id":"https:\/\/lamostradevalencia.com\/ca\/manolo-valdes-diu-que-equipo-cronica-arte-de-trinchera-es-el-millor-que-sha-fet-sobre-ells\/"},"author":{"name":"contenidos","@id":"https:\/\/lamostradevalencia.com\/ca\/#\/schema\/person\/361c3c0dd5489e78ad78ee4f8332efac"},"headline":"\u201cManolo Vald\u00e9s diu que \u2018Equipo Cr\u00f3nica, arte de trinchera\u2019 \u00e9s el millor que s\u2019ha fet sobre ells\u201d","datePublished":"2025-10-27T12:44:13+00:00","mainEntityOfPage":{"@id":"https:\/\/lamostradevalencia.com\/ca\/manolo-valdes-diu-que-equipo-cronica-arte-de-trinchera-es-el-millor-que-sha-fet-sobre-ells\/"},"wordCount":814,"commentCount":0,"image":{"@id":"https:\/\/lamostradevalencia.com\/ca\/manolo-valdes-diu-que-equipo-cronica-arte-de-trinchera-es-el-millor-que-sha-fet-sobre-ells\/#primaryimage"},"thumbnailUrl":"https:\/\/lamostradevalencia.com\/wp-content\/uploads\/2025\/10\/PHOTO-2025-10-27-13-28-46.jpg","articleSection":["Noticies"],"inLanguage":"ca","potentialAction":[{"@type":"CommentAction","name":"Comment","target":["https:\/\/lamostradevalencia.com\/ca\/manolo-valdes-diu-que-equipo-cronica-arte-de-trinchera-es-el-millor-que-sha-fet-sobre-ells\/#respond"]}]},{"@type":"WebPage","@id":"https:\/\/lamostradevalencia.com\/ca\/manolo-valdes-diu-que-equipo-cronica-arte-de-trinchera-es-el-millor-que-sha-fet-sobre-ells\/","url":"https:\/\/lamostradevalencia.com\/ca\/manolo-valdes-diu-que-equipo-cronica-arte-de-trinchera-es-el-millor-que-sha-fet-sobre-ells\/","name":"\u201cManolo Vald\u00e9s diu que \u2018Equipo Cr\u00f3nica, arte de trinchera\u2019 \u00e9s el millor que s\u2019ha fet sobre ells\u201d - Mostra de Val\u00e8ncia","isPartOf":{"@id":"https:\/\/lamostradevalencia.com\/ca\/#website"},"primaryImageOfPage":{"@id":"https:\/\/lamostradevalencia.com\/ca\/manolo-valdes-diu-que-equipo-cronica-arte-de-trinchera-es-el-millor-que-sha-fet-sobre-ells\/#primaryimage"},"image":{"@id":"https:\/\/lamostradevalencia.com\/ca\/manolo-valdes-diu-que-equipo-cronica-arte-de-trinchera-es-el-millor-que-sha-fet-sobre-ells\/#primaryimage"},"thumbnailUrl":"https:\/\/lamostradevalencia.com\/wp-content\/uploads\/2025\/10\/PHOTO-2025-10-27-13-28-46.jpg","datePublished":"2025-10-27T12:44:13+00:00","author":{"@id":"https:\/\/lamostradevalencia.com\/ca\/#\/schema\/person\/361c3c0dd5489e78ad78ee4f8332efac"},"breadcrumb":{"@id":"https:\/\/lamostradevalencia.com\/ca\/manolo-valdes-diu-que-equipo-cronica-arte-de-trinchera-es-el-millor-que-sha-fet-sobre-ells\/#breadcrumb"},"inLanguage":"ca","potentialAction":[{"@type":"ReadAction","target":["https:\/\/lamostradevalencia.com\/ca\/manolo-valdes-diu-que-equipo-cronica-arte-de-trinchera-es-el-millor-que-sha-fet-sobre-ells\/"]}]},{"@type":"ImageObject","inLanguage":"ca","@id":"https:\/\/lamostradevalencia.com\/ca\/manolo-valdes-diu-que-equipo-cronica-arte-de-trinchera-es-el-millor-que-sha-fet-sobre-ells\/#primaryimage","url":"https:\/\/lamostradevalencia.com\/wp-content\/uploads\/2025\/10\/PHOTO-2025-10-27-13-28-46.jpg","contentUrl":"https:\/\/lamostradevalencia.com\/wp-content\/uploads\/2025\/10\/PHOTO-2025-10-27-13-28-46.jpg","width":1600,"height":1067},{"@type":"BreadcrumbList","@id":"https:\/\/lamostradevalencia.com\/ca\/manolo-valdes-diu-que-equipo-cronica-arte-de-trinchera-es-el-millor-que-sha-fet-sobre-ells\/#breadcrumb","itemListElement":[{"@type":"ListItem","position":1,"name":"Portada","item":"https:\/\/lamostradevalencia.com\/ca\/"},{"@type":"ListItem","position":2,"name":"\u201cManolo Vald\u00e9s diu que \u2018Equipo Cr\u00f3nica, arte de trinchera\u2019 \u00e9s el millor que s\u2019ha fet sobre ells\u201d"}]},{"@type":"WebSite","@id":"https:\/\/lamostradevalencia.com\/ca\/#website","url":"https:\/\/lamostradevalencia.com\/ca\/","name":"Mostra de Val\u00e8ncia","description":"Cinema del Mediterrani","potentialAction":[{"@type":"SearchAction","target":{"@type":"EntryPoint","urlTemplate":"https:\/\/lamostradevalencia.com\/ca\/?s={search_term_string}"},"query-input":{"@type":"PropertyValueSpecification","valueRequired":true,"valueName":"search_term_string"}}],"inLanguage":"ca"},{"@type":"Person","@id":"https:\/\/lamostradevalencia.com\/ca\/#\/schema\/person\/361c3c0dd5489e78ad78ee4f8332efac","name":"contenidos","image":{"@type":"ImageObject","inLanguage":"ca","@id":"https:\/\/secure.gravatar.com\/avatar\/a87eddc188a32d5a0371ff92ef616b5006a91e389296d49d081f8d424eef134c?s=96&d=mm&r=g","url":"https:\/\/secure.gravatar.com\/avatar\/a87eddc188a32d5a0371ff92ef616b5006a91e389296d49d081f8d424eef134c?s=96&d=mm&r=g","contentUrl":"https:\/\/secure.gravatar.com\/avatar\/a87eddc188a32d5a0371ff92ef616b5006a91e389296d49d081f8d424eef134c?s=96&d=mm&r=g","caption":"contenidos"}}]}},"uagb_featured_image_src":{"full":["https:\/\/lamostradevalencia.com\/wp-content\/uploads\/2025\/10\/PHOTO-2025-10-27-13-28-46.jpg",1600,1067,false],"thumbnail":["https:\/\/lamostradevalencia.com\/wp-content\/uploads\/2025\/10\/PHOTO-2025-10-27-13-28-46-150x150.jpg",150,150,true],"medium":["https:\/\/lamostradevalencia.com\/wp-content\/uploads\/2025\/10\/PHOTO-2025-10-27-13-28-46-300x200.jpg",300,200,true],"medium_large":["https:\/\/lamostradevalencia.com\/wp-content\/uploads\/2025\/10\/PHOTO-2025-10-27-13-28-46-768x512.jpg",768,512,true],"large":["https:\/\/lamostradevalencia.com\/wp-content\/uploads\/2025\/10\/PHOTO-2025-10-27-13-28-46-1024x683.jpg",1024,683,true],"1536x1536":["https:\/\/lamostradevalencia.com\/wp-content\/uploads\/2025\/10\/PHOTO-2025-10-27-13-28-46-1536x1024.jpg",1536,1024,true],"2048x2048":["https:\/\/lamostradevalencia.com\/wp-content\/uploads\/2025\/10\/PHOTO-2025-10-27-13-28-46.jpg",1600,1067,false],"cinerama_edge_image_square":["https:\/\/lamostradevalencia.com\/wp-content\/uploads\/2025\/10\/PHOTO-2025-10-27-13-28-46-550x550.jpg",550,550,true],"cinerama_edge_image_landscape":["https:\/\/lamostradevalencia.com\/wp-content\/uploads\/2025\/10\/PHOTO-2025-10-27-13-28-46-1100x550.jpg",1100,550,true],"cinerama_edge_image_portrait":["https:\/\/lamostradevalencia.com\/wp-content\/uploads\/2025\/10\/PHOTO-2025-10-27-13-28-46-550x1067.jpg",550,1067,true],"cinerama_edge_image_huge":["https:\/\/lamostradevalencia.com\/wp-content\/uploads\/2025\/10\/PHOTO-2025-10-27-13-28-46-1100x1067.jpg",1100,1067,true],"gform-image-choice-sm":["https:\/\/lamostradevalencia.com\/wp-content\/uploads\/2025\/10\/PHOTO-2025-10-27-13-28-46.jpg",300,200,false],"gform-image-choice-md":["https:\/\/lamostradevalencia.com\/wp-content\/uploads\/2025\/10\/PHOTO-2025-10-27-13-28-46.jpg",400,267,false],"gform-image-choice-lg":["https:\/\/lamostradevalencia.com\/wp-content\/uploads\/2025\/10\/PHOTO-2025-10-27-13-28-46.jpg",600,400,false]},"uagb_author_info":{"display_name":"contenidos","author_link":"https:\/\/lamostradevalencia.com\/ca\/author\/contenidos\/"},"uagb_comment_info":0,"uagb_excerpt":"El documental de Rafa Sesa i Felipe Villaplana s\u2019exhibeix avui a Finestra de Mostra de Val\u00e8ncia juntament amb \u2018Peque\u00f1os calvarios\u2019, de Javier Polo Gand\u00eda, tots [&hellip;]","_links":{"self":[{"href":"https:\/\/lamostradevalencia.com\/ca\/wp-json\/wp\/v2\/posts\/30595","targetHints":{"allow":["GET"]}}],"collection":[{"href":"https:\/\/lamostradevalencia.com\/ca\/wp-json\/wp\/v2\/posts"}],"about":[{"href":"https:\/\/lamostradevalencia.com\/ca\/wp-json\/wp\/v2\/types\/post"}],"author":[{"embeddable":true,"href":"https:\/\/lamostradevalencia.com\/ca\/wp-json\/wp\/v2\/users\/3"}],"replies":[{"embeddable":true,"href":"https:\/\/lamostradevalencia.com\/ca\/wp-json\/wp\/v2\/comments?post=30595"}],"version-history":[{"count":1,"href":"https:\/\/lamostradevalencia.com\/ca\/wp-json\/wp\/v2\/posts\/30595\/revisions"}],"predecessor-version":[{"id":30596,"href":"https:\/\/lamostradevalencia.com\/ca\/wp-json\/wp\/v2\/posts\/30595\/revisions\/30596"}],"wp:featuredmedia":[{"embeddable":true,"href":"https:\/\/lamostradevalencia.com\/ca\/wp-json\/wp\/v2\/media\/30588"}],"wp:attachment":[{"href":"https:\/\/lamostradevalencia.com\/ca\/wp-json\/wp\/v2\/media?parent=30595"}],"wp:term":[{"taxonomy":"category","embeddable":true,"href":"https:\/\/lamostradevalencia.com\/ca\/wp-json\/wp\/v2\/categories?post=30595"},{"taxonomy":"post_tag","embeddable":true,"href":"https:\/\/lamostradevalencia.com\/ca\/wp-json\/wp\/v2\/tags?post=30595"}],"curies":[{"name":"wp","href":"https:\/\/api.w.org\/{rel}","templated":true}]}}