{"id":30563,"date":"2025-10-26T14:55:21","date_gmt":"2025-10-26T12:55:21","guid":{"rendered":"https:\/\/lamostradevalencia.com\/?p=30563"},"modified":"2025-10-26T14:54:52","modified_gmt":"2025-10-26T12:54:52","slug":"pizza-fritta-i-50-meters-la-realitat-desborda-el-concurs-de-la-mostra-de-valencia","status":"publish","type":"post","link":"https:\/\/lamostradevalencia.com\/ca\/pizza-fritta-i-50-meters-la-realitat-desborda-el-concurs-de-la-mostra-de-valencia\/","title":{"rendered":"\u2018Pizza fritta\u2019 i \u201850 meters\u2019: la realitat desborda el concurs de la Mostra de Val\u00e8ncia"},"content":{"rendered":"<h5>Dos propostes entre el documental i la ficci\u00f3 protagonitzen la Secci\u00f3 Oficial d\u2019aquesta jornada<\/h5>\n<p><span style=\"font-weight: 400;\">L\u2019art casa amb all\u00f2 social, especialment al Sud. Aquesta \u00e9s una de les tesis principals de\u00a0<\/span><span style=\"font-weight: 400;\">\u2018<\/span><strong>Pizza fritta\u2019<\/strong><span style=\"font-weight: 400;\">, una altra de les propostes a concurs de la Mostra de Val\u00e8ncia, que s\u2019acaba de presentar a la premsa, i que transita entre el documental i la ficci\u00f3.<\/span><br style=\"font-weight: 400;\" \/><br style=\"font-weight: 400;\" \/><span style=\"font-weight: 400;\">Com han contat el seu director\u00a0<\/span><strong>Domingo de Luis i la seua productora Mar\u00eda del Pino Santana,<\/strong><span style=\"font-weight: 400;\">\u00a0el documental est\u00e0 rodat al barri napolit\u00e0 de la Sanit\u00e0, on va n\u00e0ixer el gran c\u00f2mic Tot\u00f2 i que tamb\u00e9 ha sigut testimoni de generacions marcades per la pobresa i la viol\u00e8ncia de la Camorra. No obstant aix\u00f2, la c\u00e0mera de l\u2019espanyol prefereix recrear-se en el Nuovo Teatro Sanit\u00e0, el primer del m\u00f3n que acull una esgl\u00e9sia, finan\u00e7at, entre altres, per Roberto Saviano.<\/span><br style=\"font-weight: 400;\" \/><br style=\"font-weight: 400;\" \/><span style=\"font-weight: 400;\">Els seus fundadors intenten canviar la vida no sols dels espectadors, sin\u00f3 tamb\u00e9 dels habitants del barri convertint-los en protagonistes de les seues creacions. \u201cEl teatre \u00e9s on ells poden desfogar-se. N\u00e0pols t\u00e9 una cultura art\u00edstica bestial \u2014assegura el director\u2014. Hi ha xiquets analfabets, per\u00f2 saben qui \u00e9s\u00a0<\/span><span style=\"font-weight: 400;\">Tiziano. Un altre dels protagonistes canta \u00f2pera sense haver anat mai a classe. L\u2019art ha sigut la base de la redempci\u00f3. De fet,\u00a0<\/span><strong>el t\u00edtol al\u00b7ludeix al fet que durant la Segona Guerra Mundial les dones van haver d\u2019empoderar-se i, en compte de fer la pizza al forn, com que no tenien llenya, aprofitaven que s\u00ed que hi havia oli per a al\u00e7ar la fam\u00edlia.\u201d<\/strong><br style=\"font-weight: 400;\" \/><br style=\"font-weight: 400;\" \/><span style=\"font-weight: 400;\">La cinta parteix de la realitat, per\u00f2 proposa un joc ficcionat: posar en escena una obra de teatre en qu\u00e8 una \u00e0via ensenya a cuinar un plat al seu n\u00e9t. Eixe c\u00e0sting ens porta a anar saltant d\u2019un a un altre dels habitants d\u2019aquest rac\u00f3 tan particular del planeta.\u00a0<\/span><span style=\"font-weight: 400;\">Fins que ens topem amb Ivan, un xiquet que somia a ser el millor xef de N\u00e0pols, i que \u00e9s capa\u00e7 de menjar-se la c\u00e0mera. \u201c<\/span><strong>Aquest xiquet representa que l\u2019ensomni pot salvar-nos. Ell \u00e9s el present, tamb\u00e9 el passat (per tot eixe historial que t\u00e9) i representa el futur. Li vam proposar que imaginara que sa mare havia mort, per\u00f2 despr\u00e9s descobr\u00edrem que la seua hist\u00f2ria personal era molt m\u00e9s forta\u201d,<\/strong><span style=\"font-weight: 400;\">\u00a0apunta Domingo de Luis.<\/span><br style=\"font-weight: 400;\" \/><br style=\"font-weight: 400;\" \/><span style=\"font-weight: 400;\">Es tracta del seu primer llargmetratge despr\u00e9s de curts molt premiats com\u00a0<\/span><span style=\"font-weight: 400;\">\u2018\u00daltima toma\u2019 (2007), \u2018La ni\u00f1a\u2019 (2016) i \u2018Zapato rojo\u2019 (2019). El director i la productora es mostren sorpresos de trobar-se competint en la Secci\u00f3 Oficial amb altres propostes h\u00edbrides<\/span><strong>: \u201cSara Mansanet est\u00e0 demostrant una nova manera d\u2019entendre i regenerar, i aposta per una mirada en qu\u00e8 no \u00e9s el creador qui s\u2019imposa a la realitat, sin\u00f3 la realitat la que guia el director\u201d, conclou de Luis.<\/strong><br style=\"font-weight: 400;\" \/><br style=\"font-weight: 400;\" \/><span style=\"font-weight: 400;\">Tamb\u00e9 transita pel cam\u00ed del documental la segona proposta del dia del certamen,\u00a0<\/span><strong>\u201850 meters\u2019,<\/strong><span style=\"font-weight: 400;\">\u00a0concretament, a la piscina d\u2019entrenament de cinquanta metres d\u2019un equip d\u2019aer\u00f2bic aqu\u00e0tic compost per homes majors de setanta anys al Caire. All\u00e0 trobem Yomna Khattab, directora debutant, que lluita per fer realitat la seua primera pel\u00b7l\u00edcula i reconciliar-se amb son pare.<\/span><br style=\"font-weight: 400;\" \/><span style=\"font-weight: 400;\">De menuda, el pare la mirava a trav\u00e9s de la c\u00e0mera \u2014i veiem bona part d\u2019eixe metratge integrat en la pel\u00b7l\u00edcula\u2014 i ara \u00e9s ella qui filma el seu progenitor. La proposta, malgrat tocar temes com l\u2019envelliment i la mort, no est\u00e0 exempta d\u2019humor; per exemple, l\u2019\u00fanic que no confessa la seua edat davant la c\u00e0mera \u00e9s el coquet de son pare.<\/span><br style=\"font-weight: 400;\" \/><br style=\"font-weight: 400;\" \/><span style=\"font-weight: 400;\">La cineasta, que no va poder arribar a Val\u00e8ncia per la cancel\u00b7laci\u00f3 del seu vol des del Caire, assegura que \u201c<strong>quan vaig fer 35 anys, em vaig enfrontar a aquesta fase cr\u00edtica de prendre decisions. Estava atrapada en la imatge convencional d\u2019una dona perfecta de l\u2019Orient Mitj\u00e0 en una classe mitjana alta. Necessitava tindre una fam\u00edlia, dos fills i una carrera amb gran potencial. Coses que no sols no tenia la nit del meu 35 aniversari, sin\u00f3 que, a m\u00e9s, no volia\u201d.<\/strong>\u00a0Per aix\u00f2 va deixar la seua faena i va comen\u00e7ar a fer pel\u00b7l\u00edcules.<\/span><br style=\"font-weight: 400;\" \/><br style=\"font-weight: 400;\" \/><span style=\"font-weight: 400;\">En aquest primer llargmetratge, se centra en els 70 anys que va a fer el seu progenitor, per\u00f2 durant el rodatge descobreix moltes m\u00e9s coses d\u2019ell, segons ella mateixa confessa: \u201cObserve com gestiona les decisions que va prendre a la meua edat. El percep com un pare progressista que sempre ha sigut el meu amic. Quan necessitava un pare, ell m\u2019ajudava. Vaig cr\u00e9ixer sabent que ell no volia tindre fills. Ho intu\u00efa abans que m\u2019ho anunciara davant la c\u00e0mera un dia de rodatge. Hui em pregunte si vull ser mare o no i no puc relacionar aquesta pregunta amb les decisions de vida de mon pare.\u201d<\/span><br style=\"font-weight: 400;\" \/><br style=\"font-weight: 400;\" \/><span style=\"font-weight: 400;\">Tots dos directors, que amb les seues cintes opten a la\u00a0<\/span><span style=\"font-weight: 400;\">Palmera d\u2019Or, confessen que el que van trobar en tancar el rodatge va ser molt m\u00e9s sorprenent del que havien previst. Per tant, coincideixen que\u00a0<\/span><strong>\u201cens vam vore desbordats per la realitat\u201d.<\/strong><\/p>\n","protected":false},"excerpt":{"rendered":"<p>Dos propostes entre el documental i la ficci\u00f3 protagonitzen la Secci\u00f3 Oficial d\u2019aquesta jornada L\u2019art casa amb all\u00f2 social, especialment al Sud. Aquesta \u00e9s una [&hellip;]<\/p>\n","protected":false},"author":3,"featured_media":30566,"comment_status":"open","ping_status":"open","sticky":false,"template":"","format":"standard","meta":{"_uag_custom_page_level_css":"","_jet_sm_ready_style":"","_jet_sm_style":"","_jet_sm_controls_values":"","_jet_sm_fonts_collection":"","_jet_sm_fonts_links":"","footnotes":""},"categories":[455],"tags":[],"class_list":["post-30563","post","type-post","status-publish","format-standard","has-post-thumbnail","hentry","category-noticies"],"yoast_head":"<!-- This site is optimized with the Yoast SEO plugin v27.5 - https:\/\/yoast.com\/product\/yoast-seo-wordpress\/ -->\n<title>\u2018Pizza fritta\u2019 i \u201850 meters\u2019: la realitat desborda el concurs de la Mostra de Val\u00e8ncia - Mostra de Val\u00e8ncia<\/title>\n<meta name=\"robots\" content=\"index, follow, max-snippet:-1, max-image-preview:large, max-video-preview:-1\" \/>\n<link rel=\"canonical\" href=\"https:\/\/lamostradevalencia.com\/ca\/pizza-fritta-i-50-meters-la-realitat-desborda-el-concurs-de-la-mostra-de-valencia\/\" \/>\n<meta property=\"og:locale\" content=\"ca_ES\" \/>\n<meta property=\"og:type\" content=\"article\" \/>\n<meta property=\"og:title\" content=\"\u2018Pizza fritta\u2019 i \u201850 meters\u2019: la realitat desborda el concurs de la Mostra de Val\u00e8ncia - Mostra de Val\u00e8ncia\" \/>\n<meta property=\"og:description\" content=\"Dos propostes entre el documental i la ficci\u00f3 protagonitzen la Secci\u00f3 Oficial d\u2019aquesta jornada L\u2019art casa amb all\u00f2 social, especialment al Sud. Aquesta \u00e9s una [&hellip;]\" \/>\n<meta property=\"og:url\" content=\"https:\/\/lamostradevalencia.com\/ca\/pizza-fritta-i-50-meters-la-realitat-desborda-el-concurs-de-la-mostra-de-valencia\/\" \/>\n<meta property=\"og:site_name\" content=\"Mostra de Val\u00e8ncia\" \/>\n<meta property=\"article:published_time\" content=\"2025-10-26T12:55:21+00:00\" \/>\n<meta property=\"og:image\" content=\"https:\/\/lamostradevalencia.com\/wp-content\/uploads\/2025\/10\/PHOTO-2025-10-26-13-54-03.jpg\" \/>\n\t<meta property=\"og:image:width\" content=\"1600\" \/>\n\t<meta property=\"og:image:height\" content=\"1067\" \/>\n\t<meta property=\"og:image:type\" content=\"image\/jpeg\" \/>\n<meta name=\"author\" content=\"contenidos\" \/>\n<meta name=\"twitter:card\" content=\"summary_large_image\" \/>\n<meta name=\"twitter:label1\" content=\"Escrit per\" \/>\n\t<meta name=\"twitter:data1\" content=\"contenidos\" \/>\n\t<meta name=\"twitter:label2\" content=\"Temps estimat de lectura\" \/>\n\t<meta name=\"twitter:data2\" content=\"4 minuts\" \/>\n<script type=\"application\/ld+json\" class=\"yoast-schema-graph\">{\"@context\":\"https:\\\/\\\/schema.org\",\"@graph\":[{\"@type\":\"Article\",\"@id\":\"https:\\\/\\\/lamostradevalencia.com\\\/ca\\\/pizza-fritta-i-50-meters-la-realitat-desborda-el-concurs-de-la-mostra-de-valencia\\\/#article\",\"isPartOf\":{\"@id\":\"https:\\\/\\\/lamostradevalencia.com\\\/ca\\\/pizza-fritta-i-50-meters-la-realitat-desborda-el-concurs-de-la-mostra-de-valencia\\\/\"},\"author\":{\"name\":\"contenidos\",\"@id\":\"https:\\\/\\\/lamostradevalencia.com\\\/ca\\\/#\\\/schema\\\/person\\\/361c3c0dd5489e78ad78ee4f8332efac\"},\"headline\":\"\u2018Pizza fritta\u2019 i \u201850 meters\u2019: la realitat desborda el concurs de la Mostra de Val\u00e8ncia\",\"datePublished\":\"2025-10-26T12:55:21+00:00\",\"mainEntityOfPage\":{\"@id\":\"https:\\\/\\\/lamostradevalencia.com\\\/ca\\\/pizza-fritta-i-50-meters-la-realitat-desborda-el-concurs-de-la-mostra-de-valencia\\\/\"},\"wordCount\":897,\"commentCount\":0,\"image\":{\"@id\":\"https:\\\/\\\/lamostradevalencia.com\\\/ca\\\/pizza-fritta-i-50-meters-la-realitat-desborda-el-concurs-de-la-mostra-de-valencia\\\/#primaryimage\"},\"thumbnailUrl\":\"https:\\\/\\\/lamostradevalencia.com\\\/wp-content\\\/uploads\\\/2025\\\/10\\\/PHOTO-2025-10-26-13-54-03.jpg\",\"articleSection\":[\"Noticies\"],\"inLanguage\":\"ca\",\"potentialAction\":[{\"@type\":\"CommentAction\",\"name\":\"Comment\",\"target\":[\"https:\\\/\\\/lamostradevalencia.com\\\/ca\\\/pizza-fritta-i-50-meters-la-realitat-desborda-el-concurs-de-la-mostra-de-valencia\\\/#respond\"]}]},{\"@type\":\"WebPage\",\"@id\":\"https:\\\/\\\/lamostradevalencia.com\\\/ca\\\/pizza-fritta-i-50-meters-la-realitat-desborda-el-concurs-de-la-mostra-de-valencia\\\/\",\"url\":\"https:\\\/\\\/lamostradevalencia.com\\\/ca\\\/pizza-fritta-i-50-meters-la-realitat-desborda-el-concurs-de-la-mostra-de-valencia\\\/\",\"name\":\"\u2018Pizza fritta\u2019 i \u201850 meters\u2019: la realitat desborda el concurs de la Mostra de Val\u00e8ncia - Mostra de Val\u00e8ncia\",\"isPartOf\":{\"@id\":\"https:\\\/\\\/lamostradevalencia.com\\\/ca\\\/#website\"},\"primaryImageOfPage\":{\"@id\":\"https:\\\/\\\/lamostradevalencia.com\\\/ca\\\/pizza-fritta-i-50-meters-la-realitat-desborda-el-concurs-de-la-mostra-de-valencia\\\/#primaryimage\"},\"image\":{\"@id\":\"https:\\\/\\\/lamostradevalencia.com\\\/ca\\\/pizza-fritta-i-50-meters-la-realitat-desborda-el-concurs-de-la-mostra-de-valencia\\\/#primaryimage\"},\"thumbnailUrl\":\"https:\\\/\\\/lamostradevalencia.com\\\/wp-content\\\/uploads\\\/2025\\\/10\\\/PHOTO-2025-10-26-13-54-03.jpg\",\"datePublished\":\"2025-10-26T12:55:21+00:00\",\"author\":{\"@id\":\"https:\\\/\\\/lamostradevalencia.com\\\/ca\\\/#\\\/schema\\\/person\\\/361c3c0dd5489e78ad78ee4f8332efac\"},\"breadcrumb\":{\"@id\":\"https:\\\/\\\/lamostradevalencia.com\\\/ca\\\/pizza-fritta-i-50-meters-la-realitat-desborda-el-concurs-de-la-mostra-de-valencia\\\/#breadcrumb\"},\"inLanguage\":\"ca\",\"potentialAction\":[{\"@type\":\"ReadAction\",\"target\":[\"https:\\\/\\\/lamostradevalencia.com\\\/ca\\\/pizza-fritta-i-50-meters-la-realitat-desborda-el-concurs-de-la-mostra-de-valencia\\\/\"]}]},{\"@type\":\"ImageObject\",\"inLanguage\":\"ca\",\"@id\":\"https:\\\/\\\/lamostradevalencia.com\\\/ca\\\/pizza-fritta-i-50-meters-la-realitat-desborda-el-concurs-de-la-mostra-de-valencia\\\/#primaryimage\",\"url\":\"https:\\\/\\\/lamostradevalencia.com\\\/wp-content\\\/uploads\\\/2025\\\/10\\\/PHOTO-2025-10-26-13-54-03.jpg\",\"contentUrl\":\"https:\\\/\\\/lamostradevalencia.com\\\/wp-content\\\/uploads\\\/2025\\\/10\\\/PHOTO-2025-10-26-13-54-03.jpg\",\"width\":1600,\"height\":1067},{\"@type\":\"BreadcrumbList\",\"@id\":\"https:\\\/\\\/lamostradevalencia.com\\\/ca\\\/pizza-fritta-i-50-meters-la-realitat-desborda-el-concurs-de-la-mostra-de-valencia\\\/#breadcrumb\",\"itemListElement\":[{\"@type\":\"ListItem\",\"position\":1,\"name\":\"Portada\",\"item\":\"https:\\\/\\\/lamostradevalencia.com\\\/ca\\\/\"},{\"@type\":\"ListItem\",\"position\":2,\"name\":\"\u2018Pizza fritta\u2019 i \u201850 meters\u2019: la realitat desborda el concurs de la Mostra de Val\u00e8ncia\"}]},{\"@type\":\"WebSite\",\"@id\":\"https:\\\/\\\/lamostradevalencia.com\\\/ca\\\/#website\",\"url\":\"https:\\\/\\\/lamostradevalencia.com\\\/ca\\\/\",\"name\":\"Mostra de Val\u00e8ncia\",\"description\":\"Cinema del Mediterrani\",\"potentialAction\":[{\"@type\":\"SearchAction\",\"target\":{\"@type\":\"EntryPoint\",\"urlTemplate\":\"https:\\\/\\\/lamostradevalencia.com\\\/ca\\\/?s={search_term_string}\"},\"query-input\":{\"@type\":\"PropertyValueSpecification\",\"valueRequired\":true,\"valueName\":\"search_term_string\"}}],\"inLanguage\":\"ca\"},{\"@type\":\"Person\",\"@id\":\"https:\\\/\\\/lamostradevalencia.com\\\/ca\\\/#\\\/schema\\\/person\\\/361c3c0dd5489e78ad78ee4f8332efac\",\"name\":\"contenidos\",\"image\":{\"@type\":\"ImageObject\",\"inLanguage\":\"ca\",\"@id\":\"https:\\\/\\\/secure.gravatar.com\\\/avatar\\\/a87eddc188a32d5a0371ff92ef616b5006a91e389296d49d081f8d424eef134c?s=96&d=mm&r=g\",\"url\":\"https:\\\/\\\/secure.gravatar.com\\\/avatar\\\/a87eddc188a32d5a0371ff92ef616b5006a91e389296d49d081f8d424eef134c?s=96&d=mm&r=g\",\"contentUrl\":\"https:\\\/\\\/secure.gravatar.com\\\/avatar\\\/a87eddc188a32d5a0371ff92ef616b5006a91e389296d49d081f8d424eef134c?s=96&d=mm&r=g\",\"caption\":\"contenidos\"}}]}<\/script>\n<!-- \/ Yoast SEO plugin. -->","yoast_head_json":{"title":"\u2018Pizza fritta\u2019 i \u201850 meters\u2019: la realitat desborda el concurs de la Mostra de Val\u00e8ncia - Mostra de Val\u00e8ncia","robots":{"index":"index","follow":"follow","max-snippet":"max-snippet:-1","max-image-preview":"max-image-preview:large","max-video-preview":"max-video-preview:-1"},"canonical":"https:\/\/lamostradevalencia.com\/ca\/pizza-fritta-i-50-meters-la-realitat-desborda-el-concurs-de-la-mostra-de-valencia\/","og_locale":"ca_ES","og_type":"article","og_title":"\u2018Pizza fritta\u2019 i \u201850 meters\u2019: la realitat desborda el concurs de la Mostra de Val\u00e8ncia - Mostra de Val\u00e8ncia","og_description":"Dos propostes entre el documental i la ficci\u00f3 protagonitzen la Secci\u00f3 Oficial d\u2019aquesta jornada L\u2019art casa amb all\u00f2 social, especialment al Sud. Aquesta \u00e9s una [&hellip;]","og_url":"https:\/\/lamostradevalencia.com\/ca\/pizza-fritta-i-50-meters-la-realitat-desborda-el-concurs-de-la-mostra-de-valencia\/","og_site_name":"Mostra de Val\u00e8ncia","article_published_time":"2025-10-26T12:55:21+00:00","og_image":[{"width":1600,"height":1067,"url":"https:\/\/lamostradevalencia.com\/wp-content\/uploads\/2025\/10\/PHOTO-2025-10-26-13-54-03.jpg","type":"image\/jpeg"}],"author":"contenidos","twitter_card":"summary_large_image","twitter_misc":{"Escrit per":"contenidos","Temps estimat de lectura":"4 minuts"},"schema":{"@context":"https:\/\/schema.org","@graph":[{"@type":"Article","@id":"https:\/\/lamostradevalencia.com\/ca\/pizza-fritta-i-50-meters-la-realitat-desborda-el-concurs-de-la-mostra-de-valencia\/#article","isPartOf":{"@id":"https:\/\/lamostradevalencia.com\/ca\/pizza-fritta-i-50-meters-la-realitat-desborda-el-concurs-de-la-mostra-de-valencia\/"},"author":{"name":"contenidos","@id":"https:\/\/lamostradevalencia.com\/ca\/#\/schema\/person\/361c3c0dd5489e78ad78ee4f8332efac"},"headline":"\u2018Pizza fritta\u2019 i \u201850 meters\u2019: la realitat desborda el concurs de la Mostra de Val\u00e8ncia","datePublished":"2025-10-26T12:55:21+00:00","mainEntityOfPage":{"@id":"https:\/\/lamostradevalencia.com\/ca\/pizza-fritta-i-50-meters-la-realitat-desborda-el-concurs-de-la-mostra-de-valencia\/"},"wordCount":897,"commentCount":0,"image":{"@id":"https:\/\/lamostradevalencia.com\/ca\/pizza-fritta-i-50-meters-la-realitat-desborda-el-concurs-de-la-mostra-de-valencia\/#primaryimage"},"thumbnailUrl":"https:\/\/lamostradevalencia.com\/wp-content\/uploads\/2025\/10\/PHOTO-2025-10-26-13-54-03.jpg","articleSection":["Noticies"],"inLanguage":"ca","potentialAction":[{"@type":"CommentAction","name":"Comment","target":["https:\/\/lamostradevalencia.com\/ca\/pizza-fritta-i-50-meters-la-realitat-desborda-el-concurs-de-la-mostra-de-valencia\/#respond"]}]},{"@type":"WebPage","@id":"https:\/\/lamostradevalencia.com\/ca\/pizza-fritta-i-50-meters-la-realitat-desborda-el-concurs-de-la-mostra-de-valencia\/","url":"https:\/\/lamostradevalencia.com\/ca\/pizza-fritta-i-50-meters-la-realitat-desborda-el-concurs-de-la-mostra-de-valencia\/","name":"\u2018Pizza fritta\u2019 i \u201850 meters\u2019: la realitat desborda el concurs de la Mostra de Val\u00e8ncia - Mostra de Val\u00e8ncia","isPartOf":{"@id":"https:\/\/lamostradevalencia.com\/ca\/#website"},"primaryImageOfPage":{"@id":"https:\/\/lamostradevalencia.com\/ca\/pizza-fritta-i-50-meters-la-realitat-desborda-el-concurs-de-la-mostra-de-valencia\/#primaryimage"},"image":{"@id":"https:\/\/lamostradevalencia.com\/ca\/pizza-fritta-i-50-meters-la-realitat-desborda-el-concurs-de-la-mostra-de-valencia\/#primaryimage"},"thumbnailUrl":"https:\/\/lamostradevalencia.com\/wp-content\/uploads\/2025\/10\/PHOTO-2025-10-26-13-54-03.jpg","datePublished":"2025-10-26T12:55:21+00:00","author":{"@id":"https:\/\/lamostradevalencia.com\/ca\/#\/schema\/person\/361c3c0dd5489e78ad78ee4f8332efac"},"breadcrumb":{"@id":"https:\/\/lamostradevalencia.com\/ca\/pizza-fritta-i-50-meters-la-realitat-desborda-el-concurs-de-la-mostra-de-valencia\/#breadcrumb"},"inLanguage":"ca","potentialAction":[{"@type":"ReadAction","target":["https:\/\/lamostradevalencia.com\/ca\/pizza-fritta-i-50-meters-la-realitat-desborda-el-concurs-de-la-mostra-de-valencia\/"]}]},{"@type":"ImageObject","inLanguage":"ca","@id":"https:\/\/lamostradevalencia.com\/ca\/pizza-fritta-i-50-meters-la-realitat-desborda-el-concurs-de-la-mostra-de-valencia\/#primaryimage","url":"https:\/\/lamostradevalencia.com\/wp-content\/uploads\/2025\/10\/PHOTO-2025-10-26-13-54-03.jpg","contentUrl":"https:\/\/lamostradevalencia.com\/wp-content\/uploads\/2025\/10\/PHOTO-2025-10-26-13-54-03.jpg","width":1600,"height":1067},{"@type":"BreadcrumbList","@id":"https:\/\/lamostradevalencia.com\/ca\/pizza-fritta-i-50-meters-la-realitat-desborda-el-concurs-de-la-mostra-de-valencia\/#breadcrumb","itemListElement":[{"@type":"ListItem","position":1,"name":"Portada","item":"https:\/\/lamostradevalencia.com\/ca\/"},{"@type":"ListItem","position":2,"name":"\u2018Pizza fritta\u2019 i \u201850 meters\u2019: la realitat desborda el concurs de la Mostra de Val\u00e8ncia"}]},{"@type":"WebSite","@id":"https:\/\/lamostradevalencia.com\/ca\/#website","url":"https:\/\/lamostradevalencia.com\/ca\/","name":"Mostra de Val\u00e8ncia","description":"Cinema del Mediterrani","potentialAction":[{"@type":"SearchAction","target":{"@type":"EntryPoint","urlTemplate":"https:\/\/lamostradevalencia.com\/ca\/?s={search_term_string}"},"query-input":{"@type":"PropertyValueSpecification","valueRequired":true,"valueName":"search_term_string"}}],"inLanguage":"ca"},{"@type":"Person","@id":"https:\/\/lamostradevalencia.com\/ca\/#\/schema\/person\/361c3c0dd5489e78ad78ee4f8332efac","name":"contenidos","image":{"@type":"ImageObject","inLanguage":"ca","@id":"https:\/\/secure.gravatar.com\/avatar\/a87eddc188a32d5a0371ff92ef616b5006a91e389296d49d081f8d424eef134c?s=96&d=mm&r=g","url":"https:\/\/secure.gravatar.com\/avatar\/a87eddc188a32d5a0371ff92ef616b5006a91e389296d49d081f8d424eef134c?s=96&d=mm&r=g","contentUrl":"https:\/\/secure.gravatar.com\/avatar\/a87eddc188a32d5a0371ff92ef616b5006a91e389296d49d081f8d424eef134c?s=96&d=mm&r=g","caption":"contenidos"}}]}},"uagb_featured_image_src":{"full":["https:\/\/lamostradevalencia.com\/wp-content\/uploads\/2025\/10\/PHOTO-2025-10-26-13-54-03.jpg",1600,1067,false],"thumbnail":["https:\/\/lamostradevalencia.com\/wp-content\/uploads\/2025\/10\/PHOTO-2025-10-26-13-54-03-150x150.jpg",150,150,true],"medium":["https:\/\/lamostradevalencia.com\/wp-content\/uploads\/2025\/10\/PHOTO-2025-10-26-13-54-03-300x200.jpg",300,200,true],"medium_large":["https:\/\/lamostradevalencia.com\/wp-content\/uploads\/2025\/10\/PHOTO-2025-10-26-13-54-03-768x512.jpg",768,512,true],"large":["https:\/\/lamostradevalencia.com\/wp-content\/uploads\/2025\/10\/PHOTO-2025-10-26-13-54-03-1024x683.jpg",1024,683,true],"1536x1536":["https:\/\/lamostradevalencia.com\/wp-content\/uploads\/2025\/10\/PHOTO-2025-10-26-13-54-03-1536x1024.jpg",1536,1024,true],"2048x2048":["https:\/\/lamostradevalencia.com\/wp-content\/uploads\/2025\/10\/PHOTO-2025-10-26-13-54-03.jpg",1600,1067,false],"cinerama_edge_image_square":["https:\/\/lamostradevalencia.com\/wp-content\/uploads\/2025\/10\/PHOTO-2025-10-26-13-54-03-550x550.jpg",550,550,true],"cinerama_edge_image_landscape":["https:\/\/lamostradevalencia.com\/wp-content\/uploads\/2025\/10\/PHOTO-2025-10-26-13-54-03-1100x550.jpg",1100,550,true],"cinerama_edge_image_portrait":["https:\/\/lamostradevalencia.com\/wp-content\/uploads\/2025\/10\/PHOTO-2025-10-26-13-54-03-550x1067.jpg",550,1067,true],"cinerama_edge_image_huge":["https:\/\/lamostradevalencia.com\/wp-content\/uploads\/2025\/10\/PHOTO-2025-10-26-13-54-03-1100x1067.jpg",1100,1067,true],"gform-image-choice-sm":["https:\/\/lamostradevalencia.com\/wp-content\/uploads\/2025\/10\/PHOTO-2025-10-26-13-54-03.jpg",300,200,false],"gform-image-choice-md":["https:\/\/lamostradevalencia.com\/wp-content\/uploads\/2025\/10\/PHOTO-2025-10-26-13-54-03.jpg",400,267,false],"gform-image-choice-lg":["https:\/\/lamostradevalencia.com\/wp-content\/uploads\/2025\/10\/PHOTO-2025-10-26-13-54-03.jpg",600,400,false]},"uagb_author_info":{"display_name":"contenidos","author_link":"https:\/\/lamostradevalencia.com\/ca\/author\/contenidos\/"},"uagb_comment_info":0,"uagb_excerpt":"Dos propostes entre el documental i la ficci\u00f3 protagonitzen la Secci\u00f3 Oficial d\u2019aquesta jornada L\u2019art casa amb all\u00f2 social, especialment al Sud. Aquesta \u00e9s una [&hellip;]","_links":{"self":[{"href":"https:\/\/lamostradevalencia.com\/ca\/wp-json\/wp\/v2\/posts\/30563","targetHints":{"allow":["GET"]}}],"collection":[{"href":"https:\/\/lamostradevalencia.com\/ca\/wp-json\/wp\/v2\/posts"}],"about":[{"href":"https:\/\/lamostradevalencia.com\/ca\/wp-json\/wp\/v2\/types\/post"}],"author":[{"embeddable":true,"href":"https:\/\/lamostradevalencia.com\/ca\/wp-json\/wp\/v2\/users\/3"}],"replies":[{"embeddable":true,"href":"https:\/\/lamostradevalencia.com\/ca\/wp-json\/wp\/v2\/comments?post=30563"}],"version-history":[{"count":1,"href":"https:\/\/lamostradevalencia.com\/ca\/wp-json\/wp\/v2\/posts\/30563\/revisions"}],"predecessor-version":[{"id":30564,"href":"https:\/\/lamostradevalencia.com\/ca\/wp-json\/wp\/v2\/posts\/30563\/revisions\/30564"}],"wp:featuredmedia":[{"embeddable":true,"href":"https:\/\/lamostradevalencia.com\/ca\/wp-json\/wp\/v2\/media\/30566"}],"wp:attachment":[{"href":"https:\/\/lamostradevalencia.com\/ca\/wp-json\/wp\/v2\/media?parent=30563"}],"wp:term":[{"taxonomy":"category","embeddable":true,"href":"https:\/\/lamostradevalencia.com\/ca\/wp-json\/wp\/v2\/categories?post=30563"},{"taxonomy":"post_tag","embeddable":true,"href":"https:\/\/lamostradevalencia.com\/ca\/wp-json\/wp\/v2\/tags?post=30563"}],"curies":[{"name":"wp","href":"https:\/\/api.w.org\/{rel}","templated":true}]}}