{"id":30504,"date":"2025-10-25T14:13:20","date_gmt":"2025-10-25T12:13:20","guid":{"rendered":"https:\/\/lamostradevalencia.com\/?p=30504"},"modified":"2025-10-25T14:13:20","modified_gmt":"2025-10-25T12:13:20","slug":"laura-grande-estic-un-poc-espantada-per-la-reaccio-de-mariscal-durant-la-projeccio-del-documental","status":"publish","type":"post","link":"https:\/\/lamostradevalencia.com\/ca\/laura-grande-estic-un-poc-espantada-per-la-reaccio-de-mariscal-durant-la-projeccio-del-documental\/","title":{"rendered":"Laura Grande \u201cEstic un poc espantada per la reacci\u00f3 de Mariscal durant la projecci\u00f3 del documental\u201d"},"content":{"rendered":"<h5><span style=\"font-weight: 400;\">La cineasta valenciana competeix per la Palmera d\u2019Or amb el retrat del m\u00edtic dibuixant<\/span><\/h5>\n<p><span style=\"font-weight: 400;\">El retrat vibrant sobre la vida i obra del dissenyador, \u2018Mariscal, la alegr\u00eda de vivir\u2019, competeix hui en la <\/span><b>Mostra de Val\u00e8ncia \u2013 Cinema del Mediterrani<\/b><span style=\"font-weight: 400;\">, organitzada pel <\/span><b>Palau de la M\u00fasica<\/b><span style=\"font-weight: 400;\">. La seua directora <\/span><b>Laura Grande<\/b><span style=\"font-weight: 400;\"> ha desgranat hui davant la premsa com es va forjar i els detalls d\u2019aquest documental.<\/span><\/p>\n<p><span style=\"font-weight: 400;\">\u201cVolia retratar no sols el geni creatiu, sin\u00f3 tamb\u00e9 l\u2019home darrere del mite\u201d, ha explicat hui la seua directora, <\/span><b>Laura Grande<\/b><span style=\"font-weight: 400;\">: \u201cPer a contar b\u00e9 aquesta hist\u00f2ria era necessari rec\u00f3rrer a arxius in\u00e8dits i mostrar tant els seus \u00e8xits com els fracassos, perqu\u00e8 \u00e9s ah\u00ed on s\u2019ent\u00e9n de veritat la seua resili\u00e8ncia\u201d. La pel\u00b7l\u00edcula combina material d\u2019arxiu in\u00e8dit, animacions originals i testimonis d\u2019artistes i creadors com <\/span><b>Nazario Luque<\/b><span style=\"font-weight: 400;\">, <\/span><b>Miquel Barcel\u00f3<\/b><span style=\"font-weight: 400;\"> o <\/span><b>Fran\u00e7oise Mouly<\/b><span style=\"font-weight: 400;\">. \u201cL\u2019\u00fanica espineta que se m\u2019ha quedat ha sigut <\/span><b>Almod\u00f3var<\/b><span style=\"font-weight: 400;\">, que malgrat els intents i la seua disposici\u00f3 a participar en el documental, finalment no va poder ser\u201d, ha lamentat <\/span><b>Grande<\/b><span style=\"font-weight: 400;\">.<\/span><\/p>\n<p><span style=\"font-weight: 400;\">Rodat en 4K i format anam\u00f2rfic, el documental recorre la seua traject\u00f2ria personal i professional: des dels seus inicis en el c\u00f2mic underground fins a la seua consolidaci\u00f3 com a referent internacional del disseny gr\u00e0fic i visual. \u201cMariscal \u00e9s un dibuixant nat, ha dissenyat, ha fet d\u2019arquitecte al Jap\u00f3, etc. Ens hem centrat molt en la seua \u00e8poca hippy per\u00f2 ell tenia molt clar que volia triomfar, sempre anava per davant, ha sigut un pioner, va ser gran als 80 i despr\u00e9s als 90, i sempre ha anat cap avant malgrat els obstacles que ha trobat\u201d.<\/span><\/p>\n<p><span style=\"font-weight: 400;\">Un personatge \u201cmolt particular\u201d que no va dubtar a embarcar-se en aquesta aventura: \u201cLi vam fer la proposta i li va encantar des del principi. El vam gravar durant 4 dies de mat\u00ed i de vesprada i va ser una experi\u00e8ncia incre\u00efble. \u00c9s una persona que ho ha fet tot, ha sigut sempre un pioner, molt atrevit i no ha tingut por de res\u201d, ha assegurat <\/span><b>Laura Grande<\/b><span style=\"font-weight: 400;\">, qui s\u2019ha mostrat encantada d\u2019estar en la <\/span><b>Mostra<\/b><span style=\"font-weight: 400;\">: \u201cPer a nosaltres \u00e9s un somni estar en la Secci\u00f3 Oficial i molt m\u00e9s amb un documental\u201d.<\/span><\/p>\n<p><span style=\"font-weight: 400;\">Ensamblar el car\u00e0cter de <\/span><b>Mariscal<\/b><span style=\"font-weight: 400;\"> amb la seua carrera professional ha sigut, segons <\/span><b>Grande<\/b><span style=\"font-weight: 400;\">, un treball \u201csenzill\u201d ja que, si hi ha un tret que defineix l\u2019artista a banda del seu talent, \u00e9s la seua generositat: \u201cTothom parlava de la seua gran generositat en tots els \u00e0mbits, tant en l\u2019\u00e0mbit econ\u00f2mic com en el d\u2019ensenyar, i amb mi va ser molt transparent i gener\u00f3s al parlar-me de tot i de la seua intimitat sense embuts\u201d.<\/span><\/p>\n<p><span style=\"font-weight: 400;\">L\u2019alegria, com assenyala <\/span><b>Mariscal<\/b><span style=\"font-weight: 400;\">, \u00e9s el motor que mou el seu univers creatiu: \u201cEl disseny per a mi sempre ha sigut una manera de comunicar alegria. Fins i tot en els moments dif\u00edcils, m\u2019ha perm\u00e9s mantindre la curiositat intacta. \u2018La alegr\u00eda de vivir\u2019 no \u00e9s nom\u00e9s un t\u00edtol, \u00e9s el que em mant\u00e9 dret i el que intente transmetre en cada dibuix, en cada projecte. Veure la meua vida convertida en pel\u00b7l\u00edcula \u00e9s com mirar-se en un espill ple de colors\u201d. Un espill en qu\u00e8 esta mateixa vesprada, i per primera vegada, podr\u00e0 vore\u2019s el propi artista als <\/span><b>cines Babel<\/b><span style=\"font-weight: 400;\"> en una sessi\u00f3 en la qual ja estan esgotades totes les localitats. \u201c<\/span><b>Mariscal<\/b><span style=\"font-weight: 400;\"> encara no ha vist el documental i estic un poc espantada\u201d, ha assenyalat temorosa <\/span><b>Laura Grande<\/b><span style=\"font-weight: 400;\">: \u201cAmb ell, tot \u00e9s una caixa de sorpreses\u201d.<\/span><\/p>\n","protected":false},"excerpt":{"rendered":"<p>La cineasta valenciana competeix per la Palmera d\u2019Or amb el retrat del m\u00edtic dibuixant El retrat vibrant sobre la vida i obra del dissenyador, \u2018Mariscal, [&hellip;]<\/p>\n","protected":false},"author":3,"featured_media":30505,"comment_status":"open","ping_status":"open","sticky":false,"template":"","format":"standard","meta":{"_uag_custom_page_level_css":"","_jet_sm_ready_style":"","_jet_sm_style":"","_jet_sm_controls_values":"","_jet_sm_fonts_collection":"","_jet_sm_fonts_links":"","footnotes":""},"categories":[31],"tags":[],"class_list":["post-30504","post","type-post","status-publish","format-standard","has-post-thumbnail","hentry","category-uncategorized-ca"],"yoast_head":"<!-- This site is optimized with the Yoast SEO plugin v27.5 - https:\/\/yoast.com\/product\/yoast-seo-wordpress\/ -->\n<title>Laura Grande \u201cEstic un poc espantada per la reacci\u00f3 de Mariscal durant la projecci\u00f3 del documental\u201d - Mostra de Val\u00e8ncia<\/title>\n<meta name=\"robots\" content=\"index, follow, max-snippet:-1, max-image-preview:large, max-video-preview:-1\" \/>\n<link rel=\"canonical\" href=\"https:\/\/lamostradevalencia.com\/ca\/laura-grande-estic-un-poc-espantada-per-la-reaccio-de-mariscal-durant-la-projeccio-del-documental\/\" \/>\n<meta property=\"og:locale\" content=\"ca_ES\" \/>\n<meta property=\"og:type\" content=\"article\" \/>\n<meta property=\"og:title\" content=\"Laura Grande \u201cEstic un poc espantada per la reacci\u00f3 de Mariscal durant la projecci\u00f3 del documental\u201d - Mostra de Val\u00e8ncia\" \/>\n<meta property=\"og:description\" content=\"La cineasta valenciana competeix per la Palmera d\u2019Or amb el retrat del m\u00edtic dibuixant El retrat vibrant sobre la vida i obra del dissenyador, \u2018Mariscal, [&hellip;]\" \/>\n<meta property=\"og:url\" content=\"https:\/\/lamostradevalencia.com\/ca\/laura-grande-estic-un-poc-espantada-per-la-reaccio-de-mariscal-durant-la-projeccio-del-documental\/\" \/>\n<meta property=\"og:site_name\" content=\"Mostra de Val\u00e8ncia\" \/>\n<meta property=\"article:published_time\" content=\"2025-10-25T12:13:20+00:00\" \/>\n<meta property=\"og:image\" content=\"https:\/\/lamostradevalencia.com\/wp-content\/uploads\/2025\/10\/PHOTO-2025-10-25-14-09-21.jpg\" \/>\n\t<meta property=\"og:image:width\" content=\"1600\" \/>\n\t<meta property=\"og:image:height\" content=\"1067\" \/>\n\t<meta property=\"og:image:type\" content=\"image\/jpeg\" \/>\n<meta name=\"author\" content=\"contenidos\" \/>\n<meta name=\"twitter:card\" content=\"summary_large_image\" \/>\n<meta name=\"twitter:label1\" content=\"Escrit per\" \/>\n\t<meta name=\"twitter:data1\" content=\"contenidos\" \/>\n\t<meta name=\"twitter:label2\" content=\"Temps estimat de lectura\" \/>\n\t<meta name=\"twitter:data2\" content=\"3 minuts\" \/>\n<script type=\"application\/ld+json\" class=\"yoast-schema-graph\">{\"@context\":\"https:\\\/\\\/schema.org\",\"@graph\":[{\"@type\":\"Article\",\"@id\":\"https:\\\/\\\/lamostradevalencia.com\\\/ca\\\/laura-grande-estic-un-poc-espantada-per-la-reaccio-de-mariscal-durant-la-projeccio-del-documental\\\/#article\",\"isPartOf\":{\"@id\":\"https:\\\/\\\/lamostradevalencia.com\\\/ca\\\/laura-grande-estic-un-poc-espantada-per-la-reaccio-de-mariscal-durant-la-projeccio-del-documental\\\/\"},\"author\":{\"name\":\"contenidos\",\"@id\":\"https:\\\/\\\/lamostradevalencia.com\\\/ca\\\/#\\\/schema\\\/person\\\/361c3c0dd5489e78ad78ee4f8332efac\"},\"headline\":\"Laura Grande \u201cEstic un poc espantada per la reacci\u00f3 de Mariscal durant la projecci\u00f3 del documental\u201d\",\"datePublished\":\"2025-10-25T12:13:20+00:00\",\"mainEntityOfPage\":{\"@id\":\"https:\\\/\\\/lamostradevalencia.com\\\/ca\\\/laura-grande-estic-un-poc-espantada-per-la-reaccio-de-mariscal-durant-la-projeccio-del-documental\\\/\"},\"wordCount\":631,\"commentCount\":0,\"image\":{\"@id\":\"https:\\\/\\\/lamostradevalencia.com\\\/ca\\\/laura-grande-estic-un-poc-espantada-per-la-reaccio-de-mariscal-durant-la-projeccio-del-documental\\\/#primaryimage\"},\"thumbnailUrl\":\"https:\\\/\\\/lamostradevalencia.com\\\/wp-content\\\/uploads\\\/2025\\\/10\\\/PHOTO-2025-10-25-14-09-21.jpg\",\"articleSection\":[\"Uncategorized @ca\"],\"inLanguage\":\"ca\",\"potentialAction\":[{\"@type\":\"CommentAction\",\"name\":\"Comment\",\"target\":[\"https:\\\/\\\/lamostradevalencia.com\\\/ca\\\/laura-grande-estic-un-poc-espantada-per-la-reaccio-de-mariscal-durant-la-projeccio-del-documental\\\/#respond\"]}]},{\"@type\":\"WebPage\",\"@id\":\"https:\\\/\\\/lamostradevalencia.com\\\/ca\\\/laura-grande-estic-un-poc-espantada-per-la-reaccio-de-mariscal-durant-la-projeccio-del-documental\\\/\",\"url\":\"https:\\\/\\\/lamostradevalencia.com\\\/ca\\\/laura-grande-estic-un-poc-espantada-per-la-reaccio-de-mariscal-durant-la-projeccio-del-documental\\\/\",\"name\":\"Laura Grande \u201cEstic un poc espantada per la reacci\u00f3 de Mariscal durant la projecci\u00f3 del documental\u201d - Mostra de Val\u00e8ncia\",\"isPartOf\":{\"@id\":\"https:\\\/\\\/lamostradevalencia.com\\\/ca\\\/#website\"},\"primaryImageOfPage\":{\"@id\":\"https:\\\/\\\/lamostradevalencia.com\\\/ca\\\/laura-grande-estic-un-poc-espantada-per-la-reaccio-de-mariscal-durant-la-projeccio-del-documental\\\/#primaryimage\"},\"image\":{\"@id\":\"https:\\\/\\\/lamostradevalencia.com\\\/ca\\\/laura-grande-estic-un-poc-espantada-per-la-reaccio-de-mariscal-durant-la-projeccio-del-documental\\\/#primaryimage\"},\"thumbnailUrl\":\"https:\\\/\\\/lamostradevalencia.com\\\/wp-content\\\/uploads\\\/2025\\\/10\\\/PHOTO-2025-10-25-14-09-21.jpg\",\"datePublished\":\"2025-10-25T12:13:20+00:00\",\"author\":{\"@id\":\"https:\\\/\\\/lamostradevalencia.com\\\/ca\\\/#\\\/schema\\\/person\\\/361c3c0dd5489e78ad78ee4f8332efac\"},\"breadcrumb\":{\"@id\":\"https:\\\/\\\/lamostradevalencia.com\\\/ca\\\/laura-grande-estic-un-poc-espantada-per-la-reaccio-de-mariscal-durant-la-projeccio-del-documental\\\/#breadcrumb\"},\"inLanguage\":\"ca\",\"potentialAction\":[{\"@type\":\"ReadAction\",\"target\":[\"https:\\\/\\\/lamostradevalencia.com\\\/ca\\\/laura-grande-estic-un-poc-espantada-per-la-reaccio-de-mariscal-durant-la-projeccio-del-documental\\\/\"]}]},{\"@type\":\"ImageObject\",\"inLanguage\":\"ca\",\"@id\":\"https:\\\/\\\/lamostradevalencia.com\\\/ca\\\/laura-grande-estic-un-poc-espantada-per-la-reaccio-de-mariscal-durant-la-projeccio-del-documental\\\/#primaryimage\",\"url\":\"https:\\\/\\\/lamostradevalencia.com\\\/wp-content\\\/uploads\\\/2025\\\/10\\\/PHOTO-2025-10-25-14-09-21.jpg\",\"contentUrl\":\"https:\\\/\\\/lamostradevalencia.com\\\/wp-content\\\/uploads\\\/2025\\\/10\\\/PHOTO-2025-10-25-14-09-21.jpg\",\"width\":1600,\"height\":1067},{\"@type\":\"BreadcrumbList\",\"@id\":\"https:\\\/\\\/lamostradevalencia.com\\\/ca\\\/laura-grande-estic-un-poc-espantada-per-la-reaccio-de-mariscal-durant-la-projeccio-del-documental\\\/#breadcrumb\",\"itemListElement\":[{\"@type\":\"ListItem\",\"position\":1,\"name\":\"Portada\",\"item\":\"https:\\\/\\\/lamostradevalencia.com\\\/ca\\\/\"},{\"@type\":\"ListItem\",\"position\":2,\"name\":\"Laura Grande \u201cEstic un poc espantada per la reacci\u00f3 de Mariscal durant la projecci\u00f3 del documental\u201d\"}]},{\"@type\":\"WebSite\",\"@id\":\"https:\\\/\\\/lamostradevalencia.com\\\/ca\\\/#website\",\"url\":\"https:\\\/\\\/lamostradevalencia.com\\\/ca\\\/\",\"name\":\"Mostra de Val\u00e8ncia\",\"description\":\"Cinema del Mediterrani\",\"potentialAction\":[{\"@type\":\"SearchAction\",\"target\":{\"@type\":\"EntryPoint\",\"urlTemplate\":\"https:\\\/\\\/lamostradevalencia.com\\\/ca\\\/?s={search_term_string}\"},\"query-input\":{\"@type\":\"PropertyValueSpecification\",\"valueRequired\":true,\"valueName\":\"search_term_string\"}}],\"inLanguage\":\"ca\"},{\"@type\":\"Person\",\"@id\":\"https:\\\/\\\/lamostradevalencia.com\\\/ca\\\/#\\\/schema\\\/person\\\/361c3c0dd5489e78ad78ee4f8332efac\",\"name\":\"contenidos\",\"image\":{\"@type\":\"ImageObject\",\"inLanguage\":\"ca\",\"@id\":\"https:\\\/\\\/secure.gravatar.com\\\/avatar\\\/a87eddc188a32d5a0371ff92ef616b5006a91e389296d49d081f8d424eef134c?s=96&d=mm&r=g\",\"url\":\"https:\\\/\\\/secure.gravatar.com\\\/avatar\\\/a87eddc188a32d5a0371ff92ef616b5006a91e389296d49d081f8d424eef134c?s=96&d=mm&r=g\",\"contentUrl\":\"https:\\\/\\\/secure.gravatar.com\\\/avatar\\\/a87eddc188a32d5a0371ff92ef616b5006a91e389296d49d081f8d424eef134c?s=96&d=mm&r=g\",\"caption\":\"contenidos\"}}]}<\/script>\n<!-- \/ Yoast SEO plugin. -->","yoast_head_json":{"title":"Laura Grande \u201cEstic un poc espantada per la reacci\u00f3 de Mariscal durant la projecci\u00f3 del documental\u201d - Mostra de Val\u00e8ncia","robots":{"index":"index","follow":"follow","max-snippet":"max-snippet:-1","max-image-preview":"max-image-preview:large","max-video-preview":"max-video-preview:-1"},"canonical":"https:\/\/lamostradevalencia.com\/ca\/laura-grande-estic-un-poc-espantada-per-la-reaccio-de-mariscal-durant-la-projeccio-del-documental\/","og_locale":"ca_ES","og_type":"article","og_title":"Laura Grande \u201cEstic un poc espantada per la reacci\u00f3 de Mariscal durant la projecci\u00f3 del documental\u201d - Mostra de Val\u00e8ncia","og_description":"La cineasta valenciana competeix per la Palmera d\u2019Or amb el retrat del m\u00edtic dibuixant El retrat vibrant sobre la vida i obra del dissenyador, \u2018Mariscal, [&hellip;]","og_url":"https:\/\/lamostradevalencia.com\/ca\/laura-grande-estic-un-poc-espantada-per-la-reaccio-de-mariscal-durant-la-projeccio-del-documental\/","og_site_name":"Mostra de Val\u00e8ncia","article_published_time":"2025-10-25T12:13:20+00:00","og_image":[{"width":1600,"height":1067,"url":"https:\/\/lamostradevalencia.com\/wp-content\/uploads\/2025\/10\/PHOTO-2025-10-25-14-09-21.jpg","type":"image\/jpeg"}],"author":"contenidos","twitter_card":"summary_large_image","twitter_misc":{"Escrit per":"contenidos","Temps estimat de lectura":"3 minuts"},"schema":{"@context":"https:\/\/schema.org","@graph":[{"@type":"Article","@id":"https:\/\/lamostradevalencia.com\/ca\/laura-grande-estic-un-poc-espantada-per-la-reaccio-de-mariscal-durant-la-projeccio-del-documental\/#article","isPartOf":{"@id":"https:\/\/lamostradevalencia.com\/ca\/laura-grande-estic-un-poc-espantada-per-la-reaccio-de-mariscal-durant-la-projeccio-del-documental\/"},"author":{"name":"contenidos","@id":"https:\/\/lamostradevalencia.com\/ca\/#\/schema\/person\/361c3c0dd5489e78ad78ee4f8332efac"},"headline":"Laura Grande \u201cEstic un poc espantada per la reacci\u00f3 de Mariscal durant la projecci\u00f3 del documental\u201d","datePublished":"2025-10-25T12:13:20+00:00","mainEntityOfPage":{"@id":"https:\/\/lamostradevalencia.com\/ca\/laura-grande-estic-un-poc-espantada-per-la-reaccio-de-mariscal-durant-la-projeccio-del-documental\/"},"wordCount":631,"commentCount":0,"image":{"@id":"https:\/\/lamostradevalencia.com\/ca\/laura-grande-estic-un-poc-espantada-per-la-reaccio-de-mariscal-durant-la-projeccio-del-documental\/#primaryimage"},"thumbnailUrl":"https:\/\/lamostradevalencia.com\/wp-content\/uploads\/2025\/10\/PHOTO-2025-10-25-14-09-21.jpg","articleSection":["Uncategorized @ca"],"inLanguage":"ca","potentialAction":[{"@type":"CommentAction","name":"Comment","target":["https:\/\/lamostradevalencia.com\/ca\/laura-grande-estic-un-poc-espantada-per-la-reaccio-de-mariscal-durant-la-projeccio-del-documental\/#respond"]}]},{"@type":"WebPage","@id":"https:\/\/lamostradevalencia.com\/ca\/laura-grande-estic-un-poc-espantada-per-la-reaccio-de-mariscal-durant-la-projeccio-del-documental\/","url":"https:\/\/lamostradevalencia.com\/ca\/laura-grande-estic-un-poc-espantada-per-la-reaccio-de-mariscal-durant-la-projeccio-del-documental\/","name":"Laura Grande \u201cEstic un poc espantada per la reacci\u00f3 de Mariscal durant la projecci\u00f3 del documental\u201d - Mostra de Val\u00e8ncia","isPartOf":{"@id":"https:\/\/lamostradevalencia.com\/ca\/#website"},"primaryImageOfPage":{"@id":"https:\/\/lamostradevalencia.com\/ca\/laura-grande-estic-un-poc-espantada-per-la-reaccio-de-mariscal-durant-la-projeccio-del-documental\/#primaryimage"},"image":{"@id":"https:\/\/lamostradevalencia.com\/ca\/laura-grande-estic-un-poc-espantada-per-la-reaccio-de-mariscal-durant-la-projeccio-del-documental\/#primaryimage"},"thumbnailUrl":"https:\/\/lamostradevalencia.com\/wp-content\/uploads\/2025\/10\/PHOTO-2025-10-25-14-09-21.jpg","datePublished":"2025-10-25T12:13:20+00:00","author":{"@id":"https:\/\/lamostradevalencia.com\/ca\/#\/schema\/person\/361c3c0dd5489e78ad78ee4f8332efac"},"breadcrumb":{"@id":"https:\/\/lamostradevalencia.com\/ca\/laura-grande-estic-un-poc-espantada-per-la-reaccio-de-mariscal-durant-la-projeccio-del-documental\/#breadcrumb"},"inLanguage":"ca","potentialAction":[{"@type":"ReadAction","target":["https:\/\/lamostradevalencia.com\/ca\/laura-grande-estic-un-poc-espantada-per-la-reaccio-de-mariscal-durant-la-projeccio-del-documental\/"]}]},{"@type":"ImageObject","inLanguage":"ca","@id":"https:\/\/lamostradevalencia.com\/ca\/laura-grande-estic-un-poc-espantada-per-la-reaccio-de-mariscal-durant-la-projeccio-del-documental\/#primaryimage","url":"https:\/\/lamostradevalencia.com\/wp-content\/uploads\/2025\/10\/PHOTO-2025-10-25-14-09-21.jpg","contentUrl":"https:\/\/lamostradevalencia.com\/wp-content\/uploads\/2025\/10\/PHOTO-2025-10-25-14-09-21.jpg","width":1600,"height":1067},{"@type":"BreadcrumbList","@id":"https:\/\/lamostradevalencia.com\/ca\/laura-grande-estic-un-poc-espantada-per-la-reaccio-de-mariscal-durant-la-projeccio-del-documental\/#breadcrumb","itemListElement":[{"@type":"ListItem","position":1,"name":"Portada","item":"https:\/\/lamostradevalencia.com\/ca\/"},{"@type":"ListItem","position":2,"name":"Laura Grande \u201cEstic un poc espantada per la reacci\u00f3 de Mariscal durant la projecci\u00f3 del documental\u201d"}]},{"@type":"WebSite","@id":"https:\/\/lamostradevalencia.com\/ca\/#website","url":"https:\/\/lamostradevalencia.com\/ca\/","name":"Mostra de Val\u00e8ncia","description":"Cinema del Mediterrani","potentialAction":[{"@type":"SearchAction","target":{"@type":"EntryPoint","urlTemplate":"https:\/\/lamostradevalencia.com\/ca\/?s={search_term_string}"},"query-input":{"@type":"PropertyValueSpecification","valueRequired":true,"valueName":"search_term_string"}}],"inLanguage":"ca"},{"@type":"Person","@id":"https:\/\/lamostradevalencia.com\/ca\/#\/schema\/person\/361c3c0dd5489e78ad78ee4f8332efac","name":"contenidos","image":{"@type":"ImageObject","inLanguage":"ca","@id":"https:\/\/secure.gravatar.com\/avatar\/a87eddc188a32d5a0371ff92ef616b5006a91e389296d49d081f8d424eef134c?s=96&d=mm&r=g","url":"https:\/\/secure.gravatar.com\/avatar\/a87eddc188a32d5a0371ff92ef616b5006a91e389296d49d081f8d424eef134c?s=96&d=mm&r=g","contentUrl":"https:\/\/secure.gravatar.com\/avatar\/a87eddc188a32d5a0371ff92ef616b5006a91e389296d49d081f8d424eef134c?s=96&d=mm&r=g","caption":"contenidos"}}]}},"uagb_featured_image_src":{"full":["https:\/\/lamostradevalencia.com\/wp-content\/uploads\/2025\/10\/PHOTO-2025-10-25-14-09-21.jpg",1600,1067,false],"thumbnail":["https:\/\/lamostradevalencia.com\/wp-content\/uploads\/2025\/10\/PHOTO-2025-10-25-14-09-21-150x150.jpg",150,150,true],"medium":["https:\/\/lamostradevalencia.com\/wp-content\/uploads\/2025\/10\/PHOTO-2025-10-25-14-09-21-300x200.jpg",300,200,true],"medium_large":["https:\/\/lamostradevalencia.com\/wp-content\/uploads\/2025\/10\/PHOTO-2025-10-25-14-09-21-768x512.jpg",768,512,true],"large":["https:\/\/lamostradevalencia.com\/wp-content\/uploads\/2025\/10\/PHOTO-2025-10-25-14-09-21-1024x683.jpg",1024,683,true],"1536x1536":["https:\/\/lamostradevalencia.com\/wp-content\/uploads\/2025\/10\/PHOTO-2025-10-25-14-09-21-1536x1024.jpg",1536,1024,true],"2048x2048":["https:\/\/lamostradevalencia.com\/wp-content\/uploads\/2025\/10\/PHOTO-2025-10-25-14-09-21.jpg",1600,1067,false],"cinerama_edge_image_square":["https:\/\/lamostradevalencia.com\/wp-content\/uploads\/2025\/10\/PHOTO-2025-10-25-14-09-21-550x550.jpg",550,550,true],"cinerama_edge_image_landscape":["https:\/\/lamostradevalencia.com\/wp-content\/uploads\/2025\/10\/PHOTO-2025-10-25-14-09-21-1100x550.jpg",1100,550,true],"cinerama_edge_image_portrait":["https:\/\/lamostradevalencia.com\/wp-content\/uploads\/2025\/10\/PHOTO-2025-10-25-14-09-21-550x1067.jpg",550,1067,true],"cinerama_edge_image_huge":["https:\/\/lamostradevalencia.com\/wp-content\/uploads\/2025\/10\/PHOTO-2025-10-25-14-09-21-1100x1067.jpg",1100,1067,true],"gform-image-choice-sm":["https:\/\/lamostradevalencia.com\/wp-content\/uploads\/2025\/10\/PHOTO-2025-10-25-14-09-21.jpg",300,200,false],"gform-image-choice-md":["https:\/\/lamostradevalencia.com\/wp-content\/uploads\/2025\/10\/PHOTO-2025-10-25-14-09-21.jpg",400,267,false],"gform-image-choice-lg":["https:\/\/lamostradevalencia.com\/wp-content\/uploads\/2025\/10\/PHOTO-2025-10-25-14-09-21.jpg",600,400,false]},"uagb_author_info":{"display_name":"contenidos","author_link":"https:\/\/lamostradevalencia.com\/ca\/author\/contenidos\/"},"uagb_comment_info":0,"uagb_excerpt":"La cineasta valenciana competeix per la Palmera d\u2019Or amb el retrat del m\u00edtic dibuixant El retrat vibrant sobre la vida i obra del dissenyador, \u2018Mariscal, [&hellip;]","_links":{"self":[{"href":"https:\/\/lamostradevalencia.com\/ca\/wp-json\/wp\/v2\/posts\/30504","targetHints":{"allow":["GET"]}}],"collection":[{"href":"https:\/\/lamostradevalencia.com\/ca\/wp-json\/wp\/v2\/posts"}],"about":[{"href":"https:\/\/lamostradevalencia.com\/ca\/wp-json\/wp\/v2\/types\/post"}],"author":[{"embeddable":true,"href":"https:\/\/lamostradevalencia.com\/ca\/wp-json\/wp\/v2\/users\/3"}],"replies":[{"embeddable":true,"href":"https:\/\/lamostradevalencia.com\/ca\/wp-json\/wp\/v2\/comments?post=30504"}],"version-history":[{"count":2,"href":"https:\/\/lamostradevalencia.com\/ca\/wp-json\/wp\/v2\/posts\/30504\/revisions"}],"predecessor-version":[{"id":30511,"href":"https:\/\/lamostradevalencia.com\/ca\/wp-json\/wp\/v2\/posts\/30504\/revisions\/30511"}],"wp:featuredmedia":[{"embeddable":true,"href":"https:\/\/lamostradevalencia.com\/ca\/wp-json\/wp\/v2\/media\/30505"}],"wp:attachment":[{"href":"https:\/\/lamostradevalencia.com\/ca\/wp-json\/wp\/v2\/media?parent=30504"}],"wp:term":[{"taxonomy":"category","embeddable":true,"href":"https:\/\/lamostradevalencia.com\/ca\/wp-json\/wp\/v2\/categories?post=30504"},{"taxonomy":"post_tag","embeddable":true,"href":"https:\/\/lamostradevalencia.com\/ca\/wp-json\/wp\/v2\/tags?post=30504"}],"curies":[{"name":"wp","href":"https:\/\/api.w.org\/{rel}","templated":true}]}}