{"id":30499,"date":"2025-10-25T13:47:21","date_gmt":"2025-10-25T11:47:21","guid":{"rendered":"https:\/\/lamostradevalencia.com\/?p=30499"},"modified":"2025-10-25T13:47:21","modified_gmt":"2025-10-25T11:47:21","slug":"balearic-les-llums-i-ombres-del-mediterrani-segons-ion-de-sosa-i-chema-garcia-ibarra","status":"publish","type":"post","link":"https:\/\/lamostradevalencia.com\/ca\/balearic-les-llums-i-ombres-del-mediterrani-segons-ion-de-sosa-i-chema-garcia-ibarra\/","title":{"rendered":"\u2018Balearic\u2019: les llums i ombres del Mediterrani segons Ion de Sosa i Chema Garc\u00eda Ibarra"},"content":{"rendered":"<h5><i><span style=\"font-weight: 400;\">La producci\u00f3 alacantina, una com\u00e8dia inquietant, arriba hui a la secci\u00f3 Xaloc de la 40a Mostra de Val\u00e8ncia<\/span><\/i><\/h5>\n<p><span style=\"font-weight: 400;\">Despr\u00e9s del seu aclamant estrenament mundial al Festival de Locarno i el seu pas per Sitges, <\/span><b>\u2018Balearic\u2019<\/b><span style=\"font-weight: 400;\"> ha arribat hui a la secci\u00f3 Xaloc de la <\/span><b>40a Mostra de Val\u00e8ncia<\/b><span style=\"font-weight: 400;\"> de la m\u00e0 del seu director <\/span><b>Ion de Sosa<\/b><span style=\"font-weight: 400;\"> i del seu guionista <\/span><b>Chema Garc\u00eda Ibarra<\/b><span style=\"font-weight: 400;\">. Tots dos porten m\u00e9s de 10 anys col\u00b7laborant i influenciant-se m\u00fatuament en el seu cinema.<\/span><\/p>\n<p><span style=\"font-weight: 400;\">Rodada en 16 mil\u00b7l\u00edmetres, la cinta, ambientada durant la vespra de <\/span><b>Sant Joan<\/b><span style=\"font-weight: 400;\"> en una xicoteta localitat mediterr\u00e0nia, retrata la conviv\u00e8ncia entre la celebraci\u00f3, el desig i la viol\u00e8ncia latent a trav\u00e9s d\u2019un grup de personatges que encarnen les tensions d\u2019una generaci\u00f3 atrapada entre l\u2019euf\u00f2ria i el desenc\u00eds. Segons el seu director, <\/span><b>\u2018Balearic\u2019<\/b><span style=\"font-weight: 400;\"> \u00e9s una pel\u00b7l\u00edcula \u201csobre la llum i l\u2019ombra de la Mediterr\u00e0nia, sobre el desig de viure i la por a desapar\u00e8ixer. Volia capturar eixa sensaci\u00f3 d\u2019estiu infinit que \u00e9s, en realitat, una despedida\u201d.<\/span><\/p>\n<p><span style=\"font-weight: 400;\">La pel\u00b7l\u00edcula, que es podr\u00e0 vore hui dissabte 25 a les 18.00 h als <\/span><b>Cines Babel<\/b><span style=\"font-weight: 400;\">, i dimarts 28 d\u2019octubre a les 18.00 h als <\/span><b>Cines ABC Park<\/b><span style=\"font-weight: 400;\">, \u00e9s una producci\u00f3 amb un marcat segell valenci\u00e0, fruit de la col\u00b7laboraci\u00f3 entre les productores <\/span><b>Jaibo Films<\/b><span style=\"font-weight: 400;\"> i <\/span><b>Umbracle Cine<\/b><span style=\"font-weight: 400;\">, ambdues amb seu a Alacant. Compta amb el suport de l\u2019<\/span><b>Institut Valenci\u00e0 de Cultura (IVC)<\/b><span style=\"font-weight: 400;\">, <\/span><b>\u00c0 Punt M\u00e8dia<\/b><span style=\"font-weight: 400;\">, el <\/span><b>Ministerio de Cultura y Deporte (ICAA)<\/b><span style=\"font-weight: 400;\"> i <\/span><b>La Casa de la Luz<\/b><span style=\"font-weight: 400;\">, a m\u00e9s de la col\u00b7laboraci\u00f3 d\u2019<\/span><b>ECAM Distribuci\u00f3n<\/b><span style=\"font-weight: 400;\">. El rodatge es va desenvolupar \u00edntegrament a la prov\u00edncia d\u2019Alacant, en localitzacions com <\/span><b>Alcoleja<\/b><span style=\"font-weight: 400;\">, <\/span><b>Pen\u00e0guila<\/b><span style=\"font-weight: 400;\"> i <\/span><b>Benilloba<\/b><span style=\"font-weight: 400;\">, en plena <\/span><b>Serra d\u2019Aitana<\/b><span style=\"font-weight: 400;\">, els paisatges rurals de la qual s\u2019integren en la narrativa com un element simb\u00f2lic que reflecteix l\u2019estat emocional dels personatges.<\/span><\/p>\n<p><span style=\"font-weight: 400;\">\u201c\u00c9s una pel\u00b7l\u00edcula indescriptible: juga amb una atmosfera opressiva i, alhora, oberta i assolellada, una mena de caos condensat en dues piscines que, m\u00e9s que estar plenes d\u2019aigua, estan repletes d\u2019una espiral d\u2019idees boges\u201d, assegura el guionista <\/span><b>Garc\u00eda Ibarra<\/b><span style=\"font-weight: 400;\">, que va compartir l\u2019experi\u00e8ncia d\u2019escriure junt amb el director i altres tres persones. Mai no ho van fer tots junts: amb <\/span><b>Burnin&#8217; Percebes<\/b><span style=\"font-weight: 400;\"> es van tra\u00e7ar les l\u00ednies generals; despr\u00e9s, amb <\/span><b>Garc\u00eda Ibarra<\/b><span style=\"font-weight: 400;\">, es van centrar en els personatges i en com generar eixa atmosfera asfixiant. I, m\u00e9s tard, amb <\/span><b>Juli\u00e1n G\u00e9nisson<\/b><span style=\"font-weight: 400;\"> i <\/span><b>Lorena Iglesias<\/b><span style=\"font-weight: 400;\">, durant el rodatge, es va treballar m\u00e9s en els di\u00e0legs.<\/span><\/p>\n<p><b>\u2018El \u00e1ngel exterminador\u2019<\/b><span style=\"font-weight: 400;\"> de <\/span><b>Bu\u00f1uel<\/b><span style=\"font-weight: 400;\">, o <\/span><b>\u2018El nadador\u2019<\/b><span style=\"font-weight: 400;\">, de <\/span><b>Sydney Pollack<\/b><span style=\"font-weight: 400;\">, s\u00f3n dues refer\u00e8ncies fonamentals per a <\/span><b>Ion de Sosa<\/b><span style=\"font-weight: 400;\"> a l\u2019hora de concebre \u201caquesta com\u00e8dia inquietant que aposta per un cinema no narratiu\u201d. Respecte a les refer\u00e8ncies de Bu\u00f1uel, apunta <\/span><b>Garc\u00eda Ibarra<\/b><span style=\"font-weight: 400;\"> que, al cap i a la fi, \u201c\u00e9s un grup de rics que es veuen tancats en alguna cosa que ni tan sols t\u00e9 reixa, sin\u00f3 una cosa m\u00e9s b\u00e9 metaf\u00edsica, per\u00f2 despr\u00e9s es converteix en alguna cosa real. T\u00e9 alguna cosa de fi de cicle hum\u00e0\u201d.<\/span><\/p>\n<p><span style=\"font-weight: 400;\">El repartiment est\u00e0 encap\u00e7alat per l\u2019actriu alacantina <\/span><b>Paula Gala<\/b><span style=\"font-weight: 400;\">, junt amb <\/span><b>Ada Tormo<\/b><span style=\"font-weight: 400;\">, <\/span><b>Mar\u00eda Llopis<\/b><span style=\"font-weight: 400;\">, <\/span><b>Mois\u00e9s Richart<\/b><span style=\"font-weight: 400;\">, <\/span><b>Lorena Iglesias<\/b><span style=\"font-weight: 400;\"> i <\/span><b>Juli\u00e1n G\u00e9nisson<\/b><span style=\"font-weight: 400;\">, entre altres int\u00e8rprets de la nova generaci\u00f3 del cinema espanyol independent. Diversos dels actors i t\u00e8cnics del film provenen de l\u2019escena audiovisual valenciana, refor\u00e7ant el vincle entre el projecte i la identitat cultural del territori.<\/span><\/p>\n<p><span style=\"font-weight: 400;\">En l\u2019apartat t\u00e8cnic, la direcci\u00f3 de fotografia corre a c\u00e0rrec de <\/span><b>Marcel Borr\u00e0s<\/b><span style=\"font-weight: 400;\">, el muntatge \u00e9s obra de <\/span><b>Carla Subirana<\/b><span style=\"font-weight: 400;\">, mentre que el disseny sonor ha sigut desenvolupat per l\u2019estudi valenci\u00e0 <\/span><b>La Cueva Sonido<\/b><span style=\"font-weight: 400;\">. La banda sonora original, signada pel m\u00fasic <\/span><b>Pau Roca (La habitaci\u00f3n roja)<\/b><span style=\"font-weight: 400;\">, combina sintetitzadors i percussi\u00f3 mediterr\u00e0nia, evocant el pols entre modernitat i tradici\u00f3 que travessa tota la pel\u00b7l\u00edcula.<\/span><\/p>\n","protected":false},"excerpt":{"rendered":"<p>La producci\u00f3 alacantina, una com\u00e8dia inquietant, arriba hui a la secci\u00f3 Xaloc de la 40a Mostra de Val\u00e8ncia Despr\u00e9s del seu aclamant estrenament mundial al [&hellip;]<\/p>\n","protected":false},"author":3,"featured_media":30491,"comment_status":"open","ping_status":"open","sticky":false,"template":"","format":"standard","meta":{"_uag_custom_page_level_css":"","_jet_sm_ready_style":"","_jet_sm_style":"","_jet_sm_controls_values":"","_jet_sm_fonts_collection":"","_jet_sm_fonts_links":"","footnotes":""},"categories":[455,31],"tags":[],"class_list":["post-30499","post","type-post","status-publish","format-standard","has-post-thumbnail","hentry","category-noticies","category-uncategorized-ca"],"yoast_head":"<!-- This site is optimized with the Yoast SEO plugin v27.4 - https:\/\/yoast.com\/product\/yoast-seo-wordpress\/ -->\n<title>\u2018Balearic\u2019: les llums i ombres del Mediterrani segons Ion de Sosa i Chema Garc\u00eda Ibarra - Mostra de Val\u00e8ncia<\/title>\n<meta name=\"robots\" content=\"index, follow, max-snippet:-1, max-image-preview:large, max-video-preview:-1\" \/>\n<link rel=\"canonical\" href=\"https:\/\/lamostradevalencia.com\/ca\/balearic-les-llums-i-ombres-del-mediterrani-segons-ion-de-sosa-i-chema-garcia-ibarra\/\" \/>\n<meta property=\"og:locale\" content=\"ca_ES\" \/>\n<meta property=\"og:type\" content=\"article\" \/>\n<meta property=\"og:title\" content=\"\u2018Balearic\u2019: les llums i ombres del Mediterrani segons Ion de Sosa i Chema Garc\u00eda Ibarra - Mostra de Val\u00e8ncia\" \/>\n<meta property=\"og:description\" content=\"La producci\u00f3 alacantina, una com\u00e8dia inquietant, arriba hui a la secci\u00f3 Xaloc de la 40a Mostra de Val\u00e8ncia Despr\u00e9s del seu aclamant estrenament mundial al [&hellip;]\" \/>\n<meta property=\"og:url\" content=\"https:\/\/lamostradevalencia.com\/ca\/balearic-les-llums-i-ombres-del-mediterrani-segons-ion-de-sosa-i-chema-garcia-ibarra\/\" \/>\n<meta property=\"og:site_name\" content=\"Mostra de Val\u00e8ncia\" \/>\n<meta property=\"article:published_time\" content=\"2025-10-25T11:47:21+00:00\" \/>\n<meta property=\"og:image\" content=\"https:\/\/lamostradevalencia.com\/wp-content\/uploads\/2025\/10\/PHOTO-2025-10-25-13-40-48.jpg\" \/>\n\t<meta property=\"og:image:width\" content=\"1600\" \/>\n\t<meta property=\"og:image:height\" content=\"1067\" \/>\n\t<meta property=\"og:image:type\" content=\"image\/jpeg\" \/>\n<meta name=\"author\" content=\"contenidos\" \/>\n<meta name=\"twitter:card\" content=\"summary_large_image\" \/>\n<meta name=\"twitter:label1\" content=\"Escrit per\" \/>\n\t<meta name=\"twitter:data1\" content=\"contenidos\" \/>\n\t<meta name=\"twitter:label2\" content=\"Temps estimat de lectura\" \/>\n\t<meta name=\"twitter:data2\" content=\"3 minuts\" \/>\n<script type=\"application\/ld+json\" class=\"yoast-schema-graph\">{\"@context\":\"https:\\\/\\\/schema.org\",\"@graph\":[{\"@type\":\"Article\",\"@id\":\"https:\\\/\\\/lamostradevalencia.com\\\/ca\\\/balearic-les-llums-i-ombres-del-mediterrani-segons-ion-de-sosa-i-chema-garcia-ibarra\\\/#article\",\"isPartOf\":{\"@id\":\"https:\\\/\\\/lamostradevalencia.com\\\/ca\\\/balearic-les-llums-i-ombres-del-mediterrani-segons-ion-de-sosa-i-chema-garcia-ibarra\\\/\"},\"author\":{\"name\":\"contenidos\",\"@id\":\"https:\\\/\\\/lamostradevalencia.com\\\/ca\\\/#\\\/schema\\\/person\\\/361c3c0dd5489e78ad78ee4f8332efac\"},\"headline\":\"\u2018Balearic\u2019: les llums i ombres del Mediterrani segons Ion de Sosa i Chema Garc\u00eda Ibarra\",\"datePublished\":\"2025-10-25T11:47:21+00:00\",\"mainEntityOfPage\":{\"@id\":\"https:\\\/\\\/lamostradevalencia.com\\\/ca\\\/balearic-les-llums-i-ombres-del-mediterrani-segons-ion-de-sosa-i-chema-garcia-ibarra\\\/\"},\"wordCount\":707,\"commentCount\":0,\"image\":{\"@id\":\"https:\\\/\\\/lamostradevalencia.com\\\/ca\\\/balearic-les-llums-i-ombres-del-mediterrani-segons-ion-de-sosa-i-chema-garcia-ibarra\\\/#primaryimage\"},\"thumbnailUrl\":\"https:\\\/\\\/lamostradevalencia.com\\\/wp-content\\\/uploads\\\/2025\\\/10\\\/PHOTO-2025-10-25-13-40-48.jpg\",\"articleSection\":[\"Noticies\",\"Uncategorized @ca\"],\"inLanguage\":\"ca\",\"potentialAction\":[{\"@type\":\"CommentAction\",\"name\":\"Comment\",\"target\":[\"https:\\\/\\\/lamostradevalencia.com\\\/ca\\\/balearic-les-llums-i-ombres-del-mediterrani-segons-ion-de-sosa-i-chema-garcia-ibarra\\\/#respond\"]}]},{\"@type\":\"WebPage\",\"@id\":\"https:\\\/\\\/lamostradevalencia.com\\\/ca\\\/balearic-les-llums-i-ombres-del-mediterrani-segons-ion-de-sosa-i-chema-garcia-ibarra\\\/\",\"url\":\"https:\\\/\\\/lamostradevalencia.com\\\/ca\\\/balearic-les-llums-i-ombres-del-mediterrani-segons-ion-de-sosa-i-chema-garcia-ibarra\\\/\",\"name\":\"\u2018Balearic\u2019: les llums i ombres del Mediterrani segons Ion de Sosa i Chema Garc\u00eda Ibarra - Mostra de Val\u00e8ncia\",\"isPartOf\":{\"@id\":\"https:\\\/\\\/lamostradevalencia.com\\\/ca\\\/#website\"},\"primaryImageOfPage\":{\"@id\":\"https:\\\/\\\/lamostradevalencia.com\\\/ca\\\/balearic-les-llums-i-ombres-del-mediterrani-segons-ion-de-sosa-i-chema-garcia-ibarra\\\/#primaryimage\"},\"image\":{\"@id\":\"https:\\\/\\\/lamostradevalencia.com\\\/ca\\\/balearic-les-llums-i-ombres-del-mediterrani-segons-ion-de-sosa-i-chema-garcia-ibarra\\\/#primaryimage\"},\"thumbnailUrl\":\"https:\\\/\\\/lamostradevalencia.com\\\/wp-content\\\/uploads\\\/2025\\\/10\\\/PHOTO-2025-10-25-13-40-48.jpg\",\"datePublished\":\"2025-10-25T11:47:21+00:00\",\"author\":{\"@id\":\"https:\\\/\\\/lamostradevalencia.com\\\/ca\\\/#\\\/schema\\\/person\\\/361c3c0dd5489e78ad78ee4f8332efac\"},\"breadcrumb\":{\"@id\":\"https:\\\/\\\/lamostradevalencia.com\\\/ca\\\/balearic-les-llums-i-ombres-del-mediterrani-segons-ion-de-sosa-i-chema-garcia-ibarra\\\/#breadcrumb\"},\"inLanguage\":\"ca\",\"potentialAction\":[{\"@type\":\"ReadAction\",\"target\":[\"https:\\\/\\\/lamostradevalencia.com\\\/ca\\\/balearic-les-llums-i-ombres-del-mediterrani-segons-ion-de-sosa-i-chema-garcia-ibarra\\\/\"]}]},{\"@type\":\"ImageObject\",\"inLanguage\":\"ca\",\"@id\":\"https:\\\/\\\/lamostradevalencia.com\\\/ca\\\/balearic-les-llums-i-ombres-del-mediterrani-segons-ion-de-sosa-i-chema-garcia-ibarra\\\/#primaryimage\",\"url\":\"https:\\\/\\\/lamostradevalencia.com\\\/wp-content\\\/uploads\\\/2025\\\/10\\\/PHOTO-2025-10-25-13-40-48.jpg\",\"contentUrl\":\"https:\\\/\\\/lamostradevalencia.com\\\/wp-content\\\/uploads\\\/2025\\\/10\\\/PHOTO-2025-10-25-13-40-48.jpg\",\"width\":1600,\"height\":1067},{\"@type\":\"BreadcrumbList\",\"@id\":\"https:\\\/\\\/lamostradevalencia.com\\\/ca\\\/balearic-les-llums-i-ombres-del-mediterrani-segons-ion-de-sosa-i-chema-garcia-ibarra\\\/#breadcrumb\",\"itemListElement\":[{\"@type\":\"ListItem\",\"position\":1,\"name\":\"Portada\",\"item\":\"https:\\\/\\\/lamostradevalencia.com\\\/ca\\\/\"},{\"@type\":\"ListItem\",\"position\":2,\"name\":\"\u2018Balearic\u2019: les llums i ombres del Mediterrani segons Ion de Sosa i Chema Garc\u00eda Ibarra\"}]},{\"@type\":\"WebSite\",\"@id\":\"https:\\\/\\\/lamostradevalencia.com\\\/ca\\\/#website\",\"url\":\"https:\\\/\\\/lamostradevalencia.com\\\/ca\\\/\",\"name\":\"Mostra de Val\u00e8ncia\",\"description\":\"Cinema del Mediterrani\",\"potentialAction\":[{\"@type\":\"SearchAction\",\"target\":{\"@type\":\"EntryPoint\",\"urlTemplate\":\"https:\\\/\\\/lamostradevalencia.com\\\/ca\\\/?s={search_term_string}\"},\"query-input\":{\"@type\":\"PropertyValueSpecification\",\"valueRequired\":true,\"valueName\":\"search_term_string\"}}],\"inLanguage\":\"ca\"},{\"@type\":\"Person\",\"@id\":\"https:\\\/\\\/lamostradevalencia.com\\\/ca\\\/#\\\/schema\\\/person\\\/361c3c0dd5489e78ad78ee4f8332efac\",\"name\":\"contenidos\",\"image\":{\"@type\":\"ImageObject\",\"inLanguage\":\"ca\",\"@id\":\"https:\\\/\\\/secure.gravatar.com\\\/avatar\\\/a87eddc188a32d5a0371ff92ef616b5006a91e389296d49d081f8d424eef134c?s=96&d=mm&r=g\",\"url\":\"https:\\\/\\\/secure.gravatar.com\\\/avatar\\\/a87eddc188a32d5a0371ff92ef616b5006a91e389296d49d081f8d424eef134c?s=96&d=mm&r=g\",\"contentUrl\":\"https:\\\/\\\/secure.gravatar.com\\\/avatar\\\/a87eddc188a32d5a0371ff92ef616b5006a91e389296d49d081f8d424eef134c?s=96&d=mm&r=g\",\"caption\":\"contenidos\"}}]}<\/script>\n<!-- \/ Yoast SEO plugin. -->","yoast_head_json":{"title":"\u2018Balearic\u2019: les llums i ombres del Mediterrani segons Ion de Sosa i Chema Garc\u00eda Ibarra - Mostra de Val\u00e8ncia","robots":{"index":"index","follow":"follow","max-snippet":"max-snippet:-1","max-image-preview":"max-image-preview:large","max-video-preview":"max-video-preview:-1"},"canonical":"https:\/\/lamostradevalencia.com\/ca\/balearic-les-llums-i-ombres-del-mediterrani-segons-ion-de-sosa-i-chema-garcia-ibarra\/","og_locale":"ca_ES","og_type":"article","og_title":"\u2018Balearic\u2019: les llums i ombres del Mediterrani segons Ion de Sosa i Chema Garc\u00eda Ibarra - Mostra de Val\u00e8ncia","og_description":"La producci\u00f3 alacantina, una com\u00e8dia inquietant, arriba hui a la secci\u00f3 Xaloc de la 40a Mostra de Val\u00e8ncia Despr\u00e9s del seu aclamant estrenament mundial al [&hellip;]","og_url":"https:\/\/lamostradevalencia.com\/ca\/balearic-les-llums-i-ombres-del-mediterrani-segons-ion-de-sosa-i-chema-garcia-ibarra\/","og_site_name":"Mostra de Val\u00e8ncia","article_published_time":"2025-10-25T11:47:21+00:00","og_image":[{"width":1600,"height":1067,"url":"https:\/\/lamostradevalencia.com\/wp-content\/uploads\/2025\/10\/PHOTO-2025-10-25-13-40-48.jpg","type":"image\/jpeg"}],"author":"contenidos","twitter_card":"summary_large_image","twitter_misc":{"Escrit per":"contenidos","Temps estimat de lectura":"3 minuts"},"schema":{"@context":"https:\/\/schema.org","@graph":[{"@type":"Article","@id":"https:\/\/lamostradevalencia.com\/ca\/balearic-les-llums-i-ombres-del-mediterrani-segons-ion-de-sosa-i-chema-garcia-ibarra\/#article","isPartOf":{"@id":"https:\/\/lamostradevalencia.com\/ca\/balearic-les-llums-i-ombres-del-mediterrani-segons-ion-de-sosa-i-chema-garcia-ibarra\/"},"author":{"name":"contenidos","@id":"https:\/\/lamostradevalencia.com\/ca\/#\/schema\/person\/361c3c0dd5489e78ad78ee4f8332efac"},"headline":"\u2018Balearic\u2019: les llums i ombres del Mediterrani segons Ion de Sosa i Chema Garc\u00eda Ibarra","datePublished":"2025-10-25T11:47:21+00:00","mainEntityOfPage":{"@id":"https:\/\/lamostradevalencia.com\/ca\/balearic-les-llums-i-ombres-del-mediterrani-segons-ion-de-sosa-i-chema-garcia-ibarra\/"},"wordCount":707,"commentCount":0,"image":{"@id":"https:\/\/lamostradevalencia.com\/ca\/balearic-les-llums-i-ombres-del-mediterrani-segons-ion-de-sosa-i-chema-garcia-ibarra\/#primaryimage"},"thumbnailUrl":"https:\/\/lamostradevalencia.com\/wp-content\/uploads\/2025\/10\/PHOTO-2025-10-25-13-40-48.jpg","articleSection":["Noticies","Uncategorized @ca"],"inLanguage":"ca","potentialAction":[{"@type":"CommentAction","name":"Comment","target":["https:\/\/lamostradevalencia.com\/ca\/balearic-les-llums-i-ombres-del-mediterrani-segons-ion-de-sosa-i-chema-garcia-ibarra\/#respond"]}]},{"@type":"WebPage","@id":"https:\/\/lamostradevalencia.com\/ca\/balearic-les-llums-i-ombres-del-mediterrani-segons-ion-de-sosa-i-chema-garcia-ibarra\/","url":"https:\/\/lamostradevalencia.com\/ca\/balearic-les-llums-i-ombres-del-mediterrani-segons-ion-de-sosa-i-chema-garcia-ibarra\/","name":"\u2018Balearic\u2019: les llums i ombres del Mediterrani segons Ion de Sosa i Chema Garc\u00eda Ibarra - Mostra de Val\u00e8ncia","isPartOf":{"@id":"https:\/\/lamostradevalencia.com\/ca\/#website"},"primaryImageOfPage":{"@id":"https:\/\/lamostradevalencia.com\/ca\/balearic-les-llums-i-ombres-del-mediterrani-segons-ion-de-sosa-i-chema-garcia-ibarra\/#primaryimage"},"image":{"@id":"https:\/\/lamostradevalencia.com\/ca\/balearic-les-llums-i-ombres-del-mediterrani-segons-ion-de-sosa-i-chema-garcia-ibarra\/#primaryimage"},"thumbnailUrl":"https:\/\/lamostradevalencia.com\/wp-content\/uploads\/2025\/10\/PHOTO-2025-10-25-13-40-48.jpg","datePublished":"2025-10-25T11:47:21+00:00","author":{"@id":"https:\/\/lamostradevalencia.com\/ca\/#\/schema\/person\/361c3c0dd5489e78ad78ee4f8332efac"},"breadcrumb":{"@id":"https:\/\/lamostradevalencia.com\/ca\/balearic-les-llums-i-ombres-del-mediterrani-segons-ion-de-sosa-i-chema-garcia-ibarra\/#breadcrumb"},"inLanguage":"ca","potentialAction":[{"@type":"ReadAction","target":["https:\/\/lamostradevalencia.com\/ca\/balearic-les-llums-i-ombres-del-mediterrani-segons-ion-de-sosa-i-chema-garcia-ibarra\/"]}]},{"@type":"ImageObject","inLanguage":"ca","@id":"https:\/\/lamostradevalencia.com\/ca\/balearic-les-llums-i-ombres-del-mediterrani-segons-ion-de-sosa-i-chema-garcia-ibarra\/#primaryimage","url":"https:\/\/lamostradevalencia.com\/wp-content\/uploads\/2025\/10\/PHOTO-2025-10-25-13-40-48.jpg","contentUrl":"https:\/\/lamostradevalencia.com\/wp-content\/uploads\/2025\/10\/PHOTO-2025-10-25-13-40-48.jpg","width":1600,"height":1067},{"@type":"BreadcrumbList","@id":"https:\/\/lamostradevalencia.com\/ca\/balearic-les-llums-i-ombres-del-mediterrani-segons-ion-de-sosa-i-chema-garcia-ibarra\/#breadcrumb","itemListElement":[{"@type":"ListItem","position":1,"name":"Portada","item":"https:\/\/lamostradevalencia.com\/ca\/"},{"@type":"ListItem","position":2,"name":"\u2018Balearic\u2019: les llums i ombres del Mediterrani segons Ion de Sosa i Chema Garc\u00eda Ibarra"}]},{"@type":"WebSite","@id":"https:\/\/lamostradevalencia.com\/ca\/#website","url":"https:\/\/lamostradevalencia.com\/ca\/","name":"Mostra de Val\u00e8ncia","description":"Cinema del Mediterrani","potentialAction":[{"@type":"SearchAction","target":{"@type":"EntryPoint","urlTemplate":"https:\/\/lamostradevalencia.com\/ca\/?s={search_term_string}"},"query-input":{"@type":"PropertyValueSpecification","valueRequired":true,"valueName":"search_term_string"}}],"inLanguage":"ca"},{"@type":"Person","@id":"https:\/\/lamostradevalencia.com\/ca\/#\/schema\/person\/361c3c0dd5489e78ad78ee4f8332efac","name":"contenidos","image":{"@type":"ImageObject","inLanguage":"ca","@id":"https:\/\/secure.gravatar.com\/avatar\/a87eddc188a32d5a0371ff92ef616b5006a91e389296d49d081f8d424eef134c?s=96&d=mm&r=g","url":"https:\/\/secure.gravatar.com\/avatar\/a87eddc188a32d5a0371ff92ef616b5006a91e389296d49d081f8d424eef134c?s=96&d=mm&r=g","contentUrl":"https:\/\/secure.gravatar.com\/avatar\/a87eddc188a32d5a0371ff92ef616b5006a91e389296d49d081f8d424eef134c?s=96&d=mm&r=g","caption":"contenidos"}}]}},"uagb_featured_image_src":{"full":["https:\/\/lamostradevalencia.com\/wp-content\/uploads\/2025\/10\/PHOTO-2025-10-25-13-40-48.jpg",1600,1067,false],"thumbnail":["https:\/\/lamostradevalencia.com\/wp-content\/uploads\/2025\/10\/PHOTO-2025-10-25-13-40-48-150x150.jpg",150,150,true],"medium":["https:\/\/lamostradevalencia.com\/wp-content\/uploads\/2025\/10\/PHOTO-2025-10-25-13-40-48-300x200.jpg",300,200,true],"medium_large":["https:\/\/lamostradevalencia.com\/wp-content\/uploads\/2025\/10\/PHOTO-2025-10-25-13-40-48-768x512.jpg",768,512,true],"large":["https:\/\/lamostradevalencia.com\/wp-content\/uploads\/2025\/10\/PHOTO-2025-10-25-13-40-48-1024x683.jpg",1024,683,true],"1536x1536":["https:\/\/lamostradevalencia.com\/wp-content\/uploads\/2025\/10\/PHOTO-2025-10-25-13-40-48-1536x1024.jpg",1536,1024,true],"2048x2048":["https:\/\/lamostradevalencia.com\/wp-content\/uploads\/2025\/10\/PHOTO-2025-10-25-13-40-48.jpg",1600,1067,false],"cinerama_edge_image_square":["https:\/\/lamostradevalencia.com\/wp-content\/uploads\/2025\/10\/PHOTO-2025-10-25-13-40-48-550x550.jpg",550,550,true],"cinerama_edge_image_landscape":["https:\/\/lamostradevalencia.com\/wp-content\/uploads\/2025\/10\/PHOTO-2025-10-25-13-40-48-1100x550.jpg",1100,550,true],"cinerama_edge_image_portrait":["https:\/\/lamostradevalencia.com\/wp-content\/uploads\/2025\/10\/PHOTO-2025-10-25-13-40-48-550x1067.jpg",550,1067,true],"cinerama_edge_image_huge":["https:\/\/lamostradevalencia.com\/wp-content\/uploads\/2025\/10\/PHOTO-2025-10-25-13-40-48-1100x1067.jpg",1100,1067,true],"gform-image-choice-sm":["https:\/\/lamostradevalencia.com\/wp-content\/uploads\/2025\/10\/PHOTO-2025-10-25-13-40-48.jpg",300,200,false],"gform-image-choice-md":["https:\/\/lamostradevalencia.com\/wp-content\/uploads\/2025\/10\/PHOTO-2025-10-25-13-40-48.jpg",400,267,false],"gform-image-choice-lg":["https:\/\/lamostradevalencia.com\/wp-content\/uploads\/2025\/10\/PHOTO-2025-10-25-13-40-48.jpg",600,400,false]},"uagb_author_info":{"display_name":"contenidos","author_link":"https:\/\/lamostradevalencia.com\/ca\/author\/contenidos\/"},"uagb_comment_info":0,"uagb_excerpt":"La producci\u00f3 alacantina, una com\u00e8dia inquietant, arriba hui a la secci\u00f3 Xaloc de la 40a Mostra de Val\u00e8ncia Despr\u00e9s del seu aclamant estrenament mundial al [&hellip;]","_links":{"self":[{"href":"https:\/\/lamostradevalencia.com\/ca\/wp-json\/wp\/v2\/posts\/30499","targetHints":{"allow":["GET"]}}],"collection":[{"href":"https:\/\/lamostradevalencia.com\/ca\/wp-json\/wp\/v2\/posts"}],"about":[{"href":"https:\/\/lamostradevalencia.com\/ca\/wp-json\/wp\/v2\/types\/post"}],"author":[{"embeddable":true,"href":"https:\/\/lamostradevalencia.com\/ca\/wp-json\/wp\/v2\/users\/3"}],"replies":[{"embeddable":true,"href":"https:\/\/lamostradevalencia.com\/ca\/wp-json\/wp\/v2\/comments?post=30499"}],"version-history":[{"count":2,"href":"https:\/\/lamostradevalencia.com\/ca\/wp-json\/wp\/v2\/posts\/30499\/revisions"}],"predecessor-version":[{"id":30501,"href":"https:\/\/lamostradevalencia.com\/ca\/wp-json\/wp\/v2\/posts\/30499\/revisions\/30501"}],"wp:featuredmedia":[{"embeddable":true,"href":"https:\/\/lamostradevalencia.com\/ca\/wp-json\/wp\/v2\/media\/30491"}],"wp:attachment":[{"href":"https:\/\/lamostradevalencia.com\/ca\/wp-json\/wp\/v2\/media?parent=30499"}],"wp:term":[{"taxonomy":"category","embeddable":true,"href":"https:\/\/lamostradevalencia.com\/ca\/wp-json\/wp\/v2\/categories?post=30499"},{"taxonomy":"post_tag","embeddable":true,"href":"https:\/\/lamostradevalencia.com\/ca\/wp-json\/wp\/v2\/tags?post=30499"}],"curies":[{"name":"wp","href":"https:\/\/api.w.org\/{rel}","templated":true}]}}