{"id":30423,"date":"2025-10-25T11:40:04","date_gmt":"2025-10-25T09:40:04","guid":{"rendered":"https:\/\/lamostradevalencia.com\/?p=30423"},"modified":"2025-10-25T11:39:12","modified_gmt":"2025-10-25T09:39:12","slug":"la-ruta-torna-a-valencia-gracies-a-la-mostra","status":"publish","type":"post","link":"https:\/\/lamostradevalencia.com\/ca\/la-ruta-torna-a-valencia-gracies-a-la-mostra\/","title":{"rendered":"\u2018La Ruta\u2019 torna a Val\u00e8ncia gr\u00e0cies a la Mostra"},"content":{"rendered":"<p><i><span style=\"font-weight: 400;\">L&#8217;equip de la s\u00e8rie preestrena el primer cap\u00edtol de la segona temporada en els ABC Park, davant una sala abarrotada<\/span><\/i><\/p>\n<p><span style=\"font-weight: 400;\">Borja Soler i Roberto Mart\u00edn Maiztegui, dos dels creadors de <\/span><b>\u2018La Ruta\u2019<\/b><span style=\"font-weight: 400;\"> i director d\u2019esta nova entrega, junt amb el productor <\/span><b>Nacho Lavilla<\/b><span style=\"font-weight: 400;\"> i dues de les seues protagonistes, <\/span><b>Carla D\u00edaz<\/b><span style=\"font-weight: 400;\"> i <\/span><b>Marina Salas<\/b><span style=\"font-weight: 400;\">, van presentar ahir a la <\/span><b>Mostra de Val\u00e8ncia<\/b><span style=\"font-weight: 400;\"> \u2013organitzada pel <\/span><b>Palau de la M\u00fasica<\/b><span style=\"font-weight: 400;\">\u2013 el primer cap\u00edtol de la segona temporada de la s\u00e8rie, <\/span><b>\u2018La Ruta vol.2 Ibiza\u2019<\/b><span style=\"font-weight: 400;\">, poc abans que arribe a la plataforma d\u2019<\/span><b>Atresplayer<\/b><span style=\"font-weight: 400;\">.<\/span><\/p>\n<p><span style=\"font-weight: 400;\">Produ\u00efda per <\/span><b>Caballo Films<\/b><span style=\"font-weight: 400;\"> i <\/span><b>Atresmedia<\/b><span style=\"font-weight: 400;\">, <\/span><b>\u2018La Ruta vol.2 Ibiza\u2019<\/b><span style=\"font-weight: 400;\"> amplia l\u2019univers narratiu de l\u2019exitosa <\/span><b>\u2018La Ruta\u2019<\/b><span style=\"font-weight: 400;\">, traslladant l\u2019acci\u00f3 a l\u2019<\/span><b>Ibiza de 1996<\/b><span style=\"font-weight: 400;\">, quan l\u2019illa comen\u00e7a a consolidar-se com la capital mundial de l\u2019oci i la m\u00fasica electr\u00f2nica.<\/span><\/p>\n<p><span style=\"font-weight: 400;\">Dirigida per <\/span><b>Borja Soler<\/b><span style=\"font-weight: 400;\">, la s\u00e8rie est\u00e0 protagonitzada per <\/span><b>Marc Rib\u00f3<\/b><span style=\"font-weight: 400;\">, DJ resident en una de les grans discoteques de l\u2019illa. La seua hist\u00f2ria s\u2019entrella\u00e7a amb la dels seus pares, que van con\u00e9ixer una <\/span><b>Ibiza<\/b><span style=\"font-weight: 400;\"> molt diferent als primers anys 70, poc abans de morir en un tr\u00e0gic accident aeri en 1972. A trav\u00e9s d\u2019esta doble l\u00ednia temporal, <\/span><b>\u2018La Ruta vol.2 Ibiza\u2019<\/b><span style=\"font-weight: 400;\"> explora la transformaci\u00f3 d\u2019una generaci\u00f3 i d\u2019una illa que, en nom\u00e9s vint-i-cinc anys, va passar de ser un refugi de llibertat a convertir-se en un epicentre global de l\u2019hedonisme. El director es va mostrar \u201cemocionat\u201d de presentar este avan\u00e7ament en pantalla gran, \u201c<\/span><span style=\"font-weight: 400;\">eixir de l&#8217;\u00edntim que imposa el televisor i m\u00e9s en una sala plena de gent volguda que s&#8217;ha deixat l&#8217;\u00e0nima\u201d<\/span><span style=\"font-weight: 400;\">.<\/span><\/p>\n<p><span style=\"font-weight: 400;\">M\u00e9s que una seq\u00fcela, <\/span><b>\u2018La Ruta vol.2 Ibiza\u2019<\/b><span style=\"font-weight: 400;\"> es presenta com una evoluci\u00f3, un viatge sensorial, emocional i generacional. Per comen\u00e7ar, tracta de \u201creflectir les cinc <\/span><b>Ibizes<\/b><span style=\"font-weight: 400;\">: la dels clubs i els DJ; la dels \u2018hippies\u2019; la de la \u2018jet set\u2019; la dels aut\u00f2ctons, i la dels temporers\u201d. L\u2019exist\u00e8ncia d\u2019una segona l\u00ednia temporal els ha perm\u00e9s, segons el director, \u201cplasmar el canvi que ha viscut <\/span><b>Ibiza<\/b><span style=\"font-weight: 400;\"> com a escenari. De ser una illa allunyada de la m\u00e0 de D\u00e9u a ser la capital de la festa. \u00c9s un viatge en retrospectiva tant extern com intern. Recorde que, durant els dies de treball, veient les fotos dels nostres pares als \u00e0lbums familiars, em preguntava com eren les seues vides abans que arrib\u00e0rem nosaltres\u201d.<\/span><\/p>\n<p><span style=\"font-weight: 400;\">Per\u00f2 tot i aix\u00f2, la s\u00e8rie no ha deixat el lloc d\u2019on va partir. El rodatge es va desenvolupar entre localitzacions d\u2019<\/span><b>Ibiza<\/b><span style=\"font-weight: 400;\"> i la <\/span><b>Comunitat Valenciana<\/b><span style=\"font-weight: 400;\">, capturant l\u2019ess\u00e8ncia visual i emocional del Mediterrani. Entre els escenaris principals destaquen <\/span><b>Sant Antoni<\/b><span style=\"font-weight: 400;\">, <\/span><b>Dalt Vila<\/b><span style=\"font-weight: 400;\">, <\/span><b>Ses Salines<\/b><span style=\"font-weight: 400;\"> i <\/span><b>Cala d\u2019Hort<\/b><span style=\"font-weight: 400;\">, aix\u00ed com <\/span><b>Val\u00e8ncia<\/b><span style=\"font-weight: 400;\">, l\u2019<\/span><b>Albufera<\/b><span style=\"font-weight: 400;\"> i <\/span><b>Cullera<\/b><span style=\"font-weight: 400;\">, que recreen diferents moments i espais de la hist\u00f2ria.<\/span><\/p>\n<p><span style=\"font-weight: 400;\">El repartiment compta amb una destacada pres\u00e8ncia d\u2019int\u00e8rprets valencians, entre ells <\/span><b>\u00c0lex Monner<\/b><span style=\"font-weight: 400;\">, <\/span><b>Mar\u00eda Caballero<\/b><span style=\"font-weight: 400;\">, <\/span><b>Pablo Molinero<\/b><span style=\"font-weight: 400;\">, <\/span><b>Teresa Abarca<\/b><span style=\"font-weight: 400;\"> i <\/span><b>\u00c0lex Moreu<\/b><span style=\"font-weight: 400;\">, que aporten autenticitat i naturalitat a una hist\u00f2ria molt connectada amb la identitat mediterr\u00e0nia.<\/span><\/p>\n<p><span style=\"font-weight: 400;\">La s\u00e8rie tindr\u00e0 un llan\u00e7ament internacional en la plataforma este mateix diumenge amb l\u2019objectiu de revalidar un \u00e8xit que va anar molt m\u00e9s enll\u00e0 del que presumien els seus creadors.<\/span><\/p>\n","protected":false},"excerpt":{"rendered":"<p>L&#8217;equip de la s\u00e8rie preestrena el primer cap\u00edtol de la segona temporada en els ABC Park, davant una sala abarrotada Borja Soler i Roberto Mart\u00edn [&hellip;]<\/p>\n","protected":false},"author":3,"featured_media":30460,"comment_status":"open","ping_status":"open","sticky":false,"template":"","format":"standard","meta":{"_uag_custom_page_level_css":"","_jet_sm_ready_style":"","_jet_sm_style":"","_jet_sm_controls_values":"","_jet_sm_fonts_collection":"","_jet_sm_fonts_links":"","footnotes":""},"categories":[455],"tags":[],"class_list":["post-30423","post","type-post","status-publish","format-standard","has-post-thumbnail","hentry","category-noticies"],"yoast_head":"<!-- This site is optimized with the Yoast SEO plugin v27.4 - https:\/\/yoast.com\/product\/yoast-seo-wordpress\/ -->\n<title>\u2018La Ruta\u2019 torna a Val\u00e8ncia gr\u00e0cies a la Mostra - Mostra de Val\u00e8ncia<\/title>\n<meta name=\"robots\" content=\"index, follow, max-snippet:-1, max-image-preview:large, max-video-preview:-1\" \/>\n<link rel=\"canonical\" href=\"https:\/\/lamostradevalencia.com\/ca\/la-ruta-torna-a-valencia-gracies-a-la-mostra\/\" \/>\n<meta property=\"og:locale\" content=\"ca_ES\" \/>\n<meta property=\"og:type\" content=\"article\" \/>\n<meta property=\"og:title\" content=\"\u2018La Ruta\u2019 torna a Val\u00e8ncia gr\u00e0cies a la Mostra - Mostra de Val\u00e8ncia\" \/>\n<meta property=\"og:description\" content=\"L&#8217;equip de la s\u00e8rie preestrena el primer cap\u00edtol de la segona temporada en els ABC Park, davant una sala abarrotada Borja Soler i Roberto Mart\u00edn [&hellip;]\" \/>\n<meta property=\"og:url\" content=\"https:\/\/lamostradevalencia.com\/ca\/la-ruta-torna-a-valencia-gracies-a-la-mostra\/\" \/>\n<meta property=\"og:site_name\" content=\"Mostra de Val\u00e8ncia\" \/>\n<meta property=\"article:published_time\" content=\"2025-10-25T09:40:04+00:00\" \/>\n<meta property=\"og:image\" content=\"https:\/\/lamostradevalencia.com\/wp-content\/uploads\/2025\/10\/PHOTO-2025-10-25-11-34-05.jpg\" \/>\n\t<meta property=\"og:image:width\" content=\"1600\" \/>\n\t<meta property=\"og:image:height\" content=\"711\" \/>\n\t<meta property=\"og:image:type\" content=\"image\/jpeg\" \/>\n<meta name=\"author\" content=\"contenidos\" \/>\n<meta name=\"twitter:card\" content=\"summary_large_image\" \/>\n<meta name=\"twitter:label1\" content=\"Escrit per\" \/>\n\t<meta name=\"twitter:data1\" content=\"contenidos\" \/>\n\t<meta name=\"twitter:label2\" content=\"Temps estimat de lectura\" \/>\n\t<meta name=\"twitter:data2\" content=\"3 minuts\" \/>\n<script type=\"application\/ld+json\" class=\"yoast-schema-graph\">{\"@context\":\"https:\\\/\\\/schema.org\",\"@graph\":[{\"@type\":\"Article\",\"@id\":\"https:\\\/\\\/lamostradevalencia.com\\\/ca\\\/la-ruta-torna-a-valencia-gracies-a-la-mostra\\\/#article\",\"isPartOf\":{\"@id\":\"https:\\\/\\\/lamostradevalencia.com\\\/ca\\\/la-ruta-torna-a-valencia-gracies-a-la-mostra\\\/\"},\"author\":{\"name\":\"contenidos\",\"@id\":\"https:\\\/\\\/lamostradevalencia.com\\\/ca\\\/#\\\/schema\\\/person\\\/361c3c0dd5489e78ad78ee4f8332efac\"},\"headline\":\"\u2018La Ruta\u2019 torna a Val\u00e8ncia gr\u00e0cies a la Mostra\",\"datePublished\":\"2025-10-25T09:40:04+00:00\",\"mainEntityOfPage\":{\"@id\":\"https:\\\/\\\/lamostradevalencia.com\\\/ca\\\/la-ruta-torna-a-valencia-gracies-a-la-mostra\\\/\"},\"wordCount\":580,\"commentCount\":0,\"image\":{\"@id\":\"https:\\\/\\\/lamostradevalencia.com\\\/ca\\\/la-ruta-torna-a-valencia-gracies-a-la-mostra\\\/#primaryimage\"},\"thumbnailUrl\":\"https:\\\/\\\/lamostradevalencia.com\\\/wp-content\\\/uploads\\\/2025\\\/10\\\/PHOTO-2025-10-25-11-34-05.jpg\",\"articleSection\":[\"Noticies\"],\"inLanguage\":\"ca\",\"potentialAction\":[{\"@type\":\"CommentAction\",\"name\":\"Comment\",\"target\":[\"https:\\\/\\\/lamostradevalencia.com\\\/ca\\\/la-ruta-torna-a-valencia-gracies-a-la-mostra\\\/#respond\"]}]},{\"@type\":\"WebPage\",\"@id\":\"https:\\\/\\\/lamostradevalencia.com\\\/ca\\\/la-ruta-torna-a-valencia-gracies-a-la-mostra\\\/\",\"url\":\"https:\\\/\\\/lamostradevalencia.com\\\/ca\\\/la-ruta-torna-a-valencia-gracies-a-la-mostra\\\/\",\"name\":\"\u2018La Ruta\u2019 torna a Val\u00e8ncia gr\u00e0cies a la Mostra - Mostra de Val\u00e8ncia\",\"isPartOf\":{\"@id\":\"https:\\\/\\\/lamostradevalencia.com\\\/ca\\\/#website\"},\"primaryImageOfPage\":{\"@id\":\"https:\\\/\\\/lamostradevalencia.com\\\/ca\\\/la-ruta-torna-a-valencia-gracies-a-la-mostra\\\/#primaryimage\"},\"image\":{\"@id\":\"https:\\\/\\\/lamostradevalencia.com\\\/ca\\\/la-ruta-torna-a-valencia-gracies-a-la-mostra\\\/#primaryimage\"},\"thumbnailUrl\":\"https:\\\/\\\/lamostradevalencia.com\\\/wp-content\\\/uploads\\\/2025\\\/10\\\/PHOTO-2025-10-25-11-34-05.jpg\",\"datePublished\":\"2025-10-25T09:40:04+00:00\",\"author\":{\"@id\":\"https:\\\/\\\/lamostradevalencia.com\\\/ca\\\/#\\\/schema\\\/person\\\/361c3c0dd5489e78ad78ee4f8332efac\"},\"breadcrumb\":{\"@id\":\"https:\\\/\\\/lamostradevalencia.com\\\/ca\\\/la-ruta-torna-a-valencia-gracies-a-la-mostra\\\/#breadcrumb\"},\"inLanguage\":\"ca\",\"potentialAction\":[{\"@type\":\"ReadAction\",\"target\":[\"https:\\\/\\\/lamostradevalencia.com\\\/ca\\\/la-ruta-torna-a-valencia-gracies-a-la-mostra\\\/\"]}]},{\"@type\":\"ImageObject\",\"inLanguage\":\"ca\",\"@id\":\"https:\\\/\\\/lamostradevalencia.com\\\/ca\\\/la-ruta-torna-a-valencia-gracies-a-la-mostra\\\/#primaryimage\",\"url\":\"https:\\\/\\\/lamostradevalencia.com\\\/wp-content\\\/uploads\\\/2025\\\/10\\\/PHOTO-2025-10-25-11-34-05.jpg\",\"contentUrl\":\"https:\\\/\\\/lamostradevalencia.com\\\/wp-content\\\/uploads\\\/2025\\\/10\\\/PHOTO-2025-10-25-11-34-05.jpg\",\"width\":1600,\"height\":711},{\"@type\":\"BreadcrumbList\",\"@id\":\"https:\\\/\\\/lamostradevalencia.com\\\/ca\\\/la-ruta-torna-a-valencia-gracies-a-la-mostra\\\/#breadcrumb\",\"itemListElement\":[{\"@type\":\"ListItem\",\"position\":1,\"name\":\"Portada\",\"item\":\"https:\\\/\\\/lamostradevalencia.com\\\/ca\\\/\"},{\"@type\":\"ListItem\",\"position\":2,\"name\":\"\u2018La Ruta\u2019 torna a Val\u00e8ncia gr\u00e0cies a la Mostra\"}]},{\"@type\":\"WebSite\",\"@id\":\"https:\\\/\\\/lamostradevalencia.com\\\/ca\\\/#website\",\"url\":\"https:\\\/\\\/lamostradevalencia.com\\\/ca\\\/\",\"name\":\"Mostra de Val\u00e8ncia\",\"description\":\"Cinema del Mediterrani\",\"potentialAction\":[{\"@type\":\"SearchAction\",\"target\":{\"@type\":\"EntryPoint\",\"urlTemplate\":\"https:\\\/\\\/lamostradevalencia.com\\\/ca\\\/?s={search_term_string}\"},\"query-input\":{\"@type\":\"PropertyValueSpecification\",\"valueRequired\":true,\"valueName\":\"search_term_string\"}}],\"inLanguage\":\"ca\"},{\"@type\":\"Person\",\"@id\":\"https:\\\/\\\/lamostradevalencia.com\\\/ca\\\/#\\\/schema\\\/person\\\/361c3c0dd5489e78ad78ee4f8332efac\",\"name\":\"contenidos\",\"image\":{\"@type\":\"ImageObject\",\"inLanguage\":\"ca\",\"@id\":\"https:\\\/\\\/secure.gravatar.com\\\/avatar\\\/a87eddc188a32d5a0371ff92ef616b5006a91e389296d49d081f8d424eef134c?s=96&d=mm&r=g\",\"url\":\"https:\\\/\\\/secure.gravatar.com\\\/avatar\\\/a87eddc188a32d5a0371ff92ef616b5006a91e389296d49d081f8d424eef134c?s=96&d=mm&r=g\",\"contentUrl\":\"https:\\\/\\\/secure.gravatar.com\\\/avatar\\\/a87eddc188a32d5a0371ff92ef616b5006a91e389296d49d081f8d424eef134c?s=96&d=mm&r=g\",\"caption\":\"contenidos\"}}]}<\/script>\n<!-- \/ Yoast SEO plugin. -->","yoast_head_json":{"title":"\u2018La Ruta\u2019 torna a Val\u00e8ncia gr\u00e0cies a la Mostra - Mostra de Val\u00e8ncia","robots":{"index":"index","follow":"follow","max-snippet":"max-snippet:-1","max-image-preview":"max-image-preview:large","max-video-preview":"max-video-preview:-1"},"canonical":"https:\/\/lamostradevalencia.com\/ca\/la-ruta-torna-a-valencia-gracies-a-la-mostra\/","og_locale":"ca_ES","og_type":"article","og_title":"\u2018La Ruta\u2019 torna a Val\u00e8ncia gr\u00e0cies a la Mostra - Mostra de Val\u00e8ncia","og_description":"L&#8217;equip de la s\u00e8rie preestrena el primer cap\u00edtol de la segona temporada en els ABC Park, davant una sala abarrotada Borja Soler i Roberto Mart\u00edn [&hellip;]","og_url":"https:\/\/lamostradevalencia.com\/ca\/la-ruta-torna-a-valencia-gracies-a-la-mostra\/","og_site_name":"Mostra de Val\u00e8ncia","article_published_time":"2025-10-25T09:40:04+00:00","og_image":[{"width":1600,"height":711,"url":"https:\/\/lamostradevalencia.com\/wp-content\/uploads\/2025\/10\/PHOTO-2025-10-25-11-34-05.jpg","type":"image\/jpeg"}],"author":"contenidos","twitter_card":"summary_large_image","twitter_misc":{"Escrit per":"contenidos","Temps estimat de lectura":"3 minuts"},"schema":{"@context":"https:\/\/schema.org","@graph":[{"@type":"Article","@id":"https:\/\/lamostradevalencia.com\/ca\/la-ruta-torna-a-valencia-gracies-a-la-mostra\/#article","isPartOf":{"@id":"https:\/\/lamostradevalencia.com\/ca\/la-ruta-torna-a-valencia-gracies-a-la-mostra\/"},"author":{"name":"contenidos","@id":"https:\/\/lamostradevalencia.com\/ca\/#\/schema\/person\/361c3c0dd5489e78ad78ee4f8332efac"},"headline":"\u2018La Ruta\u2019 torna a Val\u00e8ncia gr\u00e0cies a la Mostra","datePublished":"2025-10-25T09:40:04+00:00","mainEntityOfPage":{"@id":"https:\/\/lamostradevalencia.com\/ca\/la-ruta-torna-a-valencia-gracies-a-la-mostra\/"},"wordCount":580,"commentCount":0,"image":{"@id":"https:\/\/lamostradevalencia.com\/ca\/la-ruta-torna-a-valencia-gracies-a-la-mostra\/#primaryimage"},"thumbnailUrl":"https:\/\/lamostradevalencia.com\/wp-content\/uploads\/2025\/10\/PHOTO-2025-10-25-11-34-05.jpg","articleSection":["Noticies"],"inLanguage":"ca","potentialAction":[{"@type":"CommentAction","name":"Comment","target":["https:\/\/lamostradevalencia.com\/ca\/la-ruta-torna-a-valencia-gracies-a-la-mostra\/#respond"]}]},{"@type":"WebPage","@id":"https:\/\/lamostradevalencia.com\/ca\/la-ruta-torna-a-valencia-gracies-a-la-mostra\/","url":"https:\/\/lamostradevalencia.com\/ca\/la-ruta-torna-a-valencia-gracies-a-la-mostra\/","name":"\u2018La Ruta\u2019 torna a Val\u00e8ncia gr\u00e0cies a la Mostra - Mostra de Val\u00e8ncia","isPartOf":{"@id":"https:\/\/lamostradevalencia.com\/ca\/#website"},"primaryImageOfPage":{"@id":"https:\/\/lamostradevalencia.com\/ca\/la-ruta-torna-a-valencia-gracies-a-la-mostra\/#primaryimage"},"image":{"@id":"https:\/\/lamostradevalencia.com\/ca\/la-ruta-torna-a-valencia-gracies-a-la-mostra\/#primaryimage"},"thumbnailUrl":"https:\/\/lamostradevalencia.com\/wp-content\/uploads\/2025\/10\/PHOTO-2025-10-25-11-34-05.jpg","datePublished":"2025-10-25T09:40:04+00:00","author":{"@id":"https:\/\/lamostradevalencia.com\/ca\/#\/schema\/person\/361c3c0dd5489e78ad78ee4f8332efac"},"breadcrumb":{"@id":"https:\/\/lamostradevalencia.com\/ca\/la-ruta-torna-a-valencia-gracies-a-la-mostra\/#breadcrumb"},"inLanguage":"ca","potentialAction":[{"@type":"ReadAction","target":["https:\/\/lamostradevalencia.com\/ca\/la-ruta-torna-a-valencia-gracies-a-la-mostra\/"]}]},{"@type":"ImageObject","inLanguage":"ca","@id":"https:\/\/lamostradevalencia.com\/ca\/la-ruta-torna-a-valencia-gracies-a-la-mostra\/#primaryimage","url":"https:\/\/lamostradevalencia.com\/wp-content\/uploads\/2025\/10\/PHOTO-2025-10-25-11-34-05.jpg","contentUrl":"https:\/\/lamostradevalencia.com\/wp-content\/uploads\/2025\/10\/PHOTO-2025-10-25-11-34-05.jpg","width":1600,"height":711},{"@type":"BreadcrumbList","@id":"https:\/\/lamostradevalencia.com\/ca\/la-ruta-torna-a-valencia-gracies-a-la-mostra\/#breadcrumb","itemListElement":[{"@type":"ListItem","position":1,"name":"Portada","item":"https:\/\/lamostradevalencia.com\/ca\/"},{"@type":"ListItem","position":2,"name":"\u2018La Ruta\u2019 torna a Val\u00e8ncia gr\u00e0cies a la Mostra"}]},{"@type":"WebSite","@id":"https:\/\/lamostradevalencia.com\/ca\/#website","url":"https:\/\/lamostradevalencia.com\/ca\/","name":"Mostra de Val\u00e8ncia","description":"Cinema del Mediterrani","potentialAction":[{"@type":"SearchAction","target":{"@type":"EntryPoint","urlTemplate":"https:\/\/lamostradevalencia.com\/ca\/?s={search_term_string}"},"query-input":{"@type":"PropertyValueSpecification","valueRequired":true,"valueName":"search_term_string"}}],"inLanguage":"ca"},{"@type":"Person","@id":"https:\/\/lamostradevalencia.com\/ca\/#\/schema\/person\/361c3c0dd5489e78ad78ee4f8332efac","name":"contenidos","image":{"@type":"ImageObject","inLanguage":"ca","@id":"https:\/\/secure.gravatar.com\/avatar\/a87eddc188a32d5a0371ff92ef616b5006a91e389296d49d081f8d424eef134c?s=96&d=mm&r=g","url":"https:\/\/secure.gravatar.com\/avatar\/a87eddc188a32d5a0371ff92ef616b5006a91e389296d49d081f8d424eef134c?s=96&d=mm&r=g","contentUrl":"https:\/\/secure.gravatar.com\/avatar\/a87eddc188a32d5a0371ff92ef616b5006a91e389296d49d081f8d424eef134c?s=96&d=mm&r=g","caption":"contenidos"}}]}},"uagb_featured_image_src":{"full":["https:\/\/lamostradevalencia.com\/wp-content\/uploads\/2025\/10\/PHOTO-2025-10-25-11-34-05.jpg",1600,711,false],"thumbnail":["https:\/\/lamostradevalencia.com\/wp-content\/uploads\/2025\/10\/PHOTO-2025-10-25-11-34-05-150x150.jpg",150,150,true],"medium":["https:\/\/lamostradevalencia.com\/wp-content\/uploads\/2025\/10\/PHOTO-2025-10-25-11-34-05-300x133.jpg",300,133,true],"medium_large":["https:\/\/lamostradevalencia.com\/wp-content\/uploads\/2025\/10\/PHOTO-2025-10-25-11-34-05-768x341.jpg",768,341,true],"large":["https:\/\/lamostradevalencia.com\/wp-content\/uploads\/2025\/10\/PHOTO-2025-10-25-11-34-05-1024x455.jpg",1024,455,true],"1536x1536":["https:\/\/lamostradevalencia.com\/wp-content\/uploads\/2025\/10\/PHOTO-2025-10-25-11-34-05-1536x683.jpg",1536,683,true],"2048x2048":["https:\/\/lamostradevalencia.com\/wp-content\/uploads\/2025\/10\/PHOTO-2025-10-25-11-34-05.jpg",1600,711,false],"cinerama_edge_image_square":["https:\/\/lamostradevalencia.com\/wp-content\/uploads\/2025\/10\/PHOTO-2025-10-25-11-34-05-550x550.jpg",550,550,true],"cinerama_edge_image_landscape":["https:\/\/lamostradevalencia.com\/wp-content\/uploads\/2025\/10\/PHOTO-2025-10-25-11-34-05-1100x550.jpg",1100,550,true],"cinerama_edge_image_portrait":["https:\/\/lamostradevalencia.com\/wp-content\/uploads\/2025\/10\/PHOTO-2025-10-25-11-34-05-550x711.jpg",550,711,true],"cinerama_edge_image_huge":["https:\/\/lamostradevalencia.com\/wp-content\/uploads\/2025\/10\/PHOTO-2025-10-25-11-34-05-1100x711.jpg",1100,711,true],"gform-image-choice-sm":["https:\/\/lamostradevalencia.com\/wp-content\/uploads\/2025\/10\/PHOTO-2025-10-25-11-34-05.jpg",300,133,false],"gform-image-choice-md":["https:\/\/lamostradevalencia.com\/wp-content\/uploads\/2025\/10\/PHOTO-2025-10-25-11-34-05.jpg",400,178,false],"gform-image-choice-lg":["https:\/\/lamostradevalencia.com\/wp-content\/uploads\/2025\/10\/PHOTO-2025-10-25-11-34-05.jpg",600,267,false]},"uagb_author_info":{"display_name":"contenidos","author_link":"https:\/\/lamostradevalencia.com\/ca\/author\/contenidos\/"},"uagb_comment_info":0,"uagb_excerpt":"L&#8217;equip de la s\u00e8rie preestrena el primer cap\u00edtol de la segona temporada en els ABC Park, davant una sala abarrotada Borja Soler i Roberto Mart\u00edn [&hellip;]","_links":{"self":[{"href":"https:\/\/lamostradevalencia.com\/ca\/wp-json\/wp\/v2\/posts\/30423","targetHints":{"allow":["GET"]}}],"collection":[{"href":"https:\/\/lamostradevalencia.com\/ca\/wp-json\/wp\/v2\/posts"}],"about":[{"href":"https:\/\/lamostradevalencia.com\/ca\/wp-json\/wp\/v2\/types\/post"}],"author":[{"embeddable":true,"href":"https:\/\/lamostradevalencia.com\/ca\/wp-json\/wp\/v2\/users\/3"}],"replies":[{"embeddable":true,"href":"https:\/\/lamostradevalencia.com\/ca\/wp-json\/wp\/v2\/comments?post=30423"}],"version-history":[{"count":1,"href":"https:\/\/lamostradevalencia.com\/ca\/wp-json\/wp\/v2\/posts\/30423\/revisions"}],"predecessor-version":[{"id":30424,"href":"https:\/\/lamostradevalencia.com\/ca\/wp-json\/wp\/v2\/posts\/30423\/revisions\/30424"}],"wp:featuredmedia":[{"embeddable":true,"href":"https:\/\/lamostradevalencia.com\/ca\/wp-json\/wp\/v2\/media\/30460"}],"wp:attachment":[{"href":"https:\/\/lamostradevalencia.com\/ca\/wp-json\/wp\/v2\/media?parent=30423"}],"wp:term":[{"taxonomy":"category","embeddable":true,"href":"https:\/\/lamostradevalencia.com\/ca\/wp-json\/wp\/v2\/categories?post=30423"},{"taxonomy":"post_tag","embeddable":true,"href":"https:\/\/lamostradevalencia.com\/ca\/wp-json\/wp\/v2\/tags?post=30423"}],"curies":[{"name":"wp","href":"https:\/\/api.w.org\/{rel}","templated":true}]}}