{"id":30412,"date":"2025-10-24T18:48:05","date_gmt":"2025-10-24T16:48:05","guid":{"rendered":"https:\/\/lamostradevalencia.com\/?p=30412"},"modified":"2025-10-24T18:47:26","modified_gmt":"2025-10-24T16:47:26","slug":"a-second-life-ens-descobreix-el-paris-estrany-sense-francesos-durant-els-jocs-olimpics-de-2024","status":"publish","type":"post","link":"https:\/\/lamostradevalencia.com\/ca\/a-second-life-ens-descobreix-el-paris-estrany-sense-francesos-durant-els-jocs-olimpics-de-2024\/","title":{"rendered":"\u2018A second Life\u2019 ens descobreix el Par\u00eds estrany sense francesos durant els Jocs Ol\u00edmpics de 2024"},"content":{"rendered":"<p><i><span style=\"font-weight: 400;\">El seu director, <\/span><\/i><b><i>Laurent Slama<\/i><\/b><i><span style=\"font-weight: 400;\">, i el seu protagonista <\/span><\/i><b><i>Jonas Bachan<\/i><\/b><i><span style=\"font-weight: 400;\">, presenten la segona pel\u00b7l\u00edcula a concurs de la 40a <\/span><\/i><b><i>Mostra de Val\u00e8ncia<\/i><\/b><\/p>\n<p><span style=\"font-weight: 400;\">Rodada en el moment en qu\u00e8 Par\u00eds estava m\u00e9s buit de parisencs, sense cap tipus de perm\u00eds i basada subtilment en \u201ccertes idees de \u2018El llop estepari\u2019 de Hermann Hesse\u201d, el director <\/span><b>Laurent Slama<\/b><span style=\"font-weight: 400;\"> i l\u2019actor <\/span><b>Jonas Bachan<\/b><span style=\"font-weight: 400;\"> han desgranat durant la roda de premsa tots els detalls de <\/span><b>\u2018A second Life\u2019<\/b><span style=\"font-weight: 400;\">, la segona pel\u00b7l\u00edcula a competici\u00f3 de la <\/span><b>Mostra de Val\u00e8ncia<\/b><span style=\"font-weight: 400;\">, organitzada pel <\/span><b>Palau de la M\u00fasica<\/b><span style=\"font-weight: 400;\">.<\/span><\/p>\n<p><span style=\"font-weight: 400;\">El director trasllada l\u2019acci\u00f3 d\u2019aquesta pel\u00b7l\u00edcula al dia de la cerim\u00f2nia inaugural dels <\/span><b>Jocs Ol\u00edmpics de Par\u00eds 2024<\/b><span style=\"font-weight: 400;\">, per seguir <\/span><b>Elisabeth<\/b><span style=\"font-weight: 400;\">, una jove amb discapacitat auditiva que lluita contra la depressi\u00f3 mentre gestiona pisos tur\u00edstics de lloguer. La seua rutina es veu alterada amb l\u2019arribada d\u2019<\/span><b>Elijah<\/b><span style=\"font-weight: 400;\">, un californi\u00e0 que posa a prova el seu fr\u00e0gil equilibri emocional.<\/span><\/p>\n<p><span style=\"font-weight: 400;\">\u201cEn aquesta pel\u00b7l\u00edcula em centre en l\u2019experi\u00e8ncia de la p\u00e8rdua auditiva, sovint incompresa i estigmatitzada, una discapacitat que crea barreres, dist\u00e0ncia, fatiga i incertesa\u201d, ha explicat <\/span><b>Laurent Slama<\/b><span style=\"font-weight: 400;\">. \u201cA trav\u00e9s d\u2019Elisabeth vaig voler parlar d\u2019alguna cosa universal: la recerca d\u2019identitat en un m\u00f3n que no sempre accepta la difer\u00e8ncia\u201d. Per aix\u00f2, el disseny de so era essencial, ja que, com ha assenyalat el director, \u201cvolia que el p\u00fablic escoltara el m\u00f3n com ho fa ella, submergint-se en la seua soledat, a\u00efllament i for\u00e7a interior. Volia que connectara amb una certa abstracci\u00f3, i aix\u00f2 tamb\u00e9 t\u00e9 a veure amb la manera de veure els colors i amb l\u2019impressionisme i Monet&#8221;.<\/span><\/p>\n<p><span style=\"font-weight: 400;\">La ciutat del Sena adquireix protagonisme i es mostra totalment diferent de la imatge que sol oferir: \u201cLa idea era mostrar un Par\u00eds d\u2019una manera que no es mostra habitualment en el cinema franc\u00e8s, on es mostren m\u00e9s els interiors, i no una ciutat bulliciosa, plena de gent i turistes. Es tractava de donar vida a la c\u00e0mera.\u201d Per a aix\u00f2, com recorda <\/span><b>Jonas Bachan<\/b><span style=\"font-weight: 400;\">, l\u2019actor que encarna Elijah, \u201cvam improvisar molt durant tot el rodatge, vam passejar per Par\u00eds i vam deixar que la cosa flu\u00efra\u201d, i ha afegit: \u201cJo visc a Par\u00eds i no m\u2019agrada, \u00e9s una ciutat molt sorollosa, amb molta gent; per aix\u00f2 vol\u00edem mostrar aquest estr\u00e8s que viu la ciutat i el soroll. Estic molt orgull\u00f3s de formar part d\u2019aquest projecte.\u201d<\/span><\/p>\n<p><span style=\"font-weight: 400;\">Es tracta de la tercera pel\u00b7l\u00edcula del director, per\u00f2 de la primera que signa amb el seu nom real: \u201cEstic orgull\u00f3s dels meus treballs anteriors, per\u00f2 els vaig fer quan era jove i no vaig voler signar-los perqu\u00e8 volia que les pel\u00b7l\u00edcules es sentiren com a obra de tot l\u2019equip i no nom\u00e9s d\u2019una persona. En aquesta \u00faltima la vaig signar i vaig passar el meu pseud\u00f2nim, Elisabeth, a la protagonista&#8221;.<\/span><\/p>\n","protected":false},"excerpt":{"rendered":"<p>El seu director, Laurent Slama, i el seu protagonista Jonas Bachan, presenten la segona pel\u00b7l\u00edcula a concurs de la 40a Mostra de Val\u00e8ncia Rodada en [&hellip;]<\/p>\n","protected":false},"author":3,"featured_media":30406,"comment_status":"open","ping_status":"open","sticky":false,"template":"","format":"standard","meta":{"_uag_custom_page_level_css":"","_jet_sm_ready_style":"","_jet_sm_style":"","_jet_sm_controls_values":"","_jet_sm_fonts_collection":"","_jet_sm_fonts_links":"","footnotes":""},"categories":[31],"tags":[],"class_list":["post-30412","post","type-post","status-publish","format-standard","has-post-thumbnail","hentry","category-uncategorized-ca"],"yoast_head":"<!-- This site is optimized with the Yoast SEO plugin v27.4 - https:\/\/yoast.com\/product\/yoast-seo-wordpress\/ -->\n<title>\u2018A second Life\u2019 ens descobreix el Par\u00eds estrany sense francesos durant els Jocs Ol\u00edmpics de 2024 - Mostra de Val\u00e8ncia<\/title>\n<meta name=\"robots\" content=\"index, follow, max-snippet:-1, max-image-preview:large, max-video-preview:-1\" \/>\n<link rel=\"canonical\" href=\"https:\/\/lamostradevalencia.com\/ca\/a-second-life-ens-descobreix-el-paris-estrany-sense-francesos-durant-els-jocs-olimpics-de-2024\/\" \/>\n<meta property=\"og:locale\" content=\"ca_ES\" \/>\n<meta property=\"og:type\" content=\"article\" \/>\n<meta property=\"og:title\" content=\"\u2018A second Life\u2019 ens descobreix el Par\u00eds estrany sense francesos durant els Jocs Ol\u00edmpics de 2024 - Mostra de Val\u00e8ncia\" \/>\n<meta property=\"og:description\" content=\"El seu director, Laurent Slama, i el seu protagonista Jonas Bachan, presenten la segona pel\u00b7l\u00edcula a concurs de la 40a Mostra de Val\u00e8ncia Rodada en [&hellip;]\" \/>\n<meta property=\"og:url\" content=\"https:\/\/lamostradevalencia.com\/ca\/a-second-life-ens-descobreix-el-paris-estrany-sense-francesos-durant-els-jocs-olimpics-de-2024\/\" \/>\n<meta property=\"og:site_name\" content=\"Mostra de Val\u00e8ncia\" \/>\n<meta property=\"article:published_time\" content=\"2025-10-24T16:48:05+00:00\" \/>\n<meta property=\"og:image\" content=\"https:\/\/lamostradevalencia.com\/wp-content\/uploads\/2025\/10\/PHOTO-2025-10-24-18-40-38.jpg\" \/>\n\t<meta property=\"og:image:width\" content=\"1600\" \/>\n\t<meta property=\"og:image:height\" content=\"1067\" \/>\n\t<meta property=\"og:image:type\" content=\"image\/jpeg\" \/>\n<meta name=\"author\" content=\"contenidos\" \/>\n<meta name=\"twitter:card\" content=\"summary_large_image\" \/>\n<meta name=\"twitter:label1\" content=\"Escrit per\" \/>\n\t<meta name=\"twitter:data1\" content=\"contenidos\" \/>\n\t<meta name=\"twitter:label2\" content=\"Temps estimat de lectura\" \/>\n\t<meta name=\"twitter:data2\" content=\"3 minuts\" \/>\n<script type=\"application\/ld+json\" class=\"yoast-schema-graph\">{\"@context\":\"https:\\\/\\\/schema.org\",\"@graph\":[{\"@type\":\"Article\",\"@id\":\"https:\\\/\\\/lamostradevalencia.com\\\/ca\\\/a-second-life-ens-descobreix-el-paris-estrany-sense-francesos-durant-els-jocs-olimpics-de-2024\\\/#article\",\"isPartOf\":{\"@id\":\"https:\\\/\\\/lamostradevalencia.com\\\/ca\\\/a-second-life-ens-descobreix-el-paris-estrany-sense-francesos-durant-els-jocs-olimpics-de-2024\\\/\"},\"author\":{\"name\":\"contenidos\",\"@id\":\"https:\\\/\\\/lamostradevalencia.com\\\/ca\\\/#\\\/schema\\\/person\\\/361c3c0dd5489e78ad78ee4f8332efac\"},\"headline\":\"\u2018A second Life\u2019 ens descobreix el Par\u00eds estrany sense francesos durant els Jocs Ol\u00edmpics de 2024\",\"datePublished\":\"2025-10-24T16:48:05+00:00\",\"mainEntityOfPage\":{\"@id\":\"https:\\\/\\\/lamostradevalencia.com\\\/ca\\\/a-second-life-ens-descobreix-el-paris-estrany-sense-francesos-durant-els-jocs-olimpics-de-2024\\\/\"},\"wordCount\":532,\"commentCount\":0,\"image\":{\"@id\":\"https:\\\/\\\/lamostradevalencia.com\\\/ca\\\/a-second-life-ens-descobreix-el-paris-estrany-sense-francesos-durant-els-jocs-olimpics-de-2024\\\/#primaryimage\"},\"thumbnailUrl\":\"https:\\\/\\\/lamostradevalencia.com\\\/wp-content\\\/uploads\\\/2025\\\/10\\\/PHOTO-2025-10-24-18-40-38.jpg\",\"articleSection\":[\"Uncategorized @ca\"],\"inLanguage\":\"ca\",\"potentialAction\":[{\"@type\":\"CommentAction\",\"name\":\"Comment\",\"target\":[\"https:\\\/\\\/lamostradevalencia.com\\\/ca\\\/a-second-life-ens-descobreix-el-paris-estrany-sense-francesos-durant-els-jocs-olimpics-de-2024\\\/#respond\"]}]},{\"@type\":\"WebPage\",\"@id\":\"https:\\\/\\\/lamostradevalencia.com\\\/ca\\\/a-second-life-ens-descobreix-el-paris-estrany-sense-francesos-durant-els-jocs-olimpics-de-2024\\\/\",\"url\":\"https:\\\/\\\/lamostradevalencia.com\\\/ca\\\/a-second-life-ens-descobreix-el-paris-estrany-sense-francesos-durant-els-jocs-olimpics-de-2024\\\/\",\"name\":\"\u2018A second Life\u2019 ens descobreix el Par\u00eds estrany sense francesos durant els Jocs Ol\u00edmpics de 2024 - Mostra de Val\u00e8ncia\",\"isPartOf\":{\"@id\":\"https:\\\/\\\/lamostradevalencia.com\\\/ca\\\/#website\"},\"primaryImageOfPage\":{\"@id\":\"https:\\\/\\\/lamostradevalencia.com\\\/ca\\\/a-second-life-ens-descobreix-el-paris-estrany-sense-francesos-durant-els-jocs-olimpics-de-2024\\\/#primaryimage\"},\"image\":{\"@id\":\"https:\\\/\\\/lamostradevalencia.com\\\/ca\\\/a-second-life-ens-descobreix-el-paris-estrany-sense-francesos-durant-els-jocs-olimpics-de-2024\\\/#primaryimage\"},\"thumbnailUrl\":\"https:\\\/\\\/lamostradevalencia.com\\\/wp-content\\\/uploads\\\/2025\\\/10\\\/PHOTO-2025-10-24-18-40-38.jpg\",\"datePublished\":\"2025-10-24T16:48:05+00:00\",\"author\":{\"@id\":\"https:\\\/\\\/lamostradevalencia.com\\\/ca\\\/#\\\/schema\\\/person\\\/361c3c0dd5489e78ad78ee4f8332efac\"},\"breadcrumb\":{\"@id\":\"https:\\\/\\\/lamostradevalencia.com\\\/ca\\\/a-second-life-ens-descobreix-el-paris-estrany-sense-francesos-durant-els-jocs-olimpics-de-2024\\\/#breadcrumb\"},\"inLanguage\":\"ca\",\"potentialAction\":[{\"@type\":\"ReadAction\",\"target\":[\"https:\\\/\\\/lamostradevalencia.com\\\/ca\\\/a-second-life-ens-descobreix-el-paris-estrany-sense-francesos-durant-els-jocs-olimpics-de-2024\\\/\"]}]},{\"@type\":\"ImageObject\",\"inLanguage\":\"ca\",\"@id\":\"https:\\\/\\\/lamostradevalencia.com\\\/ca\\\/a-second-life-ens-descobreix-el-paris-estrany-sense-francesos-durant-els-jocs-olimpics-de-2024\\\/#primaryimage\",\"url\":\"https:\\\/\\\/lamostradevalencia.com\\\/wp-content\\\/uploads\\\/2025\\\/10\\\/PHOTO-2025-10-24-18-40-38.jpg\",\"contentUrl\":\"https:\\\/\\\/lamostradevalencia.com\\\/wp-content\\\/uploads\\\/2025\\\/10\\\/PHOTO-2025-10-24-18-40-38.jpg\",\"width\":1600,\"height\":1067},{\"@type\":\"BreadcrumbList\",\"@id\":\"https:\\\/\\\/lamostradevalencia.com\\\/ca\\\/a-second-life-ens-descobreix-el-paris-estrany-sense-francesos-durant-els-jocs-olimpics-de-2024\\\/#breadcrumb\",\"itemListElement\":[{\"@type\":\"ListItem\",\"position\":1,\"name\":\"Portada\",\"item\":\"https:\\\/\\\/lamostradevalencia.com\\\/ca\\\/\"},{\"@type\":\"ListItem\",\"position\":2,\"name\":\"\u2018A second Life\u2019 ens descobreix el Par\u00eds estrany sense francesos durant els Jocs Ol\u00edmpics de 2024\"}]},{\"@type\":\"WebSite\",\"@id\":\"https:\\\/\\\/lamostradevalencia.com\\\/ca\\\/#website\",\"url\":\"https:\\\/\\\/lamostradevalencia.com\\\/ca\\\/\",\"name\":\"Mostra de Val\u00e8ncia\",\"description\":\"Cinema del Mediterrani\",\"potentialAction\":[{\"@type\":\"SearchAction\",\"target\":{\"@type\":\"EntryPoint\",\"urlTemplate\":\"https:\\\/\\\/lamostradevalencia.com\\\/ca\\\/?s={search_term_string}\"},\"query-input\":{\"@type\":\"PropertyValueSpecification\",\"valueRequired\":true,\"valueName\":\"search_term_string\"}}],\"inLanguage\":\"ca\"},{\"@type\":\"Person\",\"@id\":\"https:\\\/\\\/lamostradevalencia.com\\\/ca\\\/#\\\/schema\\\/person\\\/361c3c0dd5489e78ad78ee4f8332efac\",\"name\":\"contenidos\",\"image\":{\"@type\":\"ImageObject\",\"inLanguage\":\"ca\",\"@id\":\"https:\\\/\\\/secure.gravatar.com\\\/avatar\\\/a87eddc188a32d5a0371ff92ef616b5006a91e389296d49d081f8d424eef134c?s=96&d=mm&r=g\",\"url\":\"https:\\\/\\\/secure.gravatar.com\\\/avatar\\\/a87eddc188a32d5a0371ff92ef616b5006a91e389296d49d081f8d424eef134c?s=96&d=mm&r=g\",\"contentUrl\":\"https:\\\/\\\/secure.gravatar.com\\\/avatar\\\/a87eddc188a32d5a0371ff92ef616b5006a91e389296d49d081f8d424eef134c?s=96&d=mm&r=g\",\"caption\":\"contenidos\"}}]}<\/script>\n<!-- \/ Yoast SEO plugin. -->","yoast_head_json":{"title":"\u2018A second Life\u2019 ens descobreix el Par\u00eds estrany sense francesos durant els Jocs Ol\u00edmpics de 2024 - Mostra de Val\u00e8ncia","robots":{"index":"index","follow":"follow","max-snippet":"max-snippet:-1","max-image-preview":"max-image-preview:large","max-video-preview":"max-video-preview:-1"},"canonical":"https:\/\/lamostradevalencia.com\/ca\/a-second-life-ens-descobreix-el-paris-estrany-sense-francesos-durant-els-jocs-olimpics-de-2024\/","og_locale":"ca_ES","og_type":"article","og_title":"\u2018A second Life\u2019 ens descobreix el Par\u00eds estrany sense francesos durant els Jocs Ol\u00edmpics de 2024 - Mostra de Val\u00e8ncia","og_description":"El seu director, Laurent Slama, i el seu protagonista Jonas Bachan, presenten la segona pel\u00b7l\u00edcula a concurs de la 40a Mostra de Val\u00e8ncia Rodada en [&hellip;]","og_url":"https:\/\/lamostradevalencia.com\/ca\/a-second-life-ens-descobreix-el-paris-estrany-sense-francesos-durant-els-jocs-olimpics-de-2024\/","og_site_name":"Mostra de Val\u00e8ncia","article_published_time":"2025-10-24T16:48:05+00:00","og_image":[{"width":1600,"height":1067,"url":"https:\/\/lamostradevalencia.com\/wp-content\/uploads\/2025\/10\/PHOTO-2025-10-24-18-40-38.jpg","type":"image\/jpeg"}],"author":"contenidos","twitter_card":"summary_large_image","twitter_misc":{"Escrit per":"contenidos","Temps estimat de lectura":"3 minuts"},"schema":{"@context":"https:\/\/schema.org","@graph":[{"@type":"Article","@id":"https:\/\/lamostradevalencia.com\/ca\/a-second-life-ens-descobreix-el-paris-estrany-sense-francesos-durant-els-jocs-olimpics-de-2024\/#article","isPartOf":{"@id":"https:\/\/lamostradevalencia.com\/ca\/a-second-life-ens-descobreix-el-paris-estrany-sense-francesos-durant-els-jocs-olimpics-de-2024\/"},"author":{"name":"contenidos","@id":"https:\/\/lamostradevalencia.com\/ca\/#\/schema\/person\/361c3c0dd5489e78ad78ee4f8332efac"},"headline":"\u2018A second Life\u2019 ens descobreix el Par\u00eds estrany sense francesos durant els Jocs Ol\u00edmpics de 2024","datePublished":"2025-10-24T16:48:05+00:00","mainEntityOfPage":{"@id":"https:\/\/lamostradevalencia.com\/ca\/a-second-life-ens-descobreix-el-paris-estrany-sense-francesos-durant-els-jocs-olimpics-de-2024\/"},"wordCount":532,"commentCount":0,"image":{"@id":"https:\/\/lamostradevalencia.com\/ca\/a-second-life-ens-descobreix-el-paris-estrany-sense-francesos-durant-els-jocs-olimpics-de-2024\/#primaryimage"},"thumbnailUrl":"https:\/\/lamostradevalencia.com\/wp-content\/uploads\/2025\/10\/PHOTO-2025-10-24-18-40-38.jpg","articleSection":["Uncategorized @ca"],"inLanguage":"ca","potentialAction":[{"@type":"CommentAction","name":"Comment","target":["https:\/\/lamostradevalencia.com\/ca\/a-second-life-ens-descobreix-el-paris-estrany-sense-francesos-durant-els-jocs-olimpics-de-2024\/#respond"]}]},{"@type":"WebPage","@id":"https:\/\/lamostradevalencia.com\/ca\/a-second-life-ens-descobreix-el-paris-estrany-sense-francesos-durant-els-jocs-olimpics-de-2024\/","url":"https:\/\/lamostradevalencia.com\/ca\/a-second-life-ens-descobreix-el-paris-estrany-sense-francesos-durant-els-jocs-olimpics-de-2024\/","name":"\u2018A second Life\u2019 ens descobreix el Par\u00eds estrany sense francesos durant els Jocs Ol\u00edmpics de 2024 - Mostra de Val\u00e8ncia","isPartOf":{"@id":"https:\/\/lamostradevalencia.com\/ca\/#website"},"primaryImageOfPage":{"@id":"https:\/\/lamostradevalencia.com\/ca\/a-second-life-ens-descobreix-el-paris-estrany-sense-francesos-durant-els-jocs-olimpics-de-2024\/#primaryimage"},"image":{"@id":"https:\/\/lamostradevalencia.com\/ca\/a-second-life-ens-descobreix-el-paris-estrany-sense-francesos-durant-els-jocs-olimpics-de-2024\/#primaryimage"},"thumbnailUrl":"https:\/\/lamostradevalencia.com\/wp-content\/uploads\/2025\/10\/PHOTO-2025-10-24-18-40-38.jpg","datePublished":"2025-10-24T16:48:05+00:00","author":{"@id":"https:\/\/lamostradevalencia.com\/ca\/#\/schema\/person\/361c3c0dd5489e78ad78ee4f8332efac"},"breadcrumb":{"@id":"https:\/\/lamostradevalencia.com\/ca\/a-second-life-ens-descobreix-el-paris-estrany-sense-francesos-durant-els-jocs-olimpics-de-2024\/#breadcrumb"},"inLanguage":"ca","potentialAction":[{"@type":"ReadAction","target":["https:\/\/lamostradevalencia.com\/ca\/a-second-life-ens-descobreix-el-paris-estrany-sense-francesos-durant-els-jocs-olimpics-de-2024\/"]}]},{"@type":"ImageObject","inLanguage":"ca","@id":"https:\/\/lamostradevalencia.com\/ca\/a-second-life-ens-descobreix-el-paris-estrany-sense-francesos-durant-els-jocs-olimpics-de-2024\/#primaryimage","url":"https:\/\/lamostradevalencia.com\/wp-content\/uploads\/2025\/10\/PHOTO-2025-10-24-18-40-38.jpg","contentUrl":"https:\/\/lamostradevalencia.com\/wp-content\/uploads\/2025\/10\/PHOTO-2025-10-24-18-40-38.jpg","width":1600,"height":1067},{"@type":"BreadcrumbList","@id":"https:\/\/lamostradevalencia.com\/ca\/a-second-life-ens-descobreix-el-paris-estrany-sense-francesos-durant-els-jocs-olimpics-de-2024\/#breadcrumb","itemListElement":[{"@type":"ListItem","position":1,"name":"Portada","item":"https:\/\/lamostradevalencia.com\/ca\/"},{"@type":"ListItem","position":2,"name":"\u2018A second Life\u2019 ens descobreix el Par\u00eds estrany sense francesos durant els Jocs Ol\u00edmpics de 2024"}]},{"@type":"WebSite","@id":"https:\/\/lamostradevalencia.com\/ca\/#website","url":"https:\/\/lamostradevalencia.com\/ca\/","name":"Mostra de Val\u00e8ncia","description":"Cinema del Mediterrani","potentialAction":[{"@type":"SearchAction","target":{"@type":"EntryPoint","urlTemplate":"https:\/\/lamostradevalencia.com\/ca\/?s={search_term_string}"},"query-input":{"@type":"PropertyValueSpecification","valueRequired":true,"valueName":"search_term_string"}}],"inLanguage":"ca"},{"@type":"Person","@id":"https:\/\/lamostradevalencia.com\/ca\/#\/schema\/person\/361c3c0dd5489e78ad78ee4f8332efac","name":"contenidos","image":{"@type":"ImageObject","inLanguage":"ca","@id":"https:\/\/secure.gravatar.com\/avatar\/a87eddc188a32d5a0371ff92ef616b5006a91e389296d49d081f8d424eef134c?s=96&d=mm&r=g","url":"https:\/\/secure.gravatar.com\/avatar\/a87eddc188a32d5a0371ff92ef616b5006a91e389296d49d081f8d424eef134c?s=96&d=mm&r=g","contentUrl":"https:\/\/secure.gravatar.com\/avatar\/a87eddc188a32d5a0371ff92ef616b5006a91e389296d49d081f8d424eef134c?s=96&d=mm&r=g","caption":"contenidos"}}]}},"uagb_featured_image_src":{"full":["https:\/\/lamostradevalencia.com\/wp-content\/uploads\/2025\/10\/PHOTO-2025-10-24-18-40-38.jpg",1600,1067,false],"thumbnail":["https:\/\/lamostradevalencia.com\/wp-content\/uploads\/2025\/10\/PHOTO-2025-10-24-18-40-38-150x150.jpg",150,150,true],"medium":["https:\/\/lamostradevalencia.com\/wp-content\/uploads\/2025\/10\/PHOTO-2025-10-24-18-40-38-300x200.jpg",300,200,true],"medium_large":["https:\/\/lamostradevalencia.com\/wp-content\/uploads\/2025\/10\/PHOTO-2025-10-24-18-40-38-768x512.jpg",768,512,true],"large":["https:\/\/lamostradevalencia.com\/wp-content\/uploads\/2025\/10\/PHOTO-2025-10-24-18-40-38-1024x683.jpg",1024,683,true],"1536x1536":["https:\/\/lamostradevalencia.com\/wp-content\/uploads\/2025\/10\/PHOTO-2025-10-24-18-40-38-1536x1024.jpg",1536,1024,true],"2048x2048":["https:\/\/lamostradevalencia.com\/wp-content\/uploads\/2025\/10\/PHOTO-2025-10-24-18-40-38.jpg",1600,1067,false],"cinerama_edge_image_square":["https:\/\/lamostradevalencia.com\/wp-content\/uploads\/2025\/10\/PHOTO-2025-10-24-18-40-38-550x550.jpg",550,550,true],"cinerama_edge_image_landscape":["https:\/\/lamostradevalencia.com\/wp-content\/uploads\/2025\/10\/PHOTO-2025-10-24-18-40-38-1100x550.jpg",1100,550,true],"cinerama_edge_image_portrait":["https:\/\/lamostradevalencia.com\/wp-content\/uploads\/2025\/10\/PHOTO-2025-10-24-18-40-38-550x1067.jpg",550,1067,true],"cinerama_edge_image_huge":["https:\/\/lamostradevalencia.com\/wp-content\/uploads\/2025\/10\/PHOTO-2025-10-24-18-40-38-1100x1067.jpg",1100,1067,true],"gform-image-choice-sm":["https:\/\/lamostradevalencia.com\/wp-content\/uploads\/2025\/10\/PHOTO-2025-10-24-18-40-38.jpg",300,200,false],"gform-image-choice-md":["https:\/\/lamostradevalencia.com\/wp-content\/uploads\/2025\/10\/PHOTO-2025-10-24-18-40-38.jpg",400,267,false],"gform-image-choice-lg":["https:\/\/lamostradevalencia.com\/wp-content\/uploads\/2025\/10\/PHOTO-2025-10-24-18-40-38.jpg",600,400,false]},"uagb_author_info":{"display_name":"contenidos","author_link":"https:\/\/lamostradevalencia.com\/ca\/author\/contenidos\/"},"uagb_comment_info":0,"uagb_excerpt":"El seu director, Laurent Slama, i el seu protagonista Jonas Bachan, presenten la segona pel\u00b7l\u00edcula a concurs de la 40a Mostra de Val\u00e8ncia Rodada en [&hellip;]","_links":{"self":[{"href":"https:\/\/lamostradevalencia.com\/ca\/wp-json\/wp\/v2\/posts\/30412","targetHints":{"allow":["GET"]}}],"collection":[{"href":"https:\/\/lamostradevalencia.com\/ca\/wp-json\/wp\/v2\/posts"}],"about":[{"href":"https:\/\/lamostradevalencia.com\/ca\/wp-json\/wp\/v2\/types\/post"}],"author":[{"embeddable":true,"href":"https:\/\/lamostradevalencia.com\/ca\/wp-json\/wp\/v2\/users\/3"}],"replies":[{"embeddable":true,"href":"https:\/\/lamostradevalencia.com\/ca\/wp-json\/wp\/v2\/comments?post=30412"}],"version-history":[{"count":1,"href":"https:\/\/lamostradevalencia.com\/ca\/wp-json\/wp\/v2\/posts\/30412\/revisions"}],"predecessor-version":[{"id":30413,"href":"https:\/\/lamostradevalencia.com\/ca\/wp-json\/wp\/v2\/posts\/30412\/revisions\/30413"}],"wp:featuredmedia":[{"embeddable":true,"href":"https:\/\/lamostradevalencia.com\/ca\/wp-json\/wp\/v2\/media\/30406"}],"wp:attachment":[{"href":"https:\/\/lamostradevalencia.com\/ca\/wp-json\/wp\/v2\/media?parent=30412"}],"wp:term":[{"taxonomy":"category","embeddable":true,"href":"https:\/\/lamostradevalencia.com\/ca\/wp-json\/wp\/v2\/categories?post=30412"},{"taxonomy":"post_tag","embeddable":true,"href":"https:\/\/lamostradevalencia.com\/ca\/wp-json\/wp\/v2\/tags?post=30412"}],"curies":[{"name":"wp","href":"https:\/\/api.w.org\/{rel}","templated":true}]}}