{"id":30393,"date":"2025-10-24T14:29:22","date_gmt":"2025-10-24T12:29:22","guid":{"rendered":"https:\/\/lamostradevalencia.com\/?p=30393"},"modified":"2025-10-24T14:29:22","modified_gmt":"2025-10-24T12:29:22","slug":"mostra-de-valencia-obri-la-competicio-amb-broken-vein-una-actualitzacio-de-la-tragedia-grega-classica","status":"publish","type":"post","link":"https:\/\/lamostradevalencia.com\/ca\/mostra-de-valencia-obri-la-competicio-amb-broken-vein-una-actualitzacio-de-la-tragedia-grega-classica\/","title":{"rendered":"Mostra de Val\u00e8ncia obri la competici\u00f3 amb \u2018Broken Vein\u2019, una actualitzaci\u00f3 de la trag\u00e8dia grega cl\u00e0ssica"},"content":{"rendered":"<h5><i><span style=\"font-weight: 400;\">Yannis Economides, autor de \u2018Stratos\u2019,<\/span><\/i> <i><span style=\"font-weight: 400;\">aborda els efectes que t\u00e9 el patriarcat en la fam\u00edlia mediterr\u00e0nia<\/span><\/i><\/h5>\n<p><span style=\"font-weight: 400;\">La <\/span><b>Mostra de Val\u00e8ncia \u2013 Cinema del Mediterrani<\/b><span style=\"font-weight: 400;\">, organitzada pel <\/span><b>Palau de la M\u00fasica<\/b><span style=\"font-weight: 400;\">, ha inaugurat hui la <\/span><b>Secci\u00f3 Oficial<\/b><span style=\"font-weight: 400;\"> de la seua <\/span><b>40a edici\u00f3<\/b><span style=\"font-weight: 400;\"> als cines<\/span><b> Babel<\/b><span style=\"font-weight: 400;\"> amb la projecci\u00f3 de \u2018Broken Vein\u2019, de <\/span><b>Yannis Economides<\/b><span style=\"font-weight: 400;\">. L\u2019autor de t\u00edtols com <\/span><i><span style=\"font-weight: 400;\">\u2018Stratos\u2019 <\/span><\/i><span style=\"font-weight: 400;\">o \u2018Ballad for a Pierced Heart\u2019 segueix en esta ocasi\u00f3 un home de negocis que, per a evitar perdre la seua casa a mans d\u2019un prestador usurer, elabora un pla aparentment perfecte el desenvolupament del qual acabar\u00e0 desencadenant una trag\u00e8dia familiar. \u00c9s a dir, converteix en protagonista aquell que en la major part dels relats \u00e9s l\u2019antagonista o el vil\u00e0.<\/span><\/p>\n<p><span style=\"font-weight: 400;\">\u201cEl cinema grec sempre ha explorat la incomoditat moral i la culpa. En esta pel\u00b7l\u00edcula intente actualitzar els conceptes de la trag\u00e8dia cl\u00e0ssica \u2014com l\u2019arrog\u00e0ncia, el crim o la fatalitat\u2014 i situar-los en el context dels herois moderns, aquells que creuen que poden controlar el seu propi dest\u00ed\u201d, explica <\/span><b>Economides<\/b><span style=\"font-weight: 400;\">. La seua obra, fidel a l\u2019esperit del <\/span><b>nou cinema hel\u00b7l\u00e8<\/b><span style=\"font-weight: 400;\">, combina tensi\u00f3 emocional, cruesa i una mirada l\u00facida sobre la corrupci\u00f3 moral de la societat contempor\u00e0nia.<\/span><\/p>\n<p><span style=\"font-weight: 400;\">Els productors de \u2018Broken Vein\u2019, <\/span><b>Dafni Aikaterini Tsaousi<\/b><span style=\"font-weight: 400;\"> i <\/span><b>Panos Papahadzis<\/b><span style=\"font-weight: 400;\">, han destacat este mat\u00ed en roda de premsa que \u201cefectivament, el protagonista \u00e9s una v\u00edctima d\u2019eixa arrog\u00e0ncia desmesurada que li fa creure que est\u00e0 per damunt dels d\u00e9us. Tot aix\u00f2 ens pot recordar \u2018L\u2019Odissea\u2019, Aquil\u00b7les o \u00cdcar. Veiem que el personatge acaba sent castigat, i el resultat \u00e9s inevitable. El c\u00e0stig \u00e9s un recordatori de la mortalitat humana. Com a p\u00fablic, ens fa sentir la por, i tot aix\u00f2 ens porta a la catarsi. Des de l\u2019antiga Gr\u00e8cia ens volien recordar la import\u00e0ncia de la humilitat.\u201d<\/span><\/p>\n<p><span style=\"font-weight: 400;\">Un altre dels temes fonamentals del film \u00e9s <\/span><b>la fam\u00edlia<\/b><span style=\"font-weight: 400;\">, \u201cque domina tota la cultura grega i mediterr\u00e0nia, mentre que en altres cultures el m\u00e9s important \u00e9s el viatge\u201d, segons els seus productors. \u201c\u00c9s el patriarcat el que acaba dictant les regles del que es fa a la llar. El nostre objectiu \u00e9s mostrar-ne les falles.\u201d<\/span><\/p>\n<p><span style=\"font-weight: 400;\">Tamb\u00e9 suposa una <\/span><b>an\u00e0lisi social<\/b><span style=\"font-weight: 400;\"> del seu pa\u00eds d\u2019origen: \u201cEs parla del gran problema que existix a Gr\u00e8cia: una burgesia que va fer molts diners i els va perdre. Ara veiem com patixen d\u2019un exc\u00e9s d\u2019orgull.\u201d<\/span><\/p>\n<p><span style=\"font-weight: 400;\">Amb esta proposta, la <\/span><b>Mostra de Val\u00e8ncia<\/b><span style=\"font-weight: 400;\"> inaugura oficialment la competici\u00f3 per la <\/span><b>Palmera d\u2019Or<\/b><span style=\"font-weight: 400;\"> i referma el seu comprom\u00eds amb un cinema mediterrani divers, valent i comprom\u00e9s amb la realitat social.<\/span><\/p>\n","protected":false},"excerpt":{"rendered":"<p>Yannis Economides, autor de \u2018Stratos\u2019, aborda els efectes que t\u00e9 el patriarcat en la fam\u00edlia mediterr\u00e0nia La Mostra de Val\u00e8ncia \u2013 Cinema del Mediterrani, organitzada [&hellip;]<\/p>\n","protected":false},"author":1,"featured_media":30388,"comment_status":"open","ping_status":"open","sticky":false,"template":"","format":"standard","meta":{"_uag_custom_page_level_css":"","_jet_sm_ready_style":"","_jet_sm_style":"","_jet_sm_controls_values":"","_jet_sm_fonts_collection":"","_jet_sm_fonts_links":"","footnotes":""},"categories":[455],"tags":[],"class_list":["post-30393","post","type-post","status-publish","format-standard","has-post-thumbnail","hentry","category-noticies"],"yoast_head":"<!-- This site is optimized with the Yoast SEO plugin v27.4 - https:\/\/yoast.com\/product\/yoast-seo-wordpress\/ -->\n<title>Mostra de Val\u00e8ncia obri la competici\u00f3 amb \u2018Broken Vein\u2019, una actualitzaci\u00f3 de la trag\u00e8dia grega cl\u00e0ssica - Mostra de Val\u00e8ncia<\/title>\n<meta name=\"robots\" content=\"index, follow, max-snippet:-1, max-image-preview:large, max-video-preview:-1\" \/>\n<link rel=\"canonical\" href=\"https:\/\/lamostradevalencia.com\/ca\/mostra-de-valencia-obri-la-competicio-amb-broken-vein-una-actualitzacio-de-la-tragedia-grega-classica\/\" \/>\n<meta property=\"og:locale\" content=\"ca_ES\" \/>\n<meta property=\"og:type\" content=\"article\" \/>\n<meta property=\"og:title\" content=\"Mostra de Val\u00e8ncia obri la competici\u00f3 amb \u2018Broken Vein\u2019, una actualitzaci\u00f3 de la trag\u00e8dia grega cl\u00e0ssica - Mostra de Val\u00e8ncia\" \/>\n<meta property=\"og:description\" content=\"Yannis Economides, autor de \u2018Stratos\u2019, aborda els efectes que t\u00e9 el patriarcat en la fam\u00edlia mediterr\u00e0nia La Mostra de Val\u00e8ncia \u2013 Cinema del Mediterrani, organitzada [&hellip;]\" \/>\n<meta property=\"og:url\" content=\"https:\/\/lamostradevalencia.com\/ca\/mostra-de-valencia-obri-la-competicio-amb-broken-vein-una-actualitzacio-de-la-tragedia-grega-classica\/\" \/>\n<meta property=\"og:site_name\" content=\"Mostra de Val\u00e8ncia\" \/>\n<meta property=\"article:published_time\" content=\"2025-10-24T12:29:22+00:00\" \/>\n<meta property=\"og:image\" content=\"https:\/\/lamostradevalencia.com\/wp-content\/uploads\/2025\/10\/broken-vein-2-scaled.jpg\" \/>\n\t<meta property=\"og:image:width\" content=\"2560\" \/>\n\t<meta property=\"og:image:height\" content=\"1708\" \/>\n\t<meta property=\"og:image:type\" content=\"image\/jpeg\" \/>\n<meta name=\"author\" content=\"Mostra de Val\u00e8ncia\" \/>\n<meta name=\"twitter:card\" content=\"summary_large_image\" \/>\n<meta name=\"twitter:label1\" content=\"Escrit per\" \/>\n\t<meta name=\"twitter:data1\" content=\"Mostra de Val\u00e8ncia\" \/>\n\t<meta name=\"twitter:label2\" content=\"Temps estimat de lectura\" \/>\n\t<meta name=\"twitter:data2\" content=\"3 minuts\" \/>\n<script type=\"application\/ld+json\" class=\"yoast-schema-graph\">{\"@context\":\"https:\\\/\\\/schema.org\",\"@graph\":[{\"@type\":\"Article\",\"@id\":\"https:\\\/\\\/lamostradevalencia.com\\\/ca\\\/mostra-de-valencia-obri-la-competicio-amb-broken-vein-una-actualitzacio-de-la-tragedia-grega-classica\\\/#article\",\"isPartOf\":{\"@id\":\"https:\\\/\\\/lamostradevalencia.com\\\/ca\\\/mostra-de-valencia-obri-la-competicio-amb-broken-vein-una-actualitzacio-de-la-tragedia-grega-classica\\\/\"},\"author\":{\"name\":\"Mostra de Val\u00e8ncia\",\"@id\":\"https:\\\/\\\/lamostradevalencia.com\\\/ca\\\/#\\\/schema\\\/person\\\/1dc07e4df3d6310b81d2cdf6a034070c\"},\"headline\":\"Mostra de Val\u00e8ncia obri la competici\u00f3 amb \u2018Broken Vein\u2019, una actualitzaci\u00f3 de la trag\u00e8dia grega cl\u00e0ssica\",\"datePublished\":\"2025-10-24T12:29:22+00:00\",\"mainEntityOfPage\":{\"@id\":\"https:\\\/\\\/lamostradevalencia.com\\\/ca\\\/mostra-de-valencia-obri-la-competicio-amb-broken-vein-una-actualitzacio-de-la-tragedia-grega-classica\\\/\"},\"wordCount\":477,\"commentCount\":0,\"image\":{\"@id\":\"https:\\\/\\\/lamostradevalencia.com\\\/ca\\\/mostra-de-valencia-obri-la-competicio-amb-broken-vein-una-actualitzacio-de-la-tragedia-grega-classica\\\/#primaryimage\"},\"thumbnailUrl\":\"https:\\\/\\\/lamostradevalencia.com\\\/wp-content\\\/uploads\\\/2025\\\/10\\\/broken-vein-2-scaled.jpg\",\"articleSection\":[\"Noticies\"],\"inLanguage\":\"ca\",\"potentialAction\":[{\"@type\":\"CommentAction\",\"name\":\"Comment\",\"target\":[\"https:\\\/\\\/lamostradevalencia.com\\\/ca\\\/mostra-de-valencia-obri-la-competicio-amb-broken-vein-una-actualitzacio-de-la-tragedia-grega-classica\\\/#respond\"]}]},{\"@type\":\"WebPage\",\"@id\":\"https:\\\/\\\/lamostradevalencia.com\\\/ca\\\/mostra-de-valencia-obri-la-competicio-amb-broken-vein-una-actualitzacio-de-la-tragedia-grega-classica\\\/\",\"url\":\"https:\\\/\\\/lamostradevalencia.com\\\/ca\\\/mostra-de-valencia-obri-la-competicio-amb-broken-vein-una-actualitzacio-de-la-tragedia-grega-classica\\\/\",\"name\":\"Mostra de Val\u00e8ncia obri la competici\u00f3 amb \u2018Broken Vein\u2019, una actualitzaci\u00f3 de la trag\u00e8dia grega cl\u00e0ssica - Mostra de Val\u00e8ncia\",\"isPartOf\":{\"@id\":\"https:\\\/\\\/lamostradevalencia.com\\\/ca\\\/#website\"},\"primaryImageOfPage\":{\"@id\":\"https:\\\/\\\/lamostradevalencia.com\\\/ca\\\/mostra-de-valencia-obri-la-competicio-amb-broken-vein-una-actualitzacio-de-la-tragedia-grega-classica\\\/#primaryimage\"},\"image\":{\"@id\":\"https:\\\/\\\/lamostradevalencia.com\\\/ca\\\/mostra-de-valencia-obri-la-competicio-amb-broken-vein-una-actualitzacio-de-la-tragedia-grega-classica\\\/#primaryimage\"},\"thumbnailUrl\":\"https:\\\/\\\/lamostradevalencia.com\\\/wp-content\\\/uploads\\\/2025\\\/10\\\/broken-vein-2-scaled.jpg\",\"datePublished\":\"2025-10-24T12:29:22+00:00\",\"author\":{\"@id\":\"https:\\\/\\\/lamostradevalencia.com\\\/ca\\\/#\\\/schema\\\/person\\\/1dc07e4df3d6310b81d2cdf6a034070c\"},\"breadcrumb\":{\"@id\":\"https:\\\/\\\/lamostradevalencia.com\\\/ca\\\/mostra-de-valencia-obri-la-competicio-amb-broken-vein-una-actualitzacio-de-la-tragedia-grega-classica\\\/#breadcrumb\"},\"inLanguage\":\"ca\",\"potentialAction\":[{\"@type\":\"ReadAction\",\"target\":[\"https:\\\/\\\/lamostradevalencia.com\\\/ca\\\/mostra-de-valencia-obri-la-competicio-amb-broken-vein-una-actualitzacio-de-la-tragedia-grega-classica\\\/\"]}]},{\"@type\":\"ImageObject\",\"inLanguage\":\"ca\",\"@id\":\"https:\\\/\\\/lamostradevalencia.com\\\/ca\\\/mostra-de-valencia-obri-la-competicio-amb-broken-vein-una-actualitzacio-de-la-tragedia-grega-classica\\\/#primaryimage\",\"url\":\"https:\\\/\\\/lamostradevalencia.com\\\/wp-content\\\/uploads\\\/2025\\\/10\\\/broken-vein-2-scaled.jpg\",\"contentUrl\":\"https:\\\/\\\/lamostradevalencia.com\\\/wp-content\\\/uploads\\\/2025\\\/10\\\/broken-vein-2-scaled.jpg\",\"width\":2560,\"height\":1708},{\"@type\":\"BreadcrumbList\",\"@id\":\"https:\\\/\\\/lamostradevalencia.com\\\/ca\\\/mostra-de-valencia-obri-la-competicio-amb-broken-vein-una-actualitzacio-de-la-tragedia-grega-classica\\\/#breadcrumb\",\"itemListElement\":[{\"@type\":\"ListItem\",\"position\":1,\"name\":\"Portada\",\"item\":\"https:\\\/\\\/lamostradevalencia.com\\\/ca\\\/\"},{\"@type\":\"ListItem\",\"position\":2,\"name\":\"Mostra de Val\u00e8ncia obri la competici\u00f3 amb \u2018Broken Vein\u2019, una actualitzaci\u00f3 de la trag\u00e8dia grega cl\u00e0ssica\"}]},{\"@type\":\"WebSite\",\"@id\":\"https:\\\/\\\/lamostradevalencia.com\\\/ca\\\/#website\",\"url\":\"https:\\\/\\\/lamostradevalencia.com\\\/ca\\\/\",\"name\":\"Mostra de Val\u00e8ncia\",\"description\":\"Cinema del Mediterrani\",\"potentialAction\":[{\"@type\":\"SearchAction\",\"target\":{\"@type\":\"EntryPoint\",\"urlTemplate\":\"https:\\\/\\\/lamostradevalencia.com\\\/ca\\\/?s={search_term_string}\"},\"query-input\":{\"@type\":\"PropertyValueSpecification\",\"valueRequired\":true,\"valueName\":\"search_term_string\"}}],\"inLanguage\":\"ca\"},{\"@type\":\"Person\",\"@id\":\"https:\\\/\\\/lamostradevalencia.com\\\/ca\\\/#\\\/schema\\\/person\\\/1dc07e4df3d6310b81d2cdf6a034070c\",\"name\":\"Mostra de Val\u00e8ncia\",\"image\":{\"@type\":\"ImageObject\",\"inLanguage\":\"ca\",\"@id\":\"https:\\\/\\\/secure.gravatar.com\\\/avatar\\\/ada4dfd699a9907706987adb1bb2b361c2613ccca474b49b8c648de5208e32f8?s=96&d=mm&r=g\",\"url\":\"https:\\\/\\\/secure.gravatar.com\\\/avatar\\\/ada4dfd699a9907706987adb1bb2b361c2613ccca474b49b8c648de5208e32f8?s=96&d=mm&r=g\",\"contentUrl\":\"https:\\\/\\\/secure.gravatar.com\\\/avatar\\\/ada4dfd699a9907706987adb1bb2b361c2613ccca474b49b8c648de5208e32f8?s=96&d=mm&r=g\",\"caption\":\"Mostra de Val\u00e8ncia\"}}]}<\/script>\n<!-- \/ Yoast SEO plugin. -->","yoast_head_json":{"title":"Mostra de Val\u00e8ncia obri la competici\u00f3 amb \u2018Broken Vein\u2019, una actualitzaci\u00f3 de la trag\u00e8dia grega cl\u00e0ssica - Mostra de Val\u00e8ncia","robots":{"index":"index","follow":"follow","max-snippet":"max-snippet:-1","max-image-preview":"max-image-preview:large","max-video-preview":"max-video-preview:-1"},"canonical":"https:\/\/lamostradevalencia.com\/ca\/mostra-de-valencia-obri-la-competicio-amb-broken-vein-una-actualitzacio-de-la-tragedia-grega-classica\/","og_locale":"ca_ES","og_type":"article","og_title":"Mostra de Val\u00e8ncia obri la competici\u00f3 amb \u2018Broken Vein\u2019, una actualitzaci\u00f3 de la trag\u00e8dia grega cl\u00e0ssica - Mostra de Val\u00e8ncia","og_description":"Yannis Economides, autor de \u2018Stratos\u2019, aborda els efectes que t\u00e9 el patriarcat en la fam\u00edlia mediterr\u00e0nia La Mostra de Val\u00e8ncia \u2013 Cinema del Mediterrani, organitzada [&hellip;]","og_url":"https:\/\/lamostradevalencia.com\/ca\/mostra-de-valencia-obri-la-competicio-amb-broken-vein-una-actualitzacio-de-la-tragedia-grega-classica\/","og_site_name":"Mostra de Val\u00e8ncia","article_published_time":"2025-10-24T12:29:22+00:00","og_image":[{"width":2560,"height":1708,"url":"https:\/\/lamostradevalencia.com\/wp-content\/uploads\/2025\/10\/broken-vein-2-scaled.jpg","type":"image\/jpeg"}],"author":"Mostra de Val\u00e8ncia","twitter_card":"summary_large_image","twitter_misc":{"Escrit per":"Mostra de Val\u00e8ncia","Temps estimat de lectura":"3 minuts"},"schema":{"@context":"https:\/\/schema.org","@graph":[{"@type":"Article","@id":"https:\/\/lamostradevalencia.com\/ca\/mostra-de-valencia-obri-la-competicio-amb-broken-vein-una-actualitzacio-de-la-tragedia-grega-classica\/#article","isPartOf":{"@id":"https:\/\/lamostradevalencia.com\/ca\/mostra-de-valencia-obri-la-competicio-amb-broken-vein-una-actualitzacio-de-la-tragedia-grega-classica\/"},"author":{"name":"Mostra de Val\u00e8ncia","@id":"https:\/\/lamostradevalencia.com\/ca\/#\/schema\/person\/1dc07e4df3d6310b81d2cdf6a034070c"},"headline":"Mostra de Val\u00e8ncia obri la competici\u00f3 amb \u2018Broken Vein\u2019, una actualitzaci\u00f3 de la trag\u00e8dia grega cl\u00e0ssica","datePublished":"2025-10-24T12:29:22+00:00","mainEntityOfPage":{"@id":"https:\/\/lamostradevalencia.com\/ca\/mostra-de-valencia-obri-la-competicio-amb-broken-vein-una-actualitzacio-de-la-tragedia-grega-classica\/"},"wordCount":477,"commentCount":0,"image":{"@id":"https:\/\/lamostradevalencia.com\/ca\/mostra-de-valencia-obri-la-competicio-amb-broken-vein-una-actualitzacio-de-la-tragedia-grega-classica\/#primaryimage"},"thumbnailUrl":"https:\/\/lamostradevalencia.com\/wp-content\/uploads\/2025\/10\/broken-vein-2-scaled.jpg","articleSection":["Noticies"],"inLanguage":"ca","potentialAction":[{"@type":"CommentAction","name":"Comment","target":["https:\/\/lamostradevalencia.com\/ca\/mostra-de-valencia-obri-la-competicio-amb-broken-vein-una-actualitzacio-de-la-tragedia-grega-classica\/#respond"]}]},{"@type":"WebPage","@id":"https:\/\/lamostradevalencia.com\/ca\/mostra-de-valencia-obri-la-competicio-amb-broken-vein-una-actualitzacio-de-la-tragedia-grega-classica\/","url":"https:\/\/lamostradevalencia.com\/ca\/mostra-de-valencia-obri-la-competicio-amb-broken-vein-una-actualitzacio-de-la-tragedia-grega-classica\/","name":"Mostra de Val\u00e8ncia obri la competici\u00f3 amb \u2018Broken Vein\u2019, una actualitzaci\u00f3 de la trag\u00e8dia grega cl\u00e0ssica - Mostra de Val\u00e8ncia","isPartOf":{"@id":"https:\/\/lamostradevalencia.com\/ca\/#website"},"primaryImageOfPage":{"@id":"https:\/\/lamostradevalencia.com\/ca\/mostra-de-valencia-obri-la-competicio-amb-broken-vein-una-actualitzacio-de-la-tragedia-grega-classica\/#primaryimage"},"image":{"@id":"https:\/\/lamostradevalencia.com\/ca\/mostra-de-valencia-obri-la-competicio-amb-broken-vein-una-actualitzacio-de-la-tragedia-grega-classica\/#primaryimage"},"thumbnailUrl":"https:\/\/lamostradevalencia.com\/wp-content\/uploads\/2025\/10\/broken-vein-2-scaled.jpg","datePublished":"2025-10-24T12:29:22+00:00","author":{"@id":"https:\/\/lamostradevalencia.com\/ca\/#\/schema\/person\/1dc07e4df3d6310b81d2cdf6a034070c"},"breadcrumb":{"@id":"https:\/\/lamostradevalencia.com\/ca\/mostra-de-valencia-obri-la-competicio-amb-broken-vein-una-actualitzacio-de-la-tragedia-grega-classica\/#breadcrumb"},"inLanguage":"ca","potentialAction":[{"@type":"ReadAction","target":["https:\/\/lamostradevalencia.com\/ca\/mostra-de-valencia-obri-la-competicio-amb-broken-vein-una-actualitzacio-de-la-tragedia-grega-classica\/"]}]},{"@type":"ImageObject","inLanguage":"ca","@id":"https:\/\/lamostradevalencia.com\/ca\/mostra-de-valencia-obri-la-competicio-amb-broken-vein-una-actualitzacio-de-la-tragedia-grega-classica\/#primaryimage","url":"https:\/\/lamostradevalencia.com\/wp-content\/uploads\/2025\/10\/broken-vein-2-scaled.jpg","contentUrl":"https:\/\/lamostradevalencia.com\/wp-content\/uploads\/2025\/10\/broken-vein-2-scaled.jpg","width":2560,"height":1708},{"@type":"BreadcrumbList","@id":"https:\/\/lamostradevalencia.com\/ca\/mostra-de-valencia-obri-la-competicio-amb-broken-vein-una-actualitzacio-de-la-tragedia-grega-classica\/#breadcrumb","itemListElement":[{"@type":"ListItem","position":1,"name":"Portada","item":"https:\/\/lamostradevalencia.com\/ca\/"},{"@type":"ListItem","position":2,"name":"Mostra de Val\u00e8ncia obri la competici\u00f3 amb \u2018Broken Vein\u2019, una actualitzaci\u00f3 de la trag\u00e8dia grega cl\u00e0ssica"}]},{"@type":"WebSite","@id":"https:\/\/lamostradevalencia.com\/ca\/#website","url":"https:\/\/lamostradevalencia.com\/ca\/","name":"Mostra de Val\u00e8ncia","description":"Cinema del Mediterrani","potentialAction":[{"@type":"SearchAction","target":{"@type":"EntryPoint","urlTemplate":"https:\/\/lamostradevalencia.com\/ca\/?s={search_term_string}"},"query-input":{"@type":"PropertyValueSpecification","valueRequired":true,"valueName":"search_term_string"}}],"inLanguage":"ca"},{"@type":"Person","@id":"https:\/\/lamostradevalencia.com\/ca\/#\/schema\/person\/1dc07e4df3d6310b81d2cdf6a034070c","name":"Mostra de Val\u00e8ncia","image":{"@type":"ImageObject","inLanguage":"ca","@id":"https:\/\/secure.gravatar.com\/avatar\/ada4dfd699a9907706987adb1bb2b361c2613ccca474b49b8c648de5208e32f8?s=96&d=mm&r=g","url":"https:\/\/secure.gravatar.com\/avatar\/ada4dfd699a9907706987adb1bb2b361c2613ccca474b49b8c648de5208e32f8?s=96&d=mm&r=g","contentUrl":"https:\/\/secure.gravatar.com\/avatar\/ada4dfd699a9907706987adb1bb2b361c2613ccca474b49b8c648de5208e32f8?s=96&d=mm&r=g","caption":"Mostra de Val\u00e8ncia"}}]}},"uagb_featured_image_src":{"full":["https:\/\/lamostradevalencia.com\/wp-content\/uploads\/2025\/10\/broken-vein-2-scaled.jpg",2560,1708,false],"thumbnail":["https:\/\/lamostradevalencia.com\/wp-content\/uploads\/2025\/10\/broken-vein-2-150x150.jpg",150,150,true],"medium":["https:\/\/lamostradevalencia.com\/wp-content\/uploads\/2025\/10\/broken-vein-2-300x200.jpg",300,200,true],"medium_large":["https:\/\/lamostradevalencia.com\/wp-content\/uploads\/2025\/10\/broken-vein-2-768x512.jpg",768,512,true],"large":["https:\/\/lamostradevalencia.com\/wp-content\/uploads\/2025\/10\/broken-vein-2-1024x683.jpg",1024,683,true],"1536x1536":["https:\/\/lamostradevalencia.com\/wp-content\/uploads\/2025\/10\/broken-vein-2-1536x1025.jpg",1536,1025,true],"2048x2048":["https:\/\/lamostradevalencia.com\/wp-content\/uploads\/2025\/10\/broken-vein-2-2048x1366.jpg",2048,1366,true],"cinerama_edge_image_square":["https:\/\/lamostradevalencia.com\/wp-content\/uploads\/2025\/10\/broken-vein-2-550x550.jpg",550,550,true],"cinerama_edge_image_landscape":["https:\/\/lamostradevalencia.com\/wp-content\/uploads\/2025\/10\/broken-vein-2-1100x550.jpg",1100,550,true],"cinerama_edge_image_portrait":["https:\/\/lamostradevalencia.com\/wp-content\/uploads\/2025\/10\/broken-vein-2-550x1100.jpg",550,1100,true],"cinerama_edge_image_huge":["https:\/\/lamostradevalencia.com\/wp-content\/uploads\/2025\/10\/broken-vein-2-1100x1100.jpg",1100,1100,true],"gform-image-choice-sm":["https:\/\/lamostradevalencia.com\/wp-content\/uploads\/2025\/10\/broken-vein-2-300x300.jpg",300,300,true],"gform-image-choice-md":["https:\/\/lamostradevalencia.com\/wp-content\/uploads\/2025\/10\/broken-vein-2-400x400.jpg",400,400,true],"gform-image-choice-lg":["https:\/\/lamostradevalencia.com\/wp-content\/uploads\/2025\/10\/broken-vein-2-600x600.jpg",600,600,true]},"uagb_author_info":{"display_name":"Mostra de Val\u00e8ncia","author_link":"https:\/\/lamostradevalencia.com\/ca\/author\/mostravalencia\/"},"uagb_comment_info":0,"uagb_excerpt":"Yannis Economides, autor de \u2018Stratos\u2019, aborda els efectes que t\u00e9 el patriarcat en la fam\u00edlia mediterr\u00e0nia La Mostra de Val\u00e8ncia \u2013 Cinema del Mediterrani, organitzada [&hellip;]","_links":{"self":[{"href":"https:\/\/lamostradevalencia.com\/ca\/wp-json\/wp\/v2\/posts\/30393","targetHints":{"allow":["GET"]}}],"collection":[{"href":"https:\/\/lamostradevalencia.com\/ca\/wp-json\/wp\/v2\/posts"}],"about":[{"href":"https:\/\/lamostradevalencia.com\/ca\/wp-json\/wp\/v2\/types\/post"}],"author":[{"embeddable":true,"href":"https:\/\/lamostradevalencia.com\/ca\/wp-json\/wp\/v2\/users\/1"}],"replies":[{"embeddable":true,"href":"https:\/\/lamostradevalencia.com\/ca\/wp-json\/wp\/v2\/comments?post=30393"}],"version-history":[{"count":2,"href":"https:\/\/lamostradevalencia.com\/ca\/wp-json\/wp\/v2\/posts\/30393\/revisions"}],"predecessor-version":[{"id":30396,"href":"https:\/\/lamostradevalencia.com\/ca\/wp-json\/wp\/v2\/posts\/30393\/revisions\/30396"}],"wp:featuredmedia":[{"embeddable":true,"href":"https:\/\/lamostradevalencia.com\/ca\/wp-json\/wp\/v2\/media\/30388"}],"wp:attachment":[{"href":"https:\/\/lamostradevalencia.com\/ca\/wp-json\/wp\/v2\/media?parent=30393"}],"wp:term":[{"taxonomy":"category","embeddable":true,"href":"https:\/\/lamostradevalencia.com\/ca\/wp-json\/wp\/v2\/categories?post=30393"},{"taxonomy":"post_tag","embeddable":true,"href":"https:\/\/lamostradevalencia.com\/ca\/wp-json\/wp\/v2\/tags?post=30393"}],"curies":[{"name":"wp","href":"https:\/\/api.w.org\/{rel}","templated":true}]}}