{"id":30369,"date":"2025-10-23T21:50:29","date_gmt":"2025-10-23T19:50:29","guid":{"rendered":"https:\/\/lamostradevalencia.com\/?p=30369"},"modified":"2025-10-23T21:50:29","modified_gmt":"2025-10-23T19:50:29","slug":"sol-carnicero-demana-als-politics-que-treballen-junts-perque-no-es-repetisca-una-dana-en-rebre-la-palmera-dhonor","status":"publish","type":"post","link":"https:\/\/lamostradevalencia.com\/ca\/sol-carnicero-demana-als-politics-que-treballen-junts-perque-no-es-repetisca-una-dana-en-rebre-la-palmera-dhonor\/","title":{"rendered":"Sol Carnicero demana als pol\u00edtics que treballen junts \u201cperqu\u00e8 no es repetisca una dana\u201d en rebre la Palmera d\u2019Honor"},"content":{"rendered":"<h5><i><span style=\"font-weight: 400;\">La gala d\u2019obertura m\u00e9s descarada dels \u00faltims anys del festival va estar presentada per <\/span><\/i><b><i>Saray Cerro<\/i><\/b><i><span style=\"font-weight: 400;\"> i <\/span><\/i><b><i>Llu\u00eds Mosquera<\/i><\/b><\/h5>\n<p><span style=\"font-weight: 400;\">La fam\u00edlia del cinema valenci\u00e0 es va donar cita aquesta nit per a l\u2019obertura de la <\/span><b>40a Mostra de Val\u00e8ncia<\/b><span style=\"font-weight: 400;\">, organitzada pel <\/span><b>Palau de la M\u00fasica<\/b><span style=\"font-weight: 400;\">, que va tindre lloc al <\/span><b>Teatre Principal<\/b><span style=\"font-weight: 400;\">. A la catifa roja, vam poder vore l\u2019equip de la pel\u00b7l\u00edcula d\u2019obertura encap\u00e7alada pel director <\/span><b>Manuel G\u00f3mez Pereira<\/b><span style=\"font-weight: 400;\">, els protagonistes <\/span><b>Asier Etxeandia<\/b><span style=\"font-weight: 400;\">, <\/span><b>Elvira M\u00ednguez<\/b><span style=\"font-weight: 400;\"> i <\/span><b>Eleazar Ortiz<\/b><span style=\"font-weight: 400;\">, els productors del film, <\/span><b>Lina Badenes<\/b><span style=\"font-weight: 400;\">, <\/span><b>Ana Camacho<\/b><span style=\"font-weight: 400;\"> i <\/span><b>Crist\u00f3bal Garc\u00eda<\/b><span style=\"font-weight: 400;\">, i bona part de l\u2019equip valenci\u00e0 encap\u00e7alat per l\u2019actriu <\/span><b>Gloria March<\/b><span style=\"font-weight: 400;\">, alhora presidenta del jurat de la Secci\u00f3 Oficial del festival. A m\u00e9s dels equips participants d\u2019altres edicions, tamb\u00e9 hi assistiren autoritats com <\/span><b>Jos\u00e9 Luis Moreno<\/b><span style=\"font-weight: 400;\">, regidor d\u2019Acci\u00f3 Cultural, Patrimoni i Recursos Culturals, el director del <\/span><b>Palau de la M\u00fasica<\/b> <b>Vicente Llimer\u00e1<\/b><span style=\"font-weight: 400;\"> i les subdirectores del centre, <\/span><b>Sara Mansanet<\/b><span style=\"font-weight: 400;\"> (Cinematografia i Audiovisuals) i <\/span><b>Nieves Pascual<\/b><span style=\"font-weight: 400;\"> (M\u00fasica), a m\u00e9s d\u2019alguns dels cineastes internacionals que competeixen en aquesta edici\u00f3. \u00c9s el cas del director franc\u00e9s <\/span><b>Laurent Slama<\/b><span style=\"font-weight: 400;\"> i l\u2019actor <\/span><b>Jonas Bachan<\/b><span style=\"font-weight: 400;\"> (\u2018A second life\u2019); el realitzador <\/span><b>Domingo de Luis<\/b><span style=\"font-weight: 400;\"> i la productora <\/span><b>Mar\u00eda del Pino Santana<\/b><span style=\"font-weight: 400;\"> (\u2018Pizza Fritta\u2019); i els productors grecs <\/span><b>Panos Papahadzis<\/b><span style=\"font-weight: 400;\"> i <\/span><b>Dafni Aikaterini Tsaousi<\/b><span style=\"font-weight: 400;\"> (\u2018Broken Vein\u2019).<\/span><\/p>\n<p><span style=\"font-weight: 400;\">Amb molta energia i un humor esmolat, el duet de presentadors format pels valencians <\/span><b>Saray Cerro<\/b><span style=\"font-weight: 400;\"> i <\/span><b>Llu\u00eds Mosquera<\/b><span style=\"font-weight: 400;\"> no va deixar titella amb cap. Des de l\u2019inici, van bromejar sobre la seua pr\u00f2pia pres\u00e8ncia al capdavant d\u2019un esdeveniment de tanta envergadura, dirigit per <\/span><b>Fernando de Luis-Orueta<\/b><span style=\"font-weight: 400;\">: \u201cLes nostres mares encara no s\u2019ho creuen. Aix\u00ed que, per favor, si podeu, feu algun <\/span><i><span style=\"font-weight: 400;\">story<\/span><\/i><span style=\"font-weight: 400;\"> o alguna cosa en algun moment\u201d, ironitz\u00e0 <\/span><b>Saray Cerro<\/b><span style=\"font-weight: 400;\"> entre rialles en un moment de la nit. Amb to irreverent va continuar amb picades d\u2019ull al propi festival \u2014\u201cLes pel\u00b7lis de la Mostra poden a voltes pecar d\u2019intenses. Aix\u00ed, m\u00e9s aviat seriosetes\u201d\u2014, i amb refer\u00e8ncies c\u00f2mplices a la seua terra: \u201cNo s\u00e9 si ho sabeu, per\u00f2 a Val\u00e8ncia tenim les nostres pr\u00f2pies <\/span><i><span style=\"font-weight: 400;\">Karens<\/span><\/i><span style=\"font-weight: 400;\">. Les senyores alcoianes amb cardat\u201d, va bromejar provocant riallades entre el p\u00fablic.<\/span><\/p>\n<p><span style=\"font-weight: 400;\">Tamb\u00e9 es va fer un recorregut pels visitants m\u00e9s il\u00b7lustres de la cinematografia mundial d\u2019aquestes 40 edicions, sense oblidar els nacionals: \u201cPer ac\u00ed han passat els noms m\u00e9s grans del cinema, des de la primera edici\u00f3, que va homenatjar el nostre <\/span><b>Luis Garc\u00eda Berlanga<\/b><span style=\"font-weight: 400;\">. O <\/span><b>Pedro Almod\u00f3var<\/b><span style=\"font-weight: 400;\">, que va presentar diverses de les seues pel\u00b7l\u00edcules. I es va endur ac\u00ed el primer premi de la seua carrera, la <\/span><b>Palmera de Plata<\/b><span style=\"font-weight: 400;\"> per \u2018Qu\u00e9 he hecho yo para merecer esto\u2019\u201d.<\/span><\/p>\n<p><span style=\"font-weight: 400;\">Entre bromes, tamb\u00e9 es van presentar les noves seccions del festival. \u00c9s el cas de <\/span><b>Xaloc<\/b><span style=\"font-weight: 400;\">, les pel\u00b7l\u00edcules de la qual \u201ccompetiran per una altra novetat: el nou <\/span><b>Premi del P\u00fablic Ciutat de Val\u00e8ncia<\/b><span style=\"font-weight: 400;\">\u201d, dotat amb 10.000 euros. Tamb\u00e9 es va mencionar <\/span><b>Finestra<\/b><span style=\"font-weight: 400;\">, la selecci\u00f3 transversal que agrupa tot el cinema <\/span><i><span style=\"font-weight: 400;\">\u2018made in Valencia\u2019<\/span><\/i><span style=\"font-weight: 400;\"> de les diferents seccions, a m\u00e9s de les pel\u00b7l\u00edcules m\u00e9s nominades als <\/span><b>Premis Lola Gaos<\/b><span style=\"font-weight: 400;\"> de l\u2019<\/span><b>Acad\u00e8mia de l\u2019Audiovisual Valenci\u00e0<\/b><span style=\"font-weight: 400;\">, que tamb\u00e9 tindran un guard\u00f3, concedit per <\/span><b>DAMA<\/b><span style=\"font-weight: 400;\">. Sense oblidar-nos de la secci\u00f3 <\/span><b>La Cabina<\/b><span style=\"font-weight: 400;\">, que dona cabuda a una selecci\u00f3 dels millors mediometratges mediterranis de l\u2019any.<\/span><\/p>\n<p><span style=\"font-weight: 400;\">El moment m\u00e9s emotiu de la nit va ser la recollida de la primera <\/span><b>Palmera d\u2019Honor<\/b><span style=\"font-weight: 400;\"> d\u2019aquesta edici\u00f3, atorgada a <\/span><b>Sol Carnicero<\/b><span style=\"font-weight: 400;\">, la productora de pel\u00b7l\u00edcules fonamentals com \u2018El crimen de Cuenca\u2019, de <\/span><b>Pilar Mir\u00f3<\/b><span style=\"font-weight: 400;\">; <\/span><i><span style=\"font-weight: 400;\">\u2018<\/span><\/i><span style=\"font-weight: 400;\">La escopeta nacional\u2019, de <\/span><b>Luis G. Berlanga<\/b><span style=\"font-weight: 400;\">; o \u2018Las bicicletas son para el verano\u2019, de <\/span><b>Jaime Ch\u00e1varri<\/b><span style=\"font-weight: 400;\">.<\/span><\/p>\n<p><b>Sara Mansanet<\/b><span style=\"font-weight: 400;\">, directora del festival, va destacar de la premiada que \u201cno sols \u00e9s la primera directora de producci\u00f3 d\u2019Espanya i una de les fundadores de l\u2019Acad\u00e8mia de Cinema, \u00e9s una testimoni privilegiada de la hist\u00f2ria del Cinema espanyol durant els \u00faltims 50 anys. \u00c9s una instituci\u00f3\u201d.<\/span><\/p>\n<p><span style=\"font-weight: 400;\">La guardonada, emocionada, va assenyalar que \u201caquest \u00e9s un homenatge que premia les dones que no van tindre difusi\u00f3 en el seu moment. El meu millor premi va ser fer les pel\u00b7l\u00edcules en qu\u00e8 vaig poder intervindre en un moment en qu\u00e8 no era f\u00e0cil que una dona fera eixe treball\u201d. Per\u00f2 tamb\u00e9, va continuar, \u201ca les dones que ens van precedir, com <\/span><b>Ana Mariscal<\/b><span style=\"font-weight: 400;\"> o <\/span><b>Margarita Alexandre<\/b><span style=\"font-weight: 400;\">. No ho dev\u00edem fer tan malament perqu\u00e8 ara som m\u00e9s del 50% de la professi\u00f3\u201d.<\/span><\/p>\n<p><span style=\"font-weight: 400;\">I va concloure amb un \u201cara que s\u2019acosta l\u2019aniversari d\u2019una data que mai hauria d\u2019haver existit, vull fer una crida a tots els que ens representen a les institucions perqu\u00e8 treballen units amb l\u2019objectiu que aix\u00f2 no es torne a repetir\u201d.<\/span><\/p>\n<p><span style=\"font-weight: 400;\">Al final de la cerim\u00f2nia, com a pel\u00b7l\u00edcula d\u2019obertura d\u2019aquesta edici\u00f3, es va projectar la coproducci\u00f3 valenciana \u2018La cena\u2019, de <\/span><b>Manuel G\u00f3mez Pereira<\/b><span style=\"font-weight: 400;\">, ambientada al Madrid de la postguerra. El dictador <\/span><b>Franco<\/b><span style=\"font-weight: 400;\"> encarrega un banquet de celebraci\u00f3 a l\u2019<\/span><b>Hotel Palace<\/b><span style=\"font-weight: 400;\">, i un jove tinent (<\/span><b>Mario Casas<\/b><span style=\"font-weight: 400;\">), un <\/span><i><span style=\"font-weight: 400;\">ma\u00eetre<\/span><\/i><span style=\"font-weight: 400;\"> conservador i conformista (<\/span><b>Alberto San Juan<\/b><span style=\"font-weight: 400;\">) i un grup de presos republicans experts en cuina han d\u2019organitzar-lo en temps r\u00e8cord. Entre els reclusos es troba una anarquista militant (<\/span><b>Elvira M\u00ednguez<\/b><span style=\"font-weight: 400;\">), mentre un feixista (<\/span><b>Asier Etxeandia<\/b><span style=\"font-weight: 400;\">) supervisa l\u2019operaci\u00f3. Una s\u00e0tira corrosiva sobre el poder, l\u2019obedi\u00e8ncia i la dignitat, on a la cuina es cou alguna cosa m\u00e9s que un men\u00fa: la possibilitat de la fuga.<\/span><\/p>\n","protected":false},"excerpt":{"rendered":"<p>La gala d\u2019obertura m\u00e9s descarada dels \u00faltims anys del festival va estar presentada per Saray Cerro i Llu\u00eds Mosquera La fam\u00edlia del cinema valenci\u00e0 es [&hellip;]<\/p>\n","protected":false},"author":1,"featured_media":30376,"comment_status":"open","ping_status":"open","sticky":false,"template":"","format":"standard","meta":{"_uag_custom_page_level_css":"","_jet_sm_ready_style":"","_jet_sm_style":"","_jet_sm_controls_values":"","_jet_sm_fonts_collection":"","_jet_sm_fonts_links":"","footnotes":""},"categories":[455],"tags":[],"class_list":["post-30369","post","type-post","status-publish","format-standard","has-post-thumbnail","hentry","category-noticies"],"yoast_head":"<!-- This site is optimized with the Yoast SEO plugin v27.5 - https:\/\/yoast.com\/product\/yoast-seo-wordpress\/ -->\n<title>Sol Carnicero demana als pol\u00edtics que treballen junts \u201cperqu\u00e8 no es repetisca una dana\u201d en rebre la Palmera d\u2019Honor - Mostra de Val\u00e8ncia<\/title>\n<meta name=\"robots\" content=\"index, follow, max-snippet:-1, max-image-preview:large, max-video-preview:-1\" \/>\n<link rel=\"canonical\" href=\"https:\/\/lamostradevalencia.com\/ca\/sol-carnicero-demana-als-politics-que-treballen-junts-perque-no-es-repetisca-una-dana-en-rebre-la-palmera-dhonor\/\" \/>\n<meta property=\"og:locale\" content=\"ca_ES\" \/>\n<meta property=\"og:type\" content=\"article\" \/>\n<meta property=\"og:title\" content=\"Sol Carnicero demana als pol\u00edtics que treballen junts \u201cperqu\u00e8 no es repetisca una dana\u201d en rebre la Palmera d\u2019Honor - Mostra de Val\u00e8ncia\" \/>\n<meta property=\"og:description\" content=\"La gala d\u2019obertura m\u00e9s descarada dels \u00faltims anys del festival va estar presentada per Saray Cerro i Llu\u00eds Mosquera La fam\u00edlia del cinema valenci\u00e0 es [&hellip;]\" \/>\n<meta property=\"og:url\" content=\"https:\/\/lamostradevalencia.com\/ca\/sol-carnicero-demana-als-politics-que-treballen-junts-perque-no-es-repetisca-una-dana-en-rebre-la-palmera-dhonor\/\" \/>\n<meta property=\"og:site_name\" content=\"Mostra de Val\u00e8ncia\" \/>\n<meta property=\"article:published_time\" content=\"2025-10-23T19:50:29+00:00\" \/>\n<meta property=\"og:image\" content=\"https:\/\/lamostradevalencia.com\/wp-content\/uploads\/2025\/10\/palmera-de-honor.jpeg\" \/>\n\t<meta property=\"og:image:width\" content=\"1600\" \/>\n\t<meta property=\"og:image:height\" content=\"1066\" \/>\n\t<meta property=\"og:image:type\" content=\"image\/jpeg\" \/>\n<meta name=\"author\" content=\"Mostra de Val\u00e8ncia\" \/>\n<meta name=\"twitter:card\" content=\"summary_large_image\" \/>\n<meta name=\"twitter:label1\" content=\"Escrit per\" \/>\n\t<meta name=\"twitter:data1\" content=\"Mostra de Val\u00e8ncia\" \/>\n\t<meta name=\"twitter:label2\" content=\"Temps estimat de lectura\" \/>\n\t<meta name=\"twitter:data2\" content=\"5 minuts\" \/>\n<script type=\"application\/ld+json\" class=\"yoast-schema-graph\">{\"@context\":\"https:\\\/\\\/schema.org\",\"@graph\":[{\"@type\":\"Article\",\"@id\":\"https:\\\/\\\/lamostradevalencia.com\\\/ca\\\/sol-carnicero-demana-als-politics-que-treballen-junts-perque-no-es-repetisca-una-dana-en-rebre-la-palmera-dhonor\\\/#article\",\"isPartOf\":{\"@id\":\"https:\\\/\\\/lamostradevalencia.com\\\/ca\\\/sol-carnicero-demana-als-politics-que-treballen-junts-perque-no-es-repetisca-una-dana-en-rebre-la-palmera-dhonor\\\/\"},\"author\":{\"name\":\"Mostra de Val\u00e8ncia\",\"@id\":\"https:\\\/\\\/lamostradevalencia.com\\\/ca\\\/#\\\/schema\\\/person\\\/1dc07e4df3d6310b81d2cdf6a034070c\"},\"headline\":\"Sol Carnicero demana als pol\u00edtics que treballen junts \u201cperqu\u00e8 no es repetisca una dana\u201d en rebre la Palmera d\u2019Honor\",\"datePublished\":\"2025-10-23T19:50:29+00:00\",\"mainEntityOfPage\":{\"@id\":\"https:\\\/\\\/lamostradevalencia.com\\\/ca\\\/sol-carnicero-demana-als-politics-que-treballen-junts-perque-no-es-repetisca-una-dana-en-rebre-la-palmera-dhonor\\\/\"},\"wordCount\":978,\"commentCount\":0,\"image\":{\"@id\":\"https:\\\/\\\/lamostradevalencia.com\\\/ca\\\/sol-carnicero-demana-als-politics-que-treballen-junts-perque-no-es-repetisca-una-dana-en-rebre-la-palmera-dhonor\\\/#primaryimage\"},\"thumbnailUrl\":\"https:\\\/\\\/lamostradevalencia.com\\\/wp-content\\\/uploads\\\/2025\\\/10\\\/palmera-de-honor.jpeg\",\"articleSection\":[\"Noticies\"],\"inLanguage\":\"ca\",\"potentialAction\":[{\"@type\":\"CommentAction\",\"name\":\"Comment\",\"target\":[\"https:\\\/\\\/lamostradevalencia.com\\\/ca\\\/sol-carnicero-demana-als-politics-que-treballen-junts-perque-no-es-repetisca-una-dana-en-rebre-la-palmera-dhonor\\\/#respond\"]}]},{\"@type\":\"WebPage\",\"@id\":\"https:\\\/\\\/lamostradevalencia.com\\\/ca\\\/sol-carnicero-demana-als-politics-que-treballen-junts-perque-no-es-repetisca-una-dana-en-rebre-la-palmera-dhonor\\\/\",\"url\":\"https:\\\/\\\/lamostradevalencia.com\\\/ca\\\/sol-carnicero-demana-als-politics-que-treballen-junts-perque-no-es-repetisca-una-dana-en-rebre-la-palmera-dhonor\\\/\",\"name\":\"Sol Carnicero demana als pol\u00edtics que treballen junts \u201cperqu\u00e8 no es repetisca una dana\u201d en rebre la Palmera d\u2019Honor - Mostra de Val\u00e8ncia\",\"isPartOf\":{\"@id\":\"https:\\\/\\\/lamostradevalencia.com\\\/ca\\\/#website\"},\"primaryImageOfPage\":{\"@id\":\"https:\\\/\\\/lamostradevalencia.com\\\/ca\\\/sol-carnicero-demana-als-politics-que-treballen-junts-perque-no-es-repetisca-una-dana-en-rebre-la-palmera-dhonor\\\/#primaryimage\"},\"image\":{\"@id\":\"https:\\\/\\\/lamostradevalencia.com\\\/ca\\\/sol-carnicero-demana-als-politics-que-treballen-junts-perque-no-es-repetisca-una-dana-en-rebre-la-palmera-dhonor\\\/#primaryimage\"},\"thumbnailUrl\":\"https:\\\/\\\/lamostradevalencia.com\\\/wp-content\\\/uploads\\\/2025\\\/10\\\/palmera-de-honor.jpeg\",\"datePublished\":\"2025-10-23T19:50:29+00:00\",\"author\":{\"@id\":\"https:\\\/\\\/lamostradevalencia.com\\\/ca\\\/#\\\/schema\\\/person\\\/1dc07e4df3d6310b81d2cdf6a034070c\"},\"breadcrumb\":{\"@id\":\"https:\\\/\\\/lamostradevalencia.com\\\/ca\\\/sol-carnicero-demana-als-politics-que-treballen-junts-perque-no-es-repetisca-una-dana-en-rebre-la-palmera-dhonor\\\/#breadcrumb\"},\"inLanguage\":\"ca\",\"potentialAction\":[{\"@type\":\"ReadAction\",\"target\":[\"https:\\\/\\\/lamostradevalencia.com\\\/ca\\\/sol-carnicero-demana-als-politics-que-treballen-junts-perque-no-es-repetisca-una-dana-en-rebre-la-palmera-dhonor\\\/\"]}]},{\"@type\":\"ImageObject\",\"inLanguage\":\"ca\",\"@id\":\"https:\\\/\\\/lamostradevalencia.com\\\/ca\\\/sol-carnicero-demana-als-politics-que-treballen-junts-perque-no-es-repetisca-una-dana-en-rebre-la-palmera-dhonor\\\/#primaryimage\",\"url\":\"https:\\\/\\\/lamostradevalencia.com\\\/wp-content\\\/uploads\\\/2025\\\/10\\\/palmera-de-honor.jpeg\",\"contentUrl\":\"https:\\\/\\\/lamostradevalencia.com\\\/wp-content\\\/uploads\\\/2025\\\/10\\\/palmera-de-honor.jpeg\",\"width\":1600,\"height\":1066},{\"@type\":\"BreadcrumbList\",\"@id\":\"https:\\\/\\\/lamostradevalencia.com\\\/ca\\\/sol-carnicero-demana-als-politics-que-treballen-junts-perque-no-es-repetisca-una-dana-en-rebre-la-palmera-dhonor\\\/#breadcrumb\",\"itemListElement\":[{\"@type\":\"ListItem\",\"position\":1,\"name\":\"Portada\",\"item\":\"https:\\\/\\\/lamostradevalencia.com\\\/ca\\\/\"},{\"@type\":\"ListItem\",\"position\":2,\"name\":\"Sol Carnicero demana als pol\u00edtics que treballen junts \u201cperqu\u00e8 no es repetisca una dana\u201d en rebre la Palmera d\u2019Honor\"}]},{\"@type\":\"WebSite\",\"@id\":\"https:\\\/\\\/lamostradevalencia.com\\\/ca\\\/#website\",\"url\":\"https:\\\/\\\/lamostradevalencia.com\\\/ca\\\/\",\"name\":\"Mostra de Val\u00e8ncia\",\"description\":\"Cinema del Mediterrani\",\"potentialAction\":[{\"@type\":\"SearchAction\",\"target\":{\"@type\":\"EntryPoint\",\"urlTemplate\":\"https:\\\/\\\/lamostradevalencia.com\\\/ca\\\/?s={search_term_string}\"},\"query-input\":{\"@type\":\"PropertyValueSpecification\",\"valueRequired\":true,\"valueName\":\"search_term_string\"}}],\"inLanguage\":\"ca\"},{\"@type\":\"Person\",\"@id\":\"https:\\\/\\\/lamostradevalencia.com\\\/ca\\\/#\\\/schema\\\/person\\\/1dc07e4df3d6310b81d2cdf6a034070c\",\"name\":\"Mostra de Val\u00e8ncia\",\"image\":{\"@type\":\"ImageObject\",\"inLanguage\":\"ca\",\"@id\":\"https:\\\/\\\/secure.gravatar.com\\\/avatar\\\/ada4dfd699a9907706987adb1bb2b361c2613ccca474b49b8c648de5208e32f8?s=96&d=mm&r=g\",\"url\":\"https:\\\/\\\/secure.gravatar.com\\\/avatar\\\/ada4dfd699a9907706987adb1bb2b361c2613ccca474b49b8c648de5208e32f8?s=96&d=mm&r=g\",\"contentUrl\":\"https:\\\/\\\/secure.gravatar.com\\\/avatar\\\/ada4dfd699a9907706987adb1bb2b361c2613ccca474b49b8c648de5208e32f8?s=96&d=mm&r=g\",\"caption\":\"Mostra de Val\u00e8ncia\"}}]}<\/script>\n<!-- \/ Yoast SEO plugin. -->","yoast_head_json":{"title":"Sol Carnicero demana als pol\u00edtics que treballen junts \u201cperqu\u00e8 no es repetisca una dana\u201d en rebre la Palmera d\u2019Honor - Mostra de Val\u00e8ncia","robots":{"index":"index","follow":"follow","max-snippet":"max-snippet:-1","max-image-preview":"max-image-preview:large","max-video-preview":"max-video-preview:-1"},"canonical":"https:\/\/lamostradevalencia.com\/ca\/sol-carnicero-demana-als-politics-que-treballen-junts-perque-no-es-repetisca-una-dana-en-rebre-la-palmera-dhonor\/","og_locale":"ca_ES","og_type":"article","og_title":"Sol Carnicero demana als pol\u00edtics que treballen junts \u201cperqu\u00e8 no es repetisca una dana\u201d en rebre la Palmera d\u2019Honor - Mostra de Val\u00e8ncia","og_description":"La gala d\u2019obertura m\u00e9s descarada dels \u00faltims anys del festival va estar presentada per Saray Cerro i Llu\u00eds Mosquera La fam\u00edlia del cinema valenci\u00e0 es [&hellip;]","og_url":"https:\/\/lamostradevalencia.com\/ca\/sol-carnicero-demana-als-politics-que-treballen-junts-perque-no-es-repetisca-una-dana-en-rebre-la-palmera-dhonor\/","og_site_name":"Mostra de Val\u00e8ncia","article_published_time":"2025-10-23T19:50:29+00:00","og_image":[{"width":1600,"height":1066,"url":"https:\/\/lamostradevalencia.com\/wp-content\/uploads\/2025\/10\/palmera-de-honor.jpeg","type":"image\/jpeg"}],"author":"Mostra de Val\u00e8ncia","twitter_card":"summary_large_image","twitter_misc":{"Escrit per":"Mostra de Val\u00e8ncia","Temps estimat de lectura":"5 minuts"},"schema":{"@context":"https:\/\/schema.org","@graph":[{"@type":"Article","@id":"https:\/\/lamostradevalencia.com\/ca\/sol-carnicero-demana-als-politics-que-treballen-junts-perque-no-es-repetisca-una-dana-en-rebre-la-palmera-dhonor\/#article","isPartOf":{"@id":"https:\/\/lamostradevalencia.com\/ca\/sol-carnicero-demana-als-politics-que-treballen-junts-perque-no-es-repetisca-una-dana-en-rebre-la-palmera-dhonor\/"},"author":{"name":"Mostra de Val\u00e8ncia","@id":"https:\/\/lamostradevalencia.com\/ca\/#\/schema\/person\/1dc07e4df3d6310b81d2cdf6a034070c"},"headline":"Sol Carnicero demana als pol\u00edtics que treballen junts \u201cperqu\u00e8 no es repetisca una dana\u201d en rebre la Palmera d\u2019Honor","datePublished":"2025-10-23T19:50:29+00:00","mainEntityOfPage":{"@id":"https:\/\/lamostradevalencia.com\/ca\/sol-carnicero-demana-als-politics-que-treballen-junts-perque-no-es-repetisca-una-dana-en-rebre-la-palmera-dhonor\/"},"wordCount":978,"commentCount":0,"image":{"@id":"https:\/\/lamostradevalencia.com\/ca\/sol-carnicero-demana-als-politics-que-treballen-junts-perque-no-es-repetisca-una-dana-en-rebre-la-palmera-dhonor\/#primaryimage"},"thumbnailUrl":"https:\/\/lamostradevalencia.com\/wp-content\/uploads\/2025\/10\/palmera-de-honor.jpeg","articleSection":["Noticies"],"inLanguage":"ca","potentialAction":[{"@type":"CommentAction","name":"Comment","target":["https:\/\/lamostradevalencia.com\/ca\/sol-carnicero-demana-als-politics-que-treballen-junts-perque-no-es-repetisca-una-dana-en-rebre-la-palmera-dhonor\/#respond"]}]},{"@type":"WebPage","@id":"https:\/\/lamostradevalencia.com\/ca\/sol-carnicero-demana-als-politics-que-treballen-junts-perque-no-es-repetisca-una-dana-en-rebre-la-palmera-dhonor\/","url":"https:\/\/lamostradevalencia.com\/ca\/sol-carnicero-demana-als-politics-que-treballen-junts-perque-no-es-repetisca-una-dana-en-rebre-la-palmera-dhonor\/","name":"Sol Carnicero demana als pol\u00edtics que treballen junts \u201cperqu\u00e8 no es repetisca una dana\u201d en rebre la Palmera d\u2019Honor - Mostra de Val\u00e8ncia","isPartOf":{"@id":"https:\/\/lamostradevalencia.com\/ca\/#website"},"primaryImageOfPage":{"@id":"https:\/\/lamostradevalencia.com\/ca\/sol-carnicero-demana-als-politics-que-treballen-junts-perque-no-es-repetisca-una-dana-en-rebre-la-palmera-dhonor\/#primaryimage"},"image":{"@id":"https:\/\/lamostradevalencia.com\/ca\/sol-carnicero-demana-als-politics-que-treballen-junts-perque-no-es-repetisca-una-dana-en-rebre-la-palmera-dhonor\/#primaryimage"},"thumbnailUrl":"https:\/\/lamostradevalencia.com\/wp-content\/uploads\/2025\/10\/palmera-de-honor.jpeg","datePublished":"2025-10-23T19:50:29+00:00","author":{"@id":"https:\/\/lamostradevalencia.com\/ca\/#\/schema\/person\/1dc07e4df3d6310b81d2cdf6a034070c"},"breadcrumb":{"@id":"https:\/\/lamostradevalencia.com\/ca\/sol-carnicero-demana-als-politics-que-treballen-junts-perque-no-es-repetisca-una-dana-en-rebre-la-palmera-dhonor\/#breadcrumb"},"inLanguage":"ca","potentialAction":[{"@type":"ReadAction","target":["https:\/\/lamostradevalencia.com\/ca\/sol-carnicero-demana-als-politics-que-treballen-junts-perque-no-es-repetisca-una-dana-en-rebre-la-palmera-dhonor\/"]}]},{"@type":"ImageObject","inLanguage":"ca","@id":"https:\/\/lamostradevalencia.com\/ca\/sol-carnicero-demana-als-politics-que-treballen-junts-perque-no-es-repetisca-una-dana-en-rebre-la-palmera-dhonor\/#primaryimage","url":"https:\/\/lamostradevalencia.com\/wp-content\/uploads\/2025\/10\/palmera-de-honor.jpeg","contentUrl":"https:\/\/lamostradevalencia.com\/wp-content\/uploads\/2025\/10\/palmera-de-honor.jpeg","width":1600,"height":1066},{"@type":"BreadcrumbList","@id":"https:\/\/lamostradevalencia.com\/ca\/sol-carnicero-demana-als-politics-que-treballen-junts-perque-no-es-repetisca-una-dana-en-rebre-la-palmera-dhonor\/#breadcrumb","itemListElement":[{"@type":"ListItem","position":1,"name":"Portada","item":"https:\/\/lamostradevalencia.com\/ca\/"},{"@type":"ListItem","position":2,"name":"Sol Carnicero demana als pol\u00edtics que treballen junts \u201cperqu\u00e8 no es repetisca una dana\u201d en rebre la Palmera d\u2019Honor"}]},{"@type":"WebSite","@id":"https:\/\/lamostradevalencia.com\/ca\/#website","url":"https:\/\/lamostradevalencia.com\/ca\/","name":"Mostra de Val\u00e8ncia","description":"Cinema del Mediterrani","potentialAction":[{"@type":"SearchAction","target":{"@type":"EntryPoint","urlTemplate":"https:\/\/lamostradevalencia.com\/ca\/?s={search_term_string}"},"query-input":{"@type":"PropertyValueSpecification","valueRequired":true,"valueName":"search_term_string"}}],"inLanguage":"ca"},{"@type":"Person","@id":"https:\/\/lamostradevalencia.com\/ca\/#\/schema\/person\/1dc07e4df3d6310b81d2cdf6a034070c","name":"Mostra de Val\u00e8ncia","image":{"@type":"ImageObject","inLanguage":"ca","@id":"https:\/\/secure.gravatar.com\/avatar\/ada4dfd699a9907706987adb1bb2b361c2613ccca474b49b8c648de5208e32f8?s=96&d=mm&r=g","url":"https:\/\/secure.gravatar.com\/avatar\/ada4dfd699a9907706987adb1bb2b361c2613ccca474b49b8c648de5208e32f8?s=96&d=mm&r=g","contentUrl":"https:\/\/secure.gravatar.com\/avatar\/ada4dfd699a9907706987adb1bb2b361c2613ccca474b49b8c648de5208e32f8?s=96&d=mm&r=g","caption":"Mostra de Val\u00e8ncia"}}]}},"uagb_featured_image_src":{"full":["https:\/\/lamostradevalencia.com\/wp-content\/uploads\/2025\/10\/palmera-de-honor.jpeg",1600,1066,false],"thumbnail":["https:\/\/lamostradevalencia.com\/wp-content\/uploads\/2025\/10\/palmera-de-honor-150x150.jpeg",150,150,true],"medium":["https:\/\/lamostradevalencia.com\/wp-content\/uploads\/2025\/10\/palmera-de-honor-300x200.jpeg",300,200,true],"medium_large":["https:\/\/lamostradevalencia.com\/wp-content\/uploads\/2025\/10\/palmera-de-honor-768x512.jpeg",768,512,true],"large":["https:\/\/lamostradevalencia.com\/wp-content\/uploads\/2025\/10\/palmera-de-honor-1024x682.jpeg",1024,682,true],"1536x1536":["https:\/\/lamostradevalencia.com\/wp-content\/uploads\/2025\/10\/palmera-de-honor-1536x1023.jpeg",1536,1023,true],"2048x2048":["https:\/\/lamostradevalencia.com\/wp-content\/uploads\/2025\/10\/palmera-de-honor.jpeg",1600,1066,false],"cinerama_edge_image_square":["https:\/\/lamostradevalencia.com\/wp-content\/uploads\/2025\/10\/palmera-de-honor-550x550.jpeg",550,550,true],"cinerama_edge_image_landscape":["https:\/\/lamostradevalencia.com\/wp-content\/uploads\/2025\/10\/palmera-de-honor-1100x550.jpeg",1100,550,true],"cinerama_edge_image_portrait":["https:\/\/lamostradevalencia.com\/wp-content\/uploads\/2025\/10\/palmera-de-honor-550x1066.jpeg",550,1066,true],"cinerama_edge_image_huge":["https:\/\/lamostradevalencia.com\/wp-content\/uploads\/2025\/10\/palmera-de-honor-1100x1066.jpeg",1100,1066,true],"gform-image-choice-sm":["https:\/\/lamostradevalencia.com\/wp-content\/uploads\/2025\/10\/palmera-de-honor.jpeg",300,200,false],"gform-image-choice-md":["https:\/\/lamostradevalencia.com\/wp-content\/uploads\/2025\/10\/palmera-de-honor.jpeg",400,267,false],"gform-image-choice-lg":["https:\/\/lamostradevalencia.com\/wp-content\/uploads\/2025\/10\/palmera-de-honor.jpeg",600,400,false]},"uagb_author_info":{"display_name":"Mostra de Val\u00e8ncia","author_link":"https:\/\/lamostradevalencia.com\/ca\/author\/mostravalencia\/"},"uagb_comment_info":0,"uagb_excerpt":"La gala d\u2019obertura m\u00e9s descarada dels \u00faltims anys del festival va estar presentada per Saray Cerro i Llu\u00eds Mosquera La fam\u00edlia del cinema valenci\u00e0 es [&hellip;]","_links":{"self":[{"href":"https:\/\/lamostradevalencia.com\/ca\/wp-json\/wp\/v2\/posts\/30369","targetHints":{"allow":["GET"]}}],"collection":[{"href":"https:\/\/lamostradevalencia.com\/ca\/wp-json\/wp\/v2\/posts"}],"about":[{"href":"https:\/\/lamostradevalencia.com\/ca\/wp-json\/wp\/v2\/types\/post"}],"author":[{"embeddable":true,"href":"https:\/\/lamostradevalencia.com\/ca\/wp-json\/wp\/v2\/users\/1"}],"replies":[{"embeddable":true,"href":"https:\/\/lamostradevalencia.com\/ca\/wp-json\/wp\/v2\/comments?post=30369"}],"version-history":[{"count":2,"href":"https:\/\/lamostradevalencia.com\/ca\/wp-json\/wp\/v2\/posts\/30369\/revisions"}],"predecessor-version":[{"id":30381,"href":"https:\/\/lamostradevalencia.com\/ca\/wp-json\/wp\/v2\/posts\/30369\/revisions\/30381"}],"wp:featuredmedia":[{"embeddable":true,"href":"https:\/\/lamostradevalencia.com\/ca\/wp-json\/wp\/v2\/media\/30376"}],"wp:attachment":[{"href":"https:\/\/lamostradevalencia.com\/ca\/wp-json\/wp\/v2\/media?parent=30369"}],"wp:term":[{"taxonomy":"category","embeddable":true,"href":"https:\/\/lamostradevalencia.com\/ca\/wp-json\/wp\/v2\/categories?post=30369"},{"taxonomy":"post_tag","embeddable":true,"href":"https:\/\/lamostradevalencia.com\/ca\/wp-json\/wp\/v2\/tags?post=30369"}],"curies":[{"name":"wp","href":"https:\/\/api.w.org\/{rel}","templated":true}]}}